{"id":26769,"date":"2025-03-22T14:14:26","date_gmt":"2025-03-22T14:14:26","guid":{"rendered":"https:\/\/7culture.ci\/?p=26769"},"modified":"2025-03-22T15:20:45","modified_gmt":"2025-03-22T15:20:45","slug":"salon-du-livre-africain-de-paris-2025-patheo-consacre","status":"publish","type":"post","link":"https:\/\/7culture.ci\/index.php\/2025\/03\/22\/salon-du-livre-africain-de-paris-2025-patheo-consacre\/","title":{"rendered":"Salon du livre africain de Paris 2025\u00a0: \u00a0Path\u00e9\u2019O consacr\u00e9\u00a0!"},"content":{"rendered":"\n<p>C\u2019est une bonne nouvelle pour la maison Path\u00e9&#8217;O. Le livre \u00e9ponyme sur le talentueux cr\u00e9ateur de mode a d\u00e9croch\u00e9 le Prix du Beau Livre de La Maison de L&#8217;Afrique au salon du livre africain de Paris 2025 ! C\u2019\u00e9tait le dimanche 16 mars dernier au cours d\u2019une c\u00e9r\u00e9monie solennelle que le jury, en collaboration avec le Salon africain du livre de Paris, a d\u00e9cern\u00e9 cette r\u00e9compense tant convoit\u00e9e \u00e0 l&#8217;ouvrage Path\u00e9&#8217;o.<\/p>\n\n\n\n<figure class=\"wp-block-image aligncenter size-large is-resized\"><img loading=\"lazy\" decoding=\"async\" width=\"768\" height=\"1024\" src=\"https:\/\/7culture.ci\/wp-content\/uploads\/2025\/03\/WhatsApp-Image-2025-03-20-at-11.11.17-768x1024.jpeg\" alt=\"\" class=\"wp-image-26772\" style=\"width:439px;height:auto\" srcset=\"https:\/\/7culture.ci\/wp-content\/uploads\/2025\/03\/WhatsApp-Image-2025-03-20-at-11.11.17-768x1024.jpeg 768w, https:\/\/7culture.ci\/wp-content\/uploads\/2025\/03\/WhatsApp-Image-2025-03-20-at-11.11.17-225x300.jpeg 225w, https:\/\/7culture.ci\/wp-content\/uploads\/2025\/03\/WhatsApp-Image-2025-03-20-at-11.11.17.jpeg 1080w\" sizes=\"(max-width: 768px) 100vw, 768px\" \/><\/figure>\n\n\n\n<p>La 2<sup>e<\/sup> \u00e9dition de cette distinction a donc souri au livre des \u00c9ditions Patrick Frey. C\u2019est un hommage vibrant \u00e0 l\u2019ic\u00f4ne de la mode africaine, Path\u00e9\u2019O, grand couturier bas\u00e9 \u00e0 Abidjan, originaire du Burkina Faso. L\u2019ouvrage exceptionnel sur le travail de Path\u00e9\u2019O a \u00e9t\u00e9 co-\u00e9crit par Catherine Morand, Flurina Rothenberger, Hammer, Saidi Mamadou Ou\u00e9draogo, Chayet Chienin et Denise \u00c9pot\u00e9.<\/p>\n\n\n\n<p>Apr\u00e8s son sacre en 1987 aux Ciseaux d\u2019Or organis\u00e9s par la marque de pagne Uniwax, Path\u00e9\u2019O va r\u00e9volutionner l\u2019univers de la mode en int\u00e9grant les savoir-faire textiles africains dans l\u2019\u00e9quivalent de ce que repr\u00e9sente la Haute Couture. \u00ab <em>Cet ouvrage important retrace son parcours \u00e0 travers des entretiens riches et inspirants<\/em> \u00bb, a relev\u00e9 Pascale le Thorel, pr\u00e9sidente du jury.<\/p>\n\n\n\n<figure class=\"wp-block-gallery has-nested-images columns-default is-cropped wp-block-gallery-1 is-layout-flex wp-block-gallery-is-layout-flex\">\n<figure class=\"wp-block-image size-large\"><img loading=\"lazy\" decoding=\"async\" width=\"819\" height=\"1024\" data-id=\"26774\" src=\"https:\/\/7culture.ci\/wp-content\/uploads\/2025\/03\/WhatsApp-Image-2025-03-20-at-11.11.16-819x1024.jpeg\" alt=\"\" class=\"wp-image-26774\" srcset=\"https:\/\/7culture.ci\/wp-content\/uploads\/2025\/03\/WhatsApp-Image-2025-03-20-at-11.11.16-819x1024.jpeg 819w, https:\/\/7culture.ci\/wp-content\/uploads\/2025\/03\/WhatsApp-Image-2025-03-20-at-11.11.16-240x300.jpeg 240w, https:\/\/7culture.ci\/wp-content\/uploads\/2025\/03\/WhatsApp-Image-2025-03-20-at-11.11.16-768x960.jpeg 768w, https:\/\/7culture.ci\/wp-content\/uploads\/2025\/03\/WhatsApp-Image-2025-03-20-at-11.11.16.jpeg 864w\" sizes=\"(max-width: 819px) 100vw, 819px\" \/><\/figure>\n\n\n\n<figure class=\"wp-block-image size-large\"><img loading=\"lazy\" decoding=\"async\" width=\"270\" height=\"360\" data-id=\"26773\" src=\"https:\/\/7culture.ci\/wp-content\/uploads\/2025\/03\/WhatsApp-Image-2025-03-20-at-11.11.18.jpeg\" alt=\"\" class=\"wp-image-26773\" srcset=\"https:\/\/7culture.ci\/wp-content\/uploads\/2025\/03\/WhatsApp-Image-2025-03-20-at-11.11.18.jpeg 270w, https:\/\/7culture.ci\/wp-content\/uploads\/2025\/03\/WhatsApp-Image-2025-03-20-at-11.11.18-225x300.jpeg 225w\" sizes=\"(max-width: 270px) 100vw, 270px\" \/><\/figure>\n<\/figure>\n\n\n\n<p>\u00c0 travers ce prix, la Maison de l&#8217;Afrique r\u00e9affirme son engagement \u00e0 promouvoir les talents africains et leur rayonnement international.<\/p>\n\n\n\n<p>DT<\/p>\n","protected":false},"excerpt":{"rendered":"<p>C\u2019est une bonne nouvelle pour la maison Path\u00e9&#8217;O. Le livre \u00e9ponyme sur le talentueux cr\u00e9ateur de mode a d\u00e9croch\u00e9 le Prix du Beau Livre de La Maison de L&#8217;Afrique au salon du livre africain de Paris 2025 ! C\u2019\u00e9tait le dimanche 16 mars dernier au cours d\u2019une c\u00e9r\u00e9monie solennelle que le jury, en collaboration avec &hellip;<\/p>\n<p class=\"read-more\"> <a class=\"\" href=\"https:\/\/7culture.ci\/index.php\/2025\/03\/22\/salon-du-livre-africain-de-paris-2025-patheo-consacre\/\"> <span class=\"screen-reader-text\">Salon du livre africain de Paris 2025\u00a0: \u00a0Path\u00e9\u2019O consacr\u00e9\u00a0!<\/span> Lire la suite\u00a0\u00bb<\/a><\/p>\n","protected":false},"author":1,"featured_media":26771,"comment_status":"open","ping_status":"open","sticky":false,"template":"","format":"standard","meta":{"_mi_skip_tracking":false,"_monsterinsights_sitenote_active":false,"_monsterinsights_sitenote_note":"","_monsterinsights_sitenote_category":0,"site-sidebar-layout":"default","site-content-layout":"default","ast-global-header-display":"","ast-main-header-display":"","ast-hfb-above-header-display":"","ast-hfb-below-header-display":"","ast-hfb-mobile-header-display":"","site-post-title":"","ast-breadcrumbs-content":"","ast-featured-img":"","footer-sml-layout":"","theme-transparent-header-meta":"","adv-header-id-meta":"","stick-header-meta":"","header-above-stick-meta":"","header-main-stick-meta":"","header-below-stick-meta":"","footnotes":"","jetpack_publicize_message":"","jetpack_is_tweetstorm":false,"jetpack_publicize_feature_enabled":true},"categories":[22],"tags":[],"jetpack_publicize_connections":[],"acf":[],"aioseo_notices":[],"yoast_head":"<!-- This site is optimized with the Yoast SEO plugin v19.6.1 - https:\/\/yoast.com\/wordpress\/plugins\/seo\/ -->\n<title>Salon du livre africain de Paris 2025\u00a0: \u00a0Path\u00e9\u2019O consacr\u00e9\u00a0! - 7culture<\/title>\n<meta name=\"robots\" content=\"index, follow, max-snippet:-1, max-image-preview:large, max-video-preview:-1\" \/>\n<link rel=\"canonical\" href=\"https:\/\/7culture.ci\/index.php\/2025\/03\/22\/salon-du-livre-africain-de-paris-2025-patheo-consacre\/\" \/>\n<meta property=\"og:locale\" content=\"fr_FR\" \/>\n<meta property=\"og:type\" content=\"article\" \/>\n<meta property=\"og:title\" content=\"Salon du livre africain de Paris 2025\u00a0: \u00a0Path\u00e9\u2019O consacr\u00e9\u00a0! - 7culture\" \/>\n<meta property=\"og:description\" content=\"C\u2019est une bonne nouvelle pour la maison Path\u00e9&#8217;O. Le livre \u00e9ponyme sur le talentueux cr\u00e9ateur de mode a d\u00e9croch\u00e9 le Prix du Beau Livre de La Maison de L&#8217;Afrique au salon du livre africain de Paris 2025 ! C\u2019\u00e9tait le dimanche 16 mars dernier au cours d\u2019une c\u00e9r\u00e9monie solennelle que le jury, en collaboration avec &hellip; Salon du livre africain de Paris 2025\u00a0: \u00a0Path\u00e9\u2019O consacr\u00e9\u00a0! Lire la suite\u00a0\u00bb\" \/>\n<meta property=\"og:url\" content=\"https:\/\/7culture.ci\/index.php\/2025\/03\/22\/salon-du-livre-africain-de-paris-2025-patheo-consacre\/\" \/>\n<meta property=\"og:site_name\" content=\"7culture\" \/>\n<meta property=\"article:publisher\" content=\"https:\/\/www.facebook.com\/redchefclaude\" \/>\n<meta property=\"article:published_time\" content=\"2025-03-22T14:14:26+00:00\" \/>\n<meta property=\"article:modified_time\" content=\"2025-03-22T15:20:45+00:00\" \/>\n<meta property=\"og:image\" content=\"http:\/\/7culture.ci\/wp-content\/uploads\/2025\/03\/WhatsApp-Image-2025-03-20-at-11.11.17-1.jpeg\" \/>\n\t<meta property=\"og:image:width\" content=\"625\" \/>\n\t<meta property=\"og:image:height\" content=\"355\" \/>\n\t<meta property=\"og:image:type\" content=\"image\/jpeg\" \/>\n<meta name=\"author\" content=\"7culture2020\" \/>\n<meta name=\"twitter:card\" content=\"summary_large_image\" \/>\n<meta name=\"twitter:creator\" content=\"@7culturec\" \/>\n<meta name=\"twitter:site\" content=\"@7culturec\" \/>\n<meta name=\"twitter:label1\" content=\"\u00c9crit par\" \/>\n\t<meta name=\"twitter:data1\" content=\"7culture2020\" \/>\n\t<meta name=\"twitter:label2\" content=\"Dur\u00e9e de lecture estim\u00e9e\" \/>\n\t<meta name=\"twitter:data2\" content=\"1 minute\" \/>\n<script type=\"application\/ld+json\" class=\"yoast-schema-graph\">{\"@context\":\"https:\/\/schema.org\",\"@graph\":[{\"@type\":\"Article\",\"@id\":\"https:\/\/7culture.ci\/index.php\/2025\/03\/22\/salon-du-livre-africain-de-paris-2025-patheo-consacre\/#article\",\"isPartOf\":{\"@id\":\"https:\/\/7culture.ci\/index.php\/2025\/03\/22\/salon-du-livre-africain-de-paris-2025-patheo-consacre\/\"},\"author\":{\"name\":\"7culture2020\",\"@id\":\"https:\/\/7culture.ci\/#\/schema\/person\/16150d28d7ef66ba788c1f87f28c4426\"},\"headline\":\"Salon du livre africain de Paris 2025\u00a0: \u00a0Path\u00e9\u2019O consacr\u00e9\u00a0!\",\"datePublished\":\"2025-03-22T14:14:26+00:00\",\"dateModified\":\"2025-03-22T15:20:45+00:00\",\"mainEntityOfPage\":{\"@id\":\"https:\/\/7culture.ci\/index.php\/2025\/03\/22\/salon-du-livre-africain-de-paris-2025-patheo-consacre\/\"},\"wordCount\":239,\"commentCount\":0,\"publisher\":{\"@id\":\"https:\/\/7culture.ci\/#organization\"},\"articleSection\":[\"Actualit\u00e9\"],\"inLanguage\":\"fr-FR\",\"potentialAction\":[{\"@type\":\"CommentAction\",\"name\":\"Comment\",\"target\":[\"https:\/\/7culture.ci\/index.php\/2025\/03\/22\/salon-du-livre-africain-de-paris-2025-patheo-consacre\/#respond\"]}]},{\"@type\":\"WebPage\",\"@id\":\"https:\/\/7culture.ci\/index.php\/2025\/03\/22\/salon-du-livre-africain-de-paris-2025-patheo-consacre\/\",\"url\":\"https:\/\/7culture.ci\/index.php\/2025\/03\/22\/salon-du-livre-africain-de-paris-2025-patheo-consacre\/\",\"name\":\"Salon du livre africain de Paris 2025\u00a0: \u00a0Path\u00e9\u2019O consacr\u00e9\u00a0! - 7culture\",\"isPartOf\":{\"@id\":\"https:\/\/7culture.ci\/#website\"},\"datePublished\":\"2025-03-22T14:14:26+00:00\",\"dateModified\":\"2025-03-22T15:20:45+00:00\",\"breadcrumb\":{\"@id\":\"https:\/\/7culture.ci\/index.php\/2025\/03\/22\/salon-du-livre-africain-de-paris-2025-patheo-consacre\/#breadcrumb\"},\"inLanguage\":\"fr-FR\",\"potentialAction\":[{\"@type\":\"ReadAction\",\"target\":[\"https:\/\/7culture.ci\/index.php\/2025\/03\/22\/salon-du-livre-africain-de-paris-2025-patheo-consacre\/\"]}]},{\"@type\":\"BreadcrumbList\",\"@id\":\"https:\/\/7culture.ci\/index.php\/2025\/03\/22\/salon-du-livre-africain-de-paris-2025-patheo-consacre\/#breadcrumb\",\"itemListElement\":[{\"@type\":\"ListItem\",\"position\":1,\"name\":\"Accueil\",\"item\":\"https:\/\/7culture.ci\/\"},{\"@type\":\"ListItem\",\"position\":2,\"name\":\"Salon du livre africain de Paris 2025\u00a0: \u00a0Path\u00e9\u2019O consacr\u00e9\u00a0!\"}]},{\"@type\":\"WebSite\",\"@id\":\"https:\/\/7culture.ci\/#website\",\"url\":\"https:\/\/7culture.ci\/\",\"name\":\"7culture\",\"description\":\"Tout sur l&#039;actualit\u00e9\",\"publisher\":{\"@id\":\"https:\/\/7culture.ci\/#organization\"},\"potentialAction\":[{\"@type\":\"SearchAction\",\"target\":{\"@type\":\"EntryPoint\",\"urlTemplate\":\"https:\/\/7culture.ci\/?s={search_term_string}\"},\"query-input\":\"required name=search_term_string\"}],\"inLanguage\":\"fr-FR\"},{\"@type\":\"Organization\",\"@id\":\"https:\/\/7culture.ci\/#organization\",\"name\":\"7culture\",\"url\":\"https:\/\/7culture.ci\/\",\"sameAs\":[\"https:\/\/www.facebook.com\/redchefclaude\",\"https:\/\/twitter.com\/7culturec\"],\"logo\":{\"@type\":\"ImageObject\",\"inLanguage\":\"fr-FR\",\"@id\":\"https:\/\/7culture.ci\/#\/schema\/logo\/image\/\",\"url\":\"https:\/\/7culture.ci\/wp-content\/uploads\/2021\/12\/S1a-1.png\",\"contentUrl\":\"https:\/\/7culture.ci\/wp-content\/uploads\/2021\/12\/S1a-1.png\",\"width\":588,\"height\":192,\"caption\":\"7culture\"},\"image\":{\"@id\":\"https:\/\/7culture.ci\/#\/schema\/logo\/image\/\"}},{\"@type\":\"Person\",\"@id\":\"https:\/\/7culture.ci\/#\/schema\/person\/16150d28d7ef66ba788c1f87f28c4426\",\"name\":\"7culture2020\",\"image\":{\"@type\":\"ImageObject\",\"inLanguage\":\"fr-FR\",\"@id\":\"https:\/\/7culture.ci\/#\/schema\/person\/image\/\",\"url\":\"https:\/\/secure.gravatar.com\/avatar\/9a0784f951306c37bcd065f52844ef95?s=96&d=mm&r=g\",\"contentUrl\":\"https:\/\/secure.gravatar.com\/avatar\/9a0784f951306c37bcd065f52844ef95?s=96&d=mm&r=g\",\"caption\":\"7culture2020\"},\"sameAs\":[\"http:\/\/7culture.ci\",\"Claude.kipre\"],\"url\":\"https:\/\/7culture.ci\/index.php\/author\/7culture2020\/\"}]}<\/script>\n<!-- \/ Yoast SEO plugin. -->","yoast_head_json":{"title":"Salon du livre africain de Paris 2025\u00a0: \u00a0Path\u00e9\u2019O consacr\u00e9\u00a0! - 7culture","robots":{"index":"index","follow":"follow","max-snippet":"max-snippet:-1","max-image-preview":"max-image-preview:large","max-video-preview":"max-video-preview:-1"},"canonical":"https:\/\/7culture.ci\/index.php\/2025\/03\/22\/salon-du-livre-africain-de-paris-2025-patheo-consacre\/","og_locale":"fr_FR","og_type":"article","og_title":"Salon du livre africain de Paris 2025\u00a0: \u00a0Path\u00e9\u2019O consacr\u00e9\u00a0! - 7culture","og_description":"C\u2019est une bonne nouvelle pour la maison Path\u00e9&#8217;O. Le livre \u00e9ponyme sur le talentueux cr\u00e9ateur de mode a d\u00e9croch\u00e9 le Prix du Beau Livre de La Maison de L&#8217;Afrique au salon du livre africain de Paris 2025 ! C\u2019\u00e9tait le dimanche 16 mars dernier au cours d\u2019une c\u00e9r\u00e9monie solennelle que le jury, en collaboration avec &hellip; Salon du livre africain de Paris 2025\u00a0: \u00a0Path\u00e9\u2019O consacr\u00e9\u00a0! Lire la suite\u00a0\u00bb","og_url":"https:\/\/7culture.ci\/index.php\/2025\/03\/22\/salon-du-livre-africain-de-paris-2025-patheo-consacre\/","og_site_name":"7culture","article_publisher":"https:\/\/www.facebook.com\/redchefclaude","article_published_time":"2025-03-22T14:14:26+00:00","article_modified_time":"2025-03-22T15:20:45+00:00","og_image":[{"width":625,"height":355,"url":"http:\/\/7culture.ci\/wp-content\/uploads\/2025\/03\/WhatsApp-Image-2025-03-20-at-11.11.17-1.jpeg","type":"image\/jpeg"}],"author":"7culture2020","twitter_card":"summary_large_image","twitter_creator":"@7culturec","twitter_site":"@7culturec","twitter_misc":{"\u00c9crit par":"7culture2020","Dur\u00e9e de lecture estim\u00e9e":"1 minute"},"schema":{"@context":"https:\/\/schema.org","@graph":[{"@type":"Article","@id":"https:\/\/7culture.ci\/index.php\/2025\/03\/22\/salon-du-livre-africain-de-paris-2025-patheo-consacre\/#article","isPartOf":{"@id":"https:\/\/7culture.ci\/index.php\/2025\/03\/22\/salon-du-livre-africain-de-paris-2025-patheo-consacre\/"},"author":{"name":"7culture2020","@id":"https:\/\/7culture.ci\/#\/schema\/person\/16150d28d7ef66ba788c1f87f28c4426"},"headline":"Salon du livre africain de Paris 2025\u00a0: \u00a0Path\u00e9\u2019O consacr\u00e9\u00a0!","datePublished":"2025-03-22T14:14:26+00:00","dateModified":"2025-03-22T15:20:45+00:00","mainEntityOfPage":{"@id":"https:\/\/7culture.ci\/index.php\/2025\/03\/22\/salon-du-livre-africain-de-paris-2025-patheo-consacre\/"},"wordCount":239,"commentCount":0,"publisher":{"@id":"https:\/\/7culture.ci\/#organization"},"articleSection":["Actualit\u00e9"],"inLanguage":"fr-FR","potentialAction":[{"@type":"CommentAction","name":"Comment","target":["https:\/\/7culture.ci\/index.php\/2025\/03\/22\/salon-du-livre-africain-de-paris-2025-patheo-consacre\/#respond"]}]},{"@type":"WebPage","@id":"https:\/\/7culture.ci\/index.php\/2025\/03\/22\/salon-du-livre-africain-de-paris-2025-patheo-consacre\/","url":"https:\/\/7culture.ci\/index.php\/2025\/03\/22\/salon-du-livre-africain-de-paris-2025-patheo-consacre\/","name":"Salon du livre africain de Paris 2025\u00a0: \u00a0Path\u00e9\u2019O consacr\u00e9\u00a0! - 7culture","isPartOf":{"@id":"https:\/\/7culture.ci\/#website"},"datePublished":"2025-03-22T14:14:26+00:00","dateModified":"2025-03-22T15:20:45+00:00","breadcrumb":{"@id":"https:\/\/7culture.ci\/index.php\/2025\/03\/22\/salon-du-livre-africain-de-paris-2025-patheo-consacre\/#breadcrumb"},"inLanguage":"fr-FR","potentialAction":[{"@type":"ReadAction","target":["https:\/\/7culture.ci\/index.php\/2025\/03\/22\/salon-du-livre-africain-de-paris-2025-patheo-consacre\/"]}]},{"@type":"BreadcrumbList","@id":"https:\/\/7culture.ci\/index.php\/2025\/03\/22\/salon-du-livre-africain-de-paris-2025-patheo-consacre\/#breadcrumb","itemListElement":[{"@type":"ListItem","position":1,"name":"Accueil","item":"https:\/\/7culture.ci\/"},{"@type":"ListItem","position":2,"name":"Salon du livre africain de Paris 2025\u00a0: \u00a0Path\u00e9\u2019O consacr\u00e9\u00a0!"}]},{"@type":"WebSite","@id":"https:\/\/7culture.ci\/#website","url":"https:\/\/7culture.ci\/","name":"7culture","description":"Tout sur l&#039;actualit\u00e9","publisher":{"@id":"https:\/\/7culture.ci\/#organization"},"potentialAction":[{"@type":"SearchAction","target":{"@type":"EntryPoint","urlTemplate":"https:\/\/7culture.ci\/?s={search_term_string}"},"query-input":"required name=search_term_string"}],"inLanguage":"fr-FR"},{"@type":"Organization","@id":"https:\/\/7culture.ci\/#organization","name":"7culture","url":"https:\/\/7culture.ci\/","sameAs":["https:\/\/www.facebook.com\/redchefclaude","https:\/\/twitter.com\/7culturec"],"logo":{"@type":"ImageObject","inLanguage":"fr-FR","@id":"https:\/\/7culture.ci\/#\/schema\/logo\/image\/","url":"https:\/\/7culture.ci\/wp-content\/uploads\/2021\/12\/S1a-1.png","contentUrl":"https:\/\/7culture.ci\/wp-content\/uploads\/2021\/12\/S1a-1.png","width":588,"height":192,"caption":"7culture"},"image":{"@id":"https:\/\/7culture.ci\/#\/schema\/logo\/image\/"}},{"@type":"Person","@id":"https:\/\/7culture.ci\/#\/schema\/person\/16150d28d7ef66ba788c1f87f28c4426","name":"7culture2020","image":{"@type":"ImageObject","inLanguage":"fr-FR","@id":"https:\/\/7culture.ci\/#\/schema\/person\/image\/","url":"https:\/\/secure.gravatar.com\/avatar\/9a0784f951306c37bcd065f52844ef95?s=96&d=mm&r=g","contentUrl":"https:\/\/secure.gravatar.com\/avatar\/9a0784f951306c37bcd065f52844ef95?s=96&d=mm&r=g","caption":"7culture2020"},"sameAs":["http:\/\/7culture.ci","Claude.kipre"],"url":"https:\/\/7culture.ci\/index.php\/author\/7culture2020\/"}]}},"jetpack_featured_media_url":"https:\/\/7culture.ci\/wp-content\/uploads\/2025\/03\/WhatsApp-Image-2025-03-20-at-11.11.17-1.jpeg","jetpack_likes_enabled":true,"jetpack_sharing_enabled":true,"_links":{"self":[{"href":"https:\/\/7culture.ci\/index.php\/wp-json\/wp\/v2\/posts\/26769"}],"collection":[{"href":"https:\/\/7culture.ci\/index.php\/wp-json\/wp\/v2\/posts"}],"about":[{"href":"https:\/\/7culture.ci\/index.php\/wp-json\/wp\/v2\/types\/post"}],"author":[{"embeddable":true,"href":"https:\/\/7culture.ci\/index.php\/wp-json\/wp\/v2\/users\/1"}],"replies":[{"embeddable":true,"href":"https:\/\/7culture.ci\/index.php\/wp-json\/wp\/v2\/comments?post=26769"}],"version-history":[{"count":1,"href":"https:\/\/7culture.ci\/index.php\/wp-json\/wp\/v2\/posts\/26769\/revisions"}],"predecessor-version":[{"id":26775,"href":"https:\/\/7culture.ci\/index.php\/wp-json\/wp\/v2\/posts\/26769\/revisions\/26775"}],"wp:featuredmedia":[{"embeddable":true,"href":"https:\/\/7culture.ci\/index.php\/wp-json\/wp\/v2\/media\/26771"}],"wp:attachment":[{"href":"https:\/\/7culture.ci\/index.php\/wp-json\/wp\/v2\/media?parent=26769"}],"wp:term":[{"taxonomy":"category","embeddable":true,"href":"https:\/\/7culture.ci\/index.php\/wp-json\/wp\/v2\/categories?post=26769"},{"taxonomy":"post_tag","embeddable":true,"href":"https:\/\/7culture.ci\/index.php\/wp-json\/wp\/v2\/tags?post=26769"}],"curies":[{"name":"wp","href":"https:\/\/api.w.org\/{rel}","templated":true}]}}