{"id":26757,"date":"2025-03-22T09:27:36","date_gmt":"2025-03-22T09:27:36","guid":{"rendered":"https:\/\/7culture.ci\/?p=26757"},"modified":"2025-03-22T14:15:21","modified_gmt":"2025-03-22T14:15:21","slug":"vernissage-a-linsaac-julien-kando-edifie-les-etudiants","status":"publish","type":"post","link":"https:\/\/7culture.ci\/index.php\/2025\/03\/22\/vernissage-a-linsaac-julien-kando-edifie-les-etudiants\/","title":{"rendered":"Vernissage \u00e0 l\u2019Insaac\u00a0: Julien Kando \u00e9difie les \u00e9tudiants"},"content":{"rendered":"\n<p>Pour ce rendez-vous avec le public ivoirien, l\u2019artiste afro-canadien, Julien Kando a appris aux \u00e9tudiants le processus de cr\u00e9ation qui devient un spectacle transformant l\u2019acte artistique en un moment de partage et de dialogue. C\u2019\u00e9tait au vernissage \u00e0 l\u2019Institut national sup\u00e9rieur des Arts et de l\u2019Action culturel (INSAAC), le lundi 17 mars 2025, \u00e0 Abidjan-Cocody. Le peintre a expos\u00e9 dans le cadre des activit\u00e9s de l\u2019Association culturelle les productions mondiales des arts des femmes Abidjan en partenariat avec le Bureau du Qu\u00e9bec \u00e0 Abidjan. Bien avant le vernissage, l\u2019exposition-vente et la r\u00e9alisation d\u2019une \u0153uvre participative \u00e9taient les grands axes de l\u2019artiste du jeudi 13 au 17 mars 2025.<\/p>\n\n\n\n<figure class=\"wp-block-gallery has-nested-images columns-default is-cropped wp-block-gallery-1 is-layout-flex wp-block-gallery-is-layout-flex\">\n<figure class=\"wp-block-image size-large\"><img loading=\"lazy\" decoding=\"async\" width=\"1024\" height=\"768\" data-id=\"26760\" src=\"https:\/\/7culture.ci\/wp-content\/uploads\/2025\/03\/04db18d5-3480-483a-80a9-1a45acb0efea-1024x768.jpg\" alt=\"\" class=\"wp-image-26760\" srcset=\"https:\/\/7culture.ci\/wp-content\/uploads\/2025\/03\/04db18d5-3480-483a-80a9-1a45acb0efea-1024x768.jpg 1024w, https:\/\/7culture.ci\/wp-content\/uploads\/2025\/03\/04db18d5-3480-483a-80a9-1a45acb0efea-300x225.jpg 300w, https:\/\/7culture.ci\/wp-content\/uploads\/2025\/03\/04db18d5-3480-483a-80a9-1a45acb0efea-768x576.jpg 768w, https:\/\/7culture.ci\/wp-content\/uploads\/2025\/03\/04db18d5-3480-483a-80a9-1a45acb0efea.jpg 1040w\" sizes=\"(max-width: 1024px) 100vw, 1024px\" \/><\/figure>\n\n\n\n<figure class=\"wp-block-image size-large\"><img loading=\"lazy\" decoding=\"async\" width=\"1024\" height=\"682\" data-id=\"26761\" src=\"https:\/\/7culture.ci\/wp-content\/uploads\/2025\/03\/WhatsApp-Image-2025-03-18-at-16.33.23-3-1024x682.jpeg\" alt=\"\" class=\"wp-image-26761\" srcset=\"https:\/\/7culture.ci\/wp-content\/uploads\/2025\/03\/WhatsApp-Image-2025-03-18-at-16.33.23-3-1024x682.jpeg 1024w, https:\/\/7culture.ci\/wp-content\/uploads\/2025\/03\/WhatsApp-Image-2025-03-18-at-16.33.23-3-300x200.jpeg 300w, https:\/\/7culture.ci\/wp-content\/uploads\/2025\/03\/WhatsApp-Image-2025-03-18-at-16.33.23-3-768x512.jpeg 768w, https:\/\/7culture.ci\/wp-content\/uploads\/2025\/03\/WhatsApp-Image-2025-03-18-at-16.33.23-3-1536x1024.jpeg 1536w, https:\/\/7culture.ci\/wp-content\/uploads\/2025\/03\/WhatsApp-Image-2025-03-18-at-16.33.23-3-2048x1365.jpeg 2048w\" sizes=\"(max-width: 1024px) 100vw, 1024px\" \/><\/figure>\n<\/figure>\n\n\n\n<p>Adam Kalapo, attach\u00e9e aux Affaires culturelles, \u00e9ducatives et publiques au Bureau du Qu\u00e9bec \u00e0 Abidjan, repr\u00e9sentant sa responsable a appr\u00e9ci\u00e9 la d\u00e9marche artistique de Julien Kando qui repose sur une exploration dynamique de la performance et de l\u2019interaction avec le public. A travers des \u00e9v\u00e8nements comme le live-painting, il cr\u00e9e, a-t-elle dit, des espaces immersifs o\u00f9 le processus de cr\u00e9ation devient un spectacle, transformant l\u2019acte artistique en un moment de partage et de dialogue. Mme Kalapo a reconnu que les travaux de Julien Kando s\u2019ex\u00e9cutent principalement sur de grandes toiles qui capte l\u2019\u00e9nergie du moment avec des couleurs vives, des traits fluides et des expressions abstraites, influenc\u00e9es par les ambiances lumineuses, musicales et \u00e9motionnelles de chaque contexte. L\u2019identit\u00e9, l\u2019appartenance et la m\u00e9moire collective sont les th\u00e8mes que l\u2019artiste visuel aborde dans ses \u0153uvres inspir\u00e9s par ses exp\u00e9riences en diaspora et les dynamiques urbaines qu\u2019il observe. \u00ab <strong><em>Sa peinture, \u00e0 la fois intuitive et structur\u00e9e, explore les tensions entre le chaos et l\u2019ordre, refl\u00e9tant une qu\u00eate de sens dans un monde complexe<\/em><\/strong> \u00bb, rel\u00e8ve-t-elle. Julien Kando a dit \u00eatre impressionn\u00e9 par le rythme de la vie citadine, \u00e0 Abidjan, contrairement \u00e0 celui du Canada qui est plus effr\u00e9n\u00e9. \u00ab <strong><em>Cela permet de la concentration<\/em><\/strong> \u00bb, a-t-il r\u00e9v\u00e9l\u00e9. Adam Kalapo a confi\u00e9 que Julien Kando a r\u00e9alis\u00e9 des \u0153uvres participatives en s\u2019inspirant des r\u00e9alit\u00e9s abidjanaises et qu\u00e9b\u00e9coises.<\/p>\n\n\n\n<figure class=\"wp-block-gallery has-nested-images columns-default is-cropped wp-block-gallery-2 is-layout-flex wp-block-gallery-is-layout-flex\">\n<figure class=\"wp-block-image size-large\"><img loading=\"lazy\" decoding=\"async\" width=\"1024\" height=\"776\" data-id=\"26762\" src=\"https:\/\/7culture.ci\/wp-content\/uploads\/2025\/03\/WhatsApp-Image-2025-03-18-at-16.33.22-1-1024x776.jpeg\" alt=\"\" class=\"wp-image-26762\" srcset=\"https:\/\/7culture.ci\/wp-content\/uploads\/2025\/03\/WhatsApp-Image-2025-03-18-at-16.33.22-1-1024x776.jpeg 1024w, https:\/\/7culture.ci\/wp-content\/uploads\/2025\/03\/WhatsApp-Image-2025-03-18-at-16.33.22-1-300x227.jpeg 300w, https:\/\/7culture.ci\/wp-content\/uploads\/2025\/03\/WhatsApp-Image-2025-03-18-at-16.33.22-1-768x582.jpeg 768w, https:\/\/7culture.ci\/wp-content\/uploads\/2025\/03\/WhatsApp-Image-2025-03-18-at-16.33.22-1-1536x1165.jpeg 1536w, https:\/\/7culture.ci\/wp-content\/uploads\/2025\/03\/WhatsApp-Image-2025-03-18-at-16.33.22-1-2048x1553.jpeg 2048w\" sizes=\"(max-width: 1024px) 100vw, 1024px\" \/><\/figure>\n\n\n\n<figure class=\"wp-block-image size-large\"><img loading=\"lazy\" decoding=\"async\" width=\"1024\" height=\"682\" data-id=\"26764\" src=\"https:\/\/7culture.ci\/wp-content\/uploads\/2025\/03\/WhatsApp-Image-2025-03-18-at-16.33.23-1-1024x682.jpeg\" alt=\"\" class=\"wp-image-26764\" srcset=\"https:\/\/7culture.ci\/wp-content\/uploads\/2025\/03\/WhatsApp-Image-2025-03-18-at-16.33.23-1-1024x682.jpeg 1024w, https:\/\/7culture.ci\/wp-content\/uploads\/2025\/03\/WhatsApp-Image-2025-03-18-at-16.33.23-1-300x200.jpeg 300w, https:\/\/7culture.ci\/wp-content\/uploads\/2025\/03\/WhatsApp-Image-2025-03-18-at-16.33.23-1-768x512.jpeg 768w, https:\/\/7culture.ci\/wp-content\/uploads\/2025\/03\/WhatsApp-Image-2025-03-18-at-16.33.23-1-1536x1024.jpeg 1536w, https:\/\/7culture.ci\/wp-content\/uploads\/2025\/03\/WhatsApp-Image-2025-03-18-at-16.33.23-1-2048x1365.jpeg 2048w\" sizes=\"(max-width: 1024px) 100vw, 1024px\" \/><\/figure>\n\n\n\n<figure class=\"wp-block-image size-large\"><img loading=\"lazy\" decoding=\"async\" width=\"1024\" height=\"682\" data-id=\"26763\" src=\"https:\/\/7culture.ci\/wp-content\/uploads\/2025\/03\/WhatsApp-Image-2025-03-18-at-16.33.24-1-1024x682.jpeg\" alt=\"\" class=\"wp-image-26763\" srcset=\"https:\/\/7culture.ci\/wp-content\/uploads\/2025\/03\/WhatsApp-Image-2025-03-18-at-16.33.24-1-1024x682.jpeg 1024w, https:\/\/7culture.ci\/wp-content\/uploads\/2025\/03\/WhatsApp-Image-2025-03-18-at-16.33.24-1-300x200.jpeg 300w, https:\/\/7culture.ci\/wp-content\/uploads\/2025\/03\/WhatsApp-Image-2025-03-18-at-16.33.24-1-768x512.jpeg 768w, https:\/\/7culture.ci\/wp-content\/uploads\/2025\/03\/WhatsApp-Image-2025-03-18-at-16.33.24-1-1536x1024.jpeg 1536w, https:\/\/7culture.ci\/wp-content\/uploads\/2025\/03\/WhatsApp-Image-2025-03-18-at-16.33.24-1-2048x1365.jpeg 2048w\" sizes=\"(max-width: 1024px) 100vw, 1024px\" \/><\/figure>\n<\/figure>\n\n\n\n<p>S\u00e9duit par le contexte d\u2019Abidjan, l\u2019artiste visuel n\u2019a pas cach\u00e9 son intention de se produire constamment dans la capitale \u00e9conomique ivoirienne. Il a appr\u00e9ci\u00e9 la contribution des \u00e9tudiants lors de la confection des tableaux.<\/p>\n\n\n\n<p>Le repr\u00e9sentant du directeur g\u00e9n\u00e9ral de l\u2019Insaac, le secr\u00e9taire g\u00e9n\u00e9ral, Honor\u00e9 Kouadio, a indiqu\u00e9 que l\u2019activit\u00e9 est un appui \u00e0 la formation. Et que son institut est dispos\u00e9 \u00e0 accompagner ce genre d\u2019initiatives. Il a conseill\u00e9 aux \u00e9tudiants de mettre \u00e0 profit ce genre d\u2019atelier.<\/p>\n\n\n\n<figure class=\"wp-block-gallery has-nested-images columns-default is-cropped wp-block-gallery-3 is-layout-flex wp-block-gallery-is-layout-flex\">\n<figure class=\"wp-block-image size-large\"><img loading=\"lazy\" decoding=\"async\" width=\"1024\" height=\"768\" data-id=\"26765\" src=\"https:\/\/7culture.ci\/wp-content\/uploads\/2025\/03\/02f0b1d1-fcae-4054-b19a-aab075c45576-1024x768.jpg\" alt=\"\" class=\"wp-image-26765\" srcset=\"https:\/\/7culture.ci\/wp-content\/uploads\/2025\/03\/02f0b1d1-fcae-4054-b19a-aab075c45576-1024x768.jpg 1024w, https:\/\/7culture.ci\/wp-content\/uploads\/2025\/03\/02f0b1d1-fcae-4054-b19a-aab075c45576-300x225.jpg 300w, https:\/\/7culture.ci\/wp-content\/uploads\/2025\/03\/02f0b1d1-fcae-4054-b19a-aab075c45576-768x576.jpg 768w, https:\/\/7culture.ci\/wp-content\/uploads\/2025\/03\/02f0b1d1-fcae-4054-b19a-aab075c45576.jpg 1040w\" sizes=\"(max-width: 1024px) 100vw, 1024px\" \/><\/figure>\n\n\n\n<figure class=\"wp-block-image size-large\"><img loading=\"lazy\" decoding=\"async\" width=\"1024\" height=\"682\" data-id=\"26766\" src=\"https:\/\/7culture.ci\/wp-content\/uploads\/2025\/03\/WhatsApp-Image-2025-03-18-at-16.33.23-1024x682.jpeg\" alt=\"\" class=\"wp-image-26766\" srcset=\"https:\/\/7culture.ci\/wp-content\/uploads\/2025\/03\/WhatsApp-Image-2025-03-18-at-16.33.23-1024x682.jpeg 1024w, https:\/\/7culture.ci\/wp-content\/uploads\/2025\/03\/WhatsApp-Image-2025-03-18-at-16.33.23-300x200.jpeg 300w, https:\/\/7culture.ci\/wp-content\/uploads\/2025\/03\/WhatsApp-Image-2025-03-18-at-16.33.23-768x512.jpeg 768w, https:\/\/7culture.ci\/wp-content\/uploads\/2025\/03\/WhatsApp-Image-2025-03-18-at-16.33.23-1536x1024.jpeg 1536w, https:\/\/7culture.ci\/wp-content\/uploads\/2025\/03\/WhatsApp-Image-2025-03-18-at-16.33.23-2048x1365.jpeg 2048w\" sizes=\"(max-width: 1024px) 100vw, 1024px\" \/><\/figure>\n\n\n\n<figure class=\"wp-block-image size-large\"><img loading=\"lazy\" decoding=\"async\" width=\"1024\" height=\"783\" data-id=\"26767\" src=\"https:\/\/7culture.ci\/wp-content\/uploads\/2025\/03\/WhatsApp-Image-2025-03-18-at-16.33.24-1024x783.jpeg\" alt=\"\" class=\"wp-image-26767\" srcset=\"https:\/\/7culture.ci\/wp-content\/uploads\/2025\/03\/WhatsApp-Image-2025-03-18-at-16.33.24-1024x783.jpeg 1024w, https:\/\/7culture.ci\/wp-content\/uploads\/2025\/03\/WhatsApp-Image-2025-03-18-at-16.33.24-300x229.jpeg 300w, https:\/\/7culture.ci\/wp-content\/uploads\/2025\/03\/WhatsApp-Image-2025-03-18-at-16.33.24-768x587.jpeg 768w, https:\/\/7culture.ci\/wp-content\/uploads\/2025\/03\/WhatsApp-Image-2025-03-18-at-16.33.24-1536x1174.jpeg 1536w, https:\/\/7culture.ci\/wp-content\/uploads\/2025\/03\/WhatsApp-Image-2025-03-18-at-16.33.24-2048x1566.jpeg 2048w\" sizes=\"(max-width: 1024px) 100vw, 1024px\" \/><\/figure>\n<\/figure>\n\n\n\n<p>Julien Kando conjugue ses racines congolaises et son exp\u00e9rience qu\u00e9b\u00e9coise pour nourrir une pratique artistique r\u00e9solument contemporaine. Laur\u00e9at du prix Best of the Art Fair Toronto Outdoor Award en 2020, d\u00e9cern\u00e9 par la Fondation de la famille Rudolph P. Bratty, Kando a expos\u00e9 ses \u0153uvres au Canada, aux Etats Unis, en Afrique et en Europe.<\/p>\n\n\n\n<p>Par O.K<\/p>\n","protected":false},"excerpt":{"rendered":"<p>Pour ce rendez-vous avec le public ivoirien, l\u2019artiste afro-canadien, Julien Kando a appris aux \u00e9tudiants le processus de cr\u00e9ation qui devient un spectacle transformant l\u2019acte artistique en un moment de partage et de dialogue. C\u2019\u00e9tait au vernissage \u00e0 l\u2019Institut national sup\u00e9rieur des Arts et de l\u2019Action culturel (INSAAC), le lundi 17 mars 2025, \u00e0 Abidjan-Cocody. &hellip;<\/p>\n<p class=\"read-more\"> <a class=\"\" href=\"https:\/\/7culture.ci\/index.php\/2025\/03\/22\/vernissage-a-linsaac-julien-kando-edifie-les-etudiants\/\"> <span class=\"screen-reader-text\">Vernissage \u00e0 l\u2019Insaac\u00a0: Julien Kando \u00e9difie les \u00e9tudiants<\/span> Lire la suite\u00a0\u00bb<\/a><\/p>\n","protected":false},"author":1,"featured_media":26759,"comment_status":"open","ping_status":"open","sticky":false,"template":"","format":"standard","meta":{"_mi_skip_tracking":false,"_monsterinsights_sitenote_active":false,"_monsterinsights_sitenote_note":"","_monsterinsights_sitenote_category":0,"site-sidebar-layout":"default","site-content-layout":"default","ast-global-header-display":"","ast-main-header-display":"","ast-hfb-above-header-display":"","ast-hfb-below-header-display":"","ast-hfb-mobile-header-display":"","site-post-title":"","ast-breadcrumbs-content":"","ast-featured-img":"","footer-sml-layout":"","theme-transparent-header-meta":"","adv-header-id-meta":"","stick-header-meta":"","header-above-stick-meta":"","header-main-stick-meta":"","header-below-stick-meta":"","footnotes":"","jetpack_publicize_message":"","jetpack_is_tweetstorm":false,"jetpack_publicize_feature_enabled":true},"categories":[22],"tags":[],"jetpack_publicize_connections":[],"acf":[],"aioseo_notices":[],"yoast_head":"<!-- This site is optimized with the Yoast SEO plugin v19.6.1 - https:\/\/yoast.com\/wordpress\/plugins\/seo\/ -->\n<title>Vernissage \u00e0 l\u2019Insaac\u00a0: Julien Kando \u00e9difie les \u00e9tudiants - 7culture<\/title>\n<meta name=\"robots\" content=\"index, follow, max-snippet:-1, max-image-preview:large, max-video-preview:-1\" \/>\n<link rel=\"canonical\" href=\"https:\/\/7culture.ci\/index.php\/2025\/03\/22\/vernissage-a-linsaac-julien-kando-edifie-les-etudiants\/\" \/>\n<meta property=\"og:locale\" content=\"fr_FR\" \/>\n<meta property=\"og:type\" content=\"article\" \/>\n<meta property=\"og:title\" content=\"Vernissage \u00e0 l\u2019Insaac\u00a0: Julien Kando \u00e9difie les \u00e9tudiants - 7culture\" \/>\n<meta property=\"og:description\" content=\"Pour ce rendez-vous avec le public ivoirien, l\u2019artiste afro-canadien, Julien Kando a appris aux \u00e9tudiants le processus de cr\u00e9ation qui devient un spectacle transformant l\u2019acte artistique en un moment de partage et de dialogue. C\u2019\u00e9tait au vernissage \u00e0 l\u2019Institut national sup\u00e9rieur des Arts et de l\u2019Action culturel (INSAAC), le lundi 17 mars 2025, \u00e0 Abidjan-Cocody. &hellip; Vernissage \u00e0 l\u2019Insaac\u00a0: Julien Kando \u00e9difie les \u00e9tudiants Lire la suite\u00a0\u00bb\" \/>\n<meta property=\"og:url\" content=\"https:\/\/7culture.ci\/index.php\/2025\/03\/22\/vernissage-a-linsaac-julien-kando-edifie-les-etudiants\/\" \/>\n<meta property=\"og:site_name\" content=\"7culture\" \/>\n<meta property=\"article:publisher\" content=\"https:\/\/www.facebook.com\/redchefclaude\" \/>\n<meta property=\"article:published_time\" content=\"2025-03-22T09:27:36+00:00\" \/>\n<meta property=\"article:modified_time\" content=\"2025-03-22T14:15:21+00:00\" \/>\n<meta property=\"og:image\" content=\"http:\/\/7culture.ci\/wp-content\/uploads\/2025\/03\/WhatsApp-Image-2025-03-18-at-16.33.23-2.jpeg\" \/>\n\t<meta property=\"og:image:width\" content=\"2560\" \/>\n\t<meta property=\"og:image:height\" content=\"1706\" \/>\n\t<meta property=\"og:image:type\" content=\"image\/jpeg\" \/>\n<meta name=\"author\" content=\"7culture2020\" \/>\n<meta name=\"twitter:card\" content=\"summary_large_image\" \/>\n<meta name=\"twitter:creator\" content=\"@7culturec\" \/>\n<meta name=\"twitter:site\" content=\"@7culturec\" \/>\n<meta name=\"twitter:label1\" content=\"\u00c9crit par\" \/>\n\t<meta name=\"twitter:data1\" content=\"7culture2020\" \/>\n\t<meta name=\"twitter:label2\" content=\"Dur\u00e9e de lecture estim\u00e9e\" \/>\n\t<meta name=\"twitter:data2\" content=\"3 minutes\" \/>\n<script type=\"application\/ld+json\" class=\"yoast-schema-graph\">{\"@context\":\"https:\/\/schema.org\",\"@graph\":[{\"@type\":\"Article\",\"@id\":\"https:\/\/7culture.ci\/index.php\/2025\/03\/22\/vernissage-a-linsaac-julien-kando-edifie-les-etudiants\/#article\",\"isPartOf\":{\"@id\":\"https:\/\/7culture.ci\/index.php\/2025\/03\/22\/vernissage-a-linsaac-julien-kando-edifie-les-etudiants\/\"},\"author\":{\"name\":\"7culture2020\",\"@id\":\"https:\/\/7culture.ci\/#\/schema\/person\/16150d28d7ef66ba788c1f87f28c4426\"},\"headline\":\"Vernissage \u00e0 l\u2019Insaac\u00a0: Julien Kando \u00e9difie les \u00e9tudiants\",\"datePublished\":\"2025-03-22T09:27:36+00:00\",\"dateModified\":\"2025-03-22T14:15:21+00:00\",\"mainEntityOfPage\":{\"@id\":\"https:\/\/7culture.ci\/index.php\/2025\/03\/22\/vernissage-a-linsaac-julien-kando-edifie-les-etudiants\/\"},\"wordCount\":529,\"commentCount\":0,\"publisher\":{\"@id\":\"https:\/\/7culture.ci\/#organization\"},\"articleSection\":[\"Actualit\u00e9\"],\"inLanguage\":\"fr-FR\",\"potentialAction\":[{\"@type\":\"CommentAction\",\"name\":\"Comment\",\"target\":[\"https:\/\/7culture.ci\/index.php\/2025\/03\/22\/vernissage-a-linsaac-julien-kando-edifie-les-etudiants\/#respond\"]}]},{\"@type\":\"WebPage\",\"@id\":\"https:\/\/7culture.ci\/index.php\/2025\/03\/22\/vernissage-a-linsaac-julien-kando-edifie-les-etudiants\/\",\"url\":\"https:\/\/7culture.ci\/index.php\/2025\/03\/22\/vernissage-a-linsaac-julien-kando-edifie-les-etudiants\/\",\"name\":\"Vernissage \u00e0 l\u2019Insaac\u00a0: Julien Kando \u00e9difie les \u00e9tudiants - 7culture\",\"isPartOf\":{\"@id\":\"https:\/\/7culture.ci\/#website\"},\"datePublished\":\"2025-03-22T09:27:36+00:00\",\"dateModified\":\"2025-03-22T14:15:21+00:00\",\"breadcrumb\":{\"@id\":\"https:\/\/7culture.ci\/index.php\/2025\/03\/22\/vernissage-a-linsaac-julien-kando-edifie-les-etudiants\/#breadcrumb\"},\"inLanguage\":\"fr-FR\",\"potentialAction\":[{\"@type\":\"ReadAction\",\"target\":[\"https:\/\/7culture.ci\/index.php\/2025\/03\/22\/vernissage-a-linsaac-julien-kando-edifie-les-etudiants\/\"]}]},{\"@type\":\"BreadcrumbList\",\"@id\":\"https:\/\/7culture.ci\/index.php\/2025\/03\/22\/vernissage-a-linsaac-julien-kando-edifie-les-etudiants\/#breadcrumb\",\"itemListElement\":[{\"@type\":\"ListItem\",\"position\":1,\"name\":\"Accueil\",\"item\":\"https:\/\/7culture.ci\/\"},{\"@type\":\"ListItem\",\"position\":2,\"name\":\"Vernissage \u00e0 l\u2019Insaac\u00a0: Julien Kando \u00e9difie les \u00e9tudiants\"}]},{\"@type\":\"WebSite\",\"@id\":\"https:\/\/7culture.ci\/#website\",\"url\":\"https:\/\/7culture.ci\/\",\"name\":\"7culture\",\"description\":\"Tout sur l&#039;actualit\u00e9\",\"publisher\":{\"@id\":\"https:\/\/7culture.ci\/#organization\"},\"potentialAction\":[{\"@type\":\"SearchAction\",\"target\":{\"@type\":\"EntryPoint\",\"urlTemplate\":\"https:\/\/7culture.ci\/?s={search_term_string}\"},\"query-input\":\"required name=search_term_string\"}],\"inLanguage\":\"fr-FR\"},{\"@type\":\"Organization\",\"@id\":\"https:\/\/7culture.ci\/#organization\",\"name\":\"7culture\",\"url\":\"https:\/\/7culture.ci\/\",\"sameAs\":[\"https:\/\/www.facebook.com\/redchefclaude\",\"https:\/\/twitter.com\/7culturec\"],\"logo\":{\"@type\":\"ImageObject\",\"inLanguage\":\"fr-FR\",\"@id\":\"https:\/\/7culture.ci\/#\/schema\/logo\/image\/\",\"url\":\"https:\/\/7culture.ci\/wp-content\/uploads\/2021\/12\/S1a-1.png\",\"contentUrl\":\"https:\/\/7culture.ci\/wp-content\/uploads\/2021\/12\/S1a-1.png\",\"width\":588,\"height\":192,\"caption\":\"7culture\"},\"image\":{\"@id\":\"https:\/\/7culture.ci\/#\/schema\/logo\/image\/\"}},{\"@type\":\"Person\",\"@id\":\"https:\/\/7culture.ci\/#\/schema\/person\/16150d28d7ef66ba788c1f87f28c4426\",\"name\":\"7culture2020\",\"image\":{\"@type\":\"ImageObject\",\"inLanguage\":\"fr-FR\",\"@id\":\"https:\/\/7culture.ci\/#\/schema\/person\/image\/\",\"url\":\"https:\/\/secure.gravatar.com\/avatar\/9a0784f951306c37bcd065f52844ef95?s=96&d=mm&r=g\",\"contentUrl\":\"https:\/\/secure.gravatar.com\/avatar\/9a0784f951306c37bcd065f52844ef95?s=96&d=mm&r=g\",\"caption\":\"7culture2020\"},\"sameAs\":[\"http:\/\/7culture.ci\",\"Claude.kipre\"],\"url\":\"https:\/\/7culture.ci\/index.php\/author\/7culture2020\/\"}]}<\/script>\n<!-- \/ Yoast SEO plugin. -->","yoast_head_json":{"title":"Vernissage \u00e0 l\u2019Insaac\u00a0: Julien Kando \u00e9difie les \u00e9tudiants - 7culture","robots":{"index":"index","follow":"follow","max-snippet":"max-snippet:-1","max-image-preview":"max-image-preview:large","max-video-preview":"max-video-preview:-1"},"canonical":"https:\/\/7culture.ci\/index.php\/2025\/03\/22\/vernissage-a-linsaac-julien-kando-edifie-les-etudiants\/","og_locale":"fr_FR","og_type":"article","og_title":"Vernissage \u00e0 l\u2019Insaac\u00a0: Julien Kando \u00e9difie les \u00e9tudiants - 7culture","og_description":"Pour ce rendez-vous avec le public ivoirien, l\u2019artiste afro-canadien, Julien Kando a appris aux \u00e9tudiants le processus de cr\u00e9ation qui devient un spectacle transformant l\u2019acte artistique en un moment de partage et de dialogue. C\u2019\u00e9tait au vernissage \u00e0 l\u2019Institut national sup\u00e9rieur des Arts et de l\u2019Action culturel (INSAAC), le lundi 17 mars 2025, \u00e0 Abidjan-Cocody. &hellip; Vernissage \u00e0 l\u2019Insaac\u00a0: Julien Kando \u00e9difie les \u00e9tudiants Lire la suite\u00a0\u00bb","og_url":"https:\/\/7culture.ci\/index.php\/2025\/03\/22\/vernissage-a-linsaac-julien-kando-edifie-les-etudiants\/","og_site_name":"7culture","article_publisher":"https:\/\/www.facebook.com\/redchefclaude","article_published_time":"2025-03-22T09:27:36+00:00","article_modified_time":"2025-03-22T14:15:21+00:00","og_image":[{"width":2560,"height":1706,"url":"http:\/\/7culture.ci\/wp-content\/uploads\/2025\/03\/WhatsApp-Image-2025-03-18-at-16.33.23-2.jpeg","type":"image\/jpeg"}],"author":"7culture2020","twitter_card":"summary_large_image","twitter_creator":"@7culturec","twitter_site":"@7culturec","twitter_misc":{"\u00c9crit par":"7culture2020","Dur\u00e9e de lecture estim\u00e9e":"3 minutes"},"schema":{"@context":"https:\/\/schema.org","@graph":[{"@type":"Article","@id":"https:\/\/7culture.ci\/index.php\/2025\/03\/22\/vernissage-a-linsaac-julien-kando-edifie-les-etudiants\/#article","isPartOf":{"@id":"https:\/\/7culture.ci\/index.php\/2025\/03\/22\/vernissage-a-linsaac-julien-kando-edifie-les-etudiants\/"},"author":{"name":"7culture2020","@id":"https:\/\/7culture.ci\/#\/schema\/person\/16150d28d7ef66ba788c1f87f28c4426"},"headline":"Vernissage \u00e0 l\u2019Insaac\u00a0: Julien Kando \u00e9difie les \u00e9tudiants","datePublished":"2025-03-22T09:27:36+00:00","dateModified":"2025-03-22T14:15:21+00:00","mainEntityOfPage":{"@id":"https:\/\/7culture.ci\/index.php\/2025\/03\/22\/vernissage-a-linsaac-julien-kando-edifie-les-etudiants\/"},"wordCount":529,"commentCount":0,"publisher":{"@id":"https:\/\/7culture.ci\/#organization"},"articleSection":["Actualit\u00e9"],"inLanguage":"fr-FR","potentialAction":[{"@type":"CommentAction","name":"Comment","target":["https:\/\/7culture.ci\/index.php\/2025\/03\/22\/vernissage-a-linsaac-julien-kando-edifie-les-etudiants\/#respond"]}]},{"@type":"WebPage","@id":"https:\/\/7culture.ci\/index.php\/2025\/03\/22\/vernissage-a-linsaac-julien-kando-edifie-les-etudiants\/","url":"https:\/\/7culture.ci\/index.php\/2025\/03\/22\/vernissage-a-linsaac-julien-kando-edifie-les-etudiants\/","name":"Vernissage \u00e0 l\u2019Insaac\u00a0: Julien Kando \u00e9difie les \u00e9tudiants - 7culture","isPartOf":{"@id":"https:\/\/7culture.ci\/#website"},"datePublished":"2025-03-22T09:27:36+00:00","dateModified":"2025-03-22T14:15:21+00:00","breadcrumb":{"@id":"https:\/\/7culture.ci\/index.php\/2025\/03\/22\/vernissage-a-linsaac-julien-kando-edifie-les-etudiants\/#breadcrumb"},"inLanguage":"fr-FR","potentialAction":[{"@type":"ReadAction","target":["https:\/\/7culture.ci\/index.php\/2025\/03\/22\/vernissage-a-linsaac-julien-kando-edifie-les-etudiants\/"]}]},{"@type":"BreadcrumbList","@id":"https:\/\/7culture.ci\/index.php\/2025\/03\/22\/vernissage-a-linsaac-julien-kando-edifie-les-etudiants\/#breadcrumb","itemListElement":[{"@type":"ListItem","position":1,"name":"Accueil","item":"https:\/\/7culture.ci\/"},{"@type":"ListItem","position":2,"name":"Vernissage \u00e0 l\u2019Insaac\u00a0: Julien Kando \u00e9difie les \u00e9tudiants"}]},{"@type":"WebSite","@id":"https:\/\/7culture.ci\/#website","url":"https:\/\/7culture.ci\/","name":"7culture","description":"Tout sur l&#039;actualit\u00e9","publisher":{"@id":"https:\/\/7culture.ci\/#organization"},"potentialAction":[{"@type":"SearchAction","target":{"@type":"EntryPoint","urlTemplate":"https:\/\/7culture.ci\/?s={search_term_string}"},"query-input":"required name=search_term_string"}],"inLanguage":"fr-FR"},{"@type":"Organization","@id":"https:\/\/7culture.ci\/#organization","name":"7culture","url":"https:\/\/7culture.ci\/","sameAs":["https:\/\/www.facebook.com\/redchefclaude","https:\/\/twitter.com\/7culturec"],"logo":{"@type":"ImageObject","inLanguage":"fr-FR","@id":"https:\/\/7culture.ci\/#\/schema\/logo\/image\/","url":"https:\/\/7culture.ci\/wp-content\/uploads\/2021\/12\/S1a-1.png","contentUrl":"https:\/\/7culture.ci\/wp-content\/uploads\/2021\/12\/S1a-1.png","width":588,"height":192,"caption":"7culture"},"image":{"@id":"https:\/\/7culture.ci\/#\/schema\/logo\/image\/"}},{"@type":"Person","@id":"https:\/\/7culture.ci\/#\/schema\/person\/16150d28d7ef66ba788c1f87f28c4426","name":"7culture2020","image":{"@type":"ImageObject","inLanguage":"fr-FR","@id":"https:\/\/7culture.ci\/#\/schema\/person\/image\/","url":"https:\/\/secure.gravatar.com\/avatar\/9a0784f951306c37bcd065f52844ef95?s=96&d=mm&r=g","contentUrl":"https:\/\/secure.gravatar.com\/avatar\/9a0784f951306c37bcd065f52844ef95?s=96&d=mm&r=g","caption":"7culture2020"},"sameAs":["http:\/\/7culture.ci","Claude.kipre"],"url":"https:\/\/7culture.ci\/index.php\/author\/7culture2020\/"}]}},"jetpack_featured_media_url":"https:\/\/7culture.ci\/wp-content\/uploads\/2025\/03\/WhatsApp-Image-2025-03-18-at-16.33.23-2.jpeg","jetpack_likes_enabled":true,"jetpack_sharing_enabled":true,"_links":{"self":[{"href":"https:\/\/7culture.ci\/index.php\/wp-json\/wp\/v2\/posts\/26757"}],"collection":[{"href":"https:\/\/7culture.ci\/index.php\/wp-json\/wp\/v2\/posts"}],"about":[{"href":"https:\/\/7culture.ci\/index.php\/wp-json\/wp\/v2\/types\/post"}],"author":[{"embeddable":true,"href":"https:\/\/7culture.ci\/index.php\/wp-json\/wp\/v2\/users\/1"}],"replies":[{"embeddable":true,"href":"https:\/\/7culture.ci\/index.php\/wp-json\/wp\/v2\/comments?post=26757"}],"version-history":[{"count":1,"href":"https:\/\/7culture.ci\/index.php\/wp-json\/wp\/v2\/posts\/26757\/revisions"}],"predecessor-version":[{"id":26768,"href":"https:\/\/7culture.ci\/index.php\/wp-json\/wp\/v2\/posts\/26757\/revisions\/26768"}],"wp:featuredmedia":[{"embeddable":true,"href":"https:\/\/7culture.ci\/index.php\/wp-json\/wp\/v2\/media\/26759"}],"wp:attachment":[{"href":"https:\/\/7culture.ci\/index.php\/wp-json\/wp\/v2\/media?parent=26757"}],"wp:term":[{"taxonomy":"category","embeddable":true,"href":"https:\/\/7culture.ci\/index.php\/wp-json\/wp\/v2\/categories?post=26757"},{"taxonomy":"post_tag","embeddable":true,"href":"https:\/\/7culture.ci\/index.php\/wp-json\/wp\/v2\/tags?post=26757"}],"curies":[{"name":"wp","href":"https:\/\/api.w.org\/{rel}","templated":true}]}}