{"id":26749,"date":"2025-03-21T10:37:19","date_gmt":"2025-03-21T10:37:19","guid":{"rendered":"https:\/\/7culture.ci\/?p=26749"},"modified":"2025-03-22T09:28:24","modified_gmt":"2025-03-22T09:28:24","slug":"manoute-seri-je-vais-innover-sur-le-plan-culturel-a-yamoussoukro","status":"publish","type":"post","link":"https:\/\/7culture.ci\/index.php\/2025\/03\/21\/manoute-seri-je-vais-innover-sur-le-plan-culturel-a-yamoussoukro\/","title":{"rendered":"Manout\u00e9 S\u00e9ri : \u00ab Je vais innover sur le plan culturel \u00e0 Yamoussoukro \u00bb"},"content":{"rendered":"\n<p><em>Manout\u00e9 S\u00e9ri, promoteur culturel ivoirien, r\u00e9sident \u00e0 Newcastle en Angleterre, organisateur du c\u00e9l\u00e8bre festival \u2018\u2019L\u2019Afrique Festival\u2019\u2019 est le d\u00e9tenteur de l\u2019\u00e9dition 2024 de la Distinction des acteurs culturels de la diaspora (DACID). Il a pour projet de cr\u00e9er un centre d\u00e9di\u00e9 \u00e0 la formation de jeunes talents dans la musique, \u00e0 Yamoussoukro, capitale politique de la C\u00f4te d\u2019Ivoire. Interview r\u00e9alis\u00e9 par t\u00e9l\u00e9phone.<\/em><\/p>\n\n\n\n<p>. <strong>Tyrone, le manager de l\u2019artiste chanteur Moli\u00e8re, vous a repr\u00e9sent\u00e9 \u00e0 Abidjan, le lundi 3 mars 2025, pour recevoir les prix li\u00e9s \u00e0 la Palme d\u2019Or de la deuxi\u00e8me \u00e9dition de la Distinction des acteurs culturels de la diaspora (DACID) que vous avez remport\u00e9 \u00e0 Paris. Quels sont vos sentiments ?<\/strong><\/p>\n\n\n\n<ul>\n<li>Je suis honor\u00e9 et profond\u00e9ment touch\u00e9 par cette distinction qui t\u00e9moigne de la reconnaissance de mon travail. C&#8217;est un sentiment de gratitude qui m\u2019envahit, non seulement pour cette r\u00e9compense, mais aussi pour l&#8217;importance croissante de la culture ivoirienne dans la diaspora. Cette Palme d\u2019Or symbolise l\u2019engagement collectif de ceux qui \u0153uvrent \u00e0 la valorisation de notre patrimoine culturel \u00e0 l\u2019\u00e9chelle mondiale. Je tiens \u00e0 remercier sinc\u00e8rement les organisateurs de la DACID ainsi que tous ceux qui participent \u00e0 cette belle initiative. Sans oublier Mme Konan \u00e9pouse N&#8217;Dri Nboussou Marina, Pdg d&#8217;Ivoire Mondial Construction (IMC), pour ce prestigieux prix.<\/li>\n<\/ul>\n\n\n\n<p>. <strong>Qu\u2019allez-vous faire pour la mise en valeur du terrain de 500 m\u00b2 situ\u00e9 \u00e0 Yamoussoukro, dans la capitale politique ivoirienne, que vous avez re\u00e7u comme r\u00e9compense ?<\/strong><\/p>\n\n\n\n<ul>\n<li>Nous sommes en pleine r\u00e9flexion sur l&#8217;utilisation de ce terrain et envisageons d&#8217;y cr\u00e9er un &#8220;Africa Center&#8221;. Ce centre serait un lieu de transmission de la culture africaine, d\u00e9di\u00e9 \u00e0 la formation des jeunes talents et \u00e0 la valorisation de notre patrimoine \u00e0 travers des \u00e9changes interculturels. Notre objectif est de faire de cet espace un v\u00e9ritable p\u00f4le d\u2019apprentissage et d\u2019innovations culturelles, contribuant \u00e0 la formation des acteurs culturels tout en favorisant des synergies entre les g\u00e9n\u00e9rations et les cultures.<\/li>\n<\/ul>\n\n\n\n<p><strong>. Quand allez-vous venir \u00e0 Abidjan en vue de ce projet de mise en valeur du terrain ?<\/strong><\/p>\n\n\n\n<ul>\n<li>Je pr\u00e9vois de me rendre \u00e0 Abidjan tr\u00e8s prochainement. Ce d\u00e9placement me permettra de rencontrer les parties prenantes locales et de d\u00e9finir les \u00e9tapes concr\u00e8tes pour le lancement de ce projet ambitieux.<\/li>\n<\/ul>\n\n\n\n<figure class=\"wp-block-image aligncenter size-large is-resized\"><img loading=\"lazy\" decoding=\"async\" width=\"683\" height=\"1024\" src=\"https:\/\/7culture.ci\/wp-content\/uploads\/2025\/03\/WhatsApp-Image-2025-03-11-at-21.49.50-1-683x1024.jpeg\" alt=\"\" class=\"wp-image-26752\" style=\"width:351px;height:auto\" srcset=\"https:\/\/7culture.ci\/wp-content\/uploads\/2025\/03\/WhatsApp-Image-2025-03-11-at-21.49.50-1-683x1024.jpeg 683w, https:\/\/7culture.ci\/wp-content\/uploads\/2025\/03\/WhatsApp-Image-2025-03-11-at-21.49.50-1-200x300.jpeg 200w, https:\/\/7culture.ci\/wp-content\/uploads\/2025\/03\/WhatsApp-Image-2025-03-11-at-21.49.50-1.jpeg 720w\" sizes=\"(max-width: 683px) 100vw, 683px\" \/><\/figure>\n\n\n\n<p><strong>. L\u2019une des missions de l\u2019Association des managers, producteurs, promoteurs et concepteurs de la diaspora (AMPP-Diaspora) est de permettre \u00e0 ses membres de travailler dans le formel et de rompre avec l\u2019informel. Quel bilan pouvez-vous faire de ce concept ?<\/strong><\/p>\n\n\n\n<ul>\n<li>C&#8217;est une initiative essentielle pour la professionnalisation de notre secteur culturel. Il est primordial que les acteurs de la diaspora disposent de structures l\u00e9gales et solides pour prosp\u00e9rer. L&#8217;AMPP-Diaspora joue un r\u00f4le cl\u00e9 dans cette transition vers le formel. Toutefois, il est \u00e9galement important que cette d\u00e9marche b\u00e9n\u00e9ficie du soutien constant des autorit\u00e9s publiques et des partenaires priv\u00e9s pour garantir sa p\u00e9rennit\u00e9.<\/li>\n<\/ul>\n\n\n\n<p><strong>. Quelles sont les difficult\u00e9s que vous rencontrez dans l\u2019exercice de votre fonction de promoteur culturel ?<\/strong><\/p>\n\n\n\n<ul>\n<li>Les d\u00e9fis sont nombreux, notamment \u00e0 la suite de la crise sanitaire li\u00e9e \u00e0 la Covid-19, qui a profond\u00e9ment perturb\u00e9 l&#8217;industrie culturelle. Cependant, je reste convaincu que la culture est un vecteur puissant de rassemblement, d\u2019unit\u00e9 et de partage. Malgr\u00e9 ces obstacles, nous devons redoubler d\u2019efforts pour promouvoir la culture africaine et contribuer \u00e0 une meilleure compr\u00e9hension de notre continent, de ses valeurs et de sa modernit\u00e9.<\/li>\n<\/ul>\n\n\n\n<p><strong>. Quels sont les d\u00e9fis que &#8220;Afrique Festival&#8221; doit relever ?<\/strong><\/p>\n\n\n\n<ul>\n<li>Le principal d\u00e9fi pour &#8220;Afrique Festival&#8221; reste la capacit\u00e9 \u00e0 transmettre la richesse et la diversit\u00e9 de la culture africaine aux nouvelles g\u00e9n\u00e9rations et au-del\u00e0. Il nous faut continuer \u00e0 \u00e9largir notre public et \u00e0 proposer des initiatives de formation pour les acteurs culturels afin de garantir la p\u00e9rennit\u00e9 de cet \u00e9v\u00e9nement, qui a travers\u00e9 les ann\u00e9es avec succ\u00e8s. Nous pr\u00e9parons activement la c\u00e9l\u00e9bration de nos 20 ans. Ce festival reste un \u00e9v\u00e9nement majeur pour le d\u00e9veloppement de notre identit\u00e9 culturelle et son rayonnement international. Depuis sa cr\u00e9ation en 2003, &#8220;Afrique Festival&#8221; s&#8217;est impos\u00e9 comme un \u00e9v\u00e9nement incontournable des \u00e9changes culturels, attirant plus de 2 millions de festivaliers. Ce festival c\u00e9l\u00e8bre la fraternit\u00e9, la diversit\u00e9 et l\u2019ouverture d\u2019esprit en mettant en lumi\u00e8re la richesse de la culture africaine contemporaine.<\/li>\n<\/ul>\n\n\n\n<figure class=\"wp-block-image aligncenter size-full is-resized\"><img loading=\"lazy\" decoding=\"async\" width=\"1024\" height=\"656\" src=\"https:\/\/7culture.ci\/wp-content\/uploads\/2025\/03\/WhatsApp-Image-2025-03-11-at-21.49.51.jpeg\" alt=\"\" class=\"wp-image-26753\" style=\"width:574px;height:auto\" srcset=\"https:\/\/7culture.ci\/wp-content\/uploads\/2025\/03\/WhatsApp-Image-2025-03-11-at-21.49.51.jpeg 1024w, https:\/\/7culture.ci\/wp-content\/uploads\/2025\/03\/WhatsApp-Image-2025-03-11-at-21.49.51-300x192.jpeg 300w, https:\/\/7culture.ci\/wp-content\/uploads\/2025\/03\/WhatsApp-Image-2025-03-11-at-21.49.51-768x492.jpeg 768w\" sizes=\"(max-width: 1024px) 100vw, 1024px\" \/><\/figure>\n\n\n\n<p><strong>. Nous apprenons que la musique ivoirienne reste encore fortement communautaire au sein de la diaspora. Que faites-vous pour sortir de cette situation ?<\/strong><\/p>\n\n\n\n<ul>\n<li>Il est vrai que la musique ivoirienne reste encore en grande partie confin\u00e9e \u00e0 des communaut\u00e9s sp\u00e9cifiques. Cependant, il est essentiel d\u2019\u00e9largir son audience au-del\u00e0 des cercles communautaires. Pour ce faire, il faut ouvrir de nouvelles sc\u00e8nes, comme des salles de concert conventionnelles, qui attirent des publics divers. Cela permettra \u00e0 nos artistes de se produire devant des publics nouveaux et de participer \u00e0 des \u00e9v\u00e9nements de grande envergure, notamment des festivals internationaux et des m\u00e9dias grand public.<\/li>\n<\/ul>\n\n\n\n<p><strong>. En tant que promoteur culturel, n\u2019envisagez-vous pas organiser un festival \u00e0 Abidjan ?<\/strong><\/p>\n\n\n\n<ul>\n<li>Effectivement, ce projet est \u00e0 l\u2019\u00e9tude. Organiser un festival \u00e0 Abidjan ou dans un autre pays africain serait une excellente opportunit\u00e9 de d\u00e9localiser l\u2019\u00e9v\u00e9nement et de renforcer les liens entre la diaspora et la culture ivoirienne et africaine. Nous r\u00e9fl\u00e9chissons s\u00e9rieusement \u00e0 cette possibilit\u00e9 afin de consolider notre pr\u00e9sence sur le terrain et d\u2019\u00e9largir notre impact en Afrique.<\/li>\n<\/ul>\n\n\n\n<figure class=\"wp-block-gallery has-nested-images columns-default is-cropped wp-block-gallery-1 is-layout-flex wp-block-gallery-is-layout-flex\">\n<figure class=\"wp-block-image size-large\"><img loading=\"lazy\" decoding=\"async\" width=\"1024\" height=\"683\" data-id=\"26754\" src=\"https:\/\/7culture.ci\/wp-content\/uploads\/2025\/03\/WhatsApp-Image-2025-03-11-at-21.49.49-1024x683.jpeg\" alt=\"\" class=\"wp-image-26754\" srcset=\"https:\/\/7culture.ci\/wp-content\/uploads\/2025\/03\/WhatsApp-Image-2025-03-11-at-21.49.49-1024x683.jpeg 1024w, https:\/\/7culture.ci\/wp-content\/uploads\/2025\/03\/WhatsApp-Image-2025-03-11-at-21.49.49-300x200.jpeg 300w, https:\/\/7culture.ci\/wp-content\/uploads\/2025\/03\/WhatsApp-Image-2025-03-11-at-21.49.49-768x512.jpeg 768w, https:\/\/7culture.ci\/wp-content\/uploads\/2025\/03\/WhatsApp-Image-2025-03-11-at-21.49.49.jpeg 1080w\" sizes=\"(max-width: 1024px) 100vw, 1024px\" \/><\/figure>\n\n\n\n<figure class=\"wp-block-image size-large\"><img loading=\"lazy\" decoding=\"async\" width=\"1024\" height=\"683\" data-id=\"26755\" src=\"https:\/\/7culture.ci\/wp-content\/uploads\/2025\/03\/WhatsApp-Image-2025-03-11-at-21.49.50-1024x683.jpeg\" alt=\"\" class=\"wp-image-26755\" srcset=\"https:\/\/7culture.ci\/wp-content\/uploads\/2025\/03\/WhatsApp-Image-2025-03-11-at-21.49.50-1024x683.jpeg 1024w, https:\/\/7culture.ci\/wp-content\/uploads\/2025\/03\/WhatsApp-Image-2025-03-11-at-21.49.50-300x200.jpeg 300w, https:\/\/7culture.ci\/wp-content\/uploads\/2025\/03\/WhatsApp-Image-2025-03-11-at-21.49.50-768x512.jpeg 768w, https:\/\/7culture.ci\/wp-content\/uploads\/2025\/03\/WhatsApp-Image-2025-03-11-at-21.49.50.jpeg 1080w\" sizes=\"(max-width: 1024px) 100vw, 1024px\" \/><\/figure>\n<\/figure>\n\n\n\n<p>Par \u00c9ric COSSA<\/p>\n","protected":false},"excerpt":{"rendered":"<p>Manout\u00e9 S\u00e9ri, promoteur culturel ivoirien, r\u00e9sident \u00e0 Newcastle en Angleterre, organisateur du c\u00e9l\u00e8bre festival \u2018\u2019L\u2019Afrique Festival\u2019\u2019 est le d\u00e9tenteur de l\u2019\u00e9dition 2024 de la Distinction des acteurs culturels de la diaspora (DACID). Il a pour projet de cr\u00e9er un centre d\u00e9di\u00e9 \u00e0 la formation de jeunes talents dans la musique, \u00e0 Yamoussoukro, capitale politique de &hellip;<\/p>\n<p class=\"read-more\"> <a class=\"\" href=\"https:\/\/7culture.ci\/index.php\/2025\/03\/21\/manoute-seri-je-vais-innover-sur-le-plan-culturel-a-yamoussoukro\/\"> <span class=\"screen-reader-text\">Manout\u00e9 S\u00e9ri : \u00ab Je vais innover sur le plan culturel \u00e0 Yamoussoukro \u00bb<\/span> Lire la suite\u00a0\u00bb<\/a><\/p>\n","protected":false},"author":1,"featured_media":26751,"comment_status":"open","ping_status":"open","sticky":false,"template":"","format":"standard","meta":{"_mi_skip_tracking":false,"_monsterinsights_sitenote_active":false,"_monsterinsights_sitenote_note":"","_monsterinsights_sitenote_category":0,"site-sidebar-layout":"default","site-content-layout":"default","ast-global-header-display":"","ast-main-header-display":"","ast-hfb-above-header-display":"","ast-hfb-below-header-display":"","ast-hfb-mobile-header-display":"","site-post-title":"","ast-breadcrumbs-content":"","ast-featured-img":"","footer-sml-layout":"","theme-transparent-header-meta":"","adv-header-id-meta":"","stick-header-meta":"","header-above-stick-meta":"","header-main-stick-meta":"","header-below-stick-meta":"","footnotes":"","jetpack_publicize_message":"","jetpack_is_tweetstorm":false,"jetpack_publicize_feature_enabled":true},"categories":[22],"tags":[],"jetpack_publicize_connections":[],"acf":[],"aioseo_notices":[],"yoast_head":"<!-- This site is optimized with the Yoast SEO plugin v19.6.1 - https:\/\/yoast.com\/wordpress\/plugins\/seo\/ -->\n<title>Manout\u00e9 S\u00e9ri : \u00ab Je vais innover sur le plan culturel \u00e0 Yamoussoukro \u00bb - 7culture<\/title>\n<meta name=\"robots\" content=\"index, follow, max-snippet:-1, max-image-preview:large, max-video-preview:-1\" \/>\n<link rel=\"canonical\" href=\"https:\/\/7culture.ci\/index.php\/2025\/03\/21\/manoute-seri-je-vais-innover-sur-le-plan-culturel-a-yamoussoukro\/\" \/>\n<meta property=\"og:locale\" content=\"fr_FR\" \/>\n<meta property=\"og:type\" content=\"article\" \/>\n<meta property=\"og:title\" content=\"Manout\u00e9 S\u00e9ri : \u00ab Je vais innover sur le plan culturel \u00e0 Yamoussoukro \u00bb - 7culture\" \/>\n<meta property=\"og:description\" content=\"Manout\u00e9 S\u00e9ri, promoteur culturel ivoirien, r\u00e9sident \u00e0 Newcastle en Angleterre, organisateur du c\u00e9l\u00e8bre festival \u2018\u2019L\u2019Afrique Festival\u2019\u2019 est le d\u00e9tenteur de l\u2019\u00e9dition 2024 de la Distinction des acteurs culturels de la diaspora (DACID). Il a pour projet de cr\u00e9er un centre d\u00e9di\u00e9 \u00e0 la formation de jeunes talents dans la musique, \u00e0 Yamoussoukro, capitale politique de &hellip; Manout\u00e9 S\u00e9ri : \u00ab Je vais innover sur le plan culturel \u00e0 Yamoussoukro \u00bb Lire la suite\u00a0\u00bb\" \/>\n<meta property=\"og:url\" content=\"https:\/\/7culture.ci\/index.php\/2025\/03\/21\/manoute-seri-je-vais-innover-sur-le-plan-culturel-a-yamoussoukro\/\" \/>\n<meta property=\"og:site_name\" content=\"7culture\" \/>\n<meta property=\"article:publisher\" content=\"https:\/\/www.facebook.com\/redchefclaude\" \/>\n<meta property=\"article:published_time\" content=\"2025-03-21T10:37:19+00:00\" \/>\n<meta property=\"article:modified_time\" content=\"2025-03-22T09:28:24+00:00\" \/>\n<meta property=\"og:image\" content=\"http:\/\/7culture.ci\/wp-content\/uploads\/2025\/03\/WhatsApp-Image-2025-03-11-at-21.49.51-1.jpeg\" \/>\n\t<meta property=\"og:image:width\" content=\"1080\" \/>\n\t<meta property=\"og:image:height\" content=\"810\" \/>\n\t<meta property=\"og:image:type\" content=\"image\/jpeg\" \/>\n<meta name=\"author\" content=\"7culture2020\" \/>\n<meta name=\"twitter:card\" content=\"summary_large_image\" \/>\n<meta name=\"twitter:creator\" content=\"@7culturec\" \/>\n<meta name=\"twitter:site\" content=\"@7culturec\" \/>\n<meta name=\"twitter:label1\" content=\"\u00c9crit par\" \/>\n\t<meta name=\"twitter:data1\" content=\"7culture2020\" \/>\n\t<meta name=\"twitter:label2\" content=\"Dur\u00e9e de lecture estim\u00e9e\" \/>\n\t<meta name=\"twitter:data2\" content=\"5 minutes\" \/>\n<script type=\"application\/ld+json\" class=\"yoast-schema-graph\">{\"@context\":\"https:\/\/schema.org\",\"@graph\":[{\"@type\":\"Article\",\"@id\":\"https:\/\/7culture.ci\/index.php\/2025\/03\/21\/manoute-seri-je-vais-innover-sur-le-plan-culturel-a-yamoussoukro\/#article\",\"isPartOf\":{\"@id\":\"https:\/\/7culture.ci\/index.php\/2025\/03\/21\/manoute-seri-je-vais-innover-sur-le-plan-culturel-a-yamoussoukro\/\"},\"author\":{\"name\":\"7culture2020\",\"@id\":\"https:\/\/7culture.ci\/#\/schema\/person\/16150d28d7ef66ba788c1f87f28c4426\"},\"headline\":\"Manout\u00e9 S\u00e9ri : \u00ab Je vais innover sur le plan culturel \u00e0 Yamoussoukro \u00bb\",\"datePublished\":\"2025-03-21T10:37:19+00:00\",\"dateModified\":\"2025-03-22T09:28:24+00:00\",\"mainEntityOfPage\":{\"@id\":\"https:\/\/7culture.ci\/index.php\/2025\/03\/21\/manoute-seri-je-vais-innover-sur-le-plan-culturel-a-yamoussoukro\/\"},\"wordCount\":932,\"commentCount\":0,\"publisher\":{\"@id\":\"https:\/\/7culture.ci\/#organization\"},\"articleSection\":[\"Actualit\u00e9\"],\"inLanguage\":\"fr-FR\",\"potentialAction\":[{\"@type\":\"CommentAction\",\"name\":\"Comment\",\"target\":[\"https:\/\/7culture.ci\/index.php\/2025\/03\/21\/manoute-seri-je-vais-innover-sur-le-plan-culturel-a-yamoussoukro\/#respond\"]}]},{\"@type\":\"WebPage\",\"@id\":\"https:\/\/7culture.ci\/index.php\/2025\/03\/21\/manoute-seri-je-vais-innover-sur-le-plan-culturel-a-yamoussoukro\/\",\"url\":\"https:\/\/7culture.ci\/index.php\/2025\/03\/21\/manoute-seri-je-vais-innover-sur-le-plan-culturel-a-yamoussoukro\/\",\"name\":\"Manout\u00e9 S\u00e9ri : \u00ab Je vais innover sur le plan culturel \u00e0 Yamoussoukro \u00bb - 7culture\",\"isPartOf\":{\"@id\":\"https:\/\/7culture.ci\/#website\"},\"datePublished\":\"2025-03-21T10:37:19+00:00\",\"dateModified\":\"2025-03-22T09:28:24+00:00\",\"breadcrumb\":{\"@id\":\"https:\/\/7culture.ci\/index.php\/2025\/03\/21\/manoute-seri-je-vais-innover-sur-le-plan-culturel-a-yamoussoukro\/#breadcrumb\"},\"inLanguage\":\"fr-FR\",\"potentialAction\":[{\"@type\":\"ReadAction\",\"target\":[\"https:\/\/7culture.ci\/index.php\/2025\/03\/21\/manoute-seri-je-vais-innover-sur-le-plan-culturel-a-yamoussoukro\/\"]}]},{\"@type\":\"BreadcrumbList\",\"@id\":\"https:\/\/7culture.ci\/index.php\/2025\/03\/21\/manoute-seri-je-vais-innover-sur-le-plan-culturel-a-yamoussoukro\/#breadcrumb\",\"itemListElement\":[{\"@type\":\"ListItem\",\"position\":1,\"name\":\"Accueil\",\"item\":\"https:\/\/7culture.ci\/\"},{\"@type\":\"ListItem\",\"position\":2,\"name\":\"Manout\u00e9 S\u00e9ri : \u00ab Je vais innover sur le plan culturel \u00e0 Yamoussoukro \u00bb\"}]},{\"@type\":\"WebSite\",\"@id\":\"https:\/\/7culture.ci\/#website\",\"url\":\"https:\/\/7culture.ci\/\",\"name\":\"7culture\",\"description\":\"Tout sur l&#039;actualit\u00e9\",\"publisher\":{\"@id\":\"https:\/\/7culture.ci\/#organization\"},\"potentialAction\":[{\"@type\":\"SearchAction\",\"target\":{\"@type\":\"EntryPoint\",\"urlTemplate\":\"https:\/\/7culture.ci\/?s={search_term_string}\"},\"query-input\":\"required name=search_term_string\"}],\"inLanguage\":\"fr-FR\"},{\"@type\":\"Organization\",\"@id\":\"https:\/\/7culture.ci\/#organization\",\"name\":\"7culture\",\"url\":\"https:\/\/7culture.ci\/\",\"sameAs\":[\"https:\/\/www.facebook.com\/redchefclaude\",\"https:\/\/twitter.com\/7culturec\"],\"logo\":{\"@type\":\"ImageObject\",\"inLanguage\":\"fr-FR\",\"@id\":\"https:\/\/7culture.ci\/#\/schema\/logo\/image\/\",\"url\":\"https:\/\/7culture.ci\/wp-content\/uploads\/2021\/12\/S1a-1.png\",\"contentUrl\":\"https:\/\/7culture.ci\/wp-content\/uploads\/2021\/12\/S1a-1.png\",\"width\":588,\"height\":192,\"caption\":\"7culture\"},\"image\":{\"@id\":\"https:\/\/7culture.ci\/#\/schema\/logo\/image\/\"}},{\"@type\":\"Person\",\"@id\":\"https:\/\/7culture.ci\/#\/schema\/person\/16150d28d7ef66ba788c1f87f28c4426\",\"name\":\"7culture2020\",\"image\":{\"@type\":\"ImageObject\",\"inLanguage\":\"fr-FR\",\"@id\":\"https:\/\/7culture.ci\/#\/schema\/person\/image\/\",\"url\":\"https:\/\/secure.gravatar.com\/avatar\/9a0784f951306c37bcd065f52844ef95?s=96&d=mm&r=g\",\"contentUrl\":\"https:\/\/secure.gravatar.com\/avatar\/9a0784f951306c37bcd065f52844ef95?s=96&d=mm&r=g\",\"caption\":\"7culture2020\"},\"sameAs\":[\"http:\/\/7culture.ci\",\"Claude.kipre\"],\"url\":\"https:\/\/7culture.ci\/index.php\/author\/7culture2020\/\"}]}<\/script>\n<!-- \/ Yoast SEO plugin. -->","yoast_head_json":{"title":"Manout\u00e9 S\u00e9ri : \u00ab Je vais innover sur le plan culturel \u00e0 Yamoussoukro \u00bb - 7culture","robots":{"index":"index","follow":"follow","max-snippet":"max-snippet:-1","max-image-preview":"max-image-preview:large","max-video-preview":"max-video-preview:-1"},"canonical":"https:\/\/7culture.ci\/index.php\/2025\/03\/21\/manoute-seri-je-vais-innover-sur-le-plan-culturel-a-yamoussoukro\/","og_locale":"fr_FR","og_type":"article","og_title":"Manout\u00e9 S\u00e9ri : \u00ab Je vais innover sur le plan culturel \u00e0 Yamoussoukro \u00bb - 7culture","og_description":"Manout\u00e9 S\u00e9ri, promoteur culturel ivoirien, r\u00e9sident \u00e0 Newcastle en Angleterre, organisateur du c\u00e9l\u00e8bre festival \u2018\u2019L\u2019Afrique Festival\u2019\u2019 est le d\u00e9tenteur de l\u2019\u00e9dition 2024 de la Distinction des acteurs culturels de la diaspora (DACID). Il a pour projet de cr\u00e9er un centre d\u00e9di\u00e9 \u00e0 la formation de jeunes talents dans la musique, \u00e0 Yamoussoukro, capitale politique de &hellip; Manout\u00e9 S\u00e9ri : \u00ab Je vais innover sur le plan culturel \u00e0 Yamoussoukro \u00bb Lire la suite\u00a0\u00bb","og_url":"https:\/\/7culture.ci\/index.php\/2025\/03\/21\/manoute-seri-je-vais-innover-sur-le-plan-culturel-a-yamoussoukro\/","og_site_name":"7culture","article_publisher":"https:\/\/www.facebook.com\/redchefclaude","article_published_time":"2025-03-21T10:37:19+00:00","article_modified_time":"2025-03-22T09:28:24+00:00","og_image":[{"width":1080,"height":810,"url":"http:\/\/7culture.ci\/wp-content\/uploads\/2025\/03\/WhatsApp-Image-2025-03-11-at-21.49.51-1.jpeg","type":"image\/jpeg"}],"author":"7culture2020","twitter_card":"summary_large_image","twitter_creator":"@7culturec","twitter_site":"@7culturec","twitter_misc":{"\u00c9crit par":"7culture2020","Dur\u00e9e de lecture estim\u00e9e":"5 minutes"},"schema":{"@context":"https:\/\/schema.org","@graph":[{"@type":"Article","@id":"https:\/\/7culture.ci\/index.php\/2025\/03\/21\/manoute-seri-je-vais-innover-sur-le-plan-culturel-a-yamoussoukro\/#article","isPartOf":{"@id":"https:\/\/7culture.ci\/index.php\/2025\/03\/21\/manoute-seri-je-vais-innover-sur-le-plan-culturel-a-yamoussoukro\/"},"author":{"name":"7culture2020","@id":"https:\/\/7culture.ci\/#\/schema\/person\/16150d28d7ef66ba788c1f87f28c4426"},"headline":"Manout\u00e9 S\u00e9ri : \u00ab Je vais innover sur le plan culturel \u00e0 Yamoussoukro \u00bb","datePublished":"2025-03-21T10:37:19+00:00","dateModified":"2025-03-22T09:28:24+00:00","mainEntityOfPage":{"@id":"https:\/\/7culture.ci\/index.php\/2025\/03\/21\/manoute-seri-je-vais-innover-sur-le-plan-culturel-a-yamoussoukro\/"},"wordCount":932,"commentCount":0,"publisher":{"@id":"https:\/\/7culture.ci\/#organization"},"articleSection":["Actualit\u00e9"],"inLanguage":"fr-FR","potentialAction":[{"@type":"CommentAction","name":"Comment","target":["https:\/\/7culture.ci\/index.php\/2025\/03\/21\/manoute-seri-je-vais-innover-sur-le-plan-culturel-a-yamoussoukro\/#respond"]}]},{"@type":"WebPage","@id":"https:\/\/7culture.ci\/index.php\/2025\/03\/21\/manoute-seri-je-vais-innover-sur-le-plan-culturel-a-yamoussoukro\/","url":"https:\/\/7culture.ci\/index.php\/2025\/03\/21\/manoute-seri-je-vais-innover-sur-le-plan-culturel-a-yamoussoukro\/","name":"Manout\u00e9 S\u00e9ri : \u00ab Je vais innover sur le plan culturel \u00e0 Yamoussoukro \u00bb - 7culture","isPartOf":{"@id":"https:\/\/7culture.ci\/#website"},"datePublished":"2025-03-21T10:37:19+00:00","dateModified":"2025-03-22T09:28:24+00:00","breadcrumb":{"@id":"https:\/\/7culture.ci\/index.php\/2025\/03\/21\/manoute-seri-je-vais-innover-sur-le-plan-culturel-a-yamoussoukro\/#breadcrumb"},"inLanguage":"fr-FR","potentialAction":[{"@type":"ReadAction","target":["https:\/\/7culture.ci\/index.php\/2025\/03\/21\/manoute-seri-je-vais-innover-sur-le-plan-culturel-a-yamoussoukro\/"]}]},{"@type":"BreadcrumbList","@id":"https:\/\/7culture.ci\/index.php\/2025\/03\/21\/manoute-seri-je-vais-innover-sur-le-plan-culturel-a-yamoussoukro\/#breadcrumb","itemListElement":[{"@type":"ListItem","position":1,"name":"Accueil","item":"https:\/\/7culture.ci\/"},{"@type":"ListItem","position":2,"name":"Manout\u00e9 S\u00e9ri : \u00ab Je vais innover sur le plan culturel \u00e0 Yamoussoukro \u00bb"}]},{"@type":"WebSite","@id":"https:\/\/7culture.ci\/#website","url":"https:\/\/7culture.ci\/","name":"7culture","description":"Tout sur l&#039;actualit\u00e9","publisher":{"@id":"https:\/\/7culture.ci\/#organization"},"potentialAction":[{"@type":"SearchAction","target":{"@type":"EntryPoint","urlTemplate":"https:\/\/7culture.ci\/?s={search_term_string}"},"query-input":"required name=search_term_string"}],"inLanguage":"fr-FR"},{"@type":"Organization","@id":"https:\/\/7culture.ci\/#organization","name":"7culture","url":"https:\/\/7culture.ci\/","sameAs":["https:\/\/www.facebook.com\/redchefclaude","https:\/\/twitter.com\/7culturec"],"logo":{"@type":"ImageObject","inLanguage":"fr-FR","@id":"https:\/\/7culture.ci\/#\/schema\/logo\/image\/","url":"https:\/\/7culture.ci\/wp-content\/uploads\/2021\/12\/S1a-1.png","contentUrl":"https:\/\/7culture.ci\/wp-content\/uploads\/2021\/12\/S1a-1.png","width":588,"height":192,"caption":"7culture"},"image":{"@id":"https:\/\/7culture.ci\/#\/schema\/logo\/image\/"}},{"@type":"Person","@id":"https:\/\/7culture.ci\/#\/schema\/person\/16150d28d7ef66ba788c1f87f28c4426","name":"7culture2020","image":{"@type":"ImageObject","inLanguage":"fr-FR","@id":"https:\/\/7culture.ci\/#\/schema\/person\/image\/","url":"https:\/\/secure.gravatar.com\/avatar\/9a0784f951306c37bcd065f52844ef95?s=96&d=mm&r=g","contentUrl":"https:\/\/secure.gravatar.com\/avatar\/9a0784f951306c37bcd065f52844ef95?s=96&d=mm&r=g","caption":"7culture2020"},"sameAs":["http:\/\/7culture.ci","Claude.kipre"],"url":"https:\/\/7culture.ci\/index.php\/author\/7culture2020\/"}]}},"jetpack_featured_media_url":"https:\/\/7culture.ci\/wp-content\/uploads\/2025\/03\/WhatsApp-Image-2025-03-11-at-21.49.51-1.jpeg","jetpack_likes_enabled":true,"jetpack_sharing_enabled":true,"_links":{"self":[{"href":"https:\/\/7culture.ci\/index.php\/wp-json\/wp\/v2\/posts\/26749"}],"collection":[{"href":"https:\/\/7culture.ci\/index.php\/wp-json\/wp\/v2\/posts"}],"about":[{"href":"https:\/\/7culture.ci\/index.php\/wp-json\/wp\/v2\/types\/post"}],"author":[{"embeddable":true,"href":"https:\/\/7culture.ci\/index.php\/wp-json\/wp\/v2\/users\/1"}],"replies":[{"embeddable":true,"href":"https:\/\/7culture.ci\/index.php\/wp-json\/wp\/v2\/comments?post=26749"}],"version-history":[{"count":1,"href":"https:\/\/7culture.ci\/index.php\/wp-json\/wp\/v2\/posts\/26749\/revisions"}],"predecessor-version":[{"id":26756,"href":"https:\/\/7culture.ci\/index.php\/wp-json\/wp\/v2\/posts\/26749\/revisions\/26756"}],"wp:featuredmedia":[{"embeddable":true,"href":"https:\/\/7culture.ci\/index.php\/wp-json\/wp\/v2\/media\/26751"}],"wp:attachment":[{"href":"https:\/\/7culture.ci\/index.php\/wp-json\/wp\/v2\/media?parent=26749"}],"wp:term":[{"taxonomy":"category","embeddable":true,"href":"https:\/\/7culture.ci\/index.php\/wp-json\/wp\/v2\/categories?post=26749"},{"taxonomy":"post_tag","embeddable":true,"href":"https:\/\/7culture.ci\/index.php\/wp-json\/wp\/v2\/tags?post=26749"}],"curies":[{"name":"wp","href":"https:\/\/api.w.org\/{rel}","templated":true}]}}