{"id":26741,"date":"2025-03-07T10:33:13","date_gmt":"2025-03-07T10:33:13","guid":{"rendered":"https:\/\/7culture.ci\/?p=26741"},"modified":"2025-03-21T10:38:32","modified_gmt":"2025-03-21T10:38:32","slug":"distinction-manoute-seri-enleve-la-palme-dor-a-la-dacid-2024","status":"publish","type":"post","link":"https:\/\/7culture.ci\/index.php\/2025\/03\/07\/distinction-manoute-seri-enleve-la-palme-dor-a-la-dacid-2024\/","title":{"rendered":"Distinction\/Manout\u00e9 Seri enl\u00e8ve la palme d\u2019or \u00e0 la Dacid 2024\u00a0!"},"content":{"rendered":"\n<p>La deuxi\u00e8me \u00e9dition de la Distinction des acteurs culturels de la diaspora (Dacid) section 2024 a \u00e9t\u00e9 enlev\u00e9 par Manout\u00e9 Seri, promoteur culturel ivoirien r\u00e9sident en Angleterre. Il a re\u00e7u sa distinction, le lundi 3 mars 2025, \u00e0 Ivoire mondial construction (IMC), \u00e0 Abidjan-Cocody, en pr\u00e9sence de Ken Adamo, pr\u00e9sident des artistes de C\u00f4te d\u2019Ivoire, Akissi Delta, et bien d\u2019autres personnalit\u00e9s du monde culturel. La Pr\u00e9sidente directrice g\u00e9n\u00e9rale (PDG) de IMC, Mme Marina Konan a assist\u00e9 \u00e0 la c\u00e9r\u00e9monie.&nbsp; Manout\u00e9 Seri a \u00e9t\u00e9 repr\u00e9sent\u00e9 par Tyrone, manager de l\u2019artiste Moli\u00e8re. La Dacid est l\u2019initiative de l\u2019Association des managers, producteurs, promoteurs et concepteurs de la diaspora (Amppc-Diaspora) et pr\u00e9sid\u00e9e par Marc Pi\u00e9koura, alias Marco SFR.<\/p>\n\n\n\n<figure class=\"wp-block-image aligncenter size-large is-resized\"><img loading=\"lazy\" decoding=\"async\" width=\"1024\" height=\"768\" src=\"https:\/\/7culture.ci\/wp-content\/uploads\/2025\/03\/Dacid1-1024x768.jpg\" alt=\"\" class=\"wp-image-26744\" style=\"width:613px;height:auto\" srcset=\"https:\/\/7culture.ci\/wp-content\/uploads\/2025\/03\/Dacid1-1024x768.jpg 1024w, https:\/\/7culture.ci\/wp-content\/uploads\/2025\/03\/Dacid1-300x225.jpg 300w, https:\/\/7culture.ci\/wp-content\/uploads\/2025\/03\/Dacid1-768x576.jpg 768w, https:\/\/7culture.ci\/wp-content\/uploads\/2025\/03\/Dacid1.jpg 1040w\" sizes=\"(max-width: 1024px) 100vw, 1024px\" \/><\/figure>\n\n\n\n<p>C\u2019est un terrain de 500 m2, situ\u00e9 \u00e0 Yamoussoukro, la capitale politique de la C\u00f4te d\u2019Ivoire, au centre du pays, d\u2019une valeur de 20 millions FCFA, offert par IMC qui a \u00e9t\u00e9 donn\u00e9 \u00e0 Manout\u00e9 Seri en guise de r\u00e9compense. Il est l\u2019initiateur d\u2019Afrique festival. La Dacid d\u2019argent est d\u00e9tenue par Amara Daimond, promoteur culturel r\u00e9sident en Finlande. Son terrain de 300 m2 comme r\u00e9compense situ\u00e9 \u00e0 Yamoussoukro et d\u2019une valeur de 3 millions FCFA est l\u2019\u0153uvre de IMC. La Dacid de bronze est revenu \u00e0 Alain Negbl\u00e9, r\u00e9alisateur r\u00e9sident en France. Son gain est un terrain de 500 m2 situ\u00e9 \u00e0 Tiassal\u00e9. Il est offert par GGB Multi Services.<\/p>\n\n\n\n<p>Le repr\u00e9sentant de Manout\u00e9 Seri, Tyrone a appr\u00e9ci\u00e9 l\u2019initiative de la Dacid qui, pour lui, est un creuset de, non seulement, de renforcement de liens entre ivoiriens, mais aussi de motivation \u00e0 donner le meilleur de soit m\u00eame en vue de la promotion v\u00e9ritable de la culture en g\u00e9n\u00e9ral et de la C\u00f4te d\u2019Ivoire en particulier. Il a souhait\u00e9 que la Dacid continue d\u2019accomplir sa mission pour que vive la culture.<\/p>\n\n\n\n<p>Ken Adamo a lou\u00e9 l\u2019initiative de la Dacid qu\u2019il a souhait\u00e9e p\u00e9renne pour la promotion des \u0153uvres culturelles. Il n\u2019a pas manqu\u00e9 de reconna\u00eetre la disponibilit\u00e9 de IMC qui, depuis 5 ans, a initi\u00e9 le projet un artiste un toit dont le projet pilote a pour cadre Yamoussoukro.<\/p>\n\n\n\n<p>Mme Marina Konan, Pdg de IMC, a promis sa disponibilit\u00e9 pour accompagner les artistes qui ont une fonction sociale tr\u00e8s importante.<\/p>\n\n\n\n<figure class=\"wp-block-image aligncenter size-large is-resized\"><img loading=\"lazy\" decoding=\"async\" width=\"1024\" height=\"768\" src=\"https:\/\/7culture.ci\/wp-content\/uploads\/2025\/03\/Dacid2-1024x768.jpg\" alt=\"\" class=\"wp-image-26745\" style=\"width:663px;height:auto\" srcset=\"https:\/\/7culture.ci\/wp-content\/uploads\/2025\/03\/Dacid2-1024x768.jpg 1024w, https:\/\/7culture.ci\/wp-content\/uploads\/2025\/03\/Dacid2-300x225.jpg 300w, https:\/\/7culture.ci\/wp-content\/uploads\/2025\/03\/Dacid2-768x576.jpg 768w, https:\/\/7culture.ci\/wp-content\/uploads\/2025\/03\/Dacid2.jpg 1040w\" sizes=\"(max-width: 1024px) 100vw, 1024px\" \/><\/figure>\n\n\n\n<p>Constant Kpaib\u00e9, alias El Magnifico, pr\u00e9sident du comit\u00e9 d\u2019organisation, vice-pr\u00e9sident de l\u2019Amppc-Diaspora, a rappel\u00e9 que la mission de son association est d\u2019amener les acteurs culturels \u00e0 sortir de l\u2019informel en vue de plus d\u2019efficacit\u00e9 et de rentabilit\u00e9. C\u2019est en cela que tous les acteurs culturels, a-t-il insist\u00e9, qui sont distingu\u00e9s doivent d\u00e9tenir une licence et avoir fait preuve d\u2019un savoir-faire reconnu. La troisi\u00e8me \u00e9dition de la Dacid, a-t-il annonc\u00e9, est pr\u00e9vue, le 13 juillet 2025.<\/p>\n\n\n\n<p>Par E. Cossa<\/p>\n","protected":false},"excerpt":{"rendered":"<p>La deuxi\u00e8me \u00e9dition de la Distinction des acteurs culturels de la diaspora (Dacid) section 2024 a \u00e9t\u00e9 enlev\u00e9 par Manout\u00e9 Seri, promoteur culturel ivoirien r\u00e9sident en Angleterre. Il a re\u00e7u sa distinction, le lundi 3 mars 2025, \u00e0 Ivoire mondial construction (IMC), \u00e0 Abidjan-Cocody, en pr\u00e9sence de Ken Adamo, pr\u00e9sident des artistes de C\u00f4te d\u2019Ivoire, &hellip;<\/p>\n<p class=\"read-more\"> <a class=\"\" href=\"https:\/\/7culture.ci\/index.php\/2025\/03\/07\/distinction-manoute-seri-enleve-la-palme-dor-a-la-dacid-2024\/\"> <span class=\"screen-reader-text\">Distinction\/Manout\u00e9 Seri enl\u00e8ve la palme d\u2019or \u00e0 la Dacid 2024\u00a0!<\/span> Lire la suite\u00a0\u00bb<\/a><\/p>\n","protected":false},"author":1,"featured_media":26743,"comment_status":"open","ping_status":"open","sticky":false,"template":"","format":"standard","meta":{"_mi_skip_tracking":false,"_monsterinsights_sitenote_active":false,"_monsterinsights_sitenote_note":"","_monsterinsights_sitenote_category":0,"site-sidebar-layout":"default","site-content-layout":"default","ast-global-header-display":"","ast-main-header-display":"","ast-hfb-above-header-display":"","ast-hfb-below-header-display":"","ast-hfb-mobile-header-display":"","site-post-title":"","ast-breadcrumbs-content":"","ast-featured-img":"","footer-sml-layout":"","theme-transparent-header-meta":"","adv-header-id-meta":"","stick-header-meta":"","header-above-stick-meta":"","header-main-stick-meta":"","header-below-stick-meta":"","footnotes":"","jetpack_publicize_message":"","jetpack_is_tweetstorm":false,"jetpack_publicize_feature_enabled":true},"categories":[22],"tags":[],"jetpack_publicize_connections":[],"acf":[],"aioseo_notices":[],"yoast_head":"<!-- This site is optimized with the Yoast SEO plugin v19.6.1 - https:\/\/yoast.com\/wordpress\/plugins\/seo\/ -->\n<title>Distinction\/Manout\u00e9 Seri enl\u00e8ve la palme d\u2019or \u00e0 la Dacid 2024\u00a0! - 7culture<\/title>\n<meta name=\"robots\" content=\"index, follow, max-snippet:-1, max-image-preview:large, max-video-preview:-1\" \/>\n<link rel=\"canonical\" href=\"https:\/\/7culture.ci\/index.php\/2025\/03\/07\/distinction-manoute-seri-enleve-la-palme-dor-a-la-dacid-2024\/\" \/>\n<meta property=\"og:locale\" content=\"fr_FR\" \/>\n<meta property=\"og:type\" content=\"article\" \/>\n<meta property=\"og:title\" content=\"Distinction\/Manout\u00e9 Seri enl\u00e8ve la palme d\u2019or \u00e0 la Dacid 2024\u00a0! - 7culture\" \/>\n<meta property=\"og:description\" content=\"La deuxi\u00e8me \u00e9dition de la Distinction des acteurs culturels de la diaspora (Dacid) section 2024 a \u00e9t\u00e9 enlev\u00e9 par Manout\u00e9 Seri, promoteur culturel ivoirien r\u00e9sident en Angleterre. Il a re\u00e7u sa distinction, le lundi 3 mars 2025, \u00e0 Ivoire mondial construction (IMC), \u00e0 Abidjan-Cocody, en pr\u00e9sence de Ken Adamo, pr\u00e9sident des artistes de C\u00f4te d\u2019Ivoire, &hellip; Distinction\/Manout\u00e9 Seri enl\u00e8ve la palme d\u2019or \u00e0 la Dacid 2024\u00a0! Lire la suite\u00a0\u00bb\" \/>\n<meta property=\"og:url\" content=\"https:\/\/7culture.ci\/index.php\/2025\/03\/07\/distinction-manoute-seri-enleve-la-palme-dor-a-la-dacid-2024\/\" \/>\n<meta property=\"og:site_name\" content=\"7culture\" \/>\n<meta property=\"article:publisher\" content=\"https:\/\/www.facebook.com\/redchefclaude\" \/>\n<meta property=\"article:published_time\" content=\"2025-03-07T10:33:13+00:00\" \/>\n<meta property=\"article:modified_time\" content=\"2025-03-21T10:38:32+00:00\" \/>\n<meta property=\"og:image\" content=\"http:\/\/7culture.ci\/wp-content\/uploads\/2025\/03\/Dacid-Bon.jpg\" \/>\n\t<meta property=\"og:image:width\" content=\"1036\" \/>\n\t<meta property=\"og:image:height\" content=\"435\" \/>\n\t<meta property=\"og:image:type\" content=\"image\/jpeg\" \/>\n<meta name=\"author\" content=\"7culture2020\" \/>\n<meta name=\"twitter:card\" content=\"summary_large_image\" \/>\n<meta name=\"twitter:creator\" content=\"@7culturec\" \/>\n<meta name=\"twitter:site\" content=\"@7culturec\" \/>\n<meta name=\"twitter:label1\" content=\"\u00c9crit par\" \/>\n\t<meta name=\"twitter:data1\" content=\"7culture2020\" \/>\n\t<meta name=\"twitter:label2\" content=\"Dur\u00e9e de lecture estim\u00e9e\" \/>\n\t<meta name=\"twitter:data2\" content=\"2 minutes\" \/>\n<script type=\"application\/ld+json\" class=\"yoast-schema-graph\">{\"@context\":\"https:\/\/schema.org\",\"@graph\":[{\"@type\":\"Article\",\"@id\":\"https:\/\/7culture.ci\/index.php\/2025\/03\/07\/distinction-manoute-seri-enleve-la-palme-dor-a-la-dacid-2024\/#article\",\"isPartOf\":{\"@id\":\"https:\/\/7culture.ci\/index.php\/2025\/03\/07\/distinction-manoute-seri-enleve-la-palme-dor-a-la-dacid-2024\/\"},\"author\":{\"name\":\"7culture2020\",\"@id\":\"https:\/\/7culture.ci\/#\/schema\/person\/16150d28d7ef66ba788c1f87f28c4426\"},\"headline\":\"Distinction\/Manout\u00e9 Seri enl\u00e8ve la palme d\u2019or \u00e0 la Dacid 2024\u00a0!\",\"datePublished\":\"2025-03-07T10:33:13+00:00\",\"dateModified\":\"2025-03-21T10:38:32+00:00\",\"mainEntityOfPage\":{\"@id\":\"https:\/\/7culture.ci\/index.php\/2025\/03\/07\/distinction-manoute-seri-enleve-la-palme-dor-a-la-dacid-2024\/\"},\"wordCount\":500,\"commentCount\":0,\"publisher\":{\"@id\":\"https:\/\/7culture.ci\/#organization\"},\"articleSection\":[\"Actualit\u00e9\"],\"inLanguage\":\"fr-FR\",\"potentialAction\":[{\"@type\":\"CommentAction\",\"name\":\"Comment\",\"target\":[\"https:\/\/7culture.ci\/index.php\/2025\/03\/07\/distinction-manoute-seri-enleve-la-palme-dor-a-la-dacid-2024\/#respond\"]}]},{\"@type\":\"WebPage\",\"@id\":\"https:\/\/7culture.ci\/index.php\/2025\/03\/07\/distinction-manoute-seri-enleve-la-palme-dor-a-la-dacid-2024\/\",\"url\":\"https:\/\/7culture.ci\/index.php\/2025\/03\/07\/distinction-manoute-seri-enleve-la-palme-dor-a-la-dacid-2024\/\",\"name\":\"Distinction\/Manout\u00e9 Seri enl\u00e8ve la palme d\u2019or \u00e0 la Dacid 2024\u00a0! - 7culture\",\"isPartOf\":{\"@id\":\"https:\/\/7culture.ci\/#website\"},\"datePublished\":\"2025-03-07T10:33:13+00:00\",\"dateModified\":\"2025-03-21T10:38:32+00:00\",\"breadcrumb\":{\"@id\":\"https:\/\/7culture.ci\/index.php\/2025\/03\/07\/distinction-manoute-seri-enleve-la-palme-dor-a-la-dacid-2024\/#breadcrumb\"},\"inLanguage\":\"fr-FR\",\"potentialAction\":[{\"@type\":\"ReadAction\",\"target\":[\"https:\/\/7culture.ci\/index.php\/2025\/03\/07\/distinction-manoute-seri-enleve-la-palme-dor-a-la-dacid-2024\/\"]}]},{\"@type\":\"BreadcrumbList\",\"@id\":\"https:\/\/7culture.ci\/index.php\/2025\/03\/07\/distinction-manoute-seri-enleve-la-palme-dor-a-la-dacid-2024\/#breadcrumb\",\"itemListElement\":[{\"@type\":\"ListItem\",\"position\":1,\"name\":\"Accueil\",\"item\":\"https:\/\/7culture.ci\/\"},{\"@type\":\"ListItem\",\"position\":2,\"name\":\"Distinction\/Manout\u00e9 Seri enl\u00e8ve la palme d\u2019or \u00e0 la Dacid 2024\u00a0!\"}]},{\"@type\":\"WebSite\",\"@id\":\"https:\/\/7culture.ci\/#website\",\"url\":\"https:\/\/7culture.ci\/\",\"name\":\"7culture\",\"description\":\"Tout sur l&#039;actualit\u00e9\",\"publisher\":{\"@id\":\"https:\/\/7culture.ci\/#organization\"},\"potentialAction\":[{\"@type\":\"SearchAction\",\"target\":{\"@type\":\"EntryPoint\",\"urlTemplate\":\"https:\/\/7culture.ci\/?s={search_term_string}\"},\"query-input\":\"required name=search_term_string\"}],\"inLanguage\":\"fr-FR\"},{\"@type\":\"Organization\",\"@id\":\"https:\/\/7culture.ci\/#organization\",\"name\":\"7culture\",\"url\":\"https:\/\/7culture.ci\/\",\"sameAs\":[\"https:\/\/www.facebook.com\/redchefclaude\",\"https:\/\/twitter.com\/7culturec\"],\"logo\":{\"@type\":\"ImageObject\",\"inLanguage\":\"fr-FR\",\"@id\":\"https:\/\/7culture.ci\/#\/schema\/logo\/image\/\",\"url\":\"https:\/\/7culture.ci\/wp-content\/uploads\/2021\/12\/S1a-1.png\",\"contentUrl\":\"https:\/\/7culture.ci\/wp-content\/uploads\/2021\/12\/S1a-1.png\",\"width\":588,\"height\":192,\"caption\":\"7culture\"},\"image\":{\"@id\":\"https:\/\/7culture.ci\/#\/schema\/logo\/image\/\"}},{\"@type\":\"Person\",\"@id\":\"https:\/\/7culture.ci\/#\/schema\/person\/16150d28d7ef66ba788c1f87f28c4426\",\"name\":\"7culture2020\",\"image\":{\"@type\":\"ImageObject\",\"inLanguage\":\"fr-FR\",\"@id\":\"https:\/\/7culture.ci\/#\/schema\/person\/image\/\",\"url\":\"https:\/\/secure.gravatar.com\/avatar\/9a0784f951306c37bcd065f52844ef95?s=96&d=mm&r=g\",\"contentUrl\":\"https:\/\/secure.gravatar.com\/avatar\/9a0784f951306c37bcd065f52844ef95?s=96&d=mm&r=g\",\"caption\":\"7culture2020\"},\"sameAs\":[\"http:\/\/7culture.ci\",\"Claude.kipre\"],\"url\":\"https:\/\/7culture.ci\/index.php\/author\/7culture2020\/\"}]}<\/script>\n<!-- \/ Yoast SEO plugin. -->","yoast_head_json":{"title":"Distinction\/Manout\u00e9 Seri enl\u00e8ve la palme d\u2019or \u00e0 la Dacid 2024\u00a0! - 7culture","robots":{"index":"index","follow":"follow","max-snippet":"max-snippet:-1","max-image-preview":"max-image-preview:large","max-video-preview":"max-video-preview:-1"},"canonical":"https:\/\/7culture.ci\/index.php\/2025\/03\/07\/distinction-manoute-seri-enleve-la-palme-dor-a-la-dacid-2024\/","og_locale":"fr_FR","og_type":"article","og_title":"Distinction\/Manout\u00e9 Seri enl\u00e8ve la palme d\u2019or \u00e0 la Dacid 2024\u00a0! - 7culture","og_description":"La deuxi\u00e8me \u00e9dition de la Distinction des acteurs culturels de la diaspora (Dacid) section 2024 a \u00e9t\u00e9 enlev\u00e9 par Manout\u00e9 Seri, promoteur culturel ivoirien r\u00e9sident en Angleterre. Il a re\u00e7u sa distinction, le lundi 3 mars 2025, \u00e0 Ivoire mondial construction (IMC), \u00e0 Abidjan-Cocody, en pr\u00e9sence de Ken Adamo, pr\u00e9sident des artistes de C\u00f4te d\u2019Ivoire, &hellip; Distinction\/Manout\u00e9 Seri enl\u00e8ve la palme d\u2019or \u00e0 la Dacid 2024\u00a0! Lire la suite\u00a0\u00bb","og_url":"https:\/\/7culture.ci\/index.php\/2025\/03\/07\/distinction-manoute-seri-enleve-la-palme-dor-a-la-dacid-2024\/","og_site_name":"7culture","article_publisher":"https:\/\/www.facebook.com\/redchefclaude","article_published_time":"2025-03-07T10:33:13+00:00","article_modified_time":"2025-03-21T10:38:32+00:00","og_image":[{"width":1036,"height":435,"url":"http:\/\/7culture.ci\/wp-content\/uploads\/2025\/03\/Dacid-Bon.jpg","type":"image\/jpeg"}],"author":"7culture2020","twitter_card":"summary_large_image","twitter_creator":"@7culturec","twitter_site":"@7culturec","twitter_misc":{"\u00c9crit par":"7culture2020","Dur\u00e9e de lecture estim\u00e9e":"2 minutes"},"schema":{"@context":"https:\/\/schema.org","@graph":[{"@type":"Article","@id":"https:\/\/7culture.ci\/index.php\/2025\/03\/07\/distinction-manoute-seri-enleve-la-palme-dor-a-la-dacid-2024\/#article","isPartOf":{"@id":"https:\/\/7culture.ci\/index.php\/2025\/03\/07\/distinction-manoute-seri-enleve-la-palme-dor-a-la-dacid-2024\/"},"author":{"name":"7culture2020","@id":"https:\/\/7culture.ci\/#\/schema\/person\/16150d28d7ef66ba788c1f87f28c4426"},"headline":"Distinction\/Manout\u00e9 Seri enl\u00e8ve la palme d\u2019or \u00e0 la Dacid 2024\u00a0!","datePublished":"2025-03-07T10:33:13+00:00","dateModified":"2025-03-21T10:38:32+00:00","mainEntityOfPage":{"@id":"https:\/\/7culture.ci\/index.php\/2025\/03\/07\/distinction-manoute-seri-enleve-la-palme-dor-a-la-dacid-2024\/"},"wordCount":500,"commentCount":0,"publisher":{"@id":"https:\/\/7culture.ci\/#organization"},"articleSection":["Actualit\u00e9"],"inLanguage":"fr-FR","potentialAction":[{"@type":"CommentAction","name":"Comment","target":["https:\/\/7culture.ci\/index.php\/2025\/03\/07\/distinction-manoute-seri-enleve-la-palme-dor-a-la-dacid-2024\/#respond"]}]},{"@type":"WebPage","@id":"https:\/\/7culture.ci\/index.php\/2025\/03\/07\/distinction-manoute-seri-enleve-la-palme-dor-a-la-dacid-2024\/","url":"https:\/\/7culture.ci\/index.php\/2025\/03\/07\/distinction-manoute-seri-enleve-la-palme-dor-a-la-dacid-2024\/","name":"Distinction\/Manout\u00e9 Seri enl\u00e8ve la palme d\u2019or \u00e0 la Dacid 2024\u00a0! - 7culture","isPartOf":{"@id":"https:\/\/7culture.ci\/#website"},"datePublished":"2025-03-07T10:33:13+00:00","dateModified":"2025-03-21T10:38:32+00:00","breadcrumb":{"@id":"https:\/\/7culture.ci\/index.php\/2025\/03\/07\/distinction-manoute-seri-enleve-la-palme-dor-a-la-dacid-2024\/#breadcrumb"},"inLanguage":"fr-FR","potentialAction":[{"@type":"ReadAction","target":["https:\/\/7culture.ci\/index.php\/2025\/03\/07\/distinction-manoute-seri-enleve-la-palme-dor-a-la-dacid-2024\/"]}]},{"@type":"BreadcrumbList","@id":"https:\/\/7culture.ci\/index.php\/2025\/03\/07\/distinction-manoute-seri-enleve-la-palme-dor-a-la-dacid-2024\/#breadcrumb","itemListElement":[{"@type":"ListItem","position":1,"name":"Accueil","item":"https:\/\/7culture.ci\/"},{"@type":"ListItem","position":2,"name":"Distinction\/Manout\u00e9 Seri enl\u00e8ve la palme d\u2019or \u00e0 la Dacid 2024\u00a0!"}]},{"@type":"WebSite","@id":"https:\/\/7culture.ci\/#website","url":"https:\/\/7culture.ci\/","name":"7culture","description":"Tout sur l&#039;actualit\u00e9","publisher":{"@id":"https:\/\/7culture.ci\/#organization"},"potentialAction":[{"@type":"SearchAction","target":{"@type":"EntryPoint","urlTemplate":"https:\/\/7culture.ci\/?s={search_term_string}"},"query-input":"required name=search_term_string"}],"inLanguage":"fr-FR"},{"@type":"Organization","@id":"https:\/\/7culture.ci\/#organization","name":"7culture","url":"https:\/\/7culture.ci\/","sameAs":["https:\/\/www.facebook.com\/redchefclaude","https:\/\/twitter.com\/7culturec"],"logo":{"@type":"ImageObject","inLanguage":"fr-FR","@id":"https:\/\/7culture.ci\/#\/schema\/logo\/image\/","url":"https:\/\/7culture.ci\/wp-content\/uploads\/2021\/12\/S1a-1.png","contentUrl":"https:\/\/7culture.ci\/wp-content\/uploads\/2021\/12\/S1a-1.png","width":588,"height":192,"caption":"7culture"},"image":{"@id":"https:\/\/7culture.ci\/#\/schema\/logo\/image\/"}},{"@type":"Person","@id":"https:\/\/7culture.ci\/#\/schema\/person\/16150d28d7ef66ba788c1f87f28c4426","name":"7culture2020","image":{"@type":"ImageObject","inLanguage":"fr-FR","@id":"https:\/\/7culture.ci\/#\/schema\/person\/image\/","url":"https:\/\/secure.gravatar.com\/avatar\/9a0784f951306c37bcd065f52844ef95?s=96&d=mm&r=g","contentUrl":"https:\/\/secure.gravatar.com\/avatar\/9a0784f951306c37bcd065f52844ef95?s=96&d=mm&r=g","caption":"7culture2020"},"sameAs":["http:\/\/7culture.ci","Claude.kipre"],"url":"https:\/\/7culture.ci\/index.php\/author\/7culture2020\/"}]}},"jetpack_featured_media_url":"https:\/\/7culture.ci\/wp-content\/uploads\/2025\/03\/Dacid-Bon.jpg","jetpack_likes_enabled":true,"jetpack_sharing_enabled":true,"_links":{"self":[{"href":"https:\/\/7culture.ci\/index.php\/wp-json\/wp\/v2\/posts\/26741"}],"collection":[{"href":"https:\/\/7culture.ci\/index.php\/wp-json\/wp\/v2\/posts"}],"about":[{"href":"https:\/\/7culture.ci\/index.php\/wp-json\/wp\/v2\/types\/post"}],"author":[{"embeddable":true,"href":"https:\/\/7culture.ci\/index.php\/wp-json\/wp\/v2\/users\/1"}],"replies":[{"embeddable":true,"href":"https:\/\/7culture.ci\/index.php\/wp-json\/wp\/v2\/comments?post=26741"}],"version-history":[{"count":1,"href":"https:\/\/7culture.ci\/index.php\/wp-json\/wp\/v2\/posts\/26741\/revisions"}],"predecessor-version":[{"id":26746,"href":"https:\/\/7culture.ci\/index.php\/wp-json\/wp\/v2\/posts\/26741\/revisions\/26746"}],"wp:featuredmedia":[{"embeddable":true,"href":"https:\/\/7culture.ci\/index.php\/wp-json\/wp\/v2\/media\/26743"}],"wp:attachment":[{"href":"https:\/\/7culture.ci\/index.php\/wp-json\/wp\/v2\/media?parent=26741"}],"wp:term":[{"taxonomy":"category","embeddable":true,"href":"https:\/\/7culture.ci\/index.php\/wp-json\/wp\/v2\/categories?post=26741"},{"taxonomy":"post_tag","embeddable":true,"href":"https:\/\/7culture.ci\/index.php\/wp-json\/wp\/v2\/tags?post=26741"}],"curies":[{"name":"wp","href":"https:\/\/api.w.org\/{rel}","templated":true}]}}