{"id":26700,"date":"2024-12-27T09:59:05","date_gmt":"2024-12-27T09:59:05","guid":{"rendered":"https:\/\/7culture.ci\/?p=26700"},"modified":"2025-01-19T10:25:34","modified_gmt":"2025-01-19T10:25:34","slug":"dedicace-roch-tieti-invite-lafrique-a-etonner-le-monde","status":"publish","type":"post","link":"https:\/\/7culture.ci\/index.php\/2024\/12\/27\/dedicace-roch-tieti-invite-lafrique-a-etonner-le-monde\/","title":{"rendered":"D\u00e9dicace\u00a0: \u00a0Roch Ti\u00e9ti invite l\u2019Afrique \u00e0 \u00e9tonner le monde"},"content":{"rendered":"\n<p>Roch d\u2019Assomption Ti\u00e9ti s\u2019est familiaris\u00e9 avec les Ivoiriens dans la d\u00e9cennie 1990-2000 gr\u00e2ce \u00e0 sa c\u00e9l\u00e8bre chronique quotidienne \u2018\u2019Ya meunga\u2019\u2019 dans le journal \u2018\u2019La Voie\u2019\u2019 et qu\u2019il signait Freedom Neruda. Apr\u00e8s dix ans dans la diplomatie, il est revenu \u00e0 l\u2019\u00e9criture avec \u2018\u2019\u00c9tonnons le monde\u2019\u2019, un livre qu\u2019il a pr\u00e9sent\u00e9 aux journalistes le 18 d\u00e9cembre 2024 \u00e0 la Maison de la presse \u00e0 Abidjan-Plateau. Pour les puristes, le livre de Roch d\u2019Assomption Ti\u00e9ti arrive comme un puissant appel, une vive mobilisation pour un \u00e9veil des consciences des Africains et un vibrant appel \u00e0 toutes les forces vives \u00e0 se mettre en branle pour le d\u00e9fi du d\u00e9veloppement.<\/p>\n\n\n\n<p>Retrait\u00e9, l\u2019ancien ambassadeur de la C\u00f4te d&#8217;Ivoire pr\u00e8s de la R\u00e9publique islamique d&#8217;Iran reprend donc la plume pour d\u00e9fendre une autre cause, celle de l&#8217;Afrique, son continent pour lequel il voue un amour visc\u00e9ral. \u00ab&nbsp;<em>J\u2019exprime, \u00e0 travers une lettre, ma peine face aux probl\u00e8mes de d\u00e9veloppement que vit l\u2019Afrique, qui ne semblent gu\u00e8re s\u2019am\u00e9liorer en d\u00e9pit de tous les rem\u00e8des qui lui ont \u00e9t\u00e9 appliqu\u00e9s. Je m\u2019adresse \u00e0 mes fr\u00e8res et s\u0153urs africains ainsi qu\u2019\u00e0 tous ceux qui ont un amour sans borne pour l\u2019Afrique, qui se soucient du berceau de l\u2019humanit\u00e9 et qui souhaitent la voir gu\u00e9rir de ses maux<\/em> \u00bb, a d\u00e9clar\u00e9 l\u2019ancien ambassadeur. Dans \u2018\u2019\u00c9tonnons le monde\u2019\u2019, l&#8217;auteur veut contribuer \u00e0 l&#8217;\u00e9veil de conscience des Africains qu&#8217;il invite \u00e0 l&#8217;action et \u00e0 l&#8217;engagement. Pour parvenir \u00e0 des r\u00e9sultats, il appelle les Africains \u00e0 la solidarit\u00e9 et \u00e0 la g\u00e9n\u00e9rosit\u00e9. Il sugg\u00e8re aussi dans son livre des voies et moyens qui ont fait leurs preuves sous d&#8217;autres cieux. \u00ab&nbsp;<em>Nous les Noirs, montrons que ce que les gens pensent du Noir, et ce qu&#8217;ils en font et notre histoire le montre bien, qu\u2019on peut faire des choses pour donner une meilleure image de nous-m\u00eames afin que les gens comprennent qu&#8217;on n&#8217;est pas les moins que qu&#8217;ils croient. Si vous laissez aux autres, le soin de parler de vous, ils d\u00e9cideront ce qui les int\u00e9resse<\/em>&nbsp;\u00bb, a relev\u00e9 M. Ti\u00e9ti.<\/p>\n\n\n\n<p>\u2018<em>\u2019\u00c9tonnons le monde<\/em>\u2019\u2019 ou \u2018<em>\u2019Let\u2019s astound the World<\/em>\u2019\u2019 en anglais, est un ouvrage bilingue (fran\u00e7ais et anglais) de 570 pages. Il est livr\u00e9 dans le genre argumentatif et en version num\u00e9rique auto-\u00e9dit\u00e9e. L\u2019ancien Conseiller sp\u00e9cial charg\u00e9 de la communication \u00e0 la pr\u00e9sidence de la R\u00e9publique\u00a0sous Laurent Gbagbo y jette un grand coup de projecteur sur les maux et d\u00e9fis de l&#8217;Afrique. Il propose m\u00eame des solutions qui passent par l&#8217;unit\u00e9. \u00ab\u00a0<em>Il faut unir nos forces pour b\u00e2tir une Afrique plus forte<\/em>\u00a0\u00bb, propose-t-il car dit-il, \u00ab\u00a0<em>la solidarit\u00e9 et la g\u00e9n\u00e9rosit\u00e9 se pr\u00e9sentent comme des piliers essentiels pour relever ce d\u00e9fi. Des solutions inspir\u00e9es des succ\u00e8s observ\u00e9s ailleurs et qui ont propuls\u00e9 le d\u00e9veloppement d&#8217;autres nations du monde\u00a0<\/em>\u00bb.<\/p>\n\n\n\n<p><strong>DT<\/strong><\/p>\n","protected":false},"excerpt":{"rendered":"<p>Roch d\u2019Assomption Ti\u00e9ti s\u2019est familiaris\u00e9 avec les Ivoiriens dans la d\u00e9cennie 1990-2000 gr\u00e2ce \u00e0 sa c\u00e9l\u00e8bre chronique quotidienne \u2018\u2019Ya meunga\u2019\u2019 dans le journal \u2018\u2019La Voie\u2019\u2019 et qu\u2019il signait Freedom Neruda. Apr\u00e8s dix ans dans la diplomatie, il est revenu \u00e0 l\u2019\u00e9criture avec \u2018\u2019\u00c9tonnons le monde\u2019\u2019, un livre qu\u2019il a pr\u00e9sent\u00e9 aux journalistes le 18 d\u00e9cembre &hellip;<\/p>\n<p class=\"read-more\"> <a class=\"\" href=\"https:\/\/7culture.ci\/index.php\/2024\/12\/27\/dedicace-roch-tieti-invite-lafrique-a-etonner-le-monde\/\"> <span class=\"screen-reader-text\">D\u00e9dicace\u00a0: \u00a0Roch Ti\u00e9ti invite l\u2019Afrique \u00e0 \u00e9tonner le monde<\/span> Lire la suite\u00a0\u00bb<\/a><\/p>\n","protected":false},"author":1,"featured_media":26704,"comment_status":"open","ping_status":"open","sticky":false,"template":"","format":"standard","meta":{"_mi_skip_tracking":false,"_monsterinsights_sitenote_active":false,"_monsterinsights_sitenote_note":"","_monsterinsights_sitenote_category":0,"site-sidebar-layout":"default","site-content-layout":"default","ast-global-header-display":"","ast-main-header-display":"","ast-hfb-above-header-display":"","ast-hfb-below-header-display":"","ast-hfb-mobile-header-display":"","site-post-title":"","ast-breadcrumbs-content":"","ast-featured-img":"","footer-sml-layout":"","theme-transparent-header-meta":"","adv-header-id-meta":"","stick-header-meta":"","header-above-stick-meta":"","header-main-stick-meta":"","header-below-stick-meta":"","footnotes":"","jetpack_publicize_message":"","jetpack_is_tweetstorm":false,"jetpack_publicize_feature_enabled":true},"categories":[22],"tags":[],"jetpack_publicize_connections":[],"acf":[],"aioseo_notices":[],"yoast_head":"<!-- This site is optimized with the Yoast SEO plugin v19.6.1 - https:\/\/yoast.com\/wordpress\/plugins\/seo\/ -->\n<title>D\u00e9dicace\u00a0: \u00a0Roch Ti\u00e9ti invite l\u2019Afrique \u00e0 \u00e9tonner le monde - 7culture<\/title>\n<meta name=\"robots\" content=\"index, follow, max-snippet:-1, max-image-preview:large, max-video-preview:-1\" \/>\n<link rel=\"canonical\" href=\"https:\/\/7culture.ci\/index.php\/2024\/12\/27\/dedicace-roch-tieti-invite-lafrique-a-etonner-le-monde\/\" \/>\n<meta property=\"og:locale\" content=\"fr_FR\" \/>\n<meta property=\"og:type\" content=\"article\" \/>\n<meta property=\"og:title\" content=\"D\u00e9dicace\u00a0: \u00a0Roch Ti\u00e9ti invite l\u2019Afrique \u00e0 \u00e9tonner le monde - 7culture\" \/>\n<meta property=\"og:description\" content=\"Roch d\u2019Assomption Ti\u00e9ti s\u2019est familiaris\u00e9 avec les Ivoiriens dans la d\u00e9cennie 1990-2000 gr\u00e2ce \u00e0 sa c\u00e9l\u00e8bre chronique quotidienne \u2018\u2019Ya meunga\u2019\u2019 dans le journal \u2018\u2019La Voie\u2019\u2019 et qu\u2019il signait Freedom Neruda. Apr\u00e8s dix ans dans la diplomatie, il est revenu \u00e0 l\u2019\u00e9criture avec \u2018\u2019\u00c9tonnons le monde\u2019\u2019, un livre qu\u2019il a pr\u00e9sent\u00e9 aux journalistes le 18 d\u00e9cembre &hellip; D\u00e9dicace\u00a0: \u00a0Roch Ti\u00e9ti invite l\u2019Afrique \u00e0 \u00e9tonner le monde Lire la suite\u00a0\u00bb\" \/>\n<meta property=\"og:url\" content=\"https:\/\/7culture.ci\/index.php\/2024\/12\/27\/dedicace-roch-tieti-invite-lafrique-a-etonner-le-monde\/\" \/>\n<meta property=\"og:site_name\" content=\"7culture\" \/>\n<meta property=\"article:publisher\" content=\"https:\/\/www.facebook.com\/redchefclaude\" \/>\n<meta property=\"article:published_time\" content=\"2024-12-27T09:59:05+00:00\" \/>\n<meta property=\"article:modified_time\" content=\"2025-01-19T10:25:34+00:00\" \/>\n<meta property=\"og:image\" content=\"http:\/\/7culture.ci\/wp-content\/uploads\/2024\/12\/Neruda.jpg\" \/>\n\t<meta property=\"og:image:width\" content=\"470\" \/>\n\t<meta property=\"og:image:height\" content=\"316\" \/>\n\t<meta property=\"og:image:type\" content=\"image\/jpeg\" \/>\n<meta name=\"author\" content=\"7culture2020\" \/>\n<meta name=\"twitter:card\" content=\"summary_large_image\" \/>\n<meta name=\"twitter:creator\" content=\"@7culturec\" \/>\n<meta name=\"twitter:site\" content=\"@7culturec\" \/>\n<meta name=\"twitter:label1\" content=\"\u00c9crit par\" \/>\n\t<meta name=\"twitter:data1\" content=\"7culture2020\" \/>\n\t<meta name=\"twitter:label2\" content=\"Dur\u00e9e de lecture estim\u00e9e\" \/>\n\t<meta name=\"twitter:data2\" content=\"3 minutes\" \/>\n<script type=\"application\/ld+json\" class=\"yoast-schema-graph\">{\"@context\":\"https:\/\/schema.org\",\"@graph\":[{\"@type\":\"Article\",\"@id\":\"https:\/\/7culture.ci\/index.php\/2024\/12\/27\/dedicace-roch-tieti-invite-lafrique-a-etonner-le-monde\/#article\",\"isPartOf\":{\"@id\":\"https:\/\/7culture.ci\/index.php\/2024\/12\/27\/dedicace-roch-tieti-invite-lafrique-a-etonner-le-monde\/\"},\"author\":{\"name\":\"7culture2020\",\"@id\":\"https:\/\/7culture.ci\/#\/schema\/person\/16150d28d7ef66ba788c1f87f28c4426\"},\"headline\":\"D\u00e9dicace\u00a0: \u00a0Roch Ti\u00e9ti invite l\u2019Afrique \u00e0 \u00e9tonner le monde\",\"datePublished\":\"2024-12-27T09:59:05+00:00\",\"dateModified\":\"2025-01-19T10:25:34+00:00\",\"mainEntityOfPage\":{\"@id\":\"https:\/\/7culture.ci\/index.php\/2024\/12\/27\/dedicace-roch-tieti-invite-lafrique-a-etonner-le-monde\/\"},\"wordCount\":520,\"commentCount\":0,\"publisher\":{\"@id\":\"https:\/\/7culture.ci\/#organization\"},\"articleSection\":[\"Actualit\u00e9\"],\"inLanguage\":\"fr-FR\",\"potentialAction\":[{\"@type\":\"CommentAction\",\"name\":\"Comment\",\"target\":[\"https:\/\/7culture.ci\/index.php\/2024\/12\/27\/dedicace-roch-tieti-invite-lafrique-a-etonner-le-monde\/#respond\"]}]},{\"@type\":\"WebPage\",\"@id\":\"https:\/\/7culture.ci\/index.php\/2024\/12\/27\/dedicace-roch-tieti-invite-lafrique-a-etonner-le-monde\/\",\"url\":\"https:\/\/7culture.ci\/index.php\/2024\/12\/27\/dedicace-roch-tieti-invite-lafrique-a-etonner-le-monde\/\",\"name\":\"D\u00e9dicace\u00a0: \u00a0Roch Ti\u00e9ti invite l\u2019Afrique \u00e0 \u00e9tonner le monde - 7culture\",\"isPartOf\":{\"@id\":\"https:\/\/7culture.ci\/#website\"},\"datePublished\":\"2024-12-27T09:59:05+00:00\",\"dateModified\":\"2025-01-19T10:25:34+00:00\",\"breadcrumb\":{\"@id\":\"https:\/\/7culture.ci\/index.php\/2024\/12\/27\/dedicace-roch-tieti-invite-lafrique-a-etonner-le-monde\/#breadcrumb\"},\"inLanguage\":\"fr-FR\",\"potentialAction\":[{\"@type\":\"ReadAction\",\"target\":[\"https:\/\/7culture.ci\/index.php\/2024\/12\/27\/dedicace-roch-tieti-invite-lafrique-a-etonner-le-monde\/\"]}]},{\"@type\":\"BreadcrumbList\",\"@id\":\"https:\/\/7culture.ci\/index.php\/2024\/12\/27\/dedicace-roch-tieti-invite-lafrique-a-etonner-le-monde\/#breadcrumb\",\"itemListElement\":[{\"@type\":\"ListItem\",\"position\":1,\"name\":\"Accueil\",\"item\":\"https:\/\/7culture.ci\/\"},{\"@type\":\"ListItem\",\"position\":2,\"name\":\"D\u00e9dicace\u00a0: \u00a0Roch Ti\u00e9ti invite l\u2019Afrique \u00e0 \u00e9tonner le monde\"}]},{\"@type\":\"WebSite\",\"@id\":\"https:\/\/7culture.ci\/#website\",\"url\":\"https:\/\/7culture.ci\/\",\"name\":\"7culture\",\"description\":\"Tout sur l&#039;actualit\u00e9\",\"publisher\":{\"@id\":\"https:\/\/7culture.ci\/#organization\"},\"potentialAction\":[{\"@type\":\"SearchAction\",\"target\":{\"@type\":\"EntryPoint\",\"urlTemplate\":\"https:\/\/7culture.ci\/?s={search_term_string}\"},\"query-input\":\"required name=search_term_string\"}],\"inLanguage\":\"fr-FR\"},{\"@type\":\"Organization\",\"@id\":\"https:\/\/7culture.ci\/#organization\",\"name\":\"7culture\",\"url\":\"https:\/\/7culture.ci\/\",\"sameAs\":[\"https:\/\/www.facebook.com\/redchefclaude\",\"https:\/\/twitter.com\/7culturec\"],\"logo\":{\"@type\":\"ImageObject\",\"inLanguage\":\"fr-FR\",\"@id\":\"https:\/\/7culture.ci\/#\/schema\/logo\/image\/\",\"url\":\"https:\/\/7culture.ci\/wp-content\/uploads\/2021\/12\/S1a-1.png\",\"contentUrl\":\"https:\/\/7culture.ci\/wp-content\/uploads\/2021\/12\/S1a-1.png\",\"width\":588,\"height\":192,\"caption\":\"7culture\"},\"image\":{\"@id\":\"https:\/\/7culture.ci\/#\/schema\/logo\/image\/\"}},{\"@type\":\"Person\",\"@id\":\"https:\/\/7culture.ci\/#\/schema\/person\/16150d28d7ef66ba788c1f87f28c4426\",\"name\":\"7culture2020\",\"image\":{\"@type\":\"ImageObject\",\"inLanguage\":\"fr-FR\",\"@id\":\"https:\/\/7culture.ci\/#\/schema\/person\/image\/\",\"url\":\"https:\/\/secure.gravatar.com\/avatar\/9a0784f951306c37bcd065f52844ef95?s=96&d=mm&r=g\",\"contentUrl\":\"https:\/\/secure.gravatar.com\/avatar\/9a0784f951306c37bcd065f52844ef95?s=96&d=mm&r=g\",\"caption\":\"7culture2020\"},\"sameAs\":[\"http:\/\/7culture.ci\",\"Claude.kipre\"],\"url\":\"https:\/\/7culture.ci\/index.php\/author\/7culture2020\/\"}]}<\/script>\n<!-- \/ Yoast SEO plugin. -->","yoast_head_json":{"title":"D\u00e9dicace\u00a0: \u00a0Roch Ti\u00e9ti invite l\u2019Afrique \u00e0 \u00e9tonner le monde - 7culture","robots":{"index":"index","follow":"follow","max-snippet":"max-snippet:-1","max-image-preview":"max-image-preview:large","max-video-preview":"max-video-preview:-1"},"canonical":"https:\/\/7culture.ci\/index.php\/2024\/12\/27\/dedicace-roch-tieti-invite-lafrique-a-etonner-le-monde\/","og_locale":"fr_FR","og_type":"article","og_title":"D\u00e9dicace\u00a0: \u00a0Roch Ti\u00e9ti invite l\u2019Afrique \u00e0 \u00e9tonner le monde - 7culture","og_description":"Roch d\u2019Assomption Ti\u00e9ti s\u2019est familiaris\u00e9 avec les Ivoiriens dans la d\u00e9cennie 1990-2000 gr\u00e2ce \u00e0 sa c\u00e9l\u00e8bre chronique quotidienne \u2018\u2019Ya meunga\u2019\u2019 dans le journal \u2018\u2019La Voie\u2019\u2019 et qu\u2019il signait Freedom Neruda. Apr\u00e8s dix ans dans la diplomatie, il est revenu \u00e0 l\u2019\u00e9criture avec \u2018\u2019\u00c9tonnons le monde\u2019\u2019, un livre qu\u2019il a pr\u00e9sent\u00e9 aux journalistes le 18 d\u00e9cembre &hellip; D\u00e9dicace\u00a0: \u00a0Roch Ti\u00e9ti invite l\u2019Afrique \u00e0 \u00e9tonner le monde Lire la suite\u00a0\u00bb","og_url":"https:\/\/7culture.ci\/index.php\/2024\/12\/27\/dedicace-roch-tieti-invite-lafrique-a-etonner-le-monde\/","og_site_name":"7culture","article_publisher":"https:\/\/www.facebook.com\/redchefclaude","article_published_time":"2024-12-27T09:59:05+00:00","article_modified_time":"2025-01-19T10:25:34+00:00","og_image":[{"width":470,"height":316,"url":"http:\/\/7culture.ci\/wp-content\/uploads\/2024\/12\/Neruda.jpg","type":"image\/jpeg"}],"author":"7culture2020","twitter_card":"summary_large_image","twitter_creator":"@7culturec","twitter_site":"@7culturec","twitter_misc":{"\u00c9crit par":"7culture2020","Dur\u00e9e de lecture estim\u00e9e":"3 minutes"},"schema":{"@context":"https:\/\/schema.org","@graph":[{"@type":"Article","@id":"https:\/\/7culture.ci\/index.php\/2024\/12\/27\/dedicace-roch-tieti-invite-lafrique-a-etonner-le-monde\/#article","isPartOf":{"@id":"https:\/\/7culture.ci\/index.php\/2024\/12\/27\/dedicace-roch-tieti-invite-lafrique-a-etonner-le-monde\/"},"author":{"name":"7culture2020","@id":"https:\/\/7culture.ci\/#\/schema\/person\/16150d28d7ef66ba788c1f87f28c4426"},"headline":"D\u00e9dicace\u00a0: \u00a0Roch Ti\u00e9ti invite l\u2019Afrique \u00e0 \u00e9tonner le monde","datePublished":"2024-12-27T09:59:05+00:00","dateModified":"2025-01-19T10:25:34+00:00","mainEntityOfPage":{"@id":"https:\/\/7culture.ci\/index.php\/2024\/12\/27\/dedicace-roch-tieti-invite-lafrique-a-etonner-le-monde\/"},"wordCount":520,"commentCount":0,"publisher":{"@id":"https:\/\/7culture.ci\/#organization"},"articleSection":["Actualit\u00e9"],"inLanguage":"fr-FR","potentialAction":[{"@type":"CommentAction","name":"Comment","target":["https:\/\/7culture.ci\/index.php\/2024\/12\/27\/dedicace-roch-tieti-invite-lafrique-a-etonner-le-monde\/#respond"]}]},{"@type":"WebPage","@id":"https:\/\/7culture.ci\/index.php\/2024\/12\/27\/dedicace-roch-tieti-invite-lafrique-a-etonner-le-monde\/","url":"https:\/\/7culture.ci\/index.php\/2024\/12\/27\/dedicace-roch-tieti-invite-lafrique-a-etonner-le-monde\/","name":"D\u00e9dicace\u00a0: \u00a0Roch Ti\u00e9ti invite l\u2019Afrique \u00e0 \u00e9tonner le monde - 7culture","isPartOf":{"@id":"https:\/\/7culture.ci\/#website"},"datePublished":"2024-12-27T09:59:05+00:00","dateModified":"2025-01-19T10:25:34+00:00","breadcrumb":{"@id":"https:\/\/7culture.ci\/index.php\/2024\/12\/27\/dedicace-roch-tieti-invite-lafrique-a-etonner-le-monde\/#breadcrumb"},"inLanguage":"fr-FR","potentialAction":[{"@type":"ReadAction","target":["https:\/\/7culture.ci\/index.php\/2024\/12\/27\/dedicace-roch-tieti-invite-lafrique-a-etonner-le-monde\/"]}]},{"@type":"BreadcrumbList","@id":"https:\/\/7culture.ci\/index.php\/2024\/12\/27\/dedicace-roch-tieti-invite-lafrique-a-etonner-le-monde\/#breadcrumb","itemListElement":[{"@type":"ListItem","position":1,"name":"Accueil","item":"https:\/\/7culture.ci\/"},{"@type":"ListItem","position":2,"name":"D\u00e9dicace\u00a0: \u00a0Roch Ti\u00e9ti invite l\u2019Afrique \u00e0 \u00e9tonner le monde"}]},{"@type":"WebSite","@id":"https:\/\/7culture.ci\/#website","url":"https:\/\/7culture.ci\/","name":"7culture","description":"Tout sur l&#039;actualit\u00e9","publisher":{"@id":"https:\/\/7culture.ci\/#organization"},"potentialAction":[{"@type":"SearchAction","target":{"@type":"EntryPoint","urlTemplate":"https:\/\/7culture.ci\/?s={search_term_string}"},"query-input":"required name=search_term_string"}],"inLanguage":"fr-FR"},{"@type":"Organization","@id":"https:\/\/7culture.ci\/#organization","name":"7culture","url":"https:\/\/7culture.ci\/","sameAs":["https:\/\/www.facebook.com\/redchefclaude","https:\/\/twitter.com\/7culturec"],"logo":{"@type":"ImageObject","inLanguage":"fr-FR","@id":"https:\/\/7culture.ci\/#\/schema\/logo\/image\/","url":"https:\/\/7culture.ci\/wp-content\/uploads\/2021\/12\/S1a-1.png","contentUrl":"https:\/\/7culture.ci\/wp-content\/uploads\/2021\/12\/S1a-1.png","width":588,"height":192,"caption":"7culture"},"image":{"@id":"https:\/\/7culture.ci\/#\/schema\/logo\/image\/"}},{"@type":"Person","@id":"https:\/\/7culture.ci\/#\/schema\/person\/16150d28d7ef66ba788c1f87f28c4426","name":"7culture2020","image":{"@type":"ImageObject","inLanguage":"fr-FR","@id":"https:\/\/7culture.ci\/#\/schema\/person\/image\/","url":"https:\/\/secure.gravatar.com\/avatar\/9a0784f951306c37bcd065f52844ef95?s=96&d=mm&r=g","contentUrl":"https:\/\/secure.gravatar.com\/avatar\/9a0784f951306c37bcd065f52844ef95?s=96&d=mm&r=g","caption":"7culture2020"},"sameAs":["http:\/\/7culture.ci","Claude.kipre"],"url":"https:\/\/7culture.ci\/index.php\/author\/7culture2020\/"}]}},"jetpack_featured_media_url":"https:\/\/7culture.ci\/wp-content\/uploads\/2024\/12\/Neruda.jpg","jetpack_likes_enabled":true,"jetpack_sharing_enabled":true,"_links":{"self":[{"href":"https:\/\/7culture.ci\/index.php\/wp-json\/wp\/v2\/posts\/26700"}],"collection":[{"href":"https:\/\/7culture.ci\/index.php\/wp-json\/wp\/v2\/posts"}],"about":[{"href":"https:\/\/7culture.ci\/index.php\/wp-json\/wp\/v2\/types\/post"}],"author":[{"embeddable":true,"href":"https:\/\/7culture.ci\/index.php\/wp-json\/wp\/v2\/users\/1"}],"replies":[{"embeddable":true,"href":"https:\/\/7culture.ci\/index.php\/wp-json\/wp\/v2\/comments?post=26700"}],"version-history":[{"count":1,"href":"https:\/\/7culture.ci\/index.php\/wp-json\/wp\/v2\/posts\/26700\/revisions"}],"predecessor-version":[{"id":26703,"href":"https:\/\/7culture.ci\/index.php\/wp-json\/wp\/v2\/posts\/26700\/revisions\/26703"}],"wp:featuredmedia":[{"embeddable":true,"href":"https:\/\/7culture.ci\/index.php\/wp-json\/wp\/v2\/media\/26704"}],"wp:attachment":[{"href":"https:\/\/7culture.ci\/index.php\/wp-json\/wp\/v2\/media?parent=26700"}],"wp:term":[{"taxonomy":"category","embeddable":true,"href":"https:\/\/7culture.ci\/index.php\/wp-json\/wp\/v2\/categories?post=26700"},{"taxonomy":"post_tag","embeddable":true,"href":"https:\/\/7culture.ci\/index.php\/wp-json\/wp\/v2\/tags?post=26700"}],"curies":[{"name":"wp","href":"https:\/\/api.w.org\/{rel}","templated":true}]}}