{"id":26696,"date":"2024-12-26T13:10:21","date_gmt":"2024-12-26T13:10:21","guid":{"rendered":"https:\/\/7culture.ci\/?p=26696"},"modified":"2024-12-27T10:04:56","modified_gmt":"2024-12-27T10:04:56","slug":"ecole-africaine-des-medias-ecame-18-journalistes-et-animateurs-teles-formes","status":"publish","type":"post","link":"https:\/\/7culture.ci\/index.php\/2024\/12\/26\/ecole-africaine-des-medias-ecame-18-journalistes-et-animateurs-teles-formes\/","title":{"rendered":"Ecole africaine des m\u00e9dias (Ecame)\u00a0: 18 journalistes et animateurs t\u00e9l\u00e9s form\u00e9s"},"content":{"rendered":"\n<p>Dix-huit (18) journalistes et animateurs de t\u00e9l\u00e9visions form\u00e9s \u00e0 l\u2019Ecole africaine des m\u00e9dias (Ecame), \u00e0 Abidjan-Cocody-Angr\u00e9 (Terminus 81\/82), ont re\u00e7u leurs parchemins consacrant leur r\u00e9ussite, le samedi 21 d\u00e9cembre, \u00e0 la c\u00e9r\u00e9monie solennelle de \u2018\u2019Graduation\u2019\u2019, parrain\u00e9 par Dr Michel Nouf\u00e9, Directeur des Moyens g\u00e9n\u00e9raux du tr\u00e9sor et de la comptabilit\u00e9 publique. Sur les vingt-cinq (25) inscrits, dix-huit ont \u00e9t\u00e9 d\u00e9clar\u00e9s admis.<\/p>\n\n\n\n<p>Dr Michel Nouf\u00e9 a soulign\u00e9 la qualit\u00e9 de la formation dispens\u00e9e par des formateurs exp\u00e9riment\u00e9s. C\u2019est-\u00e0-dire des journalistes et animateurs qui ont une longue pratique du m\u00e9tier. Il a dit avoir \u00e9t\u00e9 s\u00e9duit par le talent des nouveaux journalistes et animateurs \u00e0 travers leurs prestations. Aussi leur a-t-il demand\u00e9 d\u2019\u00eatre entreprenant en faisant preuve de cr\u00e9ativit\u00e9. Le parrain a demand\u00e9 aux feuillues de cultiver des valeurs dont celle de l\u2019humilit\u00e9 tout au long de leur carri\u00e8re. Il a traduit sa gratitude aux responsables de l\u2019\u00e9cole qui, selon lui, portent un projet ambitieux. Il les a exhort\u00e9s \u00e0 \u00eatre courageux pour atteindre leurs objectifs.<\/p>\n\n\n\n<p>Alain Bouabr\u00e9, pr\u00e9sident du Conseil d\u2019administration de l\u2019\u00e9cole a affirm\u00e9&nbsp;: \u00ab&nbsp;<em>L&#8217;ambition de l&#8217;\u00c9cole africaine des m\u00e9dias est claire : devenir une \u00e9cole de r\u00e9f\u00e9rence dans la formation aux m\u00e9tiers de la communication. Nous aspirons \u00e0 \u00eatre un phare d&#8217;excellence, un lieu o\u00f9 l&#8217;innovation et la cr\u00e9ativit\u00e9 se rencontrent pour former les leaders de demain<\/em>&nbsp;\u00bb.&nbsp; Et de poursuivre&nbsp;: \u00ab <em>Notre identit\u00e9 repose sur un principe fondamental : la connaissance pratique. Nous croyons fermement que la th\u00e9orie doit s&#8217;accompagner d&#8217;une exp\u00e9rience concr\u00e8te. C\u2019est cette approche qui nous a permis de d\u00e9velopper des comp\u00e9tences essentielles, de collaborer sur des projets r\u00e9els et d\u2019interagir avec des professionnels du secteur. Gr\u00e2ce \u00e0 cela, nous sommes mieux pr\u00e9par\u00e9s \u00e0 entrer sur le march\u00e9 du travail. Demain, nous voulons \u00eatre la premi\u00e8re \u00e9cole de formation aux m\u00e9tiers de la communication en Afrique. Nous avons les outils, le talent et la passion pour y parvenir<\/em>&nbsp;\u00bb. A l\u2019endroit des dipl\u00f4m\u00e9s, il a conseill\u00e9 l\u2019entrepreneuriat&nbsp;: \u00ab&nbsp;<em>\u00c0 vous, chers dipl\u00f4m\u00e9s, je vous encourage \u00e0 faire preuve d\u2019esprit d\u2019entrepreneuriat. N\u2019attendez pas que les opportunit\u00e9s se pr\u00e9sentent \u00e0 vous ; cr\u00e9ez-les. Soyez audacieux dans vos projets, innovants dans vos id\u00e9es, et d\u00e9termin\u00e9s \u00e0 faire la diff\u00e9rence dans le monde qui vous entoure<\/em>&nbsp;\u00bb.<\/p>\n\n\n\n<p>Bertin Brou Konan, ancien journaliste sportif \u00e0 Radio C\u00f4te d\u2019Ivoire (RTI), aujourd\u2019hui \u00e0 la Radio de la paix, a demand\u00e9 aux jeunes d\u2019\u00eatre optimistes, car dira-t-il \u00ab&nbsp;<em>Il y a \u00e0 boire et \u00e0 manger. Car ce m\u00e9tier est un m\u00e9tier de cr\u00e9ativit\u00e9<\/em>&nbsp;\u00bb.<\/p>\n\n\n\n<p>Les dix-huit dipl\u00f4m\u00e9s sont la premi\u00e8re promotion de l\u2019Ecame.<\/p>\n\n\n\n<p><strong>E.K<\/strong><\/p>\n","protected":false},"excerpt":{"rendered":"<p>Dix-huit (18) journalistes et animateurs de t\u00e9l\u00e9visions form\u00e9s \u00e0 l\u2019Ecole africaine des m\u00e9dias (Ecame), \u00e0 Abidjan-Cocody-Angr\u00e9 (Terminus 81\/82), ont re\u00e7u leurs parchemins consacrant leur r\u00e9ussite, le samedi 21 d\u00e9cembre, \u00e0 la c\u00e9r\u00e9monie solennelle de \u2018\u2019Graduation\u2019\u2019, parrain\u00e9 par Dr Michel Nouf\u00e9, Directeur des Moyens g\u00e9n\u00e9raux du tr\u00e9sor et de la comptabilit\u00e9 publique. Sur les vingt-cinq (25) &hellip;<\/p>\n<p class=\"read-more\"> <a class=\"\" href=\"https:\/\/7culture.ci\/index.php\/2024\/12\/26\/ecole-africaine-des-medias-ecame-18-journalistes-et-animateurs-teles-formes\/\"> <span class=\"screen-reader-text\">Ecole africaine des m\u00e9dias (Ecame)\u00a0: 18 journalistes et animateurs t\u00e9l\u00e9s form\u00e9s<\/span> Lire la suite\u00a0\u00bb<\/a><\/p>\n","protected":false},"author":1,"featured_media":26698,"comment_status":"open","ping_status":"open","sticky":false,"template":"","format":"standard","meta":{"_mi_skip_tracking":false,"_monsterinsights_sitenote_active":false,"_monsterinsights_sitenote_note":"","_monsterinsights_sitenote_category":0,"site-sidebar-layout":"default","site-content-layout":"default","ast-global-header-display":"","ast-main-header-display":"","ast-hfb-above-header-display":"","ast-hfb-below-header-display":"","ast-hfb-mobile-header-display":"","site-post-title":"","ast-breadcrumbs-content":"","ast-featured-img":"","footer-sml-layout":"","theme-transparent-header-meta":"","adv-header-id-meta":"","stick-header-meta":"","header-above-stick-meta":"","header-main-stick-meta":"","header-below-stick-meta":"","footnotes":"","jetpack_publicize_message":"","jetpack_is_tweetstorm":false,"jetpack_publicize_feature_enabled":true},"categories":[22],"tags":[],"jetpack_publicize_connections":[],"acf":[],"aioseo_notices":[],"yoast_head":"<!-- This site is optimized with the Yoast SEO plugin v19.6.1 - https:\/\/yoast.com\/wordpress\/plugins\/seo\/ -->\n<title>Ecole africaine des m\u00e9dias (Ecame)\u00a0: 18 journalistes et animateurs t\u00e9l\u00e9s form\u00e9s - 7culture<\/title>\n<meta name=\"robots\" content=\"index, follow, max-snippet:-1, max-image-preview:large, max-video-preview:-1\" \/>\n<link rel=\"canonical\" href=\"https:\/\/7culture.ci\/index.php\/2024\/12\/26\/ecole-africaine-des-medias-ecame-18-journalistes-et-animateurs-teles-formes\/\" \/>\n<meta property=\"og:locale\" content=\"fr_FR\" \/>\n<meta property=\"og:type\" content=\"article\" \/>\n<meta property=\"og:title\" content=\"Ecole africaine des m\u00e9dias (Ecame)\u00a0: 18 journalistes et animateurs t\u00e9l\u00e9s form\u00e9s - 7culture\" \/>\n<meta property=\"og:description\" content=\"Dix-huit (18) journalistes et animateurs de t\u00e9l\u00e9visions form\u00e9s \u00e0 l\u2019Ecole africaine des m\u00e9dias (Ecame), \u00e0 Abidjan-Cocody-Angr\u00e9 (Terminus 81\/82), ont re\u00e7u leurs parchemins consacrant leur r\u00e9ussite, le samedi 21 d\u00e9cembre, \u00e0 la c\u00e9r\u00e9monie solennelle de \u2018\u2019Graduation\u2019\u2019, parrain\u00e9 par Dr Michel Nouf\u00e9, Directeur des Moyens g\u00e9n\u00e9raux du tr\u00e9sor et de la comptabilit\u00e9 publique. Sur les vingt-cinq (25) &hellip; Ecole africaine des m\u00e9dias (Ecame)\u00a0: 18 journalistes et animateurs t\u00e9l\u00e9s form\u00e9s Lire la suite\u00a0\u00bb\" \/>\n<meta property=\"og:url\" content=\"https:\/\/7culture.ci\/index.php\/2024\/12\/26\/ecole-africaine-des-medias-ecame-18-journalistes-et-animateurs-teles-formes\/\" \/>\n<meta property=\"og:site_name\" content=\"7culture\" \/>\n<meta property=\"article:publisher\" content=\"https:\/\/www.facebook.com\/redchefclaude\" \/>\n<meta property=\"article:published_time\" content=\"2024-12-26T13:10:21+00:00\" \/>\n<meta property=\"article:modified_time\" content=\"2024-12-27T10:04:56+00:00\" \/>\n<meta property=\"og:image\" content=\"http:\/\/7culture.ci\/wp-content\/uploads\/2024\/12\/Ecame_Oui.jpg\" \/>\n\t<meta property=\"og:image:width\" content=\"1080\" \/>\n\t<meta property=\"og:image:height\" content=\"577\" \/>\n\t<meta property=\"og:image:type\" content=\"image\/jpeg\" \/>\n<meta name=\"author\" content=\"7culture2020\" \/>\n<meta name=\"twitter:card\" content=\"summary_large_image\" \/>\n<meta name=\"twitter:creator\" content=\"@7culturec\" \/>\n<meta name=\"twitter:site\" content=\"@7culturec\" \/>\n<meta name=\"twitter:label1\" content=\"\u00c9crit par\" \/>\n\t<meta name=\"twitter:data1\" content=\"7culture2020\" \/>\n\t<meta name=\"twitter:label2\" content=\"Dur\u00e9e de lecture estim\u00e9e\" \/>\n\t<meta name=\"twitter:data2\" content=\"2 minutes\" \/>\n<script type=\"application\/ld+json\" class=\"yoast-schema-graph\">{\"@context\":\"https:\/\/schema.org\",\"@graph\":[{\"@type\":\"Article\",\"@id\":\"https:\/\/7culture.ci\/index.php\/2024\/12\/26\/ecole-africaine-des-medias-ecame-18-journalistes-et-animateurs-teles-formes\/#article\",\"isPartOf\":{\"@id\":\"https:\/\/7culture.ci\/index.php\/2024\/12\/26\/ecole-africaine-des-medias-ecame-18-journalistes-et-animateurs-teles-formes\/\"},\"author\":{\"name\":\"7culture2020\",\"@id\":\"https:\/\/7culture.ci\/#\/schema\/person\/16150d28d7ef66ba788c1f87f28c4426\"},\"headline\":\"Ecole africaine des m\u00e9dias (Ecame)\u00a0: 18 journalistes et animateurs t\u00e9l\u00e9s form\u00e9s\",\"datePublished\":\"2024-12-26T13:10:21+00:00\",\"dateModified\":\"2024-12-27T10:04:56+00:00\",\"mainEntityOfPage\":{\"@id\":\"https:\/\/7culture.ci\/index.php\/2024\/12\/26\/ecole-africaine-des-medias-ecame-18-journalistes-et-animateurs-teles-formes\/\"},\"wordCount\":494,\"commentCount\":0,\"publisher\":{\"@id\":\"https:\/\/7culture.ci\/#organization\"},\"articleSection\":[\"Actualit\u00e9\"],\"inLanguage\":\"fr-FR\",\"potentialAction\":[{\"@type\":\"CommentAction\",\"name\":\"Comment\",\"target\":[\"https:\/\/7culture.ci\/index.php\/2024\/12\/26\/ecole-africaine-des-medias-ecame-18-journalistes-et-animateurs-teles-formes\/#respond\"]}]},{\"@type\":\"WebPage\",\"@id\":\"https:\/\/7culture.ci\/index.php\/2024\/12\/26\/ecole-africaine-des-medias-ecame-18-journalistes-et-animateurs-teles-formes\/\",\"url\":\"https:\/\/7culture.ci\/index.php\/2024\/12\/26\/ecole-africaine-des-medias-ecame-18-journalistes-et-animateurs-teles-formes\/\",\"name\":\"Ecole africaine des m\u00e9dias (Ecame)\u00a0: 18 journalistes et animateurs t\u00e9l\u00e9s form\u00e9s - 7culture\",\"isPartOf\":{\"@id\":\"https:\/\/7culture.ci\/#website\"},\"datePublished\":\"2024-12-26T13:10:21+00:00\",\"dateModified\":\"2024-12-27T10:04:56+00:00\",\"breadcrumb\":{\"@id\":\"https:\/\/7culture.ci\/index.php\/2024\/12\/26\/ecole-africaine-des-medias-ecame-18-journalistes-et-animateurs-teles-formes\/#breadcrumb\"},\"inLanguage\":\"fr-FR\",\"potentialAction\":[{\"@type\":\"ReadAction\",\"target\":[\"https:\/\/7culture.ci\/index.php\/2024\/12\/26\/ecole-africaine-des-medias-ecame-18-journalistes-et-animateurs-teles-formes\/\"]}]},{\"@type\":\"BreadcrumbList\",\"@id\":\"https:\/\/7culture.ci\/index.php\/2024\/12\/26\/ecole-africaine-des-medias-ecame-18-journalistes-et-animateurs-teles-formes\/#breadcrumb\",\"itemListElement\":[{\"@type\":\"ListItem\",\"position\":1,\"name\":\"Accueil\",\"item\":\"https:\/\/7culture.ci\/\"},{\"@type\":\"ListItem\",\"position\":2,\"name\":\"Ecole africaine des m\u00e9dias (Ecame)\u00a0: 18 journalistes et animateurs t\u00e9l\u00e9s form\u00e9s\"}]},{\"@type\":\"WebSite\",\"@id\":\"https:\/\/7culture.ci\/#website\",\"url\":\"https:\/\/7culture.ci\/\",\"name\":\"7culture\",\"description\":\"Tout sur l&#039;actualit\u00e9\",\"publisher\":{\"@id\":\"https:\/\/7culture.ci\/#organization\"},\"potentialAction\":[{\"@type\":\"SearchAction\",\"target\":{\"@type\":\"EntryPoint\",\"urlTemplate\":\"https:\/\/7culture.ci\/?s={search_term_string}\"},\"query-input\":\"required name=search_term_string\"}],\"inLanguage\":\"fr-FR\"},{\"@type\":\"Organization\",\"@id\":\"https:\/\/7culture.ci\/#organization\",\"name\":\"7culture\",\"url\":\"https:\/\/7culture.ci\/\",\"sameAs\":[\"https:\/\/www.facebook.com\/redchefclaude\",\"https:\/\/twitter.com\/7culturec\"],\"logo\":{\"@type\":\"ImageObject\",\"inLanguage\":\"fr-FR\",\"@id\":\"https:\/\/7culture.ci\/#\/schema\/logo\/image\/\",\"url\":\"https:\/\/7culture.ci\/wp-content\/uploads\/2021\/12\/S1a-1.png\",\"contentUrl\":\"https:\/\/7culture.ci\/wp-content\/uploads\/2021\/12\/S1a-1.png\",\"width\":588,\"height\":192,\"caption\":\"7culture\"},\"image\":{\"@id\":\"https:\/\/7culture.ci\/#\/schema\/logo\/image\/\"}},{\"@type\":\"Person\",\"@id\":\"https:\/\/7culture.ci\/#\/schema\/person\/16150d28d7ef66ba788c1f87f28c4426\",\"name\":\"7culture2020\",\"image\":{\"@type\":\"ImageObject\",\"inLanguage\":\"fr-FR\",\"@id\":\"https:\/\/7culture.ci\/#\/schema\/person\/image\/\",\"url\":\"https:\/\/secure.gravatar.com\/avatar\/9a0784f951306c37bcd065f52844ef95?s=96&d=mm&r=g\",\"contentUrl\":\"https:\/\/secure.gravatar.com\/avatar\/9a0784f951306c37bcd065f52844ef95?s=96&d=mm&r=g\",\"caption\":\"7culture2020\"},\"sameAs\":[\"http:\/\/7culture.ci\",\"Claude.kipre\"],\"url\":\"https:\/\/7culture.ci\/index.php\/author\/7culture2020\/\"}]}<\/script>\n<!-- \/ Yoast SEO plugin. -->","yoast_head_json":{"title":"Ecole africaine des m\u00e9dias (Ecame)\u00a0: 18 journalistes et animateurs t\u00e9l\u00e9s form\u00e9s - 7culture","robots":{"index":"index","follow":"follow","max-snippet":"max-snippet:-1","max-image-preview":"max-image-preview:large","max-video-preview":"max-video-preview:-1"},"canonical":"https:\/\/7culture.ci\/index.php\/2024\/12\/26\/ecole-africaine-des-medias-ecame-18-journalistes-et-animateurs-teles-formes\/","og_locale":"fr_FR","og_type":"article","og_title":"Ecole africaine des m\u00e9dias (Ecame)\u00a0: 18 journalistes et animateurs t\u00e9l\u00e9s form\u00e9s - 7culture","og_description":"Dix-huit (18) journalistes et animateurs de t\u00e9l\u00e9visions form\u00e9s \u00e0 l\u2019Ecole africaine des m\u00e9dias (Ecame), \u00e0 Abidjan-Cocody-Angr\u00e9 (Terminus 81\/82), ont re\u00e7u leurs parchemins consacrant leur r\u00e9ussite, le samedi 21 d\u00e9cembre, \u00e0 la c\u00e9r\u00e9monie solennelle de \u2018\u2019Graduation\u2019\u2019, parrain\u00e9 par Dr Michel Nouf\u00e9, Directeur des Moyens g\u00e9n\u00e9raux du tr\u00e9sor et de la comptabilit\u00e9 publique. Sur les vingt-cinq (25) &hellip; Ecole africaine des m\u00e9dias (Ecame)\u00a0: 18 journalistes et animateurs t\u00e9l\u00e9s form\u00e9s Lire la suite\u00a0\u00bb","og_url":"https:\/\/7culture.ci\/index.php\/2024\/12\/26\/ecole-africaine-des-medias-ecame-18-journalistes-et-animateurs-teles-formes\/","og_site_name":"7culture","article_publisher":"https:\/\/www.facebook.com\/redchefclaude","article_published_time":"2024-12-26T13:10:21+00:00","article_modified_time":"2024-12-27T10:04:56+00:00","og_image":[{"width":1080,"height":577,"url":"http:\/\/7culture.ci\/wp-content\/uploads\/2024\/12\/Ecame_Oui.jpg","type":"image\/jpeg"}],"author":"7culture2020","twitter_card":"summary_large_image","twitter_creator":"@7culturec","twitter_site":"@7culturec","twitter_misc":{"\u00c9crit par":"7culture2020","Dur\u00e9e de lecture estim\u00e9e":"2 minutes"},"schema":{"@context":"https:\/\/schema.org","@graph":[{"@type":"Article","@id":"https:\/\/7culture.ci\/index.php\/2024\/12\/26\/ecole-africaine-des-medias-ecame-18-journalistes-et-animateurs-teles-formes\/#article","isPartOf":{"@id":"https:\/\/7culture.ci\/index.php\/2024\/12\/26\/ecole-africaine-des-medias-ecame-18-journalistes-et-animateurs-teles-formes\/"},"author":{"name":"7culture2020","@id":"https:\/\/7culture.ci\/#\/schema\/person\/16150d28d7ef66ba788c1f87f28c4426"},"headline":"Ecole africaine des m\u00e9dias (Ecame)\u00a0: 18 journalistes et animateurs t\u00e9l\u00e9s form\u00e9s","datePublished":"2024-12-26T13:10:21+00:00","dateModified":"2024-12-27T10:04:56+00:00","mainEntityOfPage":{"@id":"https:\/\/7culture.ci\/index.php\/2024\/12\/26\/ecole-africaine-des-medias-ecame-18-journalistes-et-animateurs-teles-formes\/"},"wordCount":494,"commentCount":0,"publisher":{"@id":"https:\/\/7culture.ci\/#organization"},"articleSection":["Actualit\u00e9"],"inLanguage":"fr-FR","potentialAction":[{"@type":"CommentAction","name":"Comment","target":["https:\/\/7culture.ci\/index.php\/2024\/12\/26\/ecole-africaine-des-medias-ecame-18-journalistes-et-animateurs-teles-formes\/#respond"]}]},{"@type":"WebPage","@id":"https:\/\/7culture.ci\/index.php\/2024\/12\/26\/ecole-africaine-des-medias-ecame-18-journalistes-et-animateurs-teles-formes\/","url":"https:\/\/7culture.ci\/index.php\/2024\/12\/26\/ecole-africaine-des-medias-ecame-18-journalistes-et-animateurs-teles-formes\/","name":"Ecole africaine des m\u00e9dias (Ecame)\u00a0: 18 journalistes et animateurs t\u00e9l\u00e9s form\u00e9s - 7culture","isPartOf":{"@id":"https:\/\/7culture.ci\/#website"},"datePublished":"2024-12-26T13:10:21+00:00","dateModified":"2024-12-27T10:04:56+00:00","breadcrumb":{"@id":"https:\/\/7culture.ci\/index.php\/2024\/12\/26\/ecole-africaine-des-medias-ecame-18-journalistes-et-animateurs-teles-formes\/#breadcrumb"},"inLanguage":"fr-FR","potentialAction":[{"@type":"ReadAction","target":["https:\/\/7culture.ci\/index.php\/2024\/12\/26\/ecole-africaine-des-medias-ecame-18-journalistes-et-animateurs-teles-formes\/"]}]},{"@type":"BreadcrumbList","@id":"https:\/\/7culture.ci\/index.php\/2024\/12\/26\/ecole-africaine-des-medias-ecame-18-journalistes-et-animateurs-teles-formes\/#breadcrumb","itemListElement":[{"@type":"ListItem","position":1,"name":"Accueil","item":"https:\/\/7culture.ci\/"},{"@type":"ListItem","position":2,"name":"Ecole africaine des m\u00e9dias (Ecame)\u00a0: 18 journalistes et animateurs t\u00e9l\u00e9s form\u00e9s"}]},{"@type":"WebSite","@id":"https:\/\/7culture.ci\/#website","url":"https:\/\/7culture.ci\/","name":"7culture","description":"Tout sur l&#039;actualit\u00e9","publisher":{"@id":"https:\/\/7culture.ci\/#organization"},"potentialAction":[{"@type":"SearchAction","target":{"@type":"EntryPoint","urlTemplate":"https:\/\/7culture.ci\/?s={search_term_string}"},"query-input":"required name=search_term_string"}],"inLanguage":"fr-FR"},{"@type":"Organization","@id":"https:\/\/7culture.ci\/#organization","name":"7culture","url":"https:\/\/7culture.ci\/","sameAs":["https:\/\/www.facebook.com\/redchefclaude","https:\/\/twitter.com\/7culturec"],"logo":{"@type":"ImageObject","inLanguage":"fr-FR","@id":"https:\/\/7culture.ci\/#\/schema\/logo\/image\/","url":"https:\/\/7culture.ci\/wp-content\/uploads\/2021\/12\/S1a-1.png","contentUrl":"https:\/\/7culture.ci\/wp-content\/uploads\/2021\/12\/S1a-1.png","width":588,"height":192,"caption":"7culture"},"image":{"@id":"https:\/\/7culture.ci\/#\/schema\/logo\/image\/"}},{"@type":"Person","@id":"https:\/\/7culture.ci\/#\/schema\/person\/16150d28d7ef66ba788c1f87f28c4426","name":"7culture2020","image":{"@type":"ImageObject","inLanguage":"fr-FR","@id":"https:\/\/7culture.ci\/#\/schema\/person\/image\/","url":"https:\/\/secure.gravatar.com\/avatar\/9a0784f951306c37bcd065f52844ef95?s=96&d=mm&r=g","contentUrl":"https:\/\/secure.gravatar.com\/avatar\/9a0784f951306c37bcd065f52844ef95?s=96&d=mm&r=g","caption":"7culture2020"},"sameAs":["http:\/\/7culture.ci","Claude.kipre"],"url":"https:\/\/7culture.ci\/index.php\/author\/7culture2020\/"}]}},"jetpack_featured_media_url":"https:\/\/7culture.ci\/wp-content\/uploads\/2024\/12\/Ecame_Oui.jpg","jetpack_likes_enabled":true,"jetpack_sharing_enabled":true,"_links":{"self":[{"href":"https:\/\/7culture.ci\/index.php\/wp-json\/wp\/v2\/posts\/26696"}],"collection":[{"href":"https:\/\/7culture.ci\/index.php\/wp-json\/wp\/v2\/posts"}],"about":[{"href":"https:\/\/7culture.ci\/index.php\/wp-json\/wp\/v2\/types\/post"}],"author":[{"embeddable":true,"href":"https:\/\/7culture.ci\/index.php\/wp-json\/wp\/v2\/users\/1"}],"replies":[{"embeddable":true,"href":"https:\/\/7culture.ci\/index.php\/wp-json\/wp\/v2\/comments?post=26696"}],"version-history":[{"count":1,"href":"https:\/\/7culture.ci\/index.php\/wp-json\/wp\/v2\/posts\/26696\/revisions"}],"predecessor-version":[{"id":26699,"href":"https:\/\/7culture.ci\/index.php\/wp-json\/wp\/v2\/posts\/26696\/revisions\/26699"}],"wp:featuredmedia":[{"embeddable":true,"href":"https:\/\/7culture.ci\/index.php\/wp-json\/wp\/v2\/media\/26698"}],"wp:attachment":[{"href":"https:\/\/7culture.ci\/index.php\/wp-json\/wp\/v2\/media?parent=26696"}],"wp:term":[{"taxonomy":"category","embeddable":true,"href":"https:\/\/7culture.ci\/index.php\/wp-json\/wp\/v2\/categories?post=26696"},{"taxonomy":"post_tag","embeddable":true,"href":"https:\/\/7culture.ci\/index.php\/wp-json\/wp\/v2\/tags?post=26696"}],"curies":[{"name":"wp","href":"https:\/\/api.w.org\/{rel}","templated":true}]}}