{"id":26691,"date":"2024-12-26T09:10:45","date_gmt":"2024-12-26T09:10:45","guid":{"rendered":"https:\/\/7culture.ci\/?p=26691"},"modified":"2024-12-26T13:15:49","modified_gmt":"2024-12-26T13:15:49","slug":"celebration-une-centenaire-honoree","status":"publish","type":"post","link":"https:\/\/7culture.ci\/index.php\/2024\/12\/26\/celebration-une-centenaire-honoree\/","title":{"rendered":"C\u00e9l\u00e9bration : Une centenaire honor\u00e9e"},"content":{"rendered":"\n<p>Il y avait une double c\u00e9l\u00e9bration, hier, au domicile des Gadji \u00e0 Abobo PK 18. Outre la comm\u00e9moration de la naissance du Christ, l&#8217;on a aussi c\u00e9l\u00e9br\u00e9 une vie qui dure depuis&#8230;100 ans.<\/p>\n\n\n\n<p>Kon\u00e9 Golou Youla est rentr\u00e9e, ce 25 d\u00e9cembre 2024, dans le cercle tr\u00e8s ferm\u00e9 des centenaires en C\u00f4te d\u2019Ivoire. Sur les visages des siens compos\u00e9s de parents, enfants, petits-enfants, gendres&#8230;venus en grand nombre, se lisait une joie indescriptible.<\/p>\n\n\n\n<figure class=\"wp-block-image aligncenter size-full\"><img loading=\"lazy\" decoding=\"async\" width=\"486\" height=\"728\" src=\"https:\/\/7culture.ci\/wp-content\/uploads\/2024\/12\/Kone1.jpg\" alt=\"\" class=\"wp-image-26694\" srcset=\"https:\/\/7culture.ci\/wp-content\/uploads\/2024\/12\/Kone1.jpg 486w, https:\/\/7culture.ci\/wp-content\/uploads\/2024\/12\/Kone1-200x300.jpg 200w\" sizes=\"(max-width: 486px) 100vw, 486px\" \/><\/figure>\n\n\n\n<p>N\u00e9e vers 1923 \u00e0 Gbonn\u00e9 dans le d\u00e9partement de Biankouma, Kon\u00e9 Golou Youla, malgr\u00e9 le temps et les vicissitudes de la vie, garde une bonne sant\u00e9 et surtout un large sourire. Signe de sa reconnaissance \u00e0 Dieu. Et Toto Momin\u00e9, op\u00e9rateur \u00e9conomique, l&#8217;une des 9 vies qu&#8217;elle a donn\u00e9es, de justifier cette c\u00e9l\u00e9bration comme un remerciement \u00e0 Dieu qui fait gr\u00e2ce de cette longue vie \u00e0 sa m\u00e8re.<\/p>\n\n\n\n<p>CK<\/p>\n","protected":false},"excerpt":{"rendered":"<p>Il y avait une double c\u00e9l\u00e9bration, hier, au domicile des Gadji \u00e0 Abobo PK 18. Outre la comm\u00e9moration de la naissance du Christ, l&#8217;on a aussi c\u00e9l\u00e9br\u00e9 une vie qui dure depuis&#8230;100 ans. Kon\u00e9 Golou Youla est rentr\u00e9e, ce 25 d\u00e9cembre 2024, dans le cercle tr\u00e8s ferm\u00e9 des centenaires en C\u00f4te d\u2019Ivoire. Sur les visages &hellip;<\/p>\n<p class=\"read-more\"> <a class=\"\" href=\"https:\/\/7culture.ci\/index.php\/2024\/12\/26\/celebration-une-centenaire-honoree\/\"> <span class=\"screen-reader-text\">C\u00e9l\u00e9bration : Une centenaire honor\u00e9e<\/span> Lire la suite\u00a0\u00bb<\/a><\/p>\n","protected":false},"author":1,"featured_media":26693,"comment_status":"open","ping_status":"open","sticky":false,"template":"","format":"standard","meta":{"_mi_skip_tracking":false,"_monsterinsights_sitenote_active":false,"_monsterinsights_sitenote_note":"","_monsterinsights_sitenote_category":0,"site-sidebar-layout":"default","site-content-layout":"default","ast-global-header-display":"","ast-main-header-display":"","ast-hfb-above-header-display":"","ast-hfb-below-header-display":"","ast-hfb-mobile-header-display":"","site-post-title":"","ast-breadcrumbs-content":"","ast-featured-img":"","footer-sml-layout":"","theme-transparent-header-meta":"","adv-header-id-meta":"","stick-header-meta":"","header-above-stick-meta":"","header-main-stick-meta":"","header-below-stick-meta":"","footnotes":"","jetpack_publicize_message":"","jetpack_is_tweetstorm":false,"jetpack_publicize_feature_enabled":true},"categories":[22],"tags":[],"jetpack_publicize_connections":[],"acf":[],"aioseo_notices":[],"yoast_head":"<!-- This site is optimized with the Yoast SEO plugin v19.6.1 - https:\/\/yoast.com\/wordpress\/plugins\/seo\/ -->\n<title>C\u00e9l\u00e9bration : Une centenaire honor\u00e9e - 7culture<\/title>\n<meta name=\"robots\" content=\"index, follow, max-snippet:-1, max-image-preview:large, max-video-preview:-1\" \/>\n<link rel=\"canonical\" href=\"https:\/\/7culture.ci\/index.php\/2024\/12\/26\/celebration-une-centenaire-honoree\/\" \/>\n<meta property=\"og:locale\" content=\"fr_FR\" \/>\n<meta property=\"og:type\" content=\"article\" \/>\n<meta property=\"og:title\" content=\"C\u00e9l\u00e9bration : Une centenaire honor\u00e9e - 7culture\" \/>\n<meta property=\"og:description\" content=\"Il y avait une double c\u00e9l\u00e9bration, hier, au domicile des Gadji \u00e0 Abobo PK 18. Outre la comm\u00e9moration de la naissance du Christ, l&#8217;on a aussi c\u00e9l\u00e9br\u00e9 une vie qui dure depuis&#8230;100 ans. Kon\u00e9 Golou Youla est rentr\u00e9e, ce 25 d\u00e9cembre 2024, dans le cercle tr\u00e8s ferm\u00e9 des centenaires en C\u00f4te d\u2019Ivoire. Sur les visages &hellip; C\u00e9l\u00e9bration : Une centenaire honor\u00e9e Lire la suite\u00a0\u00bb\" \/>\n<meta property=\"og:url\" content=\"https:\/\/7culture.ci\/index.php\/2024\/12\/26\/celebration-une-centenaire-honoree\/\" \/>\n<meta property=\"og:site_name\" content=\"7culture\" \/>\n<meta property=\"article:publisher\" content=\"https:\/\/www.facebook.com\/redchefclaude\" \/>\n<meta property=\"article:published_time\" content=\"2024-12-26T09:10:45+00:00\" \/>\n<meta property=\"article:modified_time\" content=\"2024-12-26T13:15:49+00:00\" \/>\n<meta property=\"og:image\" content=\"http:\/\/7culture.ci\/wp-content\/uploads\/2024\/12\/Kone2.jpg\" \/>\n\t<meta property=\"og:image:width\" content=\"897\" \/>\n\t<meta property=\"og:image:height\" content=\"486\" \/>\n\t<meta property=\"og:image:type\" content=\"image\/jpeg\" \/>\n<meta name=\"author\" content=\"7culture2020\" \/>\n<meta name=\"twitter:card\" content=\"summary_large_image\" \/>\n<meta name=\"twitter:creator\" content=\"@7culturec\" \/>\n<meta name=\"twitter:site\" content=\"@7culturec\" \/>\n<meta name=\"twitter:label1\" content=\"\u00c9crit par\" \/>\n\t<meta name=\"twitter:data1\" content=\"7culture2020\" \/>\n\t<meta name=\"twitter:label2\" content=\"Dur\u00e9e de lecture estim\u00e9e\" \/>\n\t<meta name=\"twitter:data2\" content=\"1 minute\" \/>\n<script type=\"application\/ld+json\" class=\"yoast-schema-graph\">{\"@context\":\"https:\/\/schema.org\",\"@graph\":[{\"@type\":\"Article\",\"@id\":\"https:\/\/7culture.ci\/index.php\/2024\/12\/26\/celebration-une-centenaire-honoree\/#article\",\"isPartOf\":{\"@id\":\"https:\/\/7culture.ci\/index.php\/2024\/12\/26\/celebration-une-centenaire-honoree\/\"},\"author\":{\"name\":\"7culture2020\",\"@id\":\"https:\/\/7culture.ci\/#\/schema\/person\/16150d28d7ef66ba788c1f87f28c4426\"},\"headline\":\"C\u00e9l\u00e9bration : Une centenaire honor\u00e9e\",\"datePublished\":\"2024-12-26T09:10:45+00:00\",\"dateModified\":\"2024-12-26T13:15:49+00:00\",\"mainEntityOfPage\":{\"@id\":\"https:\/\/7culture.ci\/index.php\/2024\/12\/26\/celebration-une-centenaire-honoree\/\"},\"wordCount\":157,\"commentCount\":0,\"publisher\":{\"@id\":\"https:\/\/7culture.ci\/#organization\"},\"articleSection\":[\"Actualit\u00e9\"],\"inLanguage\":\"fr-FR\",\"potentialAction\":[{\"@type\":\"CommentAction\",\"name\":\"Comment\",\"target\":[\"https:\/\/7culture.ci\/index.php\/2024\/12\/26\/celebration-une-centenaire-honoree\/#respond\"]}]},{\"@type\":\"WebPage\",\"@id\":\"https:\/\/7culture.ci\/index.php\/2024\/12\/26\/celebration-une-centenaire-honoree\/\",\"url\":\"https:\/\/7culture.ci\/index.php\/2024\/12\/26\/celebration-une-centenaire-honoree\/\",\"name\":\"C\u00e9l\u00e9bration : Une centenaire honor\u00e9e - 7culture\",\"isPartOf\":{\"@id\":\"https:\/\/7culture.ci\/#website\"},\"datePublished\":\"2024-12-26T09:10:45+00:00\",\"dateModified\":\"2024-12-26T13:15:49+00:00\",\"breadcrumb\":{\"@id\":\"https:\/\/7culture.ci\/index.php\/2024\/12\/26\/celebration-une-centenaire-honoree\/#breadcrumb\"},\"inLanguage\":\"fr-FR\",\"potentialAction\":[{\"@type\":\"ReadAction\",\"target\":[\"https:\/\/7culture.ci\/index.php\/2024\/12\/26\/celebration-une-centenaire-honoree\/\"]}]},{\"@type\":\"BreadcrumbList\",\"@id\":\"https:\/\/7culture.ci\/index.php\/2024\/12\/26\/celebration-une-centenaire-honoree\/#breadcrumb\",\"itemListElement\":[{\"@type\":\"ListItem\",\"position\":1,\"name\":\"Accueil\",\"item\":\"https:\/\/7culture.ci\/\"},{\"@type\":\"ListItem\",\"position\":2,\"name\":\"C\u00e9l\u00e9bration : Une centenaire honor\u00e9e\"}]},{\"@type\":\"WebSite\",\"@id\":\"https:\/\/7culture.ci\/#website\",\"url\":\"https:\/\/7culture.ci\/\",\"name\":\"7culture\",\"description\":\"Tout sur l&#039;actualit\u00e9\",\"publisher\":{\"@id\":\"https:\/\/7culture.ci\/#organization\"},\"potentialAction\":[{\"@type\":\"SearchAction\",\"target\":{\"@type\":\"EntryPoint\",\"urlTemplate\":\"https:\/\/7culture.ci\/?s={search_term_string}\"},\"query-input\":\"required name=search_term_string\"}],\"inLanguage\":\"fr-FR\"},{\"@type\":\"Organization\",\"@id\":\"https:\/\/7culture.ci\/#organization\",\"name\":\"7culture\",\"url\":\"https:\/\/7culture.ci\/\",\"sameAs\":[\"https:\/\/www.facebook.com\/redchefclaude\",\"https:\/\/twitter.com\/7culturec\"],\"logo\":{\"@type\":\"ImageObject\",\"inLanguage\":\"fr-FR\",\"@id\":\"https:\/\/7culture.ci\/#\/schema\/logo\/image\/\",\"url\":\"https:\/\/7culture.ci\/wp-content\/uploads\/2021\/12\/S1a-1.png\",\"contentUrl\":\"https:\/\/7culture.ci\/wp-content\/uploads\/2021\/12\/S1a-1.png\",\"width\":588,\"height\":192,\"caption\":\"7culture\"},\"image\":{\"@id\":\"https:\/\/7culture.ci\/#\/schema\/logo\/image\/\"}},{\"@type\":\"Person\",\"@id\":\"https:\/\/7culture.ci\/#\/schema\/person\/16150d28d7ef66ba788c1f87f28c4426\",\"name\":\"7culture2020\",\"image\":{\"@type\":\"ImageObject\",\"inLanguage\":\"fr-FR\",\"@id\":\"https:\/\/7culture.ci\/#\/schema\/person\/image\/\",\"url\":\"https:\/\/secure.gravatar.com\/avatar\/9a0784f951306c37bcd065f52844ef95?s=96&d=mm&r=g\",\"contentUrl\":\"https:\/\/secure.gravatar.com\/avatar\/9a0784f951306c37bcd065f52844ef95?s=96&d=mm&r=g\",\"caption\":\"7culture2020\"},\"sameAs\":[\"http:\/\/7culture.ci\",\"Claude.kipre\"],\"url\":\"https:\/\/7culture.ci\/index.php\/author\/7culture2020\/\"}]}<\/script>\n<!-- \/ Yoast SEO plugin. -->","yoast_head_json":{"title":"C\u00e9l\u00e9bration : Une centenaire honor\u00e9e - 7culture","robots":{"index":"index","follow":"follow","max-snippet":"max-snippet:-1","max-image-preview":"max-image-preview:large","max-video-preview":"max-video-preview:-1"},"canonical":"https:\/\/7culture.ci\/index.php\/2024\/12\/26\/celebration-une-centenaire-honoree\/","og_locale":"fr_FR","og_type":"article","og_title":"C\u00e9l\u00e9bration : Une centenaire honor\u00e9e - 7culture","og_description":"Il y avait une double c\u00e9l\u00e9bration, hier, au domicile des Gadji \u00e0 Abobo PK 18. Outre la comm\u00e9moration de la naissance du Christ, l&#8217;on a aussi c\u00e9l\u00e9br\u00e9 une vie qui dure depuis&#8230;100 ans. Kon\u00e9 Golou Youla est rentr\u00e9e, ce 25 d\u00e9cembre 2024, dans le cercle tr\u00e8s ferm\u00e9 des centenaires en C\u00f4te d\u2019Ivoire. Sur les visages &hellip; C\u00e9l\u00e9bration : Une centenaire honor\u00e9e Lire la suite\u00a0\u00bb","og_url":"https:\/\/7culture.ci\/index.php\/2024\/12\/26\/celebration-une-centenaire-honoree\/","og_site_name":"7culture","article_publisher":"https:\/\/www.facebook.com\/redchefclaude","article_published_time":"2024-12-26T09:10:45+00:00","article_modified_time":"2024-12-26T13:15:49+00:00","og_image":[{"width":897,"height":486,"url":"http:\/\/7culture.ci\/wp-content\/uploads\/2024\/12\/Kone2.jpg","type":"image\/jpeg"}],"author":"7culture2020","twitter_card":"summary_large_image","twitter_creator":"@7culturec","twitter_site":"@7culturec","twitter_misc":{"\u00c9crit par":"7culture2020","Dur\u00e9e de lecture estim\u00e9e":"1 minute"},"schema":{"@context":"https:\/\/schema.org","@graph":[{"@type":"Article","@id":"https:\/\/7culture.ci\/index.php\/2024\/12\/26\/celebration-une-centenaire-honoree\/#article","isPartOf":{"@id":"https:\/\/7culture.ci\/index.php\/2024\/12\/26\/celebration-une-centenaire-honoree\/"},"author":{"name":"7culture2020","@id":"https:\/\/7culture.ci\/#\/schema\/person\/16150d28d7ef66ba788c1f87f28c4426"},"headline":"C\u00e9l\u00e9bration : Une centenaire honor\u00e9e","datePublished":"2024-12-26T09:10:45+00:00","dateModified":"2024-12-26T13:15:49+00:00","mainEntityOfPage":{"@id":"https:\/\/7culture.ci\/index.php\/2024\/12\/26\/celebration-une-centenaire-honoree\/"},"wordCount":157,"commentCount":0,"publisher":{"@id":"https:\/\/7culture.ci\/#organization"},"articleSection":["Actualit\u00e9"],"inLanguage":"fr-FR","potentialAction":[{"@type":"CommentAction","name":"Comment","target":["https:\/\/7culture.ci\/index.php\/2024\/12\/26\/celebration-une-centenaire-honoree\/#respond"]}]},{"@type":"WebPage","@id":"https:\/\/7culture.ci\/index.php\/2024\/12\/26\/celebration-une-centenaire-honoree\/","url":"https:\/\/7culture.ci\/index.php\/2024\/12\/26\/celebration-une-centenaire-honoree\/","name":"C\u00e9l\u00e9bration : Une centenaire honor\u00e9e - 7culture","isPartOf":{"@id":"https:\/\/7culture.ci\/#website"},"datePublished":"2024-12-26T09:10:45+00:00","dateModified":"2024-12-26T13:15:49+00:00","breadcrumb":{"@id":"https:\/\/7culture.ci\/index.php\/2024\/12\/26\/celebration-une-centenaire-honoree\/#breadcrumb"},"inLanguage":"fr-FR","potentialAction":[{"@type":"ReadAction","target":["https:\/\/7culture.ci\/index.php\/2024\/12\/26\/celebration-une-centenaire-honoree\/"]}]},{"@type":"BreadcrumbList","@id":"https:\/\/7culture.ci\/index.php\/2024\/12\/26\/celebration-une-centenaire-honoree\/#breadcrumb","itemListElement":[{"@type":"ListItem","position":1,"name":"Accueil","item":"https:\/\/7culture.ci\/"},{"@type":"ListItem","position":2,"name":"C\u00e9l\u00e9bration : Une centenaire honor\u00e9e"}]},{"@type":"WebSite","@id":"https:\/\/7culture.ci\/#website","url":"https:\/\/7culture.ci\/","name":"7culture","description":"Tout sur l&#039;actualit\u00e9","publisher":{"@id":"https:\/\/7culture.ci\/#organization"},"potentialAction":[{"@type":"SearchAction","target":{"@type":"EntryPoint","urlTemplate":"https:\/\/7culture.ci\/?s={search_term_string}"},"query-input":"required name=search_term_string"}],"inLanguage":"fr-FR"},{"@type":"Organization","@id":"https:\/\/7culture.ci\/#organization","name":"7culture","url":"https:\/\/7culture.ci\/","sameAs":["https:\/\/www.facebook.com\/redchefclaude","https:\/\/twitter.com\/7culturec"],"logo":{"@type":"ImageObject","inLanguage":"fr-FR","@id":"https:\/\/7culture.ci\/#\/schema\/logo\/image\/","url":"https:\/\/7culture.ci\/wp-content\/uploads\/2021\/12\/S1a-1.png","contentUrl":"https:\/\/7culture.ci\/wp-content\/uploads\/2021\/12\/S1a-1.png","width":588,"height":192,"caption":"7culture"},"image":{"@id":"https:\/\/7culture.ci\/#\/schema\/logo\/image\/"}},{"@type":"Person","@id":"https:\/\/7culture.ci\/#\/schema\/person\/16150d28d7ef66ba788c1f87f28c4426","name":"7culture2020","image":{"@type":"ImageObject","inLanguage":"fr-FR","@id":"https:\/\/7culture.ci\/#\/schema\/person\/image\/","url":"https:\/\/secure.gravatar.com\/avatar\/9a0784f951306c37bcd065f52844ef95?s=96&d=mm&r=g","contentUrl":"https:\/\/secure.gravatar.com\/avatar\/9a0784f951306c37bcd065f52844ef95?s=96&d=mm&r=g","caption":"7culture2020"},"sameAs":["http:\/\/7culture.ci","Claude.kipre"],"url":"https:\/\/7culture.ci\/index.php\/author\/7culture2020\/"}]}},"jetpack_featured_media_url":"https:\/\/7culture.ci\/wp-content\/uploads\/2024\/12\/Kone2.jpg","jetpack_likes_enabled":true,"jetpack_sharing_enabled":true,"_links":{"self":[{"href":"https:\/\/7culture.ci\/index.php\/wp-json\/wp\/v2\/posts\/26691"}],"collection":[{"href":"https:\/\/7culture.ci\/index.php\/wp-json\/wp\/v2\/posts"}],"about":[{"href":"https:\/\/7culture.ci\/index.php\/wp-json\/wp\/v2\/types\/post"}],"author":[{"embeddable":true,"href":"https:\/\/7culture.ci\/index.php\/wp-json\/wp\/v2\/users\/1"}],"replies":[{"embeddable":true,"href":"https:\/\/7culture.ci\/index.php\/wp-json\/wp\/v2\/comments?post=26691"}],"version-history":[{"count":1,"href":"https:\/\/7culture.ci\/index.php\/wp-json\/wp\/v2\/posts\/26691\/revisions"}],"predecessor-version":[{"id":26695,"href":"https:\/\/7culture.ci\/index.php\/wp-json\/wp\/v2\/posts\/26691\/revisions\/26695"}],"wp:featuredmedia":[{"embeddable":true,"href":"https:\/\/7culture.ci\/index.php\/wp-json\/wp\/v2\/media\/26693"}],"wp:attachment":[{"href":"https:\/\/7culture.ci\/index.php\/wp-json\/wp\/v2\/media?parent=26691"}],"wp:term":[{"taxonomy":"category","embeddable":true,"href":"https:\/\/7culture.ci\/index.php\/wp-json\/wp\/v2\/categories?post=26691"},{"taxonomy":"post_tag","embeddable":true,"href":"https:\/\/7culture.ci\/index.php\/wp-json\/wp\/v2\/tags?post=26691"}],"curies":[{"name":"wp","href":"https:\/\/api.w.org\/{rel}","templated":true}]}}