{"id":26685,"date":"2024-12-25T13:57:20","date_gmt":"2024-12-25T13:57:20","guid":{"rendered":"https:\/\/7culture.ci\/?p=26685"},"modified":"2024-12-26T09:11:54","modified_gmt":"2024-12-26T09:11:54","slug":"interview-blissi-tebil-deballe-tout-depuis-paris","status":"publish","type":"post","link":"https:\/\/7culture.ci\/index.php\/2024\/12\/25\/interview-blissi-tebil-deballe-tout-depuis-paris\/","title":{"rendered":"Interview\u00a0: Blissi Tebil d\u00e9balle tout depuis Paris"},"content":{"rendered":"\n<p><em>Le chanteur Blissi Tebil, \u00e0 l\u2019\u00e9tat civil Guillaume Zadi, l\u2019une des figures de proue de la musique tradi-moderne ivoirienne, apr\u00e8s 13 ans d\u2019absence de la sc\u00e8ne, revient \u00e0 travers un concert de reconnaissance et de retrouvailles, le 28 d\u00e9cembre prochain, \u00e0 20h, \u00e0 l\u2019Espace Noisy-Le-Sec, en banlieue parisienne. Avant ce grand spectacle, organis\u00e9 par Jos\u00e9phine Dak\u00e9r\u00e9, pr\u00e9sidente des Josephinades et JC Yod\u00e9, l\u2019artiste nous a accord\u00e9 une interview exclusive dans laquelle il explique les raisons de sa longue absence et pr\u00e9sente sa nouvelle \u0153uvre musicale baptis\u00e9e \u2018\u2019Reconnaissance\u2019\u2019. Sans oublier de redonner sa version de la fameuse histoire de la banane brais\u00e9e surnomm\u00e9e \u2018\u2019Blissi Tebil\u2019\u2019 en 1990. <\/em><\/p>\n\n\n\n<figure class=\"wp-block-image size-large\"><img loading=\"lazy\" decoding=\"async\" width=\"1024\" height=\"897\" src=\"http:\/\/7culture.ci\/wp-content\/uploads\/2024\/12\/1-4-1024x897.jpeg\" alt=\"\" class=\"wp-image-26687\" srcset=\"https:\/\/7culture.ci\/wp-content\/uploads\/2024\/12\/1-4-1024x897.jpeg 1024w, https:\/\/7culture.ci\/wp-content\/uploads\/2024\/12\/1-4-300x263.jpeg 300w, https:\/\/7culture.ci\/wp-content\/uploads\/2024\/12\/1-4-768x673.jpeg 768w, https:\/\/7culture.ci\/wp-content\/uploads\/2024\/12\/1-4.jpeg 1192w\" sizes=\"(max-width: 1024px) 100vw, 1024px\" \/><\/figure>\n\n\n\n<p><strong>. Depuis pr\u00e8s de 13 ans vous avez disparu de la sc\u00e8ne musicale. Qu\u2019est-ce qui explique une si longue absence ?<\/strong><strong><\/strong><\/p>\n\n\n\n<p>&#8211;&nbsp;&nbsp;&nbsp;&nbsp;&nbsp;&nbsp;&nbsp;Vous savez qu\u2019en 2011 quand il y a eu la guerre, j\u2019\u00e9tais expos\u00e9, surtout que depuis longtemps, j\u2019ai fait la promotion des id\u00e9aux du pr\u00e9sident Laurent Gbagbo. Il fallait donc sortir de la C\u00f4te d\u2019Ivoire pour pr\u00e9server ma vie. Maintenant \u00e9tant en France, il fallait s\u2019ins\u00e9rer dans le tissu social et se prendre en charge. J&#8217;ai eu de la chance, il y a des gens qui m&#8217;ont ouvert leurs portes. Mais j\u2019\u00e9tais d&#8217;un certain \u00e2ge, avec de nombreuses charges. Sans oublier que la moiti\u00e9 de ma famille est rest\u00e9e en C\u00f4te d\u2019Ivoire. Vous imaginez que dans ces conditions, il fallait prendre du recul pendant un moment par rapport \u00e0 la musique. C\u2019est ce qui explique v\u00e9ritablement ma longue absence sur la sc\u00e8ne et le march\u00e9 discographique. Aujourd\u2019hui tout va bien et je reviens progressivement \u00e0 la musique.<\/p>\n\n\n\n<p><strong>. Comment pr\u00e9parez-vous le concert du 28 d\u00e9cembre prochain ?<\/strong><strong><\/strong><\/p>\n\n\n\n<p>&#8211;&nbsp;&nbsp;&nbsp;&nbsp;&nbsp;&nbsp;&nbsp;&nbsp; Je pr\u00e9pare le concert le plus simplement possible. C\u2019est la routine. \u00c7a fait 45 ans que je suis dans le m\u00e9tier. Je r\u00e9vise le r\u00e9pertoire avec mon orchestre. Et nous qui sommes chor\u00e9graphes, on a davantage du boulot, puisqu\u2019il faut physiquement aussi s\u2019appr\u00eater et se mettre en jambe. Comme si on allait disputer un match de football.<\/p>\n\n\n\n<p>. <strong>Votre concert est plac\u00e9 sous le signe de la reconnaissance et des retrouvailles. Pourquoi l\u2019avez-vous baptis\u00e9 ainsi ?&nbsp; <\/strong><strong><\/strong><\/p>\n\n\n\n<p>&#8211;&nbsp;&nbsp;&nbsp;&nbsp;&nbsp;&nbsp;&nbsp;&nbsp; Je suis arriv\u00e9 en France le 4 janvier 2013. Il y a eu des gens qui m\u2019ont soutenu et qui vivent encore. Pour moi, c&#8217;est un devoir de les remercier. Vous savez dans la vie, quand quelqu&#8217;un fait du bien, te fait du bien, le minimum, m\u00eame si tu ne le rembourses pas \u00e0 la hauteur de son soutien, c\u2019est de lui dire merci et d&#8217;\u00eatre tr\u00e8s reconnaissant. Donc le th\u00e8me central du nouvel album, c\u2019est la reconnaissance, qui est en m\u00eame temps le nom de l\u2019\u0153uvre. Et ce jour-l\u00e0, ce sera vraiment les retrouvailles avec les fans, les amis, les parents et les bienfaiteurs.&nbsp;<\/p>\n\n\n\n<figure class=\"wp-block-image aligncenter size-full is-resized\"><img loading=\"lazy\" decoding=\"async\" width=\"700\" height=\"721\" src=\"https:\/\/7culture.ci\/wp-content\/uploads\/2024\/12\/2.jpg\" alt=\"\" class=\"wp-image-26689\" style=\"width:517px;height:auto\" srcset=\"https:\/\/7culture.ci\/wp-content\/uploads\/2024\/12\/2.jpg 700w, https:\/\/7culture.ci\/wp-content\/uploads\/2024\/12\/2-291x300.jpg 291w\" sizes=\"(max-width: 700px) 100vw, 700px\" \/><\/figure>\n\n\n\n<p>. <strong>Vous allez vous retrouver ce jour-l\u00e0 avec des m\u00e9lomanes ivoiriens pour qui votre nom a \u00e9t\u00e9 associ\u00e9 \u00e0 un moment donn\u00e9 \u00e0 la banane plantain brais\u00e9e et l\u2019arachide grill\u00e9e en C\u00f4te d\u2019Ivoire. Pouvez-vous nous rappeler cette histoire ?<\/strong><\/p>\n\n\n\n<p>&#8211;&nbsp;&nbsp;&nbsp;&nbsp;&nbsp;&nbsp;&nbsp;&nbsp;(Rires) C\u2019\u00e9tait en 1990. J\u2019\u00e9tais all\u00e9 faire la promotion de mon album \u2018\u2019Gaba\u2019\u2019 d\u00e9di\u00e9 \u00e0 Gbagbo \u00e0 la RTI. J\u2019avais pay\u00e9 les passages des spots et la direction de la RTI de l\u2019\u00e9poque n\u2019avait pas voulu les diffuser. C\u2019est dans ce contexte l\u00e0 que j\u2019ai entam\u00e9 une gr\u00e8ve de la faim devant le si\u00e8ge de la RTI. Pendant cette gr\u00e8ve, je n\u2019ai jamais mang\u00e9 quoi que ce soit, encore moins des bananes brais\u00e9es et des arachides grill\u00e9es.&nbsp;A ma grande surprise, un journal de la place est all\u00e9 \u00e9crire que pendant la gr\u00e8ve, j\u2019ai mang\u00e9 des bananes brais\u00e9es et des arachides grill\u00e9es. A partir de l\u00e0, des gens ont surnomm\u00e9 la banane brais\u00e9e et l\u2019arachide grill\u00e9e \u2018\u2019Blissi Tebil\u2019\u2019. Voici toute l\u2019histoire.&nbsp;&nbsp;<\/p>\n\n\n\n<p><strong>. Apr\u00e8s le concert et la sortie de l\u2019album, quels sont vos projets ? <\/strong><strong><\/strong><\/p>\n\n\n\n<p>&#8211;&nbsp;&nbsp;&nbsp;&nbsp;&nbsp;&nbsp;&nbsp;&nbsp; J\u2019ai beaucoup de choses en vue en 2025, en France. Je vais entamer une s\u00e9rie de concerts de promotion de ma nouvelle \u0153uvre qui comporte six titres, c\u2019est-\u00e0-dire un EP (Ndlr : Extended play). Et l\u2019apoth\u00e9ose sera la f\u00eate de mes 40 ans de carri\u00e8re, le 17 mai, \u00e0 Nanterre en r\u00e9gion parisienne.<\/p>\n\n\n\n<p><strong>. Comptez-vous venir pr\u00e9senter l\u2019album aux Ivoiriens ?<\/strong><strong><\/strong><\/p>\n\n\n\n<p>&#8211;&nbsp;&nbsp;&nbsp;&nbsp;&nbsp;&nbsp;&nbsp;&nbsp; Je compte pr\u00e9senter l\u2019album aux Ivoiriens qui demeurent mon premier public. Mais tout est entre les mains de Dieu. C\u2019est lui qui d\u00e9cidera quand je le ferai pr\u00e9cis\u00e9ment.<\/p>\n\n\n\n<p><strong>Eric Cossa par t\u00e9l\u00e9phone<\/strong><strong><\/strong><\/p>\n","protected":false},"excerpt":{"rendered":"<p>Le chanteur Blissi Tebil, \u00e0 l\u2019\u00e9tat civil Guillaume Zadi, l\u2019une des figures de proue de la musique tradi-moderne ivoirienne, apr\u00e8s 13 ans d\u2019absence de la sc\u00e8ne, revient \u00e0 travers un concert de reconnaissance et de retrouvailles, le 28 d\u00e9cembre prochain, \u00e0 20h, \u00e0 l\u2019Espace Noisy-Le-Sec, en banlieue parisienne. Avant ce grand spectacle, organis\u00e9 par Jos\u00e9phine &hellip;<\/p>\n<p class=\"read-more\"> <a class=\"\" href=\"https:\/\/7culture.ci\/index.php\/2024\/12\/25\/interview-blissi-tebil-deballe-tout-depuis-paris\/\"> <span class=\"screen-reader-text\">Interview\u00a0: Blissi Tebil d\u00e9balle tout depuis Paris<\/span> Lire la suite\u00a0\u00bb<\/a><\/p>\n","protected":false},"author":1,"featured_media":26688,"comment_status":"open","ping_status":"open","sticky":false,"template":"","format":"standard","meta":{"_mi_skip_tracking":false,"_monsterinsights_sitenote_active":false,"_monsterinsights_sitenote_note":"","_monsterinsights_sitenote_category":0,"site-sidebar-layout":"default","site-content-layout":"default","ast-global-header-display":"","ast-main-header-display":"","ast-hfb-above-header-display":"","ast-hfb-below-header-display":"","ast-hfb-mobile-header-display":"","site-post-title":"","ast-breadcrumbs-content":"","ast-featured-img":"","footer-sml-layout":"","theme-transparent-header-meta":"","adv-header-id-meta":"","stick-header-meta":"","header-above-stick-meta":"","header-main-stick-meta":"","header-below-stick-meta":"","footnotes":"","jetpack_publicize_message":"","jetpack_is_tweetstorm":false,"jetpack_publicize_feature_enabled":true},"categories":[22],"tags":[],"jetpack_publicize_connections":[],"acf":[],"aioseo_notices":[],"yoast_head":"<!-- This site is optimized with the Yoast SEO plugin v19.6.1 - https:\/\/yoast.com\/wordpress\/plugins\/seo\/ -->\n<title>Interview\u00a0: Blissi Tebil d\u00e9balle tout depuis Paris - 7culture<\/title>\n<meta name=\"robots\" content=\"index, follow, max-snippet:-1, max-image-preview:large, max-video-preview:-1\" \/>\n<link rel=\"canonical\" href=\"https:\/\/7culture.ci\/index.php\/2024\/12\/25\/interview-blissi-tebil-deballe-tout-depuis-paris\/\" \/>\n<meta property=\"og:locale\" content=\"fr_FR\" \/>\n<meta property=\"og:type\" content=\"article\" \/>\n<meta property=\"og:title\" content=\"Interview\u00a0: Blissi Tebil d\u00e9balle tout depuis Paris - 7culture\" \/>\n<meta property=\"og:description\" content=\"Le chanteur Blissi Tebil, \u00e0 l\u2019\u00e9tat civil Guillaume Zadi, l\u2019une des figures de proue de la musique tradi-moderne ivoirienne, apr\u00e8s 13 ans d\u2019absence de la sc\u00e8ne, revient \u00e0 travers un concert de reconnaissance et de retrouvailles, le 28 d\u00e9cembre prochain, \u00e0 20h, \u00e0 l\u2019Espace Noisy-Le-Sec, en banlieue parisienne. Avant ce grand spectacle, organis\u00e9 par Jos\u00e9phine &hellip; Interview\u00a0: Blissi Tebil d\u00e9balle tout depuis Paris Lire la suite\u00a0\u00bb\" \/>\n<meta property=\"og:url\" content=\"https:\/\/7culture.ci\/index.php\/2024\/12\/25\/interview-blissi-tebil-deballe-tout-depuis-paris\/\" \/>\n<meta property=\"og:site_name\" content=\"7culture\" \/>\n<meta property=\"article:publisher\" content=\"https:\/\/www.facebook.com\/redchefclaude\" \/>\n<meta property=\"article:published_time\" content=\"2024-12-25T13:57:20+00:00\" \/>\n<meta property=\"article:modified_time\" content=\"2024-12-26T09:11:54+00:00\" \/>\n<meta property=\"og:image\" content=\"http:\/\/7culture.ci\/wp-content\/uploads\/2024\/12\/1.jpg\" \/>\n\t<meta property=\"og:image:width\" content=\"700\" \/>\n\t<meta property=\"og:image:height\" content=\"613\" \/>\n\t<meta property=\"og:image:type\" content=\"image\/jpeg\" \/>\n<meta name=\"author\" content=\"7culture2020\" \/>\n<meta name=\"twitter:card\" content=\"summary_large_image\" \/>\n<meta name=\"twitter:creator\" content=\"@7culturec\" \/>\n<meta name=\"twitter:site\" content=\"@7culturec\" \/>\n<meta name=\"twitter:label1\" content=\"\u00c9crit par\" \/>\n\t<meta name=\"twitter:data1\" content=\"7culture2020\" \/>\n\t<meta name=\"twitter:label2\" content=\"Dur\u00e9e de lecture estim\u00e9e\" \/>\n\t<meta name=\"twitter:data2\" content=\"4 minutes\" \/>\n<script type=\"application\/ld+json\" class=\"yoast-schema-graph\">{\"@context\":\"https:\/\/schema.org\",\"@graph\":[{\"@type\":\"Article\",\"@id\":\"https:\/\/7culture.ci\/index.php\/2024\/12\/25\/interview-blissi-tebil-deballe-tout-depuis-paris\/#article\",\"isPartOf\":{\"@id\":\"https:\/\/7culture.ci\/index.php\/2024\/12\/25\/interview-blissi-tebil-deballe-tout-depuis-paris\/\"},\"author\":{\"name\":\"7culture2020\",\"@id\":\"https:\/\/7culture.ci\/#\/schema\/person\/16150d28d7ef66ba788c1f87f28c4426\"},\"headline\":\"Interview\u00a0: Blissi Tebil d\u00e9balle tout depuis Paris\",\"datePublished\":\"2024-12-25T13:57:20+00:00\",\"dateModified\":\"2024-12-26T09:11:54+00:00\",\"mainEntityOfPage\":{\"@id\":\"https:\/\/7culture.ci\/index.php\/2024\/12\/25\/interview-blissi-tebil-deballe-tout-depuis-paris\/\"},\"wordCount\":856,\"commentCount\":0,\"publisher\":{\"@id\":\"https:\/\/7culture.ci\/#organization\"},\"articleSection\":[\"Actualit\u00e9\"],\"inLanguage\":\"fr-FR\",\"potentialAction\":[{\"@type\":\"CommentAction\",\"name\":\"Comment\",\"target\":[\"https:\/\/7culture.ci\/index.php\/2024\/12\/25\/interview-blissi-tebil-deballe-tout-depuis-paris\/#respond\"]}]},{\"@type\":\"WebPage\",\"@id\":\"https:\/\/7culture.ci\/index.php\/2024\/12\/25\/interview-blissi-tebil-deballe-tout-depuis-paris\/\",\"url\":\"https:\/\/7culture.ci\/index.php\/2024\/12\/25\/interview-blissi-tebil-deballe-tout-depuis-paris\/\",\"name\":\"Interview\u00a0: Blissi Tebil d\u00e9balle tout depuis Paris - 7culture\",\"isPartOf\":{\"@id\":\"https:\/\/7culture.ci\/#website\"},\"datePublished\":\"2024-12-25T13:57:20+00:00\",\"dateModified\":\"2024-12-26T09:11:54+00:00\",\"breadcrumb\":{\"@id\":\"https:\/\/7culture.ci\/index.php\/2024\/12\/25\/interview-blissi-tebil-deballe-tout-depuis-paris\/#breadcrumb\"},\"inLanguage\":\"fr-FR\",\"potentialAction\":[{\"@type\":\"ReadAction\",\"target\":[\"https:\/\/7culture.ci\/index.php\/2024\/12\/25\/interview-blissi-tebil-deballe-tout-depuis-paris\/\"]}]},{\"@type\":\"BreadcrumbList\",\"@id\":\"https:\/\/7culture.ci\/index.php\/2024\/12\/25\/interview-blissi-tebil-deballe-tout-depuis-paris\/#breadcrumb\",\"itemListElement\":[{\"@type\":\"ListItem\",\"position\":1,\"name\":\"Accueil\",\"item\":\"https:\/\/7culture.ci\/\"},{\"@type\":\"ListItem\",\"position\":2,\"name\":\"Interview\u00a0: Blissi Tebil d\u00e9balle tout depuis Paris\"}]},{\"@type\":\"WebSite\",\"@id\":\"https:\/\/7culture.ci\/#website\",\"url\":\"https:\/\/7culture.ci\/\",\"name\":\"7culture\",\"description\":\"Tout sur l&#039;actualit\u00e9\",\"publisher\":{\"@id\":\"https:\/\/7culture.ci\/#organization\"},\"potentialAction\":[{\"@type\":\"SearchAction\",\"target\":{\"@type\":\"EntryPoint\",\"urlTemplate\":\"https:\/\/7culture.ci\/?s={search_term_string}\"},\"query-input\":\"required name=search_term_string\"}],\"inLanguage\":\"fr-FR\"},{\"@type\":\"Organization\",\"@id\":\"https:\/\/7culture.ci\/#organization\",\"name\":\"7culture\",\"url\":\"https:\/\/7culture.ci\/\",\"sameAs\":[\"https:\/\/www.facebook.com\/redchefclaude\",\"https:\/\/twitter.com\/7culturec\"],\"logo\":{\"@type\":\"ImageObject\",\"inLanguage\":\"fr-FR\",\"@id\":\"https:\/\/7culture.ci\/#\/schema\/logo\/image\/\",\"url\":\"https:\/\/7culture.ci\/wp-content\/uploads\/2021\/12\/S1a-1.png\",\"contentUrl\":\"https:\/\/7culture.ci\/wp-content\/uploads\/2021\/12\/S1a-1.png\",\"width\":588,\"height\":192,\"caption\":\"7culture\"},\"image\":{\"@id\":\"https:\/\/7culture.ci\/#\/schema\/logo\/image\/\"}},{\"@type\":\"Person\",\"@id\":\"https:\/\/7culture.ci\/#\/schema\/person\/16150d28d7ef66ba788c1f87f28c4426\",\"name\":\"7culture2020\",\"image\":{\"@type\":\"ImageObject\",\"inLanguage\":\"fr-FR\",\"@id\":\"https:\/\/7culture.ci\/#\/schema\/person\/image\/\",\"url\":\"https:\/\/secure.gravatar.com\/avatar\/9a0784f951306c37bcd065f52844ef95?s=96&d=mm&r=g\",\"contentUrl\":\"https:\/\/secure.gravatar.com\/avatar\/9a0784f951306c37bcd065f52844ef95?s=96&d=mm&r=g\",\"caption\":\"7culture2020\"},\"sameAs\":[\"http:\/\/7culture.ci\",\"Claude.kipre\"],\"url\":\"https:\/\/7culture.ci\/index.php\/author\/7culture2020\/\"}]}<\/script>\n<!-- \/ Yoast SEO plugin. -->","yoast_head_json":{"title":"Interview\u00a0: Blissi Tebil d\u00e9balle tout depuis Paris - 7culture","robots":{"index":"index","follow":"follow","max-snippet":"max-snippet:-1","max-image-preview":"max-image-preview:large","max-video-preview":"max-video-preview:-1"},"canonical":"https:\/\/7culture.ci\/index.php\/2024\/12\/25\/interview-blissi-tebil-deballe-tout-depuis-paris\/","og_locale":"fr_FR","og_type":"article","og_title":"Interview\u00a0: Blissi Tebil d\u00e9balle tout depuis Paris - 7culture","og_description":"Le chanteur Blissi Tebil, \u00e0 l\u2019\u00e9tat civil Guillaume Zadi, l\u2019une des figures de proue de la musique tradi-moderne ivoirienne, apr\u00e8s 13 ans d\u2019absence de la sc\u00e8ne, revient \u00e0 travers un concert de reconnaissance et de retrouvailles, le 28 d\u00e9cembre prochain, \u00e0 20h, \u00e0 l\u2019Espace Noisy-Le-Sec, en banlieue parisienne. Avant ce grand spectacle, organis\u00e9 par Jos\u00e9phine &hellip; Interview\u00a0: Blissi Tebil d\u00e9balle tout depuis Paris Lire la suite\u00a0\u00bb","og_url":"https:\/\/7culture.ci\/index.php\/2024\/12\/25\/interview-blissi-tebil-deballe-tout-depuis-paris\/","og_site_name":"7culture","article_publisher":"https:\/\/www.facebook.com\/redchefclaude","article_published_time":"2024-12-25T13:57:20+00:00","article_modified_time":"2024-12-26T09:11:54+00:00","og_image":[{"width":700,"height":613,"url":"http:\/\/7culture.ci\/wp-content\/uploads\/2024\/12\/1.jpg","type":"image\/jpeg"}],"author":"7culture2020","twitter_card":"summary_large_image","twitter_creator":"@7culturec","twitter_site":"@7culturec","twitter_misc":{"\u00c9crit par":"7culture2020","Dur\u00e9e de lecture estim\u00e9e":"4 minutes"},"schema":{"@context":"https:\/\/schema.org","@graph":[{"@type":"Article","@id":"https:\/\/7culture.ci\/index.php\/2024\/12\/25\/interview-blissi-tebil-deballe-tout-depuis-paris\/#article","isPartOf":{"@id":"https:\/\/7culture.ci\/index.php\/2024\/12\/25\/interview-blissi-tebil-deballe-tout-depuis-paris\/"},"author":{"name":"7culture2020","@id":"https:\/\/7culture.ci\/#\/schema\/person\/16150d28d7ef66ba788c1f87f28c4426"},"headline":"Interview\u00a0: Blissi Tebil d\u00e9balle tout depuis Paris","datePublished":"2024-12-25T13:57:20+00:00","dateModified":"2024-12-26T09:11:54+00:00","mainEntityOfPage":{"@id":"https:\/\/7culture.ci\/index.php\/2024\/12\/25\/interview-blissi-tebil-deballe-tout-depuis-paris\/"},"wordCount":856,"commentCount":0,"publisher":{"@id":"https:\/\/7culture.ci\/#organization"},"articleSection":["Actualit\u00e9"],"inLanguage":"fr-FR","potentialAction":[{"@type":"CommentAction","name":"Comment","target":["https:\/\/7culture.ci\/index.php\/2024\/12\/25\/interview-blissi-tebil-deballe-tout-depuis-paris\/#respond"]}]},{"@type":"WebPage","@id":"https:\/\/7culture.ci\/index.php\/2024\/12\/25\/interview-blissi-tebil-deballe-tout-depuis-paris\/","url":"https:\/\/7culture.ci\/index.php\/2024\/12\/25\/interview-blissi-tebil-deballe-tout-depuis-paris\/","name":"Interview\u00a0: Blissi Tebil d\u00e9balle tout depuis Paris - 7culture","isPartOf":{"@id":"https:\/\/7culture.ci\/#website"},"datePublished":"2024-12-25T13:57:20+00:00","dateModified":"2024-12-26T09:11:54+00:00","breadcrumb":{"@id":"https:\/\/7culture.ci\/index.php\/2024\/12\/25\/interview-blissi-tebil-deballe-tout-depuis-paris\/#breadcrumb"},"inLanguage":"fr-FR","potentialAction":[{"@type":"ReadAction","target":["https:\/\/7culture.ci\/index.php\/2024\/12\/25\/interview-blissi-tebil-deballe-tout-depuis-paris\/"]}]},{"@type":"BreadcrumbList","@id":"https:\/\/7culture.ci\/index.php\/2024\/12\/25\/interview-blissi-tebil-deballe-tout-depuis-paris\/#breadcrumb","itemListElement":[{"@type":"ListItem","position":1,"name":"Accueil","item":"https:\/\/7culture.ci\/"},{"@type":"ListItem","position":2,"name":"Interview\u00a0: Blissi Tebil d\u00e9balle tout depuis Paris"}]},{"@type":"WebSite","@id":"https:\/\/7culture.ci\/#website","url":"https:\/\/7culture.ci\/","name":"7culture","description":"Tout sur l&#039;actualit\u00e9","publisher":{"@id":"https:\/\/7culture.ci\/#organization"},"potentialAction":[{"@type":"SearchAction","target":{"@type":"EntryPoint","urlTemplate":"https:\/\/7culture.ci\/?s={search_term_string}"},"query-input":"required name=search_term_string"}],"inLanguage":"fr-FR"},{"@type":"Organization","@id":"https:\/\/7culture.ci\/#organization","name":"7culture","url":"https:\/\/7culture.ci\/","sameAs":["https:\/\/www.facebook.com\/redchefclaude","https:\/\/twitter.com\/7culturec"],"logo":{"@type":"ImageObject","inLanguage":"fr-FR","@id":"https:\/\/7culture.ci\/#\/schema\/logo\/image\/","url":"https:\/\/7culture.ci\/wp-content\/uploads\/2021\/12\/S1a-1.png","contentUrl":"https:\/\/7culture.ci\/wp-content\/uploads\/2021\/12\/S1a-1.png","width":588,"height":192,"caption":"7culture"},"image":{"@id":"https:\/\/7culture.ci\/#\/schema\/logo\/image\/"}},{"@type":"Person","@id":"https:\/\/7culture.ci\/#\/schema\/person\/16150d28d7ef66ba788c1f87f28c4426","name":"7culture2020","image":{"@type":"ImageObject","inLanguage":"fr-FR","@id":"https:\/\/7culture.ci\/#\/schema\/person\/image\/","url":"https:\/\/secure.gravatar.com\/avatar\/9a0784f951306c37bcd065f52844ef95?s=96&d=mm&r=g","contentUrl":"https:\/\/secure.gravatar.com\/avatar\/9a0784f951306c37bcd065f52844ef95?s=96&d=mm&r=g","caption":"7culture2020"},"sameAs":["http:\/\/7culture.ci","Claude.kipre"],"url":"https:\/\/7culture.ci\/index.php\/author\/7culture2020\/"}]}},"jetpack_featured_media_url":"https:\/\/7culture.ci\/wp-content\/uploads\/2024\/12\/1.jpg","jetpack_likes_enabled":true,"jetpack_sharing_enabled":true,"_links":{"self":[{"href":"https:\/\/7culture.ci\/index.php\/wp-json\/wp\/v2\/posts\/26685"}],"collection":[{"href":"https:\/\/7culture.ci\/index.php\/wp-json\/wp\/v2\/posts"}],"about":[{"href":"https:\/\/7culture.ci\/index.php\/wp-json\/wp\/v2\/types\/post"}],"author":[{"embeddable":true,"href":"https:\/\/7culture.ci\/index.php\/wp-json\/wp\/v2\/users\/1"}],"replies":[{"embeddable":true,"href":"https:\/\/7culture.ci\/index.php\/wp-json\/wp\/v2\/comments?post=26685"}],"version-history":[{"count":1,"href":"https:\/\/7culture.ci\/index.php\/wp-json\/wp\/v2\/posts\/26685\/revisions"}],"predecessor-version":[{"id":26690,"href":"https:\/\/7culture.ci\/index.php\/wp-json\/wp\/v2\/posts\/26685\/revisions\/26690"}],"wp:featuredmedia":[{"embeddable":true,"href":"https:\/\/7culture.ci\/index.php\/wp-json\/wp\/v2\/media\/26688"}],"wp:attachment":[{"href":"https:\/\/7culture.ci\/index.php\/wp-json\/wp\/v2\/media?parent=26685"}],"wp:term":[{"taxonomy":"category","embeddable":true,"href":"https:\/\/7culture.ci\/index.php\/wp-json\/wp\/v2\/categories?post=26685"},{"taxonomy":"post_tag","embeddable":true,"href":"https:\/\/7culture.ci\/index.php\/wp-json\/wp\/v2\/tags?post=26685"}],"curies":[{"name":"wp","href":"https:\/\/api.w.org\/{rel}","templated":true}]}}