{"id":26677,"date":"2024-12-19T09:25:40","date_gmt":"2024-12-19T09:25:40","guid":{"rendered":"https:\/\/7culture.ci\/?p=26677"},"modified":"2024-12-25T13:58:46","modified_gmt":"2024-12-25T13:58:46","slug":"affi-nguessan-felicite-stephane-mambo","status":"publish","type":"post","link":"https:\/\/7culture.ci\/index.php\/2024\/12\/19\/affi-nguessan-felicite-stephane-mambo\/","title":{"rendered":"Affi N\u2019guessan f\u00e9licite St\u00e9phane Mambo"},"content":{"rendered":"\n<p>Bonne nouvelle pour St\u00e9phane Mambo&nbsp;! Le couturier a \u00e9t\u00e9 re\u00e7u le mardi 17 d\u00e9cembre 2024 par Pascal Affi N\u2019guessan \u00e0 son domicile. Le Premier ministre Affi a f\u00e9licit\u00e9 le styliste et l\u2019a encourag\u00e9 \u00e0 continuer dans la valorisation de la culture. Cette audience est intervenue apr\u00e8s la r\u00e9ussite de la 8<sup>e<\/sup> \u00e9dition du Festival international de la Mode d&#8217;Abidjan (Fimda) qui s\u2019est tenue le samedi 14 d\u00e9cembre 2024 \u00e0 l\u2019esplanade de l\u2019H\u00f4tel communal de Koumassi \u00e0 Abidjan. L\u2019ancien chef de gouvernement en a profit\u00e9 pour traduire sa reconnaissance aux stylistes invit\u00e9s venus de l&#8217;\u00e9tranger participer au Fimda.<\/p>\n\n\n\n<figure class=\"wp-block-gallery has-nested-images columns-default is-cropped wp-block-gallery-1 is-layout-flex wp-block-gallery-is-layout-flex\">\n<figure class=\"wp-block-image size-large\"><img loading=\"lazy\" decoding=\"async\" width=\"768\" height=\"1024\" data-id=\"26680\" src=\"https:\/\/7culture.ci\/wp-content\/uploads\/2024\/12\/stef-1-768x1024.jpg\" alt=\"\" class=\"wp-image-26680\" srcset=\"https:\/\/7culture.ci\/wp-content\/uploads\/2024\/12\/stef-1-768x1024.jpg 768w, https:\/\/7culture.ci\/wp-content\/uploads\/2024\/12\/stef-1-225x300.jpg 225w, https:\/\/7culture.ci\/wp-content\/uploads\/2024\/12\/stef-1.jpg 810w\" sizes=\"(max-width: 768px) 100vw, 768px\" \/><\/figure>\n\n\n\n<figure class=\"wp-block-image size-large\"><img loading=\"lazy\" decoding=\"async\" width=\"768\" height=\"1024\" data-id=\"26681\" src=\"https:\/\/7culture.ci\/wp-content\/uploads\/2024\/12\/stef2-768x1024.jpg\" alt=\"\" class=\"wp-image-26681\" srcset=\"https:\/\/7culture.ci\/wp-content\/uploads\/2024\/12\/stef2-768x1024.jpg 768w, https:\/\/7culture.ci\/wp-content\/uploads\/2024\/12\/stef2-225x300.jpg 225w, https:\/\/7culture.ci\/wp-content\/uploads\/2024\/12\/stef2.jpg 810w\" sizes=\"(max-width: 768px) 100vw, 768px\" \/><\/figure>\n<\/figure>\n\n\n\n<p>DT<\/p>\n","protected":false},"excerpt":{"rendered":"<p>Bonne nouvelle pour St\u00e9phane Mambo&nbsp;! Le couturier a \u00e9t\u00e9 re\u00e7u le mardi 17 d\u00e9cembre 2024 par Pascal Affi N\u2019guessan \u00e0 son domicile. Le Premier ministre Affi a f\u00e9licit\u00e9 le styliste et l\u2019a encourag\u00e9 \u00e0 continuer dans la valorisation de la culture. Cette audience est intervenue apr\u00e8s la r\u00e9ussite de la 8e \u00e9dition du Festival international &hellip;<\/p>\n<p class=\"read-more\"> <a class=\"\" href=\"https:\/\/7culture.ci\/index.php\/2024\/12\/19\/affi-nguessan-felicite-stephane-mambo\/\"> <span class=\"screen-reader-text\">Affi N\u2019guessan f\u00e9licite St\u00e9phane Mambo<\/span> Lire la suite\u00a0\u00bb<\/a><\/p>\n","protected":false},"author":1,"featured_media":26682,"comment_status":"open","ping_status":"open","sticky":false,"template":"","format":"standard","meta":{"_mi_skip_tracking":false,"_monsterinsights_sitenote_active":false,"_monsterinsights_sitenote_note":"","_monsterinsights_sitenote_category":0,"site-sidebar-layout":"default","site-content-layout":"default","ast-global-header-display":"","ast-main-header-display":"","ast-hfb-above-header-display":"","ast-hfb-below-header-display":"","ast-hfb-mobile-header-display":"","site-post-title":"","ast-breadcrumbs-content":"","ast-featured-img":"","footer-sml-layout":"","theme-transparent-header-meta":"","adv-header-id-meta":"","stick-header-meta":"","header-above-stick-meta":"","header-main-stick-meta":"","header-below-stick-meta":"","footnotes":"","jetpack_publicize_message":"","jetpack_is_tweetstorm":false,"jetpack_publicize_feature_enabled":true},"categories":[22],"tags":[],"jetpack_publicize_connections":[],"acf":[],"aioseo_notices":[],"yoast_head":"<!-- This site is optimized with the Yoast SEO plugin v19.6.1 - https:\/\/yoast.com\/wordpress\/plugins\/seo\/ -->\n<title>Affi N\u2019guessan f\u00e9licite St\u00e9phane Mambo - 7culture<\/title>\n<meta name=\"robots\" content=\"index, follow, max-snippet:-1, max-image-preview:large, max-video-preview:-1\" \/>\n<link rel=\"canonical\" href=\"https:\/\/7culture.ci\/index.php\/2024\/12\/19\/affi-nguessan-felicite-stephane-mambo\/\" \/>\n<meta property=\"og:locale\" content=\"fr_FR\" \/>\n<meta property=\"og:type\" content=\"article\" \/>\n<meta property=\"og:title\" content=\"Affi N\u2019guessan f\u00e9licite St\u00e9phane Mambo - 7culture\" \/>\n<meta property=\"og:description\" content=\"Bonne nouvelle pour St\u00e9phane Mambo&nbsp;! Le couturier a \u00e9t\u00e9 re\u00e7u le mardi 17 d\u00e9cembre 2024 par Pascal Affi N\u2019guessan \u00e0 son domicile. Le Premier ministre Affi a f\u00e9licit\u00e9 le styliste et l\u2019a encourag\u00e9 \u00e0 continuer dans la valorisation de la culture. Cette audience est intervenue apr\u00e8s la r\u00e9ussite de la 8e \u00e9dition du Festival international &hellip; Affi N\u2019guessan f\u00e9licite St\u00e9phane Mambo Lire la suite\u00a0\u00bb\" \/>\n<meta property=\"og:url\" content=\"https:\/\/7culture.ci\/index.php\/2024\/12\/19\/affi-nguessan-felicite-stephane-mambo\/\" \/>\n<meta property=\"og:site_name\" content=\"7culture\" \/>\n<meta property=\"article:publisher\" content=\"https:\/\/www.facebook.com\/redchefclaude\" \/>\n<meta property=\"article:published_time\" content=\"2024-12-19T09:25:40+00:00\" \/>\n<meta property=\"article:modified_time\" content=\"2024-12-25T13:58:46+00:00\" \/>\n<meta property=\"og:image\" content=\"http:\/\/7culture.ci\/wp-content\/uploads\/2024\/12\/stef1.jpg\" \/>\n\t<meta property=\"og:image:width\" content=\"1080\" \/>\n\t<meta property=\"og:image:height\" content=\"810\" \/>\n\t<meta property=\"og:image:type\" content=\"image\/jpeg\" \/>\n<meta name=\"author\" content=\"7culture2020\" \/>\n<meta name=\"twitter:card\" content=\"summary_large_image\" \/>\n<meta name=\"twitter:creator\" content=\"@7culturec\" \/>\n<meta name=\"twitter:site\" content=\"@7culturec\" \/>\n<meta name=\"twitter:label1\" content=\"\u00c9crit par\" \/>\n\t<meta name=\"twitter:data1\" content=\"7culture2020\" \/>\n\t<meta name=\"twitter:label2\" content=\"Dur\u00e9e de lecture estim\u00e9e\" \/>\n\t<meta name=\"twitter:data2\" content=\"1 minute\" \/>\n<script type=\"application\/ld+json\" class=\"yoast-schema-graph\">{\"@context\":\"https:\/\/schema.org\",\"@graph\":[{\"@type\":\"Article\",\"@id\":\"https:\/\/7culture.ci\/index.php\/2024\/12\/19\/affi-nguessan-felicite-stephane-mambo\/#article\",\"isPartOf\":{\"@id\":\"https:\/\/7culture.ci\/index.php\/2024\/12\/19\/affi-nguessan-felicite-stephane-mambo\/\"},\"author\":{\"name\":\"7culture2020\",\"@id\":\"https:\/\/7culture.ci\/#\/schema\/person\/16150d28d7ef66ba788c1f87f28c4426\"},\"headline\":\"Affi N\u2019guessan f\u00e9licite St\u00e9phane Mambo\",\"datePublished\":\"2024-12-19T09:25:40+00:00\",\"dateModified\":\"2024-12-25T13:58:46+00:00\",\"mainEntityOfPage\":{\"@id\":\"https:\/\/7culture.ci\/index.php\/2024\/12\/19\/affi-nguessan-felicite-stephane-mambo\/\"},\"wordCount\":115,\"commentCount\":0,\"publisher\":{\"@id\":\"https:\/\/7culture.ci\/#organization\"},\"articleSection\":[\"Actualit\u00e9\"],\"inLanguage\":\"fr-FR\",\"potentialAction\":[{\"@type\":\"CommentAction\",\"name\":\"Comment\",\"target\":[\"https:\/\/7culture.ci\/index.php\/2024\/12\/19\/affi-nguessan-felicite-stephane-mambo\/#respond\"]}]},{\"@type\":\"WebPage\",\"@id\":\"https:\/\/7culture.ci\/index.php\/2024\/12\/19\/affi-nguessan-felicite-stephane-mambo\/\",\"url\":\"https:\/\/7culture.ci\/index.php\/2024\/12\/19\/affi-nguessan-felicite-stephane-mambo\/\",\"name\":\"Affi N\u2019guessan f\u00e9licite St\u00e9phane Mambo - 7culture\",\"isPartOf\":{\"@id\":\"https:\/\/7culture.ci\/#website\"},\"datePublished\":\"2024-12-19T09:25:40+00:00\",\"dateModified\":\"2024-12-25T13:58:46+00:00\",\"breadcrumb\":{\"@id\":\"https:\/\/7culture.ci\/index.php\/2024\/12\/19\/affi-nguessan-felicite-stephane-mambo\/#breadcrumb\"},\"inLanguage\":\"fr-FR\",\"potentialAction\":[{\"@type\":\"ReadAction\",\"target\":[\"https:\/\/7culture.ci\/index.php\/2024\/12\/19\/affi-nguessan-felicite-stephane-mambo\/\"]}]},{\"@type\":\"BreadcrumbList\",\"@id\":\"https:\/\/7culture.ci\/index.php\/2024\/12\/19\/affi-nguessan-felicite-stephane-mambo\/#breadcrumb\",\"itemListElement\":[{\"@type\":\"ListItem\",\"position\":1,\"name\":\"Accueil\",\"item\":\"https:\/\/7culture.ci\/\"},{\"@type\":\"ListItem\",\"position\":2,\"name\":\"Affi N\u2019guessan f\u00e9licite St\u00e9phane Mambo\"}]},{\"@type\":\"WebSite\",\"@id\":\"https:\/\/7culture.ci\/#website\",\"url\":\"https:\/\/7culture.ci\/\",\"name\":\"7culture\",\"description\":\"Tout sur l&#039;actualit\u00e9\",\"publisher\":{\"@id\":\"https:\/\/7culture.ci\/#organization\"},\"potentialAction\":[{\"@type\":\"SearchAction\",\"target\":{\"@type\":\"EntryPoint\",\"urlTemplate\":\"https:\/\/7culture.ci\/?s={search_term_string}\"},\"query-input\":\"required name=search_term_string\"}],\"inLanguage\":\"fr-FR\"},{\"@type\":\"Organization\",\"@id\":\"https:\/\/7culture.ci\/#organization\",\"name\":\"7culture\",\"url\":\"https:\/\/7culture.ci\/\",\"sameAs\":[\"https:\/\/www.facebook.com\/redchefclaude\",\"https:\/\/twitter.com\/7culturec\"],\"logo\":{\"@type\":\"ImageObject\",\"inLanguage\":\"fr-FR\",\"@id\":\"https:\/\/7culture.ci\/#\/schema\/logo\/image\/\",\"url\":\"https:\/\/7culture.ci\/wp-content\/uploads\/2021\/12\/S1a-1.png\",\"contentUrl\":\"https:\/\/7culture.ci\/wp-content\/uploads\/2021\/12\/S1a-1.png\",\"width\":588,\"height\":192,\"caption\":\"7culture\"},\"image\":{\"@id\":\"https:\/\/7culture.ci\/#\/schema\/logo\/image\/\"}},{\"@type\":\"Person\",\"@id\":\"https:\/\/7culture.ci\/#\/schema\/person\/16150d28d7ef66ba788c1f87f28c4426\",\"name\":\"7culture2020\",\"image\":{\"@type\":\"ImageObject\",\"inLanguage\":\"fr-FR\",\"@id\":\"https:\/\/7culture.ci\/#\/schema\/person\/image\/\",\"url\":\"https:\/\/secure.gravatar.com\/avatar\/9a0784f951306c37bcd065f52844ef95?s=96&d=mm&r=g\",\"contentUrl\":\"https:\/\/secure.gravatar.com\/avatar\/9a0784f951306c37bcd065f52844ef95?s=96&d=mm&r=g\",\"caption\":\"7culture2020\"},\"sameAs\":[\"http:\/\/7culture.ci\",\"Claude.kipre\"],\"url\":\"https:\/\/7culture.ci\/index.php\/author\/7culture2020\/\"}]}<\/script>\n<!-- \/ Yoast SEO plugin. -->","yoast_head_json":{"title":"Affi N\u2019guessan f\u00e9licite St\u00e9phane Mambo - 7culture","robots":{"index":"index","follow":"follow","max-snippet":"max-snippet:-1","max-image-preview":"max-image-preview:large","max-video-preview":"max-video-preview:-1"},"canonical":"https:\/\/7culture.ci\/index.php\/2024\/12\/19\/affi-nguessan-felicite-stephane-mambo\/","og_locale":"fr_FR","og_type":"article","og_title":"Affi N\u2019guessan f\u00e9licite St\u00e9phane Mambo - 7culture","og_description":"Bonne nouvelle pour St\u00e9phane Mambo&nbsp;! Le couturier a \u00e9t\u00e9 re\u00e7u le mardi 17 d\u00e9cembre 2024 par Pascal Affi N\u2019guessan \u00e0 son domicile. Le Premier ministre Affi a f\u00e9licit\u00e9 le styliste et l\u2019a encourag\u00e9 \u00e0 continuer dans la valorisation de la culture. Cette audience est intervenue apr\u00e8s la r\u00e9ussite de la 8e \u00e9dition du Festival international &hellip; Affi N\u2019guessan f\u00e9licite St\u00e9phane Mambo Lire la suite\u00a0\u00bb","og_url":"https:\/\/7culture.ci\/index.php\/2024\/12\/19\/affi-nguessan-felicite-stephane-mambo\/","og_site_name":"7culture","article_publisher":"https:\/\/www.facebook.com\/redchefclaude","article_published_time":"2024-12-19T09:25:40+00:00","article_modified_time":"2024-12-25T13:58:46+00:00","og_image":[{"width":1080,"height":810,"url":"http:\/\/7culture.ci\/wp-content\/uploads\/2024\/12\/stef1.jpg","type":"image\/jpeg"}],"author":"7culture2020","twitter_card":"summary_large_image","twitter_creator":"@7culturec","twitter_site":"@7culturec","twitter_misc":{"\u00c9crit par":"7culture2020","Dur\u00e9e de lecture estim\u00e9e":"1 minute"},"schema":{"@context":"https:\/\/schema.org","@graph":[{"@type":"Article","@id":"https:\/\/7culture.ci\/index.php\/2024\/12\/19\/affi-nguessan-felicite-stephane-mambo\/#article","isPartOf":{"@id":"https:\/\/7culture.ci\/index.php\/2024\/12\/19\/affi-nguessan-felicite-stephane-mambo\/"},"author":{"name":"7culture2020","@id":"https:\/\/7culture.ci\/#\/schema\/person\/16150d28d7ef66ba788c1f87f28c4426"},"headline":"Affi N\u2019guessan f\u00e9licite St\u00e9phane Mambo","datePublished":"2024-12-19T09:25:40+00:00","dateModified":"2024-12-25T13:58:46+00:00","mainEntityOfPage":{"@id":"https:\/\/7culture.ci\/index.php\/2024\/12\/19\/affi-nguessan-felicite-stephane-mambo\/"},"wordCount":115,"commentCount":0,"publisher":{"@id":"https:\/\/7culture.ci\/#organization"},"articleSection":["Actualit\u00e9"],"inLanguage":"fr-FR","potentialAction":[{"@type":"CommentAction","name":"Comment","target":["https:\/\/7culture.ci\/index.php\/2024\/12\/19\/affi-nguessan-felicite-stephane-mambo\/#respond"]}]},{"@type":"WebPage","@id":"https:\/\/7culture.ci\/index.php\/2024\/12\/19\/affi-nguessan-felicite-stephane-mambo\/","url":"https:\/\/7culture.ci\/index.php\/2024\/12\/19\/affi-nguessan-felicite-stephane-mambo\/","name":"Affi N\u2019guessan f\u00e9licite St\u00e9phane Mambo - 7culture","isPartOf":{"@id":"https:\/\/7culture.ci\/#website"},"datePublished":"2024-12-19T09:25:40+00:00","dateModified":"2024-12-25T13:58:46+00:00","breadcrumb":{"@id":"https:\/\/7culture.ci\/index.php\/2024\/12\/19\/affi-nguessan-felicite-stephane-mambo\/#breadcrumb"},"inLanguage":"fr-FR","potentialAction":[{"@type":"ReadAction","target":["https:\/\/7culture.ci\/index.php\/2024\/12\/19\/affi-nguessan-felicite-stephane-mambo\/"]}]},{"@type":"BreadcrumbList","@id":"https:\/\/7culture.ci\/index.php\/2024\/12\/19\/affi-nguessan-felicite-stephane-mambo\/#breadcrumb","itemListElement":[{"@type":"ListItem","position":1,"name":"Accueil","item":"https:\/\/7culture.ci\/"},{"@type":"ListItem","position":2,"name":"Affi N\u2019guessan f\u00e9licite St\u00e9phane Mambo"}]},{"@type":"WebSite","@id":"https:\/\/7culture.ci\/#website","url":"https:\/\/7culture.ci\/","name":"7culture","description":"Tout sur l&#039;actualit\u00e9","publisher":{"@id":"https:\/\/7culture.ci\/#organization"},"potentialAction":[{"@type":"SearchAction","target":{"@type":"EntryPoint","urlTemplate":"https:\/\/7culture.ci\/?s={search_term_string}"},"query-input":"required name=search_term_string"}],"inLanguage":"fr-FR"},{"@type":"Organization","@id":"https:\/\/7culture.ci\/#organization","name":"7culture","url":"https:\/\/7culture.ci\/","sameAs":["https:\/\/www.facebook.com\/redchefclaude","https:\/\/twitter.com\/7culturec"],"logo":{"@type":"ImageObject","inLanguage":"fr-FR","@id":"https:\/\/7culture.ci\/#\/schema\/logo\/image\/","url":"https:\/\/7culture.ci\/wp-content\/uploads\/2021\/12\/S1a-1.png","contentUrl":"https:\/\/7culture.ci\/wp-content\/uploads\/2021\/12\/S1a-1.png","width":588,"height":192,"caption":"7culture"},"image":{"@id":"https:\/\/7culture.ci\/#\/schema\/logo\/image\/"}},{"@type":"Person","@id":"https:\/\/7culture.ci\/#\/schema\/person\/16150d28d7ef66ba788c1f87f28c4426","name":"7culture2020","image":{"@type":"ImageObject","inLanguage":"fr-FR","@id":"https:\/\/7culture.ci\/#\/schema\/person\/image\/","url":"https:\/\/secure.gravatar.com\/avatar\/9a0784f951306c37bcd065f52844ef95?s=96&d=mm&r=g","contentUrl":"https:\/\/secure.gravatar.com\/avatar\/9a0784f951306c37bcd065f52844ef95?s=96&d=mm&r=g","caption":"7culture2020"},"sameAs":["http:\/\/7culture.ci","Claude.kipre"],"url":"https:\/\/7culture.ci\/index.php\/author\/7culture2020\/"}]}},"jetpack_featured_media_url":"https:\/\/7culture.ci\/wp-content\/uploads\/2024\/12\/stef1.jpg","jetpack_likes_enabled":true,"jetpack_sharing_enabled":true,"_links":{"self":[{"href":"https:\/\/7culture.ci\/index.php\/wp-json\/wp\/v2\/posts\/26677"}],"collection":[{"href":"https:\/\/7culture.ci\/index.php\/wp-json\/wp\/v2\/posts"}],"about":[{"href":"https:\/\/7culture.ci\/index.php\/wp-json\/wp\/v2\/types\/post"}],"author":[{"embeddable":true,"href":"https:\/\/7culture.ci\/index.php\/wp-json\/wp\/v2\/users\/1"}],"replies":[{"embeddable":true,"href":"https:\/\/7culture.ci\/index.php\/wp-json\/wp\/v2\/comments?post=26677"}],"version-history":[{"count":1,"href":"https:\/\/7culture.ci\/index.php\/wp-json\/wp\/v2\/posts\/26677\/revisions"}],"predecessor-version":[{"id":26683,"href":"https:\/\/7culture.ci\/index.php\/wp-json\/wp\/v2\/posts\/26677\/revisions\/26683"}],"wp:featuredmedia":[{"embeddable":true,"href":"https:\/\/7culture.ci\/index.php\/wp-json\/wp\/v2\/media\/26682"}],"wp:attachment":[{"href":"https:\/\/7culture.ci\/index.php\/wp-json\/wp\/v2\/media?parent=26677"}],"wp:term":[{"taxonomy":"category","embeddable":true,"href":"https:\/\/7culture.ci\/index.php\/wp-json\/wp\/v2\/categories?post=26677"},{"taxonomy":"post_tag","embeddable":true,"href":"https:\/\/7culture.ci\/index.php\/wp-json\/wp\/v2\/tags?post=26677"}],"curies":[{"name":"wp","href":"https:\/\/api.w.org\/{rel}","templated":true}]}}