{"id":26656,"date":"2024-12-13T20:37:25","date_gmt":"2024-12-13T20:37:25","guid":{"rendered":"https:\/\/7culture.ci\/?p=26656"},"modified":"2024-12-18T09:56:52","modified_gmt":"2024-12-18T09:56:52","slug":"mode-evenement-le-fimda-8-est-lance","status":"publish","type":"post","link":"https:\/\/7culture.ci\/index.php\/2024\/12\/13\/mode-evenement-le-fimda-8-est-lance\/","title":{"rendered":"Mode\/Ev\u00e8nement\u00a0: Le Fimda 8 est lanc\u00e9\u00a0!"},"content":{"rendered":"\n<p>Ce samedi 14 d\u00e9cembre 2024 que se tiendra le grand show final de la 8<sup>e<\/sup> \u00e9dition du Festival international de la mode d\u2019Abidjan (Fimda) \u00e0 l\u2019esplanade de l\u2019H\u00f4tel communal de Koumassi \u00e0 Abidjan. Avant d\u2019y arriver, un panel sur la mode s\u2019est tenu le jeudi 12 d\u00e9cembre \u00e0 la nouvelle mairie de ladite cit\u00e9. Devant les invit\u00e9s issus de tous les milieux socio-professionnels, les cr\u00e9ateurs Path\u00e9&#8217;O, Roger Bango, Levy Tano et Rodrigue Tchatcho se sont prononc\u00e9s sur la th\u00e9matique \u2018<em>\u2019La mode ivoirienne : h\u00e9ritage, innovation et perspectives pour une industrie durable<\/em>\u2019\u2019. \u00c7a a \u00e9t\u00e9 un moment unique d\u2019\u00e9changes avec ces grandes figures de la mode ivoirienne et le public. Pour Path\u00e9\u2019O, il faut arriver \u00e0 un niveau de qualit\u00e9 de travail acceptable \u00e0 l&#8217;\u00e9chelle mondiale. Le jeune Levy Tano estime que pour s\u2019en sortir, les cr\u00e9ateurs ivoiriens doivent innover \u00e0 partir des mati\u00e8res locales. De son c\u00f4t\u00e9, Rodrigue Tchatcho a insist\u00e9 sur la n\u00e9cessit\u00e9 pour les couturiers de formaliser leur entreprise. \u00ab&nbsp;<em>Il ne faut pas avoir peur de formaliser sa structure car l&#8217;Etat a mis les moyens pour nous permettre de finaliser l&#8217;aspect entrepreneurial. Il faut se structurer c\u2019est-\u00e0-dire se constituer en soci\u00e9t\u00e9<\/em>&nbsp;\u00bb, a conseill\u00e9 Tchatcho, fashion-preneur et designer visionnaire. Enfin, Roger Bango s\u2019est align\u00e9 sur les propositions de ses pr\u00e9d\u00e9cesseurs en invitant ses coll\u00e8gues \u00e0 aller vers la formalisation de leur activit\u00e9. \u00ab&nbsp;<em>Sinon, rien ne marchera<\/em>&nbsp;\u00bb, a-t-il tranch\u00e9 avant de rassurer tout le monde que la mode est un investissement rentable&nbsp;: \u00ab&nbsp;<em>La C\u00f4te d&#8217;Ivoire est un \u2018\u2019good well\u2019\u2019. On peut y faire de bonnes affaires<\/em>&nbsp;\u00bb. Il a \u00e9galement demand\u00e9 aux acteurs de la mode de prendre des initiatives et cr\u00e9er des opportunit\u00e9s. \u00ab&nbsp;\u2026 <em>Car Dieu ne descendra pas pour cr\u00e9er une opportunit\u00e9 pour quelqu\u2019un. Il faut penser \u00e0 commercialiser ce qu\u2019on coud sinon coudre ne suffit pas. C&#8217;est dans la vente qu&#8217;on gagne l&#8217;argent<\/em>&nbsp;\u00bb, a soutenu le patron de Korha Cr\u00e9ations avant de conclure&nbsp;: \u00ab&nbsp;<em>Les Ivoiriens sont tr\u00e8s cr\u00e9atifs. Mais le v\u00e9ritable probl\u00e8me r\u00e9side dans l&#8217;organisation. Il faut qu\u2019on s\u2019organise pour affronter les nouveaux d\u00e9fis<\/em>&nbsp;\u00bb.<\/p>\n\n\n\n<figure class=\"wp-block-gallery has-nested-images columns-default is-cropped wp-block-gallery-1 is-layout-flex wp-block-gallery-is-layout-flex\">\n<figure class=\"wp-block-image size-large\"><img loading=\"lazy\" decoding=\"async\" width=\"683\" height=\"1024\" data-id=\"26663\" src=\"https:\/\/7culture.ci\/wp-content\/uploads\/2024\/12\/FESTIVAL-INTERNATIONAL-DE-LA-MODE-DABIDJAN-FIMDA-2024-2-1-683x1024.jpg\" alt=\"\" class=\"wp-image-26663\" srcset=\"https:\/\/7culture.ci\/wp-content\/uploads\/2024\/12\/FESTIVAL-INTERNATIONAL-DE-LA-MODE-DABIDJAN-FIMDA-2024-2-1-683x1024.jpg 683w, https:\/\/7culture.ci\/wp-content\/uploads\/2024\/12\/FESTIVAL-INTERNATIONAL-DE-LA-MODE-DABIDJAN-FIMDA-2024-2-1-200x300.jpg 200w, https:\/\/7culture.ci\/wp-content\/uploads\/2024\/12\/FESTIVAL-INTERNATIONAL-DE-LA-MODE-DABIDJAN-FIMDA-2024-2-1-768x1152.jpg 768w, https:\/\/7culture.ci\/wp-content\/uploads\/2024\/12\/FESTIVAL-INTERNATIONAL-DE-LA-MODE-DABIDJAN-FIMDA-2024-2-1-1024x1536.jpg 1024w, https:\/\/7culture.ci\/wp-content\/uploads\/2024\/12\/FESTIVAL-INTERNATIONAL-DE-LA-MODE-DABIDJAN-FIMDA-2024-2-1-1365x2048.jpg 1365w, https:\/\/7culture.ci\/wp-content\/uploads\/2024\/12\/FESTIVAL-INTERNATIONAL-DE-LA-MODE-DABIDJAN-FIMDA-2024-2-1-scaled.jpg 1707w\" sizes=\"(max-width: 683px) 100vw, 683px\" \/><\/figure>\n\n\n\n<figure class=\"wp-block-image size-large\"><img loading=\"lazy\" decoding=\"async\" width=\"683\" height=\"1024\" data-id=\"26664\" src=\"https:\/\/7culture.ci\/wp-content\/uploads\/2024\/12\/FESTIVAL-INTERNATIONAL-DE-LA-MODE-DABIDJAN-FIMDA-2024-7-1-683x1024.jpg\" alt=\"\" class=\"wp-image-26664\" srcset=\"https:\/\/7culture.ci\/wp-content\/uploads\/2024\/12\/FESTIVAL-INTERNATIONAL-DE-LA-MODE-DABIDJAN-FIMDA-2024-7-1-683x1024.jpg 683w, https:\/\/7culture.ci\/wp-content\/uploads\/2024\/12\/FESTIVAL-INTERNATIONAL-DE-LA-MODE-DABIDJAN-FIMDA-2024-7-1-200x300.jpg 200w, https:\/\/7culture.ci\/wp-content\/uploads\/2024\/12\/FESTIVAL-INTERNATIONAL-DE-LA-MODE-DABIDJAN-FIMDA-2024-7-1-768x1152.jpg 768w, https:\/\/7culture.ci\/wp-content\/uploads\/2024\/12\/FESTIVAL-INTERNATIONAL-DE-LA-MODE-DABIDJAN-FIMDA-2024-7-1-1024x1536.jpg 1024w, https:\/\/7culture.ci\/wp-content\/uploads\/2024\/12\/FESTIVAL-INTERNATIONAL-DE-LA-MODE-DABIDJAN-FIMDA-2024-7-1-1365x2048.jpg 1365w, https:\/\/7culture.ci\/wp-content\/uploads\/2024\/12\/FESTIVAL-INTERNATIONAL-DE-LA-MODE-DABIDJAN-FIMDA-2024-7-1-scaled.jpg 1707w\" sizes=\"(max-width: 683px) 100vw, 683px\" \/><\/figure>\n\n\n\n<figure class=\"wp-block-image size-large\"><img loading=\"lazy\" decoding=\"async\" width=\"683\" height=\"1024\" data-id=\"26665\" src=\"https:\/\/7culture.ci\/wp-content\/uploads\/2024\/12\/FESTIVAL-INTERNATIONAL-DE-LA-MODE-DABIDJAN-FIMDA-2024-18-1-683x1024.jpg\" alt=\"\" class=\"wp-image-26665\" srcset=\"https:\/\/7culture.ci\/wp-content\/uploads\/2024\/12\/FESTIVAL-INTERNATIONAL-DE-LA-MODE-DABIDJAN-FIMDA-2024-18-1-683x1024.jpg 683w, https:\/\/7culture.ci\/wp-content\/uploads\/2024\/12\/FESTIVAL-INTERNATIONAL-DE-LA-MODE-DABIDJAN-FIMDA-2024-18-1-200x300.jpg 200w, https:\/\/7culture.ci\/wp-content\/uploads\/2024\/12\/FESTIVAL-INTERNATIONAL-DE-LA-MODE-DABIDJAN-FIMDA-2024-18-1-768x1152.jpg 768w, https:\/\/7culture.ci\/wp-content\/uploads\/2024\/12\/FESTIVAL-INTERNATIONAL-DE-LA-MODE-DABIDJAN-FIMDA-2024-18-1-1024x1536.jpg 1024w, https:\/\/7culture.ci\/wp-content\/uploads\/2024\/12\/FESTIVAL-INTERNATIONAL-DE-LA-MODE-DABIDJAN-FIMDA-2024-18-1-1365x2048.jpg 1365w, https:\/\/7culture.ci\/wp-content\/uploads\/2024\/12\/FESTIVAL-INTERNATIONAL-DE-LA-MODE-DABIDJAN-FIMDA-2024-18-1-scaled.jpg 1707w\" sizes=\"(max-width: 683px) 100vw, 683px\" \/><\/figure>\n<\/figure>\n\n\n\n<p>En tant que parrain de cette 8<sup>e<\/sup> \u00e9dition du Fimda, le maire de Koumassi, Narcisse Toussaint Balley, a pr\u00e9sid\u00e9 \u00e0 l\u2019ouverture du panel qui a pris fin par un magnifique d\u00e9fil\u00e9. \u2018\u2019 L\u2019histoire et l\u2019h\u00e9ritage de la mode ivoirienne\u2019\u2019, \u2018\u2019Les d\u00e9fis et opportunit\u00e9s li\u00e9s \u00e0 l\u2019innovation\u2019\u2019 et \u2018\u2019Les perspectives pour une industrie durable et comp\u00e9titive\u2019\u2019 ont \u00e9t\u00e9 bien pr\u00e9sent\u00e9s par les pan\u00e9listes. \u00ab&nbsp;<em>\u00c7a a \u00e9t\u00e9 une conversation riche en enseignements et en inspiration, destin\u00e9e \u00e0 tous les passionn\u00e9s de cr\u00e9ativit\u00e9 et les acteurs du secteur de la mode<\/em>&nbsp;\u00bb, s\u2019est r\u00e9joui St\u00e9phane Mamba, initiateur de Fimda. Il a, par la suite, invit\u00e9 les populations \u00e0 \u2018<em>\u2019ne pas manquer ce rendez-vous incontournable qui c\u00e9l\u00e8bre la richesse culturelle et l&#8217;excellence de la mode ivoirienne<\/em>\u2019\u2019. L\u2019apoth\u00e9ose de son \u00e9v\u00e8nement se tiendra ce samedi 14 d\u00e9cembre 2024 \u00e0 l\u2019esplanade de l\u2019H\u00f4tel communal de Koumassi. Il r\u00e9unira les plus grands cr\u00e9ateurs, stylistes, mannequins et passionn\u00e9s de mode sur un m\u00eame podium pour une soir\u00e9e exceptionnelle c\u00e9l\u00e9brant la cr\u00e9ativit\u00e9 africaine.<\/p>\n\n\n\n<figure class=\"wp-block-gallery has-nested-images columns-default is-cropped wp-block-gallery-2 is-layout-flex wp-block-gallery-is-layout-flex\">\n<figure class=\"wp-block-image size-large\"><img loading=\"lazy\" decoding=\"async\" width=\"1024\" height=\"682\" data-id=\"26668\" src=\"https:\/\/7culture.ci\/wp-content\/uploads\/2024\/12\/WhatsApp-Image-2024-12-13-at-16.31.46-1-1-1024x682.jpeg\" alt=\"\" class=\"wp-image-26668\" srcset=\"https:\/\/7culture.ci\/wp-content\/uploads\/2024\/12\/WhatsApp-Image-2024-12-13-at-16.31.46-1-1-1024x682.jpeg 1024w, https:\/\/7culture.ci\/wp-content\/uploads\/2024\/12\/WhatsApp-Image-2024-12-13-at-16.31.46-1-1-300x200.jpeg 300w, https:\/\/7culture.ci\/wp-content\/uploads\/2024\/12\/WhatsApp-Image-2024-12-13-at-16.31.46-1-1-768x512.jpeg 768w, https:\/\/7culture.ci\/wp-content\/uploads\/2024\/12\/WhatsApp-Image-2024-12-13-at-16.31.46-1-1.jpeg 1280w\" sizes=\"(max-width: 1024px) 100vw, 1024px\" \/><\/figure>\n\n\n\n<figure class=\"wp-block-image size-large\"><img loading=\"lazy\" decoding=\"async\" width=\"1024\" height=\"661\" data-id=\"26667\" src=\"https:\/\/7culture.ci\/wp-content\/uploads\/2024\/12\/WhatsApp-Image-2024-12-13-at-16.31.51-1-1024x661.jpeg\" alt=\"\" class=\"wp-image-26667\" srcset=\"https:\/\/7culture.ci\/wp-content\/uploads\/2024\/12\/WhatsApp-Image-2024-12-13-at-16.31.51-1-1024x661.jpeg 1024w, https:\/\/7culture.ci\/wp-content\/uploads\/2024\/12\/WhatsApp-Image-2024-12-13-at-16.31.51-1-300x194.jpeg 300w, https:\/\/7culture.ci\/wp-content\/uploads\/2024\/12\/WhatsApp-Image-2024-12-13-at-16.31.51-1-768x496.jpeg 768w, https:\/\/7culture.ci\/wp-content\/uploads\/2024\/12\/WhatsApp-Image-2024-12-13-at-16.31.51-1.jpeg 1086w\" sizes=\"(max-width: 1024px) 100vw, 1024px\" \/><\/figure>\n\n\n\n<figure class=\"wp-block-image size-large\"><img loading=\"lazy\" decoding=\"async\" width=\"1024\" height=\"646\" data-id=\"26666\" src=\"https:\/\/7culture.ci\/wp-content\/uploads\/2024\/12\/WhatsApp-Image-2024-12-13-at-16.31.54-1-1024x646.jpeg\" alt=\"\" class=\"wp-image-26666\" srcset=\"https:\/\/7culture.ci\/wp-content\/uploads\/2024\/12\/WhatsApp-Image-2024-12-13-at-16.31.54-1-1024x646.jpeg 1024w, https:\/\/7culture.ci\/wp-content\/uploads\/2024\/12\/WhatsApp-Image-2024-12-13-at-16.31.54-1-300x189.jpeg 300w, https:\/\/7culture.ci\/wp-content\/uploads\/2024\/12\/WhatsApp-Image-2024-12-13-at-16.31.54-1-768x485.jpeg 768w, https:\/\/7culture.ci\/wp-content\/uploads\/2024\/12\/WhatsApp-Image-2024-12-13-at-16.31.54-1.jpeg 1076w\" sizes=\"(max-width: 1024px) 100vw, 1024px\" \/><\/figure>\n<\/figure>\n\n\n\n<p>DT<\/p>\n","protected":false},"excerpt":{"rendered":"<p>Ce samedi 14 d\u00e9cembre 2024 que se tiendra le grand show final de la 8e \u00e9dition du Festival international de la mode d\u2019Abidjan (Fimda) \u00e0 l\u2019esplanade de l\u2019H\u00f4tel communal de Koumassi \u00e0 Abidjan. Avant d\u2019y arriver, un panel sur la mode s\u2019est tenu le jeudi 12 d\u00e9cembre \u00e0 la nouvelle mairie de ladite cit\u00e9. Devant &hellip;<\/p>\n<p class=\"read-more\"> <a class=\"\" href=\"https:\/\/7culture.ci\/index.php\/2024\/12\/13\/mode-evenement-le-fimda-8-est-lance\/\"> <span class=\"screen-reader-text\">Mode\/Ev\u00e8nement\u00a0: Le Fimda 8 est lanc\u00e9\u00a0!<\/span> Lire la suite\u00a0\u00bb<\/a><\/p>\n","protected":false},"author":1,"featured_media":26658,"comment_status":"open","ping_status":"open","sticky":false,"template":"","format":"standard","meta":{"_mi_skip_tracking":false,"_monsterinsights_sitenote_active":false,"_monsterinsights_sitenote_note":"","_monsterinsights_sitenote_category":0,"site-sidebar-layout":"default","site-content-layout":"default","ast-global-header-display":"","ast-main-header-display":"","ast-hfb-above-header-display":"","ast-hfb-below-header-display":"","ast-hfb-mobile-header-display":"","site-post-title":"","ast-breadcrumbs-content":"","ast-featured-img":"","footer-sml-layout":"","theme-transparent-header-meta":"","adv-header-id-meta":"","stick-header-meta":"","header-above-stick-meta":"","header-main-stick-meta":"","header-below-stick-meta":"","footnotes":"","jetpack_publicize_message":"","jetpack_is_tweetstorm":false,"jetpack_publicize_feature_enabled":true},"categories":[22],"tags":[],"jetpack_publicize_connections":[],"acf":[],"aioseo_notices":[],"yoast_head":"<!-- This site is optimized with the Yoast SEO plugin v19.6.1 - https:\/\/yoast.com\/wordpress\/plugins\/seo\/ -->\n<title>Mode\/Ev\u00e8nement\u00a0: Le Fimda 8 est lanc\u00e9\u00a0! - 7culture<\/title>\n<meta name=\"robots\" content=\"index, follow, max-snippet:-1, max-image-preview:large, max-video-preview:-1\" \/>\n<link rel=\"canonical\" href=\"https:\/\/7culture.ci\/index.php\/2024\/12\/13\/mode-evenement-le-fimda-8-est-lance\/\" \/>\n<meta property=\"og:locale\" content=\"fr_FR\" \/>\n<meta property=\"og:type\" content=\"article\" \/>\n<meta property=\"og:title\" content=\"Mode\/Ev\u00e8nement\u00a0: Le Fimda 8 est lanc\u00e9\u00a0! - 7culture\" \/>\n<meta property=\"og:description\" content=\"Ce samedi 14 d\u00e9cembre 2024 que se tiendra le grand show final de la 8e \u00e9dition du Festival international de la mode d\u2019Abidjan (Fimda) \u00e0 l\u2019esplanade de l\u2019H\u00f4tel communal de Koumassi \u00e0 Abidjan. Avant d\u2019y arriver, un panel sur la mode s\u2019est tenu le jeudi 12 d\u00e9cembre \u00e0 la nouvelle mairie de ladite cit\u00e9. Devant &hellip; Mode\/Ev\u00e8nement\u00a0: Le Fimda 8 est lanc\u00e9\u00a0! Lire la suite\u00a0\u00bb\" \/>\n<meta property=\"og:url\" content=\"https:\/\/7culture.ci\/index.php\/2024\/12\/13\/mode-evenement-le-fimda-8-est-lance\/\" \/>\n<meta property=\"og:site_name\" content=\"7culture\" \/>\n<meta property=\"article:publisher\" content=\"https:\/\/www.facebook.com\/redchefclaude\" \/>\n<meta property=\"article:published_time\" content=\"2024-12-13T20:37:25+00:00\" \/>\n<meta property=\"article:modified_time\" content=\"2024-12-18T09:56:52+00:00\" \/>\n<meta property=\"og:image\" content=\"http:\/\/7culture.ci\/wp-content\/uploads\/2024\/12\/WhatsApp-Image-2024-12-13-at-16.31.46-1.jpeg\" \/>\n\t<meta property=\"og:image:width\" content=\"1280\" \/>\n\t<meta property=\"og:image:height\" content=\"853\" \/>\n\t<meta property=\"og:image:type\" content=\"image\/jpeg\" \/>\n<meta name=\"author\" content=\"7culture2020\" \/>\n<meta name=\"twitter:card\" content=\"summary_large_image\" \/>\n<meta name=\"twitter:creator\" content=\"@7culturec\" \/>\n<meta name=\"twitter:site\" content=\"@7culturec\" \/>\n<meta name=\"twitter:label1\" content=\"\u00c9crit par\" \/>\n\t<meta name=\"twitter:data1\" content=\"7culture2020\" \/>\n\t<meta name=\"twitter:label2\" content=\"Dur\u00e9e de lecture estim\u00e9e\" \/>\n\t<meta name=\"twitter:data2\" content=\"3 minutes\" \/>\n<script type=\"application\/ld+json\" class=\"yoast-schema-graph\">{\"@context\":\"https:\/\/schema.org\",\"@graph\":[{\"@type\":\"Article\",\"@id\":\"https:\/\/7culture.ci\/index.php\/2024\/12\/13\/mode-evenement-le-fimda-8-est-lance\/#article\",\"isPartOf\":{\"@id\":\"https:\/\/7culture.ci\/index.php\/2024\/12\/13\/mode-evenement-le-fimda-8-est-lance\/\"},\"author\":{\"name\":\"7culture2020\",\"@id\":\"https:\/\/7culture.ci\/#\/schema\/person\/16150d28d7ef66ba788c1f87f28c4426\"},\"headline\":\"Mode\/Ev\u00e8nement\u00a0: Le Fimda 8 est lanc\u00e9\u00a0!\",\"datePublished\":\"2024-12-13T20:37:25+00:00\",\"dateModified\":\"2024-12-18T09:56:52+00:00\",\"mainEntityOfPage\":{\"@id\":\"https:\/\/7culture.ci\/index.php\/2024\/12\/13\/mode-evenement-le-fimda-8-est-lance\/\"},\"wordCount\":581,\"commentCount\":0,\"publisher\":{\"@id\":\"https:\/\/7culture.ci\/#organization\"},\"articleSection\":[\"Actualit\u00e9\"],\"inLanguage\":\"fr-FR\",\"potentialAction\":[{\"@type\":\"CommentAction\",\"name\":\"Comment\",\"target\":[\"https:\/\/7culture.ci\/index.php\/2024\/12\/13\/mode-evenement-le-fimda-8-est-lance\/#respond\"]}]},{\"@type\":\"WebPage\",\"@id\":\"https:\/\/7culture.ci\/index.php\/2024\/12\/13\/mode-evenement-le-fimda-8-est-lance\/\",\"url\":\"https:\/\/7culture.ci\/index.php\/2024\/12\/13\/mode-evenement-le-fimda-8-est-lance\/\",\"name\":\"Mode\/Ev\u00e8nement\u00a0: Le Fimda 8 est lanc\u00e9\u00a0! - 7culture\",\"isPartOf\":{\"@id\":\"https:\/\/7culture.ci\/#website\"},\"datePublished\":\"2024-12-13T20:37:25+00:00\",\"dateModified\":\"2024-12-18T09:56:52+00:00\",\"breadcrumb\":{\"@id\":\"https:\/\/7culture.ci\/index.php\/2024\/12\/13\/mode-evenement-le-fimda-8-est-lance\/#breadcrumb\"},\"inLanguage\":\"fr-FR\",\"potentialAction\":[{\"@type\":\"ReadAction\",\"target\":[\"https:\/\/7culture.ci\/index.php\/2024\/12\/13\/mode-evenement-le-fimda-8-est-lance\/\"]}]},{\"@type\":\"BreadcrumbList\",\"@id\":\"https:\/\/7culture.ci\/index.php\/2024\/12\/13\/mode-evenement-le-fimda-8-est-lance\/#breadcrumb\",\"itemListElement\":[{\"@type\":\"ListItem\",\"position\":1,\"name\":\"Accueil\",\"item\":\"https:\/\/7culture.ci\/\"},{\"@type\":\"ListItem\",\"position\":2,\"name\":\"Mode\/Ev\u00e8nement\u00a0: Le Fimda 8 est lanc\u00e9\u00a0!\"}]},{\"@type\":\"WebSite\",\"@id\":\"https:\/\/7culture.ci\/#website\",\"url\":\"https:\/\/7culture.ci\/\",\"name\":\"7culture\",\"description\":\"Tout sur l&#039;actualit\u00e9\",\"publisher\":{\"@id\":\"https:\/\/7culture.ci\/#organization\"},\"potentialAction\":[{\"@type\":\"SearchAction\",\"target\":{\"@type\":\"EntryPoint\",\"urlTemplate\":\"https:\/\/7culture.ci\/?s={search_term_string}\"},\"query-input\":\"required name=search_term_string\"}],\"inLanguage\":\"fr-FR\"},{\"@type\":\"Organization\",\"@id\":\"https:\/\/7culture.ci\/#organization\",\"name\":\"7culture\",\"url\":\"https:\/\/7culture.ci\/\",\"sameAs\":[\"https:\/\/www.facebook.com\/redchefclaude\",\"https:\/\/twitter.com\/7culturec\"],\"logo\":{\"@type\":\"ImageObject\",\"inLanguage\":\"fr-FR\",\"@id\":\"https:\/\/7culture.ci\/#\/schema\/logo\/image\/\",\"url\":\"https:\/\/7culture.ci\/wp-content\/uploads\/2021\/12\/S1a-1.png\",\"contentUrl\":\"https:\/\/7culture.ci\/wp-content\/uploads\/2021\/12\/S1a-1.png\",\"width\":588,\"height\":192,\"caption\":\"7culture\"},\"image\":{\"@id\":\"https:\/\/7culture.ci\/#\/schema\/logo\/image\/\"}},{\"@type\":\"Person\",\"@id\":\"https:\/\/7culture.ci\/#\/schema\/person\/16150d28d7ef66ba788c1f87f28c4426\",\"name\":\"7culture2020\",\"image\":{\"@type\":\"ImageObject\",\"inLanguage\":\"fr-FR\",\"@id\":\"https:\/\/7culture.ci\/#\/schema\/person\/image\/\",\"url\":\"https:\/\/secure.gravatar.com\/avatar\/9a0784f951306c37bcd065f52844ef95?s=96&d=mm&r=g\",\"contentUrl\":\"https:\/\/secure.gravatar.com\/avatar\/9a0784f951306c37bcd065f52844ef95?s=96&d=mm&r=g\",\"caption\":\"7culture2020\"},\"sameAs\":[\"http:\/\/7culture.ci\",\"Claude.kipre\"],\"url\":\"https:\/\/7culture.ci\/index.php\/author\/7culture2020\/\"}]}<\/script>\n<!-- \/ Yoast SEO plugin. -->","yoast_head_json":{"title":"Mode\/Ev\u00e8nement\u00a0: Le Fimda 8 est lanc\u00e9\u00a0! - 7culture","robots":{"index":"index","follow":"follow","max-snippet":"max-snippet:-1","max-image-preview":"max-image-preview:large","max-video-preview":"max-video-preview:-1"},"canonical":"https:\/\/7culture.ci\/index.php\/2024\/12\/13\/mode-evenement-le-fimda-8-est-lance\/","og_locale":"fr_FR","og_type":"article","og_title":"Mode\/Ev\u00e8nement\u00a0: Le Fimda 8 est lanc\u00e9\u00a0! - 7culture","og_description":"Ce samedi 14 d\u00e9cembre 2024 que se tiendra le grand show final de la 8e \u00e9dition du Festival international de la mode d\u2019Abidjan (Fimda) \u00e0 l\u2019esplanade de l\u2019H\u00f4tel communal de Koumassi \u00e0 Abidjan. Avant d\u2019y arriver, un panel sur la mode s\u2019est tenu le jeudi 12 d\u00e9cembre \u00e0 la nouvelle mairie de ladite cit\u00e9. Devant &hellip; Mode\/Ev\u00e8nement\u00a0: Le Fimda 8 est lanc\u00e9\u00a0! Lire la suite\u00a0\u00bb","og_url":"https:\/\/7culture.ci\/index.php\/2024\/12\/13\/mode-evenement-le-fimda-8-est-lance\/","og_site_name":"7culture","article_publisher":"https:\/\/www.facebook.com\/redchefclaude","article_published_time":"2024-12-13T20:37:25+00:00","article_modified_time":"2024-12-18T09:56:52+00:00","og_image":[{"width":1280,"height":853,"url":"http:\/\/7culture.ci\/wp-content\/uploads\/2024\/12\/WhatsApp-Image-2024-12-13-at-16.31.46-1.jpeg","type":"image\/jpeg"}],"author":"7culture2020","twitter_card":"summary_large_image","twitter_creator":"@7culturec","twitter_site":"@7culturec","twitter_misc":{"\u00c9crit par":"7culture2020","Dur\u00e9e de lecture estim\u00e9e":"3 minutes"},"schema":{"@context":"https:\/\/schema.org","@graph":[{"@type":"Article","@id":"https:\/\/7culture.ci\/index.php\/2024\/12\/13\/mode-evenement-le-fimda-8-est-lance\/#article","isPartOf":{"@id":"https:\/\/7culture.ci\/index.php\/2024\/12\/13\/mode-evenement-le-fimda-8-est-lance\/"},"author":{"name":"7culture2020","@id":"https:\/\/7culture.ci\/#\/schema\/person\/16150d28d7ef66ba788c1f87f28c4426"},"headline":"Mode\/Ev\u00e8nement\u00a0: Le Fimda 8 est lanc\u00e9\u00a0!","datePublished":"2024-12-13T20:37:25+00:00","dateModified":"2024-12-18T09:56:52+00:00","mainEntityOfPage":{"@id":"https:\/\/7culture.ci\/index.php\/2024\/12\/13\/mode-evenement-le-fimda-8-est-lance\/"},"wordCount":581,"commentCount":0,"publisher":{"@id":"https:\/\/7culture.ci\/#organization"},"articleSection":["Actualit\u00e9"],"inLanguage":"fr-FR","potentialAction":[{"@type":"CommentAction","name":"Comment","target":["https:\/\/7culture.ci\/index.php\/2024\/12\/13\/mode-evenement-le-fimda-8-est-lance\/#respond"]}]},{"@type":"WebPage","@id":"https:\/\/7culture.ci\/index.php\/2024\/12\/13\/mode-evenement-le-fimda-8-est-lance\/","url":"https:\/\/7culture.ci\/index.php\/2024\/12\/13\/mode-evenement-le-fimda-8-est-lance\/","name":"Mode\/Ev\u00e8nement\u00a0: Le Fimda 8 est lanc\u00e9\u00a0! - 7culture","isPartOf":{"@id":"https:\/\/7culture.ci\/#website"},"datePublished":"2024-12-13T20:37:25+00:00","dateModified":"2024-12-18T09:56:52+00:00","breadcrumb":{"@id":"https:\/\/7culture.ci\/index.php\/2024\/12\/13\/mode-evenement-le-fimda-8-est-lance\/#breadcrumb"},"inLanguage":"fr-FR","potentialAction":[{"@type":"ReadAction","target":["https:\/\/7culture.ci\/index.php\/2024\/12\/13\/mode-evenement-le-fimda-8-est-lance\/"]}]},{"@type":"BreadcrumbList","@id":"https:\/\/7culture.ci\/index.php\/2024\/12\/13\/mode-evenement-le-fimda-8-est-lance\/#breadcrumb","itemListElement":[{"@type":"ListItem","position":1,"name":"Accueil","item":"https:\/\/7culture.ci\/"},{"@type":"ListItem","position":2,"name":"Mode\/Ev\u00e8nement\u00a0: Le Fimda 8 est lanc\u00e9\u00a0!"}]},{"@type":"WebSite","@id":"https:\/\/7culture.ci\/#website","url":"https:\/\/7culture.ci\/","name":"7culture","description":"Tout sur l&#039;actualit\u00e9","publisher":{"@id":"https:\/\/7culture.ci\/#organization"},"potentialAction":[{"@type":"SearchAction","target":{"@type":"EntryPoint","urlTemplate":"https:\/\/7culture.ci\/?s={search_term_string}"},"query-input":"required name=search_term_string"}],"inLanguage":"fr-FR"},{"@type":"Organization","@id":"https:\/\/7culture.ci\/#organization","name":"7culture","url":"https:\/\/7culture.ci\/","sameAs":["https:\/\/www.facebook.com\/redchefclaude","https:\/\/twitter.com\/7culturec"],"logo":{"@type":"ImageObject","inLanguage":"fr-FR","@id":"https:\/\/7culture.ci\/#\/schema\/logo\/image\/","url":"https:\/\/7culture.ci\/wp-content\/uploads\/2021\/12\/S1a-1.png","contentUrl":"https:\/\/7culture.ci\/wp-content\/uploads\/2021\/12\/S1a-1.png","width":588,"height":192,"caption":"7culture"},"image":{"@id":"https:\/\/7culture.ci\/#\/schema\/logo\/image\/"}},{"@type":"Person","@id":"https:\/\/7culture.ci\/#\/schema\/person\/16150d28d7ef66ba788c1f87f28c4426","name":"7culture2020","image":{"@type":"ImageObject","inLanguage":"fr-FR","@id":"https:\/\/7culture.ci\/#\/schema\/person\/image\/","url":"https:\/\/secure.gravatar.com\/avatar\/9a0784f951306c37bcd065f52844ef95?s=96&d=mm&r=g","contentUrl":"https:\/\/secure.gravatar.com\/avatar\/9a0784f951306c37bcd065f52844ef95?s=96&d=mm&r=g","caption":"7culture2020"},"sameAs":["http:\/\/7culture.ci","Claude.kipre"],"url":"https:\/\/7culture.ci\/index.php\/author\/7culture2020\/"}]}},"jetpack_featured_media_url":"https:\/\/7culture.ci\/wp-content\/uploads\/2024\/12\/WhatsApp-Image-2024-12-13-at-16.31.46-1.jpeg","jetpack_likes_enabled":true,"jetpack_sharing_enabled":true,"_links":{"self":[{"href":"https:\/\/7culture.ci\/index.php\/wp-json\/wp\/v2\/posts\/26656"}],"collection":[{"href":"https:\/\/7culture.ci\/index.php\/wp-json\/wp\/v2\/posts"}],"about":[{"href":"https:\/\/7culture.ci\/index.php\/wp-json\/wp\/v2\/types\/post"}],"author":[{"embeddable":true,"href":"https:\/\/7culture.ci\/index.php\/wp-json\/wp\/v2\/users\/1"}],"replies":[{"embeddable":true,"href":"https:\/\/7culture.ci\/index.php\/wp-json\/wp\/v2\/comments?post=26656"}],"version-history":[{"count":1,"href":"https:\/\/7culture.ci\/index.php\/wp-json\/wp\/v2\/posts\/26656\/revisions"}],"predecessor-version":[{"id":26669,"href":"https:\/\/7culture.ci\/index.php\/wp-json\/wp\/v2\/posts\/26656\/revisions\/26669"}],"wp:featuredmedia":[{"embeddable":true,"href":"https:\/\/7culture.ci\/index.php\/wp-json\/wp\/v2\/media\/26658"}],"wp:attachment":[{"href":"https:\/\/7culture.ci\/index.php\/wp-json\/wp\/v2\/media?parent=26656"}],"wp:term":[{"taxonomy":"category","embeddable":true,"href":"https:\/\/7culture.ci\/index.php\/wp-json\/wp\/v2\/categories?post=26656"},{"taxonomy":"post_tag","embeddable":true,"href":"https:\/\/7culture.ci\/index.php\/wp-json\/wp\/v2\/tags?post=26656"}],"curies":[{"name":"wp","href":"https:\/\/api.w.org\/{rel}","templated":true}]}}