{"id":26643,"date":"2024-12-13T10:50:47","date_gmt":"2024-12-13T10:50:47","guid":{"rendered":"https:\/\/7culture.ci\/?p=26643"},"modified":"2024-12-13T20:39:09","modified_gmt":"2024-12-13T20:39:09","slug":"fitness-for-feel-well-6-du-sport-pour-garder-la-bonne-forme","status":"publish","type":"post","link":"https:\/\/7culture.ci\/index.php\/2024\/12\/13\/fitness-for-feel-well-6-du-sport-pour-garder-la-bonne-forme\/","title":{"rendered":"Fitness For Feel Well 6\u00a0: Du sport pour garder la bonne forme"},"content":{"rendered":"\n<p>La 6<sup>e<\/sup> \u00e9dition de \u2018\u2019Fitness For Feel Well\u2019\u2019 s&#8217;est tenue le samedi 7 d\u00e9cembre 2024 \u00e0 la Radiodiffusion T\u00e9l\u00e9vision ivoirienne (Rti). Le programme comprenait de la marche, la musculation, du stretching et du cardio-training. L\u2019\u00e9v\u00e8nement est pilot\u00e9 par Christem Organisation, association de cr\u00e9ation artistique et culturelle de promotion du d\u00e9veloppement humain et des \u0153uvres humanitaires. Il comprend une s\u00e9rie d&#8217;activit\u00e9s de mise en forme. De nombreux participants y ont pris part. La procession a d\u00e9marr\u00e9 par une marche sportive et r\u00e9cr\u00e9ative aller-retour Rti-Le M\u00e9diateur de la R\u00e9publique en passant devant l\u2019entr\u00e9e principale de l\u2019Institut des sciences et techniques de la communication (Istc). La seconde phase a \u00e9t\u00e9 la s\u00e9ance de de fitness au stade de la Haute Fr\u00e9quence dans la cour de la maison de la T\u00e9l\u00e9vision. Au cours de l&#8217;activit\u00e9, les participants ont pu prendre leur tension et b\u00e9n\u00e9fici\u00e9 de conseils d&#8217;un cardiologue, d&#8217;un chirurgien-dentiste et de soins par les ondes \u00e9lectromagn\u00e9tiques.<\/p>\n\n\n\n<figure class=\"wp-block-gallery has-nested-images columns-default is-cropped wp-block-gallery-1 is-layout-flex wp-block-gallery-is-layout-flex\">\n<figure class=\"wp-block-image size-large\"><img loading=\"lazy\" decoding=\"async\" width=\"1024\" height=\"683\" data-id=\"26648\" src=\"https:\/\/7culture.ci\/wp-content\/uploads\/2024\/12\/1-3-1024x683.jpeg\" alt=\"\" class=\"wp-image-26648\" srcset=\"https:\/\/7culture.ci\/wp-content\/uploads\/2024\/12\/1-3-1024x683.jpeg 1024w, https:\/\/7culture.ci\/wp-content\/uploads\/2024\/12\/1-3-300x200.jpeg 300w, https:\/\/7culture.ci\/wp-content\/uploads\/2024\/12\/1-3-768x512.jpeg 768w, https:\/\/7culture.ci\/wp-content\/uploads\/2024\/12\/1-3.jpeg 1080w\" sizes=\"(max-width: 1024px) 100vw, 1024px\" \/><\/figure>\n\n\n\n<figure class=\"wp-block-image size-large\"><img loading=\"lazy\" decoding=\"async\" width=\"1024\" height=\"683\" data-id=\"26650\" src=\"https:\/\/7culture.ci\/wp-content\/uploads\/2024\/12\/3-3-1024x683.jpeg\" alt=\"\" class=\"wp-image-26650\" srcset=\"https:\/\/7culture.ci\/wp-content\/uploads\/2024\/12\/3-3-1024x683.jpeg 1024w, https:\/\/7culture.ci\/wp-content\/uploads\/2024\/12\/3-3-300x200.jpeg 300w, https:\/\/7culture.ci\/wp-content\/uploads\/2024\/12\/3-3-768x512.jpeg 768w, https:\/\/7culture.ci\/wp-content\/uploads\/2024\/12\/3-3.jpeg 1080w\" sizes=\"(max-width: 1024px) 100vw, 1024px\" \/><\/figure>\n\n\n\n<figure class=\"wp-block-image size-large\"><img loading=\"lazy\" decoding=\"async\" width=\"1080\" height=\"555\" data-id=\"26649\" src=\"https:\/\/7culture.ci\/wp-content\/uploads\/2024\/12\/6-1024x526.jpeg\" alt=\"\" class=\"wp-image-26649\" srcset=\"https:\/\/7culture.ci\/wp-content\/uploads\/2024\/12\/6-1024x526.jpeg 1024w, https:\/\/7culture.ci\/wp-content\/uploads\/2024\/12\/6-300x154.jpeg 300w, https:\/\/7culture.ci\/wp-content\/uploads\/2024\/12\/6-768x395.jpeg 768w, https:\/\/7culture.ci\/wp-content\/uploads\/2024\/12\/6.jpeg 1080w\" sizes=\"(max-width: 1080px) 100vw, 1080px\" \/><\/figure>\n<\/figure>\n\n\n\n<p>A la fin de l\u2019ensemble des activit\u00e9s de mise en forme, Christelle Amessan, pr\u00e9sidente de Christem Organisation, a traduit sa reconnaissance aux participants et aux partenaires de cette \u00e9dition. Ak\u00e9r\u00e9mi Kouassi, chef de service de la promotion de l&#8217;\u00e9ducation \u00e0 la culture de la paix \u00e0 Le M\u00e9diateur de la R\u00e9publique, a pr\u00e9sent\u00e9 l&#8217;institution qui est une autorit\u00e9 administrative ind\u00e9pendante au service du citoyen. Ang\u00e8le Tano Amon, charg\u00e9e d&#8217;instruction aupr\u00e8s du chef de cabinet du m\u00e9diateur de la R\u00e9publique a traduit la satisfaction de l&#8217;\u00e9tablissement d&#8217;avoir pris part \u00e0 cette s\u00e9ance et exprim\u00e9 ses encouragements \u00e0 Christem Organisation. L\u2019initiatrice a salu\u00e9 \u00e0 son tour la pr\u00e9sence du minist\u00e8re des Sports pour son appui institutionnel \u00e0 cette activit\u00e9. \u00ab\u00a0<em>Le sport permet \u00e0 la population d\u2019\u00eatre en bonne sant\u00e9 et ce genre d\u2019initiatives est \u00e0 encourager. Nous saluons donc les organisateurs et nous estimons qu\u2019il y aura encore plus d&#8217;activit\u00e9s de ce genre les jours \u00e0 venir<\/em>\u00a0\u00bb, a souhait\u00e9 Adonis N&#8217;guessan du service communication du minist\u00e8re des Sports. De son c\u00f4t\u00e9, Prof. Jacques Ackah, enseignant chercheur \u00e0 l&#8217;Universit\u00e9 Jean Lorougnon Gu\u00e9d\u00e9 de Daloa, a entretenu les participants sur les vertus et les bienfaits des plantes sur la sant\u00e9. Pr\u00f4nant l&#8217;excellence en milieu scolaire, Christem Organisation a profit\u00e9 de cette 6<sup>e<\/sup> \u00e9dition de \u2018\u2019Fitness For Feel Well\u2019\u2019 pour remettre des pr\u00e9sents \u00e0 une de ses \u00e9l\u00e8ves m\u00e9ritantes.<\/p>\n\n\n\n<figure class=\"wp-block-gallery has-nested-images columns-default is-cropped wp-block-gallery-2 is-layout-flex wp-block-gallery-is-layout-flex\">\n<figure class=\"wp-block-image size-large\"><img loading=\"lazy\" decoding=\"async\" width=\"1024\" height=\"683\" data-id=\"26653\" src=\"https:\/\/7culture.ci\/wp-content\/uploads\/2024\/12\/8-1024x683.jpeg\" alt=\"\" class=\"wp-image-26653\" srcset=\"https:\/\/7culture.ci\/wp-content\/uploads\/2024\/12\/8-1024x683.jpeg 1024w, https:\/\/7culture.ci\/wp-content\/uploads\/2024\/12\/8-300x200.jpeg 300w, https:\/\/7culture.ci\/wp-content\/uploads\/2024\/12\/8-768x512.jpeg 768w, https:\/\/7culture.ci\/wp-content\/uploads\/2024\/12\/8.jpeg 1080w\" sizes=\"(max-width: 1024px) 100vw, 1024px\" \/><\/figure>\n\n\n\n<figure class=\"wp-block-image size-large\"><img loading=\"lazy\" decoding=\"async\" width=\"1024\" height=\"722\" data-id=\"26651\" src=\"https:\/\/7culture.ci\/wp-content\/uploads\/2024\/12\/9-1024x722.jpeg\" alt=\"\" class=\"wp-image-26651\" srcset=\"https:\/\/7culture.ci\/wp-content\/uploads\/2024\/12\/9-1024x722.jpeg 1024w, https:\/\/7culture.ci\/wp-content\/uploads\/2024\/12\/9-300x212.jpeg 300w, https:\/\/7culture.ci\/wp-content\/uploads\/2024\/12\/9-768x542.jpeg 768w, https:\/\/7culture.ci\/wp-content\/uploads\/2024\/12\/9.jpeg 1080w\" sizes=\"(max-width: 1024px) 100vw, 1024px\" \/><\/figure>\n\n\n\n<figure class=\"wp-block-image size-large\"><img loading=\"lazy\" decoding=\"async\" width=\"1024\" height=\"683\" data-id=\"26652\" src=\"https:\/\/7culture.ci\/wp-content\/uploads\/2024\/12\/10-1024x683.jpeg\" alt=\"\" class=\"wp-image-26652\" srcset=\"https:\/\/7culture.ci\/wp-content\/uploads\/2024\/12\/10-1024x683.jpeg 1024w, https:\/\/7culture.ci\/wp-content\/uploads\/2024\/12\/10-300x200.jpeg 300w, https:\/\/7culture.ci\/wp-content\/uploads\/2024\/12\/10-768x512.jpeg 768w, https:\/\/7culture.ci\/wp-content\/uploads\/2024\/12\/10.jpeg 1080w\" sizes=\"(max-width: 1024px) 100vw, 1024px\" \/><\/figure>\n<\/figure>\n\n\n\n<p><strong>DT<\/strong><strong><\/strong><\/p>\n","protected":false},"excerpt":{"rendered":"<p>La 6e \u00e9dition de \u2018\u2019Fitness For Feel Well\u2019\u2019 s&#8217;est tenue le samedi 7 d\u00e9cembre 2024 \u00e0 la Radiodiffusion T\u00e9l\u00e9vision ivoirienne (Rti). Le programme comprenait de la marche, la musculation, du stretching et du cardio-training. L\u2019\u00e9v\u00e8nement est pilot\u00e9 par Christem Organisation, association de cr\u00e9ation artistique et culturelle de promotion du d\u00e9veloppement humain et des \u0153uvres humanitaires. &hellip;<\/p>\n<p class=\"read-more\"> <a class=\"\" href=\"https:\/\/7culture.ci\/index.php\/2024\/12\/13\/fitness-for-feel-well-6-du-sport-pour-garder-la-bonne-forme\/\"> <span class=\"screen-reader-text\">Fitness For Feel Well 6\u00a0: Du sport pour garder la bonne forme<\/span> Lire la suite\u00a0\u00bb<\/a><\/p>\n","protected":false},"author":1,"featured_media":26645,"comment_status":"open","ping_status":"open","sticky":false,"template":"","format":"standard","meta":{"_mi_skip_tracking":false,"_monsterinsights_sitenote_active":false,"_monsterinsights_sitenote_note":"","_monsterinsights_sitenote_category":0,"site-sidebar-layout":"default","site-content-layout":"default","ast-global-header-display":"","ast-main-header-display":"","ast-hfb-above-header-display":"","ast-hfb-below-header-display":"","ast-hfb-mobile-header-display":"","site-post-title":"","ast-breadcrumbs-content":"","ast-featured-img":"","footer-sml-layout":"","theme-transparent-header-meta":"","adv-header-id-meta":"","stick-header-meta":"","header-above-stick-meta":"","header-main-stick-meta":"","header-below-stick-meta":"","footnotes":"","jetpack_publicize_message":"","jetpack_is_tweetstorm":false,"jetpack_publicize_feature_enabled":true},"categories":[22],"tags":[],"jetpack_publicize_connections":[],"acf":[],"aioseo_notices":[],"yoast_head":"<!-- This site is optimized with the Yoast SEO plugin v19.6.1 - https:\/\/yoast.com\/wordpress\/plugins\/seo\/ -->\n<title>Fitness For Feel Well 6\u00a0: Du sport pour garder la bonne forme - 7culture<\/title>\n<meta name=\"robots\" content=\"index, follow, max-snippet:-1, max-image-preview:large, max-video-preview:-1\" \/>\n<link rel=\"canonical\" href=\"https:\/\/7culture.ci\/index.php\/2024\/12\/13\/fitness-for-feel-well-6-du-sport-pour-garder-la-bonne-forme\/\" \/>\n<meta property=\"og:locale\" content=\"fr_FR\" \/>\n<meta property=\"og:type\" content=\"article\" \/>\n<meta property=\"og:title\" content=\"Fitness For Feel Well 6\u00a0: Du sport pour garder la bonne forme - 7culture\" \/>\n<meta property=\"og:description\" content=\"La 6e \u00e9dition de \u2018\u2019Fitness For Feel Well\u2019\u2019 s&#8217;est tenue le samedi 7 d\u00e9cembre 2024 \u00e0 la Radiodiffusion T\u00e9l\u00e9vision ivoirienne (Rti). Le programme comprenait de la marche, la musculation, du stretching et du cardio-training. L\u2019\u00e9v\u00e8nement est pilot\u00e9 par Christem Organisation, association de cr\u00e9ation artistique et culturelle de promotion du d\u00e9veloppement humain et des \u0153uvres humanitaires. &hellip; Fitness For Feel Well 6\u00a0: Du sport pour garder la bonne forme Lire la suite\u00a0\u00bb\" \/>\n<meta property=\"og:url\" content=\"https:\/\/7culture.ci\/index.php\/2024\/12\/13\/fitness-for-feel-well-6-du-sport-pour-garder-la-bonne-forme\/\" \/>\n<meta property=\"og:site_name\" content=\"7culture\" \/>\n<meta property=\"article:publisher\" content=\"https:\/\/www.facebook.com\/redchefclaude\" \/>\n<meta property=\"article:published_time\" content=\"2024-12-13T10:50:47+00:00\" \/>\n<meta property=\"article:modified_time\" content=\"2024-12-13T20:39:09+00:00\" \/>\n<meta property=\"og:image\" content=\"http:\/\/7culture.ci\/wp-content\/uploads\/2024\/12\/2-2.jpeg\" \/>\n\t<meta property=\"og:image:width\" content=\"1080\" \/>\n\t<meta property=\"og:image:height\" content=\"720\" \/>\n\t<meta property=\"og:image:type\" content=\"image\/jpeg\" \/>\n<meta name=\"author\" content=\"7culture2020\" \/>\n<meta name=\"twitter:card\" content=\"summary_large_image\" \/>\n<meta name=\"twitter:creator\" content=\"@7culturec\" \/>\n<meta name=\"twitter:site\" content=\"@7culturec\" \/>\n<meta name=\"twitter:label1\" content=\"\u00c9crit par\" \/>\n\t<meta name=\"twitter:data1\" content=\"7culture2020\" \/>\n\t<meta name=\"twitter:label2\" content=\"Dur\u00e9e de lecture estim\u00e9e\" \/>\n\t<meta name=\"twitter:data2\" content=\"2 minutes\" \/>\n<script type=\"application\/ld+json\" class=\"yoast-schema-graph\">{\"@context\":\"https:\/\/schema.org\",\"@graph\":[{\"@type\":\"Article\",\"@id\":\"https:\/\/7culture.ci\/index.php\/2024\/12\/13\/fitness-for-feel-well-6-du-sport-pour-garder-la-bonne-forme\/#article\",\"isPartOf\":{\"@id\":\"https:\/\/7culture.ci\/index.php\/2024\/12\/13\/fitness-for-feel-well-6-du-sport-pour-garder-la-bonne-forme\/\"},\"author\":{\"name\":\"7culture2020\",\"@id\":\"https:\/\/7culture.ci\/#\/schema\/person\/16150d28d7ef66ba788c1f87f28c4426\"},\"headline\":\"Fitness For Feel Well 6\u00a0: Du sport pour garder la bonne forme\",\"datePublished\":\"2024-12-13T10:50:47+00:00\",\"dateModified\":\"2024-12-13T20:39:09+00:00\",\"mainEntityOfPage\":{\"@id\":\"https:\/\/7culture.ci\/index.php\/2024\/12\/13\/fitness-for-feel-well-6-du-sport-pour-garder-la-bonne-forme\/\"},\"wordCount\":430,\"commentCount\":0,\"publisher\":{\"@id\":\"https:\/\/7culture.ci\/#organization\"},\"articleSection\":[\"Actualit\u00e9\"],\"inLanguage\":\"fr-FR\",\"potentialAction\":[{\"@type\":\"CommentAction\",\"name\":\"Comment\",\"target\":[\"https:\/\/7culture.ci\/index.php\/2024\/12\/13\/fitness-for-feel-well-6-du-sport-pour-garder-la-bonne-forme\/#respond\"]}]},{\"@type\":\"WebPage\",\"@id\":\"https:\/\/7culture.ci\/index.php\/2024\/12\/13\/fitness-for-feel-well-6-du-sport-pour-garder-la-bonne-forme\/\",\"url\":\"https:\/\/7culture.ci\/index.php\/2024\/12\/13\/fitness-for-feel-well-6-du-sport-pour-garder-la-bonne-forme\/\",\"name\":\"Fitness For Feel Well 6\u00a0: Du sport pour garder la bonne forme - 7culture\",\"isPartOf\":{\"@id\":\"https:\/\/7culture.ci\/#website\"},\"datePublished\":\"2024-12-13T10:50:47+00:00\",\"dateModified\":\"2024-12-13T20:39:09+00:00\",\"breadcrumb\":{\"@id\":\"https:\/\/7culture.ci\/index.php\/2024\/12\/13\/fitness-for-feel-well-6-du-sport-pour-garder-la-bonne-forme\/#breadcrumb\"},\"inLanguage\":\"fr-FR\",\"potentialAction\":[{\"@type\":\"ReadAction\",\"target\":[\"https:\/\/7culture.ci\/index.php\/2024\/12\/13\/fitness-for-feel-well-6-du-sport-pour-garder-la-bonne-forme\/\"]}]},{\"@type\":\"BreadcrumbList\",\"@id\":\"https:\/\/7culture.ci\/index.php\/2024\/12\/13\/fitness-for-feel-well-6-du-sport-pour-garder-la-bonne-forme\/#breadcrumb\",\"itemListElement\":[{\"@type\":\"ListItem\",\"position\":1,\"name\":\"Accueil\",\"item\":\"https:\/\/7culture.ci\/\"},{\"@type\":\"ListItem\",\"position\":2,\"name\":\"Fitness For Feel Well 6\u00a0: Du sport pour garder la bonne forme\"}]},{\"@type\":\"WebSite\",\"@id\":\"https:\/\/7culture.ci\/#website\",\"url\":\"https:\/\/7culture.ci\/\",\"name\":\"7culture\",\"description\":\"Tout sur l&#039;actualit\u00e9\",\"publisher\":{\"@id\":\"https:\/\/7culture.ci\/#organization\"},\"potentialAction\":[{\"@type\":\"SearchAction\",\"target\":{\"@type\":\"EntryPoint\",\"urlTemplate\":\"https:\/\/7culture.ci\/?s={search_term_string}\"},\"query-input\":\"required name=search_term_string\"}],\"inLanguage\":\"fr-FR\"},{\"@type\":\"Organization\",\"@id\":\"https:\/\/7culture.ci\/#organization\",\"name\":\"7culture\",\"url\":\"https:\/\/7culture.ci\/\",\"sameAs\":[\"https:\/\/www.facebook.com\/redchefclaude\",\"https:\/\/twitter.com\/7culturec\"],\"logo\":{\"@type\":\"ImageObject\",\"inLanguage\":\"fr-FR\",\"@id\":\"https:\/\/7culture.ci\/#\/schema\/logo\/image\/\",\"url\":\"https:\/\/7culture.ci\/wp-content\/uploads\/2021\/12\/S1a-1.png\",\"contentUrl\":\"https:\/\/7culture.ci\/wp-content\/uploads\/2021\/12\/S1a-1.png\",\"width\":588,\"height\":192,\"caption\":\"7culture\"},\"image\":{\"@id\":\"https:\/\/7culture.ci\/#\/schema\/logo\/image\/\"}},{\"@type\":\"Person\",\"@id\":\"https:\/\/7culture.ci\/#\/schema\/person\/16150d28d7ef66ba788c1f87f28c4426\",\"name\":\"7culture2020\",\"image\":{\"@type\":\"ImageObject\",\"inLanguage\":\"fr-FR\",\"@id\":\"https:\/\/7culture.ci\/#\/schema\/person\/image\/\",\"url\":\"https:\/\/secure.gravatar.com\/avatar\/9a0784f951306c37bcd065f52844ef95?s=96&d=mm&r=g\",\"contentUrl\":\"https:\/\/secure.gravatar.com\/avatar\/9a0784f951306c37bcd065f52844ef95?s=96&d=mm&r=g\",\"caption\":\"7culture2020\"},\"sameAs\":[\"http:\/\/7culture.ci\",\"Claude.kipre\"],\"url\":\"https:\/\/7culture.ci\/index.php\/author\/7culture2020\/\"}]}<\/script>\n<!-- \/ Yoast SEO plugin. -->","yoast_head_json":{"title":"Fitness For Feel Well 6\u00a0: Du sport pour garder la bonne forme - 7culture","robots":{"index":"index","follow":"follow","max-snippet":"max-snippet:-1","max-image-preview":"max-image-preview:large","max-video-preview":"max-video-preview:-1"},"canonical":"https:\/\/7culture.ci\/index.php\/2024\/12\/13\/fitness-for-feel-well-6-du-sport-pour-garder-la-bonne-forme\/","og_locale":"fr_FR","og_type":"article","og_title":"Fitness For Feel Well 6\u00a0: Du sport pour garder la bonne forme - 7culture","og_description":"La 6e \u00e9dition de \u2018\u2019Fitness For Feel Well\u2019\u2019 s&#8217;est tenue le samedi 7 d\u00e9cembre 2024 \u00e0 la Radiodiffusion T\u00e9l\u00e9vision ivoirienne (Rti). Le programme comprenait de la marche, la musculation, du stretching et du cardio-training. L\u2019\u00e9v\u00e8nement est pilot\u00e9 par Christem Organisation, association de cr\u00e9ation artistique et culturelle de promotion du d\u00e9veloppement humain et des \u0153uvres humanitaires. &hellip; Fitness For Feel Well 6\u00a0: Du sport pour garder la bonne forme Lire la suite\u00a0\u00bb","og_url":"https:\/\/7culture.ci\/index.php\/2024\/12\/13\/fitness-for-feel-well-6-du-sport-pour-garder-la-bonne-forme\/","og_site_name":"7culture","article_publisher":"https:\/\/www.facebook.com\/redchefclaude","article_published_time":"2024-12-13T10:50:47+00:00","article_modified_time":"2024-12-13T20:39:09+00:00","og_image":[{"width":1080,"height":720,"url":"http:\/\/7culture.ci\/wp-content\/uploads\/2024\/12\/2-2.jpeg","type":"image\/jpeg"}],"author":"7culture2020","twitter_card":"summary_large_image","twitter_creator":"@7culturec","twitter_site":"@7culturec","twitter_misc":{"\u00c9crit par":"7culture2020","Dur\u00e9e de lecture estim\u00e9e":"2 minutes"},"schema":{"@context":"https:\/\/schema.org","@graph":[{"@type":"Article","@id":"https:\/\/7culture.ci\/index.php\/2024\/12\/13\/fitness-for-feel-well-6-du-sport-pour-garder-la-bonne-forme\/#article","isPartOf":{"@id":"https:\/\/7culture.ci\/index.php\/2024\/12\/13\/fitness-for-feel-well-6-du-sport-pour-garder-la-bonne-forme\/"},"author":{"name":"7culture2020","@id":"https:\/\/7culture.ci\/#\/schema\/person\/16150d28d7ef66ba788c1f87f28c4426"},"headline":"Fitness For Feel Well 6\u00a0: Du sport pour garder la bonne forme","datePublished":"2024-12-13T10:50:47+00:00","dateModified":"2024-12-13T20:39:09+00:00","mainEntityOfPage":{"@id":"https:\/\/7culture.ci\/index.php\/2024\/12\/13\/fitness-for-feel-well-6-du-sport-pour-garder-la-bonne-forme\/"},"wordCount":430,"commentCount":0,"publisher":{"@id":"https:\/\/7culture.ci\/#organization"},"articleSection":["Actualit\u00e9"],"inLanguage":"fr-FR","potentialAction":[{"@type":"CommentAction","name":"Comment","target":["https:\/\/7culture.ci\/index.php\/2024\/12\/13\/fitness-for-feel-well-6-du-sport-pour-garder-la-bonne-forme\/#respond"]}]},{"@type":"WebPage","@id":"https:\/\/7culture.ci\/index.php\/2024\/12\/13\/fitness-for-feel-well-6-du-sport-pour-garder-la-bonne-forme\/","url":"https:\/\/7culture.ci\/index.php\/2024\/12\/13\/fitness-for-feel-well-6-du-sport-pour-garder-la-bonne-forme\/","name":"Fitness For Feel Well 6\u00a0: Du sport pour garder la bonne forme - 7culture","isPartOf":{"@id":"https:\/\/7culture.ci\/#website"},"datePublished":"2024-12-13T10:50:47+00:00","dateModified":"2024-12-13T20:39:09+00:00","breadcrumb":{"@id":"https:\/\/7culture.ci\/index.php\/2024\/12\/13\/fitness-for-feel-well-6-du-sport-pour-garder-la-bonne-forme\/#breadcrumb"},"inLanguage":"fr-FR","potentialAction":[{"@type":"ReadAction","target":["https:\/\/7culture.ci\/index.php\/2024\/12\/13\/fitness-for-feel-well-6-du-sport-pour-garder-la-bonne-forme\/"]}]},{"@type":"BreadcrumbList","@id":"https:\/\/7culture.ci\/index.php\/2024\/12\/13\/fitness-for-feel-well-6-du-sport-pour-garder-la-bonne-forme\/#breadcrumb","itemListElement":[{"@type":"ListItem","position":1,"name":"Accueil","item":"https:\/\/7culture.ci\/"},{"@type":"ListItem","position":2,"name":"Fitness For Feel Well 6\u00a0: Du sport pour garder la bonne forme"}]},{"@type":"WebSite","@id":"https:\/\/7culture.ci\/#website","url":"https:\/\/7culture.ci\/","name":"7culture","description":"Tout sur l&#039;actualit\u00e9","publisher":{"@id":"https:\/\/7culture.ci\/#organization"},"potentialAction":[{"@type":"SearchAction","target":{"@type":"EntryPoint","urlTemplate":"https:\/\/7culture.ci\/?s={search_term_string}"},"query-input":"required name=search_term_string"}],"inLanguage":"fr-FR"},{"@type":"Organization","@id":"https:\/\/7culture.ci\/#organization","name":"7culture","url":"https:\/\/7culture.ci\/","sameAs":["https:\/\/www.facebook.com\/redchefclaude","https:\/\/twitter.com\/7culturec"],"logo":{"@type":"ImageObject","inLanguage":"fr-FR","@id":"https:\/\/7culture.ci\/#\/schema\/logo\/image\/","url":"https:\/\/7culture.ci\/wp-content\/uploads\/2021\/12\/S1a-1.png","contentUrl":"https:\/\/7culture.ci\/wp-content\/uploads\/2021\/12\/S1a-1.png","width":588,"height":192,"caption":"7culture"},"image":{"@id":"https:\/\/7culture.ci\/#\/schema\/logo\/image\/"}},{"@type":"Person","@id":"https:\/\/7culture.ci\/#\/schema\/person\/16150d28d7ef66ba788c1f87f28c4426","name":"7culture2020","image":{"@type":"ImageObject","inLanguage":"fr-FR","@id":"https:\/\/7culture.ci\/#\/schema\/person\/image\/","url":"https:\/\/secure.gravatar.com\/avatar\/9a0784f951306c37bcd065f52844ef95?s=96&d=mm&r=g","contentUrl":"https:\/\/secure.gravatar.com\/avatar\/9a0784f951306c37bcd065f52844ef95?s=96&d=mm&r=g","caption":"7culture2020"},"sameAs":["http:\/\/7culture.ci","Claude.kipre"],"url":"https:\/\/7culture.ci\/index.php\/author\/7culture2020\/"}]}},"jetpack_featured_media_url":"https:\/\/7culture.ci\/wp-content\/uploads\/2024\/12\/2-2.jpeg","jetpack_likes_enabled":true,"jetpack_sharing_enabled":true,"_links":{"self":[{"href":"https:\/\/7culture.ci\/index.php\/wp-json\/wp\/v2\/posts\/26643"}],"collection":[{"href":"https:\/\/7culture.ci\/index.php\/wp-json\/wp\/v2\/posts"}],"about":[{"href":"https:\/\/7culture.ci\/index.php\/wp-json\/wp\/v2\/types\/post"}],"author":[{"embeddable":true,"href":"https:\/\/7culture.ci\/index.php\/wp-json\/wp\/v2\/users\/1"}],"replies":[{"embeddable":true,"href":"https:\/\/7culture.ci\/index.php\/wp-json\/wp\/v2\/comments?post=26643"}],"version-history":[{"count":1,"href":"https:\/\/7culture.ci\/index.php\/wp-json\/wp\/v2\/posts\/26643\/revisions"}],"predecessor-version":[{"id":26654,"href":"https:\/\/7culture.ci\/index.php\/wp-json\/wp\/v2\/posts\/26643\/revisions\/26654"}],"wp:featuredmedia":[{"embeddable":true,"href":"https:\/\/7culture.ci\/index.php\/wp-json\/wp\/v2\/media\/26645"}],"wp:attachment":[{"href":"https:\/\/7culture.ci\/index.php\/wp-json\/wp\/v2\/media?parent=26643"}],"wp:term":[{"taxonomy":"category","embeddable":true,"href":"https:\/\/7culture.ci\/index.php\/wp-json\/wp\/v2\/categories?post=26643"},{"taxonomy":"post_tag","embeddable":true,"href":"https:\/\/7culture.ci\/index.php\/wp-json\/wp\/v2\/tags?post=26643"}],"curies":[{"name":"wp","href":"https:\/\/api.w.org\/{rel}","templated":true}]}}