{"id":26634,"date":"2024-12-12T14:19:40","date_gmt":"2024-12-12T14:19:40","guid":{"rendered":"https:\/\/7culture.ci\/?p=26634"},"modified":"2024-12-13T10:52:22","modified_gmt":"2024-12-13T10:52:22","slug":"pour-la-renaissance-culturelle-de-lafrique-axel-illary-interpelle-la-ministre-de-la-culture","status":"publish","type":"post","link":"https:\/\/7culture.ci\/index.php\/2024\/12\/12\/pour-la-renaissance-culturelle-de-lafrique-axel-illary-interpelle-la-ministre-de-la-culture\/","title":{"rendered":"Pour la renaissance culturelle de l\u2019Afrique, Axel Illary interpelle la ministre de la Culture"},"content":{"rendered":"\n<p>Lettre ouverte \u00e0 Madame Fran\u00e7oise Remarck, ministre de la Culture et de la Francophonie de C\u00f4te d&#8217;Ivoire<\/p>\n\n\n\n<p>Madame la Ministre,<\/p>\n\n\n\n<p>Par la pr\u00e9sente lettre ouverte, je me permets de vous adresser un appel solennel en faveur de la Renaissance culturelle de l\u2019Afrique, conform\u00e9ment \u00e0 la Charte de la Renaissance culturelle, adopt\u00e9e par les chefs d\u2019\u00c9tat africains le 24 janvier 2006, \u00e0 Khartoum, au Soudan, et ratifi\u00e9e par notre pays, la C\u00f4te d\u2019Ivoire.<\/p>\n\n\n\n<p>Cette Charte ambitionne de reconnecter notre continent \u00e0 ses racines, de valoriser notre patrimoine et de permettre \u00e0 l\u2019Afrique de se relever des trag\u00e9dies qui l\u2019ont rel\u00e9gu\u00e9e aux marges de l\u2019histoire. La traite n\u00e9gri\u00e8re, l\u2019esclavage et la colonisation ont d\u00e9nigr\u00e9 la culture africaine en la pr\u00e9sentant comme barbare, alors qu\u2019elle constitue la source m\u00eame de la civilisation.<\/p>\n\n\n\n<p>Face \u00e0 ce constat, la Charte recommande, entre autres, l\u2019enseignement de l\u2019Histoire g\u00e9n\u00e9rale de l\u2019Afrique. En collaboration avec l\u2019UNESCO, l\u2019Union africaine a entrepris la r\u00e9daction de cette histoire afin de combler l\u2019ignorance persistante sur le pass\u00e9 du continent. Ce projet ambitieux, men\u00e9 sur plus de 30 ans, a mobilis\u00e9 plusieurs centaines de sp\u00e9cialistes issus de divers horizons.<\/p>\n\n\n\n<p>Cependant, malgr\u00e9 cet engagement pris au plus haut niveau, nous constatons avec regret que sa mise en \u0153uvre n&#8217;est pas effective. L\u2019Afrique, berceau incontest\u00e9 de l\u2019humanit\u00e9, a marqu\u00e9 de son empreinte les grandes civilisations antiques, notamment la civilisation gr\u00e9co-romaine, socle de la culture occidentale. Pourtant, sa contribution essentielle \u00e0 l\u2019histoire universelle reste ignor\u00e9e. Il est donc grand temps de reconna\u00eetre le r\u00f4le pionnier du continent africain dans le progr\u00e8s de l\u2019humanit\u00e9 et de mettre en lumi\u00e8re son influence d\u00e9terminante sur le d\u00e9veloppement des autres soci\u00e9t\u00e9s.<\/p>\n\n\n\n<p>Par cons\u00e9quent, les journalistes culturels africains ont une fonction cl\u00e9 \u00e0 assumer dans la r\u00e9habilitation et la valorisation de cet h\u00e9ritage. Leur t\u00e2che est de corriger les r\u00e9cits historiques biais\u00e9s en faisant ressortir la contribution primordiale de l\u2019Afrique \u00e0 l\u2019histoire de l\u2019humanit\u00e9. \u00c0 travers des articles, des reportages ou des documentaires, ils doivent rappeler que l\u2019Afrique est le berceau de l\u2019humanit\u00e9, comme le confirment les d\u00e9couvertes scientifiques et arch\u00e9ologiques, et mettre en avant son apport \u00e0 l\u2019\u00e9mergence des savoirs fondamentaux.<\/p>\n\n\n\n<p>Toutefois, pour mener \u00e0 bien cette mission, ces acteurs doivent \u00eatre mieux form\u00e9s et soutenus, car ils sont eux-m\u00eames marqu\u00e9s par l&#8217;influence coloniale. Afin de lib\u00e9rer les journalistes culturels africains des vestiges du pass\u00e9 colonial et de leur permettre d&#8217;assumer une action constructive, il est imp\u00e9ratif de renforcer leur \u00e9ducation et leur accompagnement.<\/p>\n\n\n\n<p>En tant que Ministre de la Culture, vous avez une responsabilit\u00e9 d\u00e9cisive dans l&#8217;application de la Charte de la Renaissance culturelle de l\u2019Afrique.<\/p>\n\n\n\n<p>Vous pouvez concr\u00e9tiser cet engagement en adoptant des mesures concr\u00e8tes. L\u2019une de ces mesures prioritaires est de soutenir la formation des journalistes culturels ivoiriens sur les th\u00e9matiques de la Renaissance africaine. Ces professionnels, v\u00e9ritables vecteurs d\u2019information et d\u2019\u00e9ducation, ont un impact crucial dans la sensibilisation du grand public. En leur fournissant des outils et des connaissances appropri\u00e9s, ils deviendront des ambassadeurs de cette Charte et contribueront \u00e0 sa vulgarisation aupr\u00e8s de la population.<\/p>\n\n\n\n<p>Pour la r\u00e9alisation de ce programme, votre minist\u00e8re pourrait collaborer \u00e9troitement avec le Minist\u00e8re de la Communication. Ce dernier a la capacit\u00e9 d\u2019apporter une expertise compl\u00e9mentaire et de mobiliser les plateformes m\u00e9diatiques n\u00e9cessaires. Une telle synergie sera un levier puissant pour doter les professionnels des m\u00e9dias des comp\u00e9tences indispensables \u00e0 la promotion des id\u00e9aux de la Renaissance africaine.<\/p>\n\n\n\n<p>Avec un apprentissage adapt\u00e9 et un soutien institutionnel, ces journalistes seront en mesure de raconter une histoire africaine r\u00e9habilit\u00e9e, de promouvoir une identit\u00e9 culturelle forte, de dynamiser les industries culturelles et de stimuler la coh\u00e9sion sociale. C\u2019est pourquoi leur formation doit devenir une priorit\u00e9 pour les \u00c9tats africains et les organisations internationales. En investissant dans ce domaine, l\u2019Afrique pourra non seulement r\u00e9affirmer sa place dans l\u2019histoire universelle, mais aussi construire un avenir o\u00f9 sa culture deviendra un moteur de d\u00e9veloppement, d\u2019identit\u00e9 et de rayonnement mondial.<\/p>\n\n\n\n<p>Je vous remercie pour l\u2019attention que vous porterez \u00e0 cet appel et reste \u00e0 votre disposition pour toute collaboration visant \u00e0 concr\u00e9tiser les objectifs de la Renaissance culturelle de l\u2019Afrique.<\/p>\n\n\n\n<p>Veuillez recevoir, Madame la Ministre, l\u2019expression de ma tr\u00e8s haute consid\u00e9ration.<\/p>\n\n\n\n<p>Axel Illary<\/p>\n\n\n\n<p>Journaliste, Fondateur de La D\u00e9p\u00eache d\u2019Abidjan<\/p>\n","protected":false},"excerpt":{"rendered":"<p>Lettre ouverte \u00e0 Madame Fran\u00e7oise Remarck, ministre de la Culture et de la Francophonie de C\u00f4te d&#8217;Ivoire Madame la Ministre, Par la pr\u00e9sente lettre ouverte, je me permets de vous adresser un appel solennel en faveur de la Renaissance culturelle de l\u2019Afrique, conform\u00e9ment \u00e0 la Charte de la Renaissance culturelle, adopt\u00e9e par les chefs d\u2019\u00c9tat &hellip;<\/p>\n<p class=\"read-more\"> <a class=\"\" href=\"https:\/\/7culture.ci\/index.php\/2024\/12\/12\/pour-la-renaissance-culturelle-de-lafrique-axel-illary-interpelle-la-ministre-de-la-culture\/\"> <span class=\"screen-reader-text\">Pour la renaissance culturelle de l\u2019Afrique, Axel Illary interpelle la ministre de la Culture<\/span> Lire la suite\u00a0\u00bb<\/a><\/p>\n","protected":false},"author":1,"featured_media":26642,"comment_status":"open","ping_status":"open","sticky":false,"template":"","format":"standard","meta":{"_mi_skip_tracking":false,"_monsterinsights_sitenote_active":false,"_monsterinsights_sitenote_note":"","_monsterinsights_sitenote_category":0,"site-sidebar-layout":"default","site-content-layout":"default","ast-global-header-display":"","ast-main-header-display":"","ast-hfb-above-header-display":"","ast-hfb-below-header-display":"","ast-hfb-mobile-header-display":"","site-post-title":"","ast-breadcrumbs-content":"","ast-featured-img":"","footer-sml-layout":"","theme-transparent-header-meta":"","adv-header-id-meta":"","stick-header-meta":"","header-above-stick-meta":"","header-main-stick-meta":"","header-below-stick-meta":"","footnotes":"","jetpack_publicize_message":"","jetpack_is_tweetstorm":false,"jetpack_publicize_feature_enabled":true},"categories":[22],"tags":[],"jetpack_publicize_connections":[],"acf":[],"aioseo_notices":[],"yoast_head":"<!-- This site is optimized with the Yoast SEO plugin v19.6.1 - https:\/\/yoast.com\/wordpress\/plugins\/seo\/ -->\n<title>Pour la renaissance culturelle de l\u2019Afrique, Axel Illary interpelle la ministre de la Culture - 7culture<\/title>\n<meta name=\"robots\" content=\"index, follow, max-snippet:-1, max-image-preview:large, max-video-preview:-1\" \/>\n<link rel=\"canonical\" href=\"https:\/\/7culture.ci\/index.php\/2024\/12\/12\/pour-la-renaissance-culturelle-de-lafrique-axel-illary-interpelle-la-ministre-de-la-culture\/\" \/>\n<meta property=\"og:locale\" content=\"fr_FR\" \/>\n<meta property=\"og:type\" content=\"article\" \/>\n<meta property=\"og:title\" content=\"Pour la renaissance culturelle de l\u2019Afrique, Axel Illary interpelle la ministre de la Culture - 7culture\" \/>\n<meta property=\"og:description\" content=\"Lettre ouverte \u00e0 Madame Fran\u00e7oise Remarck, ministre de la Culture et de la Francophonie de C\u00f4te d&#8217;Ivoire Madame la Ministre, Par la pr\u00e9sente lettre ouverte, je me permets de vous adresser un appel solennel en faveur de la Renaissance culturelle de l\u2019Afrique, conform\u00e9ment \u00e0 la Charte de la Renaissance culturelle, adopt\u00e9e par les chefs d\u2019\u00c9tat &hellip; Pour la renaissance culturelle de l\u2019Afrique, Axel Illary interpelle la ministre de la Culture Lire la suite\u00a0\u00bb\" \/>\n<meta property=\"og:url\" content=\"https:\/\/7culture.ci\/index.php\/2024\/12\/12\/pour-la-renaissance-culturelle-de-lafrique-axel-illary-interpelle-la-ministre-de-la-culture\/\" \/>\n<meta property=\"og:site_name\" content=\"7culture\" \/>\n<meta property=\"article:publisher\" content=\"https:\/\/www.facebook.com\/redchefclaude\" \/>\n<meta property=\"article:published_time\" content=\"2024-12-12T14:19:40+00:00\" \/>\n<meta property=\"article:modified_time\" content=\"2024-12-13T10:52:22+00:00\" \/>\n<meta property=\"og:image\" content=\"http:\/\/7culture.ci\/wp-content\/uploads\/2024\/12\/Ilary-bon.jpg\" \/>\n\t<meta property=\"og:image:width\" content=\"700\" \/>\n\t<meta property=\"og:image:height\" content=\"560\" \/>\n\t<meta property=\"og:image:type\" content=\"image\/jpeg\" \/>\n<meta name=\"author\" content=\"7culture2020\" \/>\n<meta name=\"twitter:card\" content=\"summary_large_image\" \/>\n<meta name=\"twitter:creator\" content=\"@7culturec\" \/>\n<meta name=\"twitter:site\" content=\"@7culturec\" \/>\n<meta name=\"twitter:label1\" content=\"\u00c9crit par\" \/>\n\t<meta name=\"twitter:data1\" content=\"7culture2020\" \/>\n\t<meta name=\"twitter:label2\" content=\"Dur\u00e9e de lecture estim\u00e9e\" \/>\n\t<meta name=\"twitter:data2\" content=\"4 minutes\" \/>\n<script type=\"application\/ld+json\" class=\"yoast-schema-graph\">{\"@context\":\"https:\/\/schema.org\",\"@graph\":[{\"@type\":\"Article\",\"@id\":\"https:\/\/7culture.ci\/index.php\/2024\/12\/12\/pour-la-renaissance-culturelle-de-lafrique-axel-illary-interpelle-la-ministre-de-la-culture\/#article\",\"isPartOf\":{\"@id\":\"https:\/\/7culture.ci\/index.php\/2024\/12\/12\/pour-la-renaissance-culturelle-de-lafrique-axel-illary-interpelle-la-ministre-de-la-culture\/\"},\"author\":{\"name\":\"7culture2020\",\"@id\":\"https:\/\/7culture.ci\/#\/schema\/person\/16150d28d7ef66ba788c1f87f28c4426\"},\"headline\":\"Pour la renaissance culturelle de l\u2019Afrique, Axel Illary interpelle la ministre de la Culture\",\"datePublished\":\"2024-12-12T14:19:40+00:00\",\"dateModified\":\"2024-12-13T10:52:22+00:00\",\"mainEntityOfPage\":{\"@id\":\"https:\/\/7culture.ci\/index.php\/2024\/12\/12\/pour-la-renaissance-culturelle-de-lafrique-axel-illary-interpelle-la-ministre-de-la-culture\/\"},\"wordCount\":792,\"commentCount\":0,\"publisher\":{\"@id\":\"https:\/\/7culture.ci\/#organization\"},\"articleSection\":[\"Actualit\u00e9\"],\"inLanguage\":\"fr-FR\",\"potentialAction\":[{\"@type\":\"CommentAction\",\"name\":\"Comment\",\"target\":[\"https:\/\/7culture.ci\/index.php\/2024\/12\/12\/pour-la-renaissance-culturelle-de-lafrique-axel-illary-interpelle-la-ministre-de-la-culture\/#respond\"]}]},{\"@type\":\"WebPage\",\"@id\":\"https:\/\/7culture.ci\/index.php\/2024\/12\/12\/pour-la-renaissance-culturelle-de-lafrique-axel-illary-interpelle-la-ministre-de-la-culture\/\",\"url\":\"https:\/\/7culture.ci\/index.php\/2024\/12\/12\/pour-la-renaissance-culturelle-de-lafrique-axel-illary-interpelle-la-ministre-de-la-culture\/\",\"name\":\"Pour la renaissance culturelle de l\u2019Afrique, Axel Illary interpelle la ministre de la Culture - 7culture\",\"isPartOf\":{\"@id\":\"https:\/\/7culture.ci\/#website\"},\"datePublished\":\"2024-12-12T14:19:40+00:00\",\"dateModified\":\"2024-12-13T10:52:22+00:00\",\"breadcrumb\":{\"@id\":\"https:\/\/7culture.ci\/index.php\/2024\/12\/12\/pour-la-renaissance-culturelle-de-lafrique-axel-illary-interpelle-la-ministre-de-la-culture\/#breadcrumb\"},\"inLanguage\":\"fr-FR\",\"potentialAction\":[{\"@type\":\"ReadAction\",\"target\":[\"https:\/\/7culture.ci\/index.php\/2024\/12\/12\/pour-la-renaissance-culturelle-de-lafrique-axel-illary-interpelle-la-ministre-de-la-culture\/\"]}]},{\"@type\":\"BreadcrumbList\",\"@id\":\"https:\/\/7culture.ci\/index.php\/2024\/12\/12\/pour-la-renaissance-culturelle-de-lafrique-axel-illary-interpelle-la-ministre-de-la-culture\/#breadcrumb\",\"itemListElement\":[{\"@type\":\"ListItem\",\"position\":1,\"name\":\"Accueil\",\"item\":\"https:\/\/7culture.ci\/\"},{\"@type\":\"ListItem\",\"position\":2,\"name\":\"Pour la renaissance culturelle de l\u2019Afrique, Axel Illary interpelle la ministre de la Culture\"}]},{\"@type\":\"WebSite\",\"@id\":\"https:\/\/7culture.ci\/#website\",\"url\":\"https:\/\/7culture.ci\/\",\"name\":\"7culture\",\"description\":\"Tout sur l&#039;actualit\u00e9\",\"publisher\":{\"@id\":\"https:\/\/7culture.ci\/#organization\"},\"potentialAction\":[{\"@type\":\"SearchAction\",\"target\":{\"@type\":\"EntryPoint\",\"urlTemplate\":\"https:\/\/7culture.ci\/?s={search_term_string}\"},\"query-input\":\"required name=search_term_string\"}],\"inLanguage\":\"fr-FR\"},{\"@type\":\"Organization\",\"@id\":\"https:\/\/7culture.ci\/#organization\",\"name\":\"7culture\",\"url\":\"https:\/\/7culture.ci\/\",\"sameAs\":[\"https:\/\/www.facebook.com\/redchefclaude\",\"https:\/\/twitter.com\/7culturec\"],\"logo\":{\"@type\":\"ImageObject\",\"inLanguage\":\"fr-FR\",\"@id\":\"https:\/\/7culture.ci\/#\/schema\/logo\/image\/\",\"url\":\"https:\/\/7culture.ci\/wp-content\/uploads\/2021\/12\/S1a-1.png\",\"contentUrl\":\"https:\/\/7culture.ci\/wp-content\/uploads\/2021\/12\/S1a-1.png\",\"width\":588,\"height\":192,\"caption\":\"7culture\"},\"image\":{\"@id\":\"https:\/\/7culture.ci\/#\/schema\/logo\/image\/\"}},{\"@type\":\"Person\",\"@id\":\"https:\/\/7culture.ci\/#\/schema\/person\/16150d28d7ef66ba788c1f87f28c4426\",\"name\":\"7culture2020\",\"image\":{\"@type\":\"ImageObject\",\"inLanguage\":\"fr-FR\",\"@id\":\"https:\/\/7culture.ci\/#\/schema\/person\/image\/\",\"url\":\"https:\/\/secure.gravatar.com\/avatar\/9a0784f951306c37bcd065f52844ef95?s=96&d=mm&r=g\",\"contentUrl\":\"https:\/\/secure.gravatar.com\/avatar\/9a0784f951306c37bcd065f52844ef95?s=96&d=mm&r=g\",\"caption\":\"7culture2020\"},\"sameAs\":[\"http:\/\/7culture.ci\",\"Claude.kipre\"],\"url\":\"https:\/\/7culture.ci\/index.php\/author\/7culture2020\/\"}]}<\/script>\n<!-- \/ Yoast SEO plugin. -->","yoast_head_json":{"title":"Pour la renaissance culturelle de l\u2019Afrique, Axel Illary interpelle la ministre de la Culture - 7culture","robots":{"index":"index","follow":"follow","max-snippet":"max-snippet:-1","max-image-preview":"max-image-preview:large","max-video-preview":"max-video-preview:-1"},"canonical":"https:\/\/7culture.ci\/index.php\/2024\/12\/12\/pour-la-renaissance-culturelle-de-lafrique-axel-illary-interpelle-la-ministre-de-la-culture\/","og_locale":"fr_FR","og_type":"article","og_title":"Pour la renaissance culturelle de l\u2019Afrique, Axel Illary interpelle la ministre de la Culture - 7culture","og_description":"Lettre ouverte \u00e0 Madame Fran\u00e7oise Remarck, ministre de la Culture et de la Francophonie de C\u00f4te d&#8217;Ivoire Madame la Ministre, Par la pr\u00e9sente lettre ouverte, je me permets de vous adresser un appel solennel en faveur de la Renaissance culturelle de l\u2019Afrique, conform\u00e9ment \u00e0 la Charte de la Renaissance culturelle, adopt\u00e9e par les chefs d\u2019\u00c9tat &hellip; Pour la renaissance culturelle de l\u2019Afrique, Axel Illary interpelle la ministre de la Culture Lire la suite\u00a0\u00bb","og_url":"https:\/\/7culture.ci\/index.php\/2024\/12\/12\/pour-la-renaissance-culturelle-de-lafrique-axel-illary-interpelle-la-ministre-de-la-culture\/","og_site_name":"7culture","article_publisher":"https:\/\/www.facebook.com\/redchefclaude","article_published_time":"2024-12-12T14:19:40+00:00","article_modified_time":"2024-12-13T10:52:22+00:00","og_image":[{"width":700,"height":560,"url":"http:\/\/7culture.ci\/wp-content\/uploads\/2024\/12\/Ilary-bon.jpg","type":"image\/jpeg"}],"author":"7culture2020","twitter_card":"summary_large_image","twitter_creator":"@7culturec","twitter_site":"@7culturec","twitter_misc":{"\u00c9crit par":"7culture2020","Dur\u00e9e de lecture estim\u00e9e":"4 minutes"},"schema":{"@context":"https:\/\/schema.org","@graph":[{"@type":"Article","@id":"https:\/\/7culture.ci\/index.php\/2024\/12\/12\/pour-la-renaissance-culturelle-de-lafrique-axel-illary-interpelle-la-ministre-de-la-culture\/#article","isPartOf":{"@id":"https:\/\/7culture.ci\/index.php\/2024\/12\/12\/pour-la-renaissance-culturelle-de-lafrique-axel-illary-interpelle-la-ministre-de-la-culture\/"},"author":{"name":"7culture2020","@id":"https:\/\/7culture.ci\/#\/schema\/person\/16150d28d7ef66ba788c1f87f28c4426"},"headline":"Pour la renaissance culturelle de l\u2019Afrique, Axel Illary interpelle la ministre de la Culture","datePublished":"2024-12-12T14:19:40+00:00","dateModified":"2024-12-13T10:52:22+00:00","mainEntityOfPage":{"@id":"https:\/\/7culture.ci\/index.php\/2024\/12\/12\/pour-la-renaissance-culturelle-de-lafrique-axel-illary-interpelle-la-ministre-de-la-culture\/"},"wordCount":792,"commentCount":0,"publisher":{"@id":"https:\/\/7culture.ci\/#organization"},"articleSection":["Actualit\u00e9"],"inLanguage":"fr-FR","potentialAction":[{"@type":"CommentAction","name":"Comment","target":["https:\/\/7culture.ci\/index.php\/2024\/12\/12\/pour-la-renaissance-culturelle-de-lafrique-axel-illary-interpelle-la-ministre-de-la-culture\/#respond"]}]},{"@type":"WebPage","@id":"https:\/\/7culture.ci\/index.php\/2024\/12\/12\/pour-la-renaissance-culturelle-de-lafrique-axel-illary-interpelle-la-ministre-de-la-culture\/","url":"https:\/\/7culture.ci\/index.php\/2024\/12\/12\/pour-la-renaissance-culturelle-de-lafrique-axel-illary-interpelle-la-ministre-de-la-culture\/","name":"Pour la renaissance culturelle de l\u2019Afrique, Axel Illary interpelle la ministre de la Culture - 7culture","isPartOf":{"@id":"https:\/\/7culture.ci\/#website"},"datePublished":"2024-12-12T14:19:40+00:00","dateModified":"2024-12-13T10:52:22+00:00","breadcrumb":{"@id":"https:\/\/7culture.ci\/index.php\/2024\/12\/12\/pour-la-renaissance-culturelle-de-lafrique-axel-illary-interpelle-la-ministre-de-la-culture\/#breadcrumb"},"inLanguage":"fr-FR","potentialAction":[{"@type":"ReadAction","target":["https:\/\/7culture.ci\/index.php\/2024\/12\/12\/pour-la-renaissance-culturelle-de-lafrique-axel-illary-interpelle-la-ministre-de-la-culture\/"]}]},{"@type":"BreadcrumbList","@id":"https:\/\/7culture.ci\/index.php\/2024\/12\/12\/pour-la-renaissance-culturelle-de-lafrique-axel-illary-interpelle-la-ministre-de-la-culture\/#breadcrumb","itemListElement":[{"@type":"ListItem","position":1,"name":"Accueil","item":"https:\/\/7culture.ci\/"},{"@type":"ListItem","position":2,"name":"Pour la renaissance culturelle de l\u2019Afrique, Axel Illary interpelle la ministre de la Culture"}]},{"@type":"WebSite","@id":"https:\/\/7culture.ci\/#website","url":"https:\/\/7culture.ci\/","name":"7culture","description":"Tout sur l&#039;actualit\u00e9","publisher":{"@id":"https:\/\/7culture.ci\/#organization"},"potentialAction":[{"@type":"SearchAction","target":{"@type":"EntryPoint","urlTemplate":"https:\/\/7culture.ci\/?s={search_term_string}"},"query-input":"required name=search_term_string"}],"inLanguage":"fr-FR"},{"@type":"Organization","@id":"https:\/\/7culture.ci\/#organization","name":"7culture","url":"https:\/\/7culture.ci\/","sameAs":["https:\/\/www.facebook.com\/redchefclaude","https:\/\/twitter.com\/7culturec"],"logo":{"@type":"ImageObject","inLanguage":"fr-FR","@id":"https:\/\/7culture.ci\/#\/schema\/logo\/image\/","url":"https:\/\/7culture.ci\/wp-content\/uploads\/2021\/12\/S1a-1.png","contentUrl":"https:\/\/7culture.ci\/wp-content\/uploads\/2021\/12\/S1a-1.png","width":588,"height":192,"caption":"7culture"},"image":{"@id":"https:\/\/7culture.ci\/#\/schema\/logo\/image\/"}},{"@type":"Person","@id":"https:\/\/7culture.ci\/#\/schema\/person\/16150d28d7ef66ba788c1f87f28c4426","name":"7culture2020","image":{"@type":"ImageObject","inLanguage":"fr-FR","@id":"https:\/\/7culture.ci\/#\/schema\/person\/image\/","url":"https:\/\/secure.gravatar.com\/avatar\/9a0784f951306c37bcd065f52844ef95?s=96&d=mm&r=g","contentUrl":"https:\/\/secure.gravatar.com\/avatar\/9a0784f951306c37bcd065f52844ef95?s=96&d=mm&r=g","caption":"7culture2020"},"sameAs":["http:\/\/7culture.ci","Claude.kipre"],"url":"https:\/\/7culture.ci\/index.php\/author\/7culture2020\/"}]}},"jetpack_featured_media_url":"https:\/\/7culture.ci\/wp-content\/uploads\/2024\/12\/Ilary-bon.jpg","jetpack_likes_enabled":true,"jetpack_sharing_enabled":true,"_links":{"self":[{"href":"https:\/\/7culture.ci\/index.php\/wp-json\/wp\/v2\/posts\/26634"}],"collection":[{"href":"https:\/\/7culture.ci\/index.php\/wp-json\/wp\/v2\/posts"}],"about":[{"href":"https:\/\/7culture.ci\/index.php\/wp-json\/wp\/v2\/types\/post"}],"author":[{"embeddable":true,"href":"https:\/\/7culture.ci\/index.php\/wp-json\/wp\/v2\/users\/1"}],"replies":[{"embeddable":true,"href":"https:\/\/7culture.ci\/index.php\/wp-json\/wp\/v2\/comments?post=26634"}],"version-history":[{"count":1,"href":"https:\/\/7culture.ci\/index.php\/wp-json\/wp\/v2\/posts\/26634\/revisions"}],"predecessor-version":[{"id":26638,"href":"https:\/\/7culture.ci\/index.php\/wp-json\/wp\/v2\/posts\/26634\/revisions\/26638"}],"wp:featuredmedia":[{"embeddable":true,"href":"https:\/\/7culture.ci\/index.php\/wp-json\/wp\/v2\/media\/26642"}],"wp:attachment":[{"href":"https:\/\/7culture.ci\/index.php\/wp-json\/wp\/v2\/media?parent=26634"}],"wp:term":[{"taxonomy":"category","embeddable":true,"href":"https:\/\/7culture.ci\/index.php\/wp-json\/wp\/v2\/categories?post=26634"},{"taxonomy":"post_tag","embeddable":true,"href":"https:\/\/7culture.ci\/index.php\/wp-json\/wp\/v2\/tags?post=26634"}],"curies":[{"name":"wp","href":"https:\/\/api.w.org\/{rel}","templated":true}]}}