{"id":26609,"date":"2024-12-05T08:36:06","date_gmt":"2024-12-05T08:36:06","guid":{"rendered":"https:\/\/7culture.ci\/?p=26609"},"modified":"2024-12-07T18:15:25","modified_gmt":"2024-12-07T18:15:25","slug":"festival-reve-entre-detente-sensibilisation-et-decouverte","status":"publish","type":"post","link":"https:\/\/7culture.ci\/index.php\/2024\/12\/05\/festival-reve-entre-detente-sensibilisation-et-decouverte\/","title":{"rendered":"Festival Reve\u00a0: Entre d\u00e9tente, sensibilisation et d\u00e9couverte"},"content":{"rendered":"\n<p>Du 6 au 8 d\u00e9cembre, le premier festival international \u2018\u2019Rire Ensemble, Vivre Ensemble\u2019\u2019 (Reve) se tiendra \u00e0 Grand-Bassam \u00e0 l\u2019espace Lagune Live. Pour le bon d\u00e9roulement de l\u2019\u00e9v\u00e8nement in\u00e9dit, l\u2019organisation port\u00e9e par l\u2019humoriste reconnu Mareshal Zongo a sign\u00e9 un partenariat de convention avec la mairie de la ville historique le lundi 2 d\u00e9cembre 2024 \u00e0 l\u2019institution municipale. Pendant quatre ann\u00e9es, la commune insulaire sera le partenaire privil\u00e9gi\u00e9 de cette manifestation d\u2019humour. \u00ab&nbsp;<em>Notre vision est de faire de Grand-Bassam, la capitale des arts et de la culture. C\u2019est la raison pour laquelle nous avons initi\u00e9 et planifi\u00e9 certaines activit\u00e9s culturelles tout au long de l\u2019ann\u00e9e. L\u2019humour d\u00e9dramatise certaines situations sociales et renforce le vivre ensemble. C\u2019est ce qui fait que nous avons accord\u00e9 une place de choix dans les activit\u00e9s d\u2019animation culturelle de la ville de Grand-Bassam <\/em>\u00bb, a dit d\u2019entr\u00e9e Jean-Louis Moulot, maire de Grand-Bassam, avant de poursuivre&nbsp;: \u00ab&nbsp;<em>Le festival Reve a donc toute sa place et c\u2019est pour cela qu\u2019il a retenu notre attention. Nous sommes retrouv\u00e9s pour formaliser notre partenariat et jeter les bases d\u2019une collaboration longue dans la dur\u00e9e<\/em>&nbsp;\u00bb. Pour le premier magistrat de la cit\u00e9-h\u00f4te de Reve, la convention sign\u00e9e est la pierre angulaire sur laquelle reposera cette aventure que les deux parties souhaitent belle et fructueuse. De son c\u00f4t\u00e9, Mareshal Zongo, Commissaire g\u00e9n\u00e9ral du festival Reve, a traduit toute sa gratitude aux autorit\u00e9s municipales et a indiqu\u00e9 son r\u00f4le&nbsp;: \u00ab&nbsp;<em>En tant qu\u2019artiste, nous devons nous transformer en aiguille pour coudre le tissu social. L\u2019aiguille n\u2019a pas d\u2019habit mais elle habille tout le monde. Nous voulons \u00eatre une aiguille sociale<\/em>&nbsp;\u00bb.<\/p>\n\n\n\n<figure class=\"wp-block-image aligncenter size-large is-resized\"><img loading=\"lazy\" decoding=\"async\" width=\"1024\" height=\"683\" src=\"https:\/\/7culture.ci\/wp-content\/uploads\/2024\/12\/WhatsApp-Image-2024-12-03-at-03.38.11-1024x683.jpeg\" alt=\"\" class=\"wp-image-26612\" style=\"width:631px;height:auto\" srcset=\"https:\/\/7culture.ci\/wp-content\/uploads\/2024\/12\/WhatsApp-Image-2024-12-03-at-03.38.11-1024x683.jpeg 1024w, https:\/\/7culture.ci\/wp-content\/uploads\/2024\/12\/WhatsApp-Image-2024-12-03-at-03.38.11-300x200.jpeg 300w, https:\/\/7culture.ci\/wp-content\/uploads\/2024\/12\/WhatsApp-Image-2024-12-03-at-03.38.11-768x512.jpeg 768w, https:\/\/7culture.ci\/wp-content\/uploads\/2024\/12\/WhatsApp-Image-2024-12-03-at-03.38.11.jpeg 1080w\" sizes=\"(max-width: 1024px) 100vw, 1024px\" \/><\/figure>\n\n\n\n<p>&nbsp;\u2018\u2019Quelle contribution de l\u2019humour pour une coh\u00e9sion sociale, une paix durable et un d\u00e9veloppement \u00e9conomique ?\u2019\u2019 est le th\u00e8me g\u00e9n\u00e9ral de cette \u00e9dition. \u2018\u2019Rire Ensemble, Vivre Ensemble\u2019\u2019 s&#8217;engage donc \u00e0 r\u00e9pondre \u00e0 cette th\u00e9matique par des spectacles de sensibilisation. Ce sera un rendez-vous culturel atypique pour encourager les interactions sociales et contribuer \u00e0 renforcer la coh\u00e9sion et la solidarit\u00e9 qui conduisent \u00e0 la paix et au d\u00e9veloppement. La premi\u00e8re \u00e9dition rassemblera plusieurs humoristes et professionnel du secteur. \u00ab&nbsp;<em>Reve est un ambitieux projet culturel et humoristique port\u00e9 par un grand artiste Mareshal Zongo. Son av\u00e8nement apportera une note particuli\u00e8re aux activit\u00e9s de promotion de notre ville<\/em>&nbsp;\u00bb, a reconnu Agn\u00e8s Soma, vice-pr\u00e9sidente de la commission des affaires sociales et culturelles de la mairie de Grand-Bassam. Elle ajoutera que le festival s\u2019inscrit dans la dynamique des \u00e9v\u00e8nements que soutient le maire Jean Louis Moulot. Qui mesure \u00e0 sa juste valeur, la place de l\u2019humour dans la coh\u00e9sion sociale, une Paix durable et un d\u00e9veloppement \u00e9conomique. Le programme comprend des prestations d\u2019humoristes et de la formation.<\/p>\n\n\n\n<figure class=\"wp-block-gallery has-nested-images columns-default is-cropped wp-block-gallery-1 is-layout-flex wp-block-gallery-is-layout-flex\">\n<figure class=\"wp-block-image size-large\"><img loading=\"lazy\" decoding=\"async\" width=\"1024\" height=\"683\" data-id=\"26613\" src=\"https:\/\/7culture.ci\/wp-content\/uploads\/2024\/12\/WhatsApp-Image-2024-12-03-at-03.38.10-1024x683.jpeg\" alt=\"\" class=\"wp-image-26613\" srcset=\"https:\/\/7culture.ci\/wp-content\/uploads\/2024\/12\/WhatsApp-Image-2024-12-03-at-03.38.10-1024x683.jpeg 1024w, https:\/\/7culture.ci\/wp-content\/uploads\/2024\/12\/WhatsApp-Image-2024-12-03-at-03.38.10-300x200.jpeg 300w, https:\/\/7culture.ci\/wp-content\/uploads\/2024\/12\/WhatsApp-Image-2024-12-03-at-03.38.10-768x512.jpeg 768w, https:\/\/7culture.ci\/wp-content\/uploads\/2024\/12\/WhatsApp-Image-2024-12-03-at-03.38.10.jpeg 1080w\" sizes=\"(max-width: 1024px) 100vw, 1024px\" \/><\/figure>\n\n\n\n<figure class=\"wp-block-image size-large\"><img loading=\"lazy\" decoding=\"async\" width=\"1024\" height=\"683\" data-id=\"26614\" src=\"https:\/\/7culture.ci\/wp-content\/uploads\/2024\/12\/WhatsApp-Image-2024-12-03-at-03.38.13-1024x683.jpeg\" alt=\"\" class=\"wp-image-26614\" srcset=\"https:\/\/7culture.ci\/wp-content\/uploads\/2024\/12\/WhatsApp-Image-2024-12-03-at-03.38.13-1024x683.jpeg 1024w, https:\/\/7culture.ci\/wp-content\/uploads\/2024\/12\/WhatsApp-Image-2024-12-03-at-03.38.13-300x200.jpeg 300w, https:\/\/7culture.ci\/wp-content\/uploads\/2024\/12\/WhatsApp-Image-2024-12-03-at-03.38.13-768x512.jpeg 768w, https:\/\/7culture.ci\/wp-content\/uploads\/2024\/12\/WhatsApp-Image-2024-12-03-at-03.38.13.jpeg 1080w\" sizes=\"(max-width: 1024px) 100vw, 1024px\" \/><\/figure>\n<\/figure>\n\n\n\n<p>Le festival international du rire version Mareshal Zongo veut promouvoir et valoriser l\u2019humour et la com\u00e9die africaine dans toute sa diversit\u00e9 \u00e0 travers des spectacles, des rencontres professionnelles, des formations et des distinctions pour les jeunes talents. Il s\u2019annonce comme un \u00e9v\u00e9nement majeur qui allie humour, culture, coh\u00e9sion sociale, \u00e9conomie, tourisme\u2026 Il offrira une exp\u00e9rience in\u00e9dite et enrichissante \u00e0 tous les participants et contribuera au rayonnement de la ville historique de Grand-Bassam et de la r\u00e9gion du Sud- Como\u00e9 en particulier et de la C\u00f4te d&#8217;Ivoire, en g\u00e9n\u00e9ral.<\/p>\n\n\n\n<p>Par DT<\/p>\n","protected":false},"excerpt":{"rendered":"<p>Du 6 au 8 d\u00e9cembre, le premier festival international \u2018\u2019Rire Ensemble, Vivre Ensemble\u2019\u2019 (Reve) se tiendra \u00e0 Grand-Bassam \u00e0 l\u2019espace Lagune Live. Pour le bon d\u00e9roulement de l\u2019\u00e9v\u00e8nement in\u00e9dit, l\u2019organisation port\u00e9e par l\u2019humoriste reconnu Mareshal Zongo a sign\u00e9 un partenariat de convention avec la mairie de la ville historique le lundi 2 d\u00e9cembre 2024 \u00e0 &hellip;<\/p>\n<p class=\"read-more\"> <a class=\"\" href=\"https:\/\/7culture.ci\/index.php\/2024\/12\/05\/festival-reve-entre-detente-sensibilisation-et-decouverte\/\"> <span class=\"screen-reader-text\">Festival Reve\u00a0: Entre d\u00e9tente, sensibilisation et d\u00e9couverte<\/span> Lire la suite\u00a0\u00bb<\/a><\/p>\n","protected":false},"author":1,"featured_media":26611,"comment_status":"open","ping_status":"open","sticky":false,"template":"","format":"standard","meta":{"_mi_skip_tracking":false,"_monsterinsights_sitenote_active":false,"_monsterinsights_sitenote_note":"","_monsterinsights_sitenote_category":0,"site-sidebar-layout":"default","site-content-layout":"default","ast-global-header-display":"","ast-main-header-display":"","ast-hfb-above-header-display":"","ast-hfb-below-header-display":"","ast-hfb-mobile-header-display":"","site-post-title":"","ast-breadcrumbs-content":"","ast-featured-img":"","footer-sml-layout":"","theme-transparent-header-meta":"","adv-header-id-meta":"","stick-header-meta":"","header-above-stick-meta":"","header-main-stick-meta":"","header-below-stick-meta":"","footnotes":"","jetpack_publicize_message":"","jetpack_is_tweetstorm":false,"jetpack_publicize_feature_enabled":true},"categories":[22],"tags":[],"jetpack_publicize_connections":[],"acf":[],"aioseo_notices":[],"yoast_head":"<!-- This site is optimized with the Yoast SEO plugin v19.6.1 - https:\/\/yoast.com\/wordpress\/plugins\/seo\/ -->\n<title>Festival Reve\u00a0: Entre d\u00e9tente, sensibilisation et d\u00e9couverte - 7culture<\/title>\n<meta name=\"robots\" content=\"index, follow, max-snippet:-1, max-image-preview:large, max-video-preview:-1\" \/>\n<link rel=\"canonical\" href=\"https:\/\/7culture.ci\/index.php\/2024\/12\/05\/festival-reve-entre-detente-sensibilisation-et-decouverte\/\" \/>\n<meta property=\"og:locale\" content=\"fr_FR\" \/>\n<meta property=\"og:type\" content=\"article\" \/>\n<meta property=\"og:title\" content=\"Festival Reve\u00a0: Entre d\u00e9tente, sensibilisation et d\u00e9couverte - 7culture\" \/>\n<meta property=\"og:description\" content=\"Du 6 au 8 d\u00e9cembre, le premier festival international \u2018\u2019Rire Ensemble, Vivre Ensemble\u2019\u2019 (Reve) se tiendra \u00e0 Grand-Bassam \u00e0 l\u2019espace Lagune Live. Pour le bon d\u00e9roulement de l\u2019\u00e9v\u00e8nement in\u00e9dit, l\u2019organisation port\u00e9e par l\u2019humoriste reconnu Mareshal Zongo a sign\u00e9 un partenariat de convention avec la mairie de la ville historique le lundi 2 d\u00e9cembre 2024 \u00e0 &hellip; Festival Reve\u00a0: Entre d\u00e9tente, sensibilisation et d\u00e9couverte Lire la suite\u00a0\u00bb\" \/>\n<meta property=\"og:url\" content=\"https:\/\/7culture.ci\/index.php\/2024\/12\/05\/festival-reve-entre-detente-sensibilisation-et-decouverte\/\" \/>\n<meta property=\"og:site_name\" content=\"7culture\" \/>\n<meta property=\"article:publisher\" content=\"https:\/\/www.facebook.com\/redchefclaude\" \/>\n<meta property=\"article:published_time\" content=\"2024-12-05T08:36:06+00:00\" \/>\n<meta property=\"article:modified_time\" content=\"2024-12-07T18:15:25+00:00\" \/>\n<meta property=\"og:image\" content=\"http:\/\/7culture.ci\/wp-content\/uploads\/2024\/12\/WhatsApp-Image-2024-12-03-at-03.39.27.jpeg\" \/>\n\t<meta property=\"og:image:width\" content=\"1080\" \/>\n\t<meta property=\"og:image:height\" content=\"1077\" \/>\n\t<meta property=\"og:image:type\" content=\"image\/jpeg\" \/>\n<meta name=\"author\" content=\"7culture2020\" \/>\n<meta name=\"twitter:card\" content=\"summary_large_image\" \/>\n<meta name=\"twitter:creator\" content=\"@7culturec\" \/>\n<meta name=\"twitter:site\" content=\"@7culturec\" \/>\n<meta name=\"twitter:label1\" content=\"\u00c9crit par\" \/>\n\t<meta name=\"twitter:data1\" content=\"7culture2020\" \/>\n\t<meta name=\"twitter:label2\" content=\"Dur\u00e9e de lecture estim\u00e9e\" \/>\n\t<meta name=\"twitter:data2\" content=\"3 minutes\" \/>\n<script type=\"application\/ld+json\" class=\"yoast-schema-graph\">{\"@context\":\"https:\/\/schema.org\",\"@graph\":[{\"@type\":\"Article\",\"@id\":\"https:\/\/7culture.ci\/index.php\/2024\/12\/05\/festival-reve-entre-detente-sensibilisation-et-decouverte\/#article\",\"isPartOf\":{\"@id\":\"https:\/\/7culture.ci\/index.php\/2024\/12\/05\/festival-reve-entre-detente-sensibilisation-et-decouverte\/\"},\"author\":{\"name\":\"7culture2020\",\"@id\":\"https:\/\/7culture.ci\/#\/schema\/person\/16150d28d7ef66ba788c1f87f28c4426\"},\"headline\":\"Festival Reve\u00a0: Entre d\u00e9tente, sensibilisation et d\u00e9couverte\",\"datePublished\":\"2024-12-05T08:36:06+00:00\",\"dateModified\":\"2024-12-07T18:15:25+00:00\",\"mainEntityOfPage\":{\"@id\":\"https:\/\/7culture.ci\/index.php\/2024\/12\/05\/festival-reve-entre-detente-sensibilisation-et-decouverte\/\"},\"wordCount\":604,\"commentCount\":0,\"publisher\":{\"@id\":\"https:\/\/7culture.ci\/#organization\"},\"articleSection\":[\"Actualit\u00e9\"],\"inLanguage\":\"fr-FR\",\"potentialAction\":[{\"@type\":\"CommentAction\",\"name\":\"Comment\",\"target\":[\"https:\/\/7culture.ci\/index.php\/2024\/12\/05\/festival-reve-entre-detente-sensibilisation-et-decouverte\/#respond\"]}]},{\"@type\":\"WebPage\",\"@id\":\"https:\/\/7culture.ci\/index.php\/2024\/12\/05\/festival-reve-entre-detente-sensibilisation-et-decouverte\/\",\"url\":\"https:\/\/7culture.ci\/index.php\/2024\/12\/05\/festival-reve-entre-detente-sensibilisation-et-decouverte\/\",\"name\":\"Festival Reve\u00a0: Entre d\u00e9tente, sensibilisation et d\u00e9couverte - 7culture\",\"isPartOf\":{\"@id\":\"https:\/\/7culture.ci\/#website\"},\"datePublished\":\"2024-12-05T08:36:06+00:00\",\"dateModified\":\"2024-12-07T18:15:25+00:00\",\"breadcrumb\":{\"@id\":\"https:\/\/7culture.ci\/index.php\/2024\/12\/05\/festival-reve-entre-detente-sensibilisation-et-decouverte\/#breadcrumb\"},\"inLanguage\":\"fr-FR\",\"potentialAction\":[{\"@type\":\"ReadAction\",\"target\":[\"https:\/\/7culture.ci\/index.php\/2024\/12\/05\/festival-reve-entre-detente-sensibilisation-et-decouverte\/\"]}]},{\"@type\":\"BreadcrumbList\",\"@id\":\"https:\/\/7culture.ci\/index.php\/2024\/12\/05\/festival-reve-entre-detente-sensibilisation-et-decouverte\/#breadcrumb\",\"itemListElement\":[{\"@type\":\"ListItem\",\"position\":1,\"name\":\"Accueil\",\"item\":\"https:\/\/7culture.ci\/\"},{\"@type\":\"ListItem\",\"position\":2,\"name\":\"Festival Reve\u00a0: Entre d\u00e9tente, sensibilisation et d\u00e9couverte\"}]},{\"@type\":\"WebSite\",\"@id\":\"https:\/\/7culture.ci\/#website\",\"url\":\"https:\/\/7culture.ci\/\",\"name\":\"7culture\",\"description\":\"Tout sur l&#039;actualit\u00e9\",\"publisher\":{\"@id\":\"https:\/\/7culture.ci\/#organization\"},\"potentialAction\":[{\"@type\":\"SearchAction\",\"target\":{\"@type\":\"EntryPoint\",\"urlTemplate\":\"https:\/\/7culture.ci\/?s={search_term_string}\"},\"query-input\":\"required name=search_term_string\"}],\"inLanguage\":\"fr-FR\"},{\"@type\":\"Organization\",\"@id\":\"https:\/\/7culture.ci\/#organization\",\"name\":\"7culture\",\"url\":\"https:\/\/7culture.ci\/\",\"sameAs\":[\"https:\/\/www.facebook.com\/redchefclaude\",\"https:\/\/twitter.com\/7culturec\"],\"logo\":{\"@type\":\"ImageObject\",\"inLanguage\":\"fr-FR\",\"@id\":\"https:\/\/7culture.ci\/#\/schema\/logo\/image\/\",\"url\":\"https:\/\/7culture.ci\/wp-content\/uploads\/2021\/12\/S1a-1.png\",\"contentUrl\":\"https:\/\/7culture.ci\/wp-content\/uploads\/2021\/12\/S1a-1.png\",\"width\":588,\"height\":192,\"caption\":\"7culture\"},\"image\":{\"@id\":\"https:\/\/7culture.ci\/#\/schema\/logo\/image\/\"}},{\"@type\":\"Person\",\"@id\":\"https:\/\/7culture.ci\/#\/schema\/person\/16150d28d7ef66ba788c1f87f28c4426\",\"name\":\"7culture2020\",\"image\":{\"@type\":\"ImageObject\",\"inLanguage\":\"fr-FR\",\"@id\":\"https:\/\/7culture.ci\/#\/schema\/person\/image\/\",\"url\":\"https:\/\/secure.gravatar.com\/avatar\/9a0784f951306c37bcd065f52844ef95?s=96&d=mm&r=g\",\"contentUrl\":\"https:\/\/secure.gravatar.com\/avatar\/9a0784f951306c37bcd065f52844ef95?s=96&d=mm&r=g\",\"caption\":\"7culture2020\"},\"sameAs\":[\"http:\/\/7culture.ci\",\"Claude.kipre\"],\"url\":\"https:\/\/7culture.ci\/index.php\/author\/7culture2020\/\"}]}<\/script>\n<!-- \/ Yoast SEO plugin. -->","yoast_head_json":{"title":"Festival Reve\u00a0: Entre d\u00e9tente, sensibilisation et d\u00e9couverte - 7culture","robots":{"index":"index","follow":"follow","max-snippet":"max-snippet:-1","max-image-preview":"max-image-preview:large","max-video-preview":"max-video-preview:-1"},"canonical":"https:\/\/7culture.ci\/index.php\/2024\/12\/05\/festival-reve-entre-detente-sensibilisation-et-decouverte\/","og_locale":"fr_FR","og_type":"article","og_title":"Festival Reve\u00a0: Entre d\u00e9tente, sensibilisation et d\u00e9couverte - 7culture","og_description":"Du 6 au 8 d\u00e9cembre, le premier festival international \u2018\u2019Rire Ensemble, Vivre Ensemble\u2019\u2019 (Reve) se tiendra \u00e0 Grand-Bassam \u00e0 l\u2019espace Lagune Live. Pour le bon d\u00e9roulement de l\u2019\u00e9v\u00e8nement in\u00e9dit, l\u2019organisation port\u00e9e par l\u2019humoriste reconnu Mareshal Zongo a sign\u00e9 un partenariat de convention avec la mairie de la ville historique le lundi 2 d\u00e9cembre 2024 \u00e0 &hellip; Festival Reve\u00a0: Entre d\u00e9tente, sensibilisation et d\u00e9couverte Lire la suite\u00a0\u00bb","og_url":"https:\/\/7culture.ci\/index.php\/2024\/12\/05\/festival-reve-entre-detente-sensibilisation-et-decouverte\/","og_site_name":"7culture","article_publisher":"https:\/\/www.facebook.com\/redchefclaude","article_published_time":"2024-12-05T08:36:06+00:00","article_modified_time":"2024-12-07T18:15:25+00:00","og_image":[{"width":1080,"height":1077,"url":"http:\/\/7culture.ci\/wp-content\/uploads\/2024\/12\/WhatsApp-Image-2024-12-03-at-03.39.27.jpeg","type":"image\/jpeg"}],"author":"7culture2020","twitter_card":"summary_large_image","twitter_creator":"@7culturec","twitter_site":"@7culturec","twitter_misc":{"\u00c9crit par":"7culture2020","Dur\u00e9e de lecture estim\u00e9e":"3 minutes"},"schema":{"@context":"https:\/\/schema.org","@graph":[{"@type":"Article","@id":"https:\/\/7culture.ci\/index.php\/2024\/12\/05\/festival-reve-entre-detente-sensibilisation-et-decouverte\/#article","isPartOf":{"@id":"https:\/\/7culture.ci\/index.php\/2024\/12\/05\/festival-reve-entre-detente-sensibilisation-et-decouverte\/"},"author":{"name":"7culture2020","@id":"https:\/\/7culture.ci\/#\/schema\/person\/16150d28d7ef66ba788c1f87f28c4426"},"headline":"Festival Reve\u00a0: Entre d\u00e9tente, sensibilisation et d\u00e9couverte","datePublished":"2024-12-05T08:36:06+00:00","dateModified":"2024-12-07T18:15:25+00:00","mainEntityOfPage":{"@id":"https:\/\/7culture.ci\/index.php\/2024\/12\/05\/festival-reve-entre-detente-sensibilisation-et-decouverte\/"},"wordCount":604,"commentCount":0,"publisher":{"@id":"https:\/\/7culture.ci\/#organization"},"articleSection":["Actualit\u00e9"],"inLanguage":"fr-FR","potentialAction":[{"@type":"CommentAction","name":"Comment","target":["https:\/\/7culture.ci\/index.php\/2024\/12\/05\/festival-reve-entre-detente-sensibilisation-et-decouverte\/#respond"]}]},{"@type":"WebPage","@id":"https:\/\/7culture.ci\/index.php\/2024\/12\/05\/festival-reve-entre-detente-sensibilisation-et-decouverte\/","url":"https:\/\/7culture.ci\/index.php\/2024\/12\/05\/festival-reve-entre-detente-sensibilisation-et-decouverte\/","name":"Festival Reve\u00a0: Entre d\u00e9tente, sensibilisation et d\u00e9couverte - 7culture","isPartOf":{"@id":"https:\/\/7culture.ci\/#website"},"datePublished":"2024-12-05T08:36:06+00:00","dateModified":"2024-12-07T18:15:25+00:00","breadcrumb":{"@id":"https:\/\/7culture.ci\/index.php\/2024\/12\/05\/festival-reve-entre-detente-sensibilisation-et-decouverte\/#breadcrumb"},"inLanguage":"fr-FR","potentialAction":[{"@type":"ReadAction","target":["https:\/\/7culture.ci\/index.php\/2024\/12\/05\/festival-reve-entre-detente-sensibilisation-et-decouverte\/"]}]},{"@type":"BreadcrumbList","@id":"https:\/\/7culture.ci\/index.php\/2024\/12\/05\/festival-reve-entre-detente-sensibilisation-et-decouverte\/#breadcrumb","itemListElement":[{"@type":"ListItem","position":1,"name":"Accueil","item":"https:\/\/7culture.ci\/"},{"@type":"ListItem","position":2,"name":"Festival Reve\u00a0: Entre d\u00e9tente, sensibilisation et d\u00e9couverte"}]},{"@type":"WebSite","@id":"https:\/\/7culture.ci\/#website","url":"https:\/\/7culture.ci\/","name":"7culture","description":"Tout sur l&#039;actualit\u00e9","publisher":{"@id":"https:\/\/7culture.ci\/#organization"},"potentialAction":[{"@type":"SearchAction","target":{"@type":"EntryPoint","urlTemplate":"https:\/\/7culture.ci\/?s={search_term_string}"},"query-input":"required name=search_term_string"}],"inLanguage":"fr-FR"},{"@type":"Organization","@id":"https:\/\/7culture.ci\/#organization","name":"7culture","url":"https:\/\/7culture.ci\/","sameAs":["https:\/\/www.facebook.com\/redchefclaude","https:\/\/twitter.com\/7culturec"],"logo":{"@type":"ImageObject","inLanguage":"fr-FR","@id":"https:\/\/7culture.ci\/#\/schema\/logo\/image\/","url":"https:\/\/7culture.ci\/wp-content\/uploads\/2021\/12\/S1a-1.png","contentUrl":"https:\/\/7culture.ci\/wp-content\/uploads\/2021\/12\/S1a-1.png","width":588,"height":192,"caption":"7culture"},"image":{"@id":"https:\/\/7culture.ci\/#\/schema\/logo\/image\/"}},{"@type":"Person","@id":"https:\/\/7culture.ci\/#\/schema\/person\/16150d28d7ef66ba788c1f87f28c4426","name":"7culture2020","image":{"@type":"ImageObject","inLanguage":"fr-FR","@id":"https:\/\/7culture.ci\/#\/schema\/person\/image\/","url":"https:\/\/secure.gravatar.com\/avatar\/9a0784f951306c37bcd065f52844ef95?s=96&d=mm&r=g","contentUrl":"https:\/\/secure.gravatar.com\/avatar\/9a0784f951306c37bcd065f52844ef95?s=96&d=mm&r=g","caption":"7culture2020"},"sameAs":["http:\/\/7culture.ci","Claude.kipre"],"url":"https:\/\/7culture.ci\/index.php\/author\/7culture2020\/"}]}},"jetpack_featured_media_url":"https:\/\/7culture.ci\/wp-content\/uploads\/2024\/12\/WhatsApp-Image-2024-12-03-at-03.39.27.jpeg","jetpack_likes_enabled":true,"jetpack_sharing_enabled":true,"_links":{"self":[{"href":"https:\/\/7culture.ci\/index.php\/wp-json\/wp\/v2\/posts\/26609"}],"collection":[{"href":"https:\/\/7culture.ci\/index.php\/wp-json\/wp\/v2\/posts"}],"about":[{"href":"https:\/\/7culture.ci\/index.php\/wp-json\/wp\/v2\/types\/post"}],"author":[{"embeddable":true,"href":"https:\/\/7culture.ci\/index.php\/wp-json\/wp\/v2\/users\/1"}],"replies":[{"embeddable":true,"href":"https:\/\/7culture.ci\/index.php\/wp-json\/wp\/v2\/comments?post=26609"}],"version-history":[{"count":1,"href":"https:\/\/7culture.ci\/index.php\/wp-json\/wp\/v2\/posts\/26609\/revisions"}],"predecessor-version":[{"id":26615,"href":"https:\/\/7culture.ci\/index.php\/wp-json\/wp\/v2\/posts\/26609\/revisions\/26615"}],"wp:featuredmedia":[{"embeddable":true,"href":"https:\/\/7culture.ci\/index.php\/wp-json\/wp\/v2\/media\/26611"}],"wp:attachment":[{"href":"https:\/\/7culture.ci\/index.php\/wp-json\/wp\/v2\/media?parent=26609"}],"wp:term":[{"taxonomy":"category","embeddable":true,"href":"https:\/\/7culture.ci\/index.php\/wp-json\/wp\/v2\/categories?post=26609"},{"taxonomy":"post_tag","embeddable":true,"href":"https:\/\/7culture.ci\/index.php\/wp-json\/wp\/v2\/tags?post=26609"}],"curies":[{"name":"wp","href":"https:\/\/api.w.org\/{rel}","templated":true}]}}