{"id":26605,"date":"2024-11-22T20:22:28","date_gmt":"2024-11-22T20:22:28","guid":{"rendered":"https:\/\/7culture.ci\/?p=26605"},"modified":"2024-12-05T08:36:59","modified_gmt":"2024-12-05T08:36:59","slug":"cinema-ecran-noir-pour-stephane-zabavy","status":"publish","type":"post","link":"https:\/\/7culture.ci\/index.php\/2024\/11\/22\/cinema-ecran-noir-pour-stephane-zabavy\/","title":{"rendered":"Cin\u00e9ma\u00a0: Ecran noir pour St\u00e9phane Zabavy"},"content":{"rendered":"\n<p>Depuis le jeudi 21 novembre 2024, la toile est inond\u00e9e de la disparition soudaine de l\u2019acteur ivoirien St\u00e9phane Zabavy dit Flame. L\u2019artiste a tir\u00e9 sa r\u00e9v\u00e9rence au centre de cardiologie du Centre hospitalier universitaire (Chu) de Treichville \u00e0 Abidjan \u00e0 la suite d\u2019un un Accident vasculaire c\u00e9r\u00e9bral (Avc).<\/p>\n\n\n\n<p>Ancien animateur de radio, St\u00e9phane Zabavy \u00e9tait un visage connu dans le milieu du 7<sup>e<\/sup> art ivoirien. Il a jou\u00e9 dans des films et s\u00e9ries tels que \u2018\u2019Amisa\u2019\u2019, nomination au Festival panafricain de Cannes&nbsp;; \u2018\u2019Hopeland\u2019\u2019&nbsp;; \u2018\u2019L\u2019interpr\u00e8te\u2019\u2019, qui a re\u00e7u un prix sp\u00e9cial du jury au Festival panafricain du cin\u00e9ma et de la t\u00e9l\u00e9vision de Ouagadougou (Fespaco) en 2017&nbsp;; \u2018\u2019Ma grande famille\u2019\u2019 ou encore \u2018\u2019Invisibles\u2019\u2019. Il \u00e9tait aussi chanteur. Dans le priv\u00e9, il \u00e9tait en couple avec la pr\u00e9sentatrice t\u00e9l\u00e9 Yann Bahou avec laquelle il a eu une fille. Avant Miss Bahou, St\u00e9phane a roucoul\u00e9 avec la chanteuse Josey. Il \u00e9tait manager et compagnon de la star aux d\u00e9buts de celle-ci.<\/p>\n\n\n\n<p>Appr\u00e9ci\u00e9 des t\u00e9l\u00e9spectateurs, le d\u00e9c\u00e8s de Flame laissera un grand vide dans leur c\u0153ur\u00a0! Qu\u2019il repose en paix\u00a0: <\/p>\n\n\n\n<p>Par DT<\/p>\n","protected":false},"excerpt":{"rendered":"<p>Depuis le jeudi 21 novembre 2024, la toile est inond\u00e9e de la disparition soudaine de l\u2019acteur ivoirien St\u00e9phane Zabavy dit Flame. L\u2019artiste a tir\u00e9 sa r\u00e9v\u00e9rence au centre de cardiologie du Centre hospitalier universitaire (Chu) de Treichville \u00e0 Abidjan \u00e0 la suite d\u2019un un Accident vasculaire c\u00e9r\u00e9bral (Avc). Ancien animateur de radio, St\u00e9phane Zabavy \u00e9tait &hellip;<\/p>\n<p class=\"read-more\"> <a class=\"\" href=\"https:\/\/7culture.ci\/index.php\/2024\/11\/22\/cinema-ecran-noir-pour-stephane-zabavy\/\"> <span class=\"screen-reader-text\">Cin\u00e9ma\u00a0: Ecran noir pour St\u00e9phane Zabavy<\/span> Lire la suite\u00a0\u00bb<\/a><\/p>\n","protected":false},"author":1,"featured_media":26607,"comment_status":"open","ping_status":"open","sticky":false,"template":"","format":"standard","meta":{"_mi_skip_tracking":false,"_monsterinsights_sitenote_active":false,"_monsterinsights_sitenote_note":"","_monsterinsights_sitenote_category":0,"site-sidebar-layout":"default","site-content-layout":"default","ast-global-header-display":"","ast-main-header-display":"","ast-hfb-above-header-display":"","ast-hfb-below-header-display":"","ast-hfb-mobile-header-display":"","site-post-title":"","ast-breadcrumbs-content":"","ast-featured-img":"","footer-sml-layout":"","theme-transparent-header-meta":"","adv-header-id-meta":"","stick-header-meta":"","header-above-stick-meta":"","header-main-stick-meta":"","header-below-stick-meta":"","footnotes":"","jetpack_publicize_message":"","jetpack_is_tweetstorm":false,"jetpack_publicize_feature_enabled":true},"categories":[22],"tags":[],"jetpack_publicize_connections":[],"acf":[],"aioseo_notices":[],"yoast_head":"<!-- This site is optimized with the Yoast SEO plugin v19.6.1 - https:\/\/yoast.com\/wordpress\/plugins\/seo\/ -->\n<title>Cin\u00e9ma\u00a0: Ecran noir pour St\u00e9phane Zabavy - 7culture<\/title>\n<meta name=\"robots\" content=\"index, follow, max-snippet:-1, max-image-preview:large, max-video-preview:-1\" \/>\n<link rel=\"canonical\" href=\"https:\/\/7culture.ci\/index.php\/2024\/11\/22\/cinema-ecran-noir-pour-stephane-zabavy\/\" \/>\n<meta property=\"og:locale\" content=\"fr_FR\" \/>\n<meta property=\"og:type\" content=\"article\" \/>\n<meta property=\"og:title\" content=\"Cin\u00e9ma\u00a0: Ecran noir pour St\u00e9phane Zabavy - 7culture\" \/>\n<meta property=\"og:description\" content=\"Depuis le jeudi 21 novembre 2024, la toile est inond\u00e9e de la disparition soudaine de l\u2019acteur ivoirien St\u00e9phane Zabavy dit Flame. L\u2019artiste a tir\u00e9 sa r\u00e9v\u00e9rence au centre de cardiologie du Centre hospitalier universitaire (Chu) de Treichville \u00e0 Abidjan \u00e0 la suite d\u2019un un Accident vasculaire c\u00e9r\u00e9bral (Avc). Ancien animateur de radio, St\u00e9phane Zabavy \u00e9tait &hellip; Cin\u00e9ma\u00a0: Ecran noir pour St\u00e9phane Zabavy Lire la suite\u00a0\u00bb\" \/>\n<meta property=\"og:url\" content=\"https:\/\/7culture.ci\/index.php\/2024\/11\/22\/cinema-ecran-noir-pour-stephane-zabavy\/\" \/>\n<meta property=\"og:site_name\" content=\"7culture\" \/>\n<meta property=\"article:publisher\" content=\"https:\/\/www.facebook.com\/redchefclaude\" \/>\n<meta property=\"article:published_time\" content=\"2024-11-22T20:22:28+00:00\" \/>\n<meta property=\"article:modified_time\" content=\"2024-12-05T08:36:59+00:00\" \/>\n<meta property=\"og:image\" content=\"http:\/\/7culture.ci\/wp-content\/uploads\/2024\/11\/Zabavy.png\" \/>\n\t<meta property=\"og:image:width\" content=\"570\" \/>\n\t<meta property=\"og:image:height\" content=\"400\" \/>\n\t<meta property=\"og:image:type\" content=\"image\/png\" \/>\n<meta name=\"author\" content=\"7culture2020\" \/>\n<meta name=\"twitter:card\" content=\"summary_large_image\" \/>\n<meta name=\"twitter:creator\" content=\"@7culturec\" \/>\n<meta name=\"twitter:site\" content=\"@7culturec\" \/>\n<meta name=\"twitter:label1\" content=\"\u00c9crit par\" \/>\n\t<meta name=\"twitter:data1\" content=\"7culture2020\" \/>\n\t<meta name=\"twitter:label2\" content=\"Dur\u00e9e de lecture estim\u00e9e\" \/>\n\t<meta name=\"twitter:data2\" content=\"1 minute\" \/>\n<script type=\"application\/ld+json\" class=\"yoast-schema-graph\">{\"@context\":\"https:\/\/schema.org\",\"@graph\":[{\"@type\":\"Article\",\"@id\":\"https:\/\/7culture.ci\/index.php\/2024\/11\/22\/cinema-ecran-noir-pour-stephane-zabavy\/#article\",\"isPartOf\":{\"@id\":\"https:\/\/7culture.ci\/index.php\/2024\/11\/22\/cinema-ecran-noir-pour-stephane-zabavy\/\"},\"author\":{\"name\":\"7culture2020\",\"@id\":\"https:\/\/7culture.ci\/#\/schema\/person\/16150d28d7ef66ba788c1f87f28c4426\"},\"headline\":\"Cin\u00e9ma\u00a0: Ecran noir pour St\u00e9phane Zabavy\",\"datePublished\":\"2024-11-22T20:22:28+00:00\",\"dateModified\":\"2024-12-05T08:36:59+00:00\",\"mainEntityOfPage\":{\"@id\":\"https:\/\/7culture.ci\/index.php\/2024\/11\/22\/cinema-ecran-noir-pour-stephane-zabavy\/\"},\"wordCount\":213,\"commentCount\":0,\"publisher\":{\"@id\":\"https:\/\/7culture.ci\/#organization\"},\"articleSection\":[\"Actualit\u00e9\"],\"inLanguage\":\"fr-FR\",\"potentialAction\":[{\"@type\":\"CommentAction\",\"name\":\"Comment\",\"target\":[\"https:\/\/7culture.ci\/index.php\/2024\/11\/22\/cinema-ecran-noir-pour-stephane-zabavy\/#respond\"]}]},{\"@type\":\"WebPage\",\"@id\":\"https:\/\/7culture.ci\/index.php\/2024\/11\/22\/cinema-ecran-noir-pour-stephane-zabavy\/\",\"url\":\"https:\/\/7culture.ci\/index.php\/2024\/11\/22\/cinema-ecran-noir-pour-stephane-zabavy\/\",\"name\":\"Cin\u00e9ma\u00a0: Ecran noir pour St\u00e9phane Zabavy - 7culture\",\"isPartOf\":{\"@id\":\"https:\/\/7culture.ci\/#website\"},\"datePublished\":\"2024-11-22T20:22:28+00:00\",\"dateModified\":\"2024-12-05T08:36:59+00:00\",\"breadcrumb\":{\"@id\":\"https:\/\/7culture.ci\/index.php\/2024\/11\/22\/cinema-ecran-noir-pour-stephane-zabavy\/#breadcrumb\"},\"inLanguage\":\"fr-FR\",\"potentialAction\":[{\"@type\":\"ReadAction\",\"target\":[\"https:\/\/7culture.ci\/index.php\/2024\/11\/22\/cinema-ecran-noir-pour-stephane-zabavy\/\"]}]},{\"@type\":\"BreadcrumbList\",\"@id\":\"https:\/\/7culture.ci\/index.php\/2024\/11\/22\/cinema-ecran-noir-pour-stephane-zabavy\/#breadcrumb\",\"itemListElement\":[{\"@type\":\"ListItem\",\"position\":1,\"name\":\"Accueil\",\"item\":\"https:\/\/7culture.ci\/\"},{\"@type\":\"ListItem\",\"position\":2,\"name\":\"Cin\u00e9ma\u00a0: Ecran noir pour St\u00e9phane Zabavy\"}]},{\"@type\":\"WebSite\",\"@id\":\"https:\/\/7culture.ci\/#website\",\"url\":\"https:\/\/7culture.ci\/\",\"name\":\"7culture\",\"description\":\"Tout sur l&#039;actualit\u00e9\",\"publisher\":{\"@id\":\"https:\/\/7culture.ci\/#organization\"},\"potentialAction\":[{\"@type\":\"SearchAction\",\"target\":{\"@type\":\"EntryPoint\",\"urlTemplate\":\"https:\/\/7culture.ci\/?s={search_term_string}\"},\"query-input\":\"required name=search_term_string\"}],\"inLanguage\":\"fr-FR\"},{\"@type\":\"Organization\",\"@id\":\"https:\/\/7culture.ci\/#organization\",\"name\":\"7culture\",\"url\":\"https:\/\/7culture.ci\/\",\"sameAs\":[\"https:\/\/www.facebook.com\/redchefclaude\",\"https:\/\/twitter.com\/7culturec\"],\"logo\":{\"@type\":\"ImageObject\",\"inLanguage\":\"fr-FR\",\"@id\":\"https:\/\/7culture.ci\/#\/schema\/logo\/image\/\",\"url\":\"https:\/\/7culture.ci\/wp-content\/uploads\/2021\/12\/S1a-1.png\",\"contentUrl\":\"https:\/\/7culture.ci\/wp-content\/uploads\/2021\/12\/S1a-1.png\",\"width\":588,\"height\":192,\"caption\":\"7culture\"},\"image\":{\"@id\":\"https:\/\/7culture.ci\/#\/schema\/logo\/image\/\"}},{\"@type\":\"Person\",\"@id\":\"https:\/\/7culture.ci\/#\/schema\/person\/16150d28d7ef66ba788c1f87f28c4426\",\"name\":\"7culture2020\",\"image\":{\"@type\":\"ImageObject\",\"inLanguage\":\"fr-FR\",\"@id\":\"https:\/\/7culture.ci\/#\/schema\/person\/image\/\",\"url\":\"https:\/\/secure.gravatar.com\/avatar\/9a0784f951306c37bcd065f52844ef95?s=96&d=mm&r=g\",\"contentUrl\":\"https:\/\/secure.gravatar.com\/avatar\/9a0784f951306c37bcd065f52844ef95?s=96&d=mm&r=g\",\"caption\":\"7culture2020\"},\"sameAs\":[\"http:\/\/7culture.ci\",\"Claude.kipre\"],\"url\":\"https:\/\/7culture.ci\/index.php\/author\/7culture2020\/\"}]}<\/script>\n<!-- \/ Yoast SEO plugin. -->","yoast_head_json":{"title":"Cin\u00e9ma\u00a0: Ecran noir pour St\u00e9phane Zabavy - 7culture","robots":{"index":"index","follow":"follow","max-snippet":"max-snippet:-1","max-image-preview":"max-image-preview:large","max-video-preview":"max-video-preview:-1"},"canonical":"https:\/\/7culture.ci\/index.php\/2024\/11\/22\/cinema-ecran-noir-pour-stephane-zabavy\/","og_locale":"fr_FR","og_type":"article","og_title":"Cin\u00e9ma\u00a0: Ecran noir pour St\u00e9phane Zabavy - 7culture","og_description":"Depuis le jeudi 21 novembre 2024, la toile est inond\u00e9e de la disparition soudaine de l\u2019acteur ivoirien St\u00e9phane Zabavy dit Flame. L\u2019artiste a tir\u00e9 sa r\u00e9v\u00e9rence au centre de cardiologie du Centre hospitalier universitaire (Chu) de Treichville \u00e0 Abidjan \u00e0 la suite d\u2019un un Accident vasculaire c\u00e9r\u00e9bral (Avc). Ancien animateur de radio, St\u00e9phane Zabavy \u00e9tait &hellip; Cin\u00e9ma\u00a0: Ecran noir pour St\u00e9phane Zabavy Lire la suite\u00a0\u00bb","og_url":"https:\/\/7culture.ci\/index.php\/2024\/11\/22\/cinema-ecran-noir-pour-stephane-zabavy\/","og_site_name":"7culture","article_publisher":"https:\/\/www.facebook.com\/redchefclaude","article_published_time":"2024-11-22T20:22:28+00:00","article_modified_time":"2024-12-05T08:36:59+00:00","og_image":[{"width":570,"height":400,"url":"http:\/\/7culture.ci\/wp-content\/uploads\/2024\/11\/Zabavy.png","type":"image\/png"}],"author":"7culture2020","twitter_card":"summary_large_image","twitter_creator":"@7culturec","twitter_site":"@7culturec","twitter_misc":{"\u00c9crit par":"7culture2020","Dur\u00e9e de lecture estim\u00e9e":"1 minute"},"schema":{"@context":"https:\/\/schema.org","@graph":[{"@type":"Article","@id":"https:\/\/7culture.ci\/index.php\/2024\/11\/22\/cinema-ecran-noir-pour-stephane-zabavy\/#article","isPartOf":{"@id":"https:\/\/7culture.ci\/index.php\/2024\/11\/22\/cinema-ecran-noir-pour-stephane-zabavy\/"},"author":{"name":"7culture2020","@id":"https:\/\/7culture.ci\/#\/schema\/person\/16150d28d7ef66ba788c1f87f28c4426"},"headline":"Cin\u00e9ma\u00a0: Ecran noir pour St\u00e9phane Zabavy","datePublished":"2024-11-22T20:22:28+00:00","dateModified":"2024-12-05T08:36:59+00:00","mainEntityOfPage":{"@id":"https:\/\/7culture.ci\/index.php\/2024\/11\/22\/cinema-ecran-noir-pour-stephane-zabavy\/"},"wordCount":213,"commentCount":0,"publisher":{"@id":"https:\/\/7culture.ci\/#organization"},"articleSection":["Actualit\u00e9"],"inLanguage":"fr-FR","potentialAction":[{"@type":"CommentAction","name":"Comment","target":["https:\/\/7culture.ci\/index.php\/2024\/11\/22\/cinema-ecran-noir-pour-stephane-zabavy\/#respond"]}]},{"@type":"WebPage","@id":"https:\/\/7culture.ci\/index.php\/2024\/11\/22\/cinema-ecran-noir-pour-stephane-zabavy\/","url":"https:\/\/7culture.ci\/index.php\/2024\/11\/22\/cinema-ecran-noir-pour-stephane-zabavy\/","name":"Cin\u00e9ma\u00a0: Ecran noir pour St\u00e9phane Zabavy - 7culture","isPartOf":{"@id":"https:\/\/7culture.ci\/#website"},"datePublished":"2024-11-22T20:22:28+00:00","dateModified":"2024-12-05T08:36:59+00:00","breadcrumb":{"@id":"https:\/\/7culture.ci\/index.php\/2024\/11\/22\/cinema-ecran-noir-pour-stephane-zabavy\/#breadcrumb"},"inLanguage":"fr-FR","potentialAction":[{"@type":"ReadAction","target":["https:\/\/7culture.ci\/index.php\/2024\/11\/22\/cinema-ecran-noir-pour-stephane-zabavy\/"]}]},{"@type":"BreadcrumbList","@id":"https:\/\/7culture.ci\/index.php\/2024\/11\/22\/cinema-ecran-noir-pour-stephane-zabavy\/#breadcrumb","itemListElement":[{"@type":"ListItem","position":1,"name":"Accueil","item":"https:\/\/7culture.ci\/"},{"@type":"ListItem","position":2,"name":"Cin\u00e9ma\u00a0: Ecran noir pour St\u00e9phane Zabavy"}]},{"@type":"WebSite","@id":"https:\/\/7culture.ci\/#website","url":"https:\/\/7culture.ci\/","name":"7culture","description":"Tout sur l&#039;actualit\u00e9","publisher":{"@id":"https:\/\/7culture.ci\/#organization"},"potentialAction":[{"@type":"SearchAction","target":{"@type":"EntryPoint","urlTemplate":"https:\/\/7culture.ci\/?s={search_term_string}"},"query-input":"required name=search_term_string"}],"inLanguage":"fr-FR"},{"@type":"Organization","@id":"https:\/\/7culture.ci\/#organization","name":"7culture","url":"https:\/\/7culture.ci\/","sameAs":["https:\/\/www.facebook.com\/redchefclaude","https:\/\/twitter.com\/7culturec"],"logo":{"@type":"ImageObject","inLanguage":"fr-FR","@id":"https:\/\/7culture.ci\/#\/schema\/logo\/image\/","url":"https:\/\/7culture.ci\/wp-content\/uploads\/2021\/12\/S1a-1.png","contentUrl":"https:\/\/7culture.ci\/wp-content\/uploads\/2021\/12\/S1a-1.png","width":588,"height":192,"caption":"7culture"},"image":{"@id":"https:\/\/7culture.ci\/#\/schema\/logo\/image\/"}},{"@type":"Person","@id":"https:\/\/7culture.ci\/#\/schema\/person\/16150d28d7ef66ba788c1f87f28c4426","name":"7culture2020","image":{"@type":"ImageObject","inLanguage":"fr-FR","@id":"https:\/\/7culture.ci\/#\/schema\/person\/image\/","url":"https:\/\/secure.gravatar.com\/avatar\/9a0784f951306c37bcd065f52844ef95?s=96&d=mm&r=g","contentUrl":"https:\/\/secure.gravatar.com\/avatar\/9a0784f951306c37bcd065f52844ef95?s=96&d=mm&r=g","caption":"7culture2020"},"sameAs":["http:\/\/7culture.ci","Claude.kipre"],"url":"https:\/\/7culture.ci\/index.php\/author\/7culture2020\/"}]}},"jetpack_featured_media_url":"https:\/\/7culture.ci\/wp-content\/uploads\/2024\/11\/Zabavy.png","jetpack_likes_enabled":true,"jetpack_sharing_enabled":true,"_links":{"self":[{"href":"https:\/\/7culture.ci\/index.php\/wp-json\/wp\/v2\/posts\/26605"}],"collection":[{"href":"https:\/\/7culture.ci\/index.php\/wp-json\/wp\/v2\/posts"}],"about":[{"href":"https:\/\/7culture.ci\/index.php\/wp-json\/wp\/v2\/types\/post"}],"author":[{"embeddable":true,"href":"https:\/\/7culture.ci\/index.php\/wp-json\/wp\/v2\/users\/1"}],"replies":[{"embeddable":true,"href":"https:\/\/7culture.ci\/index.php\/wp-json\/wp\/v2\/comments?post=26605"}],"version-history":[{"count":1,"href":"https:\/\/7culture.ci\/index.php\/wp-json\/wp\/v2\/posts\/26605\/revisions"}],"predecessor-version":[{"id":26608,"href":"https:\/\/7culture.ci\/index.php\/wp-json\/wp\/v2\/posts\/26605\/revisions\/26608"}],"wp:featuredmedia":[{"embeddable":true,"href":"https:\/\/7culture.ci\/index.php\/wp-json\/wp\/v2\/media\/26607"}],"wp:attachment":[{"href":"https:\/\/7culture.ci\/index.php\/wp-json\/wp\/v2\/media?parent=26605"}],"wp:term":[{"taxonomy":"category","embeddable":true,"href":"https:\/\/7culture.ci\/index.php\/wp-json\/wp\/v2\/categories?post=26605"},{"taxonomy":"post_tag","embeddable":true,"href":"https:\/\/7culture.ci\/index.php\/wp-json\/wp\/v2\/tags?post=26605"}],"curies":[{"name":"wp","href":"https:\/\/api.w.org\/{rel}","templated":true}]}}