{"id":26593,"date":"2024-11-17T20:59:31","date_gmt":"2024-11-17T20:59:31","guid":{"rendered":"https:\/\/7culture.ci\/?p=26593"},"modified":"2024-11-22T20:23:13","modified_gmt":"2024-11-22T20:23:13","slug":"2e-edition-du-prix-cultura-christian-guehi-sur-la-plus-haute-marche-du-podium","status":"publish","type":"post","link":"https:\/\/7culture.ci\/index.php\/2024\/11\/17\/2e-edition-du-prix-cultura-christian-guehi-sur-la-plus-haute-marche-du-podium\/","title":{"rendered":"2e \u00e9dition du Prix Cultura\u00a0: Christian Guehi sur la plus haute marche du podium"},"content":{"rendered":"\n<p>Pour le compte du quotidien \u2018\u2019Soir info\u2019\u2019, le journaliste Christian Guehi est le grand laur\u00e9at du Prix Cultura 2024, non sans s\u2019adjuger le prix sectoriel de la cat\u00e9gorie presse \u00e9crite. La c\u00e9r\u00e9monie de r\u00e9compense dudit prix, organis\u00e9e sous le haut patronage de la Grande chanceli\u00e8re honoraire de l\u2019Ordre national Henriette Dagri Diabat\u00e9, a eu lieu, cette ann\u00e9e, \u00e0 l\u2019h\u00f4tel Azala\u00ef sis \u00e0 Abidjan-Marcory. C\u2019\u00e9tait le samedi 16 novembre dernier, en pr\u00e9sence d\u2019un beau parterre de personnalit\u00e9s. Notamment le B\u00e9ninois Ernest Adjovi, promoteur des prix Kora, laur\u00e9at du Grand Prix d\u2019honneur Cultura, \u00e0 Abidjan express\u00e9ment par rapport \u00e0 cet \u00e9v\u00e9nement.<\/p>\n\n\n\n<p>Dans la cat\u00e9gorie presse en ligne, Cyprien Kouassi de la plateforme internet abidjan.net est le laur\u00e9at face \u00e0 4 autres confr\u00e8res. Dans celle de la presse \u00e9crite, face \u00e0 3 autres candidats, Christian Guehi a tir\u00e9 son \u00e9pingle du jeu, \u00e0 en croire le pr\u00e9sident du jury, le journaliste Serge Bil\u00e9. Du c\u00f4t\u00e9 de la radio, Kouadio N\u2019Guessan Ange Armel, en lice avec 2 autres de ses confr\u00e8res, est le laur\u00e9at sectoriel. Cidiq Aboubacar de Reflet TV, lui, \u00e9tait le seul en lice de la cat\u00e9gorie t\u00e9l\u00e9. Donc laur\u00e9at sans concurrent.<\/p>\n\n\n\n<p>Outre les 300 mille Fcfa que re\u00e7oit chaque laur\u00e9at par cat\u00e9gorie, Christian Guehi s\u2019en sort avec un million de Fcfa, un terrain du c\u00f4t\u00e9 de Yamoussoukro et de nombreux lots de partenaires. Comme un voyage d\u2019une semaine tous frais compris \u00e0 Johannesburg, un s\u00e9jour d\u2019un week-end dans un h\u00f4tel de la place, un bon d\u2019achat d\u2019un million de Fcfa dans une grande surface de la place quand les laur\u00e9ats des prix sectoriels b\u00e9n\u00e9ficient de bons d\u2019achat de 500 mille Fcfa chacun. Et les autres r\u00e9cipiendaires de la soir\u00e9e de bons d\u2019achat de 200 mille du m\u00eame partenaire.<\/p>\n\n\n\n<figure class=\"wp-block-gallery has-nested-images columns-default is-cropped wp-block-gallery-1 is-layout-flex wp-block-gallery-is-layout-flex\">\n<figure class=\"wp-block-image size-large\"><img loading=\"lazy\" decoding=\"async\" width=\"750\" height=\"1000\" data-id=\"26597\" src=\"https:\/\/7culture.ci\/wp-content\/uploads\/2024\/11\/WhatsApp-Image-2024-11-17-at-18.03.15-1.jpeg\" alt=\"\" class=\"wp-image-26597\" srcset=\"https:\/\/7culture.ci\/wp-content\/uploads\/2024\/11\/WhatsApp-Image-2024-11-17-at-18.03.15-1.jpeg 750w, https:\/\/7culture.ci\/wp-content\/uploads\/2024\/11\/WhatsApp-Image-2024-11-17-at-18.03.15-1-225x300.jpeg 225w\" sizes=\"(max-width: 750px) 100vw, 750px\" \/><\/figure>\n\n\n\n<figure class=\"wp-block-image size-large\"><img loading=\"lazy\" decoding=\"async\" width=\"750\" height=\"1000\" data-id=\"26596\" src=\"https:\/\/7culture.ci\/wp-content\/uploads\/2024\/11\/WhatsApp-Image-2024-11-17-at-18.03.15-2.jpeg\" alt=\"\" class=\"wp-image-26596\" srcset=\"https:\/\/7culture.ci\/wp-content\/uploads\/2024\/11\/WhatsApp-Image-2024-11-17-at-18.03.15-2.jpeg 750w, https:\/\/7culture.ci\/wp-content\/uploads\/2024\/11\/WhatsApp-Image-2024-11-17-at-18.03.15-2-225x300.jpeg 225w\" sizes=\"(max-width: 750px) 100vw, 750px\" \/><\/figure>\n\n\n\n<figure class=\"wp-block-image size-large\"><img loading=\"lazy\" decoding=\"async\" width=\"750\" height=\"1000\" data-id=\"26598\" src=\"https:\/\/7culture.ci\/wp-content\/uploads\/2024\/11\/WhatsApp-Image-2024-11-17-at-18.03.15.jpeg\" alt=\"\" class=\"wp-image-26598\" srcset=\"https:\/\/7culture.ci\/wp-content\/uploads\/2024\/11\/WhatsApp-Image-2024-11-17-at-18.03.15.jpeg 750w, https:\/\/7culture.ci\/wp-content\/uploads\/2024\/11\/WhatsApp-Image-2024-11-17-at-18.03.15-225x300.jpeg 225w\" sizes=\"(max-width: 750px) 100vw, 750px\" \/><\/figure>\n<\/figure>\n\n\n\n<p>Avant la proclamation de ces r\u00e9sultats, des prix sp\u00e9ciaux ont \u00e9t\u00e9 remis \u00e0 Kevin Diallo (enseignant de langue b\u00e9t\u00e9 dans l\u2019Hexagone), Johanna Ursula (promotrice de l\u2019espace reggae Parker Place), Sery Lydie, l\u2019artiste-plasticien Ti\u00e9n\u00e9 Vanly, Ivoire Black History et l\u2019hyper Chic Shop repr\u00e9sent\u00e9 par son PDG, Khanafer Rashed.<\/p>\n\n\n\n<p>Des prix d\u2019honneur Cultura et des prix d\u2019honneur internationaux ont \u00e9t\u00e9 d\u00e9cern\u00e9s. Ainsi que de grands prix d\u2019honneur nationaux.<\/p>\n\n\n\n<p>La s\u00e9rie des allocutions a vu le promoteur-commissaire g\u00e9n\u00e9ral du Prix Cultura, Tanguy Blais, planter le d\u00e9cor et dit les raisons de la cr\u00e9ation de son projet, relever la sp\u00e9cificit\u00e9 de cette \u00e9dition et parler des perspectives de ce prix. Et la repr\u00e9sentante de la Grande chanceli\u00e8re hoboraire Henriette Dagri Diabat\u00e9, Mme Marie-Paule Dati\u00e9, lire le message d\u2019encouragement de sa mandante haute patronne de la c\u00e9r\u00e9monie<\/p>\n\n\n\n<figure class=\"wp-block-gallery has-nested-images columns-default is-cropped wp-block-gallery-2 is-layout-flex wp-block-gallery-is-layout-flex\">\n<figure class=\"wp-block-image size-large\"><img loading=\"lazy\" decoding=\"async\" width=\"750\" height=\"1000\" data-id=\"26599\" src=\"https:\/\/7culture.ci\/wp-content\/uploads\/2024\/11\/WhatsApp-Image-2024-11-17-at-18.03.17-2.jpeg\" alt=\"\" class=\"wp-image-26599\" srcset=\"https:\/\/7culture.ci\/wp-content\/uploads\/2024\/11\/WhatsApp-Image-2024-11-17-at-18.03.17-2.jpeg 750w, https:\/\/7culture.ci\/wp-content\/uploads\/2024\/11\/WhatsApp-Image-2024-11-17-at-18.03.17-2-225x300.jpeg 225w\" sizes=\"(max-width: 750px) 100vw, 750px\" \/><\/figure>\n\n\n\n<figure class=\"wp-block-image size-large\"><img loading=\"lazy\" decoding=\"async\" width=\"750\" height=\"1000\" data-id=\"26601\" src=\"https:\/\/7culture.ci\/wp-content\/uploads\/2024\/11\/WhatsApp-Image-2024-11-17-at-18.03.18-1.jpeg\" alt=\"\" class=\"wp-image-26601\" srcset=\"https:\/\/7culture.ci\/wp-content\/uploads\/2024\/11\/WhatsApp-Image-2024-11-17-at-18.03.18-1.jpeg 750w, https:\/\/7culture.ci\/wp-content\/uploads\/2024\/11\/WhatsApp-Image-2024-11-17-at-18.03.18-1-225x300.jpeg 225w\" sizes=\"(max-width: 750px) 100vw, 750px\" \/><\/figure>\n\n\n\n<figure class=\"wp-block-image size-large\"><img loading=\"lazy\" decoding=\"async\" width=\"750\" height=\"1000\" data-id=\"26600\" src=\"https:\/\/7culture.ci\/wp-content\/uploads\/2024\/11\/WhatsApp-Image-2024-11-17-at-18.03.18-2.jpeg\" alt=\"\" class=\"wp-image-26600\" srcset=\"https:\/\/7culture.ci\/wp-content\/uploads\/2024\/11\/WhatsApp-Image-2024-11-17-at-18.03.18-2.jpeg 750w, https:\/\/7culture.ci\/wp-content\/uploads\/2024\/11\/WhatsApp-Image-2024-11-17-at-18.03.18-2-225x300.jpeg 225w\" sizes=\"(max-width: 750px) 100vw, 750px\" \/><\/figure>\n<\/figure>\n\n\n\n<p>Le \u2018\u2019Prix Cultura\u2019\u2019 vise \u00e0 promouvoir la profession de journaliste culturel dans la presse \u00e9crite, la presse audiovisuelle et la presse num\u00e9rique en C\u00f4te d&#8217;Ivoire. Il r\u00e9compense les meilleurs articles ou productions des journalistes professionnels culturels collaborant avec des organes de presse l\u00e9galement constitu\u00e9s. C\u2019est Ti\u00e9moko Diarra de Soir info qui a remport\u00e9 la premi\u00e8re \u00e9dition du prix.<\/p>\n\n\n\n<p>\u00c9ric Cossa et GEC<\/p>\n","protected":false},"excerpt":{"rendered":"<p>Pour le compte du quotidien \u2018\u2019Soir info\u2019\u2019, le journaliste Christian Guehi est le grand laur\u00e9at du Prix Cultura 2024, non sans s\u2019adjuger le prix sectoriel de la cat\u00e9gorie presse \u00e9crite. La c\u00e9r\u00e9monie de r\u00e9compense dudit prix, organis\u00e9e sous le haut patronage de la Grande chanceli\u00e8re honoraire de l\u2019Ordre national Henriette Dagri Diabat\u00e9, a eu lieu, &hellip;<\/p>\n<p class=\"read-more\"> <a class=\"\" href=\"https:\/\/7culture.ci\/index.php\/2024\/11\/17\/2e-edition-du-prix-cultura-christian-guehi-sur-la-plus-haute-marche-du-podium\/\"> <span class=\"screen-reader-text\">2e \u00e9dition du Prix Cultura\u00a0: Christian Guehi sur la plus haute marche du podium<\/span> Lire la suite\u00a0\u00bb<\/a><\/p>\n","protected":false},"author":1,"featured_media":26604,"comment_status":"open","ping_status":"open","sticky":false,"template":"","format":"standard","meta":{"_mi_skip_tracking":false,"_monsterinsights_sitenote_active":false,"_monsterinsights_sitenote_note":"","_monsterinsights_sitenote_category":0,"site-sidebar-layout":"default","site-content-layout":"default","ast-global-header-display":"","ast-main-header-display":"","ast-hfb-above-header-display":"","ast-hfb-below-header-display":"","ast-hfb-mobile-header-display":"","site-post-title":"","ast-breadcrumbs-content":"","ast-featured-img":"","footer-sml-layout":"","theme-transparent-header-meta":"","adv-header-id-meta":"","stick-header-meta":"","header-above-stick-meta":"","header-main-stick-meta":"","header-below-stick-meta":"","footnotes":"","jetpack_publicize_message":"","jetpack_is_tweetstorm":false,"jetpack_publicize_feature_enabled":true},"categories":[22],"tags":[],"jetpack_publicize_connections":[],"acf":[],"aioseo_notices":[],"yoast_head":"<!-- This site is optimized with the Yoast SEO plugin v19.6.1 - https:\/\/yoast.com\/wordpress\/plugins\/seo\/ -->\n<title>2e \u00e9dition du Prix Cultura\u00a0: Christian Guehi sur la plus haute marche du podium - 7culture<\/title>\n<meta name=\"robots\" content=\"index, follow, max-snippet:-1, max-image-preview:large, max-video-preview:-1\" \/>\n<link rel=\"canonical\" href=\"https:\/\/7culture.ci\/index.php\/2024\/11\/17\/2e-edition-du-prix-cultura-christian-guehi-sur-la-plus-haute-marche-du-podium\/\" \/>\n<meta property=\"og:locale\" content=\"fr_FR\" \/>\n<meta property=\"og:type\" content=\"article\" \/>\n<meta property=\"og:title\" content=\"2e \u00e9dition du Prix Cultura\u00a0: Christian Guehi sur la plus haute marche du podium - 7culture\" \/>\n<meta property=\"og:description\" content=\"Pour le compte du quotidien \u2018\u2019Soir info\u2019\u2019, le journaliste Christian Guehi est le grand laur\u00e9at du Prix Cultura 2024, non sans s\u2019adjuger le prix sectoriel de la cat\u00e9gorie presse \u00e9crite. La c\u00e9r\u00e9monie de r\u00e9compense dudit prix, organis\u00e9e sous le haut patronage de la Grande chanceli\u00e8re honoraire de l\u2019Ordre national Henriette Dagri Diabat\u00e9, a eu lieu, &hellip; 2e \u00e9dition du Prix Cultura\u00a0: Christian Guehi sur la plus haute marche du podium Lire la suite\u00a0\u00bb\" \/>\n<meta property=\"og:url\" content=\"https:\/\/7culture.ci\/index.php\/2024\/11\/17\/2e-edition-du-prix-cultura-christian-guehi-sur-la-plus-haute-marche-du-podium\/\" \/>\n<meta property=\"og:site_name\" content=\"7culture\" \/>\n<meta property=\"article:publisher\" content=\"https:\/\/www.facebook.com\/redchefclaude\" \/>\n<meta property=\"article:published_time\" content=\"2024-11-17T20:59:31+00:00\" \/>\n<meta property=\"article:modified_time\" content=\"2024-11-22T20:23:13+00:00\" \/>\n<meta property=\"og:image\" content=\"http:\/\/7culture.ci\/wp-content\/uploads\/2024\/11\/Bon-1.jpeg\" \/>\n\t<meta property=\"og:image:width\" content=\"750\" \/>\n\t<meta property=\"og:image:height\" content=\"455\" \/>\n\t<meta property=\"og:image:type\" content=\"image\/jpeg\" \/>\n<meta name=\"author\" content=\"7culture2020\" \/>\n<meta name=\"twitter:card\" content=\"summary_large_image\" \/>\n<meta name=\"twitter:creator\" content=\"@7culturec\" \/>\n<meta name=\"twitter:site\" content=\"@7culturec\" \/>\n<meta name=\"twitter:label1\" content=\"\u00c9crit par\" \/>\n\t<meta name=\"twitter:data1\" content=\"7culture2020\" \/>\n\t<meta name=\"twitter:label2\" content=\"Dur\u00e9e de lecture estim\u00e9e\" \/>\n\t<meta name=\"twitter:data2\" content=\"3 minutes\" \/>\n<script type=\"application\/ld+json\" class=\"yoast-schema-graph\">{\"@context\":\"https:\/\/schema.org\",\"@graph\":[{\"@type\":\"Article\",\"@id\":\"https:\/\/7culture.ci\/index.php\/2024\/11\/17\/2e-edition-du-prix-cultura-christian-guehi-sur-la-plus-haute-marche-du-podium\/#article\",\"isPartOf\":{\"@id\":\"https:\/\/7culture.ci\/index.php\/2024\/11\/17\/2e-edition-du-prix-cultura-christian-guehi-sur-la-plus-haute-marche-du-podium\/\"},\"author\":{\"name\":\"7culture2020\",\"@id\":\"https:\/\/7culture.ci\/#\/schema\/person\/16150d28d7ef66ba788c1f87f28c4426\"},\"headline\":\"2e \u00e9dition du Prix Cultura\u00a0: Christian Guehi sur la plus haute marche du podium\",\"datePublished\":\"2024-11-17T20:59:31+00:00\",\"dateModified\":\"2024-11-22T20:23:13+00:00\",\"mainEntityOfPage\":{\"@id\":\"https:\/\/7culture.ci\/index.php\/2024\/11\/17\/2e-edition-du-prix-cultura-christian-guehi-sur-la-plus-haute-marche-du-podium\/\"},\"wordCount\":562,\"commentCount\":0,\"publisher\":{\"@id\":\"https:\/\/7culture.ci\/#organization\"},\"articleSection\":[\"Actualit\u00e9\"],\"inLanguage\":\"fr-FR\",\"potentialAction\":[{\"@type\":\"CommentAction\",\"name\":\"Comment\",\"target\":[\"https:\/\/7culture.ci\/index.php\/2024\/11\/17\/2e-edition-du-prix-cultura-christian-guehi-sur-la-plus-haute-marche-du-podium\/#respond\"]}]},{\"@type\":\"WebPage\",\"@id\":\"https:\/\/7culture.ci\/index.php\/2024\/11\/17\/2e-edition-du-prix-cultura-christian-guehi-sur-la-plus-haute-marche-du-podium\/\",\"url\":\"https:\/\/7culture.ci\/index.php\/2024\/11\/17\/2e-edition-du-prix-cultura-christian-guehi-sur-la-plus-haute-marche-du-podium\/\",\"name\":\"2e \u00e9dition du Prix Cultura\u00a0: Christian Guehi sur la plus haute marche du podium - 7culture\",\"isPartOf\":{\"@id\":\"https:\/\/7culture.ci\/#website\"},\"datePublished\":\"2024-11-17T20:59:31+00:00\",\"dateModified\":\"2024-11-22T20:23:13+00:00\",\"breadcrumb\":{\"@id\":\"https:\/\/7culture.ci\/index.php\/2024\/11\/17\/2e-edition-du-prix-cultura-christian-guehi-sur-la-plus-haute-marche-du-podium\/#breadcrumb\"},\"inLanguage\":\"fr-FR\",\"potentialAction\":[{\"@type\":\"ReadAction\",\"target\":[\"https:\/\/7culture.ci\/index.php\/2024\/11\/17\/2e-edition-du-prix-cultura-christian-guehi-sur-la-plus-haute-marche-du-podium\/\"]}]},{\"@type\":\"BreadcrumbList\",\"@id\":\"https:\/\/7culture.ci\/index.php\/2024\/11\/17\/2e-edition-du-prix-cultura-christian-guehi-sur-la-plus-haute-marche-du-podium\/#breadcrumb\",\"itemListElement\":[{\"@type\":\"ListItem\",\"position\":1,\"name\":\"Accueil\",\"item\":\"https:\/\/7culture.ci\/\"},{\"@type\":\"ListItem\",\"position\":2,\"name\":\"2e \u00e9dition du Prix Cultura\u00a0: Christian Guehi sur la plus haute marche du podium\"}]},{\"@type\":\"WebSite\",\"@id\":\"https:\/\/7culture.ci\/#website\",\"url\":\"https:\/\/7culture.ci\/\",\"name\":\"7culture\",\"description\":\"Tout sur l&#039;actualit\u00e9\",\"publisher\":{\"@id\":\"https:\/\/7culture.ci\/#organization\"},\"potentialAction\":[{\"@type\":\"SearchAction\",\"target\":{\"@type\":\"EntryPoint\",\"urlTemplate\":\"https:\/\/7culture.ci\/?s={search_term_string}\"},\"query-input\":\"required name=search_term_string\"}],\"inLanguage\":\"fr-FR\"},{\"@type\":\"Organization\",\"@id\":\"https:\/\/7culture.ci\/#organization\",\"name\":\"7culture\",\"url\":\"https:\/\/7culture.ci\/\",\"sameAs\":[\"https:\/\/www.facebook.com\/redchefclaude\",\"https:\/\/twitter.com\/7culturec\"],\"logo\":{\"@type\":\"ImageObject\",\"inLanguage\":\"fr-FR\",\"@id\":\"https:\/\/7culture.ci\/#\/schema\/logo\/image\/\",\"url\":\"https:\/\/7culture.ci\/wp-content\/uploads\/2021\/12\/S1a-1.png\",\"contentUrl\":\"https:\/\/7culture.ci\/wp-content\/uploads\/2021\/12\/S1a-1.png\",\"width\":588,\"height\":192,\"caption\":\"7culture\"},\"image\":{\"@id\":\"https:\/\/7culture.ci\/#\/schema\/logo\/image\/\"}},{\"@type\":\"Person\",\"@id\":\"https:\/\/7culture.ci\/#\/schema\/person\/16150d28d7ef66ba788c1f87f28c4426\",\"name\":\"7culture2020\",\"image\":{\"@type\":\"ImageObject\",\"inLanguage\":\"fr-FR\",\"@id\":\"https:\/\/7culture.ci\/#\/schema\/person\/image\/\",\"url\":\"https:\/\/secure.gravatar.com\/avatar\/9a0784f951306c37bcd065f52844ef95?s=96&d=mm&r=g\",\"contentUrl\":\"https:\/\/secure.gravatar.com\/avatar\/9a0784f951306c37bcd065f52844ef95?s=96&d=mm&r=g\",\"caption\":\"7culture2020\"},\"sameAs\":[\"http:\/\/7culture.ci\",\"Claude.kipre\"],\"url\":\"https:\/\/7culture.ci\/index.php\/author\/7culture2020\/\"}]}<\/script>\n<!-- \/ Yoast SEO plugin. -->","yoast_head_json":{"title":"2e \u00e9dition du Prix Cultura\u00a0: Christian Guehi sur la plus haute marche du podium - 7culture","robots":{"index":"index","follow":"follow","max-snippet":"max-snippet:-1","max-image-preview":"max-image-preview:large","max-video-preview":"max-video-preview:-1"},"canonical":"https:\/\/7culture.ci\/index.php\/2024\/11\/17\/2e-edition-du-prix-cultura-christian-guehi-sur-la-plus-haute-marche-du-podium\/","og_locale":"fr_FR","og_type":"article","og_title":"2e \u00e9dition du Prix Cultura\u00a0: Christian Guehi sur la plus haute marche du podium - 7culture","og_description":"Pour le compte du quotidien \u2018\u2019Soir info\u2019\u2019, le journaliste Christian Guehi est le grand laur\u00e9at du Prix Cultura 2024, non sans s\u2019adjuger le prix sectoriel de la cat\u00e9gorie presse \u00e9crite. La c\u00e9r\u00e9monie de r\u00e9compense dudit prix, organis\u00e9e sous le haut patronage de la Grande chanceli\u00e8re honoraire de l\u2019Ordre national Henriette Dagri Diabat\u00e9, a eu lieu, &hellip; 2e \u00e9dition du Prix Cultura\u00a0: Christian Guehi sur la plus haute marche du podium Lire la suite\u00a0\u00bb","og_url":"https:\/\/7culture.ci\/index.php\/2024\/11\/17\/2e-edition-du-prix-cultura-christian-guehi-sur-la-plus-haute-marche-du-podium\/","og_site_name":"7culture","article_publisher":"https:\/\/www.facebook.com\/redchefclaude","article_published_time":"2024-11-17T20:59:31+00:00","article_modified_time":"2024-11-22T20:23:13+00:00","og_image":[{"width":750,"height":455,"url":"http:\/\/7culture.ci\/wp-content\/uploads\/2024\/11\/Bon-1.jpeg","type":"image\/jpeg"}],"author":"7culture2020","twitter_card":"summary_large_image","twitter_creator":"@7culturec","twitter_site":"@7culturec","twitter_misc":{"\u00c9crit par":"7culture2020","Dur\u00e9e de lecture estim\u00e9e":"3 minutes"},"schema":{"@context":"https:\/\/schema.org","@graph":[{"@type":"Article","@id":"https:\/\/7culture.ci\/index.php\/2024\/11\/17\/2e-edition-du-prix-cultura-christian-guehi-sur-la-plus-haute-marche-du-podium\/#article","isPartOf":{"@id":"https:\/\/7culture.ci\/index.php\/2024\/11\/17\/2e-edition-du-prix-cultura-christian-guehi-sur-la-plus-haute-marche-du-podium\/"},"author":{"name":"7culture2020","@id":"https:\/\/7culture.ci\/#\/schema\/person\/16150d28d7ef66ba788c1f87f28c4426"},"headline":"2e \u00e9dition du Prix Cultura\u00a0: Christian Guehi sur la plus haute marche du podium","datePublished":"2024-11-17T20:59:31+00:00","dateModified":"2024-11-22T20:23:13+00:00","mainEntityOfPage":{"@id":"https:\/\/7culture.ci\/index.php\/2024\/11\/17\/2e-edition-du-prix-cultura-christian-guehi-sur-la-plus-haute-marche-du-podium\/"},"wordCount":562,"commentCount":0,"publisher":{"@id":"https:\/\/7culture.ci\/#organization"},"articleSection":["Actualit\u00e9"],"inLanguage":"fr-FR","potentialAction":[{"@type":"CommentAction","name":"Comment","target":["https:\/\/7culture.ci\/index.php\/2024\/11\/17\/2e-edition-du-prix-cultura-christian-guehi-sur-la-plus-haute-marche-du-podium\/#respond"]}]},{"@type":"WebPage","@id":"https:\/\/7culture.ci\/index.php\/2024\/11\/17\/2e-edition-du-prix-cultura-christian-guehi-sur-la-plus-haute-marche-du-podium\/","url":"https:\/\/7culture.ci\/index.php\/2024\/11\/17\/2e-edition-du-prix-cultura-christian-guehi-sur-la-plus-haute-marche-du-podium\/","name":"2e \u00e9dition du Prix Cultura\u00a0: Christian Guehi sur la plus haute marche du podium - 7culture","isPartOf":{"@id":"https:\/\/7culture.ci\/#website"},"datePublished":"2024-11-17T20:59:31+00:00","dateModified":"2024-11-22T20:23:13+00:00","breadcrumb":{"@id":"https:\/\/7culture.ci\/index.php\/2024\/11\/17\/2e-edition-du-prix-cultura-christian-guehi-sur-la-plus-haute-marche-du-podium\/#breadcrumb"},"inLanguage":"fr-FR","potentialAction":[{"@type":"ReadAction","target":["https:\/\/7culture.ci\/index.php\/2024\/11\/17\/2e-edition-du-prix-cultura-christian-guehi-sur-la-plus-haute-marche-du-podium\/"]}]},{"@type":"BreadcrumbList","@id":"https:\/\/7culture.ci\/index.php\/2024\/11\/17\/2e-edition-du-prix-cultura-christian-guehi-sur-la-plus-haute-marche-du-podium\/#breadcrumb","itemListElement":[{"@type":"ListItem","position":1,"name":"Accueil","item":"https:\/\/7culture.ci\/"},{"@type":"ListItem","position":2,"name":"2e \u00e9dition du Prix Cultura\u00a0: Christian Guehi sur la plus haute marche du podium"}]},{"@type":"WebSite","@id":"https:\/\/7culture.ci\/#website","url":"https:\/\/7culture.ci\/","name":"7culture","description":"Tout sur l&#039;actualit\u00e9","publisher":{"@id":"https:\/\/7culture.ci\/#organization"},"potentialAction":[{"@type":"SearchAction","target":{"@type":"EntryPoint","urlTemplate":"https:\/\/7culture.ci\/?s={search_term_string}"},"query-input":"required name=search_term_string"}],"inLanguage":"fr-FR"},{"@type":"Organization","@id":"https:\/\/7culture.ci\/#organization","name":"7culture","url":"https:\/\/7culture.ci\/","sameAs":["https:\/\/www.facebook.com\/redchefclaude","https:\/\/twitter.com\/7culturec"],"logo":{"@type":"ImageObject","inLanguage":"fr-FR","@id":"https:\/\/7culture.ci\/#\/schema\/logo\/image\/","url":"https:\/\/7culture.ci\/wp-content\/uploads\/2021\/12\/S1a-1.png","contentUrl":"https:\/\/7culture.ci\/wp-content\/uploads\/2021\/12\/S1a-1.png","width":588,"height":192,"caption":"7culture"},"image":{"@id":"https:\/\/7culture.ci\/#\/schema\/logo\/image\/"}},{"@type":"Person","@id":"https:\/\/7culture.ci\/#\/schema\/person\/16150d28d7ef66ba788c1f87f28c4426","name":"7culture2020","image":{"@type":"ImageObject","inLanguage":"fr-FR","@id":"https:\/\/7culture.ci\/#\/schema\/person\/image\/","url":"https:\/\/secure.gravatar.com\/avatar\/9a0784f951306c37bcd065f52844ef95?s=96&d=mm&r=g","contentUrl":"https:\/\/secure.gravatar.com\/avatar\/9a0784f951306c37bcd065f52844ef95?s=96&d=mm&r=g","caption":"7culture2020"},"sameAs":["http:\/\/7culture.ci","Claude.kipre"],"url":"https:\/\/7culture.ci\/index.php\/author\/7culture2020\/"}]}},"jetpack_featured_media_url":"https:\/\/7culture.ci\/wp-content\/uploads\/2024\/11\/Bon-1.jpeg","jetpack_likes_enabled":true,"jetpack_sharing_enabled":true,"_links":{"self":[{"href":"https:\/\/7culture.ci\/index.php\/wp-json\/wp\/v2\/posts\/26593"}],"collection":[{"href":"https:\/\/7culture.ci\/index.php\/wp-json\/wp\/v2\/posts"}],"about":[{"href":"https:\/\/7culture.ci\/index.php\/wp-json\/wp\/v2\/types\/post"}],"author":[{"embeddable":true,"href":"https:\/\/7culture.ci\/index.php\/wp-json\/wp\/v2\/users\/1"}],"replies":[{"embeddable":true,"href":"https:\/\/7culture.ci\/index.php\/wp-json\/wp\/v2\/comments?post=26593"}],"version-history":[{"count":1,"href":"https:\/\/7culture.ci\/index.php\/wp-json\/wp\/v2\/posts\/26593\/revisions"}],"predecessor-version":[{"id":26602,"href":"https:\/\/7culture.ci\/index.php\/wp-json\/wp\/v2\/posts\/26593\/revisions\/26602"}],"wp:featuredmedia":[{"embeddable":true,"href":"https:\/\/7culture.ci\/index.php\/wp-json\/wp\/v2\/media\/26604"}],"wp:attachment":[{"href":"https:\/\/7culture.ci\/index.php\/wp-json\/wp\/v2\/media?parent=26593"}],"wp:term":[{"taxonomy":"category","embeddable":true,"href":"https:\/\/7culture.ci\/index.php\/wp-json\/wp\/v2\/categories?post=26593"},{"taxonomy":"post_tag","embeddable":true,"href":"https:\/\/7culture.ci\/index.php\/wp-json\/wp\/v2\/tags?post=26593"}],"curies":[{"name":"wp","href":"https:\/\/api.w.org\/{rel}","templated":true}]}}