{"id":26567,"date":"2024-11-04T08:28:10","date_gmt":"2024-11-04T08:28:10","guid":{"rendered":"https:\/\/7culture.ci\/?p=26567"},"modified":"2024-11-05T07:54:15","modified_gmt":"2024-11-05T07:54:15","slug":"ken-de-korogo-chanteur-reggae-franco-ivoirien-base-a-nantes","status":"publish","type":"post","link":"https:\/\/7culture.ci\/index.php\/2024\/11\/04\/ken-de-korogo-chanteur-reggae-franco-ivoirien-base-a-nantes\/","title":{"rendered":"les jeunes reggaemen doivent travailler davantage\u00a0"},"content":{"rendered":"\n<p><strong><em>L\u2019artiste reggae franco-ivoirien KEN DE KOROGO bas\u00e9 \u00e0 Nantes (France) sera \u00e0 Abidjan dans quelque jours. Pour une s\u00e9rie de concert \u00e0 l\u2019int\u00e9rieur du pays. Il en parle dans cet entretien et ce prononce sur le reggae ivoirien actuel.<\/em><\/strong><\/p>\n\n\n\n<p>Entretien r\u00e9alis\u00e9 par t\u00e9l\u00e9phone par <strong>Eric Cossa<\/strong><\/p>\n\n\n\n<figure class=\"wp-block-image aligncenter size-large is-resized\"><img loading=\"lazy\" decoding=\"async\" width=\"685\" height=\"1024\" src=\"https:\/\/7culture.ci\/wp-content\/uploads\/2024\/11\/WhatsApp-Image-2024-11-03-at-20.34.59-1-685x1024.jpeg\" alt=\"\" class=\"wp-image-26569\" style=\"width:616px;height:auto\" srcset=\"https:\/\/7culture.ci\/wp-content\/uploads\/2024\/11\/WhatsApp-Image-2024-11-03-at-20.34.59-1-685x1024.jpeg 685w, https:\/\/7culture.ci\/wp-content\/uploads\/2024\/11\/WhatsApp-Image-2024-11-03-at-20.34.59-1-201x300.jpeg 201w, https:\/\/7culture.ci\/wp-content\/uploads\/2024\/11\/WhatsApp-Image-2024-11-03-at-20.34.59-1-768x1147.jpeg 768w, https:\/\/7culture.ci\/wp-content\/uploads\/2024\/11\/WhatsApp-Image-2024-11-03-at-20.34.59-1-1028x1536.jpeg 1028w, https:\/\/7culture.ci\/wp-content\/uploads\/2024\/11\/WhatsApp-Image-2024-11-03-at-20.34.59-1.jpeg 1071w\" sizes=\"(max-width: 685px) 100vw, 685px\" \/><\/figure>\n\n\n\n<ul>\n<li><strong>Comment \u00e7a va \u00e0 Nantes&nbsp;?<\/strong><\/li>\n\n\n\n<li>Tr\u00e8s bien. Je suis en plein forme. Je suis toujours en train&nbsp; de&nbsp; composer et r\u00e9fl\u00e9chir \u00e0 des projets musicaux.<\/li>\n\n\n\n<li><strong>Et le reggae \u00e0 Nantes&nbsp;?<\/strong><\/li>\n\n\n\n<li>Il y a toujours de nombreux concerts et festivals \u00e0 Nantes. C\u2019est une ville de reggae . Le public nantais est tr\u00e8s reggae. Il y a des bonnes vibes et \u00e7a fait beaucoup de bien par moments. Et on oublie ce monde de \u2018\u2018brutes\u2019\u2019 d\u2019aujourd\u2019hui<\/li>\n\n\n\n<li><strong>Vous avez fait un passage rapide \u00e0 Abidjan au mois d\u2019avril 2023. C\u2019\u00e9tait \u00e0 quelle occasion&nbsp;?<\/strong><\/li>\n\n\n\n<li>J\u2019\u00e9tais venu travailler avec l\u2019arrangeur Echantion sur mon nouvel album en pr\u00e9paration et qui sortira bient\u00f4t. L\u2019exclusivit\u00e9 sera r\u00e9serv\u00e9e bien \u00e9videment \u00e0 la C\u00f4te d\u2019Ivoire. J\u2019en ai profit\u00e9 pour donner \u00e9galement un concert \u00e0 l\u2019espace AZK \u00e0 Cocody-Blockhauss. J\u2019ai pris aussi des contacts avec des promoteurs de spectacles pour organiser une tourn\u00e9e exclusivement \u00e0 l&#8217;int\u00e9rieur du pays o\u00f9 les artistes reggae ne jouent pas souvent.<\/li>\n\n\n\n<li><strong>C\u2019est vrai que vous n\u2019avez pas souvent donn\u00e9 de concerts \u00e0 l\u2019int\u00e9rieur de la C\u00f4te d\u2019Ivoire\u2026<\/strong><\/li>\n\n\n\n<li>C\u2019est pour cela d\u2019ailleurs que j\u2019ai d\u00e9cid\u00e9 d\u2019aller cette fois-ci \u00e0 la rencontre du peuple reggae dans la C\u00f4te d\u2019Ivoire profonde. Ce sera dans des maquis g\u00e9ants, des espaces ouverts, des bo\u00eetes de nuit et autres salles dans les h\u00f4tels<\/li>\n<\/ul>\n\n\n\n<figure class=\"wp-block-image aligncenter size-large is-resized\"><img loading=\"lazy\" decoding=\"async\" width=\"1024\" height=\"685\" src=\"https:\/\/7culture.ci\/wp-content\/uploads\/2024\/11\/WhatsApp-Image-2024-11-03-at-20.34.59-2-1024x685.jpeg\" alt=\"\" class=\"wp-image-26570\" style=\"width:768px;height:auto\" srcset=\"https:\/\/7culture.ci\/wp-content\/uploads\/2024\/11\/WhatsApp-Image-2024-11-03-at-20.34.59-2-1024x685.jpeg 1024w, https:\/\/7culture.ci\/wp-content\/uploads\/2024\/11\/WhatsApp-Image-2024-11-03-at-20.34.59-2-300x201.jpeg 300w, https:\/\/7culture.ci\/wp-content\/uploads\/2024\/11\/WhatsApp-Image-2024-11-03-at-20.34.59-2-768x514.jpeg 768w, https:\/\/7culture.ci\/wp-content\/uploads\/2024\/11\/WhatsApp-Image-2024-11-03-at-20.34.59-2-1536x1028.jpeg 1536w, https:\/\/7culture.ci\/wp-content\/uploads\/2024\/11\/WhatsApp-Image-2024-11-03-at-20.34.59-2.jpeg 1600w\" sizes=\"(max-width: 1024px) 100vw, 1024px\" \/><\/figure>\n\n\n\n<p>C\u2019est un projet qui me tient \u00e0 c\u0153ur et je veux le r\u00e9aliser dans quelques semaines, quand je serai au bord de la lagune Ebri\u00e9.<\/p>\n\n\n\n<figure class=\"wp-block-image aligncenter size-large is-resized\"><img loading=\"lazy\" decoding=\"async\" width=\"769\" height=\"1024\" src=\"https:\/\/7culture.ci\/wp-content\/uploads\/2024\/11\/WhatsApp-Image-2024-11-03-at-20.35.00-769x1024.jpeg\" alt=\"\" class=\"wp-image-26573\" style=\"width:281px;height:auto\" srcset=\"https:\/\/7culture.ci\/wp-content\/uploads\/2024\/11\/WhatsApp-Image-2024-11-03-at-20.35.00-769x1024.jpeg 769w, https:\/\/7culture.ci\/wp-content\/uploads\/2024\/11\/WhatsApp-Image-2024-11-03-at-20.35.00-225x300.jpeg 225w, https:\/\/7culture.ci\/wp-content\/uploads\/2024\/11\/WhatsApp-Image-2024-11-03-at-20.35.00-768x1023.jpeg 768w, https:\/\/7culture.ci\/wp-content\/uploads\/2024\/11\/WhatsApp-Image-2024-11-03-at-20.35.00-1153x1536.jpeg 1153w, https:\/\/7culture.ci\/wp-content\/uploads\/2024\/11\/WhatsApp-Image-2024-11-03-at-20.35.00.jpeg 1537w\" sizes=\"(max-width: 769px) 100vw, 769px\" \/><\/figure>\n\n\n\n<ul>\n<li><strong>Vous connaissez bien le reggae ivoirien, comment le trouvez-vous aujourd\u2019hui&nbsp;?<\/strong><\/li>\n\n\n\n<li>Il est toujours au top. Abidjan demeure la deuxi\u00e8me capitale mondiale du reggae, apr\u00e8s Kingston. Il faut cependant que la rel\u00e8ve travaille&nbsp; beaucoup pour atteindre la dimension des Alpha Blondy,Tiken Jah et autres qui font la fiert\u00e9 du reggae africain et sont tr\u00e8s appr\u00e9ci\u00e9s \u00e0 travers le monde.<\/li>\n<\/ul>\n","protected":false},"excerpt":{"rendered":"<p>L\u2019artiste reggae franco-ivoirien KEN DE KOROGO bas\u00e9 \u00e0 Nantes (France) sera \u00e0 Abidjan dans quelque jours. Pour une s\u00e9rie de concert \u00e0 l\u2019int\u00e9rieur du pays. Il en parle dans cet entretien et ce prononce sur le reggae ivoirien actuel. Entretien r\u00e9alis\u00e9 par t\u00e9l\u00e9phone par Eric Cossa C\u2019est un projet qui me tient \u00e0 c\u0153ur et &hellip;<\/p>\n<p class=\"read-more\"> <a class=\"\" href=\"https:\/\/7culture.ci\/index.php\/2024\/11\/04\/ken-de-korogo-chanteur-reggae-franco-ivoirien-base-a-nantes\/\"> <span class=\"screen-reader-text\">les jeunes reggaemen doivent travailler davantage\u00a0<\/span> Lire la suite\u00a0\u00bb<\/a><\/p>\n","protected":false},"author":3,"featured_media":26571,"comment_status":"open","ping_status":"open","sticky":false,"template":"","format":"standard","meta":{"_mi_skip_tracking":false,"_monsterinsights_sitenote_active":false,"_monsterinsights_sitenote_note":"","_monsterinsights_sitenote_category":0,"site-sidebar-layout":"default","site-content-layout":"default","ast-global-header-display":"","ast-main-header-display":"","ast-hfb-above-header-display":"","ast-hfb-below-header-display":"","ast-hfb-mobile-header-display":"","site-post-title":"","ast-breadcrumbs-content":"","ast-featured-img":"","footer-sml-layout":"","theme-transparent-header-meta":"","adv-header-id-meta":"","stick-header-meta":"","header-above-stick-meta":"","header-main-stick-meta":"","header-below-stick-meta":"","footnotes":"","jetpack_publicize_message":"","jetpack_is_tweetstorm":false,"jetpack_publicize_feature_enabled":true},"categories":[1],"tags":[],"jetpack_publicize_connections":[],"acf":[],"aioseo_notices":[],"yoast_head":"<!-- This site is optimized with the Yoast SEO plugin v19.6.1 - https:\/\/yoast.com\/wordpress\/plugins\/seo\/ -->\n<title>les jeunes reggaemen doivent travailler davantage\u00a0 - 7culture<\/title>\n<meta name=\"robots\" content=\"index, follow, max-snippet:-1, max-image-preview:large, max-video-preview:-1\" \/>\n<link rel=\"canonical\" href=\"https:\/\/7culture.ci\/index.php\/2024\/11\/04\/ken-de-korogo-chanteur-reggae-franco-ivoirien-base-a-nantes\/\" \/>\n<meta property=\"og:locale\" content=\"fr_FR\" \/>\n<meta property=\"og:type\" content=\"article\" \/>\n<meta property=\"og:title\" content=\"les jeunes reggaemen doivent travailler davantage\u00a0 - 7culture\" \/>\n<meta property=\"og:description\" content=\"L\u2019artiste reggae franco-ivoirien KEN DE KOROGO bas\u00e9 \u00e0 Nantes (France) sera \u00e0 Abidjan dans quelque jours. Pour une s\u00e9rie de concert \u00e0 l\u2019int\u00e9rieur du pays. Il en parle dans cet entretien et ce prononce sur le reggae ivoirien actuel. Entretien r\u00e9alis\u00e9 par t\u00e9l\u00e9phone par Eric Cossa C\u2019est un projet qui me tient \u00e0 c\u0153ur et &hellip; les jeunes reggaemen doivent travailler davantage\u00a0 Lire la suite\u00a0\u00bb\" \/>\n<meta property=\"og:url\" content=\"https:\/\/7culture.ci\/index.php\/2024\/11\/04\/ken-de-korogo-chanteur-reggae-franco-ivoirien-base-a-nantes\/\" \/>\n<meta property=\"og:site_name\" content=\"7culture\" \/>\n<meta property=\"article:publisher\" content=\"https:\/\/www.facebook.com\/redchefclaude\" \/>\n<meta property=\"article:published_time\" content=\"2024-11-04T08:28:10+00:00\" \/>\n<meta property=\"article:modified_time\" content=\"2024-11-05T07:54:15+00:00\" \/>\n<meta property=\"og:image\" content=\"http:\/\/7culture.ci\/wp-content\/uploads\/2024\/11\/WhatsApp-Image-2024-11-03-at-20.34.59.jpeg\" \/>\n\t<meta property=\"og:image:width\" content=\"1600\" \/>\n\t<meta property=\"og:image:height\" content=\"1032\" \/>\n\t<meta property=\"og:image:type\" content=\"image\/jpeg\" \/>\n<meta name=\"author\" content=\"Fahizu FAKAYODE\" \/>\n<meta name=\"twitter:card\" content=\"summary_large_image\" \/>\n<meta name=\"twitter:creator\" content=\"@7culturec\" \/>\n<meta name=\"twitter:site\" content=\"@7culturec\" \/>\n<meta name=\"twitter:label1\" content=\"\u00c9crit par\" \/>\n\t<meta name=\"twitter:data1\" content=\"Fahizu FAKAYODE\" \/>\n\t<meta name=\"twitter:label2\" content=\"Dur\u00e9e de lecture estim\u00e9e\" \/>\n\t<meta name=\"twitter:data2\" content=\"2 minutes\" \/>\n<script type=\"application\/ld+json\" class=\"yoast-schema-graph\">{\"@context\":\"https:\/\/schema.org\",\"@graph\":[{\"@type\":\"Article\",\"@id\":\"https:\/\/7culture.ci\/index.php\/2024\/11\/04\/ken-de-korogo-chanteur-reggae-franco-ivoirien-base-a-nantes\/#article\",\"isPartOf\":{\"@id\":\"https:\/\/7culture.ci\/index.php\/2024\/11\/04\/ken-de-korogo-chanteur-reggae-franco-ivoirien-base-a-nantes\/\"},\"author\":{\"name\":\"Fahizu FAKAYODE\",\"@id\":\"https:\/\/7culture.ci\/#\/schema\/person\/73d24461f401f2fd27e46591435caafc\"},\"headline\":\"les jeunes reggaemen doivent travailler davantage\u00a0\",\"datePublished\":\"2024-11-04T08:28:10+00:00\",\"dateModified\":\"2024-11-05T07:54:15+00:00\",\"mainEntityOfPage\":{\"@id\":\"https:\/\/7culture.ci\/index.php\/2024\/11\/04\/ken-de-korogo-chanteur-reggae-franco-ivoirien-base-a-nantes\/\"},\"wordCount\":392,\"commentCount\":0,\"publisher\":{\"@id\":\"https:\/\/7culture.ci\/#organization\"},\"inLanguage\":\"fr-FR\",\"potentialAction\":[{\"@type\":\"CommentAction\",\"name\":\"Comment\",\"target\":[\"https:\/\/7culture.ci\/index.php\/2024\/11\/04\/ken-de-korogo-chanteur-reggae-franco-ivoirien-base-a-nantes\/#respond\"]}]},{\"@type\":\"WebPage\",\"@id\":\"https:\/\/7culture.ci\/index.php\/2024\/11\/04\/ken-de-korogo-chanteur-reggae-franco-ivoirien-base-a-nantes\/\",\"url\":\"https:\/\/7culture.ci\/index.php\/2024\/11\/04\/ken-de-korogo-chanteur-reggae-franco-ivoirien-base-a-nantes\/\",\"name\":\"les jeunes reggaemen doivent travailler davantage\u00a0 - 7culture\",\"isPartOf\":{\"@id\":\"https:\/\/7culture.ci\/#website\"},\"datePublished\":\"2024-11-04T08:28:10+00:00\",\"dateModified\":\"2024-11-05T07:54:15+00:00\",\"breadcrumb\":{\"@id\":\"https:\/\/7culture.ci\/index.php\/2024\/11\/04\/ken-de-korogo-chanteur-reggae-franco-ivoirien-base-a-nantes\/#breadcrumb\"},\"inLanguage\":\"fr-FR\",\"potentialAction\":[{\"@type\":\"ReadAction\",\"target\":[\"https:\/\/7culture.ci\/index.php\/2024\/11\/04\/ken-de-korogo-chanteur-reggae-franco-ivoirien-base-a-nantes\/\"]}]},{\"@type\":\"BreadcrumbList\",\"@id\":\"https:\/\/7culture.ci\/index.php\/2024\/11\/04\/ken-de-korogo-chanteur-reggae-franco-ivoirien-base-a-nantes\/#breadcrumb\",\"itemListElement\":[{\"@type\":\"ListItem\",\"position\":1,\"name\":\"Accueil\",\"item\":\"https:\/\/7culture.ci\/\"},{\"@type\":\"ListItem\",\"position\":2,\"name\":\"les jeunes reggaemen doivent travailler davantage\u00a0\"}]},{\"@type\":\"WebSite\",\"@id\":\"https:\/\/7culture.ci\/#website\",\"url\":\"https:\/\/7culture.ci\/\",\"name\":\"7culture\",\"description\":\"Tout sur l&#039;actualit\u00e9\",\"publisher\":{\"@id\":\"https:\/\/7culture.ci\/#organization\"},\"potentialAction\":[{\"@type\":\"SearchAction\",\"target\":{\"@type\":\"EntryPoint\",\"urlTemplate\":\"https:\/\/7culture.ci\/?s={search_term_string}\"},\"query-input\":\"required name=search_term_string\"}],\"inLanguage\":\"fr-FR\"},{\"@type\":\"Organization\",\"@id\":\"https:\/\/7culture.ci\/#organization\",\"name\":\"7culture\",\"url\":\"https:\/\/7culture.ci\/\",\"sameAs\":[\"https:\/\/www.facebook.com\/redchefclaude\",\"https:\/\/twitter.com\/7culturec\"],\"logo\":{\"@type\":\"ImageObject\",\"inLanguage\":\"fr-FR\",\"@id\":\"https:\/\/7culture.ci\/#\/schema\/logo\/image\/\",\"url\":\"https:\/\/7culture.ci\/wp-content\/uploads\/2021\/12\/S1a-1.png\",\"contentUrl\":\"https:\/\/7culture.ci\/wp-content\/uploads\/2021\/12\/S1a-1.png\",\"width\":588,\"height\":192,\"caption\":\"7culture\"},\"image\":{\"@id\":\"https:\/\/7culture.ci\/#\/schema\/logo\/image\/\"}},{\"@type\":\"Person\",\"@id\":\"https:\/\/7culture.ci\/#\/schema\/person\/73d24461f401f2fd27e46591435caafc\",\"name\":\"Fahizu FAKAYODE\",\"image\":{\"@type\":\"ImageObject\",\"inLanguage\":\"fr-FR\",\"@id\":\"https:\/\/7culture.ci\/#\/schema\/person\/image\/\",\"url\":\"https:\/\/secure.gravatar.com\/avatar\/ac3baef8c34a343dc153cb0854a9dbc5?s=96&d=mm&r=g\",\"contentUrl\":\"https:\/\/secure.gravatar.com\/avatar\/ac3baef8c34a343dc153cb0854a9dbc5?s=96&d=mm&r=g\",\"caption\":\"Fahizu FAKAYODE\"},\"url\":\"https:\/\/7culture.ci\/index.php\/author\/fahizu-fakayode\/\"}]}<\/script>\n<!-- \/ Yoast SEO plugin. -->","yoast_head_json":{"title":"les jeunes reggaemen doivent travailler davantage\u00a0 - 7culture","robots":{"index":"index","follow":"follow","max-snippet":"max-snippet:-1","max-image-preview":"max-image-preview:large","max-video-preview":"max-video-preview:-1"},"canonical":"https:\/\/7culture.ci\/index.php\/2024\/11\/04\/ken-de-korogo-chanteur-reggae-franco-ivoirien-base-a-nantes\/","og_locale":"fr_FR","og_type":"article","og_title":"les jeunes reggaemen doivent travailler davantage\u00a0 - 7culture","og_description":"L\u2019artiste reggae franco-ivoirien KEN DE KOROGO bas\u00e9 \u00e0 Nantes (France) sera \u00e0 Abidjan dans quelque jours. Pour une s\u00e9rie de concert \u00e0 l\u2019int\u00e9rieur du pays. Il en parle dans cet entretien et ce prononce sur le reggae ivoirien actuel. Entretien r\u00e9alis\u00e9 par t\u00e9l\u00e9phone par Eric Cossa C\u2019est un projet qui me tient \u00e0 c\u0153ur et &hellip; les jeunes reggaemen doivent travailler davantage\u00a0 Lire la suite\u00a0\u00bb","og_url":"https:\/\/7culture.ci\/index.php\/2024\/11\/04\/ken-de-korogo-chanteur-reggae-franco-ivoirien-base-a-nantes\/","og_site_name":"7culture","article_publisher":"https:\/\/www.facebook.com\/redchefclaude","article_published_time":"2024-11-04T08:28:10+00:00","article_modified_time":"2024-11-05T07:54:15+00:00","og_image":[{"width":1600,"height":1032,"url":"http:\/\/7culture.ci\/wp-content\/uploads\/2024\/11\/WhatsApp-Image-2024-11-03-at-20.34.59.jpeg","type":"image\/jpeg"}],"author":"Fahizu FAKAYODE","twitter_card":"summary_large_image","twitter_creator":"@7culturec","twitter_site":"@7culturec","twitter_misc":{"\u00c9crit par":"Fahizu FAKAYODE","Dur\u00e9e de lecture estim\u00e9e":"2 minutes"},"schema":{"@context":"https:\/\/schema.org","@graph":[{"@type":"Article","@id":"https:\/\/7culture.ci\/index.php\/2024\/11\/04\/ken-de-korogo-chanteur-reggae-franco-ivoirien-base-a-nantes\/#article","isPartOf":{"@id":"https:\/\/7culture.ci\/index.php\/2024\/11\/04\/ken-de-korogo-chanteur-reggae-franco-ivoirien-base-a-nantes\/"},"author":{"name":"Fahizu FAKAYODE","@id":"https:\/\/7culture.ci\/#\/schema\/person\/73d24461f401f2fd27e46591435caafc"},"headline":"les jeunes reggaemen doivent travailler davantage\u00a0","datePublished":"2024-11-04T08:28:10+00:00","dateModified":"2024-11-05T07:54:15+00:00","mainEntityOfPage":{"@id":"https:\/\/7culture.ci\/index.php\/2024\/11\/04\/ken-de-korogo-chanteur-reggae-franco-ivoirien-base-a-nantes\/"},"wordCount":392,"commentCount":0,"publisher":{"@id":"https:\/\/7culture.ci\/#organization"},"inLanguage":"fr-FR","potentialAction":[{"@type":"CommentAction","name":"Comment","target":["https:\/\/7culture.ci\/index.php\/2024\/11\/04\/ken-de-korogo-chanteur-reggae-franco-ivoirien-base-a-nantes\/#respond"]}]},{"@type":"WebPage","@id":"https:\/\/7culture.ci\/index.php\/2024\/11\/04\/ken-de-korogo-chanteur-reggae-franco-ivoirien-base-a-nantes\/","url":"https:\/\/7culture.ci\/index.php\/2024\/11\/04\/ken-de-korogo-chanteur-reggae-franco-ivoirien-base-a-nantes\/","name":"les jeunes reggaemen doivent travailler davantage\u00a0 - 7culture","isPartOf":{"@id":"https:\/\/7culture.ci\/#website"},"datePublished":"2024-11-04T08:28:10+00:00","dateModified":"2024-11-05T07:54:15+00:00","breadcrumb":{"@id":"https:\/\/7culture.ci\/index.php\/2024\/11\/04\/ken-de-korogo-chanteur-reggae-franco-ivoirien-base-a-nantes\/#breadcrumb"},"inLanguage":"fr-FR","potentialAction":[{"@type":"ReadAction","target":["https:\/\/7culture.ci\/index.php\/2024\/11\/04\/ken-de-korogo-chanteur-reggae-franco-ivoirien-base-a-nantes\/"]}]},{"@type":"BreadcrumbList","@id":"https:\/\/7culture.ci\/index.php\/2024\/11\/04\/ken-de-korogo-chanteur-reggae-franco-ivoirien-base-a-nantes\/#breadcrumb","itemListElement":[{"@type":"ListItem","position":1,"name":"Accueil","item":"https:\/\/7culture.ci\/"},{"@type":"ListItem","position":2,"name":"les jeunes reggaemen doivent travailler davantage\u00a0"}]},{"@type":"WebSite","@id":"https:\/\/7culture.ci\/#website","url":"https:\/\/7culture.ci\/","name":"7culture","description":"Tout sur l&#039;actualit\u00e9","publisher":{"@id":"https:\/\/7culture.ci\/#organization"},"potentialAction":[{"@type":"SearchAction","target":{"@type":"EntryPoint","urlTemplate":"https:\/\/7culture.ci\/?s={search_term_string}"},"query-input":"required name=search_term_string"}],"inLanguage":"fr-FR"},{"@type":"Organization","@id":"https:\/\/7culture.ci\/#organization","name":"7culture","url":"https:\/\/7culture.ci\/","sameAs":["https:\/\/www.facebook.com\/redchefclaude","https:\/\/twitter.com\/7culturec"],"logo":{"@type":"ImageObject","inLanguage":"fr-FR","@id":"https:\/\/7culture.ci\/#\/schema\/logo\/image\/","url":"https:\/\/7culture.ci\/wp-content\/uploads\/2021\/12\/S1a-1.png","contentUrl":"https:\/\/7culture.ci\/wp-content\/uploads\/2021\/12\/S1a-1.png","width":588,"height":192,"caption":"7culture"},"image":{"@id":"https:\/\/7culture.ci\/#\/schema\/logo\/image\/"}},{"@type":"Person","@id":"https:\/\/7culture.ci\/#\/schema\/person\/73d24461f401f2fd27e46591435caafc","name":"Fahizu FAKAYODE","image":{"@type":"ImageObject","inLanguage":"fr-FR","@id":"https:\/\/7culture.ci\/#\/schema\/person\/image\/","url":"https:\/\/secure.gravatar.com\/avatar\/ac3baef8c34a343dc153cb0854a9dbc5?s=96&d=mm&r=g","contentUrl":"https:\/\/secure.gravatar.com\/avatar\/ac3baef8c34a343dc153cb0854a9dbc5?s=96&d=mm&r=g","caption":"Fahizu FAKAYODE"},"url":"https:\/\/7culture.ci\/index.php\/author\/fahizu-fakayode\/"}]}},"jetpack_featured_media_url":"https:\/\/7culture.ci\/wp-content\/uploads\/2024\/11\/WhatsApp-Image-2024-11-03-at-20.34.59.jpeg","jetpack_likes_enabled":true,"jetpack_sharing_enabled":true,"_links":{"self":[{"href":"https:\/\/7culture.ci\/index.php\/wp-json\/wp\/v2\/posts\/26567"}],"collection":[{"href":"https:\/\/7culture.ci\/index.php\/wp-json\/wp\/v2\/posts"}],"about":[{"href":"https:\/\/7culture.ci\/index.php\/wp-json\/wp\/v2\/types\/post"}],"author":[{"embeddable":true,"href":"https:\/\/7culture.ci\/index.php\/wp-json\/wp\/v2\/users\/3"}],"replies":[{"embeddable":true,"href":"https:\/\/7culture.ci\/index.php\/wp-json\/wp\/v2\/comments?post=26567"}],"version-history":[{"count":3,"href":"https:\/\/7culture.ci\/index.php\/wp-json\/wp\/v2\/posts\/26567\/revisions"}],"predecessor-version":[{"id":26575,"href":"https:\/\/7culture.ci\/index.php\/wp-json\/wp\/v2\/posts\/26567\/revisions\/26575"}],"wp:featuredmedia":[{"embeddable":true,"href":"https:\/\/7culture.ci\/index.php\/wp-json\/wp\/v2\/media\/26571"}],"wp:attachment":[{"href":"https:\/\/7culture.ci\/index.php\/wp-json\/wp\/v2\/media?parent=26567"}],"wp:term":[{"taxonomy":"category","embeddable":true,"href":"https:\/\/7culture.ci\/index.php\/wp-json\/wp\/v2\/categories?post=26567"},{"taxonomy":"post_tag","embeddable":true,"href":"https:\/\/7culture.ci\/index.php\/wp-json\/wp\/v2\/tags?post=26567"}],"curies":[{"name":"wp","href":"https:\/\/api.w.org\/{rel}","templated":true}]}}