{"id":26494,"date":"2024-09-06T10:27:11","date_gmt":"2024-09-06T10:27:11","guid":{"rendered":"https:\/\/7culture.ci\/?p=26494"},"modified":"2024-09-20T14:40:28","modified_gmt":"2024-09-20T14:40:28","slug":"tele-les-rois-du-ciseau-font-chorus-sur-sud1ere","status":"publish","type":"post","link":"https:\/\/7culture.ci\/index.php\/2024\/09\/06\/tele-les-rois-du-ciseau-font-chorus-sur-sud1ere\/","title":{"rendered":"T\u00e9l\u00e9\/Les Rois du Ciseau font Chorus sur SUD1\u00e8re"},"content":{"rendered":"\n<p>C\u2019est la rentr\u00e9e audiovisuelle sur SUD1\u00e8re, la nouvelle cha\u00eene de t\u00e9l\u00e9vision dans le paysage audiovisuel ivoirien. La cha\u00eene, visible sur le canal 47 du bouquet de Canal+ Afrique et au num\u00e9ro 20 d\u2019Orange Tv, lance deux \u00e9missions phares pour sa rentr\u00e9e. Tout d\u00e9marre avec le c\u00e9l\u00e8bre mannequin ivoirien, Isabelle B\u00e9k\u00e9, qui commence la soir\u00e9e de samedi 7 septembre 2024 \u00e0 18h30 avec \u2018\u2019Les Rois du Ciseau\u2019\u2019. C\u2019est un programme qui met en comp\u00e9tition de jeunes cr\u00e9ateurs de mode. Il permet de suivre le d\u00e9licat processus de confection des tenues de haute couture. Dans cette formule, Gilles Tour\u00e9 et Isabelle Anoh sont deux des membres d\u2019un jury professionnel qui ne laisse d\u00e9passer aucun fil sur les confections des candidats.<\/p>\n\n\n\n<figure class=\"wp-block-image size-large\"><img loading=\"lazy\" decoding=\"async\" width=\"1024\" height=\"683\" src=\"https:\/\/7culture.ci\/wp-content\/uploads\/2024\/09\/Les-rois-1024x683.jpg\" alt=\"\" class=\"wp-image-26497\" srcset=\"https:\/\/7culture.ci\/wp-content\/uploads\/2024\/09\/Les-rois-1024x683.jpg 1024w, https:\/\/7culture.ci\/wp-content\/uploads\/2024\/09\/Les-rois-300x200.jpg 300w, https:\/\/7culture.ci\/wp-content\/uploads\/2024\/09\/Les-rois-768x512.jpg 768w, https:\/\/7culture.ci\/wp-content\/uploads\/2024\/09\/Les-rois-1536x1024.jpg 1536w, https:\/\/7culture.ci\/wp-content\/uploads\/2024\/09\/Les-rois.jpg 1944w\" sizes=\"(max-width: 1024px) 100vw, 1024px\" \/><\/figure>\n\n\n\n<p>Toujours ce samedi 7 septembre 2024 apr\u00e8s l\u2019\u00e9mission haute couture, SUD1\u00e8re permettra aussi aux t\u00e9l\u00e9spectateurs d\u2019\u00eatre aux premi\u00e8res loges pour vivre le son live des orchestres en comp\u00e9tition pour le Grand Prix Manu Dibango dans la tranche \u2018\u2019Chorus\u2019\u2019. La plus belle voix de ces orchestres recevra le Prix Bailly Spinto du meilleur chanteur. \u2018\u2019Chorus\u2019\u2019 fait ainsi son retour au micro de l\u2019un des meilleurs animateurs de la diaspora africaine en Europe, Ephrem Youpko. Ce sera \u00e0 20h10.<\/p>\n\n\n\n<figure class=\"wp-block-gallery has-nested-images columns-default is-cropped wp-block-gallery-1 is-layout-flex wp-block-gallery-is-layout-flex\">\n<figure class=\"wp-block-image size-large\"><img loading=\"lazy\" decoding=\"async\" width=\"959\" height=\"960\" data-id=\"26499\" src=\"https:\/\/7culture.ci\/wp-content\/uploads\/2024\/09\/ch2.jpg\" alt=\"\" class=\"wp-image-26499\" srcset=\"https:\/\/7culture.ci\/wp-content\/uploads\/2024\/09\/ch2.jpg 959w, https:\/\/7culture.ci\/wp-content\/uploads\/2024\/09\/ch2-300x300.jpg 300w, https:\/\/7culture.ci\/wp-content\/uploads\/2024\/09\/ch2-150x150.jpg 150w, https:\/\/7culture.ci\/wp-content\/uploads\/2024\/09\/ch2-768x769.jpg 768w, https:\/\/7culture.ci\/wp-content\/uploads\/2024\/09\/ch2-65x65.jpg 65w\" sizes=\"(max-width: 959px) 100vw, 959px\" \/><\/figure>\n\n\n\n<figure class=\"wp-block-image size-large\"><img loading=\"lazy\" decoding=\"async\" width=\"896\" height=\"782\" data-id=\"26500\" src=\"https:\/\/7culture.ci\/wp-content\/uploads\/2024\/09\/ch3-1.jpg\" alt=\"\" class=\"wp-image-26500\" srcset=\"https:\/\/7culture.ci\/wp-content\/uploads\/2024\/09\/ch3-1.jpg 896w, https:\/\/7culture.ci\/wp-content\/uploads\/2024\/09\/ch3-1-300x262.jpg 300w, https:\/\/7culture.ci\/wp-content\/uploads\/2024\/09\/ch3-1-768x670.jpg 768w\" sizes=\"(max-width: 896px) 100vw, 896px\" \/><\/figure>\n<\/figure>\n\n\n\n<p>Avec ces deux programmes all\u00e9chants, on ne peut que dire, bon spectacle sur SUD1\u00e8re, \u2018\u2019La nouvelle petite qui ose\u2019\u2019, en se rappelant du slogan de la cha\u00eene.<\/p>\n\n\n\n<p>Par DT<\/p>\n","protected":false},"excerpt":{"rendered":"<p>C\u2019est la rentr\u00e9e audiovisuelle sur SUD1\u00e8re, la nouvelle cha\u00eene de t\u00e9l\u00e9vision dans le paysage audiovisuel ivoirien. La cha\u00eene, visible sur le canal 47 du bouquet de Canal+ Afrique et au num\u00e9ro 20 d\u2019Orange Tv, lance deux \u00e9missions phares pour sa rentr\u00e9e. Tout d\u00e9marre avec le c\u00e9l\u00e8bre mannequin ivoirien, Isabelle B\u00e9k\u00e9, qui commence la soir\u00e9e de &hellip;<\/p>\n<p class=\"read-more\"> <a class=\"\" href=\"https:\/\/7culture.ci\/index.php\/2024\/09\/06\/tele-les-rois-du-ciseau-font-chorus-sur-sud1ere\/\"> <span class=\"screen-reader-text\">T\u00e9l\u00e9\/Les Rois du Ciseau font Chorus sur SUD1\u00e8re<\/span> Lire la suite\u00a0\u00bb<\/a><\/p>\n","protected":false},"author":1,"featured_media":26496,"comment_status":"open","ping_status":"open","sticky":false,"template":"","format":"standard","meta":{"_mi_skip_tracking":false,"_monsterinsights_sitenote_active":false,"_monsterinsights_sitenote_note":"","_monsterinsights_sitenote_category":0,"site-sidebar-layout":"default","site-content-layout":"default","ast-global-header-display":"","ast-main-header-display":"","ast-hfb-above-header-display":"","ast-hfb-below-header-display":"","ast-hfb-mobile-header-display":"","site-post-title":"","ast-breadcrumbs-content":"","ast-featured-img":"","footer-sml-layout":"","theme-transparent-header-meta":"","adv-header-id-meta":"","stick-header-meta":"","header-above-stick-meta":"","header-main-stick-meta":"","header-below-stick-meta":"","footnotes":"","jetpack_publicize_message":"","jetpack_is_tweetstorm":false,"jetpack_publicize_feature_enabled":true},"categories":[22],"tags":[],"jetpack_publicize_connections":[],"acf":[],"aioseo_notices":[],"yoast_head":"<!-- This site is optimized with the Yoast SEO plugin v19.6.1 - https:\/\/yoast.com\/wordpress\/plugins\/seo\/ -->\n<title>T\u00e9l\u00e9\/Les Rois du Ciseau font Chorus sur SUD1\u00e8re - 7culture<\/title>\n<meta name=\"robots\" content=\"index, follow, max-snippet:-1, max-image-preview:large, max-video-preview:-1\" \/>\n<link rel=\"canonical\" href=\"https:\/\/7culture.ci\/index.php\/2024\/09\/06\/tele-les-rois-du-ciseau-font-chorus-sur-sud1ere\/\" \/>\n<meta property=\"og:locale\" content=\"fr_FR\" \/>\n<meta property=\"og:type\" content=\"article\" \/>\n<meta property=\"og:title\" content=\"T\u00e9l\u00e9\/Les Rois du Ciseau font Chorus sur SUD1\u00e8re - 7culture\" \/>\n<meta property=\"og:description\" content=\"C\u2019est la rentr\u00e9e audiovisuelle sur SUD1\u00e8re, la nouvelle cha\u00eene de t\u00e9l\u00e9vision dans le paysage audiovisuel ivoirien. La cha\u00eene, visible sur le canal 47 du bouquet de Canal+ Afrique et au num\u00e9ro 20 d\u2019Orange Tv, lance deux \u00e9missions phares pour sa rentr\u00e9e. Tout d\u00e9marre avec le c\u00e9l\u00e8bre mannequin ivoirien, Isabelle B\u00e9k\u00e9, qui commence la soir\u00e9e de &hellip; T\u00e9l\u00e9\/Les Rois du Ciseau font Chorus sur SUD1\u00e8re Lire la suite\u00a0\u00bb\" \/>\n<meta property=\"og:url\" content=\"https:\/\/7culture.ci\/index.php\/2024\/09\/06\/tele-les-rois-du-ciseau-font-chorus-sur-sud1ere\/\" \/>\n<meta property=\"og:site_name\" content=\"7culture\" \/>\n<meta property=\"article:publisher\" content=\"https:\/\/www.facebook.com\/redchefclaude\" \/>\n<meta property=\"article:published_time\" content=\"2024-09-06T10:27:11+00:00\" \/>\n<meta property=\"article:modified_time\" content=\"2024-09-20T14:40:28+00:00\" \/>\n<meta property=\"og:image\" content=\"http:\/\/7culture.ci\/wp-content\/uploads\/2024\/09\/ch1.jpg\" \/>\n\t<meta property=\"og:image:width\" content=\"1024\" \/>\n\t<meta property=\"og:image:height\" content=\"683\" \/>\n\t<meta property=\"og:image:type\" content=\"image\/jpeg\" \/>\n<meta name=\"author\" content=\"7culture2020\" \/>\n<meta name=\"twitter:card\" content=\"summary_large_image\" \/>\n<meta name=\"twitter:creator\" content=\"@7culturec\" \/>\n<meta name=\"twitter:site\" content=\"@7culturec\" \/>\n<meta name=\"twitter:label1\" content=\"\u00c9crit par\" \/>\n\t<meta name=\"twitter:data1\" content=\"7culture2020\" \/>\n\t<meta name=\"twitter:label2\" content=\"Dur\u00e9e de lecture estim\u00e9e\" \/>\n\t<meta name=\"twitter:data2\" content=\"1 minute\" \/>\n<script type=\"application\/ld+json\" class=\"yoast-schema-graph\">{\"@context\":\"https:\/\/schema.org\",\"@graph\":[{\"@type\":\"Article\",\"@id\":\"https:\/\/7culture.ci\/index.php\/2024\/09\/06\/tele-les-rois-du-ciseau-font-chorus-sur-sud1ere\/#article\",\"isPartOf\":{\"@id\":\"https:\/\/7culture.ci\/index.php\/2024\/09\/06\/tele-les-rois-du-ciseau-font-chorus-sur-sud1ere\/\"},\"author\":{\"name\":\"7culture2020\",\"@id\":\"https:\/\/7culture.ci\/#\/schema\/person\/16150d28d7ef66ba788c1f87f28c4426\"},\"headline\":\"T\u00e9l\u00e9\/Les Rois du Ciseau font Chorus sur SUD1\u00e8re\",\"datePublished\":\"2024-09-06T10:27:11+00:00\",\"dateModified\":\"2024-09-20T14:40:28+00:00\",\"mainEntityOfPage\":{\"@id\":\"https:\/\/7culture.ci\/index.php\/2024\/09\/06\/tele-les-rois-du-ciseau-font-chorus-sur-sud1ere\/\"},\"wordCount\":260,\"commentCount\":0,\"publisher\":{\"@id\":\"https:\/\/7culture.ci\/#organization\"},\"articleSection\":[\"Actualit\u00e9\"],\"inLanguage\":\"fr-FR\",\"potentialAction\":[{\"@type\":\"CommentAction\",\"name\":\"Comment\",\"target\":[\"https:\/\/7culture.ci\/index.php\/2024\/09\/06\/tele-les-rois-du-ciseau-font-chorus-sur-sud1ere\/#respond\"]}]},{\"@type\":\"WebPage\",\"@id\":\"https:\/\/7culture.ci\/index.php\/2024\/09\/06\/tele-les-rois-du-ciseau-font-chorus-sur-sud1ere\/\",\"url\":\"https:\/\/7culture.ci\/index.php\/2024\/09\/06\/tele-les-rois-du-ciseau-font-chorus-sur-sud1ere\/\",\"name\":\"T\u00e9l\u00e9\/Les Rois du Ciseau font Chorus sur SUD1\u00e8re - 7culture\",\"isPartOf\":{\"@id\":\"https:\/\/7culture.ci\/#website\"},\"datePublished\":\"2024-09-06T10:27:11+00:00\",\"dateModified\":\"2024-09-20T14:40:28+00:00\",\"breadcrumb\":{\"@id\":\"https:\/\/7culture.ci\/index.php\/2024\/09\/06\/tele-les-rois-du-ciseau-font-chorus-sur-sud1ere\/#breadcrumb\"},\"inLanguage\":\"fr-FR\",\"potentialAction\":[{\"@type\":\"ReadAction\",\"target\":[\"https:\/\/7culture.ci\/index.php\/2024\/09\/06\/tele-les-rois-du-ciseau-font-chorus-sur-sud1ere\/\"]}]},{\"@type\":\"BreadcrumbList\",\"@id\":\"https:\/\/7culture.ci\/index.php\/2024\/09\/06\/tele-les-rois-du-ciseau-font-chorus-sur-sud1ere\/#breadcrumb\",\"itemListElement\":[{\"@type\":\"ListItem\",\"position\":1,\"name\":\"Accueil\",\"item\":\"https:\/\/7culture.ci\/\"},{\"@type\":\"ListItem\",\"position\":2,\"name\":\"T\u00e9l\u00e9\/Les Rois du Ciseau font Chorus sur SUD1\u00e8re\"}]},{\"@type\":\"WebSite\",\"@id\":\"https:\/\/7culture.ci\/#website\",\"url\":\"https:\/\/7culture.ci\/\",\"name\":\"7culture\",\"description\":\"Tout sur l&#039;actualit\u00e9\",\"publisher\":{\"@id\":\"https:\/\/7culture.ci\/#organization\"},\"potentialAction\":[{\"@type\":\"SearchAction\",\"target\":{\"@type\":\"EntryPoint\",\"urlTemplate\":\"https:\/\/7culture.ci\/?s={search_term_string}\"},\"query-input\":\"required name=search_term_string\"}],\"inLanguage\":\"fr-FR\"},{\"@type\":\"Organization\",\"@id\":\"https:\/\/7culture.ci\/#organization\",\"name\":\"7culture\",\"url\":\"https:\/\/7culture.ci\/\",\"sameAs\":[\"https:\/\/www.facebook.com\/redchefclaude\",\"https:\/\/twitter.com\/7culturec\"],\"logo\":{\"@type\":\"ImageObject\",\"inLanguage\":\"fr-FR\",\"@id\":\"https:\/\/7culture.ci\/#\/schema\/logo\/image\/\",\"url\":\"https:\/\/7culture.ci\/wp-content\/uploads\/2021\/12\/S1a-1.png\",\"contentUrl\":\"https:\/\/7culture.ci\/wp-content\/uploads\/2021\/12\/S1a-1.png\",\"width\":588,\"height\":192,\"caption\":\"7culture\"},\"image\":{\"@id\":\"https:\/\/7culture.ci\/#\/schema\/logo\/image\/\"}},{\"@type\":\"Person\",\"@id\":\"https:\/\/7culture.ci\/#\/schema\/person\/16150d28d7ef66ba788c1f87f28c4426\",\"name\":\"7culture2020\",\"image\":{\"@type\":\"ImageObject\",\"inLanguage\":\"fr-FR\",\"@id\":\"https:\/\/7culture.ci\/#\/schema\/person\/image\/\",\"url\":\"https:\/\/secure.gravatar.com\/avatar\/9a0784f951306c37bcd065f52844ef95?s=96&d=mm&r=g\",\"contentUrl\":\"https:\/\/secure.gravatar.com\/avatar\/9a0784f951306c37bcd065f52844ef95?s=96&d=mm&r=g\",\"caption\":\"7culture2020\"},\"sameAs\":[\"http:\/\/7culture.ci\",\"Claude.kipre\"],\"url\":\"https:\/\/7culture.ci\/index.php\/author\/7culture2020\/\"}]}<\/script>\n<!-- \/ Yoast SEO plugin. -->","yoast_head_json":{"title":"T\u00e9l\u00e9\/Les Rois du Ciseau font Chorus sur SUD1\u00e8re - 7culture","robots":{"index":"index","follow":"follow","max-snippet":"max-snippet:-1","max-image-preview":"max-image-preview:large","max-video-preview":"max-video-preview:-1"},"canonical":"https:\/\/7culture.ci\/index.php\/2024\/09\/06\/tele-les-rois-du-ciseau-font-chorus-sur-sud1ere\/","og_locale":"fr_FR","og_type":"article","og_title":"T\u00e9l\u00e9\/Les Rois du Ciseau font Chorus sur SUD1\u00e8re - 7culture","og_description":"C\u2019est la rentr\u00e9e audiovisuelle sur SUD1\u00e8re, la nouvelle cha\u00eene de t\u00e9l\u00e9vision dans le paysage audiovisuel ivoirien. La cha\u00eene, visible sur le canal 47 du bouquet de Canal+ Afrique et au num\u00e9ro 20 d\u2019Orange Tv, lance deux \u00e9missions phares pour sa rentr\u00e9e. Tout d\u00e9marre avec le c\u00e9l\u00e8bre mannequin ivoirien, Isabelle B\u00e9k\u00e9, qui commence la soir\u00e9e de &hellip; T\u00e9l\u00e9\/Les Rois du Ciseau font Chorus sur SUD1\u00e8re Lire la suite\u00a0\u00bb","og_url":"https:\/\/7culture.ci\/index.php\/2024\/09\/06\/tele-les-rois-du-ciseau-font-chorus-sur-sud1ere\/","og_site_name":"7culture","article_publisher":"https:\/\/www.facebook.com\/redchefclaude","article_published_time":"2024-09-06T10:27:11+00:00","article_modified_time":"2024-09-20T14:40:28+00:00","og_image":[{"width":1024,"height":683,"url":"http:\/\/7culture.ci\/wp-content\/uploads\/2024\/09\/ch1.jpg","type":"image\/jpeg"}],"author":"7culture2020","twitter_card":"summary_large_image","twitter_creator":"@7culturec","twitter_site":"@7culturec","twitter_misc":{"\u00c9crit par":"7culture2020","Dur\u00e9e de lecture estim\u00e9e":"1 minute"},"schema":{"@context":"https:\/\/schema.org","@graph":[{"@type":"Article","@id":"https:\/\/7culture.ci\/index.php\/2024\/09\/06\/tele-les-rois-du-ciseau-font-chorus-sur-sud1ere\/#article","isPartOf":{"@id":"https:\/\/7culture.ci\/index.php\/2024\/09\/06\/tele-les-rois-du-ciseau-font-chorus-sur-sud1ere\/"},"author":{"name":"7culture2020","@id":"https:\/\/7culture.ci\/#\/schema\/person\/16150d28d7ef66ba788c1f87f28c4426"},"headline":"T\u00e9l\u00e9\/Les Rois du Ciseau font Chorus sur SUD1\u00e8re","datePublished":"2024-09-06T10:27:11+00:00","dateModified":"2024-09-20T14:40:28+00:00","mainEntityOfPage":{"@id":"https:\/\/7culture.ci\/index.php\/2024\/09\/06\/tele-les-rois-du-ciseau-font-chorus-sur-sud1ere\/"},"wordCount":260,"commentCount":0,"publisher":{"@id":"https:\/\/7culture.ci\/#organization"},"articleSection":["Actualit\u00e9"],"inLanguage":"fr-FR","potentialAction":[{"@type":"CommentAction","name":"Comment","target":["https:\/\/7culture.ci\/index.php\/2024\/09\/06\/tele-les-rois-du-ciseau-font-chorus-sur-sud1ere\/#respond"]}]},{"@type":"WebPage","@id":"https:\/\/7culture.ci\/index.php\/2024\/09\/06\/tele-les-rois-du-ciseau-font-chorus-sur-sud1ere\/","url":"https:\/\/7culture.ci\/index.php\/2024\/09\/06\/tele-les-rois-du-ciseau-font-chorus-sur-sud1ere\/","name":"T\u00e9l\u00e9\/Les Rois du Ciseau font Chorus sur SUD1\u00e8re - 7culture","isPartOf":{"@id":"https:\/\/7culture.ci\/#website"},"datePublished":"2024-09-06T10:27:11+00:00","dateModified":"2024-09-20T14:40:28+00:00","breadcrumb":{"@id":"https:\/\/7culture.ci\/index.php\/2024\/09\/06\/tele-les-rois-du-ciseau-font-chorus-sur-sud1ere\/#breadcrumb"},"inLanguage":"fr-FR","potentialAction":[{"@type":"ReadAction","target":["https:\/\/7culture.ci\/index.php\/2024\/09\/06\/tele-les-rois-du-ciseau-font-chorus-sur-sud1ere\/"]}]},{"@type":"BreadcrumbList","@id":"https:\/\/7culture.ci\/index.php\/2024\/09\/06\/tele-les-rois-du-ciseau-font-chorus-sur-sud1ere\/#breadcrumb","itemListElement":[{"@type":"ListItem","position":1,"name":"Accueil","item":"https:\/\/7culture.ci\/"},{"@type":"ListItem","position":2,"name":"T\u00e9l\u00e9\/Les Rois du Ciseau font Chorus sur SUD1\u00e8re"}]},{"@type":"WebSite","@id":"https:\/\/7culture.ci\/#website","url":"https:\/\/7culture.ci\/","name":"7culture","description":"Tout sur l&#039;actualit\u00e9","publisher":{"@id":"https:\/\/7culture.ci\/#organization"},"potentialAction":[{"@type":"SearchAction","target":{"@type":"EntryPoint","urlTemplate":"https:\/\/7culture.ci\/?s={search_term_string}"},"query-input":"required name=search_term_string"}],"inLanguage":"fr-FR"},{"@type":"Organization","@id":"https:\/\/7culture.ci\/#organization","name":"7culture","url":"https:\/\/7culture.ci\/","sameAs":["https:\/\/www.facebook.com\/redchefclaude","https:\/\/twitter.com\/7culturec"],"logo":{"@type":"ImageObject","inLanguage":"fr-FR","@id":"https:\/\/7culture.ci\/#\/schema\/logo\/image\/","url":"https:\/\/7culture.ci\/wp-content\/uploads\/2021\/12\/S1a-1.png","contentUrl":"https:\/\/7culture.ci\/wp-content\/uploads\/2021\/12\/S1a-1.png","width":588,"height":192,"caption":"7culture"},"image":{"@id":"https:\/\/7culture.ci\/#\/schema\/logo\/image\/"}},{"@type":"Person","@id":"https:\/\/7culture.ci\/#\/schema\/person\/16150d28d7ef66ba788c1f87f28c4426","name":"7culture2020","image":{"@type":"ImageObject","inLanguage":"fr-FR","@id":"https:\/\/7culture.ci\/#\/schema\/person\/image\/","url":"https:\/\/secure.gravatar.com\/avatar\/9a0784f951306c37bcd065f52844ef95?s=96&d=mm&r=g","contentUrl":"https:\/\/secure.gravatar.com\/avatar\/9a0784f951306c37bcd065f52844ef95?s=96&d=mm&r=g","caption":"7culture2020"},"sameAs":["http:\/\/7culture.ci","Claude.kipre"],"url":"https:\/\/7culture.ci\/index.php\/author\/7culture2020\/"}]}},"jetpack_featured_media_url":"https:\/\/7culture.ci\/wp-content\/uploads\/2024\/09\/ch1.jpg","jetpack_likes_enabled":true,"jetpack_sharing_enabled":true,"_links":{"self":[{"href":"https:\/\/7culture.ci\/index.php\/wp-json\/wp\/v2\/posts\/26494"}],"collection":[{"href":"https:\/\/7culture.ci\/index.php\/wp-json\/wp\/v2\/posts"}],"about":[{"href":"https:\/\/7culture.ci\/index.php\/wp-json\/wp\/v2\/types\/post"}],"author":[{"embeddable":true,"href":"https:\/\/7culture.ci\/index.php\/wp-json\/wp\/v2\/users\/1"}],"replies":[{"embeddable":true,"href":"https:\/\/7culture.ci\/index.php\/wp-json\/wp\/v2\/comments?post=26494"}],"version-history":[{"count":1,"href":"https:\/\/7culture.ci\/index.php\/wp-json\/wp\/v2\/posts\/26494\/revisions"}],"predecessor-version":[{"id":26501,"href":"https:\/\/7culture.ci\/index.php\/wp-json\/wp\/v2\/posts\/26494\/revisions\/26501"}],"wp:featuredmedia":[{"embeddable":true,"href":"https:\/\/7culture.ci\/index.php\/wp-json\/wp\/v2\/media\/26496"}],"wp:attachment":[{"href":"https:\/\/7culture.ci\/index.php\/wp-json\/wp\/v2\/media?parent=26494"}],"wp:term":[{"taxonomy":"category","embeddable":true,"href":"https:\/\/7culture.ci\/index.php\/wp-json\/wp\/v2\/categories?post=26494"},{"taxonomy":"post_tag","embeddable":true,"href":"https:\/\/7culture.ci\/index.php\/wp-json\/wp\/v2\/tags?post=26494"}],"curies":[{"name":"wp","href":"https:\/\/api.w.org\/{rel}","templated":true}]}}