{"id":26453,"date":"2024-07-14T20:18:29","date_gmt":"2024-07-14T20:18:29","guid":{"rendered":"https:\/\/7culture.ci\/?p=26453"},"modified":"2024-07-23T11:43:38","modified_gmt":"2024-07-23T11:43:38","slug":"football-lancien-arbitre-aboubacar-sharaf-est-decede","status":"publish","type":"post","link":"https:\/\/7culture.ci\/index.php\/2024\/07\/14\/football-lancien-arbitre-aboubacar-sharaf-est-decede\/","title":{"rendered":"Football\u00a0: L\u2019ancien arbitre Aboubacar Sharaf est d\u00e9c\u00e9d\u00e9"},"content":{"rendered":"\n<p>Le monde du sport est deuil. Aboubacar Sharaf, ex-arbitre international, a \u00e9t\u00e9 arrach\u00e9 \u00e0 l\u2019affection des siens, le dimanche 14 juillet 2024 \u00e0 61 ans. Ancien arbitre international et figure embl\u00e9matique de l&#8217;arbitrage ivoirien des ann\u00e9es 1990 et 2000, Sharaf est d\u00e9c\u00e9d\u00e9 des suites d&#8217;une longue maladie. Il avait mis fin \u00e0 sa carri\u00e8re d&#8217;arbitre en 2008 apr\u00e8s 26 ans de service, durant lesquels il avait notamment offici\u00e9 lors de la phase finale de la Coupe d\u2019Afrique des nations (Can) 2004 en Tunisie. Cependant, il n&#8217;a jamais vraiment quitt\u00e9 le milieu du football.<br>Aboubacar Sharaf \u00e9tait instructeur de la F\u00e9d\u00e9ration internationale de football association (Fifa) et de la Conf\u00e9d\u00e9ration africaine de football (Caf) et avait pr\u00e9sid\u00e9 aux destin\u00e9es de l\u2019Amicale des arbitres de football de C\u00f4te d\u2019Ivoire (Amafci). Avant sa disparition, il \u00e9tait Directeur national de l\u2019arbitrage de l\u2019\u00e9quipe du pr\u00e9sident de la Fif, Yacine Idriss Diallo.<\/p>\n\n\n\n<p>Le d\u00e9c\u00e8s de Boubacar Sharaf laisse un vide immense dans le monde du football ivoirien. Son engagement, sa passion et son d\u00e9vouement pour le sport resteront grav\u00e9s dans les m\u00e9moires. En tant que pr\u00e9sident de l\u2019Amafci et membre de la FIF, il a marqu\u00e9 de son empreinte le d\u00e9veloppement et la professionnalisation de l\u2019arbitrage en C\u00f4te d\u2019Ivoire.<br>DT<\/p>\n","protected":false},"excerpt":{"rendered":"<p>Le monde du sport est deuil. Aboubacar Sharaf, ex-arbitre international, a \u00e9t\u00e9 arrach\u00e9 \u00e0 l\u2019affection des siens, le dimanche 14 juillet 2024 \u00e0 61 ans. Ancien arbitre international et figure embl\u00e9matique de l&#8217;arbitrage ivoirien des ann\u00e9es 1990 et 2000, Sharaf est d\u00e9c\u00e9d\u00e9 des suites d&#8217;une longue maladie. Il avait mis fin \u00e0 sa carri\u00e8re d&#8217;arbitre &hellip;<\/p>\n<p class=\"read-more\"> <a class=\"\" href=\"https:\/\/7culture.ci\/index.php\/2024\/07\/14\/football-lancien-arbitre-aboubacar-sharaf-est-decede\/\"> <span class=\"screen-reader-text\">Football\u00a0: L\u2019ancien arbitre Aboubacar Sharaf est d\u00e9c\u00e9d\u00e9<\/span> Lire la suite\u00a0\u00bb<\/a><\/p>\n","protected":false},"author":1,"featured_media":26455,"comment_status":"open","ping_status":"open","sticky":false,"template":"","format":"standard","meta":{"_mi_skip_tracking":false,"_monsterinsights_sitenote_active":false,"_monsterinsights_sitenote_note":"","_monsterinsights_sitenote_category":0,"site-sidebar-layout":"default","site-content-layout":"default","ast-global-header-display":"","ast-main-header-display":"","ast-hfb-above-header-display":"","ast-hfb-below-header-display":"","ast-hfb-mobile-header-display":"","site-post-title":"","ast-breadcrumbs-content":"","ast-featured-img":"","footer-sml-layout":"","theme-transparent-header-meta":"","adv-header-id-meta":"","stick-header-meta":"","header-above-stick-meta":"","header-main-stick-meta":"","header-below-stick-meta":"","footnotes":"","jetpack_publicize_message":"","jetpack_is_tweetstorm":false,"jetpack_publicize_feature_enabled":true},"categories":[22],"tags":[],"jetpack_publicize_connections":[],"acf":[],"aioseo_notices":[],"yoast_head":"<!-- This site is optimized with the Yoast SEO plugin v19.6.1 - https:\/\/yoast.com\/wordpress\/plugins\/seo\/ -->\n<title>Football\u00a0: L\u2019ancien arbitre Aboubacar Sharaf est d\u00e9c\u00e9d\u00e9 - 7culture<\/title>\n<meta name=\"robots\" content=\"index, follow, max-snippet:-1, max-image-preview:large, max-video-preview:-1\" \/>\n<link rel=\"canonical\" href=\"https:\/\/7culture.ci\/index.php\/2024\/07\/14\/football-lancien-arbitre-aboubacar-sharaf-est-decede\/\" \/>\n<meta property=\"og:locale\" content=\"fr_FR\" \/>\n<meta property=\"og:type\" content=\"article\" \/>\n<meta property=\"og:title\" content=\"Football\u00a0: L\u2019ancien arbitre Aboubacar Sharaf est d\u00e9c\u00e9d\u00e9 - 7culture\" \/>\n<meta property=\"og:description\" content=\"Le monde du sport est deuil. Aboubacar Sharaf, ex-arbitre international, a \u00e9t\u00e9 arrach\u00e9 \u00e0 l\u2019affection des siens, le dimanche 14 juillet 2024 \u00e0 61 ans. Ancien arbitre international et figure embl\u00e9matique de l&#8217;arbitrage ivoirien des ann\u00e9es 1990 et 2000, Sharaf est d\u00e9c\u00e9d\u00e9 des suites d&#8217;une longue maladie. Il avait mis fin \u00e0 sa carri\u00e8re d&#8217;arbitre &hellip; Football\u00a0: L\u2019ancien arbitre Aboubacar Sharaf est d\u00e9c\u00e9d\u00e9 Lire la suite\u00a0\u00bb\" \/>\n<meta property=\"og:url\" content=\"https:\/\/7culture.ci\/index.php\/2024\/07\/14\/football-lancien-arbitre-aboubacar-sharaf-est-decede\/\" \/>\n<meta property=\"og:site_name\" content=\"7culture\" \/>\n<meta property=\"article:publisher\" content=\"https:\/\/www.facebook.com\/redchefclaude\" \/>\n<meta property=\"article:published_time\" content=\"2024-07-14T20:18:29+00:00\" \/>\n<meta property=\"article:modified_time\" content=\"2024-07-23T11:43:38+00:00\" \/>\n<meta property=\"og:image\" content=\"http:\/\/7culture.ci\/wp-content\/uploads\/2024\/07\/Sharaf-photo.jpg\" \/>\n\t<meta property=\"og:image:width\" content=\"721\" \/>\n\t<meta property=\"og:image:height\" content=\"720\" \/>\n\t<meta property=\"og:image:type\" content=\"image\/jpeg\" \/>\n<meta name=\"author\" content=\"7culture2020\" \/>\n<meta name=\"twitter:card\" content=\"summary_large_image\" \/>\n<meta name=\"twitter:creator\" content=\"@7culturec\" \/>\n<meta name=\"twitter:site\" content=\"@7culturec\" \/>\n<meta name=\"twitter:label1\" content=\"\u00c9crit par\" \/>\n\t<meta name=\"twitter:data1\" content=\"7culture2020\" \/>\n\t<meta name=\"twitter:label2\" content=\"Dur\u00e9e de lecture estim\u00e9e\" \/>\n\t<meta name=\"twitter:data2\" content=\"1 minute\" \/>\n<script type=\"application\/ld+json\" class=\"yoast-schema-graph\">{\"@context\":\"https:\/\/schema.org\",\"@graph\":[{\"@type\":\"Article\",\"@id\":\"https:\/\/7culture.ci\/index.php\/2024\/07\/14\/football-lancien-arbitre-aboubacar-sharaf-est-decede\/#article\",\"isPartOf\":{\"@id\":\"https:\/\/7culture.ci\/index.php\/2024\/07\/14\/football-lancien-arbitre-aboubacar-sharaf-est-decede\/\"},\"author\":{\"name\":\"7culture2020\",\"@id\":\"https:\/\/7culture.ci\/#\/schema\/person\/16150d28d7ef66ba788c1f87f28c4426\"},\"headline\":\"Football\u00a0: L\u2019ancien arbitre Aboubacar Sharaf est d\u00e9c\u00e9d\u00e9\",\"datePublished\":\"2024-07-14T20:18:29+00:00\",\"dateModified\":\"2024-07-23T11:43:38+00:00\",\"mainEntityOfPage\":{\"@id\":\"https:\/\/7culture.ci\/index.php\/2024\/07\/14\/football-lancien-arbitre-aboubacar-sharaf-est-decede\/\"},\"wordCount\":235,\"commentCount\":0,\"publisher\":{\"@id\":\"https:\/\/7culture.ci\/#organization\"},\"articleSection\":[\"Actualit\u00e9\"],\"inLanguage\":\"fr-FR\",\"potentialAction\":[{\"@type\":\"CommentAction\",\"name\":\"Comment\",\"target\":[\"https:\/\/7culture.ci\/index.php\/2024\/07\/14\/football-lancien-arbitre-aboubacar-sharaf-est-decede\/#respond\"]}]},{\"@type\":\"WebPage\",\"@id\":\"https:\/\/7culture.ci\/index.php\/2024\/07\/14\/football-lancien-arbitre-aboubacar-sharaf-est-decede\/\",\"url\":\"https:\/\/7culture.ci\/index.php\/2024\/07\/14\/football-lancien-arbitre-aboubacar-sharaf-est-decede\/\",\"name\":\"Football\u00a0: L\u2019ancien arbitre Aboubacar Sharaf est d\u00e9c\u00e9d\u00e9 - 7culture\",\"isPartOf\":{\"@id\":\"https:\/\/7culture.ci\/#website\"},\"datePublished\":\"2024-07-14T20:18:29+00:00\",\"dateModified\":\"2024-07-23T11:43:38+00:00\",\"breadcrumb\":{\"@id\":\"https:\/\/7culture.ci\/index.php\/2024\/07\/14\/football-lancien-arbitre-aboubacar-sharaf-est-decede\/#breadcrumb\"},\"inLanguage\":\"fr-FR\",\"potentialAction\":[{\"@type\":\"ReadAction\",\"target\":[\"https:\/\/7culture.ci\/index.php\/2024\/07\/14\/football-lancien-arbitre-aboubacar-sharaf-est-decede\/\"]}]},{\"@type\":\"BreadcrumbList\",\"@id\":\"https:\/\/7culture.ci\/index.php\/2024\/07\/14\/football-lancien-arbitre-aboubacar-sharaf-est-decede\/#breadcrumb\",\"itemListElement\":[{\"@type\":\"ListItem\",\"position\":1,\"name\":\"Accueil\",\"item\":\"https:\/\/7culture.ci\/\"},{\"@type\":\"ListItem\",\"position\":2,\"name\":\"Football\u00a0: L\u2019ancien arbitre Aboubacar Sharaf est d\u00e9c\u00e9d\u00e9\"}]},{\"@type\":\"WebSite\",\"@id\":\"https:\/\/7culture.ci\/#website\",\"url\":\"https:\/\/7culture.ci\/\",\"name\":\"7culture\",\"description\":\"Tout sur l&#039;actualit\u00e9\",\"publisher\":{\"@id\":\"https:\/\/7culture.ci\/#organization\"},\"potentialAction\":[{\"@type\":\"SearchAction\",\"target\":{\"@type\":\"EntryPoint\",\"urlTemplate\":\"https:\/\/7culture.ci\/?s={search_term_string}\"},\"query-input\":\"required name=search_term_string\"}],\"inLanguage\":\"fr-FR\"},{\"@type\":\"Organization\",\"@id\":\"https:\/\/7culture.ci\/#organization\",\"name\":\"7culture\",\"url\":\"https:\/\/7culture.ci\/\",\"sameAs\":[\"https:\/\/www.facebook.com\/redchefclaude\",\"https:\/\/twitter.com\/7culturec\"],\"logo\":{\"@type\":\"ImageObject\",\"inLanguage\":\"fr-FR\",\"@id\":\"https:\/\/7culture.ci\/#\/schema\/logo\/image\/\",\"url\":\"https:\/\/7culture.ci\/wp-content\/uploads\/2021\/12\/S1a-1.png\",\"contentUrl\":\"https:\/\/7culture.ci\/wp-content\/uploads\/2021\/12\/S1a-1.png\",\"width\":588,\"height\":192,\"caption\":\"7culture\"},\"image\":{\"@id\":\"https:\/\/7culture.ci\/#\/schema\/logo\/image\/\"}},{\"@type\":\"Person\",\"@id\":\"https:\/\/7culture.ci\/#\/schema\/person\/16150d28d7ef66ba788c1f87f28c4426\",\"name\":\"7culture2020\",\"image\":{\"@type\":\"ImageObject\",\"inLanguage\":\"fr-FR\",\"@id\":\"https:\/\/7culture.ci\/#\/schema\/person\/image\/\",\"url\":\"https:\/\/secure.gravatar.com\/avatar\/9a0784f951306c37bcd065f52844ef95?s=96&d=mm&r=g\",\"contentUrl\":\"https:\/\/secure.gravatar.com\/avatar\/9a0784f951306c37bcd065f52844ef95?s=96&d=mm&r=g\",\"caption\":\"7culture2020\"},\"sameAs\":[\"http:\/\/7culture.ci\",\"Claude.kipre\"],\"url\":\"https:\/\/7culture.ci\/index.php\/author\/7culture2020\/\"}]}<\/script>\n<!-- \/ Yoast SEO plugin. -->","yoast_head_json":{"title":"Football\u00a0: L\u2019ancien arbitre Aboubacar Sharaf est d\u00e9c\u00e9d\u00e9 - 7culture","robots":{"index":"index","follow":"follow","max-snippet":"max-snippet:-1","max-image-preview":"max-image-preview:large","max-video-preview":"max-video-preview:-1"},"canonical":"https:\/\/7culture.ci\/index.php\/2024\/07\/14\/football-lancien-arbitre-aboubacar-sharaf-est-decede\/","og_locale":"fr_FR","og_type":"article","og_title":"Football\u00a0: L\u2019ancien arbitre Aboubacar Sharaf est d\u00e9c\u00e9d\u00e9 - 7culture","og_description":"Le monde du sport est deuil. Aboubacar Sharaf, ex-arbitre international, a \u00e9t\u00e9 arrach\u00e9 \u00e0 l\u2019affection des siens, le dimanche 14 juillet 2024 \u00e0 61 ans. Ancien arbitre international et figure embl\u00e9matique de l&#8217;arbitrage ivoirien des ann\u00e9es 1990 et 2000, Sharaf est d\u00e9c\u00e9d\u00e9 des suites d&#8217;une longue maladie. Il avait mis fin \u00e0 sa carri\u00e8re d&#8217;arbitre &hellip; Football\u00a0: L\u2019ancien arbitre Aboubacar Sharaf est d\u00e9c\u00e9d\u00e9 Lire la suite\u00a0\u00bb","og_url":"https:\/\/7culture.ci\/index.php\/2024\/07\/14\/football-lancien-arbitre-aboubacar-sharaf-est-decede\/","og_site_name":"7culture","article_publisher":"https:\/\/www.facebook.com\/redchefclaude","article_published_time":"2024-07-14T20:18:29+00:00","article_modified_time":"2024-07-23T11:43:38+00:00","og_image":[{"width":721,"height":720,"url":"http:\/\/7culture.ci\/wp-content\/uploads\/2024\/07\/Sharaf-photo.jpg","type":"image\/jpeg"}],"author":"7culture2020","twitter_card":"summary_large_image","twitter_creator":"@7culturec","twitter_site":"@7culturec","twitter_misc":{"\u00c9crit par":"7culture2020","Dur\u00e9e de lecture estim\u00e9e":"1 minute"},"schema":{"@context":"https:\/\/schema.org","@graph":[{"@type":"Article","@id":"https:\/\/7culture.ci\/index.php\/2024\/07\/14\/football-lancien-arbitre-aboubacar-sharaf-est-decede\/#article","isPartOf":{"@id":"https:\/\/7culture.ci\/index.php\/2024\/07\/14\/football-lancien-arbitre-aboubacar-sharaf-est-decede\/"},"author":{"name":"7culture2020","@id":"https:\/\/7culture.ci\/#\/schema\/person\/16150d28d7ef66ba788c1f87f28c4426"},"headline":"Football\u00a0: L\u2019ancien arbitre Aboubacar Sharaf est d\u00e9c\u00e9d\u00e9","datePublished":"2024-07-14T20:18:29+00:00","dateModified":"2024-07-23T11:43:38+00:00","mainEntityOfPage":{"@id":"https:\/\/7culture.ci\/index.php\/2024\/07\/14\/football-lancien-arbitre-aboubacar-sharaf-est-decede\/"},"wordCount":235,"commentCount":0,"publisher":{"@id":"https:\/\/7culture.ci\/#organization"},"articleSection":["Actualit\u00e9"],"inLanguage":"fr-FR","potentialAction":[{"@type":"CommentAction","name":"Comment","target":["https:\/\/7culture.ci\/index.php\/2024\/07\/14\/football-lancien-arbitre-aboubacar-sharaf-est-decede\/#respond"]}]},{"@type":"WebPage","@id":"https:\/\/7culture.ci\/index.php\/2024\/07\/14\/football-lancien-arbitre-aboubacar-sharaf-est-decede\/","url":"https:\/\/7culture.ci\/index.php\/2024\/07\/14\/football-lancien-arbitre-aboubacar-sharaf-est-decede\/","name":"Football\u00a0: L\u2019ancien arbitre Aboubacar Sharaf est d\u00e9c\u00e9d\u00e9 - 7culture","isPartOf":{"@id":"https:\/\/7culture.ci\/#website"},"datePublished":"2024-07-14T20:18:29+00:00","dateModified":"2024-07-23T11:43:38+00:00","breadcrumb":{"@id":"https:\/\/7culture.ci\/index.php\/2024\/07\/14\/football-lancien-arbitre-aboubacar-sharaf-est-decede\/#breadcrumb"},"inLanguage":"fr-FR","potentialAction":[{"@type":"ReadAction","target":["https:\/\/7culture.ci\/index.php\/2024\/07\/14\/football-lancien-arbitre-aboubacar-sharaf-est-decede\/"]}]},{"@type":"BreadcrumbList","@id":"https:\/\/7culture.ci\/index.php\/2024\/07\/14\/football-lancien-arbitre-aboubacar-sharaf-est-decede\/#breadcrumb","itemListElement":[{"@type":"ListItem","position":1,"name":"Accueil","item":"https:\/\/7culture.ci\/"},{"@type":"ListItem","position":2,"name":"Football\u00a0: L\u2019ancien arbitre Aboubacar Sharaf est d\u00e9c\u00e9d\u00e9"}]},{"@type":"WebSite","@id":"https:\/\/7culture.ci\/#website","url":"https:\/\/7culture.ci\/","name":"7culture","description":"Tout sur l&#039;actualit\u00e9","publisher":{"@id":"https:\/\/7culture.ci\/#organization"},"potentialAction":[{"@type":"SearchAction","target":{"@type":"EntryPoint","urlTemplate":"https:\/\/7culture.ci\/?s={search_term_string}"},"query-input":"required name=search_term_string"}],"inLanguage":"fr-FR"},{"@type":"Organization","@id":"https:\/\/7culture.ci\/#organization","name":"7culture","url":"https:\/\/7culture.ci\/","sameAs":["https:\/\/www.facebook.com\/redchefclaude","https:\/\/twitter.com\/7culturec"],"logo":{"@type":"ImageObject","inLanguage":"fr-FR","@id":"https:\/\/7culture.ci\/#\/schema\/logo\/image\/","url":"https:\/\/7culture.ci\/wp-content\/uploads\/2021\/12\/S1a-1.png","contentUrl":"https:\/\/7culture.ci\/wp-content\/uploads\/2021\/12\/S1a-1.png","width":588,"height":192,"caption":"7culture"},"image":{"@id":"https:\/\/7culture.ci\/#\/schema\/logo\/image\/"}},{"@type":"Person","@id":"https:\/\/7culture.ci\/#\/schema\/person\/16150d28d7ef66ba788c1f87f28c4426","name":"7culture2020","image":{"@type":"ImageObject","inLanguage":"fr-FR","@id":"https:\/\/7culture.ci\/#\/schema\/person\/image\/","url":"https:\/\/secure.gravatar.com\/avatar\/9a0784f951306c37bcd065f52844ef95?s=96&d=mm&r=g","contentUrl":"https:\/\/secure.gravatar.com\/avatar\/9a0784f951306c37bcd065f52844ef95?s=96&d=mm&r=g","caption":"7culture2020"},"sameAs":["http:\/\/7culture.ci","Claude.kipre"],"url":"https:\/\/7culture.ci\/index.php\/author\/7culture2020\/"}]}},"jetpack_featured_media_url":"https:\/\/7culture.ci\/wp-content\/uploads\/2024\/07\/Sharaf-photo.jpg","jetpack_likes_enabled":true,"jetpack_sharing_enabled":true,"_links":{"self":[{"href":"https:\/\/7culture.ci\/index.php\/wp-json\/wp\/v2\/posts\/26453"}],"collection":[{"href":"https:\/\/7culture.ci\/index.php\/wp-json\/wp\/v2\/posts"}],"about":[{"href":"https:\/\/7culture.ci\/index.php\/wp-json\/wp\/v2\/types\/post"}],"author":[{"embeddable":true,"href":"https:\/\/7culture.ci\/index.php\/wp-json\/wp\/v2\/users\/1"}],"replies":[{"embeddable":true,"href":"https:\/\/7culture.ci\/index.php\/wp-json\/wp\/v2\/comments?post=26453"}],"version-history":[{"count":1,"href":"https:\/\/7culture.ci\/index.php\/wp-json\/wp\/v2\/posts\/26453\/revisions"}],"predecessor-version":[{"id":26456,"href":"https:\/\/7culture.ci\/index.php\/wp-json\/wp\/v2\/posts\/26453\/revisions\/26456"}],"wp:featuredmedia":[{"embeddable":true,"href":"https:\/\/7culture.ci\/index.php\/wp-json\/wp\/v2\/media\/26455"}],"wp:attachment":[{"href":"https:\/\/7culture.ci\/index.php\/wp-json\/wp\/v2\/media?parent=26453"}],"wp:term":[{"taxonomy":"category","embeddable":true,"href":"https:\/\/7culture.ci\/index.php\/wp-json\/wp\/v2\/categories?post=26453"},{"taxonomy":"post_tag","embeddable":true,"href":"https:\/\/7culture.ci\/index.php\/wp-json\/wp\/v2\/tags?post=26453"}],"curies":[{"name":"wp","href":"https:\/\/api.w.org\/{rel}","templated":true}]}}