{"id":26449,"date":"2024-07-14T10:42:08","date_gmt":"2024-07-14T10:42:08","guid":{"rendered":"https:\/\/7culture.ci\/?p=26449"},"modified":"2024-07-14T20:19:57","modified_gmt":"2024-07-14T20:19:57","slug":"deces-eugene-kadet-sera-inhume-le-10-aout-prochain","status":"publish","type":"post","link":"https:\/\/7culture.ci\/index.php\/2024\/07\/14\/deces-eugene-kadet-sera-inhume-le-10-aout-prochain\/","title":{"rendered":"D\u00e9c\u00e8s\u00a0: Eug\u00e8ne Kadet\u00a0sera inhum\u00e9 le 10 ao\u00fbt prochain"},"content":{"rendered":"\n<p>D\u00e9c\u00e9d\u00e9 le jeudi 4 juillet 2024 \u00e0 Abidjan des suites d\u2019une longue maladie, le journaliste Eug\u00e8ne Kadet sera inhum\u00e9 le samedi 10 ao\u00fbt 2024, au cimeti\u00e8re de Moossou \u00e0 Grand-Bassam. L\u2019info est livr\u00e9e dans le programme officiel des obs\u00e8ques de l\u2019homme populaire des m\u00e9dias ivoiriens, rendu public le vendredi 12 juillet 2024.<\/p>\n\n\n\n<p>Dans la triste organisation, tout d\u00e9marre les samedi 3 et dimanche 4 ao\u00fbt 2024 avec la pr\u00e9sentation des condol\u00e9ances au domicile du d\u00e9funt \u00e0 Bingerville, Cit\u00e9 de la Celle. Le mardi 6 ao\u00fbt, il est pr\u00e9vu une veill\u00e9e traditionnelle au Complexe sportif de la Brigade anti-\u00e9meute (Bae) \u00e0 Abidjan-Yopougon, de 19 heures \u00e0 l\u2019aube. Le jeudi 8 ao\u00fbt est r\u00e9serv\u00e9 \u00e0 la veill\u00e9e religieuse \u00e0 la cath\u00e9drale Saint-Paul d&#8217;Abidjan-Plateau, de 19 heures \u00e0 21 heures. Journaliste \u00e9m\u00e9rite, patron de presse et manager m\u00e9dia respect\u00e9, Eug\u00e8ne Kadet (EK) auront droit \u00e0 l\u2019hommage de ses confr\u00e8res le vendredi 9 ao\u00fbt 2024 \u00e0 la Maison de la presse d\u2019Abidjan (Mpa), au Plateau. Apr\u00e8s l\u2019ultime s\u00e9paration qui interviendra le samedi 10 ao\u00fbt 2024, une messe d\u2019action de gr\u00e2ce \u00e0 Paroisse Saint Antoine de Padoue de Moossou, viendra clore ces sombres journ\u00e9es d\u2019hommages \u00e0 EK. Qu\u2019il repose en paix&nbsp;!<\/p>\n\n\n\n<p>DT<\/p>\n","protected":false},"excerpt":{"rendered":"<p>D\u00e9c\u00e9d\u00e9 le jeudi 4 juillet 2024 \u00e0 Abidjan des suites d\u2019une longue maladie, le journaliste Eug\u00e8ne Kadet sera inhum\u00e9 le samedi 10 ao\u00fbt 2024, au cimeti\u00e8re de Moossou \u00e0 Grand-Bassam. L\u2019info est livr\u00e9e dans le programme officiel des obs\u00e8ques de l\u2019homme populaire des m\u00e9dias ivoiriens, rendu public le vendredi 12 juillet 2024. Dans la triste &hellip;<\/p>\n<p class=\"read-more\"> <a class=\"\" href=\"https:\/\/7culture.ci\/index.php\/2024\/07\/14\/deces-eugene-kadet-sera-inhume-le-10-aout-prochain\/\"> <span class=\"screen-reader-text\">D\u00e9c\u00e8s\u00a0: Eug\u00e8ne Kadet\u00a0sera inhum\u00e9 le 10 ao\u00fbt prochain<\/span> Lire la suite\u00a0\u00bb<\/a><\/p>\n","protected":false},"author":1,"featured_media":26451,"comment_status":"open","ping_status":"open","sticky":false,"template":"","format":"standard","meta":{"_mi_skip_tracking":false,"_monsterinsights_sitenote_active":false,"_monsterinsights_sitenote_note":"","_monsterinsights_sitenote_category":0,"site-sidebar-layout":"default","site-content-layout":"default","ast-global-header-display":"","ast-main-header-display":"","ast-hfb-above-header-display":"","ast-hfb-below-header-display":"","ast-hfb-mobile-header-display":"","site-post-title":"","ast-breadcrumbs-content":"","ast-featured-img":"","footer-sml-layout":"","theme-transparent-header-meta":"","adv-header-id-meta":"","stick-header-meta":"","header-above-stick-meta":"","header-main-stick-meta":"","header-below-stick-meta":"","footnotes":"","jetpack_publicize_message":"","jetpack_is_tweetstorm":false,"jetpack_publicize_feature_enabled":true},"categories":[22],"tags":[],"jetpack_publicize_connections":[],"acf":[],"aioseo_notices":[],"yoast_head":"<!-- This site is optimized with the Yoast SEO plugin v19.6.1 - https:\/\/yoast.com\/wordpress\/plugins\/seo\/ -->\n<title>D\u00e9c\u00e8s\u00a0: Eug\u00e8ne Kadet\u00a0sera inhum\u00e9 le 10 ao\u00fbt prochain - 7culture<\/title>\n<meta name=\"robots\" content=\"index, follow, max-snippet:-1, max-image-preview:large, max-video-preview:-1\" \/>\n<link rel=\"canonical\" href=\"https:\/\/7culture.ci\/index.php\/2024\/07\/14\/deces-eugene-kadet-sera-inhume-le-10-aout-prochain\/\" \/>\n<meta property=\"og:locale\" content=\"fr_FR\" \/>\n<meta property=\"og:type\" content=\"article\" \/>\n<meta property=\"og:title\" content=\"D\u00e9c\u00e8s\u00a0: Eug\u00e8ne Kadet\u00a0sera inhum\u00e9 le 10 ao\u00fbt prochain - 7culture\" \/>\n<meta property=\"og:description\" content=\"D\u00e9c\u00e9d\u00e9 le jeudi 4 juillet 2024 \u00e0 Abidjan des suites d\u2019une longue maladie, le journaliste Eug\u00e8ne Kadet sera inhum\u00e9 le samedi 10 ao\u00fbt 2024, au cimeti\u00e8re de Moossou \u00e0 Grand-Bassam. L\u2019info est livr\u00e9e dans le programme officiel des obs\u00e8ques de l\u2019homme populaire des m\u00e9dias ivoiriens, rendu public le vendredi 12 juillet 2024. Dans la triste &hellip; D\u00e9c\u00e8s\u00a0: Eug\u00e8ne Kadet\u00a0sera inhum\u00e9 le 10 ao\u00fbt prochain Lire la suite\u00a0\u00bb\" \/>\n<meta property=\"og:url\" content=\"https:\/\/7culture.ci\/index.php\/2024\/07\/14\/deces-eugene-kadet-sera-inhume-le-10-aout-prochain\/\" \/>\n<meta property=\"og:site_name\" content=\"7culture\" \/>\n<meta property=\"article:publisher\" content=\"https:\/\/www.facebook.com\/redchefclaude\" \/>\n<meta property=\"article:published_time\" content=\"2024-07-14T10:42:08+00:00\" \/>\n<meta property=\"article:modified_time\" content=\"2024-07-14T20:19:57+00:00\" \/>\n<meta property=\"og:image\" content=\"http:\/\/7culture.ci\/wp-content\/uploads\/2024\/07\/eugene-1.jpg\" \/>\n\t<meta property=\"og:image:width\" content=\"1212\" \/>\n\t<meta property=\"og:image:height\" content=\"910\" \/>\n\t<meta property=\"og:image:type\" content=\"image\/jpeg\" \/>\n<meta name=\"author\" content=\"7culture2020\" \/>\n<meta name=\"twitter:card\" content=\"summary_large_image\" \/>\n<meta name=\"twitter:creator\" content=\"@7culturec\" \/>\n<meta name=\"twitter:site\" content=\"@7culturec\" \/>\n<meta name=\"twitter:label1\" content=\"\u00c9crit par\" \/>\n\t<meta name=\"twitter:data1\" content=\"7culture2020\" \/>\n\t<meta name=\"twitter:label2\" content=\"Dur\u00e9e de lecture estim\u00e9e\" \/>\n\t<meta name=\"twitter:data2\" content=\"1 minute\" \/>\n<script type=\"application\/ld+json\" class=\"yoast-schema-graph\">{\"@context\":\"https:\/\/schema.org\",\"@graph\":[{\"@type\":\"Article\",\"@id\":\"https:\/\/7culture.ci\/index.php\/2024\/07\/14\/deces-eugene-kadet-sera-inhume-le-10-aout-prochain\/#article\",\"isPartOf\":{\"@id\":\"https:\/\/7culture.ci\/index.php\/2024\/07\/14\/deces-eugene-kadet-sera-inhume-le-10-aout-prochain\/\"},\"author\":{\"name\":\"7culture2020\",\"@id\":\"https:\/\/7culture.ci\/#\/schema\/person\/16150d28d7ef66ba788c1f87f28c4426\"},\"headline\":\"D\u00e9c\u00e8s\u00a0: Eug\u00e8ne Kadet\u00a0sera inhum\u00e9 le 10 ao\u00fbt prochain\",\"datePublished\":\"2024-07-14T10:42:08+00:00\",\"dateModified\":\"2024-07-14T20:19:57+00:00\",\"mainEntityOfPage\":{\"@id\":\"https:\/\/7culture.ci\/index.php\/2024\/07\/14\/deces-eugene-kadet-sera-inhume-le-10-aout-prochain\/\"},\"wordCount\":221,\"commentCount\":0,\"publisher\":{\"@id\":\"https:\/\/7culture.ci\/#organization\"},\"articleSection\":[\"Actualit\u00e9\"],\"inLanguage\":\"fr-FR\",\"potentialAction\":[{\"@type\":\"CommentAction\",\"name\":\"Comment\",\"target\":[\"https:\/\/7culture.ci\/index.php\/2024\/07\/14\/deces-eugene-kadet-sera-inhume-le-10-aout-prochain\/#respond\"]}]},{\"@type\":\"WebPage\",\"@id\":\"https:\/\/7culture.ci\/index.php\/2024\/07\/14\/deces-eugene-kadet-sera-inhume-le-10-aout-prochain\/\",\"url\":\"https:\/\/7culture.ci\/index.php\/2024\/07\/14\/deces-eugene-kadet-sera-inhume-le-10-aout-prochain\/\",\"name\":\"D\u00e9c\u00e8s\u00a0: Eug\u00e8ne Kadet\u00a0sera inhum\u00e9 le 10 ao\u00fbt prochain - 7culture\",\"isPartOf\":{\"@id\":\"https:\/\/7culture.ci\/#website\"},\"datePublished\":\"2024-07-14T10:42:08+00:00\",\"dateModified\":\"2024-07-14T20:19:57+00:00\",\"breadcrumb\":{\"@id\":\"https:\/\/7culture.ci\/index.php\/2024\/07\/14\/deces-eugene-kadet-sera-inhume-le-10-aout-prochain\/#breadcrumb\"},\"inLanguage\":\"fr-FR\",\"potentialAction\":[{\"@type\":\"ReadAction\",\"target\":[\"https:\/\/7culture.ci\/index.php\/2024\/07\/14\/deces-eugene-kadet-sera-inhume-le-10-aout-prochain\/\"]}]},{\"@type\":\"BreadcrumbList\",\"@id\":\"https:\/\/7culture.ci\/index.php\/2024\/07\/14\/deces-eugene-kadet-sera-inhume-le-10-aout-prochain\/#breadcrumb\",\"itemListElement\":[{\"@type\":\"ListItem\",\"position\":1,\"name\":\"Accueil\",\"item\":\"https:\/\/7culture.ci\/\"},{\"@type\":\"ListItem\",\"position\":2,\"name\":\"D\u00e9c\u00e8s\u00a0: Eug\u00e8ne Kadet\u00a0sera inhum\u00e9 le 10 ao\u00fbt prochain\"}]},{\"@type\":\"WebSite\",\"@id\":\"https:\/\/7culture.ci\/#website\",\"url\":\"https:\/\/7culture.ci\/\",\"name\":\"7culture\",\"description\":\"Tout sur l&#039;actualit\u00e9\",\"publisher\":{\"@id\":\"https:\/\/7culture.ci\/#organization\"},\"potentialAction\":[{\"@type\":\"SearchAction\",\"target\":{\"@type\":\"EntryPoint\",\"urlTemplate\":\"https:\/\/7culture.ci\/?s={search_term_string}\"},\"query-input\":\"required name=search_term_string\"}],\"inLanguage\":\"fr-FR\"},{\"@type\":\"Organization\",\"@id\":\"https:\/\/7culture.ci\/#organization\",\"name\":\"7culture\",\"url\":\"https:\/\/7culture.ci\/\",\"sameAs\":[\"https:\/\/www.facebook.com\/redchefclaude\",\"https:\/\/twitter.com\/7culturec\"],\"logo\":{\"@type\":\"ImageObject\",\"inLanguage\":\"fr-FR\",\"@id\":\"https:\/\/7culture.ci\/#\/schema\/logo\/image\/\",\"url\":\"https:\/\/7culture.ci\/wp-content\/uploads\/2021\/12\/S1a-1.png\",\"contentUrl\":\"https:\/\/7culture.ci\/wp-content\/uploads\/2021\/12\/S1a-1.png\",\"width\":588,\"height\":192,\"caption\":\"7culture\"},\"image\":{\"@id\":\"https:\/\/7culture.ci\/#\/schema\/logo\/image\/\"}},{\"@type\":\"Person\",\"@id\":\"https:\/\/7culture.ci\/#\/schema\/person\/16150d28d7ef66ba788c1f87f28c4426\",\"name\":\"7culture2020\",\"image\":{\"@type\":\"ImageObject\",\"inLanguage\":\"fr-FR\",\"@id\":\"https:\/\/7culture.ci\/#\/schema\/person\/image\/\",\"url\":\"https:\/\/secure.gravatar.com\/avatar\/9a0784f951306c37bcd065f52844ef95?s=96&d=mm&r=g\",\"contentUrl\":\"https:\/\/secure.gravatar.com\/avatar\/9a0784f951306c37bcd065f52844ef95?s=96&d=mm&r=g\",\"caption\":\"7culture2020\"},\"sameAs\":[\"http:\/\/7culture.ci\",\"Claude.kipre\"],\"url\":\"https:\/\/7culture.ci\/index.php\/author\/7culture2020\/\"}]}<\/script>\n<!-- \/ Yoast SEO plugin. -->","yoast_head_json":{"title":"D\u00e9c\u00e8s\u00a0: Eug\u00e8ne Kadet\u00a0sera inhum\u00e9 le 10 ao\u00fbt prochain - 7culture","robots":{"index":"index","follow":"follow","max-snippet":"max-snippet:-1","max-image-preview":"max-image-preview:large","max-video-preview":"max-video-preview:-1"},"canonical":"https:\/\/7culture.ci\/index.php\/2024\/07\/14\/deces-eugene-kadet-sera-inhume-le-10-aout-prochain\/","og_locale":"fr_FR","og_type":"article","og_title":"D\u00e9c\u00e8s\u00a0: Eug\u00e8ne Kadet\u00a0sera inhum\u00e9 le 10 ao\u00fbt prochain - 7culture","og_description":"D\u00e9c\u00e9d\u00e9 le jeudi 4 juillet 2024 \u00e0 Abidjan des suites d\u2019une longue maladie, le journaliste Eug\u00e8ne Kadet sera inhum\u00e9 le samedi 10 ao\u00fbt 2024, au cimeti\u00e8re de Moossou \u00e0 Grand-Bassam. L\u2019info est livr\u00e9e dans le programme officiel des obs\u00e8ques de l\u2019homme populaire des m\u00e9dias ivoiriens, rendu public le vendredi 12 juillet 2024. Dans la triste &hellip; D\u00e9c\u00e8s\u00a0: Eug\u00e8ne Kadet\u00a0sera inhum\u00e9 le 10 ao\u00fbt prochain Lire la suite\u00a0\u00bb","og_url":"https:\/\/7culture.ci\/index.php\/2024\/07\/14\/deces-eugene-kadet-sera-inhume-le-10-aout-prochain\/","og_site_name":"7culture","article_publisher":"https:\/\/www.facebook.com\/redchefclaude","article_published_time":"2024-07-14T10:42:08+00:00","article_modified_time":"2024-07-14T20:19:57+00:00","og_image":[{"width":1212,"height":910,"url":"http:\/\/7culture.ci\/wp-content\/uploads\/2024\/07\/eugene-1.jpg","type":"image\/jpeg"}],"author":"7culture2020","twitter_card":"summary_large_image","twitter_creator":"@7culturec","twitter_site":"@7culturec","twitter_misc":{"\u00c9crit par":"7culture2020","Dur\u00e9e de lecture estim\u00e9e":"1 minute"},"schema":{"@context":"https:\/\/schema.org","@graph":[{"@type":"Article","@id":"https:\/\/7culture.ci\/index.php\/2024\/07\/14\/deces-eugene-kadet-sera-inhume-le-10-aout-prochain\/#article","isPartOf":{"@id":"https:\/\/7culture.ci\/index.php\/2024\/07\/14\/deces-eugene-kadet-sera-inhume-le-10-aout-prochain\/"},"author":{"name":"7culture2020","@id":"https:\/\/7culture.ci\/#\/schema\/person\/16150d28d7ef66ba788c1f87f28c4426"},"headline":"D\u00e9c\u00e8s\u00a0: Eug\u00e8ne Kadet\u00a0sera inhum\u00e9 le 10 ao\u00fbt prochain","datePublished":"2024-07-14T10:42:08+00:00","dateModified":"2024-07-14T20:19:57+00:00","mainEntityOfPage":{"@id":"https:\/\/7culture.ci\/index.php\/2024\/07\/14\/deces-eugene-kadet-sera-inhume-le-10-aout-prochain\/"},"wordCount":221,"commentCount":0,"publisher":{"@id":"https:\/\/7culture.ci\/#organization"},"articleSection":["Actualit\u00e9"],"inLanguage":"fr-FR","potentialAction":[{"@type":"CommentAction","name":"Comment","target":["https:\/\/7culture.ci\/index.php\/2024\/07\/14\/deces-eugene-kadet-sera-inhume-le-10-aout-prochain\/#respond"]}]},{"@type":"WebPage","@id":"https:\/\/7culture.ci\/index.php\/2024\/07\/14\/deces-eugene-kadet-sera-inhume-le-10-aout-prochain\/","url":"https:\/\/7culture.ci\/index.php\/2024\/07\/14\/deces-eugene-kadet-sera-inhume-le-10-aout-prochain\/","name":"D\u00e9c\u00e8s\u00a0: Eug\u00e8ne Kadet\u00a0sera inhum\u00e9 le 10 ao\u00fbt prochain - 7culture","isPartOf":{"@id":"https:\/\/7culture.ci\/#website"},"datePublished":"2024-07-14T10:42:08+00:00","dateModified":"2024-07-14T20:19:57+00:00","breadcrumb":{"@id":"https:\/\/7culture.ci\/index.php\/2024\/07\/14\/deces-eugene-kadet-sera-inhume-le-10-aout-prochain\/#breadcrumb"},"inLanguage":"fr-FR","potentialAction":[{"@type":"ReadAction","target":["https:\/\/7culture.ci\/index.php\/2024\/07\/14\/deces-eugene-kadet-sera-inhume-le-10-aout-prochain\/"]}]},{"@type":"BreadcrumbList","@id":"https:\/\/7culture.ci\/index.php\/2024\/07\/14\/deces-eugene-kadet-sera-inhume-le-10-aout-prochain\/#breadcrumb","itemListElement":[{"@type":"ListItem","position":1,"name":"Accueil","item":"https:\/\/7culture.ci\/"},{"@type":"ListItem","position":2,"name":"D\u00e9c\u00e8s\u00a0: Eug\u00e8ne Kadet\u00a0sera inhum\u00e9 le 10 ao\u00fbt prochain"}]},{"@type":"WebSite","@id":"https:\/\/7culture.ci\/#website","url":"https:\/\/7culture.ci\/","name":"7culture","description":"Tout sur l&#039;actualit\u00e9","publisher":{"@id":"https:\/\/7culture.ci\/#organization"},"potentialAction":[{"@type":"SearchAction","target":{"@type":"EntryPoint","urlTemplate":"https:\/\/7culture.ci\/?s={search_term_string}"},"query-input":"required name=search_term_string"}],"inLanguage":"fr-FR"},{"@type":"Organization","@id":"https:\/\/7culture.ci\/#organization","name":"7culture","url":"https:\/\/7culture.ci\/","sameAs":["https:\/\/www.facebook.com\/redchefclaude","https:\/\/twitter.com\/7culturec"],"logo":{"@type":"ImageObject","inLanguage":"fr-FR","@id":"https:\/\/7culture.ci\/#\/schema\/logo\/image\/","url":"https:\/\/7culture.ci\/wp-content\/uploads\/2021\/12\/S1a-1.png","contentUrl":"https:\/\/7culture.ci\/wp-content\/uploads\/2021\/12\/S1a-1.png","width":588,"height":192,"caption":"7culture"},"image":{"@id":"https:\/\/7culture.ci\/#\/schema\/logo\/image\/"}},{"@type":"Person","@id":"https:\/\/7culture.ci\/#\/schema\/person\/16150d28d7ef66ba788c1f87f28c4426","name":"7culture2020","image":{"@type":"ImageObject","inLanguage":"fr-FR","@id":"https:\/\/7culture.ci\/#\/schema\/person\/image\/","url":"https:\/\/secure.gravatar.com\/avatar\/9a0784f951306c37bcd065f52844ef95?s=96&d=mm&r=g","contentUrl":"https:\/\/secure.gravatar.com\/avatar\/9a0784f951306c37bcd065f52844ef95?s=96&d=mm&r=g","caption":"7culture2020"},"sameAs":["http:\/\/7culture.ci","Claude.kipre"],"url":"https:\/\/7culture.ci\/index.php\/author\/7culture2020\/"}]}},"jetpack_featured_media_url":"https:\/\/7culture.ci\/wp-content\/uploads\/2024\/07\/eugene-1.jpg","jetpack_likes_enabled":true,"jetpack_sharing_enabled":true,"_links":{"self":[{"href":"https:\/\/7culture.ci\/index.php\/wp-json\/wp\/v2\/posts\/26449"}],"collection":[{"href":"https:\/\/7culture.ci\/index.php\/wp-json\/wp\/v2\/posts"}],"about":[{"href":"https:\/\/7culture.ci\/index.php\/wp-json\/wp\/v2\/types\/post"}],"author":[{"embeddable":true,"href":"https:\/\/7culture.ci\/index.php\/wp-json\/wp\/v2\/users\/1"}],"replies":[{"embeddable":true,"href":"https:\/\/7culture.ci\/index.php\/wp-json\/wp\/v2\/comments?post=26449"}],"version-history":[{"count":1,"href":"https:\/\/7culture.ci\/index.php\/wp-json\/wp\/v2\/posts\/26449\/revisions"}],"predecessor-version":[{"id":26452,"href":"https:\/\/7culture.ci\/index.php\/wp-json\/wp\/v2\/posts\/26449\/revisions\/26452"}],"wp:featuredmedia":[{"embeddable":true,"href":"https:\/\/7culture.ci\/index.php\/wp-json\/wp\/v2\/media\/26451"}],"wp:attachment":[{"href":"https:\/\/7culture.ci\/index.php\/wp-json\/wp\/v2\/media?parent=26449"}],"wp:term":[{"taxonomy":"category","embeddable":true,"href":"https:\/\/7culture.ci\/index.php\/wp-json\/wp\/v2\/categories?post=26449"},{"taxonomy":"post_tag","embeddable":true,"href":"https:\/\/7culture.ci\/index.php\/wp-json\/wp\/v2\/tags?post=26449"}],"curies":[{"name":"wp","href":"https:\/\/api.w.org\/{rel}","templated":true}]}}