{"id":26440,"date":"2024-07-13T15:16:57","date_gmt":"2024-07-13T15:16:57","guid":{"rendered":"https:\/\/7culture.ci\/?p=26440"},"modified":"2024-07-14T10:44:01","modified_gmt":"2024-07-14T10:44:01","slug":"celebration-milan-accueille-la-3e-edition-des-marie-lor-divoire","status":"publish","type":"post","link":"https:\/\/7culture.ci\/index.php\/2024\/07\/13\/celebration-milan-accueille-la-3e-edition-des-marie-lor-divoire\/","title":{"rendered":"C\u00e9l\u00e9bration\u00a0: Milan accueille la 3e \u00e9dition des Marie L\u2019Or d\u2019Ivoire"},"content":{"rendered":"\n<p><strong>C\u00e9l\u00e9bration&nbsp;: Milan accueille la 3<sup>e<\/sup> \u00e9dition des Marie L\u2019Or d\u2019Ivoire<\/strong><\/p>\n\n\n\n<p>La 3<sup>e<\/sup> \u00e9dition des r\u00e9compenses Marie L\u2019or d\u2019Ivoire se tiendra \u00e0 Milan en Italie le 14 septembre prochain devant 250 convives. L\u2019information a \u00e9t\u00e9 donn\u00e9e le vendredi 12 juillet 2024 par la promotrice de l\u2019\u00e9v\u00e8nement Marie-Laure N\u2019Goran, vedette du 20H \u00e0 la Radiodiffusion T\u00e9l\u00e9vision Ivoirienne (RTI), au cours de la c\u00e9r\u00e9monie de lancement \u00e0 l\u2019h\u00f4tel Pullman \u00e0 Abidjan-Plateau. Les prix Marie L\u2019or d\u2019Ivoire 2024 se d\u00e9rouleront autour du th\u00e8me \u00e9vocateur\u00a0: \u2018\u2019L\u2019eldorado, c\u2019est ici ! La C\u00f4te d\u2019Ivoire, Terre d&#8217;opportunit\u00e9s. C\u2019est une mani\u00e8re succincte de contribuer \u00e0 lutter contre la migration irr\u00e9guli\u00e8re. En promouvant la visibilit\u00e9 de la C\u00f4te d\u2019Ivoire, Marie-Laure N\u2019Goran a souhait\u00e9 qu\u2019il n\u2019y est plus de mort dans la m\u00e9diterran\u00e9e. \u00ab <strong><em>Nous voulons dire\u00a0: plus jamais de mort en mer\u00a0! Parce qu\u2019ici, on peut r\u00e9ussir<\/em><\/strong> \u00bb, a notifi\u00e9 la journaliste-\u00e9crivaine. Son discours de lancement de son \u00e9v\u00e8nement \u00e9tait empreint d\u2019exhortation faite aux Ivoiriens vivant \u00e0 l\u2019\u00e9tranger \u00e0 revenir investir au pays. \u00ab <strong><em>\u00c0 nos fr\u00e8res de la diaspora, on leur demande de venir investir dans notre beau pays. Nous exhortons chacun \u00e0 nous accompagner dans cette initiative<\/em><\/strong> \u00bb, a-t-elle sollicit\u00e9. <\/p>\n\n\n\n<p>Son appel a d\u2019ailleurs re\u00e7u un bel \u00e9cho aupr\u00e8s de son partenaire, Robert Carle Empereur, pr\u00e9sident de la Mutuelle des familles des diasporas ivoiriennes (MFDI), cr\u00e9\u00e9e en 2019. Ce dernier envisage de mettre en place un fonds pour soutenir les projets des laur\u00e9ats des Marie l\u2019Or d\u2019Ivoire qui reviendront au pays et y monter des entreprises. M. Carle-Empereur a fait savoir que les contours du fonds seront d\u00e9taill\u00e9s le 14 septembre prochain \u00e0 Milan. Un jury s\u00e9lectionnera les meilleurs porteurs de projets. Leurs propri\u00e9taires b\u00e9n\u00e9ficieront d\u2019une formation et recevront une bourse pour cr\u00e9er leurs entreprises en C\u00f4te d\u2019Ivoire. Ensuite ils seront accompagn\u00e9s sur une p\u00e9riode de trois ans.<\/p>\n\n\n\n<figure class=\"wp-block-gallery has-nested-images columns-default is-cropped wp-block-gallery-1 is-layout-flex wp-block-gallery-is-layout-flex\">\n<figure class=\"wp-block-image size-large\"><img loading=\"lazy\" decoding=\"async\" width=\"800\" height=\"534\" data-id=\"26444\" src=\"https:\/\/7culture.ci\/wp-content\/uploads\/2024\/07\/Marie-Lor1-1.jpg\" alt=\"\" class=\"wp-image-26444\" srcset=\"https:\/\/7culture.ci\/wp-content\/uploads\/2024\/07\/Marie-Lor1-1.jpg 800w, https:\/\/7culture.ci\/wp-content\/uploads\/2024\/07\/Marie-Lor1-1-300x200.jpg 300w, https:\/\/7culture.ci\/wp-content\/uploads\/2024\/07\/Marie-Lor1-1-768x513.jpg 768w\" sizes=\"(max-width: 800px) 100vw, 800px\" \/><\/figure>\n\n\n\n<figure class=\"wp-block-image size-large\"><img loading=\"lazy\" decoding=\"async\" width=\"800\" height=\"534\" data-id=\"26445\" src=\"https:\/\/7culture.ci\/wp-content\/uploads\/2024\/07\/Marie-Lor3.jpg\" alt=\"\" class=\"wp-image-26445\" srcset=\"https:\/\/7culture.ci\/wp-content\/uploads\/2024\/07\/Marie-Lor3.jpg 800w, https:\/\/7culture.ci\/wp-content\/uploads\/2024\/07\/Marie-Lor3-300x200.jpg 300w, https:\/\/7culture.ci\/wp-content\/uploads\/2024\/07\/Marie-Lor3-768x513.jpg 768w\" sizes=\"(max-width: 800px) 100vw, 800px\" \/><\/figure>\n<\/figure>\n\n\n\n<p>Cr\u00e9\u00e9s en 2022, les Prix Marie L\u2019Or d\u2019Ivoire sont comme un pont culturel et professionnel entre la C\u00f4te d\u2019Ivoire et l\u2019ext\u00e9rieur. Ils visent \u00e0 promouvoir le pays \u00e0 l\u2019international en montrant une image dynamique et positive de ses artisans sur la sc\u00e8ne mondiale. L&#8217;\u00e9v\u00e9nement offrant une plateforme de reconnaissance aux Ivoiriens qui se distinguent dans divers domaines tels que la culture, la science et le monde des affaires \u00e0 l\u2019\u00e9chelle internationale.<\/p>\n\n\n\n<figure class=\"wp-block-image aligncenter size-full is-resized\"><img loading=\"lazy\" decoding=\"async\" width=\"800\" height=\"534\" src=\"https:\/\/7culture.ci\/wp-content\/uploads\/2024\/07\/Marie-Lor5.jpg\" alt=\"\" class=\"wp-image-26446\" style=\"width:670px;height:auto\" srcset=\"https:\/\/7culture.ci\/wp-content\/uploads\/2024\/07\/Marie-Lor5.jpg 800w, https:\/\/7culture.ci\/wp-content\/uploads\/2024\/07\/Marie-Lor5-300x200.jpg 300w, https:\/\/7culture.ci\/wp-content\/uploads\/2024\/07\/Marie-Lor5-768x513.jpg 768w\" sizes=\"(max-width: 800px) 100vw, 800px\" \/><\/figure>\n\n\n\n<p>En plus de la Mutuelle des familles des diasporas ivoiriennes (MFDI), les Marie l\u2019Or d\u2019Ivoire 2024 sont soutenus par C\u00f4te d\u2019Ivoire Tourisme. \u00ab&nbsp;<strong><em>La diaspora est un levier pour le d\u00e9veloppement du tourisme durable, responsable et \u00e9quitable. Pour C\u00f4te d\u2019Ivoire Tourisme, la diaspora est, non seulement, un potentiel touriste international mais plus encore un potentiel investisseur. Leur exp\u00e9rience acquise est une richesse \u00e0 partager afin d\u2019am\u00e9liorer le capital humain dans tous les secteurs<\/em> <\/strong>\u00bb, a relev\u00e9 la Directrice g\u00e9n\u00e9rale C\u00f4te d\u2019Ivoire Tourisme, Mal\u00e9kah Mourad-Cond\u00e9. La c\u00e9r\u00e9monie est aussi accompagn\u00e9e par les institutions ivoiriennes comme le Premier minist\u00e8re et le minist\u00e8re des Affaires \u00e9trang\u00e8res, de l\u2019Int\u00e9gration africaine et des Ivoiriens de l\u2019ext\u00e9rieur.<\/p>\n\n\n\n<figure class=\"wp-block-image aligncenter size-full is-resized\"><img loading=\"lazy\" decoding=\"async\" width=\"800\" height=\"534\" src=\"https:\/\/7culture.ci\/wp-content\/uploads\/2024\/07\/Marie-Lor6.jpg\" alt=\"\" class=\"wp-image-26447\" style=\"width:795px;height:auto\" srcset=\"https:\/\/7culture.ci\/wp-content\/uploads\/2024\/07\/Marie-Lor6.jpg 800w, https:\/\/7culture.ci\/wp-content\/uploads\/2024\/07\/Marie-Lor6-300x200.jpg 300w, https:\/\/7culture.ci\/wp-content\/uploads\/2024\/07\/Marie-Lor6-768x513.jpg 768w\" sizes=\"(max-width: 800px) 100vw, 800px\" \/><\/figure>\n\n\n\n<p><strong>DT<\/strong><strong><\/strong><\/p>\n","protected":false},"excerpt":{"rendered":"<p>C\u00e9l\u00e9bration&nbsp;: Milan accueille la 3e \u00e9dition des Marie L\u2019Or d\u2019Ivoire La 3e \u00e9dition des r\u00e9compenses Marie L\u2019or d\u2019Ivoire se tiendra \u00e0 Milan en Italie le 14 septembre prochain devant 250 convives. L\u2019information a \u00e9t\u00e9 donn\u00e9e le vendredi 12 juillet 2024 par la promotrice de l\u2019\u00e9v\u00e8nement Marie-Laure N\u2019Goran, vedette du 20H \u00e0 la Radiodiffusion T\u00e9l\u00e9vision Ivoirienne &hellip;<\/p>\n<p class=\"read-more\"> <a class=\"\" href=\"https:\/\/7culture.ci\/index.php\/2024\/07\/13\/celebration-milan-accueille-la-3e-edition-des-marie-lor-divoire\/\"> <span class=\"screen-reader-text\">C\u00e9l\u00e9bration\u00a0: Milan accueille la 3e \u00e9dition des Marie L\u2019Or d\u2019Ivoire<\/span> Lire la suite\u00a0\u00bb<\/a><\/p>\n","protected":false},"author":1,"featured_media":26443,"comment_status":"open","ping_status":"open","sticky":false,"template":"","format":"standard","meta":{"_mi_skip_tracking":false,"_monsterinsights_sitenote_active":false,"_monsterinsights_sitenote_note":"","_monsterinsights_sitenote_category":0,"site-sidebar-layout":"default","site-content-layout":"default","ast-global-header-display":"","ast-main-header-display":"","ast-hfb-above-header-display":"","ast-hfb-below-header-display":"","ast-hfb-mobile-header-display":"","site-post-title":"","ast-breadcrumbs-content":"","ast-featured-img":"","footer-sml-layout":"","theme-transparent-header-meta":"","adv-header-id-meta":"","stick-header-meta":"","header-above-stick-meta":"","header-main-stick-meta":"","header-below-stick-meta":"","footnotes":"","jetpack_publicize_message":"","jetpack_is_tweetstorm":false,"jetpack_publicize_feature_enabled":true},"categories":[22],"tags":[],"jetpack_publicize_connections":[],"acf":[],"aioseo_notices":[],"yoast_head":"<!-- This site is optimized with the Yoast SEO plugin v19.6.1 - https:\/\/yoast.com\/wordpress\/plugins\/seo\/ -->\n<title>C\u00e9l\u00e9bration\u00a0: Milan accueille la 3e \u00e9dition des Marie L\u2019Or d\u2019Ivoire - 7culture<\/title>\n<meta name=\"robots\" content=\"index, follow, max-snippet:-1, max-image-preview:large, max-video-preview:-1\" \/>\n<link rel=\"canonical\" href=\"https:\/\/7culture.ci\/index.php\/2024\/07\/13\/celebration-milan-accueille-la-3e-edition-des-marie-lor-divoire\/\" \/>\n<meta property=\"og:locale\" content=\"fr_FR\" \/>\n<meta property=\"og:type\" content=\"article\" \/>\n<meta property=\"og:title\" content=\"C\u00e9l\u00e9bration\u00a0: Milan accueille la 3e \u00e9dition des Marie L\u2019Or d\u2019Ivoire - 7culture\" \/>\n<meta property=\"og:description\" content=\"C\u00e9l\u00e9bration&nbsp;: Milan accueille la 3e \u00e9dition des Marie L\u2019Or d\u2019Ivoire La 3e \u00e9dition des r\u00e9compenses Marie L\u2019or d\u2019Ivoire se tiendra \u00e0 Milan en Italie le 14 septembre prochain devant 250 convives. L\u2019information a \u00e9t\u00e9 donn\u00e9e le vendredi 12 juillet 2024 par la promotrice de l\u2019\u00e9v\u00e8nement Marie-Laure N\u2019Goran, vedette du 20H \u00e0 la Radiodiffusion T\u00e9l\u00e9vision Ivoirienne &hellip; C\u00e9l\u00e9bration\u00a0: Milan accueille la 3e \u00e9dition des Marie L\u2019Or d\u2019Ivoire Lire la suite\u00a0\u00bb\" \/>\n<meta property=\"og:url\" content=\"https:\/\/7culture.ci\/index.php\/2024\/07\/13\/celebration-milan-accueille-la-3e-edition-des-marie-lor-divoire\/\" \/>\n<meta property=\"og:site_name\" content=\"7culture\" \/>\n<meta property=\"article:publisher\" content=\"https:\/\/www.facebook.com\/redchefclaude\" \/>\n<meta property=\"article:published_time\" content=\"2024-07-13T15:16:57+00:00\" \/>\n<meta property=\"article:modified_time\" content=\"2024-07-14T10:44:01+00:00\" \/>\n<meta property=\"og:image\" content=\"http:\/\/7culture.ci\/wp-content\/uploads\/2024\/07\/Marie-Lor4.jpg\" \/>\n\t<meta property=\"og:image:width\" content=\"800\" \/>\n\t<meta property=\"og:image:height\" content=\"534\" \/>\n\t<meta property=\"og:image:type\" content=\"image\/jpeg\" \/>\n<meta name=\"author\" content=\"7culture2020\" \/>\n<meta name=\"twitter:card\" content=\"summary_large_image\" \/>\n<meta name=\"twitter:creator\" content=\"@7culturec\" \/>\n<meta name=\"twitter:site\" content=\"@7culturec\" \/>\n<meta name=\"twitter:label1\" content=\"\u00c9crit par\" \/>\n\t<meta name=\"twitter:data1\" content=\"7culture2020\" \/>\n\t<meta name=\"twitter:label2\" content=\"Dur\u00e9e de lecture estim\u00e9e\" \/>\n\t<meta name=\"twitter:data2\" content=\"3 minutes\" \/>\n<script type=\"application\/ld+json\" class=\"yoast-schema-graph\">{\"@context\":\"https:\/\/schema.org\",\"@graph\":[{\"@type\":\"Article\",\"@id\":\"https:\/\/7culture.ci\/index.php\/2024\/07\/13\/celebration-milan-accueille-la-3e-edition-des-marie-lor-divoire\/#article\",\"isPartOf\":{\"@id\":\"https:\/\/7culture.ci\/index.php\/2024\/07\/13\/celebration-milan-accueille-la-3e-edition-des-marie-lor-divoire\/\"},\"author\":{\"name\":\"7culture2020\",\"@id\":\"https:\/\/7culture.ci\/#\/schema\/person\/16150d28d7ef66ba788c1f87f28c4426\"},\"headline\":\"C\u00e9l\u00e9bration\u00a0: Milan accueille la 3e \u00e9dition des Marie L\u2019Or d\u2019Ivoire\",\"datePublished\":\"2024-07-13T15:16:57+00:00\",\"dateModified\":\"2024-07-14T10:44:01+00:00\",\"mainEntityOfPage\":{\"@id\":\"https:\/\/7culture.ci\/index.php\/2024\/07\/13\/celebration-milan-accueille-la-3e-edition-des-marie-lor-divoire\/\"},\"wordCount\":571,\"commentCount\":0,\"publisher\":{\"@id\":\"https:\/\/7culture.ci\/#organization\"},\"articleSection\":[\"Actualit\u00e9\"],\"inLanguage\":\"fr-FR\",\"potentialAction\":[{\"@type\":\"CommentAction\",\"name\":\"Comment\",\"target\":[\"https:\/\/7culture.ci\/index.php\/2024\/07\/13\/celebration-milan-accueille-la-3e-edition-des-marie-lor-divoire\/#respond\"]}]},{\"@type\":\"WebPage\",\"@id\":\"https:\/\/7culture.ci\/index.php\/2024\/07\/13\/celebration-milan-accueille-la-3e-edition-des-marie-lor-divoire\/\",\"url\":\"https:\/\/7culture.ci\/index.php\/2024\/07\/13\/celebration-milan-accueille-la-3e-edition-des-marie-lor-divoire\/\",\"name\":\"C\u00e9l\u00e9bration\u00a0: Milan accueille la 3e \u00e9dition des Marie L\u2019Or d\u2019Ivoire - 7culture\",\"isPartOf\":{\"@id\":\"https:\/\/7culture.ci\/#website\"},\"datePublished\":\"2024-07-13T15:16:57+00:00\",\"dateModified\":\"2024-07-14T10:44:01+00:00\",\"breadcrumb\":{\"@id\":\"https:\/\/7culture.ci\/index.php\/2024\/07\/13\/celebration-milan-accueille-la-3e-edition-des-marie-lor-divoire\/#breadcrumb\"},\"inLanguage\":\"fr-FR\",\"potentialAction\":[{\"@type\":\"ReadAction\",\"target\":[\"https:\/\/7culture.ci\/index.php\/2024\/07\/13\/celebration-milan-accueille-la-3e-edition-des-marie-lor-divoire\/\"]}]},{\"@type\":\"BreadcrumbList\",\"@id\":\"https:\/\/7culture.ci\/index.php\/2024\/07\/13\/celebration-milan-accueille-la-3e-edition-des-marie-lor-divoire\/#breadcrumb\",\"itemListElement\":[{\"@type\":\"ListItem\",\"position\":1,\"name\":\"Accueil\",\"item\":\"https:\/\/7culture.ci\/\"},{\"@type\":\"ListItem\",\"position\":2,\"name\":\"C\u00e9l\u00e9bration\u00a0: Milan accueille la 3e \u00e9dition des Marie L\u2019Or d\u2019Ivoire\"}]},{\"@type\":\"WebSite\",\"@id\":\"https:\/\/7culture.ci\/#website\",\"url\":\"https:\/\/7culture.ci\/\",\"name\":\"7culture\",\"description\":\"Tout sur l&#039;actualit\u00e9\",\"publisher\":{\"@id\":\"https:\/\/7culture.ci\/#organization\"},\"potentialAction\":[{\"@type\":\"SearchAction\",\"target\":{\"@type\":\"EntryPoint\",\"urlTemplate\":\"https:\/\/7culture.ci\/?s={search_term_string}\"},\"query-input\":\"required name=search_term_string\"}],\"inLanguage\":\"fr-FR\"},{\"@type\":\"Organization\",\"@id\":\"https:\/\/7culture.ci\/#organization\",\"name\":\"7culture\",\"url\":\"https:\/\/7culture.ci\/\",\"sameAs\":[\"https:\/\/www.facebook.com\/redchefclaude\",\"https:\/\/twitter.com\/7culturec\"],\"logo\":{\"@type\":\"ImageObject\",\"inLanguage\":\"fr-FR\",\"@id\":\"https:\/\/7culture.ci\/#\/schema\/logo\/image\/\",\"url\":\"https:\/\/7culture.ci\/wp-content\/uploads\/2021\/12\/S1a-1.png\",\"contentUrl\":\"https:\/\/7culture.ci\/wp-content\/uploads\/2021\/12\/S1a-1.png\",\"width\":588,\"height\":192,\"caption\":\"7culture\"},\"image\":{\"@id\":\"https:\/\/7culture.ci\/#\/schema\/logo\/image\/\"}},{\"@type\":\"Person\",\"@id\":\"https:\/\/7culture.ci\/#\/schema\/person\/16150d28d7ef66ba788c1f87f28c4426\",\"name\":\"7culture2020\",\"image\":{\"@type\":\"ImageObject\",\"inLanguage\":\"fr-FR\",\"@id\":\"https:\/\/7culture.ci\/#\/schema\/person\/image\/\",\"url\":\"https:\/\/secure.gravatar.com\/avatar\/9a0784f951306c37bcd065f52844ef95?s=96&d=mm&r=g\",\"contentUrl\":\"https:\/\/secure.gravatar.com\/avatar\/9a0784f951306c37bcd065f52844ef95?s=96&d=mm&r=g\",\"caption\":\"7culture2020\"},\"sameAs\":[\"http:\/\/7culture.ci\",\"Claude.kipre\"],\"url\":\"https:\/\/7culture.ci\/index.php\/author\/7culture2020\/\"}]}<\/script>\n<!-- \/ Yoast SEO plugin. -->","yoast_head_json":{"title":"C\u00e9l\u00e9bration\u00a0: Milan accueille la 3e \u00e9dition des Marie L\u2019Or d\u2019Ivoire - 7culture","robots":{"index":"index","follow":"follow","max-snippet":"max-snippet:-1","max-image-preview":"max-image-preview:large","max-video-preview":"max-video-preview:-1"},"canonical":"https:\/\/7culture.ci\/index.php\/2024\/07\/13\/celebration-milan-accueille-la-3e-edition-des-marie-lor-divoire\/","og_locale":"fr_FR","og_type":"article","og_title":"C\u00e9l\u00e9bration\u00a0: Milan accueille la 3e \u00e9dition des Marie L\u2019Or d\u2019Ivoire - 7culture","og_description":"C\u00e9l\u00e9bration&nbsp;: Milan accueille la 3e \u00e9dition des Marie L\u2019Or d\u2019Ivoire La 3e \u00e9dition des r\u00e9compenses Marie L\u2019or d\u2019Ivoire se tiendra \u00e0 Milan en Italie le 14 septembre prochain devant 250 convives. L\u2019information a \u00e9t\u00e9 donn\u00e9e le vendredi 12 juillet 2024 par la promotrice de l\u2019\u00e9v\u00e8nement Marie-Laure N\u2019Goran, vedette du 20H \u00e0 la Radiodiffusion T\u00e9l\u00e9vision Ivoirienne &hellip; C\u00e9l\u00e9bration\u00a0: Milan accueille la 3e \u00e9dition des Marie L\u2019Or d\u2019Ivoire Lire la suite\u00a0\u00bb","og_url":"https:\/\/7culture.ci\/index.php\/2024\/07\/13\/celebration-milan-accueille-la-3e-edition-des-marie-lor-divoire\/","og_site_name":"7culture","article_publisher":"https:\/\/www.facebook.com\/redchefclaude","article_published_time":"2024-07-13T15:16:57+00:00","article_modified_time":"2024-07-14T10:44:01+00:00","og_image":[{"width":800,"height":534,"url":"http:\/\/7culture.ci\/wp-content\/uploads\/2024\/07\/Marie-Lor4.jpg","type":"image\/jpeg"}],"author":"7culture2020","twitter_card":"summary_large_image","twitter_creator":"@7culturec","twitter_site":"@7culturec","twitter_misc":{"\u00c9crit par":"7culture2020","Dur\u00e9e de lecture estim\u00e9e":"3 minutes"},"schema":{"@context":"https:\/\/schema.org","@graph":[{"@type":"Article","@id":"https:\/\/7culture.ci\/index.php\/2024\/07\/13\/celebration-milan-accueille-la-3e-edition-des-marie-lor-divoire\/#article","isPartOf":{"@id":"https:\/\/7culture.ci\/index.php\/2024\/07\/13\/celebration-milan-accueille-la-3e-edition-des-marie-lor-divoire\/"},"author":{"name":"7culture2020","@id":"https:\/\/7culture.ci\/#\/schema\/person\/16150d28d7ef66ba788c1f87f28c4426"},"headline":"C\u00e9l\u00e9bration\u00a0: Milan accueille la 3e \u00e9dition des Marie L\u2019Or d\u2019Ivoire","datePublished":"2024-07-13T15:16:57+00:00","dateModified":"2024-07-14T10:44:01+00:00","mainEntityOfPage":{"@id":"https:\/\/7culture.ci\/index.php\/2024\/07\/13\/celebration-milan-accueille-la-3e-edition-des-marie-lor-divoire\/"},"wordCount":571,"commentCount":0,"publisher":{"@id":"https:\/\/7culture.ci\/#organization"},"articleSection":["Actualit\u00e9"],"inLanguage":"fr-FR","potentialAction":[{"@type":"CommentAction","name":"Comment","target":["https:\/\/7culture.ci\/index.php\/2024\/07\/13\/celebration-milan-accueille-la-3e-edition-des-marie-lor-divoire\/#respond"]}]},{"@type":"WebPage","@id":"https:\/\/7culture.ci\/index.php\/2024\/07\/13\/celebration-milan-accueille-la-3e-edition-des-marie-lor-divoire\/","url":"https:\/\/7culture.ci\/index.php\/2024\/07\/13\/celebration-milan-accueille-la-3e-edition-des-marie-lor-divoire\/","name":"C\u00e9l\u00e9bration\u00a0: Milan accueille la 3e \u00e9dition des Marie L\u2019Or d\u2019Ivoire - 7culture","isPartOf":{"@id":"https:\/\/7culture.ci\/#website"},"datePublished":"2024-07-13T15:16:57+00:00","dateModified":"2024-07-14T10:44:01+00:00","breadcrumb":{"@id":"https:\/\/7culture.ci\/index.php\/2024\/07\/13\/celebration-milan-accueille-la-3e-edition-des-marie-lor-divoire\/#breadcrumb"},"inLanguage":"fr-FR","potentialAction":[{"@type":"ReadAction","target":["https:\/\/7culture.ci\/index.php\/2024\/07\/13\/celebration-milan-accueille-la-3e-edition-des-marie-lor-divoire\/"]}]},{"@type":"BreadcrumbList","@id":"https:\/\/7culture.ci\/index.php\/2024\/07\/13\/celebration-milan-accueille-la-3e-edition-des-marie-lor-divoire\/#breadcrumb","itemListElement":[{"@type":"ListItem","position":1,"name":"Accueil","item":"https:\/\/7culture.ci\/"},{"@type":"ListItem","position":2,"name":"C\u00e9l\u00e9bration\u00a0: Milan accueille la 3e \u00e9dition des Marie L\u2019Or d\u2019Ivoire"}]},{"@type":"WebSite","@id":"https:\/\/7culture.ci\/#website","url":"https:\/\/7culture.ci\/","name":"7culture","description":"Tout sur l&#039;actualit\u00e9","publisher":{"@id":"https:\/\/7culture.ci\/#organization"},"potentialAction":[{"@type":"SearchAction","target":{"@type":"EntryPoint","urlTemplate":"https:\/\/7culture.ci\/?s={search_term_string}"},"query-input":"required name=search_term_string"}],"inLanguage":"fr-FR"},{"@type":"Organization","@id":"https:\/\/7culture.ci\/#organization","name":"7culture","url":"https:\/\/7culture.ci\/","sameAs":["https:\/\/www.facebook.com\/redchefclaude","https:\/\/twitter.com\/7culturec"],"logo":{"@type":"ImageObject","inLanguage":"fr-FR","@id":"https:\/\/7culture.ci\/#\/schema\/logo\/image\/","url":"https:\/\/7culture.ci\/wp-content\/uploads\/2021\/12\/S1a-1.png","contentUrl":"https:\/\/7culture.ci\/wp-content\/uploads\/2021\/12\/S1a-1.png","width":588,"height":192,"caption":"7culture"},"image":{"@id":"https:\/\/7culture.ci\/#\/schema\/logo\/image\/"}},{"@type":"Person","@id":"https:\/\/7culture.ci\/#\/schema\/person\/16150d28d7ef66ba788c1f87f28c4426","name":"7culture2020","image":{"@type":"ImageObject","inLanguage":"fr-FR","@id":"https:\/\/7culture.ci\/#\/schema\/person\/image\/","url":"https:\/\/secure.gravatar.com\/avatar\/9a0784f951306c37bcd065f52844ef95?s=96&d=mm&r=g","contentUrl":"https:\/\/secure.gravatar.com\/avatar\/9a0784f951306c37bcd065f52844ef95?s=96&d=mm&r=g","caption":"7culture2020"},"sameAs":["http:\/\/7culture.ci","Claude.kipre"],"url":"https:\/\/7culture.ci\/index.php\/author\/7culture2020\/"}]}},"jetpack_featured_media_url":"https:\/\/7culture.ci\/wp-content\/uploads\/2024\/07\/Marie-Lor4.jpg","jetpack_likes_enabled":true,"jetpack_sharing_enabled":true,"_links":{"self":[{"href":"https:\/\/7culture.ci\/index.php\/wp-json\/wp\/v2\/posts\/26440"}],"collection":[{"href":"https:\/\/7culture.ci\/index.php\/wp-json\/wp\/v2\/posts"}],"about":[{"href":"https:\/\/7culture.ci\/index.php\/wp-json\/wp\/v2\/types\/post"}],"author":[{"embeddable":true,"href":"https:\/\/7culture.ci\/index.php\/wp-json\/wp\/v2\/users\/1"}],"replies":[{"embeddable":true,"href":"https:\/\/7culture.ci\/index.php\/wp-json\/wp\/v2\/comments?post=26440"}],"version-history":[{"count":1,"href":"https:\/\/7culture.ci\/index.php\/wp-json\/wp\/v2\/posts\/26440\/revisions"}],"predecessor-version":[{"id":26448,"href":"https:\/\/7culture.ci\/index.php\/wp-json\/wp\/v2\/posts\/26440\/revisions\/26448"}],"wp:featuredmedia":[{"embeddable":true,"href":"https:\/\/7culture.ci\/index.php\/wp-json\/wp\/v2\/media\/26443"}],"wp:attachment":[{"href":"https:\/\/7culture.ci\/index.php\/wp-json\/wp\/v2\/media?parent=26440"}],"wp:term":[{"taxonomy":"category","embeddable":true,"href":"https:\/\/7culture.ci\/index.php\/wp-json\/wp\/v2\/categories?post=26440"},{"taxonomy":"post_tag","embeddable":true,"href":"https:\/\/7culture.ci\/index.php\/wp-json\/wp\/v2\/tags?post=26440"}],"curies":[{"name":"wp","href":"https:\/\/api.w.org\/{rel}","templated":true}]}}