{"id":26435,"date":"2024-07-12T17:31:02","date_gmt":"2024-07-12T17:31:02","guid":{"rendered":"https:\/\/7culture.ci\/?p=26435"},"modified":"2024-07-13T15:17:38","modified_gmt":"2024-07-13T15:17:38","slug":"passation-des-charges-a-rti-le-dg-interimaire-prend-fonction","status":"publish","type":"post","link":"https:\/\/7culture.ci\/index.php\/2024\/07\/12\/passation-des-charges-a-rti-le-dg-interimaire-prend-fonction\/","title":{"rendered":"Passation des charges \u00e0 RTI\u00a0: Le Dg int\u00e9rimaire a pris fonction"},"content":{"rendered":"\n<p>Nomm\u00e9 le jeudi 11 juillet 2024 en remplacement de Fausseni Dembel\u00e9, limog\u00e9, Jean Martial Adou a pris fonction \u00e0 la t\u00eate de la Radiodiffusion t\u00e9l\u00e9vision ivoirienne (RTI). La passation des charges entre le directeur g\u00e9n\u00e9ral sortant et l\u2019int\u00e9rimaire s\u2019est d\u00e9roul\u00e9 le vendredi 12 juillet 2024 \u00e0 la maison de la t\u00e9l\u00e9vision \u00e0 Abidjan-Cocody. Aussit\u00f4t install\u00e9, Jean Martial Adou ne veut pas se donner un temps de r\u00e9pit. Il souhaite s\u2019attaquer rapidement aux d\u00e9fis de l\u2019heure du groupe m\u00e9dia publique. \u00ab Je suis conscient des difficult\u00e9s de cette maison et je m\u2019engage \u00e0 y apporter, autant que possible, des solutions durant le temps qui m\u2019est imparti \u00bb, a d\u00e9clar\u00e9 M. Adou en prenant le relai des mains de son pr\u00e9d\u00e9cesseur, Fauss\u00e9ni Demb\u00e9l\u00e9.<\/p>\n\n\n\n<p>Jean Martial Adou a aussi dit mesur\u00e9 \u00ab <em>toute l\u2019ampleur de ma responsabilit\u00e9<\/em> \u00bb et a lou\u00e9 le travail accompli par son pr\u00e9d\u00e9cesseur qui a \u00e9t\u00e9 un artisan du passage en Haute d\u00e9finition (HD) des cha\u00eenes de t\u00e9l\u00e9vision et la cr\u00e9ation de la nouvelle cha\u00eene La 3. Le directeur g\u00e9n\u00e9ral int\u00e9rimaire a \u00e9galement exhort\u00e9 le personnel \u00e0 maintenir un climat de travail apais\u00e9 afin de relever les d\u00e9fis qui se pr\u00e9sentent \u00e0 lui.<\/p>\n\n\n\n<p>C\u2019est Aka Say\u00e9 Lazare, pr\u00e9sident du conseil d\u2019administration de la RTI qui a pr\u00e9sid\u00e9 la c\u00e9r\u00e9monie de passage de t\u00e9moin. L\u2019\u00e9v\u00e8nement a \u00e9t\u00e9 supervis\u00e9 par l\u2019inspecteur g\u00e9n\u00e9ral du minist\u00e8re de la Communication, L\u00e9andre Anoma-Kani\u00e9.<\/p>\n\n\n\n<p>DT<\/p>\n","protected":false},"excerpt":{"rendered":"<p>Nomm\u00e9 le jeudi 11 juillet 2024 en remplacement de Fausseni Dembel\u00e9, limog\u00e9, Jean Martial Adou a pris fonction \u00e0 la t\u00eate de la Radiodiffusion t\u00e9l\u00e9vision ivoirienne (RTI). La passation des charges entre le directeur g\u00e9n\u00e9ral sortant et l\u2019int\u00e9rimaire s\u2019est d\u00e9roul\u00e9 le vendredi 12 juillet 2024 \u00e0 la maison de la t\u00e9l\u00e9vision \u00e0 Abidjan-Cocody. Aussit\u00f4t install\u00e9, &hellip;<\/p>\n<p class=\"read-more\"> <a class=\"\" href=\"https:\/\/7culture.ci\/index.php\/2024\/07\/12\/passation-des-charges-a-rti-le-dg-interimaire-prend-fonction\/\"> <span class=\"screen-reader-text\">Passation des charges \u00e0 RTI\u00a0: Le Dg int\u00e9rimaire a pris fonction<\/span> Lire la suite\u00a0\u00bb<\/a><\/p>\n","protected":false},"author":1,"featured_media":26437,"comment_status":"open","ping_status":"open","sticky":false,"template":"","format":"standard","meta":{"_mi_skip_tracking":false,"_monsterinsights_sitenote_active":false,"_monsterinsights_sitenote_note":"","_monsterinsights_sitenote_category":0,"site-sidebar-layout":"default","site-content-layout":"default","ast-global-header-display":"","ast-main-header-display":"","ast-hfb-above-header-display":"","ast-hfb-below-header-display":"","ast-hfb-mobile-header-display":"","site-post-title":"","ast-breadcrumbs-content":"","ast-featured-img":"","footer-sml-layout":"","theme-transparent-header-meta":"","adv-header-id-meta":"","stick-header-meta":"","header-above-stick-meta":"","header-main-stick-meta":"","header-below-stick-meta":"","footnotes":"","jetpack_publicize_message":"","jetpack_is_tweetstorm":false,"jetpack_publicize_feature_enabled":true},"categories":[22],"tags":[],"jetpack_publicize_connections":[],"acf":[],"aioseo_notices":[],"yoast_head":"<!-- This site is optimized with the Yoast SEO plugin v19.6.1 - https:\/\/yoast.com\/wordpress\/plugins\/seo\/ -->\n<title>Passation des charges \u00e0 RTI\u00a0: Le Dg int\u00e9rimaire a pris fonction - 7culture<\/title>\n<meta name=\"robots\" content=\"index, follow, max-snippet:-1, max-image-preview:large, max-video-preview:-1\" \/>\n<link rel=\"canonical\" href=\"https:\/\/7culture.ci\/index.php\/2024\/07\/12\/passation-des-charges-a-rti-le-dg-interimaire-prend-fonction\/\" \/>\n<meta property=\"og:locale\" content=\"fr_FR\" \/>\n<meta property=\"og:type\" content=\"article\" \/>\n<meta property=\"og:title\" content=\"Passation des charges \u00e0 RTI\u00a0: Le Dg int\u00e9rimaire a pris fonction - 7culture\" \/>\n<meta property=\"og:description\" content=\"Nomm\u00e9 le jeudi 11 juillet 2024 en remplacement de Fausseni Dembel\u00e9, limog\u00e9, Jean Martial Adou a pris fonction \u00e0 la t\u00eate de la Radiodiffusion t\u00e9l\u00e9vision ivoirienne (RTI). La passation des charges entre le directeur g\u00e9n\u00e9ral sortant et l\u2019int\u00e9rimaire s\u2019est d\u00e9roul\u00e9 le vendredi 12 juillet 2024 \u00e0 la maison de la t\u00e9l\u00e9vision \u00e0 Abidjan-Cocody. Aussit\u00f4t install\u00e9, &hellip; Passation des charges \u00e0 RTI\u00a0: Le Dg int\u00e9rimaire a pris fonction Lire la suite\u00a0\u00bb\" \/>\n<meta property=\"og:url\" content=\"https:\/\/7culture.ci\/index.php\/2024\/07\/12\/passation-des-charges-a-rti-le-dg-interimaire-prend-fonction\/\" \/>\n<meta property=\"og:site_name\" content=\"7culture\" \/>\n<meta property=\"article:publisher\" content=\"https:\/\/www.facebook.com\/redchefclaude\" \/>\n<meta property=\"article:published_time\" content=\"2024-07-12T17:31:02+00:00\" \/>\n<meta property=\"article:modified_time\" content=\"2024-07-13T15:17:38+00:00\" \/>\n<meta property=\"og:image\" content=\"http:\/\/7culture.ci\/wp-content\/uploads\/2024\/07\/Adou-Dembele.jpg\" \/>\n\t<meta property=\"og:image:width\" content=\"960\" \/>\n\t<meta property=\"og:image:height\" content=\"567\" \/>\n\t<meta property=\"og:image:type\" content=\"image\/jpeg\" \/>\n<meta name=\"author\" content=\"7culture2020\" \/>\n<meta name=\"twitter:card\" content=\"summary_large_image\" \/>\n<meta name=\"twitter:creator\" content=\"@7culturec\" \/>\n<meta name=\"twitter:site\" content=\"@7culturec\" \/>\n<meta name=\"twitter:label1\" content=\"\u00c9crit par\" \/>\n\t<meta name=\"twitter:data1\" content=\"7culture2020\" \/>\n\t<meta name=\"twitter:label2\" content=\"Dur\u00e9e de lecture estim\u00e9e\" \/>\n\t<meta name=\"twitter:data2\" content=\"1 minute\" \/>\n<script type=\"application\/ld+json\" class=\"yoast-schema-graph\">{\"@context\":\"https:\/\/schema.org\",\"@graph\":[{\"@type\":\"Article\",\"@id\":\"https:\/\/7culture.ci\/index.php\/2024\/07\/12\/passation-des-charges-a-rti-le-dg-interimaire-prend-fonction\/#article\",\"isPartOf\":{\"@id\":\"https:\/\/7culture.ci\/index.php\/2024\/07\/12\/passation-des-charges-a-rti-le-dg-interimaire-prend-fonction\/\"},\"author\":{\"name\":\"7culture2020\",\"@id\":\"https:\/\/7culture.ci\/#\/schema\/person\/16150d28d7ef66ba788c1f87f28c4426\"},\"headline\":\"Passation des charges \u00e0 RTI\u00a0: Le Dg int\u00e9rimaire a pris fonction\",\"datePublished\":\"2024-07-12T17:31:02+00:00\",\"dateModified\":\"2024-07-13T15:17:38+00:00\",\"mainEntityOfPage\":{\"@id\":\"https:\/\/7culture.ci\/index.php\/2024\/07\/12\/passation-des-charges-a-rti-le-dg-interimaire-prend-fonction\/\"},\"wordCount\":278,\"commentCount\":0,\"publisher\":{\"@id\":\"https:\/\/7culture.ci\/#organization\"},\"articleSection\":[\"Actualit\u00e9\"],\"inLanguage\":\"fr-FR\",\"potentialAction\":[{\"@type\":\"CommentAction\",\"name\":\"Comment\",\"target\":[\"https:\/\/7culture.ci\/index.php\/2024\/07\/12\/passation-des-charges-a-rti-le-dg-interimaire-prend-fonction\/#respond\"]}]},{\"@type\":\"WebPage\",\"@id\":\"https:\/\/7culture.ci\/index.php\/2024\/07\/12\/passation-des-charges-a-rti-le-dg-interimaire-prend-fonction\/\",\"url\":\"https:\/\/7culture.ci\/index.php\/2024\/07\/12\/passation-des-charges-a-rti-le-dg-interimaire-prend-fonction\/\",\"name\":\"Passation des charges \u00e0 RTI\u00a0: Le Dg int\u00e9rimaire a pris fonction - 7culture\",\"isPartOf\":{\"@id\":\"https:\/\/7culture.ci\/#website\"},\"datePublished\":\"2024-07-12T17:31:02+00:00\",\"dateModified\":\"2024-07-13T15:17:38+00:00\",\"breadcrumb\":{\"@id\":\"https:\/\/7culture.ci\/index.php\/2024\/07\/12\/passation-des-charges-a-rti-le-dg-interimaire-prend-fonction\/#breadcrumb\"},\"inLanguage\":\"fr-FR\",\"potentialAction\":[{\"@type\":\"ReadAction\",\"target\":[\"https:\/\/7culture.ci\/index.php\/2024\/07\/12\/passation-des-charges-a-rti-le-dg-interimaire-prend-fonction\/\"]}]},{\"@type\":\"BreadcrumbList\",\"@id\":\"https:\/\/7culture.ci\/index.php\/2024\/07\/12\/passation-des-charges-a-rti-le-dg-interimaire-prend-fonction\/#breadcrumb\",\"itemListElement\":[{\"@type\":\"ListItem\",\"position\":1,\"name\":\"Accueil\",\"item\":\"https:\/\/7culture.ci\/\"},{\"@type\":\"ListItem\",\"position\":2,\"name\":\"Passation des charges \u00e0 RTI\u00a0: Le Dg int\u00e9rimaire a pris fonction\"}]},{\"@type\":\"WebSite\",\"@id\":\"https:\/\/7culture.ci\/#website\",\"url\":\"https:\/\/7culture.ci\/\",\"name\":\"7culture\",\"description\":\"Tout sur l&#039;actualit\u00e9\",\"publisher\":{\"@id\":\"https:\/\/7culture.ci\/#organization\"},\"potentialAction\":[{\"@type\":\"SearchAction\",\"target\":{\"@type\":\"EntryPoint\",\"urlTemplate\":\"https:\/\/7culture.ci\/?s={search_term_string}\"},\"query-input\":\"required name=search_term_string\"}],\"inLanguage\":\"fr-FR\"},{\"@type\":\"Organization\",\"@id\":\"https:\/\/7culture.ci\/#organization\",\"name\":\"7culture\",\"url\":\"https:\/\/7culture.ci\/\",\"sameAs\":[\"https:\/\/www.facebook.com\/redchefclaude\",\"https:\/\/twitter.com\/7culturec\"],\"logo\":{\"@type\":\"ImageObject\",\"inLanguage\":\"fr-FR\",\"@id\":\"https:\/\/7culture.ci\/#\/schema\/logo\/image\/\",\"url\":\"https:\/\/7culture.ci\/wp-content\/uploads\/2021\/12\/S1a-1.png\",\"contentUrl\":\"https:\/\/7culture.ci\/wp-content\/uploads\/2021\/12\/S1a-1.png\",\"width\":588,\"height\":192,\"caption\":\"7culture\"},\"image\":{\"@id\":\"https:\/\/7culture.ci\/#\/schema\/logo\/image\/\"}},{\"@type\":\"Person\",\"@id\":\"https:\/\/7culture.ci\/#\/schema\/person\/16150d28d7ef66ba788c1f87f28c4426\",\"name\":\"7culture2020\",\"image\":{\"@type\":\"ImageObject\",\"inLanguage\":\"fr-FR\",\"@id\":\"https:\/\/7culture.ci\/#\/schema\/person\/image\/\",\"url\":\"https:\/\/secure.gravatar.com\/avatar\/9a0784f951306c37bcd065f52844ef95?s=96&d=mm&r=g\",\"contentUrl\":\"https:\/\/secure.gravatar.com\/avatar\/9a0784f951306c37bcd065f52844ef95?s=96&d=mm&r=g\",\"caption\":\"7culture2020\"},\"sameAs\":[\"http:\/\/7culture.ci\",\"Claude.kipre\"],\"url\":\"https:\/\/7culture.ci\/index.php\/author\/7culture2020\/\"}]}<\/script>\n<!-- \/ Yoast SEO plugin. -->","yoast_head_json":{"title":"Passation des charges \u00e0 RTI\u00a0: Le Dg int\u00e9rimaire a pris fonction - 7culture","robots":{"index":"index","follow":"follow","max-snippet":"max-snippet:-1","max-image-preview":"max-image-preview:large","max-video-preview":"max-video-preview:-1"},"canonical":"https:\/\/7culture.ci\/index.php\/2024\/07\/12\/passation-des-charges-a-rti-le-dg-interimaire-prend-fonction\/","og_locale":"fr_FR","og_type":"article","og_title":"Passation des charges \u00e0 RTI\u00a0: Le Dg int\u00e9rimaire a pris fonction - 7culture","og_description":"Nomm\u00e9 le jeudi 11 juillet 2024 en remplacement de Fausseni Dembel\u00e9, limog\u00e9, Jean Martial Adou a pris fonction \u00e0 la t\u00eate de la Radiodiffusion t\u00e9l\u00e9vision ivoirienne (RTI). La passation des charges entre le directeur g\u00e9n\u00e9ral sortant et l\u2019int\u00e9rimaire s\u2019est d\u00e9roul\u00e9 le vendredi 12 juillet 2024 \u00e0 la maison de la t\u00e9l\u00e9vision \u00e0 Abidjan-Cocody. Aussit\u00f4t install\u00e9, &hellip; Passation des charges \u00e0 RTI\u00a0: Le Dg int\u00e9rimaire a pris fonction Lire la suite\u00a0\u00bb","og_url":"https:\/\/7culture.ci\/index.php\/2024\/07\/12\/passation-des-charges-a-rti-le-dg-interimaire-prend-fonction\/","og_site_name":"7culture","article_publisher":"https:\/\/www.facebook.com\/redchefclaude","article_published_time":"2024-07-12T17:31:02+00:00","article_modified_time":"2024-07-13T15:17:38+00:00","og_image":[{"width":960,"height":567,"url":"http:\/\/7culture.ci\/wp-content\/uploads\/2024\/07\/Adou-Dembele.jpg","type":"image\/jpeg"}],"author":"7culture2020","twitter_card":"summary_large_image","twitter_creator":"@7culturec","twitter_site":"@7culturec","twitter_misc":{"\u00c9crit par":"7culture2020","Dur\u00e9e de lecture estim\u00e9e":"1 minute"},"schema":{"@context":"https:\/\/schema.org","@graph":[{"@type":"Article","@id":"https:\/\/7culture.ci\/index.php\/2024\/07\/12\/passation-des-charges-a-rti-le-dg-interimaire-prend-fonction\/#article","isPartOf":{"@id":"https:\/\/7culture.ci\/index.php\/2024\/07\/12\/passation-des-charges-a-rti-le-dg-interimaire-prend-fonction\/"},"author":{"name":"7culture2020","@id":"https:\/\/7culture.ci\/#\/schema\/person\/16150d28d7ef66ba788c1f87f28c4426"},"headline":"Passation des charges \u00e0 RTI\u00a0: Le Dg int\u00e9rimaire a pris fonction","datePublished":"2024-07-12T17:31:02+00:00","dateModified":"2024-07-13T15:17:38+00:00","mainEntityOfPage":{"@id":"https:\/\/7culture.ci\/index.php\/2024\/07\/12\/passation-des-charges-a-rti-le-dg-interimaire-prend-fonction\/"},"wordCount":278,"commentCount":0,"publisher":{"@id":"https:\/\/7culture.ci\/#organization"},"articleSection":["Actualit\u00e9"],"inLanguage":"fr-FR","potentialAction":[{"@type":"CommentAction","name":"Comment","target":["https:\/\/7culture.ci\/index.php\/2024\/07\/12\/passation-des-charges-a-rti-le-dg-interimaire-prend-fonction\/#respond"]}]},{"@type":"WebPage","@id":"https:\/\/7culture.ci\/index.php\/2024\/07\/12\/passation-des-charges-a-rti-le-dg-interimaire-prend-fonction\/","url":"https:\/\/7culture.ci\/index.php\/2024\/07\/12\/passation-des-charges-a-rti-le-dg-interimaire-prend-fonction\/","name":"Passation des charges \u00e0 RTI\u00a0: Le Dg int\u00e9rimaire a pris fonction - 7culture","isPartOf":{"@id":"https:\/\/7culture.ci\/#website"},"datePublished":"2024-07-12T17:31:02+00:00","dateModified":"2024-07-13T15:17:38+00:00","breadcrumb":{"@id":"https:\/\/7culture.ci\/index.php\/2024\/07\/12\/passation-des-charges-a-rti-le-dg-interimaire-prend-fonction\/#breadcrumb"},"inLanguage":"fr-FR","potentialAction":[{"@type":"ReadAction","target":["https:\/\/7culture.ci\/index.php\/2024\/07\/12\/passation-des-charges-a-rti-le-dg-interimaire-prend-fonction\/"]}]},{"@type":"BreadcrumbList","@id":"https:\/\/7culture.ci\/index.php\/2024\/07\/12\/passation-des-charges-a-rti-le-dg-interimaire-prend-fonction\/#breadcrumb","itemListElement":[{"@type":"ListItem","position":1,"name":"Accueil","item":"https:\/\/7culture.ci\/"},{"@type":"ListItem","position":2,"name":"Passation des charges \u00e0 RTI\u00a0: Le Dg int\u00e9rimaire a pris fonction"}]},{"@type":"WebSite","@id":"https:\/\/7culture.ci\/#website","url":"https:\/\/7culture.ci\/","name":"7culture","description":"Tout sur l&#039;actualit\u00e9","publisher":{"@id":"https:\/\/7culture.ci\/#organization"},"potentialAction":[{"@type":"SearchAction","target":{"@type":"EntryPoint","urlTemplate":"https:\/\/7culture.ci\/?s={search_term_string}"},"query-input":"required name=search_term_string"}],"inLanguage":"fr-FR"},{"@type":"Organization","@id":"https:\/\/7culture.ci\/#organization","name":"7culture","url":"https:\/\/7culture.ci\/","sameAs":["https:\/\/www.facebook.com\/redchefclaude","https:\/\/twitter.com\/7culturec"],"logo":{"@type":"ImageObject","inLanguage":"fr-FR","@id":"https:\/\/7culture.ci\/#\/schema\/logo\/image\/","url":"https:\/\/7culture.ci\/wp-content\/uploads\/2021\/12\/S1a-1.png","contentUrl":"https:\/\/7culture.ci\/wp-content\/uploads\/2021\/12\/S1a-1.png","width":588,"height":192,"caption":"7culture"},"image":{"@id":"https:\/\/7culture.ci\/#\/schema\/logo\/image\/"}},{"@type":"Person","@id":"https:\/\/7culture.ci\/#\/schema\/person\/16150d28d7ef66ba788c1f87f28c4426","name":"7culture2020","image":{"@type":"ImageObject","inLanguage":"fr-FR","@id":"https:\/\/7culture.ci\/#\/schema\/person\/image\/","url":"https:\/\/secure.gravatar.com\/avatar\/9a0784f951306c37bcd065f52844ef95?s=96&d=mm&r=g","contentUrl":"https:\/\/secure.gravatar.com\/avatar\/9a0784f951306c37bcd065f52844ef95?s=96&d=mm&r=g","caption":"7culture2020"},"sameAs":["http:\/\/7culture.ci","Claude.kipre"],"url":"https:\/\/7culture.ci\/index.php\/author\/7culture2020\/"}]}},"jetpack_featured_media_url":"https:\/\/7culture.ci\/wp-content\/uploads\/2024\/07\/Adou-Dembele.jpg","jetpack_likes_enabled":true,"jetpack_sharing_enabled":true,"_links":{"self":[{"href":"https:\/\/7culture.ci\/index.php\/wp-json\/wp\/v2\/posts\/26435"}],"collection":[{"href":"https:\/\/7culture.ci\/index.php\/wp-json\/wp\/v2\/posts"}],"about":[{"href":"https:\/\/7culture.ci\/index.php\/wp-json\/wp\/v2\/types\/post"}],"author":[{"embeddable":true,"href":"https:\/\/7culture.ci\/index.php\/wp-json\/wp\/v2\/users\/1"}],"replies":[{"embeddable":true,"href":"https:\/\/7culture.ci\/index.php\/wp-json\/wp\/v2\/comments?post=26435"}],"version-history":[{"count":2,"href":"https:\/\/7culture.ci\/index.php\/wp-json\/wp\/v2\/posts\/26435\/revisions"}],"predecessor-version":[{"id":26439,"href":"https:\/\/7culture.ci\/index.php\/wp-json\/wp\/v2\/posts\/26435\/revisions\/26439"}],"wp:featuredmedia":[{"embeddable":true,"href":"https:\/\/7culture.ci\/index.php\/wp-json\/wp\/v2\/media\/26437"}],"wp:attachment":[{"href":"https:\/\/7culture.ci\/index.php\/wp-json\/wp\/v2\/media?parent=26435"}],"wp:term":[{"taxonomy":"category","embeddable":true,"href":"https:\/\/7culture.ci\/index.php\/wp-json\/wp\/v2\/categories?post=26435"},{"taxonomy":"post_tag","embeddable":true,"href":"https:\/\/7culture.ci\/index.php\/wp-json\/wp\/v2\/tags?post=26435"}],"curies":[{"name":"wp","href":"https:\/\/api.w.org\/{rel}","templated":true}]}}