{"id":26429,"date":"2024-07-12T10:49:22","date_gmt":"2024-07-12T10:49:22","guid":{"rendered":"https:\/\/7culture.ci\/?p=26429"},"modified":"2024-07-12T17:32:30","modified_gmt":"2024-07-12T17:32:30","slug":"rti-jean-martial-adou-nomme-dg-par-interim","status":"publish","type":"post","link":"https:\/\/7culture.ci\/index.php\/2024\/07\/12\/rti-jean-martial-adou-nomme-dg-par-interim\/","title":{"rendered":"RTI\u00a0: Jean Martial Adou nomm\u00e9 Dg par int\u00e9rim"},"content":{"rendered":"\n<p>Jean Martial Adou, directeur de cabinet du minist\u00e8re de la Communication, va assurer l\u2019int\u00e9rim de Fauss\u00e9ni Demb\u00e9l\u00e9, limog\u00e9 \u00e0 la direction g\u00e9n\u00e9rale de la Radiodiffusion t\u00e9l\u00e9vision ivoirienne (RTI), le mercredi dernier en conseil des ministres.<\/p>\n\n\n\n<p>C\u2019est apr\u00e8s une r\u00e9union extraordinaire du Conseil d\u2019administration de la RTI, que le nouveau patron du m\u00e9dia d\u2019Etat a \u00e9t\u00e9 d\u00e9sign\u00e9 le jeudi 11 juillet 2024. L\u2019ex-directeur g\u00e9n\u00e9ral de la RTI, Fauss\u00e9ni Demb\u00e9l\u00e9, a \u00e9t\u00e9 d\u00e9mis de ses en raison des \u00ab dysfonctionnements \u00bb constat\u00e9s dans la gestion de l\u2019entreprise publique.<\/p>\n\n\n\n<p>Professionnel des m\u00e9dias, Fauss\u00e9ni Demb\u00e9l\u00e9 avait \u00e9t\u00e9 nomm\u00e9 le 06 f\u00e9vrier 2019 en qualit\u00e9 de directeur g\u00e9n\u00e9ral de la RTI, en remplacement de M. Ahmadou Bakayoko, l\u2019actuel directeur g\u00e9n\u00e9ral du Groupe CIE\/SODECI. Il \u00e9tait en poste depuis six ans.<\/p>\n\n\n\n<p><strong>Jean Martial Adou digest<\/strong><\/p>\n\n\n\n<p>De nationalit\u00e9 ivoirienne, Jean Martial Adou est dipl\u00f4m\u00e9 d\u2019Administration publique de l\u2019Ecole nationale d\u2019Administration de France et est titulaire d\u2019une ma\u00eetrise des Sciences de gestion de l\u2019Universit\u00e9 de Cocody.<\/p>\n\n\n\n<p>Il exerce la profession d\u2019\u00e9conomiste, de haut fonctionnaire et de technicien du g\u00e9nie civil depuis 34 ans. Il a une exp\u00e9rience professionnelle vari\u00e9e, principalement dans des institutions engag\u00e9es dans le d\u00e9veloppement et dans des cabinets minist\u00e9riels.<\/p>\n\n\n\n<p>Son parcours professionnel d\u00e9bute en 1990 \u00e0 l\u2019Association pour le d\u00e9veloppement de la riziculture en Afrique de l\u2019ouest devenue Africa Rice, en qualit\u00e9 de g\u00e9om\u00e8tre de l\u2019\u00e9quipe en charge de l\u2019am\u00e9nagement du bassin du M\u2019bey \u00e0 Bouak\u00e9. Cette premi\u00e8re exp\u00e9rience lui permet d\u2019\u00eatre familier de l\u2019environnement de l\u2019agriculture et du g\u00e9nie rural.&nbsp;<\/p>\n\n\n\n<p>En septembre 1992, il int\u00e8gre la DCGTx (actuel BNETD) o\u00f9 il travaille principalement dans les domaines des march\u00e9s publics et des \u00e9tudes \u00e9conomiques.&nbsp;<\/p>\n\n\n\n<p>De 2006 \u00e0 2017, il exerce en qualit\u00e9 de Conseiller technique au cabinet des ministres en charge de la communication. Il y acquiert une exp\u00e9rience vari\u00e9e et prend une part active \u00e0 l\u2019\u00e9laboration de documents de strat\u00e9gie, de projets de loi, de d\u00e9crets et autres.<\/p>\n\n\n\n<p>Il y occupe plusieurs autres responsabilit\u00e9s notamment secr\u00e9taire permanent du programme d\u2019urgence Radiodiffusion T\u00e9l\u00e9vision Ivoirienne (RTI), projet de 23&nbsp; milliards de Fcfa r\u00e9alis\u00e9 de 2006 \u00e0 2013 ayant permis de r\u00e9habiliter les infrastructures techniques de la&nbsp; RTI d\u00e9truites par la situation de crise; secr\u00e9taire technique du groupe de travail des vingt (20) experts ayant&nbsp; \u00e9labor\u00e9 le document de strat\u00e9gie nationale pour le passage de la C\u00f4te d\u2019Ivoire \u00e0 la T\u00e9l\u00e9vision num\u00e9rique de&nbsp; terre (TNT), de janvier \u00e0 juillet 2012.<\/p>\n\n\n\n<figure class=\"wp-block-image aligncenter size-full is-resized\"><img loading=\"lazy\" decoding=\"async\" width=\"870\" height=\"761\" src=\"https:\/\/7culture.ci\/wp-content\/uploads\/2024\/07\/adou2.jpg\" alt=\"\" class=\"wp-image-26432\" style=\"width:564px;height:auto\" srcset=\"https:\/\/7culture.ci\/wp-content\/uploads\/2024\/07\/adou2.jpg 870w, https:\/\/7culture.ci\/wp-content\/uploads\/2024\/07\/adou2-300x262.jpg 300w, https:\/\/7culture.ci\/wp-content\/uploads\/2024\/07\/adou2-768x672.jpg 768w\" sizes=\"(max-width: 870px) 100vw, 870px\" \/><\/figure>\n\n\n\n<p>Il a dirig\u00e9 les travaux de r\u00e9vision de la loi sur la Communication audiovisuelle de 2004 pour l\u2019adapter au nouvel environnement num\u00e9rique. Cette r\u00e9vision a permis l\u2019adoption de la loi 2017-868 du 27 d\u00e9cembre 2017 sur la Communication audiovisuelle.<\/p>\n\n\n\n<p>Ces diff\u00e9rents travaux \u00e9labor\u00e9s en liaison avec les acteurs du secteur de l\u2019\u00c9conomie num\u00e9rique lui permettent d\u2019\u00eatre familier de ce secteur, de sa l\u00e9gislation et de ses ressources humaines depuis plus d\u2019une d\u00e9cennie. Il a dirig\u00e9 \u00e9galement les travaux de r\u00e9daction de la loi sur la Communication publicitaire.&nbsp;<\/p>\n\n\n\n<p>Depuis octobre 2018, il exerce successivement en qualit\u00e9 de Directeur de Cabinet des Ministres en charge de la Communication, des M\u00e9dias, de la Francophonie et de l\u2019\u00c9conomie num\u00e9rique. Il est membre de Conseils d\u2019administration de Soci\u00e9t\u00e9 d\u2019Etat, de Conseil de gestion d\u2019\u00e9tablissements publics, de comit\u00e9s de pilotage de projets.<\/p>\n\n\n\n<p>M. Adou a une connaissance approfondie de l\u2019administration ivoirienne, de l\u2019environnement des m\u00e9dias en C\u00f4te d\u2019Ivoire et \u00e0 l\u2019\u00e9tranger et a su nouer de bonnes relations dans ces environnements.<\/p>\n\n\n\n<figure class=\"wp-block-image aligncenter size-full is-resized\"><img loading=\"lazy\" decoding=\"async\" width=\"720\" height=\"479\" src=\"https:\/\/7culture.ci\/wp-content\/uploads\/2024\/07\/adou1.jpg\" alt=\"\" class=\"wp-image-26433\" style=\"width:580px;height:auto\" srcset=\"https:\/\/7culture.ci\/wp-content\/uploads\/2024\/07\/adou1.jpg 720w, https:\/\/7culture.ci\/wp-content\/uploads\/2024\/07\/adou1-300x200.jpg 300w\" sizes=\"(max-width: 720px) 100vw, 720px\" \/><\/figure>\n\n\n\n<p>DT<\/p>\n","protected":false},"excerpt":{"rendered":"<p>Jean Martial Adou, directeur de cabinet du minist\u00e8re de la Communication, va assurer l\u2019int\u00e9rim de Fauss\u00e9ni Demb\u00e9l\u00e9, limog\u00e9 \u00e0 la direction g\u00e9n\u00e9rale de la Radiodiffusion t\u00e9l\u00e9vision ivoirienne (RTI), le mercredi dernier en conseil des ministres. C\u2019est apr\u00e8s une r\u00e9union extraordinaire du Conseil d\u2019administration de la RTI, que le nouveau patron du m\u00e9dia d\u2019Etat a \u00e9t\u00e9 &hellip;<\/p>\n<p class=\"read-more\"> <a class=\"\" href=\"https:\/\/7culture.ci\/index.php\/2024\/07\/12\/rti-jean-martial-adou-nomme-dg-par-interim\/\"> <span class=\"screen-reader-text\">RTI\u00a0: Jean Martial Adou nomm\u00e9 Dg par int\u00e9rim<\/span> Lire la suite\u00a0\u00bb<\/a><\/p>\n","protected":false},"author":1,"featured_media":26431,"comment_status":"open","ping_status":"open","sticky":false,"template":"","format":"standard","meta":{"_mi_skip_tracking":false,"_monsterinsights_sitenote_active":false,"_monsterinsights_sitenote_note":"","_monsterinsights_sitenote_category":0,"site-sidebar-layout":"default","site-content-layout":"default","ast-global-header-display":"","ast-main-header-display":"","ast-hfb-above-header-display":"","ast-hfb-below-header-display":"","ast-hfb-mobile-header-display":"","site-post-title":"","ast-breadcrumbs-content":"","ast-featured-img":"","footer-sml-layout":"","theme-transparent-header-meta":"","adv-header-id-meta":"","stick-header-meta":"","header-above-stick-meta":"","header-main-stick-meta":"","header-below-stick-meta":"","footnotes":"","jetpack_publicize_message":"","jetpack_is_tweetstorm":false,"jetpack_publicize_feature_enabled":true},"categories":[22],"tags":[],"jetpack_publicize_connections":[],"acf":[],"aioseo_notices":[],"yoast_head":"<!-- This site is optimized with the Yoast SEO plugin v19.6.1 - https:\/\/yoast.com\/wordpress\/plugins\/seo\/ -->\n<title>RTI\u00a0: Jean Martial Adou nomm\u00e9 Dg par int\u00e9rim - 7culture<\/title>\n<meta name=\"robots\" content=\"index, follow, max-snippet:-1, max-image-preview:large, max-video-preview:-1\" \/>\n<link rel=\"canonical\" href=\"https:\/\/7culture.ci\/index.php\/2024\/07\/12\/rti-jean-martial-adou-nomme-dg-par-interim\/\" \/>\n<meta property=\"og:locale\" content=\"fr_FR\" \/>\n<meta property=\"og:type\" content=\"article\" \/>\n<meta property=\"og:title\" content=\"RTI\u00a0: Jean Martial Adou nomm\u00e9 Dg par int\u00e9rim - 7culture\" \/>\n<meta property=\"og:description\" content=\"Jean Martial Adou, directeur de cabinet du minist\u00e8re de la Communication, va assurer l\u2019int\u00e9rim de Fauss\u00e9ni Demb\u00e9l\u00e9, limog\u00e9 \u00e0 la direction g\u00e9n\u00e9rale de la Radiodiffusion t\u00e9l\u00e9vision ivoirienne (RTI), le mercredi dernier en conseil des ministres. C\u2019est apr\u00e8s une r\u00e9union extraordinaire du Conseil d\u2019administration de la RTI, que le nouveau patron du m\u00e9dia d\u2019Etat a \u00e9t\u00e9 &hellip; RTI\u00a0: Jean Martial Adou nomm\u00e9 Dg par int\u00e9rim Lire la suite\u00a0\u00bb\" \/>\n<meta property=\"og:url\" content=\"https:\/\/7culture.ci\/index.php\/2024\/07\/12\/rti-jean-martial-adou-nomme-dg-par-interim\/\" \/>\n<meta property=\"og:site_name\" content=\"7culture\" \/>\n<meta property=\"article:publisher\" content=\"https:\/\/www.facebook.com\/redchefclaude\" \/>\n<meta property=\"article:published_time\" content=\"2024-07-12T10:49:22+00:00\" \/>\n<meta property=\"article:modified_time\" content=\"2024-07-12T17:32:30+00:00\" \/>\n<meta property=\"og:image\" content=\"http:\/\/7culture.ci\/wp-content\/uploads\/2024\/07\/adou3.jpg\" \/>\n\t<meta property=\"og:image:width\" content=\"768\" \/>\n\t<meta property=\"og:image:height\" content=\"585\" \/>\n\t<meta property=\"og:image:type\" content=\"image\/jpeg\" \/>\n<meta name=\"author\" content=\"7culture2020\" \/>\n<meta name=\"twitter:card\" content=\"summary_large_image\" \/>\n<meta name=\"twitter:creator\" content=\"@7culturec\" \/>\n<meta name=\"twitter:site\" content=\"@7culturec\" \/>\n<meta name=\"twitter:label1\" content=\"\u00c9crit par\" \/>\n\t<meta name=\"twitter:data1\" content=\"7culture2020\" \/>\n\t<meta name=\"twitter:label2\" content=\"Dur\u00e9e de lecture estim\u00e9e\" \/>\n\t<meta name=\"twitter:data2\" content=\"3 minutes\" \/>\n<script type=\"application\/ld+json\" class=\"yoast-schema-graph\">{\"@context\":\"https:\/\/schema.org\",\"@graph\":[{\"@type\":\"Article\",\"@id\":\"https:\/\/7culture.ci\/index.php\/2024\/07\/12\/rti-jean-martial-adou-nomme-dg-par-interim\/#article\",\"isPartOf\":{\"@id\":\"https:\/\/7culture.ci\/index.php\/2024\/07\/12\/rti-jean-martial-adou-nomme-dg-par-interim\/\"},\"author\":{\"name\":\"7culture2020\",\"@id\":\"https:\/\/7culture.ci\/#\/schema\/person\/16150d28d7ef66ba788c1f87f28c4426\"},\"headline\":\"RTI\u00a0: Jean Martial Adou nomm\u00e9 Dg par int\u00e9rim\",\"datePublished\":\"2024-07-12T10:49:22+00:00\",\"dateModified\":\"2024-07-12T17:32:30+00:00\",\"mainEntityOfPage\":{\"@id\":\"https:\/\/7culture.ci\/index.php\/2024\/07\/12\/rti-jean-martial-adou-nomme-dg-par-interim\/\"},\"wordCount\":661,\"commentCount\":0,\"publisher\":{\"@id\":\"https:\/\/7culture.ci\/#organization\"},\"articleSection\":[\"Actualit\u00e9\"],\"inLanguage\":\"fr-FR\",\"potentialAction\":[{\"@type\":\"CommentAction\",\"name\":\"Comment\",\"target\":[\"https:\/\/7culture.ci\/index.php\/2024\/07\/12\/rti-jean-martial-adou-nomme-dg-par-interim\/#respond\"]}]},{\"@type\":\"WebPage\",\"@id\":\"https:\/\/7culture.ci\/index.php\/2024\/07\/12\/rti-jean-martial-adou-nomme-dg-par-interim\/\",\"url\":\"https:\/\/7culture.ci\/index.php\/2024\/07\/12\/rti-jean-martial-adou-nomme-dg-par-interim\/\",\"name\":\"RTI\u00a0: Jean Martial Adou nomm\u00e9 Dg par int\u00e9rim - 7culture\",\"isPartOf\":{\"@id\":\"https:\/\/7culture.ci\/#website\"},\"datePublished\":\"2024-07-12T10:49:22+00:00\",\"dateModified\":\"2024-07-12T17:32:30+00:00\",\"breadcrumb\":{\"@id\":\"https:\/\/7culture.ci\/index.php\/2024\/07\/12\/rti-jean-martial-adou-nomme-dg-par-interim\/#breadcrumb\"},\"inLanguage\":\"fr-FR\",\"potentialAction\":[{\"@type\":\"ReadAction\",\"target\":[\"https:\/\/7culture.ci\/index.php\/2024\/07\/12\/rti-jean-martial-adou-nomme-dg-par-interim\/\"]}]},{\"@type\":\"BreadcrumbList\",\"@id\":\"https:\/\/7culture.ci\/index.php\/2024\/07\/12\/rti-jean-martial-adou-nomme-dg-par-interim\/#breadcrumb\",\"itemListElement\":[{\"@type\":\"ListItem\",\"position\":1,\"name\":\"Accueil\",\"item\":\"https:\/\/7culture.ci\/\"},{\"@type\":\"ListItem\",\"position\":2,\"name\":\"RTI\u00a0: Jean Martial Adou nomm\u00e9 Dg par int\u00e9rim\"}]},{\"@type\":\"WebSite\",\"@id\":\"https:\/\/7culture.ci\/#website\",\"url\":\"https:\/\/7culture.ci\/\",\"name\":\"7culture\",\"description\":\"Tout sur l&#039;actualit\u00e9\",\"publisher\":{\"@id\":\"https:\/\/7culture.ci\/#organization\"},\"potentialAction\":[{\"@type\":\"SearchAction\",\"target\":{\"@type\":\"EntryPoint\",\"urlTemplate\":\"https:\/\/7culture.ci\/?s={search_term_string}\"},\"query-input\":\"required name=search_term_string\"}],\"inLanguage\":\"fr-FR\"},{\"@type\":\"Organization\",\"@id\":\"https:\/\/7culture.ci\/#organization\",\"name\":\"7culture\",\"url\":\"https:\/\/7culture.ci\/\",\"sameAs\":[\"https:\/\/www.facebook.com\/redchefclaude\",\"https:\/\/twitter.com\/7culturec\"],\"logo\":{\"@type\":\"ImageObject\",\"inLanguage\":\"fr-FR\",\"@id\":\"https:\/\/7culture.ci\/#\/schema\/logo\/image\/\",\"url\":\"https:\/\/7culture.ci\/wp-content\/uploads\/2021\/12\/S1a-1.png\",\"contentUrl\":\"https:\/\/7culture.ci\/wp-content\/uploads\/2021\/12\/S1a-1.png\",\"width\":588,\"height\":192,\"caption\":\"7culture\"},\"image\":{\"@id\":\"https:\/\/7culture.ci\/#\/schema\/logo\/image\/\"}},{\"@type\":\"Person\",\"@id\":\"https:\/\/7culture.ci\/#\/schema\/person\/16150d28d7ef66ba788c1f87f28c4426\",\"name\":\"7culture2020\",\"image\":{\"@type\":\"ImageObject\",\"inLanguage\":\"fr-FR\",\"@id\":\"https:\/\/7culture.ci\/#\/schema\/person\/image\/\",\"url\":\"https:\/\/secure.gravatar.com\/avatar\/9a0784f951306c37bcd065f52844ef95?s=96&d=mm&r=g\",\"contentUrl\":\"https:\/\/secure.gravatar.com\/avatar\/9a0784f951306c37bcd065f52844ef95?s=96&d=mm&r=g\",\"caption\":\"7culture2020\"},\"sameAs\":[\"http:\/\/7culture.ci\",\"Claude.kipre\"],\"url\":\"https:\/\/7culture.ci\/index.php\/author\/7culture2020\/\"}]}<\/script>\n<!-- \/ Yoast SEO plugin. -->","yoast_head_json":{"title":"RTI\u00a0: Jean Martial Adou nomm\u00e9 Dg par int\u00e9rim - 7culture","robots":{"index":"index","follow":"follow","max-snippet":"max-snippet:-1","max-image-preview":"max-image-preview:large","max-video-preview":"max-video-preview:-1"},"canonical":"https:\/\/7culture.ci\/index.php\/2024\/07\/12\/rti-jean-martial-adou-nomme-dg-par-interim\/","og_locale":"fr_FR","og_type":"article","og_title":"RTI\u00a0: Jean Martial Adou nomm\u00e9 Dg par int\u00e9rim - 7culture","og_description":"Jean Martial Adou, directeur de cabinet du minist\u00e8re de la Communication, va assurer l\u2019int\u00e9rim de Fauss\u00e9ni Demb\u00e9l\u00e9, limog\u00e9 \u00e0 la direction g\u00e9n\u00e9rale de la Radiodiffusion t\u00e9l\u00e9vision ivoirienne (RTI), le mercredi dernier en conseil des ministres. C\u2019est apr\u00e8s une r\u00e9union extraordinaire du Conseil d\u2019administration de la RTI, que le nouveau patron du m\u00e9dia d\u2019Etat a \u00e9t\u00e9 &hellip; RTI\u00a0: Jean Martial Adou nomm\u00e9 Dg par int\u00e9rim Lire la suite\u00a0\u00bb","og_url":"https:\/\/7culture.ci\/index.php\/2024\/07\/12\/rti-jean-martial-adou-nomme-dg-par-interim\/","og_site_name":"7culture","article_publisher":"https:\/\/www.facebook.com\/redchefclaude","article_published_time":"2024-07-12T10:49:22+00:00","article_modified_time":"2024-07-12T17:32:30+00:00","og_image":[{"width":768,"height":585,"url":"http:\/\/7culture.ci\/wp-content\/uploads\/2024\/07\/adou3.jpg","type":"image\/jpeg"}],"author":"7culture2020","twitter_card":"summary_large_image","twitter_creator":"@7culturec","twitter_site":"@7culturec","twitter_misc":{"\u00c9crit par":"7culture2020","Dur\u00e9e de lecture estim\u00e9e":"3 minutes"},"schema":{"@context":"https:\/\/schema.org","@graph":[{"@type":"Article","@id":"https:\/\/7culture.ci\/index.php\/2024\/07\/12\/rti-jean-martial-adou-nomme-dg-par-interim\/#article","isPartOf":{"@id":"https:\/\/7culture.ci\/index.php\/2024\/07\/12\/rti-jean-martial-adou-nomme-dg-par-interim\/"},"author":{"name":"7culture2020","@id":"https:\/\/7culture.ci\/#\/schema\/person\/16150d28d7ef66ba788c1f87f28c4426"},"headline":"RTI\u00a0: Jean Martial Adou nomm\u00e9 Dg par int\u00e9rim","datePublished":"2024-07-12T10:49:22+00:00","dateModified":"2024-07-12T17:32:30+00:00","mainEntityOfPage":{"@id":"https:\/\/7culture.ci\/index.php\/2024\/07\/12\/rti-jean-martial-adou-nomme-dg-par-interim\/"},"wordCount":661,"commentCount":0,"publisher":{"@id":"https:\/\/7culture.ci\/#organization"},"articleSection":["Actualit\u00e9"],"inLanguage":"fr-FR","potentialAction":[{"@type":"CommentAction","name":"Comment","target":["https:\/\/7culture.ci\/index.php\/2024\/07\/12\/rti-jean-martial-adou-nomme-dg-par-interim\/#respond"]}]},{"@type":"WebPage","@id":"https:\/\/7culture.ci\/index.php\/2024\/07\/12\/rti-jean-martial-adou-nomme-dg-par-interim\/","url":"https:\/\/7culture.ci\/index.php\/2024\/07\/12\/rti-jean-martial-adou-nomme-dg-par-interim\/","name":"RTI\u00a0: Jean Martial Adou nomm\u00e9 Dg par int\u00e9rim - 7culture","isPartOf":{"@id":"https:\/\/7culture.ci\/#website"},"datePublished":"2024-07-12T10:49:22+00:00","dateModified":"2024-07-12T17:32:30+00:00","breadcrumb":{"@id":"https:\/\/7culture.ci\/index.php\/2024\/07\/12\/rti-jean-martial-adou-nomme-dg-par-interim\/#breadcrumb"},"inLanguage":"fr-FR","potentialAction":[{"@type":"ReadAction","target":["https:\/\/7culture.ci\/index.php\/2024\/07\/12\/rti-jean-martial-adou-nomme-dg-par-interim\/"]}]},{"@type":"BreadcrumbList","@id":"https:\/\/7culture.ci\/index.php\/2024\/07\/12\/rti-jean-martial-adou-nomme-dg-par-interim\/#breadcrumb","itemListElement":[{"@type":"ListItem","position":1,"name":"Accueil","item":"https:\/\/7culture.ci\/"},{"@type":"ListItem","position":2,"name":"RTI\u00a0: Jean Martial Adou nomm\u00e9 Dg par int\u00e9rim"}]},{"@type":"WebSite","@id":"https:\/\/7culture.ci\/#website","url":"https:\/\/7culture.ci\/","name":"7culture","description":"Tout sur l&#039;actualit\u00e9","publisher":{"@id":"https:\/\/7culture.ci\/#organization"},"potentialAction":[{"@type":"SearchAction","target":{"@type":"EntryPoint","urlTemplate":"https:\/\/7culture.ci\/?s={search_term_string}"},"query-input":"required name=search_term_string"}],"inLanguage":"fr-FR"},{"@type":"Organization","@id":"https:\/\/7culture.ci\/#organization","name":"7culture","url":"https:\/\/7culture.ci\/","sameAs":["https:\/\/www.facebook.com\/redchefclaude","https:\/\/twitter.com\/7culturec"],"logo":{"@type":"ImageObject","inLanguage":"fr-FR","@id":"https:\/\/7culture.ci\/#\/schema\/logo\/image\/","url":"https:\/\/7culture.ci\/wp-content\/uploads\/2021\/12\/S1a-1.png","contentUrl":"https:\/\/7culture.ci\/wp-content\/uploads\/2021\/12\/S1a-1.png","width":588,"height":192,"caption":"7culture"},"image":{"@id":"https:\/\/7culture.ci\/#\/schema\/logo\/image\/"}},{"@type":"Person","@id":"https:\/\/7culture.ci\/#\/schema\/person\/16150d28d7ef66ba788c1f87f28c4426","name":"7culture2020","image":{"@type":"ImageObject","inLanguage":"fr-FR","@id":"https:\/\/7culture.ci\/#\/schema\/person\/image\/","url":"https:\/\/secure.gravatar.com\/avatar\/9a0784f951306c37bcd065f52844ef95?s=96&d=mm&r=g","contentUrl":"https:\/\/secure.gravatar.com\/avatar\/9a0784f951306c37bcd065f52844ef95?s=96&d=mm&r=g","caption":"7culture2020"},"sameAs":["http:\/\/7culture.ci","Claude.kipre"],"url":"https:\/\/7culture.ci\/index.php\/author\/7culture2020\/"}]}},"jetpack_featured_media_url":"https:\/\/7culture.ci\/wp-content\/uploads\/2024\/07\/adou3.jpg","jetpack_likes_enabled":true,"jetpack_sharing_enabled":true,"_links":{"self":[{"href":"https:\/\/7culture.ci\/index.php\/wp-json\/wp\/v2\/posts\/26429"}],"collection":[{"href":"https:\/\/7culture.ci\/index.php\/wp-json\/wp\/v2\/posts"}],"about":[{"href":"https:\/\/7culture.ci\/index.php\/wp-json\/wp\/v2\/types\/post"}],"author":[{"embeddable":true,"href":"https:\/\/7culture.ci\/index.php\/wp-json\/wp\/v2\/users\/1"}],"replies":[{"embeddable":true,"href":"https:\/\/7culture.ci\/index.php\/wp-json\/wp\/v2\/comments?post=26429"}],"version-history":[{"count":1,"href":"https:\/\/7culture.ci\/index.php\/wp-json\/wp\/v2\/posts\/26429\/revisions"}],"predecessor-version":[{"id":26434,"href":"https:\/\/7culture.ci\/index.php\/wp-json\/wp\/v2\/posts\/26429\/revisions\/26434"}],"wp:featuredmedia":[{"embeddable":true,"href":"https:\/\/7culture.ci\/index.php\/wp-json\/wp\/v2\/media\/26431"}],"wp:attachment":[{"href":"https:\/\/7culture.ci\/index.php\/wp-json\/wp\/v2\/media?parent=26429"}],"wp:term":[{"taxonomy":"category","embeddable":true,"href":"https:\/\/7culture.ci\/index.php\/wp-json\/wp\/v2\/categories?post=26429"},{"taxonomy":"post_tag","embeddable":true,"href":"https:\/\/7culture.ci\/index.php\/wp-json\/wp\/v2\/tags?post=26429"}],"curies":[{"name":"wp","href":"https:\/\/api.w.org\/{rel}","templated":true}]}}