{"id":26425,"date":"2024-07-10T21:33:35","date_gmt":"2024-07-10T21:33:35","guid":{"rendered":"https:\/\/7culture.ci\/?p=26425"},"modified":"2024-07-12T10:50:08","modified_gmt":"2024-07-12T10:50:08","slug":"rti-le-directeur-general-fausseni-dembele-debarque","status":"publish","type":"post","link":"https:\/\/7culture.ci\/index.php\/2024\/07\/10\/rti-le-directeur-general-fausseni-dembele-debarque\/","title":{"rendered":"RTI\u00a0: Le Directeur g\u00e9n\u00e9ral, Fausseni Demb\u00e9l\u00e9, d\u00e9barqu\u00e9"},"content":{"rendered":"\n<p>Fauss\u00e9ni Demb\u00e9l\u00e9, plus connu sous l&#8217;appellation Al S\u00e9ni, n\u2019est plus le Directeur g\u00e9n\u00e9ral de la Radiodiffusion t\u00e9l\u00e9vision ivoirienne (Rti). L&#8217;ex-patron du quotidien L&#8217;expression a \u00e9t\u00e9 relev\u00e9 de ses fonctions \u00e0 la t\u00eate du m\u00e9dia d&#8217;Etat. Une d\u00e9cision du Conseil des ministres qui s&#8217;est tenu le mercredi 10 juillet 2024, \u00e0 Abidjan-Plateau, en pr\u00e9sence du pr\u00e9sident de la R\u00e9publique, Alassane Ouattara.<\/p>\n\n\n\n<p>La raison \u00e9voqu\u00e9e pour justifier cette d\u00e9cision serait une mauvaise gestion de la direction g\u00e9n\u00e9rale de la maison bleue de Cocody. A la t\u00eate de laquelle il avait \u00e9t\u00e9 nomm\u00e9 le 6 f\u00e9vrier 2019, remplacement \u00e0 ce poste Ahmadou Bakayoko.<\/p>\n\n\n\n<p>Cette d\u00e9cision du gouvernement fait suite aux m\u00e9contentements exprim\u00e9s par les agents de la Rti. Qui via des membres du Syndicat national des agents des organes secteurs publics et parapublics de l&#8217;information (Syninfo), l\u2019un des syndicats de la Rti, projetaient une gr\u00e8ve pour exprimer la non satisfaction de leurs revendications.<\/p>\n\n\n\n<p>DT<\/p>\n","protected":false},"excerpt":{"rendered":"<p>Fauss\u00e9ni Demb\u00e9l\u00e9, plus connu sous l&#8217;appellation Al S\u00e9ni, n\u2019est plus le Directeur g\u00e9n\u00e9ral de la Radiodiffusion t\u00e9l\u00e9vision ivoirienne (Rti). L&#8217;ex-patron du quotidien L&#8217;expression a \u00e9t\u00e9 relev\u00e9 de ses fonctions \u00e0 la t\u00eate du m\u00e9dia d&#8217;Etat. Une d\u00e9cision du Conseil des ministres qui s&#8217;est tenu le mercredi 10 juillet 2024, \u00e0 Abidjan-Plateau, en pr\u00e9sence du pr\u00e9sident &hellip;<\/p>\n<p class=\"read-more\"> <a class=\"\" href=\"https:\/\/7culture.ci\/index.php\/2024\/07\/10\/rti-le-directeur-general-fausseni-dembele-debarque\/\"> <span class=\"screen-reader-text\">RTI\u00a0: Le Directeur g\u00e9n\u00e9ral, Fausseni Demb\u00e9l\u00e9, d\u00e9barqu\u00e9<\/span> Lire la suite\u00a0\u00bb<\/a><\/p>\n","protected":false},"author":1,"featured_media":26427,"comment_status":"open","ping_status":"open","sticky":false,"template":"","format":"standard","meta":{"_mi_skip_tracking":false,"_monsterinsights_sitenote_active":false,"_monsterinsights_sitenote_note":"","_monsterinsights_sitenote_category":0,"site-sidebar-layout":"default","site-content-layout":"default","ast-global-header-display":"","ast-main-header-display":"","ast-hfb-above-header-display":"","ast-hfb-below-header-display":"","ast-hfb-mobile-header-display":"","site-post-title":"","ast-breadcrumbs-content":"","ast-featured-img":"","footer-sml-layout":"","theme-transparent-header-meta":"","adv-header-id-meta":"","stick-header-meta":"","header-above-stick-meta":"","header-main-stick-meta":"","header-below-stick-meta":"","footnotes":"","jetpack_publicize_message":"","jetpack_is_tweetstorm":false,"jetpack_publicize_feature_enabled":true},"categories":[22],"tags":[],"jetpack_publicize_connections":[],"acf":[],"aioseo_notices":[],"yoast_head":"<!-- This site is optimized with the Yoast SEO plugin v19.6.1 - https:\/\/yoast.com\/wordpress\/plugins\/seo\/ -->\n<title>RTI\u00a0: Le Directeur g\u00e9n\u00e9ral, Fausseni Demb\u00e9l\u00e9, d\u00e9barqu\u00e9 - 7culture<\/title>\n<meta name=\"robots\" content=\"index, follow, max-snippet:-1, max-image-preview:large, max-video-preview:-1\" \/>\n<link rel=\"canonical\" href=\"https:\/\/7culture.ci\/index.php\/2024\/07\/10\/rti-le-directeur-general-fausseni-dembele-debarque\/\" \/>\n<meta property=\"og:locale\" content=\"fr_FR\" \/>\n<meta property=\"og:type\" content=\"article\" \/>\n<meta property=\"og:title\" content=\"RTI\u00a0: Le Directeur g\u00e9n\u00e9ral, Fausseni Demb\u00e9l\u00e9, d\u00e9barqu\u00e9 - 7culture\" \/>\n<meta property=\"og:description\" content=\"Fauss\u00e9ni Demb\u00e9l\u00e9, plus connu sous l&#8217;appellation Al S\u00e9ni, n\u2019est plus le Directeur g\u00e9n\u00e9ral de la Radiodiffusion t\u00e9l\u00e9vision ivoirienne (Rti). L&#8217;ex-patron du quotidien L&#8217;expression a \u00e9t\u00e9 relev\u00e9 de ses fonctions \u00e0 la t\u00eate du m\u00e9dia d&#8217;Etat. Une d\u00e9cision du Conseil des ministres qui s&#8217;est tenu le mercredi 10 juillet 2024, \u00e0 Abidjan-Plateau, en pr\u00e9sence du pr\u00e9sident &hellip; RTI\u00a0: Le Directeur g\u00e9n\u00e9ral, Fausseni Demb\u00e9l\u00e9, d\u00e9barqu\u00e9 Lire la suite\u00a0\u00bb\" \/>\n<meta property=\"og:url\" content=\"https:\/\/7culture.ci\/index.php\/2024\/07\/10\/rti-le-directeur-general-fausseni-dembele-debarque\/\" \/>\n<meta property=\"og:site_name\" content=\"7culture\" \/>\n<meta property=\"article:publisher\" content=\"https:\/\/www.facebook.com\/redchefclaude\" \/>\n<meta property=\"article:published_time\" content=\"2024-07-10T21:33:35+00:00\" \/>\n<meta property=\"article:modified_time\" content=\"2024-07-12T10:50:08+00:00\" \/>\n<meta property=\"og:image\" content=\"http:\/\/7culture.ci\/wp-content\/uploads\/2024\/07\/Fausseni_Oui.jpg\" \/>\n\t<meta property=\"og:image:width\" content=\"720\" \/>\n\t<meta property=\"og:image:height\" content=\"480\" \/>\n\t<meta property=\"og:image:type\" content=\"image\/jpeg\" \/>\n<meta name=\"author\" content=\"7culture2020\" \/>\n<meta name=\"twitter:card\" content=\"summary_large_image\" \/>\n<meta name=\"twitter:creator\" content=\"@7culturec\" \/>\n<meta name=\"twitter:site\" content=\"@7culturec\" \/>\n<meta name=\"twitter:label1\" content=\"\u00c9crit par\" \/>\n\t<meta name=\"twitter:data1\" content=\"7culture2020\" \/>\n\t<meta name=\"twitter:label2\" content=\"Dur\u00e9e de lecture estim\u00e9e\" \/>\n\t<meta name=\"twitter:data2\" content=\"1 minute\" \/>\n<script type=\"application\/ld+json\" class=\"yoast-schema-graph\">{\"@context\":\"https:\/\/schema.org\",\"@graph\":[{\"@type\":\"Article\",\"@id\":\"https:\/\/7culture.ci\/index.php\/2024\/07\/10\/rti-le-directeur-general-fausseni-dembele-debarque\/#article\",\"isPartOf\":{\"@id\":\"https:\/\/7culture.ci\/index.php\/2024\/07\/10\/rti-le-directeur-general-fausseni-dembele-debarque\/\"},\"author\":{\"name\":\"7culture2020\",\"@id\":\"https:\/\/7culture.ci\/#\/schema\/person\/16150d28d7ef66ba788c1f87f28c4426\"},\"headline\":\"RTI\u00a0: Le Directeur g\u00e9n\u00e9ral, Fausseni Demb\u00e9l\u00e9, d\u00e9barqu\u00e9\",\"datePublished\":\"2024-07-10T21:33:35+00:00\",\"dateModified\":\"2024-07-12T10:50:08+00:00\",\"mainEntityOfPage\":{\"@id\":\"https:\/\/7culture.ci\/index.php\/2024\/07\/10\/rti-le-directeur-general-fausseni-dembele-debarque\/\"},\"wordCount\":180,\"commentCount\":0,\"publisher\":{\"@id\":\"https:\/\/7culture.ci\/#organization\"},\"articleSection\":[\"Actualit\u00e9\"],\"inLanguage\":\"fr-FR\",\"potentialAction\":[{\"@type\":\"CommentAction\",\"name\":\"Comment\",\"target\":[\"https:\/\/7culture.ci\/index.php\/2024\/07\/10\/rti-le-directeur-general-fausseni-dembele-debarque\/#respond\"]}]},{\"@type\":\"WebPage\",\"@id\":\"https:\/\/7culture.ci\/index.php\/2024\/07\/10\/rti-le-directeur-general-fausseni-dembele-debarque\/\",\"url\":\"https:\/\/7culture.ci\/index.php\/2024\/07\/10\/rti-le-directeur-general-fausseni-dembele-debarque\/\",\"name\":\"RTI\u00a0: Le Directeur g\u00e9n\u00e9ral, Fausseni Demb\u00e9l\u00e9, d\u00e9barqu\u00e9 - 7culture\",\"isPartOf\":{\"@id\":\"https:\/\/7culture.ci\/#website\"},\"datePublished\":\"2024-07-10T21:33:35+00:00\",\"dateModified\":\"2024-07-12T10:50:08+00:00\",\"breadcrumb\":{\"@id\":\"https:\/\/7culture.ci\/index.php\/2024\/07\/10\/rti-le-directeur-general-fausseni-dembele-debarque\/#breadcrumb\"},\"inLanguage\":\"fr-FR\",\"potentialAction\":[{\"@type\":\"ReadAction\",\"target\":[\"https:\/\/7culture.ci\/index.php\/2024\/07\/10\/rti-le-directeur-general-fausseni-dembele-debarque\/\"]}]},{\"@type\":\"BreadcrumbList\",\"@id\":\"https:\/\/7culture.ci\/index.php\/2024\/07\/10\/rti-le-directeur-general-fausseni-dembele-debarque\/#breadcrumb\",\"itemListElement\":[{\"@type\":\"ListItem\",\"position\":1,\"name\":\"Accueil\",\"item\":\"https:\/\/7culture.ci\/\"},{\"@type\":\"ListItem\",\"position\":2,\"name\":\"RTI\u00a0: Le Directeur g\u00e9n\u00e9ral, Fausseni Demb\u00e9l\u00e9, d\u00e9barqu\u00e9\"}]},{\"@type\":\"WebSite\",\"@id\":\"https:\/\/7culture.ci\/#website\",\"url\":\"https:\/\/7culture.ci\/\",\"name\":\"7culture\",\"description\":\"Tout sur l&#039;actualit\u00e9\",\"publisher\":{\"@id\":\"https:\/\/7culture.ci\/#organization\"},\"potentialAction\":[{\"@type\":\"SearchAction\",\"target\":{\"@type\":\"EntryPoint\",\"urlTemplate\":\"https:\/\/7culture.ci\/?s={search_term_string}\"},\"query-input\":\"required name=search_term_string\"}],\"inLanguage\":\"fr-FR\"},{\"@type\":\"Organization\",\"@id\":\"https:\/\/7culture.ci\/#organization\",\"name\":\"7culture\",\"url\":\"https:\/\/7culture.ci\/\",\"sameAs\":[\"https:\/\/www.facebook.com\/redchefclaude\",\"https:\/\/twitter.com\/7culturec\"],\"logo\":{\"@type\":\"ImageObject\",\"inLanguage\":\"fr-FR\",\"@id\":\"https:\/\/7culture.ci\/#\/schema\/logo\/image\/\",\"url\":\"https:\/\/7culture.ci\/wp-content\/uploads\/2021\/12\/S1a-1.png\",\"contentUrl\":\"https:\/\/7culture.ci\/wp-content\/uploads\/2021\/12\/S1a-1.png\",\"width\":588,\"height\":192,\"caption\":\"7culture\"},\"image\":{\"@id\":\"https:\/\/7culture.ci\/#\/schema\/logo\/image\/\"}},{\"@type\":\"Person\",\"@id\":\"https:\/\/7culture.ci\/#\/schema\/person\/16150d28d7ef66ba788c1f87f28c4426\",\"name\":\"7culture2020\",\"image\":{\"@type\":\"ImageObject\",\"inLanguage\":\"fr-FR\",\"@id\":\"https:\/\/7culture.ci\/#\/schema\/person\/image\/\",\"url\":\"https:\/\/secure.gravatar.com\/avatar\/9a0784f951306c37bcd065f52844ef95?s=96&d=mm&r=g\",\"contentUrl\":\"https:\/\/secure.gravatar.com\/avatar\/9a0784f951306c37bcd065f52844ef95?s=96&d=mm&r=g\",\"caption\":\"7culture2020\"},\"sameAs\":[\"http:\/\/7culture.ci\",\"Claude.kipre\"],\"url\":\"https:\/\/7culture.ci\/index.php\/author\/7culture2020\/\"}]}<\/script>\n<!-- \/ Yoast SEO plugin. -->","yoast_head_json":{"title":"RTI\u00a0: Le Directeur g\u00e9n\u00e9ral, Fausseni Demb\u00e9l\u00e9, d\u00e9barqu\u00e9 - 7culture","robots":{"index":"index","follow":"follow","max-snippet":"max-snippet:-1","max-image-preview":"max-image-preview:large","max-video-preview":"max-video-preview:-1"},"canonical":"https:\/\/7culture.ci\/index.php\/2024\/07\/10\/rti-le-directeur-general-fausseni-dembele-debarque\/","og_locale":"fr_FR","og_type":"article","og_title":"RTI\u00a0: Le Directeur g\u00e9n\u00e9ral, Fausseni Demb\u00e9l\u00e9, d\u00e9barqu\u00e9 - 7culture","og_description":"Fauss\u00e9ni Demb\u00e9l\u00e9, plus connu sous l&#8217;appellation Al S\u00e9ni, n\u2019est plus le Directeur g\u00e9n\u00e9ral de la Radiodiffusion t\u00e9l\u00e9vision ivoirienne (Rti). L&#8217;ex-patron du quotidien L&#8217;expression a \u00e9t\u00e9 relev\u00e9 de ses fonctions \u00e0 la t\u00eate du m\u00e9dia d&#8217;Etat. Une d\u00e9cision du Conseil des ministres qui s&#8217;est tenu le mercredi 10 juillet 2024, \u00e0 Abidjan-Plateau, en pr\u00e9sence du pr\u00e9sident &hellip; RTI\u00a0: Le Directeur g\u00e9n\u00e9ral, Fausseni Demb\u00e9l\u00e9, d\u00e9barqu\u00e9 Lire la suite\u00a0\u00bb","og_url":"https:\/\/7culture.ci\/index.php\/2024\/07\/10\/rti-le-directeur-general-fausseni-dembele-debarque\/","og_site_name":"7culture","article_publisher":"https:\/\/www.facebook.com\/redchefclaude","article_published_time":"2024-07-10T21:33:35+00:00","article_modified_time":"2024-07-12T10:50:08+00:00","og_image":[{"width":720,"height":480,"url":"http:\/\/7culture.ci\/wp-content\/uploads\/2024\/07\/Fausseni_Oui.jpg","type":"image\/jpeg"}],"author":"7culture2020","twitter_card":"summary_large_image","twitter_creator":"@7culturec","twitter_site":"@7culturec","twitter_misc":{"\u00c9crit par":"7culture2020","Dur\u00e9e de lecture estim\u00e9e":"1 minute"},"schema":{"@context":"https:\/\/schema.org","@graph":[{"@type":"Article","@id":"https:\/\/7culture.ci\/index.php\/2024\/07\/10\/rti-le-directeur-general-fausseni-dembele-debarque\/#article","isPartOf":{"@id":"https:\/\/7culture.ci\/index.php\/2024\/07\/10\/rti-le-directeur-general-fausseni-dembele-debarque\/"},"author":{"name":"7culture2020","@id":"https:\/\/7culture.ci\/#\/schema\/person\/16150d28d7ef66ba788c1f87f28c4426"},"headline":"RTI\u00a0: Le Directeur g\u00e9n\u00e9ral, Fausseni Demb\u00e9l\u00e9, d\u00e9barqu\u00e9","datePublished":"2024-07-10T21:33:35+00:00","dateModified":"2024-07-12T10:50:08+00:00","mainEntityOfPage":{"@id":"https:\/\/7culture.ci\/index.php\/2024\/07\/10\/rti-le-directeur-general-fausseni-dembele-debarque\/"},"wordCount":180,"commentCount":0,"publisher":{"@id":"https:\/\/7culture.ci\/#organization"},"articleSection":["Actualit\u00e9"],"inLanguage":"fr-FR","potentialAction":[{"@type":"CommentAction","name":"Comment","target":["https:\/\/7culture.ci\/index.php\/2024\/07\/10\/rti-le-directeur-general-fausseni-dembele-debarque\/#respond"]}]},{"@type":"WebPage","@id":"https:\/\/7culture.ci\/index.php\/2024\/07\/10\/rti-le-directeur-general-fausseni-dembele-debarque\/","url":"https:\/\/7culture.ci\/index.php\/2024\/07\/10\/rti-le-directeur-general-fausseni-dembele-debarque\/","name":"RTI\u00a0: Le Directeur g\u00e9n\u00e9ral, Fausseni Demb\u00e9l\u00e9, d\u00e9barqu\u00e9 - 7culture","isPartOf":{"@id":"https:\/\/7culture.ci\/#website"},"datePublished":"2024-07-10T21:33:35+00:00","dateModified":"2024-07-12T10:50:08+00:00","breadcrumb":{"@id":"https:\/\/7culture.ci\/index.php\/2024\/07\/10\/rti-le-directeur-general-fausseni-dembele-debarque\/#breadcrumb"},"inLanguage":"fr-FR","potentialAction":[{"@type":"ReadAction","target":["https:\/\/7culture.ci\/index.php\/2024\/07\/10\/rti-le-directeur-general-fausseni-dembele-debarque\/"]}]},{"@type":"BreadcrumbList","@id":"https:\/\/7culture.ci\/index.php\/2024\/07\/10\/rti-le-directeur-general-fausseni-dembele-debarque\/#breadcrumb","itemListElement":[{"@type":"ListItem","position":1,"name":"Accueil","item":"https:\/\/7culture.ci\/"},{"@type":"ListItem","position":2,"name":"RTI\u00a0: Le Directeur g\u00e9n\u00e9ral, Fausseni Demb\u00e9l\u00e9, d\u00e9barqu\u00e9"}]},{"@type":"WebSite","@id":"https:\/\/7culture.ci\/#website","url":"https:\/\/7culture.ci\/","name":"7culture","description":"Tout sur l&#039;actualit\u00e9","publisher":{"@id":"https:\/\/7culture.ci\/#organization"},"potentialAction":[{"@type":"SearchAction","target":{"@type":"EntryPoint","urlTemplate":"https:\/\/7culture.ci\/?s={search_term_string}"},"query-input":"required name=search_term_string"}],"inLanguage":"fr-FR"},{"@type":"Organization","@id":"https:\/\/7culture.ci\/#organization","name":"7culture","url":"https:\/\/7culture.ci\/","sameAs":["https:\/\/www.facebook.com\/redchefclaude","https:\/\/twitter.com\/7culturec"],"logo":{"@type":"ImageObject","inLanguage":"fr-FR","@id":"https:\/\/7culture.ci\/#\/schema\/logo\/image\/","url":"https:\/\/7culture.ci\/wp-content\/uploads\/2021\/12\/S1a-1.png","contentUrl":"https:\/\/7culture.ci\/wp-content\/uploads\/2021\/12\/S1a-1.png","width":588,"height":192,"caption":"7culture"},"image":{"@id":"https:\/\/7culture.ci\/#\/schema\/logo\/image\/"}},{"@type":"Person","@id":"https:\/\/7culture.ci\/#\/schema\/person\/16150d28d7ef66ba788c1f87f28c4426","name":"7culture2020","image":{"@type":"ImageObject","inLanguage":"fr-FR","@id":"https:\/\/7culture.ci\/#\/schema\/person\/image\/","url":"https:\/\/secure.gravatar.com\/avatar\/9a0784f951306c37bcd065f52844ef95?s=96&d=mm&r=g","contentUrl":"https:\/\/secure.gravatar.com\/avatar\/9a0784f951306c37bcd065f52844ef95?s=96&d=mm&r=g","caption":"7culture2020"},"sameAs":["http:\/\/7culture.ci","Claude.kipre"],"url":"https:\/\/7culture.ci\/index.php\/author\/7culture2020\/"}]}},"jetpack_featured_media_url":"https:\/\/7culture.ci\/wp-content\/uploads\/2024\/07\/Fausseni_Oui.jpg","jetpack_likes_enabled":true,"jetpack_sharing_enabled":true,"_links":{"self":[{"href":"https:\/\/7culture.ci\/index.php\/wp-json\/wp\/v2\/posts\/26425"}],"collection":[{"href":"https:\/\/7culture.ci\/index.php\/wp-json\/wp\/v2\/posts"}],"about":[{"href":"https:\/\/7culture.ci\/index.php\/wp-json\/wp\/v2\/types\/post"}],"author":[{"embeddable":true,"href":"https:\/\/7culture.ci\/index.php\/wp-json\/wp\/v2\/users\/1"}],"replies":[{"embeddable":true,"href":"https:\/\/7culture.ci\/index.php\/wp-json\/wp\/v2\/comments?post=26425"}],"version-history":[{"count":1,"href":"https:\/\/7culture.ci\/index.php\/wp-json\/wp\/v2\/posts\/26425\/revisions"}],"predecessor-version":[{"id":26428,"href":"https:\/\/7culture.ci\/index.php\/wp-json\/wp\/v2\/posts\/26425\/revisions\/26428"}],"wp:featuredmedia":[{"embeddable":true,"href":"https:\/\/7culture.ci\/index.php\/wp-json\/wp\/v2\/media\/26427"}],"wp:attachment":[{"href":"https:\/\/7culture.ci\/index.php\/wp-json\/wp\/v2\/media?parent=26425"}],"wp:term":[{"taxonomy":"category","embeddable":true,"href":"https:\/\/7culture.ci\/index.php\/wp-json\/wp\/v2\/categories?post=26425"},{"taxonomy":"post_tag","embeddable":true,"href":"https:\/\/7culture.ci\/index.php\/wp-json\/wp\/v2\/tags?post=26425"}],"curies":[{"name":"wp","href":"https:\/\/api.w.org\/{rel}","templated":true}]}}