{"id":26393,"date":"2024-07-06T17:52:26","date_gmt":"2024-07-06T17:52:26","guid":{"rendered":"https:\/\/7culture.ci\/?p=26393"},"modified":"2024-07-06T19:11:18","modified_gmt":"2024-07-06T19:11:18","slug":"rti-habiba-dembele-sen-va","status":"publish","type":"post","link":"https:\/\/7culture.ci\/index.php\/2024\/07\/06\/rti-habiba-dembele-sen-va\/","title":{"rendered":"RTI : Habiba Demb\u00e9l\u00e9 s\u2019en va\u00a0!"},"content":{"rendered":"\n<p>Habiba Demb\u00e9l\u00e9 a \u00e9t\u00e9 longtemps l\u2019une des femmes, figures de proue du journal t\u00e9l\u00e9vis\u00e9 (JT) de 20 heures de RTI1 (pr\u00e9c\u00e9demment La Premi\u00e8re) du groupe m\u00e9dia d\u2019Etat RTI. Elle fait aussi partie de celles qui ont r\u00e9form\u00e9 la tenue vestimentaire du 20H avec ses v\u00eatements stricts et exclusifs en pagnes imprim\u00e9s. Elle \u00e9tait derni\u00e8rement Directrice des Journaux d\u2019information quand l\u2019heure de la retraite a sonn\u00e9. Habiba Demb\u00e9l\u00e9 est d\u00e9sormais admise \u00e0 faire valoir ses droits \u00e0 la retraite.<\/p>\n\n\n\n<p>Elle commence \u00e0 la t\u00e9l\u00e9vision nationale ivoirienne comme speakerine en 1987. Quand ce corps de m\u00e9tier dispara\u00eet \u00e0 la t\u00e9l\u00e9, Habiba se reconvertit en journaliste plein apr\u00e8s une formation \u00e0 l\u2019Ecole sup\u00e9rieure de journalisme de Paris. Revenue \u00e0 la RTI, elle int\u00e8gre la r\u00e9daction et d\u00e9marre par les reportages. Ensuite, elle atterrit \u00e0 la pr\u00e9sentation des journaux t\u00e9l\u00e9vis\u00e9s. C\u2019est l\u2019\u00e9dition de 23 Heures appel\u00e9e \u2018\u2019Le Dernier Journal\u2019\u2019 ou \u2018\u2019Ivoire Derni\u00e8re\u2019\u2019 qui l\u2019accueille en 1996. Ensuite, elle rejoint le \u2018\u201913 Heures\u2019\u2019. Enfin, elle atteint le graal avec la pr\u00e9sentation du tr\u00e8s respect\u00e9 20 Heures. Rapidement, elle en devient l\u2019une des pr\u00e9sentatrices-vedettes du JT de 20H \u00e0 la RTI.<\/p>\n\n\n\n<figure class=\"wp-block-gallery has-nested-images columns-default is-cropped wp-block-gallery-1 is-layout-flex wp-block-gallery-is-layout-flex\">\n<figure class=\"wp-block-image size-large\"><img loading=\"lazy\" decoding=\"async\" width=\"720\" height=\"480\" data-id=\"26395\" src=\"https:\/\/7culture.ci\/wp-content\/uploads\/2024\/07\/habi3-1.jpg\" alt=\"\" class=\"wp-image-26395\" srcset=\"https:\/\/7culture.ci\/wp-content\/uploads\/2024\/07\/habi3-1.jpg 720w, https:\/\/7culture.ci\/wp-content\/uploads\/2024\/07\/habi3-1-300x200.jpg 300w\" sizes=\"(max-width: 720px) 100vw, 720px\" \/><\/figure>\n\n\n\n<figure class=\"wp-block-image size-large\"><img loading=\"lazy\" decoding=\"async\" width=\"450\" height=\"350\" data-id=\"26396\" src=\"https:\/\/7culture.ci\/wp-content\/uploads\/2024\/07\/Habi7.png\" alt=\"\" class=\"wp-image-26396\" srcset=\"https:\/\/7culture.ci\/wp-content\/uploads\/2024\/07\/Habi7.png 450w, https:\/\/7culture.ci\/wp-content\/uploads\/2024\/07\/Habi7-300x233.png 300w\" sizes=\"(max-width: 450px) 100vw, 450px\" \/><\/figure>\n<\/figure>\n\n\n\n<p>En termes de responsabilit\u00e9, Habiba Demb\u00e9l\u00e9 a \u00e9t\u00e9 tour \u00e0 tour cheffe d\u2019\u00e9dition, directrice du service Reportages institutionnels sur RTI1. Elle a m\u00eame pr\u00e9sid\u00e9 une \u00e9quipe de Grands reporters charg\u00e9s de suivre les activit\u00e9s du pr\u00e9sident de la R\u00e9publique et de la Premi\u00e8re dame. Elle est ensuite nomm\u00e9e Directrice des Journaux d\u2019information o\u00f9 elle s\u2019occupe l\u2019aspect \u00e9ditorial du journal t\u00e9l\u00e9vis\u00e9 jusqu\u2019\u00e0 son admission \u00e0 la retraite.<\/p>\n\n\n\n<figure class=\"wp-block-gallery has-nested-images columns-default is-cropped wp-block-gallery-2 is-layout-flex wp-block-gallery-is-layout-flex\">\n<figure class=\"wp-block-image size-large\"><img loading=\"lazy\" decoding=\"async\" width=\"747\" height=\"1024\" data-id=\"26397\" src=\"https:\/\/7culture.ci\/wp-content\/uploads\/2024\/07\/habi4-747x1024.jpg\" alt=\"\" class=\"wp-image-26397\" srcset=\"https:\/\/7culture.ci\/wp-content\/uploads\/2024\/07\/habi4-747x1024.jpg 747w, https:\/\/7culture.ci\/wp-content\/uploads\/2024\/07\/habi4-219x300.jpg 219w, https:\/\/7culture.ci\/wp-content\/uploads\/2024\/07\/habi4-768x1053.jpg 768w, https:\/\/7culture.ci\/wp-content\/uploads\/2024\/07\/habi4-1120x1536.jpg 1120w, https:\/\/7culture.ci\/wp-content\/uploads\/2024\/07\/habi4.jpg 1339w\" sizes=\"(max-width: 747px) 100vw, 747px\" \/><\/figure>\n\n\n\n<figure class=\"wp-block-image size-large\"><img loading=\"lazy\" decoding=\"async\" width=\"768\" height=\"1024\" data-id=\"26398\" src=\"https:\/\/7culture.ci\/wp-content\/uploads\/2024\/07\/habi6-768x1024.jpg\" alt=\"\" class=\"wp-image-26398\" srcset=\"https:\/\/7culture.ci\/wp-content\/uploads\/2024\/07\/habi6-768x1024.jpg 768w, https:\/\/7culture.ci\/wp-content\/uploads\/2024\/07\/habi6-225x300.jpg 225w, https:\/\/7culture.ci\/wp-content\/uploads\/2024\/07\/habi6-1152x1536.jpg 1152w, https:\/\/7culture.ci\/wp-content\/uploads\/2024\/07\/habi6.jpg 1181w\" sizes=\"(max-width: 768px) 100vw, 768px\" \/><\/figure>\n<\/figure>\n\n\n\n<p>Comme activit\u00e9 extra, Habiba Demb\u00e9l\u00e9 a assur\u00e9 en 2014 l\u2019int\u00e9rim de Moussa Traor\u00e9 comme pr\u00e9sidente de l\u2019Union nationale des journalistes de C\u00f4te d\u2019Ivoire (Unjci) quand ce dernier \u00e9tait suspendu. En ao\u00fbt 2015, le peuple Abour\u00e9 de Yaou (Bonoua) l\u2019a \u00e9lev\u00e9e au rang de Reine M\u00e8re, avec pour nom de r\u00e8gne Nanan Ekrab\u00e9 Atchiman, \u00e0 l\u2019occasion de la passation de pouvoir entre la g\u00e9n\u00e9ration B\u00e9gn\u00e9ri et la g\u00e9n\u00e9ration M&#8217;ploussoue. Elle est mari\u00e9e et m\u00e8re de deux enfants.<\/p>\n\n\n\n<p>En 2021, Habiba Demb\u00e9l\u00e9 est faite Officier dans l\u2019ordre du m\u00e9rite national. Une d\u00e9coration qui arrive apr\u00e8s celles de Chevalier dans l\u2019ordre du m\u00e9rite de la communication en 2020 et Chevalier dans l\u2019ordre du m\u00e9rite national en 2015.<\/p>\n\n\n\n<p>DT<\/p>\n","protected":false},"excerpt":{"rendered":"<p>Habiba Demb\u00e9l\u00e9 a \u00e9t\u00e9 longtemps l\u2019une des femmes, figures de proue du journal t\u00e9l\u00e9vis\u00e9 (JT) de 20 heures de RTI1 (pr\u00e9c\u00e9demment La Premi\u00e8re) du groupe m\u00e9dia d\u2019Etat RTI. Elle fait aussi partie de celles qui ont r\u00e9form\u00e9 la tenue vestimentaire du 20H avec ses v\u00eatements stricts et exclusifs en pagnes imprim\u00e9s. Elle \u00e9tait derni\u00e8rement Directrice &hellip;<\/p>\n<p class=\"read-more\"> <a class=\"\" href=\"https:\/\/7culture.ci\/index.php\/2024\/07\/06\/rti-habiba-dembele-sen-va\/\"> <span class=\"screen-reader-text\">RTI : Habiba Demb\u00e9l\u00e9 s\u2019en va\u00a0!<\/span> Lire la suite\u00a0\u00bb<\/a><\/p>\n","protected":false},"author":1,"featured_media":26390,"comment_status":"open","ping_status":"open","sticky":false,"template":"","format":"standard","meta":{"_mi_skip_tracking":false,"_monsterinsights_sitenote_active":false,"_monsterinsights_sitenote_note":"","_monsterinsights_sitenote_category":0,"site-sidebar-layout":"default","site-content-layout":"default","ast-global-header-display":"","ast-main-header-display":"","ast-hfb-above-header-display":"","ast-hfb-below-header-display":"","ast-hfb-mobile-header-display":"","site-post-title":"","ast-breadcrumbs-content":"","ast-featured-img":"","footer-sml-layout":"","theme-transparent-header-meta":"","adv-header-id-meta":"","stick-header-meta":"","header-above-stick-meta":"","header-main-stick-meta":"","header-below-stick-meta":"","footnotes":"","jetpack_publicize_message":"","jetpack_is_tweetstorm":false,"jetpack_publicize_feature_enabled":true},"categories":[22],"tags":[],"jetpack_publicize_connections":[],"acf":[],"aioseo_notices":[],"yoast_head":"<!-- This site is optimized with the Yoast SEO plugin v19.6.1 - https:\/\/yoast.com\/wordpress\/plugins\/seo\/ -->\n<title>RTI : Habiba Demb\u00e9l\u00e9 s\u2019en va\u00a0! - 7culture<\/title>\n<meta name=\"robots\" content=\"index, follow, max-snippet:-1, max-image-preview:large, max-video-preview:-1\" \/>\n<link rel=\"canonical\" href=\"https:\/\/7culture.ci\/index.php\/2024\/07\/06\/rti-habiba-dembele-sen-va\/\" \/>\n<meta property=\"og:locale\" content=\"fr_FR\" \/>\n<meta property=\"og:type\" content=\"article\" \/>\n<meta property=\"og:title\" content=\"RTI : Habiba Demb\u00e9l\u00e9 s\u2019en va\u00a0! - 7culture\" \/>\n<meta property=\"og:description\" content=\"Habiba Demb\u00e9l\u00e9 a \u00e9t\u00e9 longtemps l\u2019une des femmes, figures de proue du journal t\u00e9l\u00e9vis\u00e9 (JT) de 20 heures de RTI1 (pr\u00e9c\u00e9demment La Premi\u00e8re) du groupe m\u00e9dia d\u2019Etat RTI. Elle fait aussi partie de celles qui ont r\u00e9form\u00e9 la tenue vestimentaire du 20H avec ses v\u00eatements stricts et exclusifs en pagnes imprim\u00e9s. Elle \u00e9tait derni\u00e8rement Directrice &hellip; RTI : Habiba Demb\u00e9l\u00e9 s\u2019en va\u00a0! Lire la suite\u00a0\u00bb\" \/>\n<meta property=\"og:url\" content=\"https:\/\/7culture.ci\/index.php\/2024\/07\/06\/rti-habiba-dembele-sen-va\/\" \/>\n<meta property=\"og:site_name\" content=\"7culture\" \/>\n<meta property=\"article:publisher\" content=\"https:\/\/www.facebook.com\/redchefclaude\" \/>\n<meta property=\"article:published_time\" content=\"2024-07-06T17:52:26+00:00\" \/>\n<meta property=\"article:modified_time\" content=\"2024-07-06T19:11:18+00:00\" \/>\n<meta property=\"og:image\" content=\"http:\/\/7culture.ci\/wp-content\/uploads\/2024\/07\/habi1.jpg\" \/>\n\t<meta property=\"og:image:width\" content=\"900\" \/>\n\t<meta property=\"og:image:height\" content=\"620\" \/>\n\t<meta property=\"og:image:type\" content=\"image\/jpeg\" \/>\n<meta name=\"author\" content=\"7culture2020\" \/>\n<meta name=\"twitter:card\" content=\"summary_large_image\" \/>\n<meta name=\"twitter:creator\" content=\"@7culturec\" \/>\n<meta name=\"twitter:site\" content=\"@7culturec\" \/>\n<meta name=\"twitter:label1\" content=\"\u00c9crit par\" \/>\n\t<meta name=\"twitter:data1\" content=\"7culture2020\" \/>\n\t<meta name=\"twitter:label2\" content=\"Dur\u00e9e de lecture estim\u00e9e\" \/>\n\t<meta name=\"twitter:data2\" content=\"2 minutes\" \/>\n<script type=\"application\/ld+json\" class=\"yoast-schema-graph\">{\"@context\":\"https:\/\/schema.org\",\"@graph\":[{\"@type\":\"Article\",\"@id\":\"https:\/\/7culture.ci\/index.php\/2024\/07\/06\/rti-habiba-dembele-sen-va\/#article\",\"isPartOf\":{\"@id\":\"https:\/\/7culture.ci\/index.php\/2024\/07\/06\/rti-habiba-dembele-sen-va\/\"},\"author\":{\"name\":\"7culture2020\",\"@id\":\"https:\/\/7culture.ci\/#\/schema\/person\/16150d28d7ef66ba788c1f87f28c4426\"},\"headline\":\"RTI : Habiba Demb\u00e9l\u00e9 s\u2019en va\u00a0!\",\"datePublished\":\"2024-07-06T17:52:26+00:00\",\"dateModified\":\"2024-07-06T19:11:18+00:00\",\"mainEntityOfPage\":{\"@id\":\"https:\/\/7culture.ci\/index.php\/2024\/07\/06\/rti-habiba-dembele-sen-va\/\"},\"wordCount\":437,\"commentCount\":0,\"publisher\":{\"@id\":\"https:\/\/7culture.ci\/#organization\"},\"articleSection\":[\"Actualit\u00e9\"],\"inLanguage\":\"fr-FR\",\"potentialAction\":[{\"@type\":\"CommentAction\",\"name\":\"Comment\",\"target\":[\"https:\/\/7culture.ci\/index.php\/2024\/07\/06\/rti-habiba-dembele-sen-va\/#respond\"]}]},{\"@type\":\"WebPage\",\"@id\":\"https:\/\/7culture.ci\/index.php\/2024\/07\/06\/rti-habiba-dembele-sen-va\/\",\"url\":\"https:\/\/7culture.ci\/index.php\/2024\/07\/06\/rti-habiba-dembele-sen-va\/\",\"name\":\"RTI : Habiba Demb\u00e9l\u00e9 s\u2019en va\u00a0! - 7culture\",\"isPartOf\":{\"@id\":\"https:\/\/7culture.ci\/#website\"},\"datePublished\":\"2024-07-06T17:52:26+00:00\",\"dateModified\":\"2024-07-06T19:11:18+00:00\",\"breadcrumb\":{\"@id\":\"https:\/\/7culture.ci\/index.php\/2024\/07\/06\/rti-habiba-dembele-sen-va\/#breadcrumb\"},\"inLanguage\":\"fr-FR\",\"potentialAction\":[{\"@type\":\"ReadAction\",\"target\":[\"https:\/\/7culture.ci\/index.php\/2024\/07\/06\/rti-habiba-dembele-sen-va\/\"]}]},{\"@type\":\"BreadcrumbList\",\"@id\":\"https:\/\/7culture.ci\/index.php\/2024\/07\/06\/rti-habiba-dembele-sen-va\/#breadcrumb\",\"itemListElement\":[{\"@type\":\"ListItem\",\"position\":1,\"name\":\"Accueil\",\"item\":\"https:\/\/7culture.ci\/\"},{\"@type\":\"ListItem\",\"position\":2,\"name\":\"RTI : Habiba Demb\u00e9l\u00e9 s\u2019en va\u00a0!\"}]},{\"@type\":\"WebSite\",\"@id\":\"https:\/\/7culture.ci\/#website\",\"url\":\"https:\/\/7culture.ci\/\",\"name\":\"7culture\",\"description\":\"Tout sur l&#039;actualit\u00e9\",\"publisher\":{\"@id\":\"https:\/\/7culture.ci\/#organization\"},\"potentialAction\":[{\"@type\":\"SearchAction\",\"target\":{\"@type\":\"EntryPoint\",\"urlTemplate\":\"https:\/\/7culture.ci\/?s={search_term_string}\"},\"query-input\":\"required name=search_term_string\"}],\"inLanguage\":\"fr-FR\"},{\"@type\":\"Organization\",\"@id\":\"https:\/\/7culture.ci\/#organization\",\"name\":\"7culture\",\"url\":\"https:\/\/7culture.ci\/\",\"sameAs\":[\"https:\/\/www.facebook.com\/redchefclaude\",\"https:\/\/twitter.com\/7culturec\"],\"logo\":{\"@type\":\"ImageObject\",\"inLanguage\":\"fr-FR\",\"@id\":\"https:\/\/7culture.ci\/#\/schema\/logo\/image\/\",\"url\":\"https:\/\/7culture.ci\/wp-content\/uploads\/2021\/12\/S1a-1.png\",\"contentUrl\":\"https:\/\/7culture.ci\/wp-content\/uploads\/2021\/12\/S1a-1.png\",\"width\":588,\"height\":192,\"caption\":\"7culture\"},\"image\":{\"@id\":\"https:\/\/7culture.ci\/#\/schema\/logo\/image\/\"}},{\"@type\":\"Person\",\"@id\":\"https:\/\/7culture.ci\/#\/schema\/person\/16150d28d7ef66ba788c1f87f28c4426\",\"name\":\"7culture2020\",\"image\":{\"@type\":\"ImageObject\",\"inLanguage\":\"fr-FR\",\"@id\":\"https:\/\/7culture.ci\/#\/schema\/person\/image\/\",\"url\":\"https:\/\/secure.gravatar.com\/avatar\/9a0784f951306c37bcd065f52844ef95?s=96&d=mm&r=g\",\"contentUrl\":\"https:\/\/secure.gravatar.com\/avatar\/9a0784f951306c37bcd065f52844ef95?s=96&d=mm&r=g\",\"caption\":\"7culture2020\"},\"sameAs\":[\"http:\/\/7culture.ci\",\"Claude.kipre\"],\"url\":\"https:\/\/7culture.ci\/index.php\/author\/7culture2020\/\"}]}<\/script>\n<!-- \/ Yoast SEO plugin. -->","yoast_head_json":{"title":"RTI : Habiba Demb\u00e9l\u00e9 s\u2019en va\u00a0! - 7culture","robots":{"index":"index","follow":"follow","max-snippet":"max-snippet:-1","max-image-preview":"max-image-preview:large","max-video-preview":"max-video-preview:-1"},"canonical":"https:\/\/7culture.ci\/index.php\/2024\/07\/06\/rti-habiba-dembele-sen-va\/","og_locale":"fr_FR","og_type":"article","og_title":"RTI : Habiba Demb\u00e9l\u00e9 s\u2019en va\u00a0! - 7culture","og_description":"Habiba Demb\u00e9l\u00e9 a \u00e9t\u00e9 longtemps l\u2019une des femmes, figures de proue du journal t\u00e9l\u00e9vis\u00e9 (JT) de 20 heures de RTI1 (pr\u00e9c\u00e9demment La Premi\u00e8re) du groupe m\u00e9dia d\u2019Etat RTI. Elle fait aussi partie de celles qui ont r\u00e9form\u00e9 la tenue vestimentaire du 20H avec ses v\u00eatements stricts et exclusifs en pagnes imprim\u00e9s. Elle \u00e9tait derni\u00e8rement Directrice &hellip; RTI : Habiba Demb\u00e9l\u00e9 s\u2019en va\u00a0! Lire la suite\u00a0\u00bb","og_url":"https:\/\/7culture.ci\/index.php\/2024\/07\/06\/rti-habiba-dembele-sen-va\/","og_site_name":"7culture","article_publisher":"https:\/\/www.facebook.com\/redchefclaude","article_published_time":"2024-07-06T17:52:26+00:00","article_modified_time":"2024-07-06T19:11:18+00:00","og_image":[{"width":900,"height":620,"url":"http:\/\/7culture.ci\/wp-content\/uploads\/2024\/07\/habi1.jpg","type":"image\/jpeg"}],"author":"7culture2020","twitter_card":"summary_large_image","twitter_creator":"@7culturec","twitter_site":"@7culturec","twitter_misc":{"\u00c9crit par":"7culture2020","Dur\u00e9e de lecture estim\u00e9e":"2 minutes"},"schema":{"@context":"https:\/\/schema.org","@graph":[{"@type":"Article","@id":"https:\/\/7culture.ci\/index.php\/2024\/07\/06\/rti-habiba-dembele-sen-va\/#article","isPartOf":{"@id":"https:\/\/7culture.ci\/index.php\/2024\/07\/06\/rti-habiba-dembele-sen-va\/"},"author":{"name":"7culture2020","@id":"https:\/\/7culture.ci\/#\/schema\/person\/16150d28d7ef66ba788c1f87f28c4426"},"headline":"RTI : Habiba Demb\u00e9l\u00e9 s\u2019en va\u00a0!","datePublished":"2024-07-06T17:52:26+00:00","dateModified":"2024-07-06T19:11:18+00:00","mainEntityOfPage":{"@id":"https:\/\/7culture.ci\/index.php\/2024\/07\/06\/rti-habiba-dembele-sen-va\/"},"wordCount":437,"commentCount":0,"publisher":{"@id":"https:\/\/7culture.ci\/#organization"},"articleSection":["Actualit\u00e9"],"inLanguage":"fr-FR","potentialAction":[{"@type":"CommentAction","name":"Comment","target":["https:\/\/7culture.ci\/index.php\/2024\/07\/06\/rti-habiba-dembele-sen-va\/#respond"]}]},{"@type":"WebPage","@id":"https:\/\/7culture.ci\/index.php\/2024\/07\/06\/rti-habiba-dembele-sen-va\/","url":"https:\/\/7culture.ci\/index.php\/2024\/07\/06\/rti-habiba-dembele-sen-va\/","name":"RTI : Habiba Demb\u00e9l\u00e9 s\u2019en va\u00a0! - 7culture","isPartOf":{"@id":"https:\/\/7culture.ci\/#website"},"datePublished":"2024-07-06T17:52:26+00:00","dateModified":"2024-07-06T19:11:18+00:00","breadcrumb":{"@id":"https:\/\/7culture.ci\/index.php\/2024\/07\/06\/rti-habiba-dembele-sen-va\/#breadcrumb"},"inLanguage":"fr-FR","potentialAction":[{"@type":"ReadAction","target":["https:\/\/7culture.ci\/index.php\/2024\/07\/06\/rti-habiba-dembele-sen-va\/"]}]},{"@type":"BreadcrumbList","@id":"https:\/\/7culture.ci\/index.php\/2024\/07\/06\/rti-habiba-dembele-sen-va\/#breadcrumb","itemListElement":[{"@type":"ListItem","position":1,"name":"Accueil","item":"https:\/\/7culture.ci\/"},{"@type":"ListItem","position":2,"name":"RTI : Habiba Demb\u00e9l\u00e9 s\u2019en va\u00a0!"}]},{"@type":"WebSite","@id":"https:\/\/7culture.ci\/#website","url":"https:\/\/7culture.ci\/","name":"7culture","description":"Tout sur l&#039;actualit\u00e9","publisher":{"@id":"https:\/\/7culture.ci\/#organization"},"potentialAction":[{"@type":"SearchAction","target":{"@type":"EntryPoint","urlTemplate":"https:\/\/7culture.ci\/?s={search_term_string}"},"query-input":"required name=search_term_string"}],"inLanguage":"fr-FR"},{"@type":"Organization","@id":"https:\/\/7culture.ci\/#organization","name":"7culture","url":"https:\/\/7culture.ci\/","sameAs":["https:\/\/www.facebook.com\/redchefclaude","https:\/\/twitter.com\/7culturec"],"logo":{"@type":"ImageObject","inLanguage":"fr-FR","@id":"https:\/\/7culture.ci\/#\/schema\/logo\/image\/","url":"https:\/\/7culture.ci\/wp-content\/uploads\/2021\/12\/S1a-1.png","contentUrl":"https:\/\/7culture.ci\/wp-content\/uploads\/2021\/12\/S1a-1.png","width":588,"height":192,"caption":"7culture"},"image":{"@id":"https:\/\/7culture.ci\/#\/schema\/logo\/image\/"}},{"@type":"Person","@id":"https:\/\/7culture.ci\/#\/schema\/person\/16150d28d7ef66ba788c1f87f28c4426","name":"7culture2020","image":{"@type":"ImageObject","inLanguage":"fr-FR","@id":"https:\/\/7culture.ci\/#\/schema\/person\/image\/","url":"https:\/\/secure.gravatar.com\/avatar\/9a0784f951306c37bcd065f52844ef95?s=96&d=mm&r=g","contentUrl":"https:\/\/secure.gravatar.com\/avatar\/9a0784f951306c37bcd065f52844ef95?s=96&d=mm&r=g","caption":"7culture2020"},"sameAs":["http:\/\/7culture.ci","Claude.kipre"],"url":"https:\/\/7culture.ci\/index.php\/author\/7culture2020\/"}]}},"jetpack_featured_media_url":"https:\/\/7culture.ci\/wp-content\/uploads\/2024\/07\/habi1.jpg","jetpack_likes_enabled":true,"jetpack_sharing_enabled":true,"_links":{"self":[{"href":"https:\/\/7culture.ci\/index.php\/wp-json\/wp\/v2\/posts\/26393"}],"collection":[{"href":"https:\/\/7culture.ci\/index.php\/wp-json\/wp\/v2\/posts"}],"about":[{"href":"https:\/\/7culture.ci\/index.php\/wp-json\/wp\/v2\/types\/post"}],"author":[{"embeddable":true,"href":"https:\/\/7culture.ci\/index.php\/wp-json\/wp\/v2\/users\/1"}],"replies":[{"embeddable":true,"href":"https:\/\/7culture.ci\/index.php\/wp-json\/wp\/v2\/comments?post=26393"}],"version-history":[{"count":2,"href":"https:\/\/7culture.ci\/index.php\/wp-json\/wp\/v2\/posts\/26393\/revisions"}],"predecessor-version":[{"id":26400,"href":"https:\/\/7culture.ci\/index.php\/wp-json\/wp\/v2\/posts\/26393\/revisions\/26400"}],"wp:featuredmedia":[{"embeddable":true,"href":"https:\/\/7culture.ci\/index.php\/wp-json\/wp\/v2\/media\/26390"}],"wp:attachment":[{"href":"https:\/\/7culture.ci\/index.php\/wp-json\/wp\/v2\/media?parent=26393"}],"wp:term":[{"taxonomy":"category","embeddable":true,"href":"https:\/\/7culture.ci\/index.php\/wp-json\/wp\/v2\/categories?post=26393"},{"taxonomy":"post_tag","embeddable":true,"href":"https:\/\/7culture.ci\/index.php\/wp-json\/wp\/v2\/tags?post=26393"}],"curies":[{"name":"wp","href":"https:\/\/api.w.org\/{rel}","templated":true}]}}