{"id":26376,"date":"2024-07-06T14:47:11","date_gmt":"2024-07-06T14:47:11","guid":{"rendered":"https:\/\/7culture.ci\/?p=26376"},"modified":"2024-07-07T16:23:14","modified_gmt":"2024-07-07T16:23:14","slug":"actions-sociales-long-avd-oua-fait-des-dons-au-dispensaire-de-a-zonneu","status":"publish","type":"post","link":"https:\/\/7culture.ci\/index.php\/2024\/07\/06\/actions-sociales-long-avd-oua-fait-des-dons-au-dispensaire-de-a-zonneu\/","title":{"rendered":"Actions sociales\u00a0: L\u2019Ong Avd-Oua fait des dons au dispensaire de Zonneu\u00a0"},"content":{"rendered":"\n<p>Il y avait de la joie le 29 juin 2024 au dispensaire de la sous-pr\u00e9fecture de Zonneu dans le d\u00e9partement de Danan\u00e9. Et pour cause\u00a0? L\u2019Ong Actions Volontaires pour le D\u00e9veloppement du canton Oua (Avd-Oua) a fait ce jour des dons en kits sanitaires. Ces kits \u00e9taient constitu\u00e9s d\u2019alcool, de coton, de gels alcooliques, de cache-nez, de bouteilles d\u2019eau de Javels, de savons liquides, des raquettes, de brosses, de balais avec manches, de serpill\u00e8res, de seaux et de poubelles.<\/p>\n\n\n\n<figure class=\"wp-block-gallery has-nested-images columns-default is-cropped wp-block-gallery-1 is-layout-flex wp-block-gallery-is-layout-flex\">\n<figure class=\"wp-block-image size-large\"><img loading=\"lazy\" decoding=\"async\" width=\"1024\" height=\"576\" data-id=\"26380\" src=\"https:\/\/7culture.ci\/wp-content\/uploads\/2024\/07\/WhatsApp-Image-2024-07-05-at-19.45.21-1-1024x576.jpeg\" alt=\"\" class=\"wp-image-26380\" srcset=\"https:\/\/7culture.ci\/wp-content\/uploads\/2024\/07\/WhatsApp-Image-2024-07-05-at-19.45.21-1-1024x576.jpeg 1024w, https:\/\/7culture.ci\/wp-content\/uploads\/2024\/07\/WhatsApp-Image-2024-07-05-at-19.45.21-1-300x169.jpeg 300w, https:\/\/7culture.ci\/wp-content\/uploads\/2024\/07\/WhatsApp-Image-2024-07-05-at-19.45.21-1-768x432.jpeg 768w, https:\/\/7culture.ci\/wp-content\/uploads\/2024\/07\/WhatsApp-Image-2024-07-05-at-19.45.21-1.jpeg 1280w\" sizes=\"(max-width: 1024px) 100vw, 1024px\" \/><\/figure>\n\n\n\n<figure class=\"wp-block-image size-large\"><img loading=\"lazy\" decoding=\"async\" width=\"1024\" height=\"576\" data-id=\"26381\" src=\"https:\/\/7culture.ci\/wp-content\/uploads\/2024\/07\/WhatsApp-Image-2024-07-05-at-19.45.22-1-1024x576.jpeg\" alt=\"\" class=\"wp-image-26381\" srcset=\"https:\/\/7culture.ci\/wp-content\/uploads\/2024\/07\/WhatsApp-Image-2024-07-05-at-19.45.22-1-1024x576.jpeg 1024w, https:\/\/7culture.ci\/wp-content\/uploads\/2024\/07\/WhatsApp-Image-2024-07-05-at-19.45.22-1-300x169.jpeg 300w, https:\/\/7culture.ci\/wp-content\/uploads\/2024\/07\/WhatsApp-Image-2024-07-05-at-19.45.22-1-768x432.jpeg 768w, https:\/\/7culture.ci\/wp-content\/uploads\/2024\/07\/WhatsApp-Image-2024-07-05-at-19.45.22-1.jpeg 1280w\" sizes=\"(max-width: 1024px) 100vw, 1024px\" \/><\/figure>\n\n\n\n<figure class=\"wp-block-image size-large\"><img loading=\"lazy\" decoding=\"async\" width=\"1024\" height=\"576\" data-id=\"26379\" src=\"https:\/\/7culture.ci\/wp-content\/uploads\/2024\/07\/WhatsApp-Image-2024-07-05-at-19.45.22-2-1024x576.jpeg\" alt=\"\" class=\"wp-image-26379\" srcset=\"https:\/\/7culture.ci\/wp-content\/uploads\/2024\/07\/WhatsApp-Image-2024-07-05-at-19.45.22-2-1024x576.jpeg 1024w, https:\/\/7culture.ci\/wp-content\/uploads\/2024\/07\/WhatsApp-Image-2024-07-05-at-19.45.22-2-300x169.jpeg 300w, https:\/\/7culture.ci\/wp-content\/uploads\/2024\/07\/WhatsApp-Image-2024-07-05-at-19.45.22-2-768x432.jpeg 768w, https:\/\/7culture.ci\/wp-content\/uploads\/2024\/07\/WhatsApp-Image-2024-07-05-at-19.45.22-2.jpeg 1280w\" sizes=\"(max-width: 1024px) 100vw, 1024px\" \/><\/figure>\n<\/figure>\n\n\n\n<p>La c\u00e9r\u00e9monie de remise s\u2019est d\u00e9roul\u00e9e en pr\u00e9sence du personnel m\u00e9dical, du chef de village, des notables et de la population. Le chef de village de Zonneu, Andr\u00e9 Ouehi, a donn\u00e9 le coup d\u2019envoi des activit\u00e9s avec la libation pour s\u2019enqu\u00e9rir le feu vert des m\u00e2nes. Tout juste apr\u00e8s, il a remerci\u00e9 l\u2019Ong Avd-Oua pour cette action en faveur du bien-\u00eatre des habitants de Zonneu. A la suite de celui-ci, M. Eboty, infirmier en chef du dispensaire, a pris la parole pour marquer son agr\u00e9able surprise par rapport aux gestes de l\u2019association bienfaitrice et lui a traduit toute sa reconnaissance.<\/p>\n\n\n\n<figure class=\"wp-block-gallery has-nested-images columns-default is-cropped wp-block-gallery-2 is-layout-flex wp-block-gallery-is-layout-flex\">\n<figure class=\"wp-block-image size-large\"><img loading=\"lazy\" decoding=\"async\" width=\"1024\" height=\"768\" data-id=\"26383\" src=\"https:\/\/7culture.ci\/wp-content\/uploads\/2024\/07\/WhatsApp-Image-2024-07-05-at-19.45.22-3-1024x768.jpeg\" alt=\"\" class=\"wp-image-26383\" srcset=\"https:\/\/7culture.ci\/wp-content\/uploads\/2024\/07\/WhatsApp-Image-2024-07-05-at-19.45.22-3-1024x768.jpeg 1024w, https:\/\/7culture.ci\/wp-content\/uploads\/2024\/07\/WhatsApp-Image-2024-07-05-at-19.45.22-3-300x225.jpeg 300w, https:\/\/7culture.ci\/wp-content\/uploads\/2024\/07\/WhatsApp-Image-2024-07-05-at-19.45.22-3-768x576.jpeg 768w, https:\/\/7culture.ci\/wp-content\/uploads\/2024\/07\/WhatsApp-Image-2024-07-05-at-19.45.22-3.jpeg 1280w\" sizes=\"(max-width: 1024px) 100vw, 1024px\" \/><\/figure>\n\n\n\n<figure class=\"wp-block-image size-large\"><img loading=\"lazy\" decoding=\"async\" width=\"1024\" height=\"576\" data-id=\"26384\" src=\"https:\/\/7culture.ci\/wp-content\/uploads\/2024\/07\/WhatsApp-Image-2024-07-05-at-19.45.22-1024x576.jpeg\" alt=\"\" class=\"wp-image-26384\" srcset=\"https:\/\/7culture.ci\/wp-content\/uploads\/2024\/07\/WhatsApp-Image-2024-07-05-at-19.45.22-1024x576.jpeg 1024w, https:\/\/7culture.ci\/wp-content\/uploads\/2024\/07\/WhatsApp-Image-2024-07-05-at-19.45.22-300x169.jpeg 300w, https:\/\/7culture.ci\/wp-content\/uploads\/2024\/07\/WhatsApp-Image-2024-07-05-at-19.45.22-768x432.jpeg 768w, https:\/\/7culture.ci\/wp-content\/uploads\/2024\/07\/WhatsApp-Image-2024-07-05-at-19.45.22.jpeg 1280w\" sizes=\"(max-width: 1024px) 100vw, 1024px\" \/><\/figure>\n\n\n\n<figure class=\"wp-block-image size-large\"><img loading=\"lazy\" decoding=\"async\" width=\"1000\" height=\"750\" data-id=\"26382\" src=\"https:\/\/7culture.ci\/wp-content\/uploads\/2024\/07\/WhatsApp-Image-2024-07-05-at-19.45.23.jpeg\" alt=\"\" class=\"wp-image-26382\" srcset=\"https:\/\/7culture.ci\/wp-content\/uploads\/2024\/07\/WhatsApp-Image-2024-07-05-at-19.45.23.jpeg 1000w, https:\/\/7culture.ci\/wp-content\/uploads\/2024\/07\/WhatsApp-Image-2024-07-05-at-19.45.23-300x225.jpeg 300w, https:\/\/7culture.ci\/wp-content\/uploads\/2024\/07\/WhatsApp-Image-2024-07-05-at-19.45.23-768x576.jpeg 768w\" sizes=\"(max-width: 1000px) 100vw, 1000px\" \/><\/figure>\n<\/figure>\n\n\n\n<p>Ces interventions sont all\u00e9es tout droit au c\u0153ur d\u2019Armand Guilei, pr\u00e9sident de l\u2019Ong Avd-Oua et de ses membres pr\u00e9sents. \u00ab&nbsp;<em>Nous faisons ces dons pour soulager nos parents de Zonneu au niveau de la sant\u00e9 et de leur bien-\u00eatre<\/em>&nbsp;\u00bb, a-t-il dit.<\/p>\n\n\n\n<p>Avant de mettre fin \u00e0 la c\u00e9r\u00e9monie festive, le chef du village a fait une dol\u00e9ance. Il souhaite l\u2019\u00e9lectrification du centre de sant\u00e9 de Zonneu qui fonctionne jusqu\u2019\u00e0 pr\u00e9sent avec des panneaux solaires.<\/p>\n\n\n\n<p>Par Zoho K\u00e9i<\/p>\n","protected":false},"excerpt":{"rendered":"<p>Il y avait de la joie le 29 juin 2024 au dispensaire de la sous-pr\u00e9fecture de Zonneu dans le d\u00e9partement de Danan\u00e9. Et pour cause\u00a0? L\u2019Ong Actions Volontaires pour le D\u00e9veloppement du canton Oua (Avd-Oua) a fait ce jour des dons en kits sanitaires. Ces kits \u00e9taient constitu\u00e9s d\u2019alcool, de coton, de gels alcooliques, de &hellip;<\/p>\n<p class=\"read-more\"> <a class=\"\" href=\"https:\/\/7culture.ci\/index.php\/2024\/07\/06\/actions-sociales-long-avd-oua-fait-des-dons-au-dispensaire-de-a-zonneu\/\"> <span class=\"screen-reader-text\">Actions sociales\u00a0: L\u2019Ong Avd-Oua fait des dons au dispensaire de Zonneu\u00a0<\/span> Lire la suite\u00a0\u00bb<\/a><\/p>\n","protected":false},"author":1,"featured_media":26378,"comment_status":"open","ping_status":"open","sticky":false,"template":"","format":"standard","meta":{"_mi_skip_tracking":false,"_monsterinsights_sitenote_active":false,"_monsterinsights_sitenote_note":"","_monsterinsights_sitenote_category":0,"site-sidebar-layout":"default","site-content-layout":"default","ast-global-header-display":"","ast-main-header-display":"","ast-hfb-above-header-display":"","ast-hfb-below-header-display":"","ast-hfb-mobile-header-display":"","site-post-title":"","ast-breadcrumbs-content":"","ast-featured-img":"","footer-sml-layout":"","theme-transparent-header-meta":"","adv-header-id-meta":"","stick-header-meta":"","header-above-stick-meta":"","header-main-stick-meta":"","header-below-stick-meta":"","footnotes":"","jetpack_publicize_message":"","jetpack_is_tweetstorm":false,"jetpack_publicize_feature_enabled":true},"categories":[22],"tags":[],"jetpack_publicize_connections":[],"acf":[],"aioseo_notices":[],"yoast_head":"<!-- This site is optimized with the Yoast SEO plugin v19.6.1 - https:\/\/yoast.com\/wordpress\/plugins\/seo\/ -->\n<title>Actions sociales\u00a0: L\u2019Ong Avd-Oua fait des dons au dispensaire de Zonneu\u00a0 - 7culture<\/title>\n<meta name=\"robots\" content=\"index, follow, max-snippet:-1, max-image-preview:large, max-video-preview:-1\" \/>\n<link rel=\"canonical\" href=\"https:\/\/7culture.ci\/index.php\/2024\/07\/06\/actions-sociales-long-avd-oua-fait-des-dons-au-dispensaire-de-a-zonneu\/\" \/>\n<meta property=\"og:locale\" content=\"fr_FR\" \/>\n<meta property=\"og:type\" content=\"article\" \/>\n<meta property=\"og:title\" content=\"Actions sociales\u00a0: L\u2019Ong Avd-Oua fait des dons au dispensaire de Zonneu\u00a0 - 7culture\" \/>\n<meta property=\"og:description\" content=\"Il y avait de la joie le 29 juin 2024 au dispensaire de la sous-pr\u00e9fecture de Zonneu dans le d\u00e9partement de Danan\u00e9. Et pour cause\u00a0? L\u2019Ong Actions Volontaires pour le D\u00e9veloppement du canton Oua (Avd-Oua) a fait ce jour des dons en kits sanitaires. Ces kits \u00e9taient constitu\u00e9s d\u2019alcool, de coton, de gels alcooliques, de &hellip; Actions sociales\u00a0: L\u2019Ong Avd-Oua fait des dons au dispensaire de Zonneu\u00a0 Lire la suite\u00a0\u00bb\" \/>\n<meta property=\"og:url\" content=\"https:\/\/7culture.ci\/index.php\/2024\/07\/06\/actions-sociales-long-avd-oua-fait-des-dons-au-dispensaire-de-a-zonneu\/\" \/>\n<meta property=\"og:site_name\" content=\"7culture\" \/>\n<meta property=\"article:publisher\" content=\"https:\/\/www.facebook.com\/redchefclaude\" \/>\n<meta property=\"article:published_time\" content=\"2024-07-06T14:47:11+00:00\" \/>\n<meta property=\"article:modified_time\" content=\"2024-07-07T16:23:14+00:00\" \/>\n<meta property=\"og:image\" content=\"http:\/\/7culture.ci\/wp-content\/uploads\/2024\/07\/WhatsApp-Image-2024-07-05-at-19.45.21.jpeg\" \/>\n\t<meta property=\"og:image:width\" content=\"1280\" \/>\n\t<meta property=\"og:image:height\" content=\"720\" \/>\n\t<meta property=\"og:image:type\" content=\"image\/jpeg\" \/>\n<meta name=\"author\" content=\"7culture2020\" \/>\n<meta name=\"twitter:card\" content=\"summary_large_image\" \/>\n<meta name=\"twitter:creator\" content=\"@7culturec\" \/>\n<meta name=\"twitter:site\" content=\"@7culturec\" \/>\n<meta name=\"twitter:label1\" content=\"\u00c9crit par\" \/>\n\t<meta name=\"twitter:data1\" content=\"7culture2020\" \/>\n\t<meta name=\"twitter:label2\" content=\"Dur\u00e9e de lecture estim\u00e9e\" \/>\n\t<meta name=\"twitter:data2\" content=\"1 minute\" \/>\n<script type=\"application\/ld+json\" class=\"yoast-schema-graph\">{\"@context\":\"https:\/\/schema.org\",\"@graph\":[{\"@type\":\"Article\",\"@id\":\"https:\/\/7culture.ci\/index.php\/2024\/07\/06\/actions-sociales-long-avd-oua-fait-des-dons-au-dispensaire-de-a-zonneu\/#article\",\"isPartOf\":{\"@id\":\"https:\/\/7culture.ci\/index.php\/2024\/07\/06\/actions-sociales-long-avd-oua-fait-des-dons-au-dispensaire-de-a-zonneu\/\"},\"author\":{\"name\":\"7culture2020\",\"@id\":\"https:\/\/7culture.ci\/#\/schema\/person\/16150d28d7ef66ba788c1f87f28c4426\"},\"headline\":\"Actions sociales\u00a0: L\u2019Ong Avd-Oua fait des dons au dispensaire de Zonneu\u00a0\",\"datePublished\":\"2024-07-06T14:47:11+00:00\",\"dateModified\":\"2024-07-07T16:23:14+00:00\",\"mainEntityOfPage\":{\"@id\":\"https:\/\/7culture.ci\/index.php\/2024\/07\/06\/actions-sociales-long-avd-oua-fait-des-dons-au-dispensaire-de-a-zonneu\/\"},\"wordCount\":304,\"commentCount\":0,\"publisher\":{\"@id\":\"https:\/\/7culture.ci\/#organization\"},\"articleSection\":[\"Actualit\u00e9\"],\"inLanguage\":\"fr-FR\",\"potentialAction\":[{\"@type\":\"CommentAction\",\"name\":\"Comment\",\"target\":[\"https:\/\/7culture.ci\/index.php\/2024\/07\/06\/actions-sociales-long-avd-oua-fait-des-dons-au-dispensaire-de-a-zonneu\/#respond\"]}]},{\"@type\":\"WebPage\",\"@id\":\"https:\/\/7culture.ci\/index.php\/2024\/07\/06\/actions-sociales-long-avd-oua-fait-des-dons-au-dispensaire-de-a-zonneu\/\",\"url\":\"https:\/\/7culture.ci\/index.php\/2024\/07\/06\/actions-sociales-long-avd-oua-fait-des-dons-au-dispensaire-de-a-zonneu\/\",\"name\":\"Actions sociales\u00a0: L\u2019Ong Avd-Oua fait des dons au dispensaire de Zonneu\u00a0 - 7culture\",\"isPartOf\":{\"@id\":\"https:\/\/7culture.ci\/#website\"},\"datePublished\":\"2024-07-06T14:47:11+00:00\",\"dateModified\":\"2024-07-07T16:23:14+00:00\",\"breadcrumb\":{\"@id\":\"https:\/\/7culture.ci\/index.php\/2024\/07\/06\/actions-sociales-long-avd-oua-fait-des-dons-au-dispensaire-de-a-zonneu\/#breadcrumb\"},\"inLanguage\":\"fr-FR\",\"potentialAction\":[{\"@type\":\"ReadAction\",\"target\":[\"https:\/\/7culture.ci\/index.php\/2024\/07\/06\/actions-sociales-long-avd-oua-fait-des-dons-au-dispensaire-de-a-zonneu\/\"]}]},{\"@type\":\"BreadcrumbList\",\"@id\":\"https:\/\/7culture.ci\/index.php\/2024\/07\/06\/actions-sociales-long-avd-oua-fait-des-dons-au-dispensaire-de-a-zonneu\/#breadcrumb\",\"itemListElement\":[{\"@type\":\"ListItem\",\"position\":1,\"name\":\"Accueil\",\"item\":\"https:\/\/7culture.ci\/\"},{\"@type\":\"ListItem\",\"position\":2,\"name\":\"Actions sociales\u00a0: L\u2019Ong Avd-Oua fait des dons au dispensaire de Zonneu\u00a0\"}]},{\"@type\":\"WebSite\",\"@id\":\"https:\/\/7culture.ci\/#website\",\"url\":\"https:\/\/7culture.ci\/\",\"name\":\"7culture\",\"description\":\"Tout sur l&#039;actualit\u00e9\",\"publisher\":{\"@id\":\"https:\/\/7culture.ci\/#organization\"},\"potentialAction\":[{\"@type\":\"SearchAction\",\"target\":{\"@type\":\"EntryPoint\",\"urlTemplate\":\"https:\/\/7culture.ci\/?s={search_term_string}\"},\"query-input\":\"required name=search_term_string\"}],\"inLanguage\":\"fr-FR\"},{\"@type\":\"Organization\",\"@id\":\"https:\/\/7culture.ci\/#organization\",\"name\":\"7culture\",\"url\":\"https:\/\/7culture.ci\/\",\"sameAs\":[\"https:\/\/www.facebook.com\/redchefclaude\",\"https:\/\/twitter.com\/7culturec\"],\"logo\":{\"@type\":\"ImageObject\",\"inLanguage\":\"fr-FR\",\"@id\":\"https:\/\/7culture.ci\/#\/schema\/logo\/image\/\",\"url\":\"https:\/\/7culture.ci\/wp-content\/uploads\/2021\/12\/S1a-1.png\",\"contentUrl\":\"https:\/\/7culture.ci\/wp-content\/uploads\/2021\/12\/S1a-1.png\",\"width\":588,\"height\":192,\"caption\":\"7culture\"},\"image\":{\"@id\":\"https:\/\/7culture.ci\/#\/schema\/logo\/image\/\"}},{\"@type\":\"Person\",\"@id\":\"https:\/\/7culture.ci\/#\/schema\/person\/16150d28d7ef66ba788c1f87f28c4426\",\"name\":\"7culture2020\",\"image\":{\"@type\":\"ImageObject\",\"inLanguage\":\"fr-FR\",\"@id\":\"https:\/\/7culture.ci\/#\/schema\/person\/image\/\",\"url\":\"https:\/\/secure.gravatar.com\/avatar\/9a0784f951306c37bcd065f52844ef95?s=96&d=mm&r=g\",\"contentUrl\":\"https:\/\/secure.gravatar.com\/avatar\/9a0784f951306c37bcd065f52844ef95?s=96&d=mm&r=g\",\"caption\":\"7culture2020\"},\"sameAs\":[\"http:\/\/7culture.ci\",\"Claude.kipre\"],\"url\":\"https:\/\/7culture.ci\/index.php\/author\/7culture2020\/\"}]}<\/script>\n<!-- \/ Yoast SEO plugin. -->","yoast_head_json":{"title":"Actions sociales\u00a0: L\u2019Ong Avd-Oua fait des dons au dispensaire de Zonneu\u00a0 - 7culture","robots":{"index":"index","follow":"follow","max-snippet":"max-snippet:-1","max-image-preview":"max-image-preview:large","max-video-preview":"max-video-preview:-1"},"canonical":"https:\/\/7culture.ci\/index.php\/2024\/07\/06\/actions-sociales-long-avd-oua-fait-des-dons-au-dispensaire-de-a-zonneu\/","og_locale":"fr_FR","og_type":"article","og_title":"Actions sociales\u00a0: L\u2019Ong Avd-Oua fait des dons au dispensaire de Zonneu\u00a0 - 7culture","og_description":"Il y avait de la joie le 29 juin 2024 au dispensaire de la sous-pr\u00e9fecture de Zonneu dans le d\u00e9partement de Danan\u00e9. Et pour cause\u00a0? L\u2019Ong Actions Volontaires pour le D\u00e9veloppement du canton Oua (Avd-Oua) a fait ce jour des dons en kits sanitaires. Ces kits \u00e9taient constitu\u00e9s d\u2019alcool, de coton, de gels alcooliques, de &hellip; Actions sociales\u00a0: L\u2019Ong Avd-Oua fait des dons au dispensaire de Zonneu\u00a0 Lire la suite\u00a0\u00bb","og_url":"https:\/\/7culture.ci\/index.php\/2024\/07\/06\/actions-sociales-long-avd-oua-fait-des-dons-au-dispensaire-de-a-zonneu\/","og_site_name":"7culture","article_publisher":"https:\/\/www.facebook.com\/redchefclaude","article_published_time":"2024-07-06T14:47:11+00:00","article_modified_time":"2024-07-07T16:23:14+00:00","og_image":[{"width":1280,"height":720,"url":"http:\/\/7culture.ci\/wp-content\/uploads\/2024\/07\/WhatsApp-Image-2024-07-05-at-19.45.21.jpeg","type":"image\/jpeg"}],"author":"7culture2020","twitter_card":"summary_large_image","twitter_creator":"@7culturec","twitter_site":"@7culturec","twitter_misc":{"\u00c9crit par":"7culture2020","Dur\u00e9e de lecture estim\u00e9e":"1 minute"},"schema":{"@context":"https:\/\/schema.org","@graph":[{"@type":"Article","@id":"https:\/\/7culture.ci\/index.php\/2024\/07\/06\/actions-sociales-long-avd-oua-fait-des-dons-au-dispensaire-de-a-zonneu\/#article","isPartOf":{"@id":"https:\/\/7culture.ci\/index.php\/2024\/07\/06\/actions-sociales-long-avd-oua-fait-des-dons-au-dispensaire-de-a-zonneu\/"},"author":{"name":"7culture2020","@id":"https:\/\/7culture.ci\/#\/schema\/person\/16150d28d7ef66ba788c1f87f28c4426"},"headline":"Actions sociales\u00a0: L\u2019Ong Avd-Oua fait des dons au dispensaire de Zonneu\u00a0","datePublished":"2024-07-06T14:47:11+00:00","dateModified":"2024-07-07T16:23:14+00:00","mainEntityOfPage":{"@id":"https:\/\/7culture.ci\/index.php\/2024\/07\/06\/actions-sociales-long-avd-oua-fait-des-dons-au-dispensaire-de-a-zonneu\/"},"wordCount":304,"commentCount":0,"publisher":{"@id":"https:\/\/7culture.ci\/#organization"},"articleSection":["Actualit\u00e9"],"inLanguage":"fr-FR","potentialAction":[{"@type":"CommentAction","name":"Comment","target":["https:\/\/7culture.ci\/index.php\/2024\/07\/06\/actions-sociales-long-avd-oua-fait-des-dons-au-dispensaire-de-a-zonneu\/#respond"]}]},{"@type":"WebPage","@id":"https:\/\/7culture.ci\/index.php\/2024\/07\/06\/actions-sociales-long-avd-oua-fait-des-dons-au-dispensaire-de-a-zonneu\/","url":"https:\/\/7culture.ci\/index.php\/2024\/07\/06\/actions-sociales-long-avd-oua-fait-des-dons-au-dispensaire-de-a-zonneu\/","name":"Actions sociales\u00a0: L\u2019Ong Avd-Oua fait des dons au dispensaire de Zonneu\u00a0 - 7culture","isPartOf":{"@id":"https:\/\/7culture.ci\/#website"},"datePublished":"2024-07-06T14:47:11+00:00","dateModified":"2024-07-07T16:23:14+00:00","breadcrumb":{"@id":"https:\/\/7culture.ci\/index.php\/2024\/07\/06\/actions-sociales-long-avd-oua-fait-des-dons-au-dispensaire-de-a-zonneu\/#breadcrumb"},"inLanguage":"fr-FR","potentialAction":[{"@type":"ReadAction","target":["https:\/\/7culture.ci\/index.php\/2024\/07\/06\/actions-sociales-long-avd-oua-fait-des-dons-au-dispensaire-de-a-zonneu\/"]}]},{"@type":"BreadcrumbList","@id":"https:\/\/7culture.ci\/index.php\/2024\/07\/06\/actions-sociales-long-avd-oua-fait-des-dons-au-dispensaire-de-a-zonneu\/#breadcrumb","itemListElement":[{"@type":"ListItem","position":1,"name":"Accueil","item":"https:\/\/7culture.ci\/"},{"@type":"ListItem","position":2,"name":"Actions sociales\u00a0: L\u2019Ong Avd-Oua fait des dons au dispensaire de Zonneu\u00a0"}]},{"@type":"WebSite","@id":"https:\/\/7culture.ci\/#website","url":"https:\/\/7culture.ci\/","name":"7culture","description":"Tout sur l&#039;actualit\u00e9","publisher":{"@id":"https:\/\/7culture.ci\/#organization"},"potentialAction":[{"@type":"SearchAction","target":{"@type":"EntryPoint","urlTemplate":"https:\/\/7culture.ci\/?s={search_term_string}"},"query-input":"required name=search_term_string"}],"inLanguage":"fr-FR"},{"@type":"Organization","@id":"https:\/\/7culture.ci\/#organization","name":"7culture","url":"https:\/\/7culture.ci\/","sameAs":["https:\/\/www.facebook.com\/redchefclaude","https:\/\/twitter.com\/7culturec"],"logo":{"@type":"ImageObject","inLanguage":"fr-FR","@id":"https:\/\/7culture.ci\/#\/schema\/logo\/image\/","url":"https:\/\/7culture.ci\/wp-content\/uploads\/2021\/12\/S1a-1.png","contentUrl":"https:\/\/7culture.ci\/wp-content\/uploads\/2021\/12\/S1a-1.png","width":588,"height":192,"caption":"7culture"},"image":{"@id":"https:\/\/7culture.ci\/#\/schema\/logo\/image\/"}},{"@type":"Person","@id":"https:\/\/7culture.ci\/#\/schema\/person\/16150d28d7ef66ba788c1f87f28c4426","name":"7culture2020","image":{"@type":"ImageObject","inLanguage":"fr-FR","@id":"https:\/\/7culture.ci\/#\/schema\/person\/image\/","url":"https:\/\/secure.gravatar.com\/avatar\/9a0784f951306c37bcd065f52844ef95?s=96&d=mm&r=g","contentUrl":"https:\/\/secure.gravatar.com\/avatar\/9a0784f951306c37bcd065f52844ef95?s=96&d=mm&r=g","caption":"7culture2020"},"sameAs":["http:\/\/7culture.ci","Claude.kipre"],"url":"https:\/\/7culture.ci\/index.php\/author\/7culture2020\/"}]}},"jetpack_featured_media_url":"https:\/\/7culture.ci\/wp-content\/uploads\/2024\/07\/WhatsApp-Image-2024-07-05-at-19.45.21.jpeg","jetpack_likes_enabled":true,"jetpack_sharing_enabled":true,"_links":{"self":[{"href":"https:\/\/7culture.ci\/index.php\/wp-json\/wp\/v2\/posts\/26376"}],"collection":[{"href":"https:\/\/7culture.ci\/index.php\/wp-json\/wp\/v2\/posts"}],"about":[{"href":"https:\/\/7culture.ci\/index.php\/wp-json\/wp\/v2\/types\/post"}],"author":[{"embeddable":true,"href":"https:\/\/7culture.ci\/index.php\/wp-json\/wp\/v2\/users\/1"}],"replies":[{"embeddable":true,"href":"https:\/\/7culture.ci\/index.php\/wp-json\/wp\/v2\/comments?post=26376"}],"version-history":[{"count":3,"href":"https:\/\/7culture.ci\/index.php\/wp-json\/wp\/v2\/posts\/26376\/revisions"}],"predecessor-version":[{"id":26410,"href":"https:\/\/7culture.ci\/index.php\/wp-json\/wp\/v2\/posts\/26376\/revisions\/26410"}],"wp:featuredmedia":[{"embeddable":true,"href":"https:\/\/7culture.ci\/index.php\/wp-json\/wp\/v2\/media\/26378"}],"wp:attachment":[{"href":"https:\/\/7culture.ci\/index.php\/wp-json\/wp\/v2\/media?parent=26376"}],"wp:term":[{"taxonomy":"category","embeddable":true,"href":"https:\/\/7culture.ci\/index.php\/wp-json\/wp\/v2\/categories?post=26376"},{"taxonomy":"post_tag","embeddable":true,"href":"https:\/\/7culture.ci\/index.php\/wp-json\/wp\/v2\/tags?post=26376"}],"curies":[{"name":"wp","href":"https:\/\/api.w.org\/{rel}","templated":true}]}}