{"id":26366,"date":"2024-07-06T12:41:25","date_gmt":"2024-07-06T12:41:25","guid":{"rendered":"https:\/\/7culture.ci\/?p=26366"},"modified":"2024-07-06T14:48:21","modified_gmt":"2024-07-06T14:48:21","slug":"disparition-eh-eugene","status":"publish","type":"post","link":"https:\/\/7culture.ci\/index.php\/2024\/07\/06\/disparition-eh-eugene\/","title":{"rendered":"Disparition\u00a0: Eh, Eug\u00e8ne\u00a0!"},"content":{"rendered":"\n<p>Depuis le jeudi 4 juillet 2024, la presse ivoirienne est en deuil. Eug\u00e8ne Kadet est d\u00e9c\u00e9d\u00e9. Le patron des titres \u2018\u2019Le Journal de l&#8217;Economie\u2019\u2019 et \u2018\u2019La Retraite Active\u2019\u2019, a d\u00e9finitivement rang\u00e9 sa plume. H\u00e9las&nbsp;! Tr\u00e8s peu dans le milieu, le savaient malade. Eug\u00e8ne \u00e9tait connu pour sa belle plume et son envie d\u2019entreprise avec de nombreux projets novateurs pour am\u00e9liorer la presse ivoirienne. Il avait ainsi mise en place le 11 juin 2022 l\u2019association \u2018\u2019M\u00e9dias et Citoyennet\u00e9\u2019\u2019 pour valoriser le journalisme et la citoyennet\u00e9, promouvoir le professionnalisme et l\u2019excellence en harmonie avec l\u2019\u00e9volution de la technologie dans les m\u00e9dias. E.K \u00e9tait aussi c\u00e9l\u00e8bre pour sa disponibilit\u00e9 pour les autres, son approche facile et son ouverture d\u2019esprit. Il avait d\u2019ailleurs l\u2019esprit vif et alerte. Journaliste \u00e9conomique, il avait aussi touch\u00e9 \u00e0 la culture et \u00e9tait passionn\u00e9 de sport notamment de football et de basket-ball. \u00ab&nbsp;<em>Eug\u00e8ne l\u00e2che stylos et claviers au moment o\u00f9 l\u2019Euro 2024 entre dans la phase passionnante et intense des quarts de finale<\/em>&nbsp;\u00bb, a regrett\u00e9 Fernand Dedeh sur son profil Facebook.<\/p>\n\n\n\n<figure class=\"wp-block-gallery has-nested-images columns-default is-cropped wp-block-gallery-1 is-layout-flex wp-block-gallery-is-layout-flex\">\n<figure class=\"wp-block-image size-large\"><img loading=\"lazy\" decoding=\"async\" width=\"954\" height=\"954\" data-id=\"26370\" src=\"https:\/\/7culture.ci\/wp-content\/uploads\/2024\/07\/eugene3.jpg\" alt=\"\" class=\"wp-image-26370\" srcset=\"https:\/\/7culture.ci\/wp-content\/uploads\/2024\/07\/eugene3.jpg 954w, https:\/\/7culture.ci\/wp-content\/uploads\/2024\/07\/eugene3-300x300.jpg 300w, https:\/\/7culture.ci\/wp-content\/uploads\/2024\/07\/eugene3-150x150.jpg 150w, https:\/\/7culture.ci\/wp-content\/uploads\/2024\/07\/eugene3-768x768.jpg 768w, https:\/\/7culture.ci\/wp-content\/uploads\/2024\/07\/eugene3-65x65.jpg 65w\" sizes=\"(max-width: 954px) 100vw, 954px\" \/><\/figure>\n\n\n\n<figure class=\"wp-block-image size-large\"><img loading=\"lazy\" decoding=\"async\" width=\"720\" height=\"720\" data-id=\"26369\" src=\"https:\/\/7culture.ci\/wp-content\/uploads\/2024\/07\/eugene5.jpg\" alt=\"\" class=\"wp-image-26369\" srcset=\"https:\/\/7culture.ci\/wp-content\/uploads\/2024\/07\/eugene5.jpg 720w, https:\/\/7culture.ci\/wp-content\/uploads\/2024\/07\/eugene5-300x300.jpg 300w, https:\/\/7culture.ci\/wp-content\/uploads\/2024\/07\/eugene5-150x150.jpg 150w, https:\/\/7culture.ci\/wp-content\/uploads\/2024\/07\/eugene5-65x65.jpg 65w\" sizes=\"(max-width: 720px) 100vw, 720px\" \/><\/figure>\n\n\n\n<figure class=\"wp-block-image size-large\"><img loading=\"lazy\" decoding=\"async\" width=\"1003\" height=\"1004\" data-id=\"26371\" src=\"https:\/\/7culture.ci\/wp-content\/uploads\/2024\/07\/eugene6.jpg\" alt=\"\" class=\"wp-image-26371\" srcset=\"https:\/\/7culture.ci\/wp-content\/uploads\/2024\/07\/eugene6.jpg 1003w, https:\/\/7culture.ci\/wp-content\/uploads\/2024\/07\/eugene6-300x300.jpg 300w, https:\/\/7culture.ci\/wp-content\/uploads\/2024\/07\/eugene6-150x150.jpg 150w, https:\/\/7culture.ci\/wp-content\/uploads\/2024\/07\/eugene6-768x769.jpg 768w, https:\/\/7culture.ci\/wp-content\/uploads\/2024\/07\/eugene6-65x65.jpg 65w\" sizes=\"(max-width: 1003px) 100vw, 1003px\" \/><\/figure>\n<\/figure>\n\n\n\n<p>Eug\u00e8ne a entam\u00e9 sa carri\u00e8re journalistique au service \u00e9conomique de Fraternit\u00e9-Matin en 1987 puis IvoirSoir du m\u00eame groupe \u00e9tatique. Ensuite, E.K a rejoint successivement les services communication du groupe Sifca, Orange C\u00f4te d\u2019Ivoire et Sotra. C\u2019est dans ces soci\u00e9t\u00e9s qu\u2019il se montrait le plus disponible pour sa corporation, le journalisme surtout pour les jeunes journalistes. Apr\u00e8s s\u2019\u00eatre retourn\u00e9 sur les bancs \u00e0 l\u2019Institut des sciences et des techniques de la Communication (Istc) \u00e0 Abidjan-Cocody, il obtient son dipl\u00f4me de manager ex\u00e9cutif des m\u00e9dias. Il avait re\u00e7u le parchemin des mains du ministre de la Communication Amadou Coulibaly le 24 janvier 2024.<\/p>\n\n\n\n<figure class=\"wp-block-gallery has-nested-images columns-default is-cropped wp-block-gallery-2 is-layout-flex wp-block-gallery-is-layout-flex\">\n<figure class=\"wp-block-image size-large\"><img loading=\"lazy\" decoding=\"async\" width=\"1024\" height=\"1024\" data-id=\"26374\" src=\"https:\/\/7culture.ci\/wp-content\/uploads\/2024\/07\/eugene2-1024x1024.jpg\" alt=\"\" class=\"wp-image-26374\" srcset=\"https:\/\/7culture.ci\/wp-content\/uploads\/2024\/07\/eugene2-1024x1024.jpg 1024w, https:\/\/7culture.ci\/wp-content\/uploads\/2024\/07\/eugene2-300x300.jpg 300w, https:\/\/7culture.ci\/wp-content\/uploads\/2024\/07\/eugene2-150x150.jpg 150w, https:\/\/7culture.ci\/wp-content\/uploads\/2024\/07\/eugene2-768x768.jpg 768w, https:\/\/7culture.ci\/wp-content\/uploads\/2024\/07\/eugene2-1536x1536.jpg 1536w, https:\/\/7culture.ci\/wp-content\/uploads\/2024\/07\/eugene2-65x65.jpg 65w, https:\/\/7culture.ci\/wp-content\/uploads\/2024\/07\/eugene2.jpg 2048w\" sizes=\"(max-width: 1024px) 100vw, 1024px\" \/><\/figure>\n\n\n\n<figure class=\"wp-block-image size-large\"><img loading=\"lazy\" decoding=\"async\" width=\"1024\" height=\"679\" data-id=\"26373\" src=\"https:\/\/7culture.ci\/wp-content\/uploads\/2024\/07\/eugene4-1024x679.jpg\" alt=\"\" class=\"wp-image-26373\" srcset=\"https:\/\/7culture.ci\/wp-content\/uploads\/2024\/07\/eugene4-1024x679.jpg 1024w, https:\/\/7culture.ci\/wp-content\/uploads\/2024\/07\/eugene4-300x199.jpg 300w, https:\/\/7culture.ci\/wp-content\/uploads\/2024\/07\/eugene4-768x509.jpg 768w, https:\/\/7culture.ci\/wp-content\/uploads\/2024\/07\/eugene4.jpg 1536w\" sizes=\"(max-width: 1024px) 100vw, 1024px\" \/><\/figure>\n\n\n\n<figure class=\"wp-block-image size-large\"><img loading=\"lazy\" decoding=\"async\" width=\"472\" height=\"472\" data-id=\"26372\" src=\"https:\/\/7culture.ci\/wp-content\/uploads\/2024\/07\/eugene7.jpg\" alt=\"\" class=\"wp-image-26372\" srcset=\"https:\/\/7culture.ci\/wp-content\/uploads\/2024\/07\/eugene7.jpg 472w, https:\/\/7culture.ci\/wp-content\/uploads\/2024\/07\/eugene7-300x300.jpg 300w, https:\/\/7culture.ci\/wp-content\/uploads\/2024\/07\/eugene7-150x150.jpg 150w, https:\/\/7culture.ci\/wp-content\/uploads\/2024\/07\/eugene7-65x65.jpg 65w\" sizes=\"(max-width: 472px) 100vw, 472px\" \/><\/figure>\n<\/figure>\n\n\n\n<p>Difficile d\u2019accepter que ce bosseur infatigable et entrepreneur m\u00e9dia nous quitte subitement&nbsp;! \u00ab&nbsp;<em>\u2026 A l\u2019annonce de ton d\u00e9c\u00e8s, j\u2019ai re\u00e7u un v\u00e9ritable coup de massue sur la t\u00eate. Je te savais certes malade, mais pas jusqu&#8217;au point de nous quitter ainsi ! C\u2019est vraiment difficile \u00e0 accepter !<\/em>&nbsp;\u00bb, s\u2019est d\u00e9sol\u00e9 Jean-Claude Coulibaly, le pr\u00e9sident de l\u2019Union nationale des journalistes de C\u00f4te d\u2019Ivoire (Unjci). A l\u2019instar du pr\u00e9sident Coulibaly, de nombreux hommages des journalistes ont envahi les r\u00e9seaux sociaux pour saluer la m\u00e9moire de l&#8217;illustre disparu. Adieu Eug\u00e8ne&nbsp;! Adieu Eug\u00e8ne Kadet&nbsp;! Adieu E.K&nbsp;!<\/p>\n\n\n\n<p>Par DT.<\/p>\n","protected":false},"excerpt":{"rendered":"<p>Depuis le jeudi 4 juillet 2024, la presse ivoirienne est en deuil. Eug\u00e8ne Kadet est d\u00e9c\u00e9d\u00e9. Le patron des titres \u2018\u2019Le Journal de l&#8217;Economie\u2019\u2019 et \u2018\u2019La Retraite Active\u2019\u2019, a d\u00e9finitivement rang\u00e9 sa plume. H\u00e9las&nbsp;! Tr\u00e8s peu dans le milieu, le savaient malade. Eug\u00e8ne \u00e9tait connu pour sa belle plume et son envie d\u2019entreprise avec de &hellip;<\/p>\n<p class=\"read-more\"> <a class=\"\" href=\"https:\/\/7culture.ci\/index.php\/2024\/07\/06\/disparition-eh-eugene\/\"> <span class=\"screen-reader-text\">Disparition\u00a0: Eh, Eug\u00e8ne\u00a0!<\/span> Lire la suite\u00a0\u00bb<\/a><\/p>\n","protected":false},"author":1,"featured_media":26368,"comment_status":"open","ping_status":"open","sticky":false,"template":"","format":"standard","meta":{"_mi_skip_tracking":false,"_monsterinsights_sitenote_active":false,"_monsterinsights_sitenote_note":"","_monsterinsights_sitenote_category":0,"site-sidebar-layout":"default","site-content-layout":"default","ast-global-header-display":"","ast-main-header-display":"","ast-hfb-above-header-display":"","ast-hfb-below-header-display":"","ast-hfb-mobile-header-display":"","site-post-title":"","ast-breadcrumbs-content":"","ast-featured-img":"","footer-sml-layout":"","theme-transparent-header-meta":"","adv-header-id-meta":"","stick-header-meta":"","header-above-stick-meta":"","header-main-stick-meta":"","header-below-stick-meta":"","footnotes":"","jetpack_publicize_message":"","jetpack_is_tweetstorm":false,"jetpack_publicize_feature_enabled":true},"categories":[22],"tags":[],"jetpack_publicize_connections":[],"acf":[],"aioseo_notices":[],"yoast_head":"<!-- This site is optimized with the Yoast SEO plugin v19.6.1 - https:\/\/yoast.com\/wordpress\/plugins\/seo\/ -->\n<title>Disparition\u00a0: Eh, Eug\u00e8ne\u00a0! - 7culture<\/title>\n<meta name=\"robots\" content=\"index, follow, max-snippet:-1, max-image-preview:large, max-video-preview:-1\" \/>\n<link rel=\"canonical\" href=\"https:\/\/7culture.ci\/index.php\/2024\/07\/06\/disparition-eh-eugene\/\" \/>\n<meta property=\"og:locale\" content=\"fr_FR\" \/>\n<meta property=\"og:type\" content=\"article\" \/>\n<meta property=\"og:title\" content=\"Disparition\u00a0: Eh, Eug\u00e8ne\u00a0! - 7culture\" \/>\n<meta property=\"og:description\" content=\"Depuis le jeudi 4 juillet 2024, la presse ivoirienne est en deuil. Eug\u00e8ne Kadet est d\u00e9c\u00e9d\u00e9. Le patron des titres \u2018\u2019Le Journal de l&#8217;Economie\u2019\u2019 et \u2018\u2019La Retraite Active\u2019\u2019, a d\u00e9finitivement rang\u00e9 sa plume. H\u00e9las&nbsp;! Tr\u00e8s peu dans le milieu, le savaient malade. Eug\u00e8ne \u00e9tait connu pour sa belle plume et son envie d\u2019entreprise avec de &hellip; Disparition\u00a0: Eh, Eug\u00e8ne\u00a0! Lire la suite\u00a0\u00bb\" \/>\n<meta property=\"og:url\" content=\"https:\/\/7culture.ci\/index.php\/2024\/07\/06\/disparition-eh-eugene\/\" \/>\n<meta property=\"og:site_name\" content=\"7culture\" \/>\n<meta property=\"article:publisher\" content=\"https:\/\/www.facebook.com\/redchefclaude\" \/>\n<meta property=\"article:published_time\" content=\"2024-07-06T12:41:25+00:00\" \/>\n<meta property=\"article:modified_time\" content=\"2024-07-06T14:48:21+00:00\" \/>\n<meta property=\"og:image\" content=\"http:\/\/7culture.ci\/wp-content\/uploads\/2024\/07\/eugene.jpg\" \/>\n\t<meta property=\"og:image:width\" content=\"720\" \/>\n\t<meta property=\"og:image:height\" content=\"720\" \/>\n\t<meta property=\"og:image:type\" content=\"image\/jpeg\" \/>\n<meta name=\"author\" content=\"7culture2020\" \/>\n<meta name=\"twitter:card\" content=\"summary_large_image\" \/>\n<meta name=\"twitter:creator\" content=\"@7culturec\" \/>\n<meta name=\"twitter:site\" content=\"@7culturec\" \/>\n<meta name=\"twitter:label1\" content=\"\u00c9crit par\" \/>\n\t<meta name=\"twitter:data1\" content=\"7culture2020\" \/>\n\t<meta name=\"twitter:label2\" content=\"Dur\u00e9e de lecture estim\u00e9e\" \/>\n\t<meta name=\"twitter:data2\" content=\"2 minutes\" \/>\n<script type=\"application\/ld+json\" class=\"yoast-schema-graph\">{\"@context\":\"https:\/\/schema.org\",\"@graph\":[{\"@type\":\"Article\",\"@id\":\"https:\/\/7culture.ci\/index.php\/2024\/07\/06\/disparition-eh-eugene\/#article\",\"isPartOf\":{\"@id\":\"https:\/\/7culture.ci\/index.php\/2024\/07\/06\/disparition-eh-eugene\/\"},\"author\":{\"name\":\"7culture2020\",\"@id\":\"https:\/\/7culture.ci\/#\/schema\/person\/16150d28d7ef66ba788c1f87f28c4426\"},\"headline\":\"Disparition\u00a0: Eh, Eug\u00e8ne\u00a0!\",\"datePublished\":\"2024-07-06T12:41:25+00:00\",\"dateModified\":\"2024-07-06T14:48:21+00:00\",\"mainEntityOfPage\":{\"@id\":\"https:\/\/7culture.ci\/index.php\/2024\/07\/06\/disparition-eh-eugene\/\"},\"wordCount\":429,\"commentCount\":0,\"publisher\":{\"@id\":\"https:\/\/7culture.ci\/#organization\"},\"articleSection\":[\"Actualit\u00e9\"],\"inLanguage\":\"fr-FR\",\"potentialAction\":[{\"@type\":\"CommentAction\",\"name\":\"Comment\",\"target\":[\"https:\/\/7culture.ci\/index.php\/2024\/07\/06\/disparition-eh-eugene\/#respond\"]}]},{\"@type\":\"WebPage\",\"@id\":\"https:\/\/7culture.ci\/index.php\/2024\/07\/06\/disparition-eh-eugene\/\",\"url\":\"https:\/\/7culture.ci\/index.php\/2024\/07\/06\/disparition-eh-eugene\/\",\"name\":\"Disparition\u00a0: Eh, Eug\u00e8ne\u00a0! - 7culture\",\"isPartOf\":{\"@id\":\"https:\/\/7culture.ci\/#website\"},\"datePublished\":\"2024-07-06T12:41:25+00:00\",\"dateModified\":\"2024-07-06T14:48:21+00:00\",\"breadcrumb\":{\"@id\":\"https:\/\/7culture.ci\/index.php\/2024\/07\/06\/disparition-eh-eugene\/#breadcrumb\"},\"inLanguage\":\"fr-FR\",\"potentialAction\":[{\"@type\":\"ReadAction\",\"target\":[\"https:\/\/7culture.ci\/index.php\/2024\/07\/06\/disparition-eh-eugene\/\"]}]},{\"@type\":\"BreadcrumbList\",\"@id\":\"https:\/\/7culture.ci\/index.php\/2024\/07\/06\/disparition-eh-eugene\/#breadcrumb\",\"itemListElement\":[{\"@type\":\"ListItem\",\"position\":1,\"name\":\"Accueil\",\"item\":\"https:\/\/7culture.ci\/\"},{\"@type\":\"ListItem\",\"position\":2,\"name\":\"Disparition\u00a0: Eh, Eug\u00e8ne\u00a0!\"}]},{\"@type\":\"WebSite\",\"@id\":\"https:\/\/7culture.ci\/#website\",\"url\":\"https:\/\/7culture.ci\/\",\"name\":\"7culture\",\"description\":\"Tout sur l&#039;actualit\u00e9\",\"publisher\":{\"@id\":\"https:\/\/7culture.ci\/#organization\"},\"potentialAction\":[{\"@type\":\"SearchAction\",\"target\":{\"@type\":\"EntryPoint\",\"urlTemplate\":\"https:\/\/7culture.ci\/?s={search_term_string}\"},\"query-input\":\"required name=search_term_string\"}],\"inLanguage\":\"fr-FR\"},{\"@type\":\"Organization\",\"@id\":\"https:\/\/7culture.ci\/#organization\",\"name\":\"7culture\",\"url\":\"https:\/\/7culture.ci\/\",\"sameAs\":[\"https:\/\/www.facebook.com\/redchefclaude\",\"https:\/\/twitter.com\/7culturec\"],\"logo\":{\"@type\":\"ImageObject\",\"inLanguage\":\"fr-FR\",\"@id\":\"https:\/\/7culture.ci\/#\/schema\/logo\/image\/\",\"url\":\"https:\/\/7culture.ci\/wp-content\/uploads\/2021\/12\/S1a-1.png\",\"contentUrl\":\"https:\/\/7culture.ci\/wp-content\/uploads\/2021\/12\/S1a-1.png\",\"width\":588,\"height\":192,\"caption\":\"7culture\"},\"image\":{\"@id\":\"https:\/\/7culture.ci\/#\/schema\/logo\/image\/\"}},{\"@type\":\"Person\",\"@id\":\"https:\/\/7culture.ci\/#\/schema\/person\/16150d28d7ef66ba788c1f87f28c4426\",\"name\":\"7culture2020\",\"image\":{\"@type\":\"ImageObject\",\"inLanguage\":\"fr-FR\",\"@id\":\"https:\/\/7culture.ci\/#\/schema\/person\/image\/\",\"url\":\"https:\/\/secure.gravatar.com\/avatar\/9a0784f951306c37bcd065f52844ef95?s=96&d=mm&r=g\",\"contentUrl\":\"https:\/\/secure.gravatar.com\/avatar\/9a0784f951306c37bcd065f52844ef95?s=96&d=mm&r=g\",\"caption\":\"7culture2020\"},\"sameAs\":[\"http:\/\/7culture.ci\",\"Claude.kipre\"],\"url\":\"https:\/\/7culture.ci\/index.php\/author\/7culture2020\/\"}]}<\/script>\n<!-- \/ Yoast SEO plugin. -->","yoast_head_json":{"title":"Disparition\u00a0: Eh, Eug\u00e8ne\u00a0! - 7culture","robots":{"index":"index","follow":"follow","max-snippet":"max-snippet:-1","max-image-preview":"max-image-preview:large","max-video-preview":"max-video-preview:-1"},"canonical":"https:\/\/7culture.ci\/index.php\/2024\/07\/06\/disparition-eh-eugene\/","og_locale":"fr_FR","og_type":"article","og_title":"Disparition\u00a0: Eh, Eug\u00e8ne\u00a0! - 7culture","og_description":"Depuis le jeudi 4 juillet 2024, la presse ivoirienne est en deuil. Eug\u00e8ne Kadet est d\u00e9c\u00e9d\u00e9. Le patron des titres \u2018\u2019Le Journal de l&#8217;Economie\u2019\u2019 et \u2018\u2019La Retraite Active\u2019\u2019, a d\u00e9finitivement rang\u00e9 sa plume. H\u00e9las&nbsp;! Tr\u00e8s peu dans le milieu, le savaient malade. Eug\u00e8ne \u00e9tait connu pour sa belle plume et son envie d\u2019entreprise avec de &hellip; Disparition\u00a0: Eh, Eug\u00e8ne\u00a0! Lire la suite\u00a0\u00bb","og_url":"https:\/\/7culture.ci\/index.php\/2024\/07\/06\/disparition-eh-eugene\/","og_site_name":"7culture","article_publisher":"https:\/\/www.facebook.com\/redchefclaude","article_published_time":"2024-07-06T12:41:25+00:00","article_modified_time":"2024-07-06T14:48:21+00:00","og_image":[{"width":720,"height":720,"url":"http:\/\/7culture.ci\/wp-content\/uploads\/2024\/07\/eugene.jpg","type":"image\/jpeg"}],"author":"7culture2020","twitter_card":"summary_large_image","twitter_creator":"@7culturec","twitter_site":"@7culturec","twitter_misc":{"\u00c9crit par":"7culture2020","Dur\u00e9e de lecture estim\u00e9e":"2 minutes"},"schema":{"@context":"https:\/\/schema.org","@graph":[{"@type":"Article","@id":"https:\/\/7culture.ci\/index.php\/2024\/07\/06\/disparition-eh-eugene\/#article","isPartOf":{"@id":"https:\/\/7culture.ci\/index.php\/2024\/07\/06\/disparition-eh-eugene\/"},"author":{"name":"7culture2020","@id":"https:\/\/7culture.ci\/#\/schema\/person\/16150d28d7ef66ba788c1f87f28c4426"},"headline":"Disparition\u00a0: Eh, Eug\u00e8ne\u00a0!","datePublished":"2024-07-06T12:41:25+00:00","dateModified":"2024-07-06T14:48:21+00:00","mainEntityOfPage":{"@id":"https:\/\/7culture.ci\/index.php\/2024\/07\/06\/disparition-eh-eugene\/"},"wordCount":429,"commentCount":0,"publisher":{"@id":"https:\/\/7culture.ci\/#organization"},"articleSection":["Actualit\u00e9"],"inLanguage":"fr-FR","potentialAction":[{"@type":"CommentAction","name":"Comment","target":["https:\/\/7culture.ci\/index.php\/2024\/07\/06\/disparition-eh-eugene\/#respond"]}]},{"@type":"WebPage","@id":"https:\/\/7culture.ci\/index.php\/2024\/07\/06\/disparition-eh-eugene\/","url":"https:\/\/7culture.ci\/index.php\/2024\/07\/06\/disparition-eh-eugene\/","name":"Disparition\u00a0: Eh, Eug\u00e8ne\u00a0! - 7culture","isPartOf":{"@id":"https:\/\/7culture.ci\/#website"},"datePublished":"2024-07-06T12:41:25+00:00","dateModified":"2024-07-06T14:48:21+00:00","breadcrumb":{"@id":"https:\/\/7culture.ci\/index.php\/2024\/07\/06\/disparition-eh-eugene\/#breadcrumb"},"inLanguage":"fr-FR","potentialAction":[{"@type":"ReadAction","target":["https:\/\/7culture.ci\/index.php\/2024\/07\/06\/disparition-eh-eugene\/"]}]},{"@type":"BreadcrumbList","@id":"https:\/\/7culture.ci\/index.php\/2024\/07\/06\/disparition-eh-eugene\/#breadcrumb","itemListElement":[{"@type":"ListItem","position":1,"name":"Accueil","item":"https:\/\/7culture.ci\/"},{"@type":"ListItem","position":2,"name":"Disparition\u00a0: Eh, Eug\u00e8ne\u00a0!"}]},{"@type":"WebSite","@id":"https:\/\/7culture.ci\/#website","url":"https:\/\/7culture.ci\/","name":"7culture","description":"Tout sur l&#039;actualit\u00e9","publisher":{"@id":"https:\/\/7culture.ci\/#organization"},"potentialAction":[{"@type":"SearchAction","target":{"@type":"EntryPoint","urlTemplate":"https:\/\/7culture.ci\/?s={search_term_string}"},"query-input":"required name=search_term_string"}],"inLanguage":"fr-FR"},{"@type":"Organization","@id":"https:\/\/7culture.ci\/#organization","name":"7culture","url":"https:\/\/7culture.ci\/","sameAs":["https:\/\/www.facebook.com\/redchefclaude","https:\/\/twitter.com\/7culturec"],"logo":{"@type":"ImageObject","inLanguage":"fr-FR","@id":"https:\/\/7culture.ci\/#\/schema\/logo\/image\/","url":"https:\/\/7culture.ci\/wp-content\/uploads\/2021\/12\/S1a-1.png","contentUrl":"https:\/\/7culture.ci\/wp-content\/uploads\/2021\/12\/S1a-1.png","width":588,"height":192,"caption":"7culture"},"image":{"@id":"https:\/\/7culture.ci\/#\/schema\/logo\/image\/"}},{"@type":"Person","@id":"https:\/\/7culture.ci\/#\/schema\/person\/16150d28d7ef66ba788c1f87f28c4426","name":"7culture2020","image":{"@type":"ImageObject","inLanguage":"fr-FR","@id":"https:\/\/7culture.ci\/#\/schema\/person\/image\/","url":"https:\/\/secure.gravatar.com\/avatar\/9a0784f951306c37bcd065f52844ef95?s=96&d=mm&r=g","contentUrl":"https:\/\/secure.gravatar.com\/avatar\/9a0784f951306c37bcd065f52844ef95?s=96&d=mm&r=g","caption":"7culture2020"},"sameAs":["http:\/\/7culture.ci","Claude.kipre"],"url":"https:\/\/7culture.ci\/index.php\/author\/7culture2020\/"}]}},"jetpack_featured_media_url":"https:\/\/7culture.ci\/wp-content\/uploads\/2024\/07\/eugene.jpg","jetpack_likes_enabled":true,"jetpack_sharing_enabled":true,"_links":{"self":[{"href":"https:\/\/7culture.ci\/index.php\/wp-json\/wp\/v2\/posts\/26366"}],"collection":[{"href":"https:\/\/7culture.ci\/index.php\/wp-json\/wp\/v2\/posts"}],"about":[{"href":"https:\/\/7culture.ci\/index.php\/wp-json\/wp\/v2\/types\/post"}],"author":[{"embeddable":true,"href":"https:\/\/7culture.ci\/index.php\/wp-json\/wp\/v2\/users\/1"}],"replies":[{"embeddable":true,"href":"https:\/\/7culture.ci\/index.php\/wp-json\/wp\/v2\/comments?post=26366"}],"version-history":[{"count":1,"href":"https:\/\/7culture.ci\/index.php\/wp-json\/wp\/v2\/posts\/26366\/revisions"}],"predecessor-version":[{"id":26375,"href":"https:\/\/7culture.ci\/index.php\/wp-json\/wp\/v2\/posts\/26366\/revisions\/26375"}],"wp:featuredmedia":[{"embeddable":true,"href":"https:\/\/7culture.ci\/index.php\/wp-json\/wp\/v2\/media\/26368"}],"wp:attachment":[{"href":"https:\/\/7culture.ci\/index.php\/wp-json\/wp\/v2\/media?parent=26366"}],"wp:term":[{"taxonomy":"category","embeddable":true,"href":"https:\/\/7culture.ci\/index.php\/wp-json\/wp\/v2\/categories?post=26366"},{"taxonomy":"post_tag","embeddable":true,"href":"https:\/\/7culture.ci\/index.php\/wp-json\/wp\/v2\/tags?post=26366"}],"curies":[{"name":"wp","href":"https:\/\/api.w.org\/{rel}","templated":true}]}}