{"id":26359,"date":"2024-07-02T12:33:45","date_gmt":"2024-07-02T12:33:45","guid":{"rendered":"https:\/\/7culture.ci\/?p=26359"},"modified":"2024-07-06T12:42:16","modified_gmt":"2024-07-06T12:42:16","slug":"deuil-hommages-au-gros-bedel","status":"publish","type":"post","link":"https:\/\/7culture.ci\/index.php\/2024\/07\/02\/deuil-hommages-au-gros-bedel\/","title":{"rendered":"Deuil\u00a0: Hommages au Gros Bedel"},"content":{"rendered":"\n<p><strong>Sophie Kouadio<\/strong><\/p>\n\n\n\n<p>C&#8217;est le c\u0153ur meurtri ce matin dans le monde du show-biz. Bedel&nbsp;! Oui le Gros Bedel comme on aimait \u00e0 l&#8217;appeler s&#8217;en est all\u00e9. Il est de ma promotion dans le domaine du management artistique ivoirien. A ce titre, il me vouait respect et ob\u00e9issance et m&#8217;appelait la M\u00e8re maman Sophie. Je te voyais avec ton mentor, feu Affouchi Magloire dans les bars. Le Palermo en faisait partie. Qu&#8217;est-ce qu&#8217;on y passait du bon temps&nbsp;! Par la suite, je t&#8217;avais vu au si\u00e8ge de la maison de distribution et de production d\u2019artistes Showbiz en Zone 4. Tu te battais pour le positionnement du groupe Force One. Hey, la chanson Salamandre bim, tube&nbsp;! Le groupe part en Europe, tu d\u00e9cides de rester au pays. L\u00e0 encore tu te bats avec le fr\u00e8re Edgar Houphou\u00ebt au New Ice, bo\u00eete de nuit qui ne d\u00e9semplissait jamais. Je p\u00e8se mes mots&nbsp;: tu cr\u00e9ais embouteillages sur le Latrille au petit matin. Hey Champion&nbsp;! Revirements de situation tu produis Force One. Tu deviens propri\u00e9taire du 40\/40 et tu te bats encore pour une bo\u00eete au Plateau rue Paris village qui fait la joie des noceurs d\u2019Abidjan. Ton nom d\u00e9passe les fronti\u00e8res de Babi. Conclusion, tu \u00e9tais un battant. Bedel, en ce jour du 2 juillet \u00e0 ma date d&#8217;anniversaire, je te rends cet hommage m\u00e9rit\u00e9. Va et repose-toi mon fils&nbsp;! REPOSE-toi. Que notre Seigneur t&#8217;accueille dans son royaume c\u00e9leste.<\/p>\n\n\n\n<p><strong>Molare<\/strong><\/p>\n\n\n\n<p>Il y a 2 \u00e0 3 semaines, on reparlait de toute nos histoires communes avec les amis. On a tellement parl\u00e9 ce jour-l\u00e0, ouais. Je ne savais pas que c\u2019\u00e9tait ton adieu ! Tu as r\u00e9alis\u00e9 tes r\u00eaves de dernier manager d\u2019un tout petit espace \u00e0 propri\u00e9taire de 2 espaces Vip. Tu as chang\u00e9 ta vie en te battant pour avoir ce qu\u2019il fallait. Pens\u00e9e pour ta famille et pour tout ton staff. Le seul qui a boss\u00e9 avec les m\u00eames pendant plus de 15 ans. Tu as accompli, tu es parti. Paix \u00e0 ton \u00e2me fr\u00e8re&nbsp;!<\/p>\n\n\n\n<p><strong>Bouazo Emmanuel Saint Bouez<\/strong><\/p>\n\n\n\n<p>Le Gros Bedel, Matin-l\u00e0, ton nom circule partout. Quand je regarde le chemin que tu as parcouru depuis les \u00e9tablissements Palermo en 2004, la danse du Djerka en 2006, franchement, tu es un champion. Repose en paix, mon fr\u00e8re&nbsp;!<\/p>\n\n\n\n<p><strong>Amiral ENK2K<\/strong><\/p>\n\n\n\n<p>Repose en paix, le Gros Bedel\u00a0! Nous pr\u00e9sentons nos condol\u00e9ances \u00e0 sa famille biologique et au monde du show-biz ivoirien.<\/p>\n\n\n\n<p><strong>Isabelle Anoh<\/strong><\/p>\n\n\n\n<p>Le monde des loisirs en deuil\u00a0! Quelle tristesse\u00a0! Ahoua Bletchi Bedel, plus connu sous le nom de Gros Bedel, figure embl\u00e9matique du secteur des loisirs, du divertissement et de la culture en C\u00f4te d&#8217;Ivoire, s&#8217;en est all\u00e9. Mes sinc\u00e8res condol\u00e9ances \u00e0 sa famille, \u00e0 ses amis et au Mouvement des Op\u00e9rateurs \u00e9conomiques de la Nuit (Mopen) dont il \u00e9tait le 5<sup>e<\/sup> vice-pr\u00e9sident. Repose en paix cher ami.<\/p>\n\n\n\n<figure class=\"wp-block-image aligncenter size-full is-resized\"><img loading=\"lazy\" decoding=\"async\" width=\"960\" height=\"640\" src=\"https:\/\/7culture.ci\/wp-content\/uploads\/2024\/07\/bedel5.jpg\" alt=\"\" class=\"wp-image-26364\" style=\"width:725px;height:auto\" srcset=\"https:\/\/7culture.ci\/wp-content\/uploads\/2024\/07\/bedel5.jpg 960w, https:\/\/7culture.ci\/wp-content\/uploads\/2024\/07\/bedel5-300x200.jpg 300w, https:\/\/7culture.ci\/wp-content\/uploads\/2024\/07\/bedel5-768x512.jpg 768w\" sizes=\"(max-width: 960px) 100vw, 960px\" \/><\/figure>\n\n\n\n<p><strong>Fadiga Demilano<\/strong><\/p>\n\n\n\n<p>Triste nouvelle, difficile \u00e0 accepter. Que Le Bon Dieu t&#8217;accueille dans son paradis parce que tu \u00e9tais une belle personne.<\/p>\n\n\n\n<p><strong>A&#8217;Salfo<\/strong><\/p>\n\n\n\n<p>Que de douleurs encha\u00een\u00e9es ! Que la terre de nos a\u00efeux te soit l\u00e9g\u00e8re. Reposes en paix, Bedel&nbsp;!<\/p>\n\n\n\n<p><strong>Yod\u00e9 et Siro<\/strong><\/p>\n\n\n\n<p>Non, non fr\u00e8re, pas o\u00f9 tu es arriv\u00e9 l\u00e0 nonnn&nbsp;!<\/p>\n\n\n\n<p><strong>Alice Sofa<\/strong><\/p>\n\n\n\n<p>Repose en paix, ma personne&nbsp;!<\/p>\n\n\n\n<figure class=\"wp-block-image size-full is-resized\"><img loading=\"lazy\" decoding=\"async\" width=\"960\" height=\"693\" src=\"https:\/\/7culture.ci\/wp-content\/uploads\/2024\/07\/bedel4.jpg\" alt=\"\" class=\"wp-image-26362\" style=\"width:707px;height:auto\" srcset=\"https:\/\/7culture.ci\/wp-content\/uploads\/2024\/07\/bedel4.jpg 960w, https:\/\/7culture.ci\/wp-content\/uploads\/2024\/07\/bedel4-300x217.jpg 300w, https:\/\/7culture.ci\/wp-content\/uploads\/2024\/07\/bedel4-768x554.jpg 768w\" sizes=\"(max-width: 960px) 100vw, 960px\" \/><\/figure>\n","protected":false},"excerpt":{"rendered":"<p>Sophie Kouadio C&#8217;est le c\u0153ur meurtri ce matin dans le monde du show-biz. Bedel&nbsp;! Oui le Gros Bedel comme on aimait \u00e0 l&#8217;appeler s&#8217;en est all\u00e9. Il est de ma promotion dans le domaine du management artistique ivoirien. A ce titre, il me vouait respect et ob\u00e9issance et m&#8217;appelait la M\u00e8re maman Sophie. Je te &hellip;<\/p>\n<p class=\"read-more\"> <a class=\"\" href=\"https:\/\/7culture.ci\/index.php\/2024\/07\/02\/deuil-hommages-au-gros-bedel\/\"> <span class=\"screen-reader-text\">Deuil\u00a0: Hommages au Gros Bedel<\/span> Lire la suite\u00a0\u00bb<\/a><\/p>\n","protected":false},"author":1,"featured_media":26361,"comment_status":"open","ping_status":"open","sticky":false,"template":"","format":"standard","meta":{"_mi_skip_tracking":false,"_monsterinsights_sitenote_active":false,"_monsterinsights_sitenote_note":"","_monsterinsights_sitenote_category":0,"site-sidebar-layout":"default","site-content-layout":"default","ast-global-header-display":"","ast-main-header-display":"","ast-hfb-above-header-display":"","ast-hfb-below-header-display":"","ast-hfb-mobile-header-display":"","site-post-title":"","ast-breadcrumbs-content":"","ast-featured-img":"","footer-sml-layout":"","theme-transparent-header-meta":"","adv-header-id-meta":"","stick-header-meta":"","header-above-stick-meta":"","header-main-stick-meta":"","header-below-stick-meta":"","footnotes":"","jetpack_publicize_message":"","jetpack_is_tweetstorm":false,"jetpack_publicize_feature_enabled":true},"categories":[22],"tags":[],"jetpack_publicize_connections":[],"acf":[],"aioseo_notices":[],"yoast_head":"<!-- This site is optimized with the Yoast SEO plugin v19.6.1 - https:\/\/yoast.com\/wordpress\/plugins\/seo\/ -->\n<title>Deuil\u00a0: Hommages au Gros Bedel - 7culture<\/title>\n<meta name=\"robots\" content=\"index, follow, max-snippet:-1, max-image-preview:large, max-video-preview:-1\" \/>\n<link rel=\"canonical\" href=\"https:\/\/7culture.ci\/index.php\/2024\/07\/02\/deuil-hommages-au-gros-bedel\/\" \/>\n<meta property=\"og:locale\" content=\"fr_FR\" \/>\n<meta property=\"og:type\" content=\"article\" \/>\n<meta property=\"og:title\" content=\"Deuil\u00a0: Hommages au Gros Bedel - 7culture\" \/>\n<meta property=\"og:description\" content=\"Sophie Kouadio C&#8217;est le c\u0153ur meurtri ce matin dans le monde du show-biz. Bedel&nbsp;! Oui le Gros Bedel comme on aimait \u00e0 l&#8217;appeler s&#8217;en est all\u00e9. Il est de ma promotion dans le domaine du management artistique ivoirien. A ce titre, il me vouait respect et ob\u00e9issance et m&#8217;appelait la M\u00e8re maman Sophie. Je te &hellip; Deuil\u00a0: Hommages au Gros Bedel Lire la suite\u00a0\u00bb\" \/>\n<meta property=\"og:url\" content=\"https:\/\/7culture.ci\/index.php\/2024\/07\/02\/deuil-hommages-au-gros-bedel\/\" \/>\n<meta property=\"og:site_name\" content=\"7culture\" \/>\n<meta property=\"article:publisher\" content=\"https:\/\/www.facebook.com\/redchefclaude\" \/>\n<meta property=\"article:published_time\" content=\"2024-07-02T12:33:45+00:00\" \/>\n<meta property=\"article:modified_time\" content=\"2024-07-06T12:42:16+00:00\" \/>\n<meta property=\"og:image\" content=\"http:\/\/7culture.ci\/wp-content\/uploads\/2024\/07\/bedel2.jpg\" \/>\n\t<meta property=\"og:image:width\" content=\"1170\" \/>\n\t<meta property=\"og:image:height\" content=\"1149\" \/>\n\t<meta property=\"og:image:type\" content=\"image\/jpeg\" \/>\n<meta name=\"author\" content=\"7culture2020\" \/>\n<meta name=\"twitter:card\" content=\"summary_large_image\" \/>\n<meta name=\"twitter:creator\" content=\"@7culturec\" \/>\n<meta name=\"twitter:site\" content=\"@7culturec\" \/>\n<meta name=\"twitter:label1\" content=\"\u00c9crit par\" \/>\n\t<meta name=\"twitter:data1\" content=\"7culture2020\" \/>\n\t<meta name=\"twitter:label2\" content=\"Dur\u00e9e de lecture estim\u00e9e\" \/>\n\t<meta name=\"twitter:data2\" content=\"3 minutes\" \/>\n<script type=\"application\/ld+json\" class=\"yoast-schema-graph\">{\"@context\":\"https:\/\/schema.org\",\"@graph\":[{\"@type\":\"Article\",\"@id\":\"https:\/\/7culture.ci\/index.php\/2024\/07\/02\/deuil-hommages-au-gros-bedel\/#article\",\"isPartOf\":{\"@id\":\"https:\/\/7culture.ci\/index.php\/2024\/07\/02\/deuil-hommages-au-gros-bedel\/\"},\"author\":{\"name\":\"7culture2020\",\"@id\":\"https:\/\/7culture.ci\/#\/schema\/person\/16150d28d7ef66ba788c1f87f28c4426\"},\"headline\":\"Deuil\u00a0: Hommages au Gros Bedel\",\"datePublished\":\"2024-07-02T12:33:45+00:00\",\"dateModified\":\"2024-07-06T12:42:16+00:00\",\"mainEntityOfPage\":{\"@id\":\"https:\/\/7culture.ci\/index.php\/2024\/07\/02\/deuil-hommages-au-gros-bedel\/\"},\"wordCount\":568,\"commentCount\":0,\"publisher\":{\"@id\":\"https:\/\/7culture.ci\/#organization\"},\"articleSection\":[\"Actualit\u00e9\"],\"inLanguage\":\"fr-FR\",\"potentialAction\":[{\"@type\":\"CommentAction\",\"name\":\"Comment\",\"target\":[\"https:\/\/7culture.ci\/index.php\/2024\/07\/02\/deuil-hommages-au-gros-bedel\/#respond\"]}]},{\"@type\":\"WebPage\",\"@id\":\"https:\/\/7culture.ci\/index.php\/2024\/07\/02\/deuil-hommages-au-gros-bedel\/\",\"url\":\"https:\/\/7culture.ci\/index.php\/2024\/07\/02\/deuil-hommages-au-gros-bedel\/\",\"name\":\"Deuil\u00a0: Hommages au Gros Bedel - 7culture\",\"isPartOf\":{\"@id\":\"https:\/\/7culture.ci\/#website\"},\"datePublished\":\"2024-07-02T12:33:45+00:00\",\"dateModified\":\"2024-07-06T12:42:16+00:00\",\"breadcrumb\":{\"@id\":\"https:\/\/7culture.ci\/index.php\/2024\/07\/02\/deuil-hommages-au-gros-bedel\/#breadcrumb\"},\"inLanguage\":\"fr-FR\",\"potentialAction\":[{\"@type\":\"ReadAction\",\"target\":[\"https:\/\/7culture.ci\/index.php\/2024\/07\/02\/deuil-hommages-au-gros-bedel\/\"]}]},{\"@type\":\"BreadcrumbList\",\"@id\":\"https:\/\/7culture.ci\/index.php\/2024\/07\/02\/deuil-hommages-au-gros-bedel\/#breadcrumb\",\"itemListElement\":[{\"@type\":\"ListItem\",\"position\":1,\"name\":\"Accueil\",\"item\":\"https:\/\/7culture.ci\/\"},{\"@type\":\"ListItem\",\"position\":2,\"name\":\"Deuil\u00a0: Hommages au Gros Bedel\"}]},{\"@type\":\"WebSite\",\"@id\":\"https:\/\/7culture.ci\/#website\",\"url\":\"https:\/\/7culture.ci\/\",\"name\":\"7culture\",\"description\":\"Tout sur l&#039;actualit\u00e9\",\"publisher\":{\"@id\":\"https:\/\/7culture.ci\/#organization\"},\"potentialAction\":[{\"@type\":\"SearchAction\",\"target\":{\"@type\":\"EntryPoint\",\"urlTemplate\":\"https:\/\/7culture.ci\/?s={search_term_string}\"},\"query-input\":\"required name=search_term_string\"}],\"inLanguage\":\"fr-FR\"},{\"@type\":\"Organization\",\"@id\":\"https:\/\/7culture.ci\/#organization\",\"name\":\"7culture\",\"url\":\"https:\/\/7culture.ci\/\",\"sameAs\":[\"https:\/\/www.facebook.com\/redchefclaude\",\"https:\/\/twitter.com\/7culturec\"],\"logo\":{\"@type\":\"ImageObject\",\"inLanguage\":\"fr-FR\",\"@id\":\"https:\/\/7culture.ci\/#\/schema\/logo\/image\/\",\"url\":\"https:\/\/7culture.ci\/wp-content\/uploads\/2021\/12\/S1a-1.png\",\"contentUrl\":\"https:\/\/7culture.ci\/wp-content\/uploads\/2021\/12\/S1a-1.png\",\"width\":588,\"height\":192,\"caption\":\"7culture\"},\"image\":{\"@id\":\"https:\/\/7culture.ci\/#\/schema\/logo\/image\/\"}},{\"@type\":\"Person\",\"@id\":\"https:\/\/7culture.ci\/#\/schema\/person\/16150d28d7ef66ba788c1f87f28c4426\",\"name\":\"7culture2020\",\"image\":{\"@type\":\"ImageObject\",\"inLanguage\":\"fr-FR\",\"@id\":\"https:\/\/7culture.ci\/#\/schema\/person\/image\/\",\"url\":\"https:\/\/secure.gravatar.com\/avatar\/9a0784f951306c37bcd065f52844ef95?s=96&d=mm&r=g\",\"contentUrl\":\"https:\/\/secure.gravatar.com\/avatar\/9a0784f951306c37bcd065f52844ef95?s=96&d=mm&r=g\",\"caption\":\"7culture2020\"},\"sameAs\":[\"http:\/\/7culture.ci\",\"Claude.kipre\"],\"url\":\"https:\/\/7culture.ci\/index.php\/author\/7culture2020\/\"}]}<\/script>\n<!-- \/ Yoast SEO plugin. -->","yoast_head_json":{"title":"Deuil\u00a0: Hommages au Gros Bedel - 7culture","robots":{"index":"index","follow":"follow","max-snippet":"max-snippet:-1","max-image-preview":"max-image-preview:large","max-video-preview":"max-video-preview:-1"},"canonical":"https:\/\/7culture.ci\/index.php\/2024\/07\/02\/deuil-hommages-au-gros-bedel\/","og_locale":"fr_FR","og_type":"article","og_title":"Deuil\u00a0: Hommages au Gros Bedel - 7culture","og_description":"Sophie Kouadio C&#8217;est le c\u0153ur meurtri ce matin dans le monde du show-biz. Bedel&nbsp;! Oui le Gros Bedel comme on aimait \u00e0 l&#8217;appeler s&#8217;en est all\u00e9. Il est de ma promotion dans le domaine du management artistique ivoirien. A ce titre, il me vouait respect et ob\u00e9issance et m&#8217;appelait la M\u00e8re maman Sophie. Je te &hellip; Deuil\u00a0: Hommages au Gros Bedel Lire la suite\u00a0\u00bb","og_url":"https:\/\/7culture.ci\/index.php\/2024\/07\/02\/deuil-hommages-au-gros-bedel\/","og_site_name":"7culture","article_publisher":"https:\/\/www.facebook.com\/redchefclaude","article_published_time":"2024-07-02T12:33:45+00:00","article_modified_time":"2024-07-06T12:42:16+00:00","og_image":[{"width":1170,"height":1149,"url":"http:\/\/7culture.ci\/wp-content\/uploads\/2024\/07\/bedel2.jpg","type":"image\/jpeg"}],"author":"7culture2020","twitter_card":"summary_large_image","twitter_creator":"@7culturec","twitter_site":"@7culturec","twitter_misc":{"\u00c9crit par":"7culture2020","Dur\u00e9e de lecture estim\u00e9e":"3 minutes"},"schema":{"@context":"https:\/\/schema.org","@graph":[{"@type":"Article","@id":"https:\/\/7culture.ci\/index.php\/2024\/07\/02\/deuil-hommages-au-gros-bedel\/#article","isPartOf":{"@id":"https:\/\/7culture.ci\/index.php\/2024\/07\/02\/deuil-hommages-au-gros-bedel\/"},"author":{"name":"7culture2020","@id":"https:\/\/7culture.ci\/#\/schema\/person\/16150d28d7ef66ba788c1f87f28c4426"},"headline":"Deuil\u00a0: Hommages au Gros Bedel","datePublished":"2024-07-02T12:33:45+00:00","dateModified":"2024-07-06T12:42:16+00:00","mainEntityOfPage":{"@id":"https:\/\/7culture.ci\/index.php\/2024\/07\/02\/deuil-hommages-au-gros-bedel\/"},"wordCount":568,"commentCount":0,"publisher":{"@id":"https:\/\/7culture.ci\/#organization"},"articleSection":["Actualit\u00e9"],"inLanguage":"fr-FR","potentialAction":[{"@type":"CommentAction","name":"Comment","target":["https:\/\/7culture.ci\/index.php\/2024\/07\/02\/deuil-hommages-au-gros-bedel\/#respond"]}]},{"@type":"WebPage","@id":"https:\/\/7culture.ci\/index.php\/2024\/07\/02\/deuil-hommages-au-gros-bedel\/","url":"https:\/\/7culture.ci\/index.php\/2024\/07\/02\/deuil-hommages-au-gros-bedel\/","name":"Deuil\u00a0: Hommages au Gros Bedel - 7culture","isPartOf":{"@id":"https:\/\/7culture.ci\/#website"},"datePublished":"2024-07-02T12:33:45+00:00","dateModified":"2024-07-06T12:42:16+00:00","breadcrumb":{"@id":"https:\/\/7culture.ci\/index.php\/2024\/07\/02\/deuil-hommages-au-gros-bedel\/#breadcrumb"},"inLanguage":"fr-FR","potentialAction":[{"@type":"ReadAction","target":["https:\/\/7culture.ci\/index.php\/2024\/07\/02\/deuil-hommages-au-gros-bedel\/"]}]},{"@type":"BreadcrumbList","@id":"https:\/\/7culture.ci\/index.php\/2024\/07\/02\/deuil-hommages-au-gros-bedel\/#breadcrumb","itemListElement":[{"@type":"ListItem","position":1,"name":"Accueil","item":"https:\/\/7culture.ci\/"},{"@type":"ListItem","position":2,"name":"Deuil\u00a0: Hommages au Gros Bedel"}]},{"@type":"WebSite","@id":"https:\/\/7culture.ci\/#website","url":"https:\/\/7culture.ci\/","name":"7culture","description":"Tout sur l&#039;actualit\u00e9","publisher":{"@id":"https:\/\/7culture.ci\/#organization"},"potentialAction":[{"@type":"SearchAction","target":{"@type":"EntryPoint","urlTemplate":"https:\/\/7culture.ci\/?s={search_term_string}"},"query-input":"required name=search_term_string"}],"inLanguage":"fr-FR"},{"@type":"Organization","@id":"https:\/\/7culture.ci\/#organization","name":"7culture","url":"https:\/\/7culture.ci\/","sameAs":["https:\/\/www.facebook.com\/redchefclaude","https:\/\/twitter.com\/7culturec"],"logo":{"@type":"ImageObject","inLanguage":"fr-FR","@id":"https:\/\/7culture.ci\/#\/schema\/logo\/image\/","url":"https:\/\/7culture.ci\/wp-content\/uploads\/2021\/12\/S1a-1.png","contentUrl":"https:\/\/7culture.ci\/wp-content\/uploads\/2021\/12\/S1a-1.png","width":588,"height":192,"caption":"7culture"},"image":{"@id":"https:\/\/7culture.ci\/#\/schema\/logo\/image\/"}},{"@type":"Person","@id":"https:\/\/7culture.ci\/#\/schema\/person\/16150d28d7ef66ba788c1f87f28c4426","name":"7culture2020","image":{"@type":"ImageObject","inLanguage":"fr-FR","@id":"https:\/\/7culture.ci\/#\/schema\/person\/image\/","url":"https:\/\/secure.gravatar.com\/avatar\/9a0784f951306c37bcd065f52844ef95?s=96&d=mm&r=g","contentUrl":"https:\/\/secure.gravatar.com\/avatar\/9a0784f951306c37bcd065f52844ef95?s=96&d=mm&r=g","caption":"7culture2020"},"sameAs":["http:\/\/7culture.ci","Claude.kipre"],"url":"https:\/\/7culture.ci\/index.php\/author\/7culture2020\/"}]}},"jetpack_featured_media_url":"https:\/\/7culture.ci\/wp-content\/uploads\/2024\/07\/bedel2.jpg","jetpack_likes_enabled":true,"jetpack_sharing_enabled":true,"_links":{"self":[{"href":"https:\/\/7culture.ci\/index.php\/wp-json\/wp\/v2\/posts\/26359"}],"collection":[{"href":"https:\/\/7culture.ci\/index.php\/wp-json\/wp\/v2\/posts"}],"about":[{"href":"https:\/\/7culture.ci\/index.php\/wp-json\/wp\/v2\/types\/post"}],"author":[{"embeddable":true,"href":"https:\/\/7culture.ci\/index.php\/wp-json\/wp\/v2\/users\/1"}],"replies":[{"embeddable":true,"href":"https:\/\/7culture.ci\/index.php\/wp-json\/wp\/v2\/comments?post=26359"}],"version-history":[{"count":2,"href":"https:\/\/7culture.ci\/index.php\/wp-json\/wp\/v2\/posts\/26359\/revisions"}],"predecessor-version":[{"id":26365,"href":"https:\/\/7culture.ci\/index.php\/wp-json\/wp\/v2\/posts\/26359\/revisions\/26365"}],"wp:featuredmedia":[{"embeddable":true,"href":"https:\/\/7culture.ci\/index.php\/wp-json\/wp\/v2\/media\/26361"}],"wp:attachment":[{"href":"https:\/\/7culture.ci\/index.php\/wp-json\/wp\/v2\/media?parent=26359"}],"wp:term":[{"taxonomy":"category","embeddable":true,"href":"https:\/\/7culture.ci\/index.php\/wp-json\/wp\/v2\/categories?post=26359"},{"taxonomy":"post_tag","embeddable":true,"href":"https:\/\/7culture.ci\/index.php\/wp-json\/wp\/v2\/tags?post=26359"}],"curies":[{"name":"wp","href":"https:\/\/api.w.org\/{rel}","templated":true}]}}