{"id":26339,"date":"2024-06-23T11:13:03","date_gmt":"2024-06-23T11:13:03","guid":{"rendered":"https:\/\/7culture.ci\/?p=26339"},"modified":"2024-06-30T11:46:03","modified_gmt":"2024-06-30T11:46:03","slug":"musique-deces-dallan-bill-voici-ce-qui-lemporte","status":"publish","type":"post","link":"https:\/\/7culture.ci\/index.php\/2024\/06\/23\/musique-deces-dallan-bill-voici-ce-qui-lemporte\/","title":{"rendered":"Musique\/D\u00e9c\u00e8s d\u2019Allan Bill\u00a0: Voici ce qui l\u2019emport\u00e9\u00a0!"},"content":{"rendered":"\n<p>Allan Bill, auteur des titres zouglou \u00e0 succ\u00e8s &#8220;Amougu\u00e9 mougu\u00e9\u2019\u2019 ou &#8220;Monsieur pardon faut enlever \u00f4&#8221; est d\u00e9c\u00e9d\u00e9 tr\u00e8s t\u00f4t le matin du jeudi 20 juin 2024, dans un h\u00f4pital de Versailles \u00e0 Paris en France. La culture ivoirienne perd ainsi un pionnier du rythme zouglou.<\/p>\n\n\n\n<figure class=\"wp-block-gallery has-nested-images columns-default is-cropped wp-block-gallery-1 is-layout-flex wp-block-gallery-is-layout-flex\">\n<figure class=\"wp-block-image size-large\"><img loading=\"lazy\" decoding=\"async\" width=\"523\" height=\"640\" data-id=\"26342\" src=\"https:\/\/7culture.ci\/wp-content\/uploads\/2024\/06\/448829361_1015992517193511_2118424027986011536_n.jpg\" alt=\"\" class=\"wp-image-26342\" srcset=\"https:\/\/7culture.ci\/wp-content\/uploads\/2024\/06\/448829361_1015992517193511_2118424027986011536_n.jpg 523w, https:\/\/7culture.ci\/wp-content\/uploads\/2024\/06\/448829361_1015992517193511_2118424027986011536_n-245x300.jpg 245w\" sizes=\"(max-width: 523px) 100vw, 523px\" \/><\/figure>\n\n\n\n<figure class=\"wp-block-image size-large\"><img loading=\"lazy\" decoding=\"async\" width=\"768\" height=\"1024\" data-id=\"26344\" src=\"https:\/\/7culture.ci\/wp-content\/uploads\/2024\/06\/WhatsApp-Image-2024-06-20-at-19.26.45-1-768x1024.jpeg\" alt=\"\" class=\"wp-image-26344\" srcset=\"https:\/\/7culture.ci\/wp-content\/uploads\/2024\/06\/WhatsApp-Image-2024-06-20-at-19.26.45-1-768x1024.jpeg 768w, https:\/\/7culture.ci\/wp-content\/uploads\/2024\/06\/WhatsApp-Image-2024-06-20-at-19.26.45-1-225x300.jpeg 225w, https:\/\/7culture.ci\/wp-content\/uploads\/2024\/06\/WhatsApp-Image-2024-06-20-at-19.26.45-1.jpeg 1080w\" sizes=\"(max-width: 768px) 100vw, 768px\" \/><\/figure>\n\n\n\n<figure class=\"wp-block-image size-large\"><img loading=\"lazy\" decoding=\"async\" width=\"720\" height=\"986\" data-id=\"26343\" src=\"https:\/\/7culture.ci\/wp-content\/uploads\/2024\/06\/WhatsApp-Image-2024-06-20-at-19.26.46.jpeg\" alt=\"\" class=\"wp-image-26343\" srcset=\"https:\/\/7culture.ci\/wp-content\/uploads\/2024\/06\/WhatsApp-Image-2024-06-20-at-19.26.46.jpeg 720w, https:\/\/7culture.ci\/wp-content\/uploads\/2024\/06\/WhatsApp-Image-2024-06-20-at-19.26.46-219x300.jpeg 219w\" sizes=\"(max-width: 720px) 100vw, 720px\" \/><\/figure>\n<\/figure>\n\n\n\n<p>Selon l&#8217;artiste chanteur Dekyss du groupe Surchoc, pr\u00e9sident du Mouvement des artistes ivoiriens r\u00e9sident en Europe (Modaire) que nous avons joint au t\u00e9l\u00e9phone, Allan Bill souffrirait du diab\u00e8te. \u00ab&nbsp;Il \u00e9tait malade depuis un moment. Il souffrait du diab\u00e8te&nbsp;\u00bb, a-t-il l\u00e2ch\u00e9 alors qu&#8217;il \u00e9tait en route pour l&#8217;h\u00f4pital. D&#8217;autres sources parisiennes nous ont aussi r\u00e9v\u00e9l\u00e9 que l\u2019auteur de &#8221; Mange-mil&#8221; tra\u00eenait aussi un cancer de l&#8217;estomac.<\/p>\n\n\n\n<figure class=\"wp-block-gallery has-nested-images columns-default is-cropped wp-block-gallery-2 is-layout-flex wp-block-gallery-is-layout-flex\">\n<figure class=\"wp-block-image size-large\"><img loading=\"lazy\" decoding=\"async\" width=\"276\" height=\"182\" data-id=\"26345\" src=\"https:\/\/7culture.ci\/wp-content\/uploads\/2024\/06\/Alan-Bill1.jpg\" alt=\"\" class=\"wp-image-26345\"\/><\/figure>\n\n\n\n<figure class=\"wp-block-image size-large\"><img loading=\"lazy\" decoding=\"async\" width=\"720\" height=\"405\" data-id=\"26346\" src=\"https:\/\/7culture.ci\/wp-content\/uploads\/2024\/06\/WhatsApp-Image-2024-06-20-at-19.26.45.jpeg\" alt=\"\" class=\"wp-image-26346\" srcset=\"https:\/\/7culture.ci\/wp-content\/uploads\/2024\/06\/WhatsApp-Image-2024-06-20-at-19.26.45.jpeg 720w, https:\/\/7culture.ci\/wp-content\/uploads\/2024\/06\/WhatsApp-Image-2024-06-20-at-19.26.45-300x169.jpeg 300w\" sizes=\"(max-width: 720px) 100vw, 720px\" \/><\/figure>\n<\/figure>\n\n\n\n<p>Le musicien Kakou Honor\u00e9, l&#8217;arrangeur de deux de ses albums, dont le dernier baptis\u00e9 &#8220;Africa&#8221; a confirm\u00e9 lui aussi que le d\u00e9c\u00e8s de l&#8217;artiste serait d\u00fb au cancer.<\/p>\n","protected":false},"excerpt":{"rendered":"<p>Allan Bill, auteur des titres zouglou \u00e0 succ\u00e8s &#8220;Amougu\u00e9 mougu\u00e9\u2019\u2019 ou &#8220;Monsieur pardon faut enlever \u00f4&#8221; est d\u00e9c\u00e9d\u00e9 tr\u00e8s t\u00f4t le matin du jeudi 20 juin 2024, dans un h\u00f4pital de Versailles \u00e0 Paris en France. La culture ivoirienne perd ainsi un pionnier du rythme zouglou. Selon l&#8217;artiste chanteur Dekyss du groupe Surchoc, pr\u00e9sident du &hellip;<\/p>\n<p class=\"read-more\"> <a class=\"\" href=\"https:\/\/7culture.ci\/index.php\/2024\/06\/23\/musique-deces-dallan-bill-voici-ce-qui-lemporte\/\"> <span class=\"screen-reader-text\">Musique\/D\u00e9c\u00e8s d\u2019Allan Bill\u00a0: Voici ce qui l\u2019emport\u00e9\u00a0!<\/span> Lire la suite\u00a0\u00bb<\/a><\/p>\n","protected":false},"author":1,"featured_media":26341,"comment_status":"open","ping_status":"open","sticky":false,"template":"","format":"standard","meta":{"_mi_skip_tracking":false,"_monsterinsights_sitenote_active":false,"_monsterinsights_sitenote_note":"","_monsterinsights_sitenote_category":0,"site-sidebar-layout":"default","site-content-layout":"default","ast-global-header-display":"","ast-main-header-display":"","ast-hfb-above-header-display":"","ast-hfb-below-header-display":"","ast-hfb-mobile-header-display":"","site-post-title":"","ast-breadcrumbs-content":"","ast-featured-img":"","footer-sml-layout":"","theme-transparent-header-meta":"","adv-header-id-meta":"","stick-header-meta":"","header-above-stick-meta":"","header-main-stick-meta":"","header-below-stick-meta":"","footnotes":"","jetpack_publicize_message":"","jetpack_is_tweetstorm":false,"jetpack_publicize_feature_enabled":true},"categories":[22],"tags":[],"jetpack_publicize_connections":[],"acf":[],"aioseo_notices":[],"yoast_head":"<!-- This site is optimized with the Yoast SEO plugin v19.6.1 - https:\/\/yoast.com\/wordpress\/plugins\/seo\/ -->\n<title>Musique\/D\u00e9c\u00e8s d\u2019Allan Bill\u00a0: Voici ce qui l\u2019emport\u00e9\u00a0! - 7culture<\/title>\n<meta name=\"robots\" content=\"index, follow, max-snippet:-1, max-image-preview:large, max-video-preview:-1\" \/>\n<link rel=\"canonical\" href=\"https:\/\/7culture.ci\/index.php\/2024\/06\/23\/musique-deces-dallan-bill-voici-ce-qui-lemporte\/\" \/>\n<meta property=\"og:locale\" content=\"fr_FR\" \/>\n<meta property=\"og:type\" content=\"article\" \/>\n<meta property=\"og:title\" content=\"Musique\/D\u00e9c\u00e8s d\u2019Allan Bill\u00a0: Voici ce qui l\u2019emport\u00e9\u00a0! - 7culture\" \/>\n<meta property=\"og:description\" content=\"Allan Bill, auteur des titres zouglou \u00e0 succ\u00e8s &#8220;Amougu\u00e9 mougu\u00e9\u2019\u2019 ou &#8220;Monsieur pardon faut enlever \u00f4&#8221; est d\u00e9c\u00e9d\u00e9 tr\u00e8s t\u00f4t le matin du jeudi 20 juin 2024, dans un h\u00f4pital de Versailles \u00e0 Paris en France. La culture ivoirienne perd ainsi un pionnier du rythme zouglou. Selon l&#8217;artiste chanteur Dekyss du groupe Surchoc, pr\u00e9sident du &hellip; Musique\/D\u00e9c\u00e8s d\u2019Allan Bill\u00a0: Voici ce qui l\u2019emport\u00e9\u00a0! Lire la suite\u00a0\u00bb\" \/>\n<meta property=\"og:url\" content=\"https:\/\/7culture.ci\/index.php\/2024\/06\/23\/musique-deces-dallan-bill-voici-ce-qui-lemporte\/\" \/>\n<meta property=\"og:site_name\" content=\"7culture\" \/>\n<meta property=\"article:publisher\" content=\"https:\/\/www.facebook.com\/redchefclaude\" \/>\n<meta property=\"article:published_time\" content=\"2024-06-23T11:13:03+00:00\" \/>\n<meta property=\"article:modified_time\" content=\"2024-06-30T11:46:03+00:00\" \/>\n<meta property=\"og:image\" content=\"http:\/\/7culture.ci\/wp-content\/uploads\/2024\/06\/Alan-Bill.jpg\" \/>\n\t<meta property=\"og:image:width\" content=\"800\" \/>\n\t<meta property=\"og:image:height\" content=\"450\" \/>\n\t<meta property=\"og:image:type\" content=\"image\/jpeg\" \/>\n<meta name=\"author\" content=\"7culture2020\" \/>\n<meta name=\"twitter:card\" content=\"summary_large_image\" \/>\n<meta name=\"twitter:creator\" content=\"@7culturec\" \/>\n<meta name=\"twitter:site\" content=\"@7culturec\" \/>\n<meta name=\"twitter:label1\" content=\"\u00c9crit par\" \/>\n\t<meta name=\"twitter:data1\" content=\"7culture2020\" \/>\n\t<meta name=\"twitter:label2\" content=\"Dur\u00e9e de lecture estim\u00e9e\" \/>\n\t<meta name=\"twitter:data2\" content=\"1 minute\" \/>\n<script type=\"application\/ld+json\" class=\"yoast-schema-graph\">{\"@context\":\"https:\/\/schema.org\",\"@graph\":[{\"@type\":\"Article\",\"@id\":\"https:\/\/7culture.ci\/index.php\/2024\/06\/23\/musique-deces-dallan-bill-voici-ce-qui-lemporte\/#article\",\"isPartOf\":{\"@id\":\"https:\/\/7culture.ci\/index.php\/2024\/06\/23\/musique-deces-dallan-bill-voici-ce-qui-lemporte\/\"},\"author\":{\"name\":\"7culture2020\",\"@id\":\"https:\/\/7culture.ci\/#\/schema\/person\/16150d28d7ef66ba788c1f87f28c4426\"},\"headline\":\"Musique\/D\u00e9c\u00e8s d\u2019Allan Bill\u00a0: Voici ce qui l\u2019emport\u00e9\u00a0!\",\"datePublished\":\"2024-06-23T11:13:03+00:00\",\"dateModified\":\"2024-06-30T11:46:03+00:00\",\"mainEntityOfPage\":{\"@id\":\"https:\/\/7culture.ci\/index.php\/2024\/06\/23\/musique-deces-dallan-bill-voici-ce-qui-lemporte\/\"},\"wordCount\":167,\"commentCount\":0,\"publisher\":{\"@id\":\"https:\/\/7culture.ci\/#organization\"},\"articleSection\":[\"Actualit\u00e9\"],\"inLanguage\":\"fr-FR\",\"potentialAction\":[{\"@type\":\"CommentAction\",\"name\":\"Comment\",\"target\":[\"https:\/\/7culture.ci\/index.php\/2024\/06\/23\/musique-deces-dallan-bill-voici-ce-qui-lemporte\/#respond\"]}]},{\"@type\":\"WebPage\",\"@id\":\"https:\/\/7culture.ci\/index.php\/2024\/06\/23\/musique-deces-dallan-bill-voici-ce-qui-lemporte\/\",\"url\":\"https:\/\/7culture.ci\/index.php\/2024\/06\/23\/musique-deces-dallan-bill-voici-ce-qui-lemporte\/\",\"name\":\"Musique\/D\u00e9c\u00e8s d\u2019Allan Bill\u00a0: Voici ce qui l\u2019emport\u00e9\u00a0! - 7culture\",\"isPartOf\":{\"@id\":\"https:\/\/7culture.ci\/#website\"},\"datePublished\":\"2024-06-23T11:13:03+00:00\",\"dateModified\":\"2024-06-30T11:46:03+00:00\",\"breadcrumb\":{\"@id\":\"https:\/\/7culture.ci\/index.php\/2024\/06\/23\/musique-deces-dallan-bill-voici-ce-qui-lemporte\/#breadcrumb\"},\"inLanguage\":\"fr-FR\",\"potentialAction\":[{\"@type\":\"ReadAction\",\"target\":[\"https:\/\/7culture.ci\/index.php\/2024\/06\/23\/musique-deces-dallan-bill-voici-ce-qui-lemporte\/\"]}]},{\"@type\":\"BreadcrumbList\",\"@id\":\"https:\/\/7culture.ci\/index.php\/2024\/06\/23\/musique-deces-dallan-bill-voici-ce-qui-lemporte\/#breadcrumb\",\"itemListElement\":[{\"@type\":\"ListItem\",\"position\":1,\"name\":\"Accueil\",\"item\":\"https:\/\/7culture.ci\/\"},{\"@type\":\"ListItem\",\"position\":2,\"name\":\"Musique\/D\u00e9c\u00e8s d\u2019Allan Bill\u00a0: Voici ce qui l\u2019emport\u00e9\u00a0!\"}]},{\"@type\":\"WebSite\",\"@id\":\"https:\/\/7culture.ci\/#website\",\"url\":\"https:\/\/7culture.ci\/\",\"name\":\"7culture\",\"description\":\"Tout sur l&#039;actualit\u00e9\",\"publisher\":{\"@id\":\"https:\/\/7culture.ci\/#organization\"},\"potentialAction\":[{\"@type\":\"SearchAction\",\"target\":{\"@type\":\"EntryPoint\",\"urlTemplate\":\"https:\/\/7culture.ci\/?s={search_term_string}\"},\"query-input\":\"required name=search_term_string\"}],\"inLanguage\":\"fr-FR\"},{\"@type\":\"Organization\",\"@id\":\"https:\/\/7culture.ci\/#organization\",\"name\":\"7culture\",\"url\":\"https:\/\/7culture.ci\/\",\"sameAs\":[\"https:\/\/www.facebook.com\/redchefclaude\",\"https:\/\/twitter.com\/7culturec\"],\"logo\":{\"@type\":\"ImageObject\",\"inLanguage\":\"fr-FR\",\"@id\":\"https:\/\/7culture.ci\/#\/schema\/logo\/image\/\",\"url\":\"https:\/\/7culture.ci\/wp-content\/uploads\/2021\/12\/S1a-1.png\",\"contentUrl\":\"https:\/\/7culture.ci\/wp-content\/uploads\/2021\/12\/S1a-1.png\",\"width\":588,\"height\":192,\"caption\":\"7culture\"},\"image\":{\"@id\":\"https:\/\/7culture.ci\/#\/schema\/logo\/image\/\"}},{\"@type\":\"Person\",\"@id\":\"https:\/\/7culture.ci\/#\/schema\/person\/16150d28d7ef66ba788c1f87f28c4426\",\"name\":\"7culture2020\",\"image\":{\"@type\":\"ImageObject\",\"inLanguage\":\"fr-FR\",\"@id\":\"https:\/\/7culture.ci\/#\/schema\/person\/image\/\",\"url\":\"https:\/\/secure.gravatar.com\/avatar\/9a0784f951306c37bcd065f52844ef95?s=96&d=mm&r=g\",\"contentUrl\":\"https:\/\/secure.gravatar.com\/avatar\/9a0784f951306c37bcd065f52844ef95?s=96&d=mm&r=g\",\"caption\":\"7culture2020\"},\"sameAs\":[\"http:\/\/7culture.ci\",\"Claude.kipre\"],\"url\":\"https:\/\/7culture.ci\/index.php\/author\/7culture2020\/\"}]}<\/script>\n<!-- \/ Yoast SEO plugin. -->","yoast_head_json":{"title":"Musique\/D\u00e9c\u00e8s d\u2019Allan Bill\u00a0: Voici ce qui l\u2019emport\u00e9\u00a0! - 7culture","robots":{"index":"index","follow":"follow","max-snippet":"max-snippet:-1","max-image-preview":"max-image-preview:large","max-video-preview":"max-video-preview:-1"},"canonical":"https:\/\/7culture.ci\/index.php\/2024\/06\/23\/musique-deces-dallan-bill-voici-ce-qui-lemporte\/","og_locale":"fr_FR","og_type":"article","og_title":"Musique\/D\u00e9c\u00e8s d\u2019Allan Bill\u00a0: Voici ce qui l\u2019emport\u00e9\u00a0! - 7culture","og_description":"Allan Bill, auteur des titres zouglou \u00e0 succ\u00e8s &#8220;Amougu\u00e9 mougu\u00e9\u2019\u2019 ou &#8220;Monsieur pardon faut enlever \u00f4&#8221; est d\u00e9c\u00e9d\u00e9 tr\u00e8s t\u00f4t le matin du jeudi 20 juin 2024, dans un h\u00f4pital de Versailles \u00e0 Paris en France. La culture ivoirienne perd ainsi un pionnier du rythme zouglou. Selon l&#8217;artiste chanteur Dekyss du groupe Surchoc, pr\u00e9sident du &hellip; Musique\/D\u00e9c\u00e8s d\u2019Allan Bill\u00a0: Voici ce qui l\u2019emport\u00e9\u00a0! Lire la suite\u00a0\u00bb","og_url":"https:\/\/7culture.ci\/index.php\/2024\/06\/23\/musique-deces-dallan-bill-voici-ce-qui-lemporte\/","og_site_name":"7culture","article_publisher":"https:\/\/www.facebook.com\/redchefclaude","article_published_time":"2024-06-23T11:13:03+00:00","article_modified_time":"2024-06-30T11:46:03+00:00","og_image":[{"width":800,"height":450,"url":"http:\/\/7culture.ci\/wp-content\/uploads\/2024\/06\/Alan-Bill.jpg","type":"image\/jpeg"}],"author":"7culture2020","twitter_card":"summary_large_image","twitter_creator":"@7culturec","twitter_site":"@7culturec","twitter_misc":{"\u00c9crit par":"7culture2020","Dur\u00e9e de lecture estim\u00e9e":"1 minute"},"schema":{"@context":"https:\/\/schema.org","@graph":[{"@type":"Article","@id":"https:\/\/7culture.ci\/index.php\/2024\/06\/23\/musique-deces-dallan-bill-voici-ce-qui-lemporte\/#article","isPartOf":{"@id":"https:\/\/7culture.ci\/index.php\/2024\/06\/23\/musique-deces-dallan-bill-voici-ce-qui-lemporte\/"},"author":{"name":"7culture2020","@id":"https:\/\/7culture.ci\/#\/schema\/person\/16150d28d7ef66ba788c1f87f28c4426"},"headline":"Musique\/D\u00e9c\u00e8s d\u2019Allan Bill\u00a0: Voici ce qui l\u2019emport\u00e9\u00a0!","datePublished":"2024-06-23T11:13:03+00:00","dateModified":"2024-06-30T11:46:03+00:00","mainEntityOfPage":{"@id":"https:\/\/7culture.ci\/index.php\/2024\/06\/23\/musique-deces-dallan-bill-voici-ce-qui-lemporte\/"},"wordCount":167,"commentCount":0,"publisher":{"@id":"https:\/\/7culture.ci\/#organization"},"articleSection":["Actualit\u00e9"],"inLanguage":"fr-FR","potentialAction":[{"@type":"CommentAction","name":"Comment","target":["https:\/\/7culture.ci\/index.php\/2024\/06\/23\/musique-deces-dallan-bill-voici-ce-qui-lemporte\/#respond"]}]},{"@type":"WebPage","@id":"https:\/\/7culture.ci\/index.php\/2024\/06\/23\/musique-deces-dallan-bill-voici-ce-qui-lemporte\/","url":"https:\/\/7culture.ci\/index.php\/2024\/06\/23\/musique-deces-dallan-bill-voici-ce-qui-lemporte\/","name":"Musique\/D\u00e9c\u00e8s d\u2019Allan Bill\u00a0: Voici ce qui l\u2019emport\u00e9\u00a0! - 7culture","isPartOf":{"@id":"https:\/\/7culture.ci\/#website"},"datePublished":"2024-06-23T11:13:03+00:00","dateModified":"2024-06-30T11:46:03+00:00","breadcrumb":{"@id":"https:\/\/7culture.ci\/index.php\/2024\/06\/23\/musique-deces-dallan-bill-voici-ce-qui-lemporte\/#breadcrumb"},"inLanguage":"fr-FR","potentialAction":[{"@type":"ReadAction","target":["https:\/\/7culture.ci\/index.php\/2024\/06\/23\/musique-deces-dallan-bill-voici-ce-qui-lemporte\/"]}]},{"@type":"BreadcrumbList","@id":"https:\/\/7culture.ci\/index.php\/2024\/06\/23\/musique-deces-dallan-bill-voici-ce-qui-lemporte\/#breadcrumb","itemListElement":[{"@type":"ListItem","position":1,"name":"Accueil","item":"https:\/\/7culture.ci\/"},{"@type":"ListItem","position":2,"name":"Musique\/D\u00e9c\u00e8s d\u2019Allan Bill\u00a0: Voici ce qui l\u2019emport\u00e9\u00a0!"}]},{"@type":"WebSite","@id":"https:\/\/7culture.ci\/#website","url":"https:\/\/7culture.ci\/","name":"7culture","description":"Tout sur l&#039;actualit\u00e9","publisher":{"@id":"https:\/\/7culture.ci\/#organization"},"potentialAction":[{"@type":"SearchAction","target":{"@type":"EntryPoint","urlTemplate":"https:\/\/7culture.ci\/?s={search_term_string}"},"query-input":"required name=search_term_string"}],"inLanguage":"fr-FR"},{"@type":"Organization","@id":"https:\/\/7culture.ci\/#organization","name":"7culture","url":"https:\/\/7culture.ci\/","sameAs":["https:\/\/www.facebook.com\/redchefclaude","https:\/\/twitter.com\/7culturec"],"logo":{"@type":"ImageObject","inLanguage":"fr-FR","@id":"https:\/\/7culture.ci\/#\/schema\/logo\/image\/","url":"https:\/\/7culture.ci\/wp-content\/uploads\/2021\/12\/S1a-1.png","contentUrl":"https:\/\/7culture.ci\/wp-content\/uploads\/2021\/12\/S1a-1.png","width":588,"height":192,"caption":"7culture"},"image":{"@id":"https:\/\/7culture.ci\/#\/schema\/logo\/image\/"}},{"@type":"Person","@id":"https:\/\/7culture.ci\/#\/schema\/person\/16150d28d7ef66ba788c1f87f28c4426","name":"7culture2020","image":{"@type":"ImageObject","inLanguage":"fr-FR","@id":"https:\/\/7culture.ci\/#\/schema\/person\/image\/","url":"https:\/\/secure.gravatar.com\/avatar\/9a0784f951306c37bcd065f52844ef95?s=96&d=mm&r=g","contentUrl":"https:\/\/secure.gravatar.com\/avatar\/9a0784f951306c37bcd065f52844ef95?s=96&d=mm&r=g","caption":"7culture2020"},"sameAs":["http:\/\/7culture.ci","Claude.kipre"],"url":"https:\/\/7culture.ci\/index.php\/author\/7culture2020\/"}]}},"jetpack_featured_media_url":"https:\/\/7culture.ci\/wp-content\/uploads\/2024\/06\/Alan-Bill.jpg","jetpack_likes_enabled":true,"jetpack_sharing_enabled":true,"_links":{"self":[{"href":"https:\/\/7culture.ci\/index.php\/wp-json\/wp\/v2\/posts\/26339"}],"collection":[{"href":"https:\/\/7culture.ci\/index.php\/wp-json\/wp\/v2\/posts"}],"about":[{"href":"https:\/\/7culture.ci\/index.php\/wp-json\/wp\/v2\/types\/post"}],"author":[{"embeddable":true,"href":"https:\/\/7culture.ci\/index.php\/wp-json\/wp\/v2\/users\/1"}],"replies":[{"embeddable":true,"href":"https:\/\/7culture.ci\/index.php\/wp-json\/wp\/v2\/comments?post=26339"}],"version-history":[{"count":1,"href":"https:\/\/7culture.ci\/index.php\/wp-json\/wp\/v2\/posts\/26339\/revisions"}],"predecessor-version":[{"id":26347,"href":"https:\/\/7culture.ci\/index.php\/wp-json\/wp\/v2\/posts\/26339\/revisions\/26347"}],"wp:featuredmedia":[{"embeddable":true,"href":"https:\/\/7culture.ci\/index.php\/wp-json\/wp\/v2\/media\/26341"}],"wp:attachment":[{"href":"https:\/\/7culture.ci\/index.php\/wp-json\/wp\/v2\/media?parent=26339"}],"wp:term":[{"taxonomy":"category","embeddable":true,"href":"https:\/\/7culture.ci\/index.php\/wp-json\/wp\/v2\/categories?post=26339"},{"taxonomy":"post_tag","embeddable":true,"href":"https:\/\/7culture.ci\/index.php\/wp-json\/wp\/v2\/tags?post=26339"}],"curies":[{"name":"wp","href":"https:\/\/api.w.org\/{rel}","templated":true}]}}