{"id":26305,"date":"2024-05-28T10:19:09","date_gmt":"2024-05-28T10:19:09","guid":{"rendered":"https:\/\/7culture.ci\/?p=26305"},"modified":"2024-06-13T11:37:14","modified_gmt":"2024-06-13T11:37:14","slug":"bouna-celebration-de-lexcellence-michel-noufe-soutient-les-meilleurs-eleves","status":"publish","type":"post","link":"https:\/\/7culture.ci\/index.php\/2024\/05\/28\/bouna-celebration-de-lexcellence-michel-noufe-soutient-les-meilleurs-eleves\/","title":{"rendered":"Bouna\/C\u00e9l\u00e9bration de l\u2019excellence\u00a0: Michel Nouf\u00e9 soutient les meilleurs \u00e9l\u00e8ves"},"content":{"rendered":"\n<p>Il y avait f\u00eate le samedi 18 mai 2024 \u00e0 Bouna dans la r\u00e9gion du Bounkani. C\u2019\u00e9tait la c\u00e9l\u00e9bration de l&#8217;excellence et du m\u00e9rite au Groupe Scolaire Ecole primaire publique (Epp) Centre de Bouna. Cette f\u00eate des meilleurs \u00e9coliers \u00e9tait parrain\u00e9e par Dr Michel Nouf\u00e9, Directeur des Moyens g\u00e9n\u00e9raux (Gmg) du Tr\u00e9sor et de la Comptabilit\u00e9 Publique de C\u00f4te d\u2019Ivoire, \u00e9m\u00e9rite cadre du Bounkani, mod\u00e8le de r\u00e9ussite inspirant pour les \u00e9l\u00e8ves de cette \u00e9cole dont il fait partie de la toute premi\u00e8re promotion en 1979. \u00ab <em>Papa Michel, c\u2019est de Bouna que vous \u00eates parti pour \u00eatre l\u00e0 o\u00f9 vous vous trouvez aujourd\u2019hui. Pour dire qu\u2019on peut partir de Bouna Centre et occuper de hautes fonctions dans ce pays. Vous \u00eates pour nous un exemple de r\u00e9ussite et votre parcours doit inspirer nos \u00e9l\u00e8ves d\u2019aujourd\u2019hui<\/em> \u00bb, a dit \u00e0 l\u2019entame de son allocution Florence N\u2019GO, la directrice de cet \u00e9tablissement primaire. Par la suite et comme piq\u00fbre de rappel, elle a remerci\u00e9 le parrain de la toute premi\u00e8re \u00e9dition de la c\u00e9l\u00e9bration des meilleurs \u00e9l\u00e8ves. Elle a \u00e9voqu\u00e9 les nombreux kits scolaires offerts et l\u2019accompagnement en num\u00e9raire pour l\u2019organisation de cette f\u00eate qui a tenu toutes ses promesses. Christ Ivan Doh a parl\u00e9 au nom des \u00e9l\u00e8ves. Fait remarquable, le jeune \u00e9colier a provoqu\u00e9 un tonnerre d\u2019ovations gr\u00e2ce \u00e0 son \u00e9loquence lors de son speech fort appr\u00e9ci\u00e9 de tous les invit\u00e9s. Major des majors de cet \u00e9tablissement avec une moyenne de 19,50\/20, Christ Ivan est inscrit au Cm2, donc candidat \u00e0 l\u2019entr\u00e9e en 6<sup>e<\/sup>. Rappelant les valeurs qui incarnent Dr Michel Nouf\u00e9 que les \u00e9l\u00e8ves ont pris comme parrain et mod\u00e8le vivant de r\u00e9ussite, il a invit\u00e9 ses camarades au travail bien fait, gage de tout \u00e9panouissement certain tant au niveau social que professionnel. Avant de quitter le pupitre, le petit major a fait des dol\u00e9ances. Il a notamment r\u00e9clam\u00e9 une cl\u00f4ture pour son Groupe scolaire, son adduction en eau potable, son \u00e9lectrification et bien d\u2019autres commodit\u00e9s \u00e0 m\u00eame de faciliter le quotidien du personnel et des \u00e9l\u00e8ves.<\/p>\n\n\n\n<figure class=\"wp-block-gallery has-nested-images columns-default is-cropped wp-block-gallery-1 is-layout-flex wp-block-gallery-is-layout-flex\">\n<figure class=\"wp-block-image size-large\"><img loading=\"lazy\" decoding=\"async\" width=\"1024\" height=\"630\" data-id=\"26308\" src=\"https:\/\/7culture.ci\/wp-content\/uploads\/2024\/05\/441411724_25555168504128334_9061005084260556871_n-1024x630.jpg\" alt=\"\" class=\"wp-image-26308\" srcset=\"https:\/\/7culture.ci\/wp-content\/uploads\/2024\/05\/441411724_25555168504128334_9061005084260556871_n-1024x630.jpg 1024w, https:\/\/7culture.ci\/wp-content\/uploads\/2024\/05\/441411724_25555168504128334_9061005084260556871_n-300x185.jpg 300w, https:\/\/7culture.ci\/wp-content\/uploads\/2024\/05\/441411724_25555168504128334_9061005084260556871_n-768x472.jpg 768w, https:\/\/7culture.ci\/wp-content\/uploads\/2024\/05\/441411724_25555168504128334_9061005084260556871_n-1536x945.jpg 1536w, https:\/\/7culture.ci\/wp-content\/uploads\/2024\/05\/441411724_25555168504128334_9061005084260556871_n.jpg 1600w\" sizes=\"(max-width: 1024px) 100vw, 1024px\" \/><\/figure>\n\n\n\n<figure class=\"wp-block-image size-large\"><img loading=\"lazy\" decoding=\"async\" width=\"1024\" height=\"686\" data-id=\"26309\" src=\"https:\/\/7culture.ci\/wp-content\/uploads\/2024\/05\/442484719_25555169890794862_2308905252553195180_n-1024x686.jpg\" alt=\"\" class=\"wp-image-26309\" srcset=\"https:\/\/7culture.ci\/wp-content\/uploads\/2024\/05\/442484719_25555169890794862_2308905252553195180_n-1024x686.jpg 1024w, https:\/\/7culture.ci\/wp-content\/uploads\/2024\/05\/442484719_25555169890794862_2308905252553195180_n-300x201.jpg 300w, https:\/\/7culture.ci\/wp-content\/uploads\/2024\/05\/442484719_25555169890794862_2308905252553195180_n-768x515.jpg 768w, https:\/\/7culture.ci\/wp-content\/uploads\/2024\/05\/442484719_25555169890794862_2308905252553195180_n-1536x1029.jpg 1536w, https:\/\/7culture.ci\/wp-content\/uploads\/2024\/05\/442484719_25555169890794862_2308905252553195180_n.jpg 1600w\" sizes=\"(max-width: 1024px) 100vw, 1024px\" \/><\/figure>\n\n\n\n<figure class=\"wp-block-image size-large\"><img loading=\"lazy\" decoding=\"async\" width=\"1024\" height=\"728\" data-id=\"26310\" src=\"https:\/\/7culture.ci\/wp-content\/uploads\/2024\/05\/442486541_25555174424127742_3293338552639414546_n-1024x728.jpg\" alt=\"\" class=\"wp-image-26310\" srcset=\"https:\/\/7culture.ci\/wp-content\/uploads\/2024\/05\/442486541_25555174424127742_3293338552639414546_n-1024x728.jpg 1024w, https:\/\/7culture.ci\/wp-content\/uploads\/2024\/05\/442486541_25555174424127742_3293338552639414546_n-300x213.jpg 300w, https:\/\/7culture.ci\/wp-content\/uploads\/2024\/05\/442486541_25555174424127742_3293338552639414546_n-768x546.jpg 768w, https:\/\/7culture.ci\/wp-content\/uploads\/2024\/05\/442486541_25555174424127742_3293338552639414546_n-1536x1092.jpg 1536w, https:\/\/7culture.ci\/wp-content\/uploads\/2024\/05\/442486541_25555174424127742_3293338552639414546_n.jpg 1600w\" sizes=\"(max-width: 1024px) 100vw, 1024px\" \/><\/figure>\n<\/figure>\n\n\n\n<p>Au nom du parrain qui n\u2019a pu effectuer le d\u00e9placement, c\u2019est l\u2019Inspecteur principal Adolphe Ouattara, cadre du Bounkani et collaborateur du Dmg qui a pris la parole. Aux parents d\u2019\u00e9l\u00e8ves venus nombreux accompagner leurs prog\u00e9nitures, il a plaid\u00e9 pour un encadrement de qualit\u00e9 et un suivi constant des \u00e9l\u00e8ves afin que ces derniers soient des h\u00e9ros de demain. \u00ab <em>L\u2019effort fait des forts et dans vos livres et cahiers se trouve un tr\u00e9sor. Fouillez, b\u00eachez, creusez, cherchez, ne sautez aucune page qui ne soit lu ou relu. Au terme de cet exercice, vous partirez de z\u00e9ro pour \u00eatre des h\u00e9ros demain <\/em>\u00bb, a dit M. Ouattara en paraphrasant \u2018\u2019 Le Laboureur et ses enfants\u2019\u2019 de l\u2019homme de lettres fran\u00e7ais Jean de La Fontaine. Le repr\u00e9sentant du parrain a f\u00e9licit\u00e9 les meilleurs de l\u2019ann\u00e9e et demand\u00e9 \u00e0 l\u2019ensemble des \u00e9l\u00e8ves de se mettre au travail, d\u2019\u00e9viter la tricherie et de n\u2019avoir pour mod\u00e8le que ceux qui ont r\u00e9ussi gr\u00e2ce au travail bien fait. Ce fut une fois de plus pour lui l&#8217;occasion de r\u00e9compenser les meilleurs \u00e9l\u00e8ves et rendre un hommage appuy\u00e9 au corps enseignant qui ne m\u00e9nage aucun effort pour la formation des enfants. Selon lui, Dr Nouf\u00e9 a promis \u00e0 la communaut\u00e9 \u00e9ducative de s&#8217;investir davantage pour que de cette \u00e9cole, partent des enfants bien form\u00e9s qui rivaliseront d&#8217;ardeur avec les autres enfants de ce pays.<\/p>\n\n\n\n<figure class=\"wp-block-gallery has-nested-images columns-default is-cropped wp-block-gallery-2 is-layout-flex wp-block-gallery-is-layout-flex\">\n<figure class=\"wp-block-image size-large\"><img loading=\"lazy\" decoding=\"async\" width=\"1024\" height=\"552\" data-id=\"26313\" src=\"https:\/\/7culture.ci\/wp-content\/uploads\/2024\/05\/436257681_25555168730794978_1795594891066147229_n-1024x552.jpg\" alt=\"\" class=\"wp-image-26313\" srcset=\"https:\/\/7culture.ci\/wp-content\/uploads\/2024\/05\/436257681_25555168730794978_1795594891066147229_n-1024x552.jpg 1024w, https:\/\/7culture.ci\/wp-content\/uploads\/2024\/05\/436257681_25555168730794978_1795594891066147229_n-300x162.jpg 300w, https:\/\/7culture.ci\/wp-content\/uploads\/2024\/05\/436257681_25555168730794978_1795594891066147229_n-768x414.jpg 768w, https:\/\/7culture.ci\/wp-content\/uploads\/2024\/05\/436257681_25555168730794978_1795594891066147229_n-1536x828.jpg 1536w, https:\/\/7culture.ci\/wp-content\/uploads\/2024\/05\/436257681_25555168730794978_1795594891066147229_n.jpg 1600w\" sizes=\"(max-width: 1024px) 100vw, 1024px\" \/><\/figure>\n\n\n\n<figure class=\"wp-block-image size-large\"><img loading=\"lazy\" decoding=\"async\" width=\"1024\" height=\"652\" data-id=\"26311\" src=\"https:\/\/7culture.ci\/wp-content\/uploads\/2024\/05\/442488847_25555167747461743_4413458501866242230_n-1024x652.jpg\" alt=\"\" class=\"wp-image-26311\" srcset=\"https:\/\/7culture.ci\/wp-content\/uploads\/2024\/05\/442488847_25555167747461743_4413458501866242230_n-1024x652.jpg 1024w, https:\/\/7culture.ci\/wp-content\/uploads\/2024\/05\/442488847_25555167747461743_4413458501866242230_n-300x191.jpg 300w, https:\/\/7culture.ci\/wp-content\/uploads\/2024\/05\/442488847_25555167747461743_4413458501866242230_n-768x489.jpg 768w, https:\/\/7culture.ci\/wp-content\/uploads\/2024\/05\/442488847_25555167747461743_4413458501866242230_n-1536x978.jpg 1536w, https:\/\/7culture.ci\/wp-content\/uploads\/2024\/05\/442488847_25555167747461743_4413458501866242230_n.jpg 1600w\" sizes=\"(max-width: 1024px) 100vw, 1024px\" \/><\/figure>\n\n\n\n<figure class=\"wp-block-image size-large\"><img loading=\"lazy\" decoding=\"async\" width=\"1024\" height=\"665\" data-id=\"26312\" src=\"https:\/\/7culture.ci\/wp-content\/uploads\/2024\/05\/444489847_25555167520795099_6799221281868671187_n-1024x665.jpg\" alt=\"\" class=\"wp-image-26312\" srcset=\"https:\/\/7culture.ci\/wp-content\/uploads\/2024\/05\/444489847_25555167520795099_6799221281868671187_n-1024x665.jpg 1024w, https:\/\/7culture.ci\/wp-content\/uploads\/2024\/05\/444489847_25555167520795099_6799221281868671187_n-300x195.jpg 300w, https:\/\/7culture.ci\/wp-content\/uploads\/2024\/05\/444489847_25555167520795099_6799221281868671187_n-768x499.jpg 768w, https:\/\/7culture.ci\/wp-content\/uploads\/2024\/05\/444489847_25555167520795099_6799221281868671187_n-1536x997.jpg 1536w, https:\/\/7culture.ci\/wp-content\/uploads\/2024\/05\/444489847_25555167520795099_6799221281868671187_n.jpg 1600w\" sizes=\"(max-width: 1024px) 100vw, 1024px\" \/><\/figure>\n<\/figure>\n\n\n\n<p>Cet \u00e9v\u00e8nement festif s\u2019est d\u00e9roul\u00e9 en pr\u00e9sence Korodi Bakayoko, Inspecteur de l\u2019Enseignement Primaire de Bouna.<\/p>\n\n\n\n<p>Par DT<\/p>\n","protected":false},"excerpt":{"rendered":"<p>Il y avait f\u00eate le samedi 18 mai 2024 \u00e0 Bouna dans la r\u00e9gion du Bounkani. C\u2019\u00e9tait la c\u00e9l\u00e9bration de l&#8217;excellence et du m\u00e9rite au Groupe Scolaire Ecole primaire publique (Epp) Centre de Bouna. Cette f\u00eate des meilleurs \u00e9coliers \u00e9tait parrain\u00e9e par Dr Michel Nouf\u00e9, Directeur des Moyens g\u00e9n\u00e9raux (Gmg) du Tr\u00e9sor et de la &hellip;<\/p>\n<p class=\"read-more\"> <a class=\"\" href=\"https:\/\/7culture.ci\/index.php\/2024\/05\/28\/bouna-celebration-de-lexcellence-michel-noufe-soutient-les-meilleurs-eleves\/\"> <span class=\"screen-reader-text\">Bouna\/C\u00e9l\u00e9bration de l\u2019excellence\u00a0: Michel Nouf\u00e9 soutient les meilleurs \u00e9l\u00e8ves<\/span> Lire la suite\u00a0\u00bb<\/a><\/p>\n","protected":false},"author":1,"featured_media":26307,"comment_status":"open","ping_status":"open","sticky":false,"template":"","format":"standard","meta":{"_mi_skip_tracking":false,"_monsterinsights_sitenote_active":false,"_monsterinsights_sitenote_note":"","_monsterinsights_sitenote_category":0,"site-sidebar-layout":"default","site-content-layout":"default","ast-global-header-display":"","ast-main-header-display":"","ast-hfb-above-header-display":"","ast-hfb-below-header-display":"","ast-hfb-mobile-header-display":"","site-post-title":"","ast-breadcrumbs-content":"","ast-featured-img":"","footer-sml-layout":"","theme-transparent-header-meta":"","adv-header-id-meta":"","stick-header-meta":"","header-above-stick-meta":"","header-main-stick-meta":"","header-below-stick-meta":"","footnotes":"","jetpack_publicize_message":"","jetpack_is_tweetstorm":false,"jetpack_publicize_feature_enabled":true},"categories":[22],"tags":[],"jetpack_publicize_connections":[],"acf":[],"aioseo_notices":[],"yoast_head":"<!-- This site is optimized with the Yoast SEO plugin v19.6.1 - https:\/\/yoast.com\/wordpress\/plugins\/seo\/ -->\n<title>Bouna\/C\u00e9l\u00e9bration de l\u2019excellence\u00a0: Michel Nouf\u00e9 soutient les meilleurs \u00e9l\u00e8ves - 7culture<\/title>\n<meta name=\"robots\" content=\"index, follow, max-snippet:-1, max-image-preview:large, max-video-preview:-1\" \/>\n<link rel=\"canonical\" href=\"https:\/\/7culture.ci\/index.php\/2024\/05\/28\/bouna-celebration-de-lexcellence-michel-noufe-soutient-les-meilleurs-eleves\/\" \/>\n<meta property=\"og:locale\" content=\"fr_FR\" \/>\n<meta property=\"og:type\" content=\"article\" \/>\n<meta property=\"og:title\" content=\"Bouna\/C\u00e9l\u00e9bration de l\u2019excellence\u00a0: Michel Nouf\u00e9 soutient les meilleurs \u00e9l\u00e8ves - 7culture\" \/>\n<meta property=\"og:description\" content=\"Il y avait f\u00eate le samedi 18 mai 2024 \u00e0 Bouna dans la r\u00e9gion du Bounkani. C\u2019\u00e9tait la c\u00e9l\u00e9bration de l&#8217;excellence et du m\u00e9rite au Groupe Scolaire Ecole primaire publique (Epp) Centre de Bouna. Cette f\u00eate des meilleurs \u00e9coliers \u00e9tait parrain\u00e9e par Dr Michel Nouf\u00e9, Directeur des Moyens g\u00e9n\u00e9raux (Gmg) du Tr\u00e9sor et de la &hellip; Bouna\/C\u00e9l\u00e9bration de l\u2019excellence\u00a0: Michel Nouf\u00e9 soutient les meilleurs \u00e9l\u00e8ves Lire la suite\u00a0\u00bb\" \/>\n<meta property=\"og:url\" content=\"https:\/\/7culture.ci\/index.php\/2024\/05\/28\/bouna-celebration-de-lexcellence-michel-noufe-soutient-les-meilleurs-eleves\/\" \/>\n<meta property=\"og:site_name\" content=\"7culture\" \/>\n<meta property=\"article:publisher\" content=\"https:\/\/www.facebook.com\/redchefclaude\" \/>\n<meta property=\"article:published_time\" content=\"2024-05-28T10:19:09+00:00\" \/>\n<meta property=\"article:modified_time\" content=\"2024-06-13T11:37:14+00:00\" \/>\n<meta property=\"og:image\" content=\"http:\/\/7culture.ci\/wp-content\/uploads\/2024\/05\/WhatsApp-Image-2024-05-21-at-09.56.58.jpeg\" \/>\n\t<meta property=\"og:image:width\" content=\"1600\" \/>\n\t<meta property=\"og:image:height\" content=\"900\" \/>\n\t<meta property=\"og:image:type\" content=\"image\/jpeg\" \/>\n<meta name=\"author\" content=\"7culture2020\" \/>\n<meta name=\"twitter:card\" content=\"summary_large_image\" \/>\n<meta name=\"twitter:creator\" content=\"@7culturec\" \/>\n<meta name=\"twitter:site\" content=\"@7culturec\" \/>\n<meta name=\"twitter:label1\" content=\"\u00c9crit par\" \/>\n\t<meta name=\"twitter:data1\" content=\"7culture2020\" \/>\n\t<meta name=\"twitter:label2\" content=\"Dur\u00e9e de lecture estim\u00e9e\" \/>\n\t<meta name=\"twitter:data2\" content=\"3 minutes\" \/>\n<script type=\"application\/ld+json\" class=\"yoast-schema-graph\">{\"@context\":\"https:\/\/schema.org\",\"@graph\":[{\"@type\":\"Article\",\"@id\":\"https:\/\/7culture.ci\/index.php\/2024\/05\/28\/bouna-celebration-de-lexcellence-michel-noufe-soutient-les-meilleurs-eleves\/#article\",\"isPartOf\":{\"@id\":\"https:\/\/7culture.ci\/index.php\/2024\/05\/28\/bouna-celebration-de-lexcellence-michel-noufe-soutient-les-meilleurs-eleves\/\"},\"author\":{\"name\":\"7culture2020\",\"@id\":\"https:\/\/7culture.ci\/#\/schema\/person\/16150d28d7ef66ba788c1f87f28c4426\"},\"headline\":\"Bouna\/C\u00e9l\u00e9bration de l\u2019excellence\u00a0: Michel Nouf\u00e9 soutient les meilleurs \u00e9l\u00e8ves\",\"datePublished\":\"2024-05-28T10:19:09+00:00\",\"dateModified\":\"2024-06-13T11:37:14+00:00\",\"mainEntityOfPage\":{\"@id\":\"https:\/\/7culture.ci\/index.php\/2024\/05\/28\/bouna-celebration-de-lexcellence-michel-noufe-soutient-les-meilleurs-eleves\/\"},\"wordCount\":669,\"commentCount\":0,\"publisher\":{\"@id\":\"https:\/\/7culture.ci\/#organization\"},\"articleSection\":[\"Actualit\u00e9\"],\"inLanguage\":\"fr-FR\",\"potentialAction\":[{\"@type\":\"CommentAction\",\"name\":\"Comment\",\"target\":[\"https:\/\/7culture.ci\/index.php\/2024\/05\/28\/bouna-celebration-de-lexcellence-michel-noufe-soutient-les-meilleurs-eleves\/#respond\"]}]},{\"@type\":\"WebPage\",\"@id\":\"https:\/\/7culture.ci\/index.php\/2024\/05\/28\/bouna-celebration-de-lexcellence-michel-noufe-soutient-les-meilleurs-eleves\/\",\"url\":\"https:\/\/7culture.ci\/index.php\/2024\/05\/28\/bouna-celebration-de-lexcellence-michel-noufe-soutient-les-meilleurs-eleves\/\",\"name\":\"Bouna\/C\u00e9l\u00e9bration de l\u2019excellence\u00a0: Michel Nouf\u00e9 soutient les meilleurs \u00e9l\u00e8ves - 7culture\",\"isPartOf\":{\"@id\":\"https:\/\/7culture.ci\/#website\"},\"datePublished\":\"2024-05-28T10:19:09+00:00\",\"dateModified\":\"2024-06-13T11:37:14+00:00\",\"breadcrumb\":{\"@id\":\"https:\/\/7culture.ci\/index.php\/2024\/05\/28\/bouna-celebration-de-lexcellence-michel-noufe-soutient-les-meilleurs-eleves\/#breadcrumb\"},\"inLanguage\":\"fr-FR\",\"potentialAction\":[{\"@type\":\"ReadAction\",\"target\":[\"https:\/\/7culture.ci\/index.php\/2024\/05\/28\/bouna-celebration-de-lexcellence-michel-noufe-soutient-les-meilleurs-eleves\/\"]}]},{\"@type\":\"BreadcrumbList\",\"@id\":\"https:\/\/7culture.ci\/index.php\/2024\/05\/28\/bouna-celebration-de-lexcellence-michel-noufe-soutient-les-meilleurs-eleves\/#breadcrumb\",\"itemListElement\":[{\"@type\":\"ListItem\",\"position\":1,\"name\":\"Accueil\",\"item\":\"https:\/\/7culture.ci\/\"},{\"@type\":\"ListItem\",\"position\":2,\"name\":\"Bouna\/C\u00e9l\u00e9bration de l\u2019excellence\u00a0: Michel Nouf\u00e9 soutient les meilleurs \u00e9l\u00e8ves\"}]},{\"@type\":\"WebSite\",\"@id\":\"https:\/\/7culture.ci\/#website\",\"url\":\"https:\/\/7culture.ci\/\",\"name\":\"7culture\",\"description\":\"Tout sur l&#039;actualit\u00e9\",\"publisher\":{\"@id\":\"https:\/\/7culture.ci\/#organization\"},\"potentialAction\":[{\"@type\":\"SearchAction\",\"target\":{\"@type\":\"EntryPoint\",\"urlTemplate\":\"https:\/\/7culture.ci\/?s={search_term_string}\"},\"query-input\":\"required name=search_term_string\"}],\"inLanguage\":\"fr-FR\"},{\"@type\":\"Organization\",\"@id\":\"https:\/\/7culture.ci\/#organization\",\"name\":\"7culture\",\"url\":\"https:\/\/7culture.ci\/\",\"sameAs\":[\"https:\/\/www.facebook.com\/redchefclaude\",\"https:\/\/twitter.com\/7culturec\"],\"logo\":{\"@type\":\"ImageObject\",\"inLanguage\":\"fr-FR\",\"@id\":\"https:\/\/7culture.ci\/#\/schema\/logo\/image\/\",\"url\":\"https:\/\/7culture.ci\/wp-content\/uploads\/2021\/12\/S1a-1.png\",\"contentUrl\":\"https:\/\/7culture.ci\/wp-content\/uploads\/2021\/12\/S1a-1.png\",\"width\":588,\"height\":192,\"caption\":\"7culture\"},\"image\":{\"@id\":\"https:\/\/7culture.ci\/#\/schema\/logo\/image\/\"}},{\"@type\":\"Person\",\"@id\":\"https:\/\/7culture.ci\/#\/schema\/person\/16150d28d7ef66ba788c1f87f28c4426\",\"name\":\"7culture2020\",\"image\":{\"@type\":\"ImageObject\",\"inLanguage\":\"fr-FR\",\"@id\":\"https:\/\/7culture.ci\/#\/schema\/person\/image\/\",\"url\":\"https:\/\/secure.gravatar.com\/avatar\/9a0784f951306c37bcd065f52844ef95?s=96&d=mm&r=g\",\"contentUrl\":\"https:\/\/secure.gravatar.com\/avatar\/9a0784f951306c37bcd065f52844ef95?s=96&d=mm&r=g\",\"caption\":\"7culture2020\"},\"sameAs\":[\"http:\/\/7culture.ci\",\"Claude.kipre\"],\"url\":\"https:\/\/7culture.ci\/index.php\/author\/7culture2020\/\"}]}<\/script>\n<!-- \/ Yoast SEO plugin. -->","yoast_head_json":{"title":"Bouna\/C\u00e9l\u00e9bration de l\u2019excellence\u00a0: Michel Nouf\u00e9 soutient les meilleurs \u00e9l\u00e8ves - 7culture","robots":{"index":"index","follow":"follow","max-snippet":"max-snippet:-1","max-image-preview":"max-image-preview:large","max-video-preview":"max-video-preview:-1"},"canonical":"https:\/\/7culture.ci\/index.php\/2024\/05\/28\/bouna-celebration-de-lexcellence-michel-noufe-soutient-les-meilleurs-eleves\/","og_locale":"fr_FR","og_type":"article","og_title":"Bouna\/C\u00e9l\u00e9bration de l\u2019excellence\u00a0: Michel Nouf\u00e9 soutient les meilleurs \u00e9l\u00e8ves - 7culture","og_description":"Il y avait f\u00eate le samedi 18 mai 2024 \u00e0 Bouna dans la r\u00e9gion du Bounkani. C\u2019\u00e9tait la c\u00e9l\u00e9bration de l&#8217;excellence et du m\u00e9rite au Groupe Scolaire Ecole primaire publique (Epp) Centre de Bouna. Cette f\u00eate des meilleurs \u00e9coliers \u00e9tait parrain\u00e9e par Dr Michel Nouf\u00e9, Directeur des Moyens g\u00e9n\u00e9raux (Gmg) du Tr\u00e9sor et de la &hellip; Bouna\/C\u00e9l\u00e9bration de l\u2019excellence\u00a0: Michel Nouf\u00e9 soutient les meilleurs \u00e9l\u00e8ves Lire la suite\u00a0\u00bb","og_url":"https:\/\/7culture.ci\/index.php\/2024\/05\/28\/bouna-celebration-de-lexcellence-michel-noufe-soutient-les-meilleurs-eleves\/","og_site_name":"7culture","article_publisher":"https:\/\/www.facebook.com\/redchefclaude","article_published_time":"2024-05-28T10:19:09+00:00","article_modified_time":"2024-06-13T11:37:14+00:00","og_image":[{"width":1600,"height":900,"url":"http:\/\/7culture.ci\/wp-content\/uploads\/2024\/05\/WhatsApp-Image-2024-05-21-at-09.56.58.jpeg","type":"image\/jpeg"}],"author":"7culture2020","twitter_card":"summary_large_image","twitter_creator":"@7culturec","twitter_site":"@7culturec","twitter_misc":{"\u00c9crit par":"7culture2020","Dur\u00e9e de lecture estim\u00e9e":"3 minutes"},"schema":{"@context":"https:\/\/schema.org","@graph":[{"@type":"Article","@id":"https:\/\/7culture.ci\/index.php\/2024\/05\/28\/bouna-celebration-de-lexcellence-michel-noufe-soutient-les-meilleurs-eleves\/#article","isPartOf":{"@id":"https:\/\/7culture.ci\/index.php\/2024\/05\/28\/bouna-celebration-de-lexcellence-michel-noufe-soutient-les-meilleurs-eleves\/"},"author":{"name":"7culture2020","@id":"https:\/\/7culture.ci\/#\/schema\/person\/16150d28d7ef66ba788c1f87f28c4426"},"headline":"Bouna\/C\u00e9l\u00e9bration de l\u2019excellence\u00a0: Michel Nouf\u00e9 soutient les meilleurs \u00e9l\u00e8ves","datePublished":"2024-05-28T10:19:09+00:00","dateModified":"2024-06-13T11:37:14+00:00","mainEntityOfPage":{"@id":"https:\/\/7culture.ci\/index.php\/2024\/05\/28\/bouna-celebration-de-lexcellence-michel-noufe-soutient-les-meilleurs-eleves\/"},"wordCount":669,"commentCount":0,"publisher":{"@id":"https:\/\/7culture.ci\/#organization"},"articleSection":["Actualit\u00e9"],"inLanguage":"fr-FR","potentialAction":[{"@type":"CommentAction","name":"Comment","target":["https:\/\/7culture.ci\/index.php\/2024\/05\/28\/bouna-celebration-de-lexcellence-michel-noufe-soutient-les-meilleurs-eleves\/#respond"]}]},{"@type":"WebPage","@id":"https:\/\/7culture.ci\/index.php\/2024\/05\/28\/bouna-celebration-de-lexcellence-michel-noufe-soutient-les-meilleurs-eleves\/","url":"https:\/\/7culture.ci\/index.php\/2024\/05\/28\/bouna-celebration-de-lexcellence-michel-noufe-soutient-les-meilleurs-eleves\/","name":"Bouna\/C\u00e9l\u00e9bration de l\u2019excellence\u00a0: Michel Nouf\u00e9 soutient les meilleurs \u00e9l\u00e8ves - 7culture","isPartOf":{"@id":"https:\/\/7culture.ci\/#website"},"datePublished":"2024-05-28T10:19:09+00:00","dateModified":"2024-06-13T11:37:14+00:00","breadcrumb":{"@id":"https:\/\/7culture.ci\/index.php\/2024\/05\/28\/bouna-celebration-de-lexcellence-michel-noufe-soutient-les-meilleurs-eleves\/#breadcrumb"},"inLanguage":"fr-FR","potentialAction":[{"@type":"ReadAction","target":["https:\/\/7culture.ci\/index.php\/2024\/05\/28\/bouna-celebration-de-lexcellence-michel-noufe-soutient-les-meilleurs-eleves\/"]}]},{"@type":"BreadcrumbList","@id":"https:\/\/7culture.ci\/index.php\/2024\/05\/28\/bouna-celebration-de-lexcellence-michel-noufe-soutient-les-meilleurs-eleves\/#breadcrumb","itemListElement":[{"@type":"ListItem","position":1,"name":"Accueil","item":"https:\/\/7culture.ci\/"},{"@type":"ListItem","position":2,"name":"Bouna\/C\u00e9l\u00e9bration de l\u2019excellence\u00a0: Michel Nouf\u00e9 soutient les meilleurs \u00e9l\u00e8ves"}]},{"@type":"WebSite","@id":"https:\/\/7culture.ci\/#website","url":"https:\/\/7culture.ci\/","name":"7culture","description":"Tout sur l&#039;actualit\u00e9","publisher":{"@id":"https:\/\/7culture.ci\/#organization"},"potentialAction":[{"@type":"SearchAction","target":{"@type":"EntryPoint","urlTemplate":"https:\/\/7culture.ci\/?s={search_term_string}"},"query-input":"required name=search_term_string"}],"inLanguage":"fr-FR"},{"@type":"Organization","@id":"https:\/\/7culture.ci\/#organization","name":"7culture","url":"https:\/\/7culture.ci\/","sameAs":["https:\/\/www.facebook.com\/redchefclaude","https:\/\/twitter.com\/7culturec"],"logo":{"@type":"ImageObject","inLanguage":"fr-FR","@id":"https:\/\/7culture.ci\/#\/schema\/logo\/image\/","url":"https:\/\/7culture.ci\/wp-content\/uploads\/2021\/12\/S1a-1.png","contentUrl":"https:\/\/7culture.ci\/wp-content\/uploads\/2021\/12\/S1a-1.png","width":588,"height":192,"caption":"7culture"},"image":{"@id":"https:\/\/7culture.ci\/#\/schema\/logo\/image\/"}},{"@type":"Person","@id":"https:\/\/7culture.ci\/#\/schema\/person\/16150d28d7ef66ba788c1f87f28c4426","name":"7culture2020","image":{"@type":"ImageObject","inLanguage":"fr-FR","@id":"https:\/\/7culture.ci\/#\/schema\/person\/image\/","url":"https:\/\/secure.gravatar.com\/avatar\/9a0784f951306c37bcd065f52844ef95?s=96&d=mm&r=g","contentUrl":"https:\/\/secure.gravatar.com\/avatar\/9a0784f951306c37bcd065f52844ef95?s=96&d=mm&r=g","caption":"7culture2020"},"sameAs":["http:\/\/7culture.ci","Claude.kipre"],"url":"https:\/\/7culture.ci\/index.php\/author\/7culture2020\/"}]}},"jetpack_featured_media_url":"https:\/\/7culture.ci\/wp-content\/uploads\/2024\/05\/WhatsApp-Image-2024-05-21-at-09.56.58.jpeg","jetpack_likes_enabled":true,"jetpack_sharing_enabled":true,"_links":{"self":[{"href":"https:\/\/7culture.ci\/index.php\/wp-json\/wp\/v2\/posts\/26305"}],"collection":[{"href":"https:\/\/7culture.ci\/index.php\/wp-json\/wp\/v2\/posts"}],"about":[{"href":"https:\/\/7culture.ci\/index.php\/wp-json\/wp\/v2\/types\/post"}],"author":[{"embeddable":true,"href":"https:\/\/7culture.ci\/index.php\/wp-json\/wp\/v2\/users\/1"}],"replies":[{"embeddable":true,"href":"https:\/\/7culture.ci\/index.php\/wp-json\/wp\/v2\/comments?post=26305"}],"version-history":[{"count":1,"href":"https:\/\/7culture.ci\/index.php\/wp-json\/wp\/v2\/posts\/26305\/revisions"}],"predecessor-version":[{"id":26314,"href":"https:\/\/7culture.ci\/index.php\/wp-json\/wp\/v2\/posts\/26305\/revisions\/26314"}],"wp:featuredmedia":[{"embeddable":true,"href":"https:\/\/7culture.ci\/index.php\/wp-json\/wp\/v2\/media\/26307"}],"wp:attachment":[{"href":"https:\/\/7culture.ci\/index.php\/wp-json\/wp\/v2\/media?parent=26305"}],"wp:term":[{"taxonomy":"category","embeddable":true,"href":"https:\/\/7culture.ci\/index.php\/wp-json\/wp\/v2\/categories?post=26305"},{"taxonomy":"post_tag","embeddable":true,"href":"https:\/\/7culture.ci\/index.php\/wp-json\/wp\/v2\/tags?post=26305"}],"curies":[{"name":"wp","href":"https:\/\/api.w.org\/{rel}","templated":true}]}}