{"id":26275,"date":"2024-05-04T16:43:37","date_gmt":"2024-05-04T16:43:37","guid":{"rendered":"https:\/\/7culture.ci\/?p=26275"},"modified":"2024-05-04T17:04:36","modified_gmt":"2024-05-04T17:04:36","slug":"festival-vues-dafrique-2024-la-cote-divoire-a-lhonneur","status":"publish","type":"post","link":"https:\/\/7culture.ci\/index.php\/2024\/05\/04\/festival-vues-dafrique-2024-la-cote-divoire-a-lhonneur\/","title":{"rendered":"Festival Vues d\u2019Afrique 2024\u00a0: La C\u00f4te d\u2019Ivoire \u00e0 l\u2019honneur"},"content":{"rendered":"\n<p><strong><em>D\u00e9but\u00e9e le 11 avril dernier, avec la projection du film ivoirien \u2018\u2019Marabout Ch\u00e9ri\u2019\u2019 de Luis Marqu\u00e8s et Khady Tour\u00e9, la 40<sup>e<\/sup> \u00e9dition du Festival international de cin\u00e9ma Vues d\u2019Afrique de Montr\u00e9al a referm\u00e9 ses portes le dimanche 21 avril du c\u00f4t\u00e9 du cin\u00e9ma Guzzo March\u00e9 central. Avec la cons\u00e9cration du film camerounais \u2018\u2019La plantation des planteurs\u2019\u2019 d\u2019Eystein Young Dingha-Prix du long m\u00e9trage de fiction- remis par l\u2019OIF.<\/em><\/strong><\/p>\n\n\n\n<p>Pr\u00e9sent\u00e9 par Qu\u00e9becor et propuls\u00e9 par les cin\u00e9mas Guzzo du 11 au 21 avril 2024, avec la C\u00f4te d\u2019Ivoire comme pays invit\u00e9 d\u2019honneur, la 40e du Festival International de cin\u00e9ma Vues d\u2019Afrique a permis encore une fois au Montr\u00e9alais de vibrer au rythme du cin\u00e9ma africain et cr\u00e9ole en Am\u00e9rique du Nord.&nbsp;<\/p>\n\n\n\n<figure class=\"wp-block-gallery has-nested-images columns-default is-cropped wp-block-gallery-1 is-layout-flex wp-block-gallery-is-layout-flex\">\n<figure class=\"wp-block-image size-large\"><img loading=\"lazy\" decoding=\"async\" width=\"1024\" height=\"768\" data-id=\"26281\" src=\"https:\/\/7culture.ci\/wp-content\/uploads\/2024\/05\/vues-2-1-1024x768.jpg\" alt=\"\" class=\"wp-image-26281\" srcset=\"https:\/\/7culture.ci\/wp-content\/uploads\/2024\/05\/vues-2-1-1024x768.jpg 1024w, https:\/\/7culture.ci\/wp-content\/uploads\/2024\/05\/vues-2-1-300x225.jpg 300w, https:\/\/7culture.ci\/wp-content\/uploads\/2024\/05\/vues-2-1-768x576.jpg 768w, https:\/\/7culture.ci\/wp-content\/uploads\/2024\/05\/vues-2-1-1536x1152.jpg 1536w, https:\/\/7culture.ci\/wp-content\/uploads\/2024\/05\/vues-2-1.jpg 2048w\" sizes=\"(max-width: 1024px) 100vw, 1024px\" \/><\/figure>\n\n\n\n<figure class=\"wp-block-image size-large\"><img loading=\"lazy\" decoding=\"async\" width=\"1024\" height=\"683\" data-id=\"26280\" src=\"https:\/\/7culture.ci\/wp-content\/uploads\/2024\/05\/vues-3-1-1024x683.jpg\" alt=\"\" class=\"wp-image-26280\" srcset=\"https:\/\/7culture.ci\/wp-content\/uploads\/2024\/05\/vues-3-1-1024x683.jpg 1024w, https:\/\/7culture.ci\/wp-content\/uploads\/2024\/05\/vues-3-1-300x200.jpg 300w, https:\/\/7culture.ci\/wp-content\/uploads\/2024\/05\/vues-3-1-768x512.jpg 768w, https:\/\/7culture.ci\/wp-content\/uploads\/2024\/05\/vues-3-1.jpg 1512w\" sizes=\"(max-width: 1024px) 100vw, 1024px\" \/><\/figure>\n<\/figure>\n\n\n\n<p>Sous le verbe de sa marraine, Konnie Tour\u00e9, et de son parrain, Helmer Joseph, ce rendez-vous incontournable du cin\u00e9ma africain a enregistr\u00e9 la pr\u00e9sence des pionniers Alimata Salemb\u00e9r\u00e9, cofondatrice du Fespaco, Gaston Kabor\u00e9, cin\u00e9aste burkinab\u00e8 et Jean-Pierre Garcia, fondateur du festival d\u2019Amiens. Un panel parrain\u00e9 par le CECI sur le th\u00e8me \u2018\u2019Handicap et cin\u00e9ma\u2019\u2019 ainsi que la signature du Livre d\u2019or de la Ville de Montr\u00e9al ont donn\u00e9 \u00e0 cette cuv\u00e9e 2024 des moments forts et marquants. Tout en favorisant une fois encore la rencontre des cin\u00e9astes africains et les cin\u00e9philes nord-am\u00e9ricains, toujours autour du 7ieme art.<\/p>\n\n\n\n<figure class=\"wp-block-gallery has-nested-images columns-default is-cropped wp-block-gallery-2 is-layout-flex wp-block-gallery-is-layout-flex\">\n<figure class=\"wp-block-image size-large\"><img loading=\"lazy\" decoding=\"async\" width=\"1024\" height=\"683\" data-id=\"26283\" src=\"https:\/\/7culture.ci\/wp-content\/uploads\/2024\/05\/vues-4-1024x683.jpg\" alt=\"\" class=\"wp-image-26283\" srcset=\"https:\/\/7culture.ci\/wp-content\/uploads\/2024\/05\/vues-4-1024x683.jpg 1024w, https:\/\/7culture.ci\/wp-content\/uploads\/2024\/05\/vues-4-300x200.jpg 300w, https:\/\/7culture.ci\/wp-content\/uploads\/2024\/05\/vues-4-768x512.jpg 768w, https:\/\/7culture.ci\/wp-content\/uploads\/2024\/05\/vues-4-1536x1025.jpg 1536w, https:\/\/7culture.ci\/wp-content\/uploads\/2024\/05\/vues-4.jpg 2048w\" sizes=\"(max-width: 1024px) 100vw, 1024px\" \/><\/figure>\n\n\n\n<figure class=\"wp-block-image size-large\"><img loading=\"lazy\" decoding=\"async\" width=\"1024\" height=\"683\" data-id=\"26282\" src=\"https:\/\/7culture.ci\/wp-content\/uploads\/2024\/05\/vues-5-1024x683.jpg\" alt=\"\" class=\"wp-image-26282\" srcset=\"https:\/\/7culture.ci\/wp-content\/uploads\/2024\/05\/vues-5-1024x683.jpg 1024w, https:\/\/7culture.ci\/wp-content\/uploads\/2024\/05\/vues-5-300x200.jpg 300w, https:\/\/7culture.ci\/wp-content\/uploads\/2024\/05\/vues-5-768x512.jpg 768w, https:\/\/7culture.ci\/wp-content\/uploads\/2024\/05\/vues-5-1536x1025.jpg 1536w, https:\/\/7culture.ci\/wp-content\/uploads\/2024\/05\/vues-5.jpg 2048w\" sizes=\"(max-width: 1024px) 100vw, 1024px\" \/><\/figure>\n<\/figure>\n\n\n\n<p>Entre panels, ateliers, rencontres professionnelles et partages d\u2019exp\u00e9riences, ce sont plus d\u2019une centaine de films (longs m\u00e9trages, courts m\u00e9trages, fictions, documentaires, s\u00e9ries et films d\u2019animations) en provenance de pr\u00e8s d\u2019une quarantaine de pays qui ont \u00e9t\u00e9 projet\u00e9s. Une programmation riche et vari\u00e9e, qui a su, avec les soir\u00e9es du Festival, mettre en valeur chaque jour, un pays diff\u00e9rent avec des prestations d\u2019artistes issus de chacun d\u2019entre eux. Pour le bonheur des nombreux cin\u00e9philes et festivaliers. Depuis 1985, le Festival international de cin\u00e9ma Vues d\u2019Afrique pr\u00e9sente un panorama cin\u00e9matographique international sur les r\u00e9alit\u00e9s africaines et des pays cr\u00e9oles. Il stimule les \u00e9changes entre artistes et favorise des relations harmonieuses au sein de la soci\u00e9t\u00e9 canadienne.<\/p>\n\n\n\n<p>Dramane K. Denkess<\/p>\n\n\n\n<p><a href=\"mailto:dkdenkess@gmail.com\">dkdenkess@gmail.com<\/a><\/p>\n","protected":false},"excerpt":{"rendered":"<p>D\u00e9but\u00e9e le 11 avril dernier, avec la projection du film ivoirien \u2018\u2019Marabout Ch\u00e9ri\u2019\u2019 de Luis Marqu\u00e8s et Khady Tour\u00e9, la 40e \u00e9dition du Festival international de cin\u00e9ma Vues d\u2019Afrique de Montr\u00e9al a referm\u00e9 ses portes le dimanche 21 avril du c\u00f4t\u00e9 du cin\u00e9ma Guzzo March\u00e9 central. Avec la cons\u00e9cration du film camerounais \u2018\u2019La plantation des &hellip;<\/p>\n<p class=\"read-more\"> <a class=\"\" href=\"https:\/\/7culture.ci\/index.php\/2024\/05\/04\/festival-vues-dafrique-2024-la-cote-divoire-a-lhonneur\/\"> <span class=\"screen-reader-text\">Festival Vues d\u2019Afrique 2024\u00a0: La C\u00f4te d\u2019Ivoire \u00e0 l\u2019honneur<\/span> Lire la suite\u00a0\u00bb<\/a><\/p>\n","protected":false},"author":1,"featured_media":26277,"comment_status":"open","ping_status":"open","sticky":false,"template":"","format":"standard","meta":{"_mi_skip_tracking":false,"_monsterinsights_sitenote_active":false,"_monsterinsights_sitenote_note":"","_monsterinsights_sitenote_category":0,"site-sidebar-layout":"default","site-content-layout":"default","ast-global-header-display":"","ast-main-header-display":"","ast-hfb-above-header-display":"","ast-hfb-below-header-display":"","ast-hfb-mobile-header-display":"","site-post-title":"","ast-breadcrumbs-content":"","ast-featured-img":"","footer-sml-layout":"","theme-transparent-header-meta":"","adv-header-id-meta":"","stick-header-meta":"","header-above-stick-meta":"","header-main-stick-meta":"","header-below-stick-meta":"","footnotes":"","jetpack_publicize_message":"","jetpack_is_tweetstorm":false,"jetpack_publicize_feature_enabled":true},"categories":[22],"tags":[],"jetpack_publicize_connections":[],"acf":[],"aioseo_notices":[],"yoast_head":"<!-- This site is optimized with the Yoast SEO plugin v19.6.1 - https:\/\/yoast.com\/wordpress\/plugins\/seo\/ -->\n<title>Festival Vues d\u2019Afrique 2024\u00a0: La C\u00f4te d\u2019Ivoire \u00e0 l\u2019honneur - 7culture<\/title>\n<meta name=\"robots\" content=\"index, follow, max-snippet:-1, max-image-preview:large, max-video-preview:-1\" \/>\n<link rel=\"canonical\" href=\"https:\/\/7culture.ci\/index.php\/2024\/05\/04\/festival-vues-dafrique-2024-la-cote-divoire-a-lhonneur\/\" \/>\n<meta property=\"og:locale\" content=\"fr_FR\" \/>\n<meta property=\"og:type\" content=\"article\" \/>\n<meta property=\"og:title\" content=\"Festival Vues d\u2019Afrique 2024\u00a0: La C\u00f4te d\u2019Ivoire \u00e0 l\u2019honneur - 7culture\" \/>\n<meta property=\"og:description\" content=\"D\u00e9but\u00e9e le 11 avril dernier, avec la projection du film ivoirien \u2018\u2019Marabout Ch\u00e9ri\u2019\u2019 de Luis Marqu\u00e8s et Khady Tour\u00e9, la 40e \u00e9dition du Festival international de cin\u00e9ma Vues d\u2019Afrique de Montr\u00e9al a referm\u00e9 ses portes le dimanche 21 avril du c\u00f4t\u00e9 du cin\u00e9ma Guzzo March\u00e9 central. Avec la cons\u00e9cration du film camerounais \u2018\u2019La plantation des &hellip; Festival Vues d\u2019Afrique 2024\u00a0: La C\u00f4te d\u2019Ivoire \u00e0 l\u2019honneur Lire la suite\u00a0\u00bb\" \/>\n<meta property=\"og:url\" content=\"https:\/\/7culture.ci\/index.php\/2024\/05\/04\/festival-vues-dafrique-2024-la-cote-divoire-a-lhonneur\/\" \/>\n<meta property=\"og:site_name\" content=\"7culture\" \/>\n<meta property=\"article:publisher\" content=\"https:\/\/www.facebook.com\/redchefclaude\" \/>\n<meta property=\"article:published_time\" content=\"2024-05-04T16:43:37+00:00\" \/>\n<meta property=\"article:modified_time\" content=\"2024-05-04T17:04:36+00:00\" \/>\n<meta property=\"og:image\" content=\"http:\/\/7culture.ci\/wp-content\/uploads\/2024\/05\/vues-1.jpg\" \/>\n\t<meta property=\"og:image:width\" content=\"2048\" \/>\n\t<meta property=\"og:image:height\" content=\"1536\" \/>\n\t<meta property=\"og:image:type\" content=\"image\/jpeg\" \/>\n<meta name=\"author\" content=\"7culture2020\" \/>\n<meta name=\"twitter:card\" content=\"summary_large_image\" \/>\n<meta name=\"twitter:creator\" content=\"@7culturec\" \/>\n<meta name=\"twitter:site\" content=\"@7culturec\" \/>\n<meta name=\"twitter:label1\" content=\"\u00c9crit par\" \/>\n\t<meta name=\"twitter:data1\" content=\"7culture2020\" \/>\n\t<meta name=\"twitter:label2\" content=\"Dur\u00e9e de lecture estim\u00e9e\" \/>\n\t<meta name=\"twitter:data2\" content=\"2 minutes\" \/>\n<script type=\"application\/ld+json\" class=\"yoast-schema-graph\">{\"@context\":\"https:\/\/schema.org\",\"@graph\":[{\"@type\":\"Article\",\"@id\":\"https:\/\/7culture.ci\/index.php\/2024\/05\/04\/festival-vues-dafrique-2024-la-cote-divoire-a-lhonneur\/#article\",\"isPartOf\":{\"@id\":\"https:\/\/7culture.ci\/index.php\/2024\/05\/04\/festival-vues-dafrique-2024-la-cote-divoire-a-lhonneur\/\"},\"author\":{\"name\":\"7culture2020\",\"@id\":\"https:\/\/7culture.ci\/#\/schema\/person\/16150d28d7ef66ba788c1f87f28c4426\"},\"headline\":\"Festival Vues d\u2019Afrique 2024\u00a0: La C\u00f4te d\u2019Ivoire \u00e0 l\u2019honneur\",\"datePublished\":\"2024-05-04T16:43:37+00:00\",\"dateModified\":\"2024-05-04T17:04:36+00:00\",\"mainEntityOfPage\":{\"@id\":\"https:\/\/7culture.ci\/index.php\/2024\/05\/04\/festival-vues-dafrique-2024-la-cote-divoire-a-lhonneur\/\"},\"wordCount\":402,\"commentCount\":0,\"publisher\":{\"@id\":\"https:\/\/7culture.ci\/#organization\"},\"articleSection\":[\"Actualit\u00e9\"],\"inLanguage\":\"fr-FR\",\"potentialAction\":[{\"@type\":\"CommentAction\",\"name\":\"Comment\",\"target\":[\"https:\/\/7culture.ci\/index.php\/2024\/05\/04\/festival-vues-dafrique-2024-la-cote-divoire-a-lhonneur\/#respond\"]}]},{\"@type\":\"WebPage\",\"@id\":\"https:\/\/7culture.ci\/index.php\/2024\/05\/04\/festival-vues-dafrique-2024-la-cote-divoire-a-lhonneur\/\",\"url\":\"https:\/\/7culture.ci\/index.php\/2024\/05\/04\/festival-vues-dafrique-2024-la-cote-divoire-a-lhonneur\/\",\"name\":\"Festival Vues d\u2019Afrique 2024\u00a0: La C\u00f4te d\u2019Ivoire \u00e0 l\u2019honneur - 7culture\",\"isPartOf\":{\"@id\":\"https:\/\/7culture.ci\/#website\"},\"datePublished\":\"2024-05-04T16:43:37+00:00\",\"dateModified\":\"2024-05-04T17:04:36+00:00\",\"breadcrumb\":{\"@id\":\"https:\/\/7culture.ci\/index.php\/2024\/05\/04\/festival-vues-dafrique-2024-la-cote-divoire-a-lhonneur\/#breadcrumb\"},\"inLanguage\":\"fr-FR\",\"potentialAction\":[{\"@type\":\"ReadAction\",\"target\":[\"https:\/\/7culture.ci\/index.php\/2024\/05\/04\/festival-vues-dafrique-2024-la-cote-divoire-a-lhonneur\/\"]}]},{\"@type\":\"BreadcrumbList\",\"@id\":\"https:\/\/7culture.ci\/index.php\/2024\/05\/04\/festival-vues-dafrique-2024-la-cote-divoire-a-lhonneur\/#breadcrumb\",\"itemListElement\":[{\"@type\":\"ListItem\",\"position\":1,\"name\":\"Accueil\",\"item\":\"https:\/\/7culture.ci\/\"},{\"@type\":\"ListItem\",\"position\":2,\"name\":\"Festival Vues d\u2019Afrique 2024\u00a0: La C\u00f4te d\u2019Ivoire \u00e0 l\u2019honneur\"}]},{\"@type\":\"WebSite\",\"@id\":\"https:\/\/7culture.ci\/#website\",\"url\":\"https:\/\/7culture.ci\/\",\"name\":\"7culture\",\"description\":\"Tout sur l&#039;actualit\u00e9\",\"publisher\":{\"@id\":\"https:\/\/7culture.ci\/#organization\"},\"potentialAction\":[{\"@type\":\"SearchAction\",\"target\":{\"@type\":\"EntryPoint\",\"urlTemplate\":\"https:\/\/7culture.ci\/?s={search_term_string}\"},\"query-input\":\"required name=search_term_string\"}],\"inLanguage\":\"fr-FR\"},{\"@type\":\"Organization\",\"@id\":\"https:\/\/7culture.ci\/#organization\",\"name\":\"7culture\",\"url\":\"https:\/\/7culture.ci\/\",\"sameAs\":[\"https:\/\/www.facebook.com\/redchefclaude\",\"https:\/\/twitter.com\/7culturec\"],\"logo\":{\"@type\":\"ImageObject\",\"inLanguage\":\"fr-FR\",\"@id\":\"https:\/\/7culture.ci\/#\/schema\/logo\/image\/\",\"url\":\"https:\/\/7culture.ci\/wp-content\/uploads\/2021\/12\/S1a-1.png\",\"contentUrl\":\"https:\/\/7culture.ci\/wp-content\/uploads\/2021\/12\/S1a-1.png\",\"width\":588,\"height\":192,\"caption\":\"7culture\"},\"image\":{\"@id\":\"https:\/\/7culture.ci\/#\/schema\/logo\/image\/\"}},{\"@type\":\"Person\",\"@id\":\"https:\/\/7culture.ci\/#\/schema\/person\/16150d28d7ef66ba788c1f87f28c4426\",\"name\":\"7culture2020\",\"image\":{\"@type\":\"ImageObject\",\"inLanguage\":\"fr-FR\",\"@id\":\"https:\/\/7culture.ci\/#\/schema\/person\/image\/\",\"url\":\"https:\/\/secure.gravatar.com\/avatar\/9a0784f951306c37bcd065f52844ef95?s=96&d=mm&r=g\",\"contentUrl\":\"https:\/\/secure.gravatar.com\/avatar\/9a0784f951306c37bcd065f52844ef95?s=96&d=mm&r=g\",\"caption\":\"7culture2020\"},\"sameAs\":[\"http:\/\/7culture.ci\",\"Claude.kipre\"],\"url\":\"https:\/\/7culture.ci\/index.php\/author\/7culture2020\/\"}]}<\/script>\n<!-- \/ Yoast SEO plugin. -->","yoast_head_json":{"title":"Festival Vues d\u2019Afrique 2024\u00a0: La C\u00f4te d\u2019Ivoire \u00e0 l\u2019honneur - 7culture","robots":{"index":"index","follow":"follow","max-snippet":"max-snippet:-1","max-image-preview":"max-image-preview:large","max-video-preview":"max-video-preview:-1"},"canonical":"https:\/\/7culture.ci\/index.php\/2024\/05\/04\/festival-vues-dafrique-2024-la-cote-divoire-a-lhonneur\/","og_locale":"fr_FR","og_type":"article","og_title":"Festival Vues d\u2019Afrique 2024\u00a0: La C\u00f4te d\u2019Ivoire \u00e0 l\u2019honneur - 7culture","og_description":"D\u00e9but\u00e9e le 11 avril dernier, avec la projection du film ivoirien \u2018\u2019Marabout Ch\u00e9ri\u2019\u2019 de Luis Marqu\u00e8s et Khady Tour\u00e9, la 40e \u00e9dition du Festival international de cin\u00e9ma Vues d\u2019Afrique de Montr\u00e9al a referm\u00e9 ses portes le dimanche 21 avril du c\u00f4t\u00e9 du cin\u00e9ma Guzzo March\u00e9 central. Avec la cons\u00e9cration du film camerounais \u2018\u2019La plantation des &hellip; Festival Vues d\u2019Afrique 2024\u00a0: La C\u00f4te d\u2019Ivoire \u00e0 l\u2019honneur Lire la suite\u00a0\u00bb","og_url":"https:\/\/7culture.ci\/index.php\/2024\/05\/04\/festival-vues-dafrique-2024-la-cote-divoire-a-lhonneur\/","og_site_name":"7culture","article_publisher":"https:\/\/www.facebook.com\/redchefclaude","article_published_time":"2024-05-04T16:43:37+00:00","article_modified_time":"2024-05-04T17:04:36+00:00","og_image":[{"width":2048,"height":1536,"url":"http:\/\/7culture.ci\/wp-content\/uploads\/2024\/05\/vues-1.jpg","type":"image\/jpeg"}],"author":"7culture2020","twitter_card":"summary_large_image","twitter_creator":"@7culturec","twitter_site":"@7culturec","twitter_misc":{"\u00c9crit par":"7culture2020","Dur\u00e9e de lecture estim\u00e9e":"2 minutes"},"schema":{"@context":"https:\/\/schema.org","@graph":[{"@type":"Article","@id":"https:\/\/7culture.ci\/index.php\/2024\/05\/04\/festival-vues-dafrique-2024-la-cote-divoire-a-lhonneur\/#article","isPartOf":{"@id":"https:\/\/7culture.ci\/index.php\/2024\/05\/04\/festival-vues-dafrique-2024-la-cote-divoire-a-lhonneur\/"},"author":{"name":"7culture2020","@id":"https:\/\/7culture.ci\/#\/schema\/person\/16150d28d7ef66ba788c1f87f28c4426"},"headline":"Festival Vues d\u2019Afrique 2024\u00a0: La C\u00f4te d\u2019Ivoire \u00e0 l\u2019honneur","datePublished":"2024-05-04T16:43:37+00:00","dateModified":"2024-05-04T17:04:36+00:00","mainEntityOfPage":{"@id":"https:\/\/7culture.ci\/index.php\/2024\/05\/04\/festival-vues-dafrique-2024-la-cote-divoire-a-lhonneur\/"},"wordCount":402,"commentCount":0,"publisher":{"@id":"https:\/\/7culture.ci\/#organization"},"articleSection":["Actualit\u00e9"],"inLanguage":"fr-FR","potentialAction":[{"@type":"CommentAction","name":"Comment","target":["https:\/\/7culture.ci\/index.php\/2024\/05\/04\/festival-vues-dafrique-2024-la-cote-divoire-a-lhonneur\/#respond"]}]},{"@type":"WebPage","@id":"https:\/\/7culture.ci\/index.php\/2024\/05\/04\/festival-vues-dafrique-2024-la-cote-divoire-a-lhonneur\/","url":"https:\/\/7culture.ci\/index.php\/2024\/05\/04\/festival-vues-dafrique-2024-la-cote-divoire-a-lhonneur\/","name":"Festival Vues d\u2019Afrique 2024\u00a0: La C\u00f4te d\u2019Ivoire \u00e0 l\u2019honneur - 7culture","isPartOf":{"@id":"https:\/\/7culture.ci\/#website"},"datePublished":"2024-05-04T16:43:37+00:00","dateModified":"2024-05-04T17:04:36+00:00","breadcrumb":{"@id":"https:\/\/7culture.ci\/index.php\/2024\/05\/04\/festival-vues-dafrique-2024-la-cote-divoire-a-lhonneur\/#breadcrumb"},"inLanguage":"fr-FR","potentialAction":[{"@type":"ReadAction","target":["https:\/\/7culture.ci\/index.php\/2024\/05\/04\/festival-vues-dafrique-2024-la-cote-divoire-a-lhonneur\/"]}]},{"@type":"BreadcrumbList","@id":"https:\/\/7culture.ci\/index.php\/2024\/05\/04\/festival-vues-dafrique-2024-la-cote-divoire-a-lhonneur\/#breadcrumb","itemListElement":[{"@type":"ListItem","position":1,"name":"Accueil","item":"https:\/\/7culture.ci\/"},{"@type":"ListItem","position":2,"name":"Festival Vues d\u2019Afrique 2024\u00a0: La C\u00f4te d\u2019Ivoire \u00e0 l\u2019honneur"}]},{"@type":"WebSite","@id":"https:\/\/7culture.ci\/#website","url":"https:\/\/7culture.ci\/","name":"7culture","description":"Tout sur l&#039;actualit\u00e9","publisher":{"@id":"https:\/\/7culture.ci\/#organization"},"potentialAction":[{"@type":"SearchAction","target":{"@type":"EntryPoint","urlTemplate":"https:\/\/7culture.ci\/?s={search_term_string}"},"query-input":"required name=search_term_string"}],"inLanguage":"fr-FR"},{"@type":"Organization","@id":"https:\/\/7culture.ci\/#organization","name":"7culture","url":"https:\/\/7culture.ci\/","sameAs":["https:\/\/www.facebook.com\/redchefclaude","https:\/\/twitter.com\/7culturec"],"logo":{"@type":"ImageObject","inLanguage":"fr-FR","@id":"https:\/\/7culture.ci\/#\/schema\/logo\/image\/","url":"https:\/\/7culture.ci\/wp-content\/uploads\/2021\/12\/S1a-1.png","contentUrl":"https:\/\/7culture.ci\/wp-content\/uploads\/2021\/12\/S1a-1.png","width":588,"height":192,"caption":"7culture"},"image":{"@id":"https:\/\/7culture.ci\/#\/schema\/logo\/image\/"}},{"@type":"Person","@id":"https:\/\/7culture.ci\/#\/schema\/person\/16150d28d7ef66ba788c1f87f28c4426","name":"7culture2020","image":{"@type":"ImageObject","inLanguage":"fr-FR","@id":"https:\/\/7culture.ci\/#\/schema\/person\/image\/","url":"https:\/\/secure.gravatar.com\/avatar\/9a0784f951306c37bcd065f52844ef95?s=96&d=mm&r=g","contentUrl":"https:\/\/secure.gravatar.com\/avatar\/9a0784f951306c37bcd065f52844ef95?s=96&d=mm&r=g","caption":"7culture2020"},"sameAs":["http:\/\/7culture.ci","Claude.kipre"],"url":"https:\/\/7culture.ci\/index.php\/author\/7culture2020\/"}]}},"jetpack_featured_media_url":"https:\/\/7culture.ci\/wp-content\/uploads\/2024\/05\/vues-1.jpg","jetpack_likes_enabled":true,"jetpack_sharing_enabled":true,"_links":{"self":[{"href":"https:\/\/7culture.ci\/index.php\/wp-json\/wp\/v2\/posts\/26275"}],"collection":[{"href":"https:\/\/7culture.ci\/index.php\/wp-json\/wp\/v2\/posts"}],"about":[{"href":"https:\/\/7culture.ci\/index.php\/wp-json\/wp\/v2\/types\/post"}],"author":[{"embeddable":true,"href":"https:\/\/7culture.ci\/index.php\/wp-json\/wp\/v2\/users\/1"}],"replies":[{"embeddable":true,"href":"https:\/\/7culture.ci\/index.php\/wp-json\/wp\/v2\/comments?post=26275"}],"version-history":[{"count":1,"href":"https:\/\/7culture.ci\/index.php\/wp-json\/wp\/v2\/posts\/26275\/revisions"}],"predecessor-version":[{"id":26284,"href":"https:\/\/7culture.ci\/index.php\/wp-json\/wp\/v2\/posts\/26275\/revisions\/26284"}],"wp:featuredmedia":[{"embeddable":true,"href":"https:\/\/7culture.ci\/index.php\/wp-json\/wp\/v2\/media\/26277"}],"wp:attachment":[{"href":"https:\/\/7culture.ci\/index.php\/wp-json\/wp\/v2\/media?parent=26275"}],"wp:term":[{"taxonomy":"category","embeddable":true,"href":"https:\/\/7culture.ci\/index.php\/wp-json\/wp\/v2\/categories?post=26275"},{"taxonomy":"post_tag","embeddable":true,"href":"https:\/\/7culture.ci\/index.php\/wp-json\/wp\/v2\/tags?post=26275"}],"curies":[{"name":"wp","href":"https:\/\/api.w.org\/{rel}","templated":true}]}}