{"id":26247,"date":"2024-04-05T12:33:26","date_gmt":"2024-04-05T12:33:26","guid":{"rendered":"https:\/\/7culture.ci\/?p=26247"},"modified":"2024-05-04T16:44:34","modified_gmt":"2024-05-04T16:44:34","slug":"lancement-du-masa-2024-francoise-remarck-promet-des-spectacles-de-qualite","status":"publish","type":"post","link":"https:\/\/7culture.ci\/index.php\/2024\/04\/05\/lancement-du-masa-2024-francoise-remarck-promet-des-spectacles-de-qualite\/","title":{"rendered":"Lancement du Masa 2024\u00a0: Fran\u00e7oise Remarck promet des spectacles de qualit\u00e9"},"content":{"rendered":"\n<p>Le lancement de la 13<sup>e<\/sup> \u00e9dition du March\u00e9 d\u2019Art du Spectacle africain d\u2019Abidjan (Masa) a eu lieu en pr\u00e9sence de la ministre de la culture et de la Francophonie Fran\u00e7oise Remarck le jeudi 4 avril 2024 au palais de la culture \u00e0 Abidjan-Treichville.&nbsp; Le th\u00e8me retenu est&nbsp;:&nbsp;\u2018<em>\u2019Jeunesse, innovation et entreprenariat&nbsp;: les leviers du d\u00e9veloppement des industries d\u2019art du spectacle africain<\/em>\u2019\u2019. Cette \u00e9dition 2024 se d\u00e9roulera du 13 au 20 avril 2024 dans les dix communes d\u2019Abidjan<\/p>\n\n\n\n<figure class=\"wp-block-gallery has-nested-images columns-default is-cropped wp-block-gallery-1 is-layout-flex wp-block-gallery-is-layout-flex\">\n<figure class=\"wp-block-image size-large\"><img loading=\"lazy\" decoding=\"async\" width=\"1024\" height=\"768\" data-id=\"26251\" src=\"https:\/\/7culture.ci\/wp-content\/uploads\/2024\/04\/Masa2-1024x768.jpg\" alt=\"\" class=\"wp-image-26251\" srcset=\"https:\/\/7culture.ci\/wp-content\/uploads\/2024\/04\/Masa2-1024x768.jpg 1024w, https:\/\/7culture.ci\/wp-content\/uploads\/2024\/04\/Masa2-300x225.jpg 300w, https:\/\/7culture.ci\/wp-content\/uploads\/2024\/04\/Masa2-768x576.jpg 768w, https:\/\/7culture.ci\/wp-content\/uploads\/2024\/04\/Masa2.jpg 1440w\" sizes=\"(max-width: 1024px) 100vw, 1024px\" \/><\/figure>\n<\/figure>\n\n\n\n<p>La ministre de la culture et de la Francophonie a fait savoir que le Masa est une lucarne voire une opportunit\u00e9 pour permettre aux artistes de d\u00e9voiler leurs talents et de se vendre. \u00ab&nbsp;<strong><em>Le Masa est une opportunit\u00e9 pour les artistes de d\u00e9voiler leurs talents et de se vendre<\/em><\/strong>&nbsp;\u00bb, a-t-elle indiqu\u00e9. Aussi Fran\u00e7oise Remarck a-t-elle rassur\u00e9 les Ivoiriens de la r\u00e9ussite de cette \u00e9dition 2024 du Masa. \u00ab&nbsp;<strong><em>Ma team et moi sommes pr\u00eates pour relever le d\u00e9fi de la r\u00e9ussite de cette \u00e9dition 2024.&nbsp;Nous en sommes persuad\u00e9s<\/em><\/strong> \u00bb, a-t-elle d\u00e9clar\u00e9.<\/p>\n\n\n\n<figure class=\"wp-block-image size-large is-resized\"><img loading=\"lazy\" decoding=\"async\" width=\"1024\" height=\"811\" src=\"https:\/\/7culture.ci\/wp-content\/uploads\/2024\/04\/Masa4-1-1024x811.jpg\" alt=\"\" class=\"wp-image-26253\" style=\"width:668px;height:auto\" srcset=\"https:\/\/7culture.ci\/wp-content\/uploads\/2024\/04\/Masa4-1-1024x811.jpg 1024w, https:\/\/7culture.ci\/wp-content\/uploads\/2024\/04\/Masa4-1-300x238.jpg 300w, https:\/\/7culture.ci\/wp-content\/uploads\/2024\/04\/Masa4-1-768x609.jpg 768w, https:\/\/7culture.ci\/wp-content\/uploads\/2024\/04\/Masa4-1.jpg 1363w\" sizes=\"(max-width: 1024px) 100vw, 1024px\" \/><\/figure>\n\n\n\n<p>Pour sa part, le directeur g\u00e9n\u00e9ral de la biennale des arts d\u2019Abidjan, Abou Kamat\u00e9, a rench\u00e9ri les propos de la ministre de la culture et de la Francophonie. &nbsp;\u00ab&nbsp;<strong><em>Nous mettrons tout en \u0153uvre pour organiser un MASA in\u00e9dit et inoubliable \u00e0 l\u2019instar de la Can 2023<\/em><\/strong>&nbsp;\u00bb, a-t-il dit. Par ailleurs, Abou Kamat\u00e9 a pr\u00e9cis\u00e9 que&nbsp;: \u00ab&nbsp;<strong><em>105 programmateurs internationaux sont s\u00e9lectionn\u00e9s pour ce Masa 2024. Et, 33 pays sont invit\u00e9s \u00e0 y participer <\/em><\/strong>\u00bb. En outre, Dg a insist\u00e9 les pupulations sur la gratuit\u00e9 des spectacles, et que des moyens de transport serontmis gratuitement \u00e0 disposition des spectateurs pour leur mobilit\u00e9.<\/p>\n\n\n\n<p>Par C\u00e9saire Awal<\/p>\n","protected":false},"excerpt":{"rendered":"<p>Le lancement de la 13e \u00e9dition du March\u00e9 d\u2019Art du Spectacle africain d\u2019Abidjan (Masa) a eu lieu en pr\u00e9sence de la ministre de la culture et de la Francophonie Fran\u00e7oise Remarck le jeudi 4 avril 2024 au palais de la culture \u00e0 Abidjan-Treichville.&nbsp; Le th\u00e8me retenu est&nbsp;:&nbsp;\u2018\u2019Jeunesse, innovation et entreprenariat&nbsp;: les leviers du d\u00e9veloppement des &hellip;<\/p>\n<p class=\"read-more\"> <a class=\"\" href=\"https:\/\/7culture.ci\/index.php\/2024\/04\/05\/lancement-du-masa-2024-francoise-remarck-promet-des-spectacles-de-qualite\/\"> <span class=\"screen-reader-text\">Lancement du Masa 2024\u00a0: Fran\u00e7oise Remarck promet des spectacles de qualit\u00e9<\/span> Lire la suite\u00a0\u00bb<\/a><\/p>\n","protected":false},"author":1,"featured_media":26249,"comment_status":"open","ping_status":"open","sticky":false,"template":"","format":"standard","meta":{"_mi_skip_tracking":false,"_monsterinsights_sitenote_active":false,"_monsterinsights_sitenote_note":"","_monsterinsights_sitenote_category":0,"site-sidebar-layout":"default","site-content-layout":"default","ast-global-header-display":"","ast-main-header-display":"","ast-hfb-above-header-display":"","ast-hfb-below-header-display":"","ast-hfb-mobile-header-display":"","site-post-title":"","ast-breadcrumbs-content":"","ast-featured-img":"","footer-sml-layout":"","theme-transparent-header-meta":"","adv-header-id-meta":"","stick-header-meta":"","header-above-stick-meta":"","header-main-stick-meta":"","header-below-stick-meta":"","footnotes":"","jetpack_publicize_message":"","jetpack_is_tweetstorm":false,"jetpack_publicize_feature_enabled":true},"categories":[22],"tags":[],"jetpack_publicize_connections":[],"acf":[],"aioseo_notices":[],"yoast_head":"<!-- This site is optimized with the Yoast SEO plugin v19.6.1 - https:\/\/yoast.com\/wordpress\/plugins\/seo\/ -->\n<title>Lancement du Masa 2024\u00a0: Fran\u00e7oise Remarck promet des spectacles de qualit\u00e9 - 7culture<\/title>\n<meta name=\"robots\" content=\"index, follow, max-snippet:-1, max-image-preview:large, max-video-preview:-1\" \/>\n<link rel=\"canonical\" href=\"https:\/\/7culture.ci\/index.php\/2024\/04\/05\/lancement-du-masa-2024-francoise-remarck-promet-des-spectacles-de-qualite\/\" \/>\n<meta property=\"og:locale\" content=\"fr_FR\" \/>\n<meta property=\"og:type\" content=\"article\" \/>\n<meta property=\"og:title\" content=\"Lancement du Masa 2024\u00a0: Fran\u00e7oise Remarck promet des spectacles de qualit\u00e9 - 7culture\" \/>\n<meta property=\"og:description\" content=\"Le lancement de la 13e \u00e9dition du March\u00e9 d\u2019Art du Spectacle africain d\u2019Abidjan (Masa) a eu lieu en pr\u00e9sence de la ministre de la culture et de la Francophonie Fran\u00e7oise Remarck le jeudi 4 avril 2024 au palais de la culture \u00e0 Abidjan-Treichville.&nbsp; Le th\u00e8me retenu est&nbsp;:&nbsp;\u2018\u2019Jeunesse, innovation et entreprenariat&nbsp;: les leviers du d\u00e9veloppement des &hellip; Lancement du Masa 2024\u00a0: Fran\u00e7oise Remarck promet des spectacles de qualit\u00e9 Lire la suite\u00a0\u00bb\" \/>\n<meta property=\"og:url\" content=\"https:\/\/7culture.ci\/index.php\/2024\/04\/05\/lancement-du-masa-2024-francoise-remarck-promet-des-spectacles-de-qualite\/\" \/>\n<meta property=\"og:site_name\" content=\"7culture\" \/>\n<meta property=\"article:publisher\" content=\"https:\/\/www.facebook.com\/redchefclaude\" \/>\n<meta property=\"article:published_time\" content=\"2024-04-05T12:33:26+00:00\" \/>\n<meta property=\"article:modified_time\" content=\"2024-05-04T16:44:34+00:00\" \/>\n<meta property=\"og:image\" content=\"http:\/\/7culture.ci\/wp-content\/uploads\/2024\/04\/Masa1.jpg\" \/>\n\t<meta property=\"og:image:width\" content=\"1000\" \/>\n\t<meta property=\"og:image:height\" content=\"666\" \/>\n\t<meta property=\"og:image:type\" content=\"image\/jpeg\" \/>\n<meta name=\"author\" content=\"7culture2020\" \/>\n<meta name=\"twitter:card\" content=\"summary_large_image\" \/>\n<meta name=\"twitter:creator\" content=\"@7culturec\" \/>\n<meta name=\"twitter:site\" content=\"@7culturec\" \/>\n<meta name=\"twitter:label1\" content=\"\u00c9crit par\" \/>\n\t<meta name=\"twitter:data1\" content=\"7culture2020\" \/>\n\t<meta name=\"twitter:label2\" content=\"Dur\u00e9e de lecture estim\u00e9e\" \/>\n\t<meta name=\"twitter:data2\" content=\"1 minute\" \/>\n<script type=\"application\/ld+json\" class=\"yoast-schema-graph\">{\"@context\":\"https:\/\/schema.org\",\"@graph\":[{\"@type\":\"Article\",\"@id\":\"https:\/\/7culture.ci\/index.php\/2024\/04\/05\/lancement-du-masa-2024-francoise-remarck-promet-des-spectacles-de-qualite\/#article\",\"isPartOf\":{\"@id\":\"https:\/\/7culture.ci\/index.php\/2024\/04\/05\/lancement-du-masa-2024-francoise-remarck-promet-des-spectacles-de-qualite\/\"},\"author\":{\"name\":\"7culture2020\",\"@id\":\"https:\/\/7culture.ci\/#\/schema\/person\/16150d28d7ef66ba788c1f87f28c4426\"},\"headline\":\"Lancement du Masa 2024\u00a0: Fran\u00e7oise Remarck promet des spectacles de qualit\u00e9\",\"datePublished\":\"2024-04-05T12:33:26+00:00\",\"dateModified\":\"2024-05-04T16:44:34+00:00\",\"mainEntityOfPage\":{\"@id\":\"https:\/\/7culture.ci\/index.php\/2024\/04\/05\/lancement-du-masa-2024-francoise-remarck-promet-des-spectacles-de-qualite\/\"},\"wordCount\":306,\"commentCount\":0,\"publisher\":{\"@id\":\"https:\/\/7culture.ci\/#organization\"},\"articleSection\":[\"Actualit\u00e9\"],\"inLanguage\":\"fr-FR\",\"potentialAction\":[{\"@type\":\"CommentAction\",\"name\":\"Comment\",\"target\":[\"https:\/\/7culture.ci\/index.php\/2024\/04\/05\/lancement-du-masa-2024-francoise-remarck-promet-des-spectacles-de-qualite\/#respond\"]}]},{\"@type\":\"WebPage\",\"@id\":\"https:\/\/7culture.ci\/index.php\/2024\/04\/05\/lancement-du-masa-2024-francoise-remarck-promet-des-spectacles-de-qualite\/\",\"url\":\"https:\/\/7culture.ci\/index.php\/2024\/04\/05\/lancement-du-masa-2024-francoise-remarck-promet-des-spectacles-de-qualite\/\",\"name\":\"Lancement du Masa 2024\u00a0: Fran\u00e7oise Remarck promet des spectacles de qualit\u00e9 - 7culture\",\"isPartOf\":{\"@id\":\"https:\/\/7culture.ci\/#website\"},\"datePublished\":\"2024-04-05T12:33:26+00:00\",\"dateModified\":\"2024-05-04T16:44:34+00:00\",\"breadcrumb\":{\"@id\":\"https:\/\/7culture.ci\/index.php\/2024\/04\/05\/lancement-du-masa-2024-francoise-remarck-promet-des-spectacles-de-qualite\/#breadcrumb\"},\"inLanguage\":\"fr-FR\",\"potentialAction\":[{\"@type\":\"ReadAction\",\"target\":[\"https:\/\/7culture.ci\/index.php\/2024\/04\/05\/lancement-du-masa-2024-francoise-remarck-promet-des-spectacles-de-qualite\/\"]}]},{\"@type\":\"BreadcrumbList\",\"@id\":\"https:\/\/7culture.ci\/index.php\/2024\/04\/05\/lancement-du-masa-2024-francoise-remarck-promet-des-spectacles-de-qualite\/#breadcrumb\",\"itemListElement\":[{\"@type\":\"ListItem\",\"position\":1,\"name\":\"Accueil\",\"item\":\"https:\/\/7culture.ci\/\"},{\"@type\":\"ListItem\",\"position\":2,\"name\":\"Lancement du Masa 2024\u00a0: Fran\u00e7oise Remarck promet des spectacles de qualit\u00e9\"}]},{\"@type\":\"WebSite\",\"@id\":\"https:\/\/7culture.ci\/#website\",\"url\":\"https:\/\/7culture.ci\/\",\"name\":\"7culture\",\"description\":\"Tout sur l&#039;actualit\u00e9\",\"publisher\":{\"@id\":\"https:\/\/7culture.ci\/#organization\"},\"potentialAction\":[{\"@type\":\"SearchAction\",\"target\":{\"@type\":\"EntryPoint\",\"urlTemplate\":\"https:\/\/7culture.ci\/?s={search_term_string}\"},\"query-input\":\"required name=search_term_string\"}],\"inLanguage\":\"fr-FR\"},{\"@type\":\"Organization\",\"@id\":\"https:\/\/7culture.ci\/#organization\",\"name\":\"7culture\",\"url\":\"https:\/\/7culture.ci\/\",\"sameAs\":[\"https:\/\/www.facebook.com\/redchefclaude\",\"https:\/\/twitter.com\/7culturec\"],\"logo\":{\"@type\":\"ImageObject\",\"inLanguage\":\"fr-FR\",\"@id\":\"https:\/\/7culture.ci\/#\/schema\/logo\/image\/\",\"url\":\"https:\/\/7culture.ci\/wp-content\/uploads\/2021\/12\/S1a-1.png\",\"contentUrl\":\"https:\/\/7culture.ci\/wp-content\/uploads\/2021\/12\/S1a-1.png\",\"width\":588,\"height\":192,\"caption\":\"7culture\"},\"image\":{\"@id\":\"https:\/\/7culture.ci\/#\/schema\/logo\/image\/\"}},{\"@type\":\"Person\",\"@id\":\"https:\/\/7culture.ci\/#\/schema\/person\/16150d28d7ef66ba788c1f87f28c4426\",\"name\":\"7culture2020\",\"image\":{\"@type\":\"ImageObject\",\"inLanguage\":\"fr-FR\",\"@id\":\"https:\/\/7culture.ci\/#\/schema\/person\/image\/\",\"url\":\"https:\/\/secure.gravatar.com\/avatar\/9a0784f951306c37bcd065f52844ef95?s=96&d=mm&r=g\",\"contentUrl\":\"https:\/\/secure.gravatar.com\/avatar\/9a0784f951306c37bcd065f52844ef95?s=96&d=mm&r=g\",\"caption\":\"7culture2020\"},\"sameAs\":[\"http:\/\/7culture.ci\",\"Claude.kipre\"],\"url\":\"https:\/\/7culture.ci\/index.php\/author\/7culture2020\/\"}]}<\/script>\n<!-- \/ Yoast SEO plugin. -->","yoast_head_json":{"title":"Lancement du Masa 2024\u00a0: Fran\u00e7oise Remarck promet des spectacles de qualit\u00e9 - 7culture","robots":{"index":"index","follow":"follow","max-snippet":"max-snippet:-1","max-image-preview":"max-image-preview:large","max-video-preview":"max-video-preview:-1"},"canonical":"https:\/\/7culture.ci\/index.php\/2024\/04\/05\/lancement-du-masa-2024-francoise-remarck-promet-des-spectacles-de-qualite\/","og_locale":"fr_FR","og_type":"article","og_title":"Lancement du Masa 2024\u00a0: Fran\u00e7oise Remarck promet des spectacles de qualit\u00e9 - 7culture","og_description":"Le lancement de la 13e \u00e9dition du March\u00e9 d\u2019Art du Spectacle africain d\u2019Abidjan (Masa) a eu lieu en pr\u00e9sence de la ministre de la culture et de la Francophonie Fran\u00e7oise Remarck le jeudi 4 avril 2024 au palais de la culture \u00e0 Abidjan-Treichville.&nbsp; Le th\u00e8me retenu est&nbsp;:&nbsp;\u2018\u2019Jeunesse, innovation et entreprenariat&nbsp;: les leviers du d\u00e9veloppement des &hellip; Lancement du Masa 2024\u00a0: Fran\u00e7oise Remarck promet des spectacles de qualit\u00e9 Lire la suite\u00a0\u00bb","og_url":"https:\/\/7culture.ci\/index.php\/2024\/04\/05\/lancement-du-masa-2024-francoise-remarck-promet-des-spectacles-de-qualite\/","og_site_name":"7culture","article_publisher":"https:\/\/www.facebook.com\/redchefclaude","article_published_time":"2024-04-05T12:33:26+00:00","article_modified_time":"2024-05-04T16:44:34+00:00","og_image":[{"width":1000,"height":666,"url":"http:\/\/7culture.ci\/wp-content\/uploads\/2024\/04\/Masa1.jpg","type":"image\/jpeg"}],"author":"7culture2020","twitter_card":"summary_large_image","twitter_creator":"@7culturec","twitter_site":"@7culturec","twitter_misc":{"\u00c9crit par":"7culture2020","Dur\u00e9e de lecture estim\u00e9e":"1 minute"},"schema":{"@context":"https:\/\/schema.org","@graph":[{"@type":"Article","@id":"https:\/\/7culture.ci\/index.php\/2024\/04\/05\/lancement-du-masa-2024-francoise-remarck-promet-des-spectacles-de-qualite\/#article","isPartOf":{"@id":"https:\/\/7culture.ci\/index.php\/2024\/04\/05\/lancement-du-masa-2024-francoise-remarck-promet-des-spectacles-de-qualite\/"},"author":{"name":"7culture2020","@id":"https:\/\/7culture.ci\/#\/schema\/person\/16150d28d7ef66ba788c1f87f28c4426"},"headline":"Lancement du Masa 2024\u00a0: Fran\u00e7oise Remarck promet des spectacles de qualit\u00e9","datePublished":"2024-04-05T12:33:26+00:00","dateModified":"2024-05-04T16:44:34+00:00","mainEntityOfPage":{"@id":"https:\/\/7culture.ci\/index.php\/2024\/04\/05\/lancement-du-masa-2024-francoise-remarck-promet-des-spectacles-de-qualite\/"},"wordCount":306,"commentCount":0,"publisher":{"@id":"https:\/\/7culture.ci\/#organization"},"articleSection":["Actualit\u00e9"],"inLanguage":"fr-FR","potentialAction":[{"@type":"CommentAction","name":"Comment","target":["https:\/\/7culture.ci\/index.php\/2024\/04\/05\/lancement-du-masa-2024-francoise-remarck-promet-des-spectacles-de-qualite\/#respond"]}]},{"@type":"WebPage","@id":"https:\/\/7culture.ci\/index.php\/2024\/04\/05\/lancement-du-masa-2024-francoise-remarck-promet-des-spectacles-de-qualite\/","url":"https:\/\/7culture.ci\/index.php\/2024\/04\/05\/lancement-du-masa-2024-francoise-remarck-promet-des-spectacles-de-qualite\/","name":"Lancement du Masa 2024\u00a0: Fran\u00e7oise Remarck promet des spectacles de qualit\u00e9 - 7culture","isPartOf":{"@id":"https:\/\/7culture.ci\/#website"},"datePublished":"2024-04-05T12:33:26+00:00","dateModified":"2024-05-04T16:44:34+00:00","breadcrumb":{"@id":"https:\/\/7culture.ci\/index.php\/2024\/04\/05\/lancement-du-masa-2024-francoise-remarck-promet-des-spectacles-de-qualite\/#breadcrumb"},"inLanguage":"fr-FR","potentialAction":[{"@type":"ReadAction","target":["https:\/\/7culture.ci\/index.php\/2024\/04\/05\/lancement-du-masa-2024-francoise-remarck-promet-des-spectacles-de-qualite\/"]}]},{"@type":"BreadcrumbList","@id":"https:\/\/7culture.ci\/index.php\/2024\/04\/05\/lancement-du-masa-2024-francoise-remarck-promet-des-spectacles-de-qualite\/#breadcrumb","itemListElement":[{"@type":"ListItem","position":1,"name":"Accueil","item":"https:\/\/7culture.ci\/"},{"@type":"ListItem","position":2,"name":"Lancement du Masa 2024\u00a0: Fran\u00e7oise Remarck promet des spectacles de qualit\u00e9"}]},{"@type":"WebSite","@id":"https:\/\/7culture.ci\/#website","url":"https:\/\/7culture.ci\/","name":"7culture","description":"Tout sur l&#039;actualit\u00e9","publisher":{"@id":"https:\/\/7culture.ci\/#organization"},"potentialAction":[{"@type":"SearchAction","target":{"@type":"EntryPoint","urlTemplate":"https:\/\/7culture.ci\/?s={search_term_string}"},"query-input":"required name=search_term_string"}],"inLanguage":"fr-FR"},{"@type":"Organization","@id":"https:\/\/7culture.ci\/#organization","name":"7culture","url":"https:\/\/7culture.ci\/","sameAs":["https:\/\/www.facebook.com\/redchefclaude","https:\/\/twitter.com\/7culturec"],"logo":{"@type":"ImageObject","inLanguage":"fr-FR","@id":"https:\/\/7culture.ci\/#\/schema\/logo\/image\/","url":"https:\/\/7culture.ci\/wp-content\/uploads\/2021\/12\/S1a-1.png","contentUrl":"https:\/\/7culture.ci\/wp-content\/uploads\/2021\/12\/S1a-1.png","width":588,"height":192,"caption":"7culture"},"image":{"@id":"https:\/\/7culture.ci\/#\/schema\/logo\/image\/"}},{"@type":"Person","@id":"https:\/\/7culture.ci\/#\/schema\/person\/16150d28d7ef66ba788c1f87f28c4426","name":"7culture2020","image":{"@type":"ImageObject","inLanguage":"fr-FR","@id":"https:\/\/7culture.ci\/#\/schema\/person\/image\/","url":"https:\/\/secure.gravatar.com\/avatar\/9a0784f951306c37bcd065f52844ef95?s=96&d=mm&r=g","contentUrl":"https:\/\/secure.gravatar.com\/avatar\/9a0784f951306c37bcd065f52844ef95?s=96&d=mm&r=g","caption":"7culture2020"},"sameAs":["http:\/\/7culture.ci","Claude.kipre"],"url":"https:\/\/7culture.ci\/index.php\/author\/7culture2020\/"}]}},"jetpack_featured_media_url":"https:\/\/7culture.ci\/wp-content\/uploads\/2024\/04\/Masa1.jpg","jetpack_likes_enabled":true,"jetpack_sharing_enabled":true,"_links":{"self":[{"href":"https:\/\/7culture.ci\/index.php\/wp-json\/wp\/v2\/posts\/26247"}],"collection":[{"href":"https:\/\/7culture.ci\/index.php\/wp-json\/wp\/v2\/posts"}],"about":[{"href":"https:\/\/7culture.ci\/index.php\/wp-json\/wp\/v2\/types\/post"}],"author":[{"embeddable":true,"href":"https:\/\/7culture.ci\/index.php\/wp-json\/wp\/v2\/users\/1"}],"replies":[{"embeddable":true,"href":"https:\/\/7culture.ci\/index.php\/wp-json\/wp\/v2\/comments?post=26247"}],"version-history":[{"count":1,"href":"https:\/\/7culture.ci\/index.php\/wp-json\/wp\/v2\/posts\/26247\/revisions"}],"predecessor-version":[{"id":26254,"href":"https:\/\/7culture.ci\/index.php\/wp-json\/wp\/v2\/posts\/26247\/revisions\/26254"}],"wp:featuredmedia":[{"embeddable":true,"href":"https:\/\/7culture.ci\/index.php\/wp-json\/wp\/v2\/media\/26249"}],"wp:attachment":[{"href":"https:\/\/7culture.ci\/index.php\/wp-json\/wp\/v2\/media?parent=26247"}],"wp:term":[{"taxonomy":"category","embeddable":true,"href":"https:\/\/7culture.ci\/index.php\/wp-json\/wp\/v2\/categories?post=26247"},{"taxonomy":"post_tag","embeddable":true,"href":"https:\/\/7culture.ci\/index.php\/wp-json\/wp\/v2\/tags?post=26247"}],"curies":[{"name":"wp","href":"https:\/\/api.w.org\/{rel}","templated":true}]}}