{"id":26221,"date":"2024-03-30T10:13:22","date_gmt":"2024-03-30T10:13:22","guid":{"rendered":"https:\/\/7culture.ci\/?p=26221"},"modified":"2024-03-30T10:13:25","modified_gmt":"2024-03-30T10:13:25","slug":"bapteme-a-paris-voici-le-nouveau-serge-alain-maguy","status":"publish","type":"post","link":"https:\/\/7culture.ci\/index.php\/2024\/03\/30\/bapteme-a-paris-voici-le-nouveau-serge-alain-maguy\/","title":{"rendered":"Bapt\u00eame \u00e0 Paris\u00a0: Voici le nouveau Serge Alain Maguy"},"content":{"rendered":"\n<p>Il r\u00eavait de ce jour. Comme tout bon fid\u00e8le d&#8217;un temple de Dieu. Et ce jour arriva. Pr\u00e9cis\u00e9ment, le samedi 23 mars dernier \u00e0 11h 30 mn, au bord de la Seine, dans la commune de Saint-Denis, en r\u00e9gion parisienne.&nbsp;&nbsp;&nbsp;&nbsp;&nbsp;&nbsp;&nbsp;&nbsp;&nbsp;&nbsp;&nbsp;&nbsp;&nbsp;&nbsp;&nbsp;&nbsp;&nbsp;&nbsp;&nbsp;<\/p>\n\n\n\n<p>Par la volont\u00e9 de Dieu, ce jour-l\u00e0, l\u2019ex- footballeur international ivoirien r\u00e9sidant en France, Serge Alain Maguy, a \u00e9t\u00e9 baptis\u00e9 par les Pr\u00e9dicateurs du Minist\u00e8re de la Voix de Minuit (MVM- Mathieu 25V1-6), bas\u00e9 \u00e0 Saint-Denis. <strong><em>\u00ab&nbsp;Je fr\u00e9quente assid\u00fbment le Minist\u00e8re de la Voix de Minuit depuis un moment. J&#8217;ai appris la parole de Dieu, la cat\u00e9ch\u00e8se, en gros les fondamentaux de ma religion. Aujourd&#8217;hui, je suis un fid\u00e8le heureux \u00bb,<\/em><\/strong> explique-t-il, par t\u00e9l\u00e9phone depuis Paris.<\/p>\n\n\n\n<figure class=\"wp-block-image aligncenter size-large is-resized\"><img loading=\"lazy\" decoding=\"async\" width=\"768\" height=\"1024\" src=\"https:\/\/7culture.ci\/wp-content\/uploads\/2024\/03\/WhatsApp-Image-2024-03-28-at-4.00.00-PM-1-768x1024.jpeg\" alt=\"\" class=\"wp-image-26224\" style=\"width:500px;height:auto\" srcset=\"https:\/\/7culture.ci\/wp-content\/uploads\/2024\/03\/WhatsApp-Image-2024-03-28-at-4.00.00-PM-1-768x1024.jpeg 768w, https:\/\/7culture.ci\/wp-content\/uploads\/2024\/03\/WhatsApp-Image-2024-03-28-at-4.00.00-PM-1-225x300.jpeg 225w, https:\/\/7culture.ci\/wp-content\/uploads\/2024\/03\/WhatsApp-Image-2024-03-28-at-4.00.00-PM-1-1152x1536.jpeg 1152w, https:\/\/7culture.ci\/wp-content\/uploads\/2024\/03\/WhatsApp-Image-2024-03-28-at-4.00.00-PM-1.jpeg 1200w\" sizes=\"(max-width: 768px) 100vw, 768px\" \/><\/figure>\n\n\n\n<p>Au cours de cette c\u00e9r\u00e9monie de bapt\u00eame, l\u2019ancien vainqueur de la Coupe d\u2019Afrique des Nations (CAN) 1992 au S\u00e9n\u00e9gal, tout de blanc v\u00eatu, a \u00e9t\u00e9 plong\u00e9 symboliquement dans la Seine par les Pr\u00e9dicateurs, accompagn\u00e9 de leurs pri\u00e8res, pour le purifier.&nbsp; Cet acte a d\u00e8s lors marqu\u00e9 la renaissance du fid\u00e8le Serge Alain Maguy. Il est devenu un homme nouveau. Par le bapt\u00eame.<\/p>\n\n\n\n<p>Oui, la foi et le football font bon m\u00e9nage chez l&#8217;ancien soci\u00e9taire de l&#8217;Africa Sport, de l&#8217;Atletico Madrid et de l&#8217;Asec Mimosas, devenu \u00e9ducateur sportif en Hexagone.&nbsp;&nbsp;&nbsp;&nbsp;<\/p>\n\n\n\n<figure class=\"wp-block-gallery has-nested-images columns-default is-cropped wp-block-gallery-1 is-layout-flex wp-block-gallery-is-layout-flex\">\n<figure class=\"wp-block-image size-large\"><img loading=\"lazy\" decoding=\"async\" width=\"1024\" height=\"1024\" data-id=\"26225\" src=\"https:\/\/7culture.ci\/wp-content\/uploads\/2024\/03\/WhatsApp-Image-2024-03-28-at-4.00.00-PM-2-1024x1024.jpeg\" alt=\"\" class=\"wp-image-26225\" srcset=\"https:\/\/7culture.ci\/wp-content\/uploads\/2024\/03\/WhatsApp-Image-2024-03-28-at-4.00.00-PM-2-1024x1024.jpeg 1024w, https:\/\/7culture.ci\/wp-content\/uploads\/2024\/03\/WhatsApp-Image-2024-03-28-at-4.00.00-PM-2-300x300.jpeg 300w, https:\/\/7culture.ci\/wp-content\/uploads\/2024\/03\/WhatsApp-Image-2024-03-28-at-4.00.00-PM-2-150x150.jpeg 150w, https:\/\/7culture.ci\/wp-content\/uploads\/2024\/03\/WhatsApp-Image-2024-03-28-at-4.00.00-PM-2-768x768.jpeg 768w, https:\/\/7culture.ci\/wp-content\/uploads\/2024\/03\/WhatsApp-Image-2024-03-28-at-4.00.00-PM-2-1536x1536.jpeg 1536w, https:\/\/7culture.ci\/wp-content\/uploads\/2024\/03\/WhatsApp-Image-2024-03-28-at-4.00.00-PM-2-65x65.jpeg 65w, https:\/\/7culture.ci\/wp-content\/uploads\/2024\/03\/WhatsApp-Image-2024-03-28-at-4.00.00-PM-2.jpeg 1600w\" sizes=\"(max-width: 1024px) 100vw, 1024px\" \/><\/figure>\n\n\n\n<figure class=\"wp-block-image size-large\"><img loading=\"lazy\" decoding=\"async\" width=\"1024\" height=\"563\" data-id=\"26226\" src=\"https:\/\/7culture.ci\/wp-content\/uploads\/2024\/03\/WhatsApp-Image-2024-03-28-at-4.00.00-PM-3-1024x563.jpeg\" alt=\"\" class=\"wp-image-26226\" srcset=\"https:\/\/7culture.ci\/wp-content\/uploads\/2024\/03\/WhatsApp-Image-2024-03-28-at-4.00.00-PM-3-1024x563.jpeg 1024w, https:\/\/7culture.ci\/wp-content\/uploads\/2024\/03\/WhatsApp-Image-2024-03-28-at-4.00.00-PM-3-300x165.jpeg 300w, https:\/\/7culture.ci\/wp-content\/uploads\/2024\/03\/WhatsApp-Image-2024-03-28-at-4.00.00-PM-3-768x422.jpeg 768w, https:\/\/7culture.ci\/wp-content\/uploads\/2024\/03\/WhatsApp-Image-2024-03-28-at-4.00.00-PM-3.jpeg 1038w\" sizes=\"(max-width: 1024px) 100vw, 1024px\" \/><\/figure>\n<\/figure>\n\n\n\n<p>&nbsp;Par \u00c9ric Cossa<\/p>\n","protected":false},"excerpt":{"rendered":"<p>Il r\u00eavait de ce jour. Comme tout bon fid\u00e8le d&#8217;un temple de Dieu. Et ce jour arriva. Pr\u00e9cis\u00e9ment, le samedi 23 mars dernier \u00e0 11h 30 mn, au bord de la Seine, dans la commune de Saint-Denis, en r\u00e9gion parisienne.&nbsp;&nbsp;&nbsp;&nbsp;&nbsp;&nbsp;&nbsp;&nbsp;&nbsp;&nbsp;&nbsp;&nbsp;&nbsp;&nbsp;&nbsp;&nbsp;&nbsp;&nbsp;&nbsp; Par la volont\u00e9 de Dieu, ce jour-l\u00e0, l\u2019ex- footballeur international ivoirien r\u00e9sidant en France, Serge &hellip;<\/p>\n<p class=\"read-more\"> <a class=\"\" href=\"https:\/\/7culture.ci\/index.php\/2024\/03\/30\/bapteme-a-paris-voici-le-nouveau-serge-alain-maguy\/\"> <span class=\"screen-reader-text\">Bapt\u00eame \u00e0 Paris\u00a0: Voici le nouveau Serge Alain Maguy<\/span> Lire la suite\u00a0\u00bb<\/a><\/p>\n","protected":false},"author":1,"featured_media":26223,"comment_status":"open","ping_status":"open","sticky":false,"template":"","format":"standard","meta":{"_mi_skip_tracking":false,"_monsterinsights_sitenote_active":false,"_monsterinsights_sitenote_note":"","_monsterinsights_sitenote_category":0,"site-sidebar-layout":"default","site-content-layout":"default","ast-global-header-display":"","ast-main-header-display":"","ast-hfb-above-header-display":"","ast-hfb-below-header-display":"","ast-hfb-mobile-header-display":"","site-post-title":"","ast-breadcrumbs-content":"","ast-featured-img":"","footer-sml-layout":"","theme-transparent-header-meta":"","adv-header-id-meta":"","stick-header-meta":"","header-above-stick-meta":"","header-main-stick-meta":"","header-below-stick-meta":"","footnotes":"","jetpack_publicize_message":"","jetpack_is_tweetstorm":false,"jetpack_publicize_feature_enabled":true},"categories":[45],"tags":[],"jetpack_publicize_connections":[],"acf":[],"aioseo_notices":[],"yoast_head":"<!-- This site is optimized with the Yoast SEO plugin v19.6.1 - https:\/\/yoast.com\/wordpress\/plugins\/seo\/ -->\n<title>Bapt\u00eame \u00e0 Paris\u00a0: Voici le nouveau Serge Alain Maguy - 7culture<\/title>\n<meta name=\"robots\" content=\"index, follow, max-snippet:-1, max-image-preview:large, max-video-preview:-1\" \/>\n<link rel=\"canonical\" href=\"https:\/\/7culture.ci\/index.php\/2024\/03\/30\/bapteme-a-paris-voici-le-nouveau-serge-alain-maguy\/\" \/>\n<meta property=\"og:locale\" content=\"fr_FR\" \/>\n<meta property=\"og:type\" content=\"article\" \/>\n<meta property=\"og:title\" content=\"Bapt\u00eame \u00e0 Paris\u00a0: Voici le nouveau Serge Alain Maguy - 7culture\" \/>\n<meta property=\"og:description\" content=\"Il r\u00eavait de ce jour. Comme tout bon fid\u00e8le d&#8217;un temple de Dieu. Et ce jour arriva. Pr\u00e9cis\u00e9ment, le samedi 23 mars dernier \u00e0 11h 30 mn, au bord de la Seine, dans la commune de Saint-Denis, en r\u00e9gion parisienne.&nbsp;&nbsp;&nbsp;&nbsp;&nbsp;&nbsp;&nbsp;&nbsp;&nbsp;&nbsp;&nbsp;&nbsp;&nbsp;&nbsp;&nbsp;&nbsp;&nbsp;&nbsp;&nbsp; Par la volont\u00e9 de Dieu, ce jour-l\u00e0, l\u2019ex- footballeur international ivoirien r\u00e9sidant en France, Serge &hellip; Bapt\u00eame \u00e0 Paris\u00a0: Voici le nouveau Serge Alain Maguy Lire la suite\u00a0\u00bb\" \/>\n<meta property=\"og:url\" content=\"https:\/\/7culture.ci\/index.php\/2024\/03\/30\/bapteme-a-paris-voici-le-nouveau-serge-alain-maguy\/\" \/>\n<meta property=\"og:site_name\" content=\"7culture\" \/>\n<meta property=\"article:publisher\" content=\"https:\/\/www.facebook.com\/redchefclaude\" \/>\n<meta property=\"article:published_time\" content=\"2024-03-30T10:13:22+00:00\" \/>\n<meta property=\"article:modified_time\" content=\"2024-03-30T10:13:25+00:00\" \/>\n<meta property=\"og:image\" content=\"http:\/\/7culture.ci\/wp-content\/uploads\/2024\/03\/WhatsApp-Image-2024-03-28-at-4.00.00-PM.jpeg\" \/>\n\t<meta property=\"og:image:width\" content=\"1038\" \/>\n\t<meta property=\"og:image:height\" content=\"571\" \/>\n\t<meta property=\"og:image:type\" content=\"image\/jpeg\" \/>\n<meta name=\"author\" content=\"7culture2020\" \/>\n<meta name=\"twitter:card\" content=\"summary_large_image\" \/>\n<meta name=\"twitter:creator\" content=\"@7culturec\" \/>\n<meta name=\"twitter:site\" content=\"@7culturec\" \/>\n<meta name=\"twitter:label1\" content=\"\u00c9crit par\" \/>\n\t<meta name=\"twitter:data1\" content=\"7culture2020\" \/>\n\t<meta name=\"twitter:label2\" content=\"Dur\u00e9e de lecture estim\u00e9e\" \/>\n\t<meta name=\"twitter:data2\" content=\"1 minute\" \/>\n<script type=\"application\/ld+json\" class=\"yoast-schema-graph\">{\"@context\":\"https:\/\/schema.org\",\"@graph\":[{\"@type\":\"Article\",\"@id\":\"https:\/\/7culture.ci\/index.php\/2024\/03\/30\/bapteme-a-paris-voici-le-nouveau-serge-alain-maguy\/#article\",\"isPartOf\":{\"@id\":\"https:\/\/7culture.ci\/index.php\/2024\/03\/30\/bapteme-a-paris-voici-le-nouveau-serge-alain-maguy\/\"},\"author\":{\"name\":\"7culture2020\",\"@id\":\"https:\/\/7culture.ci\/#\/schema\/person\/16150d28d7ef66ba788c1f87f28c4426\"},\"headline\":\"Bapt\u00eame \u00e0 Paris\u00a0: Voici le nouveau Serge Alain Maguy\",\"datePublished\":\"2024-03-30T10:13:22+00:00\",\"dateModified\":\"2024-03-30T10:13:25+00:00\",\"mainEntityOfPage\":{\"@id\":\"https:\/\/7culture.ci\/index.php\/2024\/03\/30\/bapteme-a-paris-voici-le-nouveau-serge-alain-maguy\/\"},\"wordCount\":270,\"commentCount\":0,\"publisher\":{\"@id\":\"https:\/\/7culture.ci\/#organization\"},\"articleSection\":[\"A la une\"],\"inLanguage\":\"fr-FR\",\"potentialAction\":[{\"@type\":\"CommentAction\",\"name\":\"Comment\",\"target\":[\"https:\/\/7culture.ci\/index.php\/2024\/03\/30\/bapteme-a-paris-voici-le-nouveau-serge-alain-maguy\/#respond\"]}]},{\"@type\":\"WebPage\",\"@id\":\"https:\/\/7culture.ci\/index.php\/2024\/03\/30\/bapteme-a-paris-voici-le-nouveau-serge-alain-maguy\/\",\"url\":\"https:\/\/7culture.ci\/index.php\/2024\/03\/30\/bapteme-a-paris-voici-le-nouveau-serge-alain-maguy\/\",\"name\":\"Bapt\u00eame \u00e0 Paris\u00a0: Voici le nouveau Serge Alain Maguy - 7culture\",\"isPartOf\":{\"@id\":\"https:\/\/7culture.ci\/#website\"},\"datePublished\":\"2024-03-30T10:13:22+00:00\",\"dateModified\":\"2024-03-30T10:13:25+00:00\",\"breadcrumb\":{\"@id\":\"https:\/\/7culture.ci\/index.php\/2024\/03\/30\/bapteme-a-paris-voici-le-nouveau-serge-alain-maguy\/#breadcrumb\"},\"inLanguage\":\"fr-FR\",\"potentialAction\":[{\"@type\":\"ReadAction\",\"target\":[\"https:\/\/7culture.ci\/index.php\/2024\/03\/30\/bapteme-a-paris-voici-le-nouveau-serge-alain-maguy\/\"]}]},{\"@type\":\"BreadcrumbList\",\"@id\":\"https:\/\/7culture.ci\/index.php\/2024\/03\/30\/bapteme-a-paris-voici-le-nouveau-serge-alain-maguy\/#breadcrumb\",\"itemListElement\":[{\"@type\":\"ListItem\",\"position\":1,\"name\":\"Accueil\",\"item\":\"https:\/\/7culture.ci\/\"},{\"@type\":\"ListItem\",\"position\":2,\"name\":\"Bapt\u00eame \u00e0 Paris\u00a0: Voici le nouveau Serge Alain Maguy\"}]},{\"@type\":\"WebSite\",\"@id\":\"https:\/\/7culture.ci\/#website\",\"url\":\"https:\/\/7culture.ci\/\",\"name\":\"7culture\",\"description\":\"Tout sur l&#039;actualit\u00e9\",\"publisher\":{\"@id\":\"https:\/\/7culture.ci\/#organization\"},\"potentialAction\":[{\"@type\":\"SearchAction\",\"target\":{\"@type\":\"EntryPoint\",\"urlTemplate\":\"https:\/\/7culture.ci\/?s={search_term_string}\"},\"query-input\":\"required name=search_term_string\"}],\"inLanguage\":\"fr-FR\"},{\"@type\":\"Organization\",\"@id\":\"https:\/\/7culture.ci\/#organization\",\"name\":\"7culture\",\"url\":\"https:\/\/7culture.ci\/\",\"sameAs\":[\"https:\/\/www.facebook.com\/redchefclaude\",\"https:\/\/twitter.com\/7culturec\"],\"logo\":{\"@type\":\"ImageObject\",\"inLanguage\":\"fr-FR\",\"@id\":\"https:\/\/7culture.ci\/#\/schema\/logo\/image\/\",\"url\":\"https:\/\/7culture.ci\/wp-content\/uploads\/2021\/12\/S1a-1.png\",\"contentUrl\":\"https:\/\/7culture.ci\/wp-content\/uploads\/2021\/12\/S1a-1.png\",\"width\":588,\"height\":192,\"caption\":\"7culture\"},\"image\":{\"@id\":\"https:\/\/7culture.ci\/#\/schema\/logo\/image\/\"}},{\"@type\":\"Person\",\"@id\":\"https:\/\/7culture.ci\/#\/schema\/person\/16150d28d7ef66ba788c1f87f28c4426\",\"name\":\"7culture2020\",\"image\":{\"@type\":\"ImageObject\",\"inLanguage\":\"fr-FR\",\"@id\":\"https:\/\/7culture.ci\/#\/schema\/person\/image\/\",\"url\":\"https:\/\/secure.gravatar.com\/avatar\/9a0784f951306c37bcd065f52844ef95?s=96&d=mm&r=g\",\"contentUrl\":\"https:\/\/secure.gravatar.com\/avatar\/9a0784f951306c37bcd065f52844ef95?s=96&d=mm&r=g\",\"caption\":\"7culture2020\"},\"sameAs\":[\"http:\/\/7culture.ci\",\"Claude.kipre\"],\"url\":\"https:\/\/7culture.ci\/index.php\/author\/7culture2020\/\"}]}<\/script>\n<!-- \/ Yoast SEO plugin. -->","yoast_head_json":{"title":"Bapt\u00eame \u00e0 Paris\u00a0: Voici le nouveau Serge Alain Maguy - 7culture","robots":{"index":"index","follow":"follow","max-snippet":"max-snippet:-1","max-image-preview":"max-image-preview:large","max-video-preview":"max-video-preview:-1"},"canonical":"https:\/\/7culture.ci\/index.php\/2024\/03\/30\/bapteme-a-paris-voici-le-nouveau-serge-alain-maguy\/","og_locale":"fr_FR","og_type":"article","og_title":"Bapt\u00eame \u00e0 Paris\u00a0: Voici le nouveau Serge Alain Maguy - 7culture","og_description":"Il r\u00eavait de ce jour. Comme tout bon fid\u00e8le d&#8217;un temple de Dieu. Et ce jour arriva. Pr\u00e9cis\u00e9ment, le samedi 23 mars dernier \u00e0 11h 30 mn, au bord de la Seine, dans la commune de Saint-Denis, en r\u00e9gion parisienne.&nbsp;&nbsp;&nbsp;&nbsp;&nbsp;&nbsp;&nbsp;&nbsp;&nbsp;&nbsp;&nbsp;&nbsp;&nbsp;&nbsp;&nbsp;&nbsp;&nbsp;&nbsp;&nbsp; Par la volont\u00e9 de Dieu, ce jour-l\u00e0, l\u2019ex- footballeur international ivoirien r\u00e9sidant en France, Serge &hellip; Bapt\u00eame \u00e0 Paris\u00a0: Voici le nouveau Serge Alain Maguy Lire la suite\u00a0\u00bb","og_url":"https:\/\/7culture.ci\/index.php\/2024\/03\/30\/bapteme-a-paris-voici-le-nouveau-serge-alain-maguy\/","og_site_name":"7culture","article_publisher":"https:\/\/www.facebook.com\/redchefclaude","article_published_time":"2024-03-30T10:13:22+00:00","article_modified_time":"2024-03-30T10:13:25+00:00","og_image":[{"width":1038,"height":571,"url":"http:\/\/7culture.ci\/wp-content\/uploads\/2024\/03\/WhatsApp-Image-2024-03-28-at-4.00.00-PM.jpeg","type":"image\/jpeg"}],"author":"7culture2020","twitter_card":"summary_large_image","twitter_creator":"@7culturec","twitter_site":"@7culturec","twitter_misc":{"\u00c9crit par":"7culture2020","Dur\u00e9e de lecture estim\u00e9e":"1 minute"},"schema":{"@context":"https:\/\/schema.org","@graph":[{"@type":"Article","@id":"https:\/\/7culture.ci\/index.php\/2024\/03\/30\/bapteme-a-paris-voici-le-nouveau-serge-alain-maguy\/#article","isPartOf":{"@id":"https:\/\/7culture.ci\/index.php\/2024\/03\/30\/bapteme-a-paris-voici-le-nouveau-serge-alain-maguy\/"},"author":{"name":"7culture2020","@id":"https:\/\/7culture.ci\/#\/schema\/person\/16150d28d7ef66ba788c1f87f28c4426"},"headline":"Bapt\u00eame \u00e0 Paris\u00a0: Voici le nouveau Serge Alain Maguy","datePublished":"2024-03-30T10:13:22+00:00","dateModified":"2024-03-30T10:13:25+00:00","mainEntityOfPage":{"@id":"https:\/\/7culture.ci\/index.php\/2024\/03\/30\/bapteme-a-paris-voici-le-nouveau-serge-alain-maguy\/"},"wordCount":270,"commentCount":0,"publisher":{"@id":"https:\/\/7culture.ci\/#organization"},"articleSection":["A la une"],"inLanguage":"fr-FR","potentialAction":[{"@type":"CommentAction","name":"Comment","target":["https:\/\/7culture.ci\/index.php\/2024\/03\/30\/bapteme-a-paris-voici-le-nouveau-serge-alain-maguy\/#respond"]}]},{"@type":"WebPage","@id":"https:\/\/7culture.ci\/index.php\/2024\/03\/30\/bapteme-a-paris-voici-le-nouveau-serge-alain-maguy\/","url":"https:\/\/7culture.ci\/index.php\/2024\/03\/30\/bapteme-a-paris-voici-le-nouveau-serge-alain-maguy\/","name":"Bapt\u00eame \u00e0 Paris\u00a0: Voici le nouveau Serge Alain Maguy - 7culture","isPartOf":{"@id":"https:\/\/7culture.ci\/#website"},"datePublished":"2024-03-30T10:13:22+00:00","dateModified":"2024-03-30T10:13:25+00:00","breadcrumb":{"@id":"https:\/\/7culture.ci\/index.php\/2024\/03\/30\/bapteme-a-paris-voici-le-nouveau-serge-alain-maguy\/#breadcrumb"},"inLanguage":"fr-FR","potentialAction":[{"@type":"ReadAction","target":["https:\/\/7culture.ci\/index.php\/2024\/03\/30\/bapteme-a-paris-voici-le-nouveau-serge-alain-maguy\/"]}]},{"@type":"BreadcrumbList","@id":"https:\/\/7culture.ci\/index.php\/2024\/03\/30\/bapteme-a-paris-voici-le-nouveau-serge-alain-maguy\/#breadcrumb","itemListElement":[{"@type":"ListItem","position":1,"name":"Accueil","item":"https:\/\/7culture.ci\/"},{"@type":"ListItem","position":2,"name":"Bapt\u00eame \u00e0 Paris\u00a0: Voici le nouveau Serge Alain Maguy"}]},{"@type":"WebSite","@id":"https:\/\/7culture.ci\/#website","url":"https:\/\/7culture.ci\/","name":"7culture","description":"Tout sur l&#039;actualit\u00e9","publisher":{"@id":"https:\/\/7culture.ci\/#organization"},"potentialAction":[{"@type":"SearchAction","target":{"@type":"EntryPoint","urlTemplate":"https:\/\/7culture.ci\/?s={search_term_string}"},"query-input":"required name=search_term_string"}],"inLanguage":"fr-FR"},{"@type":"Organization","@id":"https:\/\/7culture.ci\/#organization","name":"7culture","url":"https:\/\/7culture.ci\/","sameAs":["https:\/\/www.facebook.com\/redchefclaude","https:\/\/twitter.com\/7culturec"],"logo":{"@type":"ImageObject","inLanguage":"fr-FR","@id":"https:\/\/7culture.ci\/#\/schema\/logo\/image\/","url":"https:\/\/7culture.ci\/wp-content\/uploads\/2021\/12\/S1a-1.png","contentUrl":"https:\/\/7culture.ci\/wp-content\/uploads\/2021\/12\/S1a-1.png","width":588,"height":192,"caption":"7culture"},"image":{"@id":"https:\/\/7culture.ci\/#\/schema\/logo\/image\/"}},{"@type":"Person","@id":"https:\/\/7culture.ci\/#\/schema\/person\/16150d28d7ef66ba788c1f87f28c4426","name":"7culture2020","image":{"@type":"ImageObject","inLanguage":"fr-FR","@id":"https:\/\/7culture.ci\/#\/schema\/person\/image\/","url":"https:\/\/secure.gravatar.com\/avatar\/9a0784f951306c37bcd065f52844ef95?s=96&d=mm&r=g","contentUrl":"https:\/\/secure.gravatar.com\/avatar\/9a0784f951306c37bcd065f52844ef95?s=96&d=mm&r=g","caption":"7culture2020"},"sameAs":["http:\/\/7culture.ci","Claude.kipre"],"url":"https:\/\/7culture.ci\/index.php\/author\/7culture2020\/"}]}},"jetpack_featured_media_url":"https:\/\/7culture.ci\/wp-content\/uploads\/2024\/03\/WhatsApp-Image-2024-03-28-at-4.00.00-PM.jpeg","jetpack_likes_enabled":true,"jetpack_sharing_enabled":true,"_links":{"self":[{"href":"https:\/\/7culture.ci\/index.php\/wp-json\/wp\/v2\/posts\/26221"}],"collection":[{"href":"https:\/\/7culture.ci\/index.php\/wp-json\/wp\/v2\/posts"}],"about":[{"href":"https:\/\/7culture.ci\/index.php\/wp-json\/wp\/v2\/types\/post"}],"author":[{"embeddable":true,"href":"https:\/\/7culture.ci\/index.php\/wp-json\/wp\/v2\/users\/1"}],"replies":[{"embeddable":true,"href":"https:\/\/7culture.ci\/index.php\/wp-json\/wp\/v2\/comments?post=26221"}],"version-history":[{"count":1,"href":"https:\/\/7culture.ci\/index.php\/wp-json\/wp\/v2\/posts\/26221\/revisions"}],"predecessor-version":[{"id":26227,"href":"https:\/\/7culture.ci\/index.php\/wp-json\/wp\/v2\/posts\/26221\/revisions\/26227"}],"wp:featuredmedia":[{"embeddable":true,"href":"https:\/\/7culture.ci\/index.php\/wp-json\/wp\/v2\/media\/26223"}],"wp:attachment":[{"href":"https:\/\/7culture.ci\/index.php\/wp-json\/wp\/v2\/media?parent=26221"}],"wp:term":[{"taxonomy":"category","embeddable":true,"href":"https:\/\/7culture.ci\/index.php\/wp-json\/wp\/v2\/categories?post=26221"},{"taxonomy":"post_tag","embeddable":true,"href":"https:\/\/7culture.ci\/index.php\/wp-json\/wp\/v2\/tags?post=26221"}],"curies":[{"name":"wp","href":"https:\/\/api.w.org\/{rel}","templated":true}]}}