{"id":26180,"date":"2024-03-12T08:56:05","date_gmt":"2024-03-12T08:56:05","guid":{"rendered":"https:\/\/7culture.ci\/?p=26180"},"modified":"2024-03-30T16:47:30","modified_gmt":"2024-03-30T16:47:30","slug":"tifane-chanteuse-haitienne-depuis-port-au-prince-voici-ceux-qui-se-cachent-derriere-le-chaos-en-haiti","status":"publish","type":"post","link":"https:\/\/7culture.ci\/index.php\/2024\/03\/12\/tifane-chanteuse-haitienne-depuis-port-au-prince-voici-ceux-qui-se-cachent-derriere-le-chaos-en-haiti\/","title":{"rendered":"Tifane (chanteuse ha\u00eftienne) depuis Port-au-Prince : \u00ab Voici ceux qui se cachent derri\u00e8re le chaos en Ha\u00efti\u00a0\u00bb"},"content":{"rendered":"\n<p><strong><em>Ha\u00efti va mal. Tr\u00e8s mal m\u00eame.\u00a0 Depuis l\u2019assassinat en 2019 du pr\u00e9sident Jovenel Moise, le pays est pris en otage par des gangs qui s\u00e8ment quotidiennement la mort et la terreur. Comment la premi\u00e8re r\u00e9publique noire ind\u00e9pendante depuis 1804 en est-elle arriv\u00e9e l\u00e0 ? Tifane, star ha\u00eftienne de la musique que nous avons eue par t\u00e9l\u00e9phone depuis Port-au-Prince explique les dessous du chaos qui menace de faire disparaitre son pays.<\/em><\/strong><\/p>\n\n\n\n<ul><li><strong>La situation dans votre pays est devenue chaotique. Comment vivez-vous ce drame ?<\/strong><\/li><li>Le mot le plus appropri\u00e9 pour expliquer ce qui se passe depuis deux ans, c&#8217;est le \u201cchaos.\u201d Nous sommes pass\u00e9s de la phase de plusieurs enl\u00e8vements par semaine par des gangs de diff\u00e9rents quartiers de Port-au-Prince, a une r\u00e9volte de la population qui a d\u00e9cid\u00e9 de prendre la justice en main en tuant carr\u00e9ment ces bandits et maintenant nous sommes en chute libre et laisser pour contre. Il n\u2019y a pas un gouvernement, le premier ministre Ariel Henry impos\u00e9 par la communaut\u00e9 internationale depuis l\u2019assassinat du Pr\u00e9sident Jovenel Moise, n\u2019a aucune l\u00e9gitimit\u00e9 et n\u2019a aucune intention de r\u00e9soudre la crise que nous traversons.<\/li><\/ul>\n\n\n\n<ul><li><strong>La population est donc v\u00e9ritablement&nbsp;livr\u00e9e \u00e0 elle-m\u00eame&nbsp;?<\/strong><\/li><li>Oui, toute la capitale vit avec une peur intense. Les \u00e9coles et la majorit\u00e9 des entreprises ne fonctionnent pas normalement puisque l&#8217;ins\u00e9curit\u00e9 r\u00e8gne et s\u2019aggrave. Il y a eu des cas d&#8217;enl\u00e8vement au sein des \u00e9coles, des transports publics et m\u00eame des \u00e9glises ont \u00e9t\u00e9 attaqu\u00e9es. Plusieurs quartiers et surtout les zones rurales sont d\u00e9sertes puisque les habitants ont fui. La sant\u00e9 mentale des gens de tout \u00e2ge est tr\u00e8s affect\u00e9e. Bien entendu la situation n\u2019est pas pareille partout. Il s\u2019agit surtout de la capitale. Certaines villes de provinces avertissent ouvertement les bandits de ne pas s\u2019approcher parce que leurs actes de violence ne seront pas tol\u00e9r\u00e9s et que la population prendra elle-m\u00eame ses dispositions sans passer par la police.<\/li><\/ul>\n\n\n\n<ul><li><strong>Dans ces conditions, est-ce que vous-m\u00eame et plus g\u00e9n\u00e9ralement les artistes, parvenez \u00e0 exercer correctement votre m\u00e9tier&nbsp;?<\/strong><\/li><li>Effectivement, c\u2019est ce qui nous d\u00e9range le plus. Nous gagnons aussi notre vie gr\u00e2ce aux concerts, aux festivals et aux activit\u00e9s culturelles. Lorsque le pays est dans un \u00e9tat pareil nous n\u2019arrivons pas \u00e0 trouver des contrats et les organisateurs d&#8217;\u00e9v\u00e9nements ne peuvent rien planifier, de peur de faire faillite et surtout de mettre la vie des gens en danger. Les Ha\u00eftiens aiment beaucoup faire la f\u00eate et cr\u00e9er l\u2019ambiance m\u00eame lorsque \u00e7a ne va pas. Imaginez-vous que la situation \u00e9conomique, le co\u00fbt de la vie et l&#8217;ins\u00e9curit\u00e9 nous forcent \u00e0 tout fermer. Je vis tr\u00e8s mal ce probl\u00e8me parce que je n\u2019arrive m\u00eame pas \u00e0 chanter pour mes fans, les rencontrer, avoir des concerts. Tout \u00e7a d\u00e9pend de l\u2019\u00e9tat du pays.<\/li><\/ul>\n\n\n\n<figure class=\"wp-block-image aligncenter size-large is-resized\"><img loading=\"lazy\" decoding=\"async\" src=\"https:\/\/7culture.ci\/wp-content\/uploads\/2024\/03\/WhatsApp-Image-2024-03-08-at-10.41.39-1024x768.jpeg\" alt=\"\" class=\"wp-image-26183\" width=\"697\" height=\"522\" srcset=\"https:\/\/7culture.ci\/wp-content\/uploads\/2024\/03\/WhatsApp-Image-2024-03-08-at-10.41.39-1024x768.jpeg 1024w, https:\/\/7culture.ci\/wp-content\/uploads\/2024\/03\/WhatsApp-Image-2024-03-08-at-10.41.39-300x225.jpeg 300w, https:\/\/7culture.ci\/wp-content\/uploads\/2024\/03\/WhatsApp-Image-2024-03-08-at-10.41.39-768x576.jpeg 768w, https:\/\/7culture.ci\/wp-content\/uploads\/2024\/03\/WhatsApp-Image-2024-03-08-at-10.41.39.jpeg 1288w\" sizes=\"(max-width: 697px) 100vw, 697px\" \/><\/figure>\n\n\n\n<ul><li><strong>Pour vous qui \u00eates sur place, comment peut-on expliquer cette recrudescence de la violence&nbsp;?<\/strong><\/li><li>On se r\u00e9veille chaque jour et on s\u2019attend \u00e0 apprendre la mauvaise nouvelle qu\u2019on a encore enlev\u00e9 quelqu\u2019un pour une ran\u00e7on exag\u00e9r\u00e9e. Au cours de la journ\u00e9e on entend des titres dans les rues, ou une \u00e9cole a \u00e9t\u00e9 attaqu\u00e9e. Il y a une cruaut\u00e9 inimaginable en ce moment qui fait peur. Je pense que c\u2019est le r\u00e9sultat de plusieurs ann\u00e9es d&#8217;impunit\u00e9, de la faiblesse de la Police nationale, la corruption et aussi le manque d\u2019attention aux enfants de rues qui aujourd\u2019hui sont devenus des jeunes hommes corrompus. Il y a un trafic d&#8217;armes \u00e0 feu venant des Etats Unis et de la R\u00e9publique Dominicaine. Les gangs sont bien arm\u00e9s. Ce qui nous choque aussi, c\u2019est la nonchalance du Premier Ministre Ariel Henry face aux actes de violence que nous subissons. Cependant, lorsqu\u2019en avril 2023 avec le mouvement Bwa Kale (bois \u00e9pluch\u00e9) les gens se sont r\u00e9volt\u00e9s contre les bandits en les tuant eux m\u00eame, M. Henry a rapidement fait une annonce \u00e0 la t\u00e9l\u00e9 pour demander \u00e0 la population de se calmer, de ne pas recourir \u00e0 la violence et de laisser la police faire son travail. A noter qu\u2019il s\u2019agit d\u2019une police pratiquement faible et abattue par les gangs tous les jours. Un bon nombre d&#8217;employ\u00e9s de l\u2019\u00e9tat ont \u00e9t\u00e9 li\u00e9 \u00e0 des chef de gangs, ce qui explique leur aise de faire comme bon leur semble.<\/li><\/ul>\n\n\n\n<ul><li><strong>Il y a-t-il une influence ext\u00e9rieure qui joue un r\u00f4le dans la situation actuelle d&#8217;Ha\u00efti&nbsp;?<\/strong><\/li><li>Bien avant l\u2019administration de l\u2019ancien Pr\u00e9sident Michel Martelly, on entendait souvent parler de la d\u00e9couverte de p\u00e9trole en Ha\u00efti dans diff\u00e9rentes r\u00e9gions de la capitale et dans certaines villes de provinces.&nbsp; D\u2019autres ressources naturelles comme l\u2019or, l&#8217;uranium, le cuivre, l\u2019argent et un tas d\u2019autres que nous avons chez nous ont toujours \u00e9t\u00e9 sujet d\u2019exploitation. Son premier Ministre \u00e0 l&#8217;\u00e9poque Laurent Lamothe avait entam\u00e9 les pourparlers avec des compagnies mini\u00e8res parmi lesquelles VCS Mining avec Tony Rodham comme membre dirigeant qui fut le fr\u00e8re de Hillary Clinton. Une richesse valant plus que vingt billions de dollars am\u00e9ricains. D&#8217;apr\u00e8s Lamothe, l&#8217;\u00e9conomie Ha\u00efti en profiterait grandement. Par contre, des groupes de protection de l\u2019environnement alertaient que ces fouilles pr\u00e9senteront un danger pour la sant\u00e9 de la population de ces zones. Lamothe avec le soutien de la banque mondiale avait voulu aider au niveau de la l\u00e9galit\u00e9 de ces fouilles puisqu\u2019il y a des obstacles \u00e0 ce niveau. En plus de tout cela, il est dit dans les coulisses que toutes les zones r\u00e9cemment occup\u00e9es par les gangs sont effectivement des pistes de fouille contenant probablement cette richesse que cherchent les Etats Unis et Le Canada. La semaine derni\u00e8re la concertation pour Ha\u00efti, bas\u00e9e \u00e0 aviser la population qu\u2019une compagnie mini\u00e8re du Canada s&#8217;appr\u00eate \u00e0 recevoir une licence lui permettant d\u2019extraire de l\u2019or \u00e0 Dajabon pr\u00e8s de la fronti\u00e8re entre Ha\u00efti et la R\u00e9publique Dominicaine. Beaucoup d&#8217;Ha\u00eftiens pensent que le programme d\u2019aide humanitaire en urgence \u201c Biden Program\u201d qui permet aux familles de parrainer plusieurs immigrants Ha\u00eftiens en les faisant venir aux Etats-Unis est aussi un d\u00e9guerpissement pour faciliter leurs acc\u00e8s aux ressources naturelles.<\/li><\/ul>\n\n\n\n<ul><li><strong>Des soldats africains notamment des <\/strong><strong>Kenyans sont annonc\u00e9s pour aider \u00e0 ramener la s\u00e9curit\u00e9. Comment les Ha\u00eftiens accueillent-ils cette nouvelle&nbsp;?<\/strong><\/li><\/ul>\n\n\n\n<ul><li>Nous avons beaucoup de doute sur l&#8217;int\u00e9r\u00eat de cette intervention. Nous savons aussi que le Kenya fait face \u00e0 ses propres probl\u00e8mes d\u2019ins\u00e9curit\u00e9.&nbsp; Les Ha\u00eftiens sont arriv\u00e9s au point o\u00f9 ils ont de tr\u00e8s grandes appr\u00e9hensions lorsqu\u2019on parle d\u2019aide ou d\u2019assistance financi\u00e8re venant de l\u2019\u00e9tranger. Ha\u00efti a aid\u00e9 beaucoup d\u2019autres pays mais il n\u2019y pas vraiment eu de r\u00e9ciprocit\u00e9. Depuis le grand tremblement de terre en 2010, nous avons r\u00e9alis\u00e9 que les billions de dollars qui \u00e9taient entr\u00e9s en Ha\u00efti pour nous remettre sur pieds ont disparu avec les \u00e9trangers, les ONG qui \u00e9taient venu \u201caider\u201d comme Bill Hillary Clinton. D\u2019autant plus, la jeunesse commence \u00e0 ouvrir les yeux sur l\u2019intervention Kenyane. Il est vrai que ce sont nos fr\u00e8res et que nous aurions pr\u00e9f\u00e9r\u00e9 d&#8217;\u00eatre aid\u00e9s par eux, mais il y a clairement un agenda cach\u00e9 comme d\u2019habitude. Nous avons nos soup\u00e7ons parce que tout ce qui est d\u00e9cid\u00e9 de concert avec Ariel Henry pr\u00e9sente une menace pour nous. \u00c7a allait d\u00e9j\u00e0 mal avant qu\u2019il soit nomm\u00e9, depuis son installation au poste de la primature, tout va de mal en pire de plus en plus et il reste silencieux face \u00e0 l&#8217;\u00e9tat de son pays et la souffrance du peuple, mais il se met d\u2019accord avec les \u00e9trangers.<\/li><\/ul>\n\n\n\n<figure class=\"wp-block-image aligncenter size-full is-resized\"><img loading=\"lazy\" decoding=\"async\" src=\"http:\/\/7culture.ci\/wp-content\/uploads\/2024\/03\/Tif2.jpeg\" alt=\"\" class=\"wp-image-26185\" width=\"680\" height=\"612\" srcset=\"https:\/\/7culture.ci\/wp-content\/uploads\/2024\/03\/Tif2.jpeg 1016w, https:\/\/7culture.ci\/wp-content\/uploads\/2024\/03\/Tif2-300x270.jpeg 300w, https:\/\/7culture.ci\/wp-content\/uploads\/2024\/03\/Tif2-768x691.jpeg 768w\" sizes=\"(max-width: 680px) 100vw, 680px\" \/><\/figure>\n\n\n\n<ul><li><strong>Peut-on esp\u00e9rer voir Ha\u00efti sortir un jour de ce chaos ?<\/strong><\/li><li>Je ne peux pas parler pour tout le peuple, mais pour moi je ne peux pas me permettre de ne pas avoir d&#8217;espoir, je suis tr\u00e8s attach\u00e9e \u00e0 mon pays et j\u2019ai un tr\u00e8s sentiment d\u2019appartenance. J\u2019ai grandi dans la tension du climat politique. Je me souviens, petite, que j\u2019ai d\u00fb dormir au sol \u00e0 l&#8217;\u00e9poque du coup d\u2019\u00e9tat sur la premi\u00e8re administration de Jean Bertrand Aristide parce qu\u2019il y avait des tir\u00e9s \u00e0 longueur de journ\u00e9e et toute la nuit. En 2019, j\u2019ai vu par surprise sur internet une vid\u00e9o de mon p\u00e8re et ma m\u00e8re chasser des manifestants qui s&#8217;appr\u00eataient \u00e0 mettre le feu au v\u00e9hicule de la Fondation Maurice Sixto dont ma m\u00e8re est la directrice. Ha\u00efti est aussi le pays o\u00f9 j&#8217;ai grandi et o\u00f9 j&#8217;ai mes plus beaux souvenirs. C\u2019est en Ha\u00efti que j\u2019ai lanc\u00e9 ma carri\u00e8re de musique. J\u2019ai visit\u00e9 les autres \u00eeles de la cara\u00efbe mais Ha\u00efti reste mon plus seul lien avec l&#8217;Afrique. Je pense que \u00e7a va aller mal avant que tout aille bien. Pour que \u00e7a se r\u00e9alise, les Ha\u00eftiens doivent admettre que le probl\u00e8me d&#8217;Ha\u00efti doit \u00eatre r\u00e9solu par les Ha\u00eftiens. Personne n&#8217;\u00e9tait venu nous aider en 1804. Personne ne viendra en 2024. Cette fois ci La r\u00e9volution devra se faire pour chasser les \u00e9trangers oppresseurs et les Ha\u00eftiens qui le rendent possible.<\/li><\/ul>\n\n\n\n<p>Interview r\u00e9alis\u00e9e par t\u00e9l\u00e9phone par: <strong>\u00c9ric Cossa<\/strong><\/p>\n","protected":false},"excerpt":{"rendered":"<p>Ha\u00efti va mal. Tr\u00e8s mal m\u00eame.\u00a0 Depuis l\u2019assassinat en 2019 du pr\u00e9sident Jovenel Moise, le pays est pris en otage par des gangs qui s\u00e8ment quotidiennement la mort et la terreur. Comment la premi\u00e8re r\u00e9publique noire ind\u00e9pendante depuis 1804 en est-elle arriv\u00e9e l\u00e0 ? Tifane, star ha\u00eftienne de la musique que nous avons eue par &hellip;<\/p>\n<p class=\"read-more\"> <a class=\"\" href=\"https:\/\/7culture.ci\/index.php\/2024\/03\/12\/tifane-chanteuse-haitienne-depuis-port-au-prince-voici-ceux-qui-se-cachent-derriere-le-chaos-en-haiti\/\"> <span class=\"screen-reader-text\">Tifane (chanteuse ha\u00eftienne) depuis Port-au-Prince : \u00ab Voici ceux qui se cachent derri\u00e8re le chaos en Ha\u00efti\u00a0\u00bb<\/span> Lire la suite\u00a0\u00bb<\/a><\/p>\n","protected":false},"author":1,"featured_media":26182,"comment_status":"open","ping_status":"open","sticky":false,"template":"","format":"standard","meta":{"_mi_skip_tracking":false,"_monsterinsights_sitenote_active":false,"_monsterinsights_sitenote_note":"","_monsterinsights_sitenote_category":0,"site-sidebar-layout":"default","site-content-layout":"default","ast-global-header-display":"","ast-main-header-display":"","ast-hfb-above-header-display":"","ast-hfb-below-header-display":"","ast-hfb-mobile-header-display":"","site-post-title":"","ast-breadcrumbs-content":"","ast-featured-img":"","footer-sml-layout":"","theme-transparent-header-meta":"","adv-header-id-meta":"","stick-header-meta":"","header-above-stick-meta":"","header-main-stick-meta":"","header-below-stick-meta":"","footnotes":"","jetpack_publicize_message":"","jetpack_is_tweetstorm":false,"jetpack_publicize_feature_enabled":true},"categories":[22],"tags":[],"jetpack_publicize_connections":[],"acf":[],"aioseo_notices":[],"yoast_head":"<!-- This site is optimized with the Yoast SEO plugin v19.6.1 - https:\/\/yoast.com\/wordpress\/plugins\/seo\/ -->\n<title>Tifane (chanteuse ha\u00eftienne) depuis Port-au-Prince : \u00ab Voici ceux qui se cachent derri\u00e8re le chaos en Ha\u00efti\u00a0\u00bb - 7culture<\/title>\n<meta name=\"robots\" content=\"index, follow, max-snippet:-1, max-image-preview:large, max-video-preview:-1\" \/>\n<link rel=\"canonical\" href=\"https:\/\/7culture.ci\/index.php\/2024\/03\/12\/tifane-chanteuse-haitienne-depuis-port-au-prince-voici-ceux-qui-se-cachent-derriere-le-chaos-en-haiti\/\" \/>\n<meta property=\"og:locale\" content=\"fr_FR\" \/>\n<meta property=\"og:type\" content=\"article\" \/>\n<meta property=\"og:title\" content=\"Tifane (chanteuse ha\u00eftienne) depuis Port-au-Prince : \u00ab Voici ceux qui se cachent derri\u00e8re le chaos en Ha\u00efti\u00a0\u00bb - 7culture\" \/>\n<meta property=\"og:description\" content=\"Ha\u00efti va mal. Tr\u00e8s mal m\u00eame.\u00a0 Depuis l\u2019assassinat en 2019 du pr\u00e9sident Jovenel Moise, le pays est pris en otage par des gangs qui s\u00e8ment quotidiennement la mort et la terreur. Comment la premi\u00e8re r\u00e9publique noire ind\u00e9pendante depuis 1804 en est-elle arriv\u00e9e l\u00e0 ? Tifane, star ha\u00eftienne de la musique que nous avons eue par &hellip; Tifane (chanteuse ha\u00eftienne) depuis Port-au-Prince : \u00ab Voici ceux qui se cachent derri\u00e8re le chaos en Ha\u00efti\u00a0\u00bb Lire la suite\u00a0\u00bb\" \/>\n<meta property=\"og:url\" content=\"https:\/\/7culture.ci\/index.php\/2024\/03\/12\/tifane-chanteuse-haitienne-depuis-port-au-prince-voici-ceux-qui-se-cachent-derriere-le-chaos-en-haiti\/\" \/>\n<meta property=\"og:site_name\" content=\"7culture\" \/>\n<meta property=\"article:publisher\" content=\"https:\/\/www.facebook.com\/redchefclaude\" \/>\n<meta property=\"article:published_time\" content=\"2024-03-12T08:56:05+00:00\" \/>\n<meta property=\"article:modified_time\" content=\"2024-03-30T16:47:30+00:00\" \/>\n<meta property=\"og:image\" content=\"http:\/\/7culture.ci\/wp-content\/uploads\/2024\/03\/Fif1.jpeg\" \/>\n\t<meta property=\"og:image:width\" content=\"1490\" \/>\n\t<meta property=\"og:image:height\" content=\"1229\" \/>\n\t<meta property=\"og:image:type\" content=\"image\/jpeg\" \/>\n<meta name=\"author\" content=\"7culture2020\" \/>\n<meta name=\"twitter:card\" content=\"summary_large_image\" \/>\n<meta name=\"twitter:creator\" content=\"@7culturec\" \/>\n<meta name=\"twitter:site\" content=\"@7culturec\" \/>\n<meta name=\"twitter:label1\" content=\"\u00c9crit par\" \/>\n\t<meta name=\"twitter:data1\" content=\"7culture2020\" \/>\n\t<meta name=\"twitter:label2\" content=\"Dur\u00e9e de lecture estim\u00e9e\" \/>\n\t<meta name=\"twitter:data2\" content=\"8 minutes\" \/>\n<script type=\"application\/ld+json\" class=\"yoast-schema-graph\">{\"@context\":\"https:\/\/schema.org\",\"@graph\":[{\"@type\":\"Article\",\"@id\":\"https:\/\/7culture.ci\/index.php\/2024\/03\/12\/tifane-chanteuse-haitienne-depuis-port-au-prince-voici-ceux-qui-se-cachent-derriere-le-chaos-en-haiti\/#article\",\"isPartOf\":{\"@id\":\"https:\/\/7culture.ci\/index.php\/2024\/03\/12\/tifane-chanteuse-haitienne-depuis-port-au-prince-voici-ceux-qui-se-cachent-derriere-le-chaos-en-haiti\/\"},\"author\":{\"name\":\"7culture2020\",\"@id\":\"https:\/\/7culture.ci\/#\/schema\/person\/16150d28d7ef66ba788c1f87f28c4426\"},\"headline\":\"Tifane (chanteuse ha\u00eftienne) depuis Port-au-Prince : \u00ab Voici ceux qui se cachent derri\u00e8re le chaos en Ha\u00efti\u00a0\u00bb\",\"datePublished\":\"2024-03-12T08:56:05+00:00\",\"dateModified\":\"2024-03-30T16:47:30+00:00\",\"mainEntityOfPage\":{\"@id\":\"https:\/\/7culture.ci\/index.php\/2024\/03\/12\/tifane-chanteuse-haitienne-depuis-port-au-prince-voici-ceux-qui-se-cachent-derriere-le-chaos-en-haiti\/\"},\"wordCount\":1666,\"commentCount\":0,\"publisher\":{\"@id\":\"https:\/\/7culture.ci\/#organization\"},\"articleSection\":[\"Actualit\u00e9\"],\"inLanguage\":\"fr-FR\",\"potentialAction\":[{\"@type\":\"CommentAction\",\"name\":\"Comment\",\"target\":[\"https:\/\/7culture.ci\/index.php\/2024\/03\/12\/tifane-chanteuse-haitienne-depuis-port-au-prince-voici-ceux-qui-se-cachent-derriere-le-chaos-en-haiti\/#respond\"]}]},{\"@type\":\"WebPage\",\"@id\":\"https:\/\/7culture.ci\/index.php\/2024\/03\/12\/tifane-chanteuse-haitienne-depuis-port-au-prince-voici-ceux-qui-se-cachent-derriere-le-chaos-en-haiti\/\",\"url\":\"https:\/\/7culture.ci\/index.php\/2024\/03\/12\/tifane-chanteuse-haitienne-depuis-port-au-prince-voici-ceux-qui-se-cachent-derriere-le-chaos-en-haiti\/\",\"name\":\"Tifane (chanteuse ha\u00eftienne) depuis Port-au-Prince : \u00ab Voici ceux qui se cachent derri\u00e8re le chaos en Ha\u00efti\u00a0\u00bb - 7culture\",\"isPartOf\":{\"@id\":\"https:\/\/7culture.ci\/#website\"},\"datePublished\":\"2024-03-12T08:56:05+00:00\",\"dateModified\":\"2024-03-30T16:47:30+00:00\",\"breadcrumb\":{\"@id\":\"https:\/\/7culture.ci\/index.php\/2024\/03\/12\/tifane-chanteuse-haitienne-depuis-port-au-prince-voici-ceux-qui-se-cachent-derriere-le-chaos-en-haiti\/#breadcrumb\"},\"inLanguage\":\"fr-FR\",\"potentialAction\":[{\"@type\":\"ReadAction\",\"target\":[\"https:\/\/7culture.ci\/index.php\/2024\/03\/12\/tifane-chanteuse-haitienne-depuis-port-au-prince-voici-ceux-qui-se-cachent-derriere-le-chaos-en-haiti\/\"]}]},{\"@type\":\"BreadcrumbList\",\"@id\":\"https:\/\/7culture.ci\/index.php\/2024\/03\/12\/tifane-chanteuse-haitienne-depuis-port-au-prince-voici-ceux-qui-se-cachent-derriere-le-chaos-en-haiti\/#breadcrumb\",\"itemListElement\":[{\"@type\":\"ListItem\",\"position\":1,\"name\":\"Accueil\",\"item\":\"https:\/\/7culture.ci\/\"},{\"@type\":\"ListItem\",\"position\":2,\"name\":\"Tifane (chanteuse ha\u00eftienne) depuis Port-au-Prince : \u00ab Voici ceux qui se cachent derri\u00e8re le chaos en Ha\u00efti\u00a0\u00bb\"}]},{\"@type\":\"WebSite\",\"@id\":\"https:\/\/7culture.ci\/#website\",\"url\":\"https:\/\/7culture.ci\/\",\"name\":\"7culture\",\"description\":\"Tout sur l&#039;actualit\u00e9\",\"publisher\":{\"@id\":\"https:\/\/7culture.ci\/#organization\"},\"potentialAction\":[{\"@type\":\"SearchAction\",\"target\":{\"@type\":\"EntryPoint\",\"urlTemplate\":\"https:\/\/7culture.ci\/?s={search_term_string}\"},\"query-input\":\"required name=search_term_string\"}],\"inLanguage\":\"fr-FR\"},{\"@type\":\"Organization\",\"@id\":\"https:\/\/7culture.ci\/#organization\",\"name\":\"7culture\",\"url\":\"https:\/\/7culture.ci\/\",\"sameAs\":[\"https:\/\/www.facebook.com\/redchefclaude\",\"https:\/\/twitter.com\/7culturec\"],\"logo\":{\"@type\":\"ImageObject\",\"inLanguage\":\"fr-FR\",\"@id\":\"https:\/\/7culture.ci\/#\/schema\/logo\/image\/\",\"url\":\"https:\/\/7culture.ci\/wp-content\/uploads\/2021\/12\/S1a-1.png\",\"contentUrl\":\"https:\/\/7culture.ci\/wp-content\/uploads\/2021\/12\/S1a-1.png\",\"width\":588,\"height\":192,\"caption\":\"7culture\"},\"image\":{\"@id\":\"https:\/\/7culture.ci\/#\/schema\/logo\/image\/\"}},{\"@type\":\"Person\",\"@id\":\"https:\/\/7culture.ci\/#\/schema\/person\/16150d28d7ef66ba788c1f87f28c4426\",\"name\":\"7culture2020\",\"image\":{\"@type\":\"ImageObject\",\"inLanguage\":\"fr-FR\",\"@id\":\"https:\/\/7culture.ci\/#\/schema\/person\/image\/\",\"url\":\"https:\/\/secure.gravatar.com\/avatar\/9a0784f951306c37bcd065f52844ef95?s=96&d=mm&r=g\",\"contentUrl\":\"https:\/\/secure.gravatar.com\/avatar\/9a0784f951306c37bcd065f52844ef95?s=96&d=mm&r=g\",\"caption\":\"7culture2020\"},\"sameAs\":[\"http:\/\/7culture.ci\",\"Claude.kipre\"],\"url\":\"https:\/\/7culture.ci\/index.php\/author\/7culture2020\/\"}]}<\/script>\n<!-- \/ Yoast SEO plugin. -->","yoast_head_json":{"title":"Tifane (chanteuse ha\u00eftienne) depuis Port-au-Prince : \u00ab Voici ceux qui se cachent derri\u00e8re le chaos en Ha\u00efti\u00a0\u00bb - 7culture","robots":{"index":"index","follow":"follow","max-snippet":"max-snippet:-1","max-image-preview":"max-image-preview:large","max-video-preview":"max-video-preview:-1"},"canonical":"https:\/\/7culture.ci\/index.php\/2024\/03\/12\/tifane-chanteuse-haitienne-depuis-port-au-prince-voici-ceux-qui-se-cachent-derriere-le-chaos-en-haiti\/","og_locale":"fr_FR","og_type":"article","og_title":"Tifane (chanteuse ha\u00eftienne) depuis Port-au-Prince : \u00ab Voici ceux qui se cachent derri\u00e8re le chaos en Ha\u00efti\u00a0\u00bb - 7culture","og_description":"Ha\u00efti va mal. Tr\u00e8s mal m\u00eame.\u00a0 Depuis l\u2019assassinat en 2019 du pr\u00e9sident Jovenel Moise, le pays est pris en otage par des gangs qui s\u00e8ment quotidiennement la mort et la terreur. Comment la premi\u00e8re r\u00e9publique noire ind\u00e9pendante depuis 1804 en est-elle arriv\u00e9e l\u00e0 ? Tifane, star ha\u00eftienne de la musique que nous avons eue par &hellip; Tifane (chanteuse ha\u00eftienne) depuis Port-au-Prince : \u00ab Voici ceux qui se cachent derri\u00e8re le chaos en Ha\u00efti\u00a0\u00bb Lire la suite\u00a0\u00bb","og_url":"https:\/\/7culture.ci\/index.php\/2024\/03\/12\/tifane-chanteuse-haitienne-depuis-port-au-prince-voici-ceux-qui-se-cachent-derriere-le-chaos-en-haiti\/","og_site_name":"7culture","article_publisher":"https:\/\/www.facebook.com\/redchefclaude","article_published_time":"2024-03-12T08:56:05+00:00","article_modified_time":"2024-03-30T16:47:30+00:00","og_image":[{"width":1490,"height":1229,"url":"http:\/\/7culture.ci\/wp-content\/uploads\/2024\/03\/Fif1.jpeg","type":"image\/jpeg"}],"author":"7culture2020","twitter_card":"summary_large_image","twitter_creator":"@7culturec","twitter_site":"@7culturec","twitter_misc":{"\u00c9crit par":"7culture2020","Dur\u00e9e de lecture estim\u00e9e":"8 minutes"},"schema":{"@context":"https:\/\/schema.org","@graph":[{"@type":"Article","@id":"https:\/\/7culture.ci\/index.php\/2024\/03\/12\/tifane-chanteuse-haitienne-depuis-port-au-prince-voici-ceux-qui-se-cachent-derriere-le-chaos-en-haiti\/#article","isPartOf":{"@id":"https:\/\/7culture.ci\/index.php\/2024\/03\/12\/tifane-chanteuse-haitienne-depuis-port-au-prince-voici-ceux-qui-se-cachent-derriere-le-chaos-en-haiti\/"},"author":{"name":"7culture2020","@id":"https:\/\/7culture.ci\/#\/schema\/person\/16150d28d7ef66ba788c1f87f28c4426"},"headline":"Tifane (chanteuse ha\u00eftienne) depuis Port-au-Prince : \u00ab Voici ceux qui se cachent derri\u00e8re le chaos en Ha\u00efti\u00a0\u00bb","datePublished":"2024-03-12T08:56:05+00:00","dateModified":"2024-03-30T16:47:30+00:00","mainEntityOfPage":{"@id":"https:\/\/7culture.ci\/index.php\/2024\/03\/12\/tifane-chanteuse-haitienne-depuis-port-au-prince-voici-ceux-qui-se-cachent-derriere-le-chaos-en-haiti\/"},"wordCount":1666,"commentCount":0,"publisher":{"@id":"https:\/\/7culture.ci\/#organization"},"articleSection":["Actualit\u00e9"],"inLanguage":"fr-FR","potentialAction":[{"@type":"CommentAction","name":"Comment","target":["https:\/\/7culture.ci\/index.php\/2024\/03\/12\/tifane-chanteuse-haitienne-depuis-port-au-prince-voici-ceux-qui-se-cachent-derriere-le-chaos-en-haiti\/#respond"]}]},{"@type":"WebPage","@id":"https:\/\/7culture.ci\/index.php\/2024\/03\/12\/tifane-chanteuse-haitienne-depuis-port-au-prince-voici-ceux-qui-se-cachent-derriere-le-chaos-en-haiti\/","url":"https:\/\/7culture.ci\/index.php\/2024\/03\/12\/tifane-chanteuse-haitienne-depuis-port-au-prince-voici-ceux-qui-se-cachent-derriere-le-chaos-en-haiti\/","name":"Tifane (chanteuse ha\u00eftienne) depuis Port-au-Prince : \u00ab Voici ceux qui se cachent derri\u00e8re le chaos en Ha\u00efti\u00a0\u00bb - 7culture","isPartOf":{"@id":"https:\/\/7culture.ci\/#website"},"datePublished":"2024-03-12T08:56:05+00:00","dateModified":"2024-03-30T16:47:30+00:00","breadcrumb":{"@id":"https:\/\/7culture.ci\/index.php\/2024\/03\/12\/tifane-chanteuse-haitienne-depuis-port-au-prince-voici-ceux-qui-se-cachent-derriere-le-chaos-en-haiti\/#breadcrumb"},"inLanguage":"fr-FR","potentialAction":[{"@type":"ReadAction","target":["https:\/\/7culture.ci\/index.php\/2024\/03\/12\/tifane-chanteuse-haitienne-depuis-port-au-prince-voici-ceux-qui-se-cachent-derriere-le-chaos-en-haiti\/"]}]},{"@type":"BreadcrumbList","@id":"https:\/\/7culture.ci\/index.php\/2024\/03\/12\/tifane-chanteuse-haitienne-depuis-port-au-prince-voici-ceux-qui-se-cachent-derriere-le-chaos-en-haiti\/#breadcrumb","itemListElement":[{"@type":"ListItem","position":1,"name":"Accueil","item":"https:\/\/7culture.ci\/"},{"@type":"ListItem","position":2,"name":"Tifane (chanteuse ha\u00eftienne) depuis Port-au-Prince : \u00ab Voici ceux qui se cachent derri\u00e8re le chaos en Ha\u00efti\u00a0\u00bb"}]},{"@type":"WebSite","@id":"https:\/\/7culture.ci\/#website","url":"https:\/\/7culture.ci\/","name":"7culture","description":"Tout sur l&#039;actualit\u00e9","publisher":{"@id":"https:\/\/7culture.ci\/#organization"},"potentialAction":[{"@type":"SearchAction","target":{"@type":"EntryPoint","urlTemplate":"https:\/\/7culture.ci\/?s={search_term_string}"},"query-input":"required name=search_term_string"}],"inLanguage":"fr-FR"},{"@type":"Organization","@id":"https:\/\/7culture.ci\/#organization","name":"7culture","url":"https:\/\/7culture.ci\/","sameAs":["https:\/\/www.facebook.com\/redchefclaude","https:\/\/twitter.com\/7culturec"],"logo":{"@type":"ImageObject","inLanguage":"fr-FR","@id":"https:\/\/7culture.ci\/#\/schema\/logo\/image\/","url":"https:\/\/7culture.ci\/wp-content\/uploads\/2021\/12\/S1a-1.png","contentUrl":"https:\/\/7culture.ci\/wp-content\/uploads\/2021\/12\/S1a-1.png","width":588,"height":192,"caption":"7culture"},"image":{"@id":"https:\/\/7culture.ci\/#\/schema\/logo\/image\/"}},{"@type":"Person","@id":"https:\/\/7culture.ci\/#\/schema\/person\/16150d28d7ef66ba788c1f87f28c4426","name":"7culture2020","image":{"@type":"ImageObject","inLanguage":"fr-FR","@id":"https:\/\/7culture.ci\/#\/schema\/person\/image\/","url":"https:\/\/secure.gravatar.com\/avatar\/9a0784f951306c37bcd065f52844ef95?s=96&d=mm&r=g","contentUrl":"https:\/\/secure.gravatar.com\/avatar\/9a0784f951306c37bcd065f52844ef95?s=96&d=mm&r=g","caption":"7culture2020"},"sameAs":["http:\/\/7culture.ci","Claude.kipre"],"url":"https:\/\/7culture.ci\/index.php\/author\/7culture2020\/"}]}},"jetpack_featured_media_url":"https:\/\/7culture.ci\/wp-content\/uploads\/2024\/03\/Fif1.jpeg","jetpack_likes_enabled":true,"jetpack_sharing_enabled":true,"_links":{"self":[{"href":"https:\/\/7culture.ci\/index.php\/wp-json\/wp\/v2\/posts\/26180"}],"collection":[{"href":"https:\/\/7culture.ci\/index.php\/wp-json\/wp\/v2\/posts"}],"about":[{"href":"https:\/\/7culture.ci\/index.php\/wp-json\/wp\/v2\/types\/post"}],"author":[{"embeddable":true,"href":"https:\/\/7culture.ci\/index.php\/wp-json\/wp\/v2\/users\/1"}],"replies":[{"embeddable":true,"href":"https:\/\/7culture.ci\/index.php\/wp-json\/wp\/v2\/comments?post=26180"}],"version-history":[{"count":1,"href":"https:\/\/7culture.ci\/index.php\/wp-json\/wp\/v2\/posts\/26180\/revisions"}],"predecessor-version":[{"id":26186,"href":"https:\/\/7culture.ci\/index.php\/wp-json\/wp\/v2\/posts\/26180\/revisions\/26186"}],"wp:featuredmedia":[{"embeddable":true,"href":"https:\/\/7culture.ci\/index.php\/wp-json\/wp\/v2\/media\/26182"}],"wp:attachment":[{"href":"https:\/\/7culture.ci\/index.php\/wp-json\/wp\/v2\/media?parent=26180"}],"wp:term":[{"taxonomy":"category","embeddable":true,"href":"https:\/\/7culture.ci\/index.php\/wp-json\/wp\/v2\/categories?post=26180"},{"taxonomy":"post_tag","embeddable":true,"href":"https:\/\/7culture.ci\/index.php\/wp-json\/wp\/v2\/tags?post=26180"}],"curies":[{"name":"wp","href":"https:\/\/api.w.org\/{rel}","templated":true}]}}