{"id":26142,"date":"2024-01-20T11:00:44","date_gmt":"2024-01-20T11:00:44","guid":{"rendered":"https:\/\/7culture.ci\/?p=26142"},"modified":"2024-01-20T11:16:19","modified_gmt":"2024-01-20T11:16:19","slug":"des-supporters-fous-des-elephants","status":"publish","type":"post","link":"https:\/\/7culture.ci\/index.php\/2024\/01\/20\/des-supporters-fous-des-elephants\/","title":{"rendered":"Des supporters\u2026 \u2018\u2019fous\u2019\u2019 des El\u00e9phants"},"content":{"rendered":"\n<p><strong><em>La fi\u00e8vre de la CAN 2023 a contamin\u00e9 toute la C\u00f4te d\u2019Ivoire depuis la somptueuse c\u00e9r\u00e9monie d\u2019ouverture le samedi 13 janvier dernier au stade d\u2019Ebimp\u00e9, ponctu\u00e9e par la victoire des El\u00e9phants face \u00e0 l\u2019\u00e9quipe bissau-guin\u00e9enne (2-0).&nbsp; Et l\u2019h\u00f4pital psychiatrique de Bingerville n\u2019y \u00e9chappe pas. Ses pensionnaires \u2018\u2019fous\u2019\u2019, sont fous de CAN et des El\u00e9phants en qui ils croient tr\u00e8s fort. Immersion \u00e0 l\u2019H\u00f4pital psychiatrique de Bingerville, un jour de CAN.<\/em><\/strong><\/p>\n\n\n\n<figure class=\"wp-block-image aligncenter size-large is-resized\"><img loading=\"lazy\" decoding=\"async\" src=\"http:\/\/7culture.ci\/wp-content\/uploads\/2024\/01\/IMG-20240119-WA0056-1024x768.jpg\" alt=\"\" class=\"wp-image-26145\" width=\"474\" height=\"355\" srcset=\"https:\/\/7culture.ci\/wp-content\/uploads\/2024\/01\/IMG-20240119-WA0056-1024x768.jpg 1024w, https:\/\/7culture.ci\/wp-content\/uploads\/2024\/01\/IMG-20240119-WA0056-300x225.jpg 300w, https:\/\/7culture.ci\/wp-content\/uploads\/2024\/01\/IMG-20240119-WA0056-768x576.jpg 768w, https:\/\/7culture.ci\/wp-content\/uploads\/2024\/01\/IMG-20240119-WA0056.jpg 1040w\" sizes=\"(max-width: 474px) 100vw, 474px\" \/><\/figure>\n\n\n\n<p>Il est 15h30 mn ce mardi 16 janvier, lorsque je franchis le portail de l\u2019H\u00f4pital Psychiatrique de Bingerville, appel\u00e9 commun\u00e9ment \u2018\u2019l\u2019H\u00f4pital des fous\u2019\u2019, situ\u00e9 non loin du carrefour Bandji de la ville.&nbsp; Le temps est quelque peu lourd et maussade, apr\u00e8s une pluie inattendue qui s\u2019est abattue sur la r\u00e9gion d\u2019Abidjan, une heure plus t\u00f4t.<\/p>\n\n\n\n<p>Assis devant la gu\u00e9rite, deux agents de s\u00e9curit\u00e9 v\u00eatus en tenue jaune m\u2019interrogent sur mon identit\u00e9 et l\u2019objet de ma visite. \u00ab <strong><em>Je suis \u00c9ric Cossa. Je suis journaliste. Je viens vivre un peu l\u2019ambiance de la CAN avec nos fr\u00e8res et s\u0153urs malades et le personnel&nbsp;\u00bb,<\/em> r\u00e9pondis-je avec un petit sourire en coin pour les mettre \u00e0 l\u2019aise et les rassurer. <em>\u00ab&nbsp;H\u00e9\u00e9\u00e9\u2026 mon fr\u00e8re, ici on vit la CAN, hein&nbsp;!!! voici les malades l\u00e0-bas au foyer. Va les voir. Ils regardent les matchs&nbsp;<\/em><\/strong><em>\u00bb,<\/em> me lancent-ils en ch\u0153ur. Le foyer sans \u00e9criteau, une sorte d\u2019appatame, peint en bleu et blanc, comme l\u2019ensemble de l\u2019\u00e9tablissement, se trouve \u00e0 une centaine de m\u00e8tres du portail d\u2019entr\u00e9e. Je m\u2019y introduis et m\u2019y installe discr\u00e8tement, pour ne pas d\u00e9ranger la dizaine de personnes en train de regarder la deuxi\u00e8me mi-temps du match Burkina-Mauritanie. Il y a des adultes, des hommes, des femmes et des jeunes gens. Ils sont assis sur des chaises, des bancs, tous les yeux riv\u00e9s sur le petit \u00e9cran plasma fix\u00e9 au mur de la cuisine du foyer, qui sert aussi de restaurant.<\/p>\n\n\n\n<figure class=\"wp-block-image aligncenter size-large is-resized\"><img loading=\"lazy\" decoding=\"async\" src=\"https:\/\/7culture.ci\/wp-content\/uploads\/2024\/01\/IMG-20240119-WA0057-1-768x1024.jpg\" alt=\"\" class=\"wp-image-26151\" width=\"282\" height=\"375\" srcset=\"https:\/\/7culture.ci\/wp-content\/uploads\/2024\/01\/IMG-20240119-WA0057-1-768x1024.jpg 768w, https:\/\/7culture.ci\/wp-content\/uploads\/2024\/01\/IMG-20240119-WA0057-1-225x300.jpg 225w, https:\/\/7culture.ci\/wp-content\/uploads\/2024\/01\/IMG-20240119-WA0057-1.jpg 780w\" sizes=\"(max-width: 282px) 100vw, 282px\" \/><\/figure>\n\n\n\n<p>Une charmante jeune femme, la trentaine, tout de bleu v\u00eatue, feuilletant et commentant un d\u00e9pliant sur la CAN tout pr\u00e8s de moi, attire mon attention. Et je n\u2019h\u00e9site pas \u00e0 engager la conversation avec elle. <strong><em>\u00ab&nbsp;Bonsoir, je suis \u00c9ric Cossa, journaliste. Je suis venu regarder le match avec les pensionnaires de l\u2019h\u00f4pital&nbsp;\u00bb,<\/em> lui dis-je.&nbsp;<em>\u00ab&nbsp;Ah, ok bienvenue chez nous alors monsieur. Moi, je m\u2019appelle Isabelle Taki, je suis agent d\u2019hygi\u00e8ne dans l\u2019\u00e9tablissement&nbsp;\u00bb,<\/em> r\u00e9pond-elle. Avant d\u2019ajouter&nbsp;:&nbsp;\u00ab <em>Parmi les gens qui sont l\u00e0 il y a des malades mentaux, comme le petit Beto devenu fou et retrouv\u00e9 dans la rue, le gendarme Tour\u00e9 Anthelme tr\u00e8s atteint mentalement et emmen\u00e9 de Toulepleu et bien d\u2019autres<\/em>&nbsp;\u00bb.<\/strong><\/p>\n\n\n\n<figure class=\"wp-block-image aligncenter size-large is-resized\"><img loading=\"lazy\" decoding=\"async\" src=\"https:\/\/7culture.ci\/wp-content\/uploads\/2024\/01\/IMG-20240119-WA0058-1-768x1024.jpg\" alt=\"\" class=\"wp-image-26150\" width=\"336\" height=\"448\" srcset=\"https:\/\/7culture.ci\/wp-content\/uploads\/2024\/01\/IMG-20240119-WA0058-1-768x1024.jpg 768w, https:\/\/7culture.ci\/wp-content\/uploads\/2024\/01\/IMG-20240119-WA0058-1-225x300.jpg 225w, https:\/\/7culture.ci\/wp-content\/uploads\/2024\/01\/IMG-20240119-WA0058-1.jpg 780w\" sizes=\"(max-width: 336px) 100vw, 336px\" \/><\/figure>\n\n\n\n<p>Le jeune Beto, la quinzaine, partage notre caf\u00e9 qu\u2019il boit goulument. Il ne parle presque pas. Il fait plut\u00f4t des gestes, quand il y a des actions de but. Tout comme beaucoup de ses camarades malades pr\u00e9sents dans le foyer-restaurant.&nbsp; Le gendarme A. T., malade mental, venu de Toulepleu selon ses propres dires, est un peu plus prolixe. <strong><em>\u00ab Nous les malades, on suit tous les jours les matchs de la CAN. On supporte fort les El\u00e9phants. On va prendre la coupe cette ann\u00e9e \u00bb<\/em><\/strong>, dit-il, en riant. Le petit Beto assis \u00e0 nos c\u00f4t\u00e9s acquiesce de la t\u00eate. Et l\u00e8ve les deux doits en l\u2019air en signe de victoire. Quand survient \u00e0 un moment donn\u00e9 du match en cours un penalty en faveur du Burkina Faso. Le foyer retient son souffle. Apr\u00e8s la transformation du penalty par Bertrand Traor\u00e9, les malades, les parents, le pharmacien, l\u2019infirmier et les agents d\u2019hygi\u00e8ne pr\u00e9sents jubilent. <strong>\u00ab <em>Les Etalons, ce sont nos voisins, on souhaite qu\u2019ils gagnent ce match. D\u2019ailleurs \u00e0 l\u2019h\u00f4pital ici, parmi nos malades, il y a toutes les nationalit\u00e9s de l\u2019Afrique de l\u2019Ouest \u00bb<\/em>,<\/strong> dit euphorique, l\u2019agent d\u2019hygi\u00e8ne Isabelle Taki. Au m\u00eame moment, un autre malade arrive en trombe au foyer pour regarder le match. Les cheveux \u00e9bouriff\u00e9s, il est compl\u00e9ment d\u00e9braill\u00e9 d\u00e9gageant une odeur de pipi.&nbsp; <strong><em>\u00ab&nbsp;Tu vas o\u00f9&nbsp;? Retourne au pavillon. Va te laver avant de revenir&nbsp;\u00bb<\/em>,<\/strong> lui lance au visage l\u2019agent d\u2019hygi\u00e8ne Isabelle Taki. Le jeune colosse, la vingtaine, retourne sans brancher. Il est un peu moins de 17 heures. Le match Burkina-Mauritanie s\u2019est achev\u00e9 par la victoire des Etalons (1-0). C\u2019est le temps de prendre cong\u00e9s de nos amis \u2018\u2018fous\u2019\u2019, fous des El\u00e9phants de <em>\u2019\u2019l\u2019Hospital des fous\u2019\u2019<\/em>. Qui croient tous tr\u00e8s fort \u00e0 la victoire finale des El\u00e9phants aujourd\u2019hui dans cette 34<sup>\u00e8<\/sup> \u00e9dition de la coupe d\u2019Afrique des Nations.<\/p>\n\n\n\n<figure class=\"wp-block-image aligncenter size-large is-resized\"><img loading=\"lazy\" decoding=\"async\" src=\"http:\/\/7culture.ci\/wp-content\/uploads\/2024\/01\/IMG-20240119-WA0059-1024x768.jpg\" alt=\"\" class=\"wp-image-26147\" width=\"459\" height=\"344\" srcset=\"https:\/\/7culture.ci\/wp-content\/uploads\/2024\/01\/IMG-20240119-WA0059-1024x768.jpg 1024w, https:\/\/7culture.ci\/wp-content\/uploads\/2024\/01\/IMG-20240119-WA0059-300x225.jpg 300w, https:\/\/7culture.ci\/wp-content\/uploads\/2024\/01\/IMG-20240119-WA0059-768x576.jpg 768w, https:\/\/7culture.ci\/wp-content\/uploads\/2024\/01\/IMG-20240119-WA0059.jpg 1040w\" sizes=\"(max-width: 459px) 100vw, 459px\" \/><\/figure>\n\n\n\n<p><strong>Par \u00c9ric Cossa<\/strong><\/p>\n","protected":false},"excerpt":{"rendered":"<p>La fi\u00e8vre de la CAN 2023 a contamin\u00e9 toute la C\u00f4te d\u2019Ivoire depuis la somptueuse c\u00e9r\u00e9monie d\u2019ouverture le samedi 13 janvier dernier au stade d\u2019Ebimp\u00e9, ponctu\u00e9e par la victoire des El\u00e9phants face \u00e0 l\u2019\u00e9quipe bissau-guin\u00e9enne (2-0).&nbsp; Et l\u2019h\u00f4pital psychiatrique de Bingerville n\u2019y \u00e9chappe pas. Ses pensionnaires \u2018\u2019fous\u2019\u2019, sont fous de CAN et des El\u00e9phants en &hellip;<\/p>\n<p class=\"read-more\"> <a class=\"\" href=\"https:\/\/7culture.ci\/index.php\/2024\/01\/20\/des-supporters-fous-des-elephants\/\"> <span class=\"screen-reader-text\">Des supporters\u2026 \u2018\u2019fous\u2019\u2019 des El\u00e9phants<\/span> Lire la suite\u00a0\u00bb<\/a><\/p>\n","protected":false},"author":3,"featured_media":26148,"comment_status":"open","ping_status":"open","sticky":false,"template":"","format":"standard","meta":{"_mi_skip_tracking":false,"_monsterinsights_sitenote_active":false,"_monsterinsights_sitenote_note":"","_monsterinsights_sitenote_category":0,"site-sidebar-layout":"default","site-content-layout":"default","ast-global-header-display":"","ast-main-header-display":"","ast-hfb-above-header-display":"","ast-hfb-below-header-display":"","ast-hfb-mobile-header-display":"","site-post-title":"","ast-breadcrumbs-content":"","ast-featured-img":"","footer-sml-layout":"","theme-transparent-header-meta":"","adv-header-id-meta":"","stick-header-meta":"","header-above-stick-meta":"","header-main-stick-meta":"","header-below-stick-meta":"","footnotes":"","jetpack_publicize_message":"","jetpack_is_tweetstorm":false,"jetpack_publicize_feature_enabled":true},"categories":[45,42],"tags":[],"jetpack_publicize_connections":[],"acf":[],"aioseo_notices":[],"yoast_head":"<!-- This site is optimized with the Yoast SEO plugin v19.6.1 - https:\/\/yoast.com\/wordpress\/plugins\/seo\/ -->\n<title>Des supporters\u2026 \u2018\u2019fous\u2019\u2019 des El\u00e9phants - 7culture<\/title>\n<meta name=\"robots\" content=\"index, follow, max-snippet:-1, max-image-preview:large, max-video-preview:-1\" \/>\n<link rel=\"canonical\" href=\"https:\/\/7culture.ci\/index.php\/2024\/01\/20\/des-supporters-fous-des-elephants\/\" \/>\n<meta property=\"og:locale\" content=\"fr_FR\" \/>\n<meta property=\"og:type\" content=\"article\" \/>\n<meta property=\"og:title\" content=\"Des supporters\u2026 \u2018\u2019fous\u2019\u2019 des El\u00e9phants - 7culture\" \/>\n<meta property=\"og:description\" content=\"La fi\u00e8vre de la CAN 2023 a contamin\u00e9 toute la C\u00f4te d\u2019Ivoire depuis la somptueuse c\u00e9r\u00e9monie d\u2019ouverture le samedi 13 janvier dernier au stade d\u2019Ebimp\u00e9, ponctu\u00e9e par la victoire des El\u00e9phants face \u00e0 l\u2019\u00e9quipe bissau-guin\u00e9enne (2-0).&nbsp; Et l\u2019h\u00f4pital psychiatrique de Bingerville n\u2019y \u00e9chappe pas. Ses pensionnaires \u2018\u2019fous\u2019\u2019, sont fous de CAN et des El\u00e9phants en &hellip; Des supporters\u2026 \u2018\u2019fous\u2019\u2019 des El\u00e9phants Lire la suite\u00a0\u00bb\" \/>\n<meta property=\"og:url\" content=\"https:\/\/7culture.ci\/index.php\/2024\/01\/20\/des-supporters-fous-des-elephants\/\" \/>\n<meta property=\"og:site_name\" content=\"7culture\" \/>\n<meta property=\"article:publisher\" content=\"https:\/\/www.facebook.com\/redchefclaude\" \/>\n<meta property=\"article:published_time\" content=\"2024-01-20T11:00:44+00:00\" \/>\n<meta property=\"article:modified_time\" content=\"2024-01-20T11:16:19+00:00\" \/>\n<meta property=\"og:image\" content=\"http:\/\/7culture.ci\/wp-content\/uploads\/2024\/01\/IMG-20240119-WA0060.jpg\" \/>\n\t<meta property=\"og:image:width\" content=\"1040\" \/>\n\t<meta property=\"og:image:height\" content=\"780\" \/>\n\t<meta property=\"og:image:type\" content=\"image\/jpeg\" \/>\n<meta name=\"author\" content=\"Fahizu FAKAYODE\" \/>\n<meta name=\"twitter:card\" content=\"summary_large_image\" \/>\n<meta name=\"twitter:creator\" content=\"@7culturec\" \/>\n<meta name=\"twitter:site\" content=\"@7culturec\" \/>\n<meta name=\"twitter:label1\" content=\"\u00c9crit par\" \/>\n\t<meta name=\"twitter:data1\" content=\"Fahizu FAKAYODE\" \/>\n\t<meta name=\"twitter:label2\" content=\"Dur\u00e9e de lecture estim\u00e9e\" \/>\n\t<meta name=\"twitter:data2\" content=\"4 minutes\" \/>\n<script type=\"application\/ld+json\" class=\"yoast-schema-graph\">{\"@context\":\"https:\/\/schema.org\",\"@graph\":[{\"@type\":\"Article\",\"@id\":\"https:\/\/7culture.ci\/index.php\/2024\/01\/20\/des-supporters-fous-des-elephants\/#article\",\"isPartOf\":{\"@id\":\"https:\/\/7culture.ci\/index.php\/2024\/01\/20\/des-supporters-fous-des-elephants\/\"},\"author\":{\"name\":\"Fahizu FAKAYODE\",\"@id\":\"https:\/\/7culture.ci\/#\/schema\/person\/73d24461f401f2fd27e46591435caafc\"},\"headline\":\"Des supporters\u2026 \u2018\u2019fous\u2019\u2019 des El\u00e9phants\",\"datePublished\":\"2024-01-20T11:00:44+00:00\",\"dateModified\":\"2024-01-20T11:16:19+00:00\",\"mainEntityOfPage\":{\"@id\":\"https:\/\/7culture.ci\/index.php\/2024\/01\/20\/des-supporters-fous-des-elephants\/\"},\"wordCount\":841,\"commentCount\":0,\"publisher\":{\"@id\":\"https:\/\/7culture.ci\/#organization\"},\"articleSection\":[\"A la une\",\"Reportage\"],\"inLanguage\":\"fr-FR\",\"potentialAction\":[{\"@type\":\"CommentAction\",\"name\":\"Comment\",\"target\":[\"https:\/\/7culture.ci\/index.php\/2024\/01\/20\/des-supporters-fous-des-elephants\/#respond\"]}]},{\"@type\":\"WebPage\",\"@id\":\"https:\/\/7culture.ci\/index.php\/2024\/01\/20\/des-supporters-fous-des-elephants\/\",\"url\":\"https:\/\/7culture.ci\/index.php\/2024\/01\/20\/des-supporters-fous-des-elephants\/\",\"name\":\"Des supporters\u2026 \u2018\u2019fous\u2019\u2019 des El\u00e9phants - 7culture\",\"isPartOf\":{\"@id\":\"https:\/\/7culture.ci\/#website\"},\"datePublished\":\"2024-01-20T11:00:44+00:00\",\"dateModified\":\"2024-01-20T11:16:19+00:00\",\"breadcrumb\":{\"@id\":\"https:\/\/7culture.ci\/index.php\/2024\/01\/20\/des-supporters-fous-des-elephants\/#breadcrumb\"},\"inLanguage\":\"fr-FR\",\"potentialAction\":[{\"@type\":\"ReadAction\",\"target\":[\"https:\/\/7culture.ci\/index.php\/2024\/01\/20\/des-supporters-fous-des-elephants\/\"]}]},{\"@type\":\"BreadcrumbList\",\"@id\":\"https:\/\/7culture.ci\/index.php\/2024\/01\/20\/des-supporters-fous-des-elephants\/#breadcrumb\",\"itemListElement\":[{\"@type\":\"ListItem\",\"position\":1,\"name\":\"Accueil\",\"item\":\"https:\/\/7culture.ci\/\"},{\"@type\":\"ListItem\",\"position\":2,\"name\":\"Des supporters\u2026 \u2018\u2019fous\u2019\u2019 des El\u00e9phants\"}]},{\"@type\":\"WebSite\",\"@id\":\"https:\/\/7culture.ci\/#website\",\"url\":\"https:\/\/7culture.ci\/\",\"name\":\"7culture\",\"description\":\"Tout sur l&#039;actualit\u00e9\",\"publisher\":{\"@id\":\"https:\/\/7culture.ci\/#organization\"},\"potentialAction\":[{\"@type\":\"SearchAction\",\"target\":{\"@type\":\"EntryPoint\",\"urlTemplate\":\"https:\/\/7culture.ci\/?s={search_term_string}\"},\"query-input\":\"required name=search_term_string\"}],\"inLanguage\":\"fr-FR\"},{\"@type\":\"Organization\",\"@id\":\"https:\/\/7culture.ci\/#organization\",\"name\":\"7culture\",\"url\":\"https:\/\/7culture.ci\/\",\"sameAs\":[\"https:\/\/www.facebook.com\/redchefclaude\",\"https:\/\/twitter.com\/7culturec\"],\"logo\":{\"@type\":\"ImageObject\",\"inLanguage\":\"fr-FR\",\"@id\":\"https:\/\/7culture.ci\/#\/schema\/logo\/image\/\",\"url\":\"https:\/\/7culture.ci\/wp-content\/uploads\/2021\/12\/S1a-1.png\",\"contentUrl\":\"https:\/\/7culture.ci\/wp-content\/uploads\/2021\/12\/S1a-1.png\",\"width\":588,\"height\":192,\"caption\":\"7culture\"},\"image\":{\"@id\":\"https:\/\/7culture.ci\/#\/schema\/logo\/image\/\"}},{\"@type\":\"Person\",\"@id\":\"https:\/\/7culture.ci\/#\/schema\/person\/73d24461f401f2fd27e46591435caafc\",\"name\":\"Fahizu FAKAYODE\",\"image\":{\"@type\":\"ImageObject\",\"inLanguage\":\"fr-FR\",\"@id\":\"https:\/\/7culture.ci\/#\/schema\/person\/image\/\",\"url\":\"https:\/\/secure.gravatar.com\/avatar\/ac3baef8c34a343dc153cb0854a9dbc5?s=96&d=mm&r=g\",\"contentUrl\":\"https:\/\/secure.gravatar.com\/avatar\/ac3baef8c34a343dc153cb0854a9dbc5?s=96&d=mm&r=g\",\"caption\":\"Fahizu FAKAYODE\"},\"url\":\"https:\/\/7culture.ci\/index.php\/author\/fahizu-fakayode\/\"}]}<\/script>\n<!-- \/ Yoast SEO plugin. -->","yoast_head_json":{"title":"Des supporters\u2026 \u2018\u2019fous\u2019\u2019 des El\u00e9phants - 7culture","robots":{"index":"index","follow":"follow","max-snippet":"max-snippet:-1","max-image-preview":"max-image-preview:large","max-video-preview":"max-video-preview:-1"},"canonical":"https:\/\/7culture.ci\/index.php\/2024\/01\/20\/des-supporters-fous-des-elephants\/","og_locale":"fr_FR","og_type":"article","og_title":"Des supporters\u2026 \u2018\u2019fous\u2019\u2019 des El\u00e9phants - 7culture","og_description":"La fi\u00e8vre de la CAN 2023 a contamin\u00e9 toute la C\u00f4te d\u2019Ivoire depuis la somptueuse c\u00e9r\u00e9monie d\u2019ouverture le samedi 13 janvier dernier au stade d\u2019Ebimp\u00e9, ponctu\u00e9e par la victoire des El\u00e9phants face \u00e0 l\u2019\u00e9quipe bissau-guin\u00e9enne (2-0).&nbsp; Et l\u2019h\u00f4pital psychiatrique de Bingerville n\u2019y \u00e9chappe pas. Ses pensionnaires \u2018\u2019fous\u2019\u2019, sont fous de CAN et des El\u00e9phants en &hellip; Des supporters\u2026 \u2018\u2019fous\u2019\u2019 des El\u00e9phants Lire la suite\u00a0\u00bb","og_url":"https:\/\/7culture.ci\/index.php\/2024\/01\/20\/des-supporters-fous-des-elephants\/","og_site_name":"7culture","article_publisher":"https:\/\/www.facebook.com\/redchefclaude","article_published_time":"2024-01-20T11:00:44+00:00","article_modified_time":"2024-01-20T11:16:19+00:00","og_image":[{"width":1040,"height":780,"url":"http:\/\/7culture.ci\/wp-content\/uploads\/2024\/01\/IMG-20240119-WA0060.jpg","type":"image\/jpeg"}],"author":"Fahizu FAKAYODE","twitter_card":"summary_large_image","twitter_creator":"@7culturec","twitter_site":"@7culturec","twitter_misc":{"\u00c9crit par":"Fahizu FAKAYODE","Dur\u00e9e de lecture estim\u00e9e":"4 minutes"},"schema":{"@context":"https:\/\/schema.org","@graph":[{"@type":"Article","@id":"https:\/\/7culture.ci\/index.php\/2024\/01\/20\/des-supporters-fous-des-elephants\/#article","isPartOf":{"@id":"https:\/\/7culture.ci\/index.php\/2024\/01\/20\/des-supporters-fous-des-elephants\/"},"author":{"name":"Fahizu FAKAYODE","@id":"https:\/\/7culture.ci\/#\/schema\/person\/73d24461f401f2fd27e46591435caafc"},"headline":"Des supporters\u2026 \u2018\u2019fous\u2019\u2019 des El\u00e9phants","datePublished":"2024-01-20T11:00:44+00:00","dateModified":"2024-01-20T11:16:19+00:00","mainEntityOfPage":{"@id":"https:\/\/7culture.ci\/index.php\/2024\/01\/20\/des-supporters-fous-des-elephants\/"},"wordCount":841,"commentCount":0,"publisher":{"@id":"https:\/\/7culture.ci\/#organization"},"articleSection":["A la une","Reportage"],"inLanguage":"fr-FR","potentialAction":[{"@type":"CommentAction","name":"Comment","target":["https:\/\/7culture.ci\/index.php\/2024\/01\/20\/des-supporters-fous-des-elephants\/#respond"]}]},{"@type":"WebPage","@id":"https:\/\/7culture.ci\/index.php\/2024\/01\/20\/des-supporters-fous-des-elephants\/","url":"https:\/\/7culture.ci\/index.php\/2024\/01\/20\/des-supporters-fous-des-elephants\/","name":"Des supporters\u2026 \u2018\u2019fous\u2019\u2019 des El\u00e9phants - 7culture","isPartOf":{"@id":"https:\/\/7culture.ci\/#website"},"datePublished":"2024-01-20T11:00:44+00:00","dateModified":"2024-01-20T11:16:19+00:00","breadcrumb":{"@id":"https:\/\/7culture.ci\/index.php\/2024\/01\/20\/des-supporters-fous-des-elephants\/#breadcrumb"},"inLanguage":"fr-FR","potentialAction":[{"@type":"ReadAction","target":["https:\/\/7culture.ci\/index.php\/2024\/01\/20\/des-supporters-fous-des-elephants\/"]}]},{"@type":"BreadcrumbList","@id":"https:\/\/7culture.ci\/index.php\/2024\/01\/20\/des-supporters-fous-des-elephants\/#breadcrumb","itemListElement":[{"@type":"ListItem","position":1,"name":"Accueil","item":"https:\/\/7culture.ci\/"},{"@type":"ListItem","position":2,"name":"Des supporters\u2026 \u2018\u2019fous\u2019\u2019 des El\u00e9phants"}]},{"@type":"WebSite","@id":"https:\/\/7culture.ci\/#website","url":"https:\/\/7culture.ci\/","name":"7culture","description":"Tout sur l&#039;actualit\u00e9","publisher":{"@id":"https:\/\/7culture.ci\/#organization"},"potentialAction":[{"@type":"SearchAction","target":{"@type":"EntryPoint","urlTemplate":"https:\/\/7culture.ci\/?s={search_term_string}"},"query-input":"required name=search_term_string"}],"inLanguage":"fr-FR"},{"@type":"Organization","@id":"https:\/\/7culture.ci\/#organization","name":"7culture","url":"https:\/\/7culture.ci\/","sameAs":["https:\/\/www.facebook.com\/redchefclaude","https:\/\/twitter.com\/7culturec"],"logo":{"@type":"ImageObject","inLanguage":"fr-FR","@id":"https:\/\/7culture.ci\/#\/schema\/logo\/image\/","url":"https:\/\/7culture.ci\/wp-content\/uploads\/2021\/12\/S1a-1.png","contentUrl":"https:\/\/7culture.ci\/wp-content\/uploads\/2021\/12\/S1a-1.png","width":588,"height":192,"caption":"7culture"},"image":{"@id":"https:\/\/7culture.ci\/#\/schema\/logo\/image\/"}},{"@type":"Person","@id":"https:\/\/7culture.ci\/#\/schema\/person\/73d24461f401f2fd27e46591435caafc","name":"Fahizu FAKAYODE","image":{"@type":"ImageObject","inLanguage":"fr-FR","@id":"https:\/\/7culture.ci\/#\/schema\/person\/image\/","url":"https:\/\/secure.gravatar.com\/avatar\/ac3baef8c34a343dc153cb0854a9dbc5?s=96&d=mm&r=g","contentUrl":"https:\/\/secure.gravatar.com\/avatar\/ac3baef8c34a343dc153cb0854a9dbc5?s=96&d=mm&r=g","caption":"Fahizu FAKAYODE"},"url":"https:\/\/7culture.ci\/index.php\/author\/fahizu-fakayode\/"}]}},"jetpack_featured_media_url":"https:\/\/7culture.ci\/wp-content\/uploads\/2024\/01\/IMG-20240119-WA0060.jpg","jetpack_likes_enabled":true,"jetpack_sharing_enabled":true,"_links":{"self":[{"href":"https:\/\/7culture.ci\/index.php\/wp-json\/wp\/v2\/posts\/26142"}],"collection":[{"href":"https:\/\/7culture.ci\/index.php\/wp-json\/wp\/v2\/posts"}],"about":[{"href":"https:\/\/7culture.ci\/index.php\/wp-json\/wp\/v2\/types\/post"}],"author":[{"embeddable":true,"href":"https:\/\/7culture.ci\/index.php\/wp-json\/wp\/v2\/users\/3"}],"replies":[{"embeddable":true,"href":"https:\/\/7culture.ci\/index.php\/wp-json\/wp\/v2\/comments?post=26142"}],"version-history":[{"count":2,"href":"https:\/\/7culture.ci\/index.php\/wp-json\/wp\/v2\/posts\/26142\/revisions"}],"predecessor-version":[{"id":26152,"href":"https:\/\/7culture.ci\/index.php\/wp-json\/wp\/v2\/posts\/26142\/revisions\/26152"}],"wp:featuredmedia":[{"embeddable":true,"href":"https:\/\/7culture.ci\/index.php\/wp-json\/wp\/v2\/media\/26148"}],"wp:attachment":[{"href":"https:\/\/7culture.ci\/index.php\/wp-json\/wp\/v2\/media?parent=26142"}],"wp:term":[{"taxonomy":"category","embeddable":true,"href":"https:\/\/7culture.ci\/index.php\/wp-json\/wp\/v2\/categories?post=26142"},{"taxonomy":"post_tag","embeddable":true,"href":"https:\/\/7culture.ci\/index.php\/wp-json\/wp\/v2\/tags?post=26142"}],"curies":[{"name":"wp","href":"https:\/\/api.w.org\/{rel}","templated":true}]}}