{"id":26030,"date":"2024-01-04T11:45:47","date_gmt":"2024-01-04T11:45:47","guid":{"rendered":"https:\/\/7culture.ci\/?p=26030"},"modified":"2024-01-04T11:45:58","modified_gmt":"2024-01-04T11:45:58","slug":"monique-seka-voici-mon-pronostic-pour-la-can-2024","status":"publish","type":"post","link":"https:\/\/7culture.ci\/index.php\/2024\/01\/04\/monique-seka-voici-mon-pronostic-pour-la-can-2024\/","title":{"rendered":"Monique S\u00e9ka :Voici mon pronostic pour la CAN\u00a02024"},"content":{"rendered":"\n<p><strong><em>La reine de l\u2019afro-zouk, Monique S\u00e9ka, a obtenu des agr\u00e9ments pour la gestion de deux villages Akwaba CAN, \u00e0 l\u2019occasion de cette 34<sup>\u00e8me<\/sup> \u00e9dition de la coupe d\u2019Afrique des nations pr\u00e9vue du 13 janvier au 11 f\u00e9vrier 2024 en C\u00f4te d\u2019Ivoire. A quelques jours de cette grande f\u00eate du football africain, l\u2019artiste d\u00e9voile le contenu de ses deux villages CAN baptis\u00e9s \u2018\u2019Fiesta CAN\u2019\u2019, juge les El\u00e9phants et livre son pronostic depuis Lyon o\u00f9 elle r\u00e9side.<\/em><\/strong><\/p>\n\n\n\n<p><strong>Notre voie&nbsp;: Pourquoi avez- vous postul\u00e9 pour la gestion des villages CAN Akwaba ?<\/strong><\/p>\n\n\n\n<figure class=\"wp-block-image size-large is-resized\"><img loading=\"lazy\" decoding=\"async\" src=\"http:\/\/7culture.ci\/wp-content\/uploads\/2024\/01\/WhatsApp-Image-2024-01-04-at-11.34.15-780x1024.jpeg\" alt=\"\" class=\"wp-image-26035\" width=\"365\" height=\"479\" srcset=\"https:\/\/7culture.ci\/wp-content\/uploads\/2024\/01\/WhatsApp-Image-2024-01-04-at-11.34.15-780x1024.jpeg 780w, https:\/\/7culture.ci\/wp-content\/uploads\/2024\/01\/WhatsApp-Image-2024-01-04-at-11.34.15-229x300.jpeg 229w, https:\/\/7culture.ci\/wp-content\/uploads\/2024\/01\/WhatsApp-Image-2024-01-04-at-11.34.15-768x1008.jpeg 768w, https:\/\/7culture.ci\/wp-content\/uploads\/2024\/01\/WhatsApp-Image-2024-01-04-at-11.34.15.jpeg 1125w\" sizes=\"(max-width: 365px) 100vw, 365px\" \/><\/figure>\n\n\n\n<p><strong>Monique S\u00e9ka<\/strong>&nbsp;: Vous savez la CAN en C\u00f4te d\u2019Ivoire est baptis\u00e9e CAN de l\u2019hospitalit\u00e9. Donc, c&#8217;est pour moi une fa\u00e7on de rassembler les amoureux du football africain dans ces villages d\u2019ambiance, \u00e0 l\u2019occasion de cet \u00e9v\u00e8nement en C\u00f4te d&#8217;Ivoire.<\/p>\n\n\n\n<p><strong>N V&nbsp;: Quand votre candidature a \u00e9t\u00e9 retenue, quelle a \u00e9t\u00e9 votre r\u00e9action ?&nbsp;&nbsp;<\/strong><\/p>\n\n\n\n<p><strong>M S<\/strong>&nbsp;: Mon staff et moi, nous sommes heureux d&#8217;\u00eatre retenus. M\u00eame si la d\u00e9cision a \u00e9t\u00e9 tardive, nous sommes tr\u00e8s mobilis\u00e9s pour r\u00e9ussir cet \u00e9v\u00e9nement dans nos villages CAN baptis\u00e9s Fiesta CAN. L\u2019un sera \u00e0 Cocody Blockhaus et l\u2019autre \u00e0 Songon, en collaboration avec la mairie. &nbsp;&nbsp;&nbsp;&nbsp;&nbsp;&nbsp;&nbsp;&nbsp;&nbsp;&nbsp;&nbsp;&nbsp;&nbsp;&nbsp;&nbsp;&nbsp;&nbsp;&nbsp;&nbsp;<\/p>\n\n\n\n<p><strong>N V&nbsp;: Quelles seront les particularit\u00e9s des deux Fiesta-CAN de Monique S\u00e9ka par rapport aux autres ?&nbsp;<\/strong><\/p>\n\n\n\n<p><strong>M S<\/strong>&nbsp;: Nous allons faire le maximum pour faire plaisir aux visiteurs. Du 13 janvier au 12 f\u00e9vrier 2024, les deux sites Fiesta CAN diffuseront tous les matches sur \u00e9crans g\u00e9ants. Il y aura des concerts g\u00e9ants, de l&#8217;animation DJ et W\u00f4y\u00f4, des jeux- concours, des mascottes. L&#8217;ambiance sera festive et la s\u00e9curit\u00e9 garantie. Des postes sant\u00e9, pompier, police seront l\u00e0. Un espace VIP sera d\u00e9limit\u00e9. Il y aura \u00e9galement un parking. Les stands nourriture, boissons, artisans, partenaires, sponsors et autres seront disponibles sur nos deux sites. Ceux qui sont int\u00e9ress\u00e9s peuvent s&#8217;adresser au comit\u00e9 d&#8217;organisation du FIESTA CAN. Pr\u00e8s de 3000 amoureux du football sont attendus chaque jour pour communier autour du ballon rond et des El\u00e9phants. Nous allons profiter pour faire la f\u00eate et partager des moments de joie avec le public.<\/p>\n\n\n\n<p><strong>N V&nbsp;: Votre staff est-il d\u00e9j\u00e0 \u00e0 la t\u00e2che ?<\/strong><\/p>\n\n\n\n<p><strong>M S<\/strong>&nbsp;: Les pr\u00e9paratifs vont bon train \u00e0 notre niveau pour assurer la r\u00e9ussite de nos sites Fiesta CAN. Le 24 d\u00e9cembre dernier, notre comit\u00e9 d&#8217;organisation s&#8217;est r\u00e9uni \u00e0 la Riviera pour d\u00e9finir les attributions et les t\u00e2ches des uns et des autres. J\u2019occupe le poste de pr\u00e9sidente, avec \u00e0 mes c\u00f4t\u00e9s deux vice-pr\u00e9sidents notamment le chanteur Ken Adamo en qualit\u00e9 de 1er Vice-pr\u00e9sident et l\u2019artiste pluridisciplinaire Corine Hazoum\u00e9, en tant que 2\u00e8me vice-pr\u00e9sidente. Je reviens \u00e0 Abidjan le 09 janvier le d\u00e9marrage de la grande f\u00eate sur nos sites Fiesta CAN.<\/p>\n\n\n\n<p><strong>N V&nbsp;: Vous auriez pu faire aussi une chanson pour soutenir les \u00c9l\u00e9phants, non ?<\/strong><\/p>\n\n\n\n<p><strong>M S&nbsp;:<\/strong> oui si on me l\u2019avait demand\u00e9, j&#8217;aurais eu plaisir \u00e0 le faire. J&#8217;ai tr\u00e8s souvent chant\u00e9 les femmes et les enfants, j&#8217;aurais chant\u00e9 volontiers pour les hommes qui d\u00e9fendent les couleurs du pays sur le terrain de foot. Bon, ce n\u2019est que partie remise. Mais, je suis \u00e0 fond derri\u00e8re les El\u00e9phants.<\/p>\n\n\n\n<p><strong>N V&nbsp;: Votre regard sur les chansons d\u00e9j\u00e0 sorties, comme celles de Magic System, d\u2019Alpha Blondy, du Collectif Ziguehi 225, de Yod\u00e9 et Siro, l\u2019ambassadrice D\u00e9-Borah et bien d\u2019autres ?&nbsp;<\/strong><\/p>\n\n\n\n<p><strong>M S<\/strong>&nbsp;: J\u2019appr\u00e9cie v\u00e9ritablement toutes les \u0153uvres de soutien aux El\u00e9phants qui sont sorties jusque-l\u00e0. Parce que chaque artiste est demeur\u00e9 fid\u00e8le au style qu\u2019on lui conna\u00eet. Il y a de la world music, du reggae, du zigu\u00e9hi, du w\u00f4y\u00f4, du gospel, etc.<\/p>\n\n\n\n<figure class=\"wp-block-image size-full is-resized\"><img loading=\"lazy\" decoding=\"async\" src=\"http:\/\/7culture.ci\/wp-content\/uploads\/2024\/01\/WhatsApp-Image-2024-01-04-at-11.34.15-2.jpeg\" alt=\"\" class=\"wp-image-26034\" width=\"264\" height=\"346\" srcset=\"https:\/\/7culture.ci\/wp-content\/uploads\/2024\/01\/WhatsApp-Image-2024-01-04-at-11.34.15-2.jpeg 720w, https:\/\/7culture.ci\/wp-content\/uploads\/2024\/01\/WhatsApp-Image-2024-01-04-at-11.34.15-2-229x300.jpeg 229w\" sizes=\"(max-width: 264px) 100vw, 264px\" \/><\/figure>\n\n\n\n<p><strong>N V&nbsp;: Mais, \u00eates-vous une passionn\u00e9e de football ? Suivez-vous habituellement les \u00c9l\u00e9phants ?<\/strong><\/p>\n\n\n\n<p><strong>M S<\/strong>&nbsp;: Oui, j&#8217;aime bien regarder les grands moments de foot et vibr\u00e9 quand les El\u00e9phants jouent. J\u2019ai toujours eu une oreille pour les moments forts de l\u2019\u00e9quipe nationale.<\/p>\n\n\n\n<p><strong>N V&nbsp;: Quelles sont vos joueurs pr\u00e9f\u00e9r\u00e9s dans l\u2019\u00e9quipe actuelle ?<\/strong><\/p>\n\n\n\n<p><strong>M S&nbsp;: <\/strong>Oh, je les aime tous. M\u00eame si j\u2019aime l\u2019engagement de S\u00e9ko Fofana, Serge Aurier, Franck K\u00e9ssi\u00e9 et S\u00e9bastien Haller.<\/p>\n\n\n\n<p><strong>M S&nbsp;: Quelles sont, pour vous, les forces et les faiblesses de l&#8217;\u00e9quipe actuelle ?&nbsp;&nbsp;&nbsp;&nbsp;&nbsp;&nbsp;&nbsp;&nbsp;&nbsp;&nbsp;&nbsp;&nbsp;&nbsp;&nbsp;&nbsp;&nbsp;&nbsp;&nbsp;&nbsp;&nbsp;&nbsp;&nbsp;&nbsp;&nbsp;&nbsp;&nbsp;&nbsp;&nbsp;&nbsp;&nbsp;&nbsp;&nbsp;&nbsp;<\/strong><\/p>\n\n\n\n<p><strong>M S&nbsp;:<\/strong> Bon, je ne suis pas une grande sp\u00e9cialiste du football pour juger les forces et faiblesses de l\u2019\u00e9quipe actuelle. Mais, j&#8217;aime voir une belle \u00e9quipe soud\u00e9e.<\/p>\n\n\n\n<p><strong>N V&nbsp;: Comment \u00e9valuez-vous les chances de victoire finale des \u00c9l\u00e9phants cette ann\u00e9e ?<\/strong><\/p>\n\n\n\n<p><strong>M S&nbsp;:<\/strong> je pense qu&#8217;ils sont bien partis pour remporter cette CAN. On est ensemble. Allez les El\u00e9phants !<\/p>\n\n\n\n<figure class=\"wp-block-image size-full is-resized\"><img loading=\"lazy\" decoding=\"async\" src=\"http:\/\/7culture.ci\/wp-content\/uploads\/2024\/01\/WhatsApp-Image-2024-01-04-at-11.34.14.jpeg\" alt=\"\" class=\"wp-image-26032\" width=\"298\" height=\"333\" srcset=\"https:\/\/7culture.ci\/wp-content\/uploads\/2024\/01\/WhatsApp-Image-2024-01-04-at-11.34.14.jpeg 720w, https:\/\/7culture.ci\/wp-content\/uploads\/2024\/01\/WhatsApp-Image-2024-01-04-at-11.34.14-268x300.jpeg 268w\" sizes=\"(max-width: 298px) 100vw, 298px\" \/><\/figure>\n\n\n\n<p>R\u00e9alis\u00e9e par t\u00e9l\u00e9phone par<\/p>\n\n\n\n<p><strong>Eric Cossa<\/strong><\/p>\n","protected":false},"excerpt":{"rendered":"<p>La reine de l\u2019afro-zouk, Monique S\u00e9ka, a obtenu des agr\u00e9ments pour la gestion de deux villages Akwaba CAN, \u00e0 l\u2019occasion de cette 34\u00e8me \u00e9dition de la coupe d\u2019Afrique des nations pr\u00e9vue du 13 janvier au 11 f\u00e9vrier 2024 en C\u00f4te d\u2019Ivoire. A quelques jours de cette grande f\u00eate du football africain, l\u2019artiste d\u00e9voile le contenu &hellip;<\/p>\n<p class=\"read-more\"> <a class=\"\" href=\"https:\/\/7culture.ci\/index.php\/2024\/01\/04\/monique-seka-voici-mon-pronostic-pour-la-can-2024\/\"> <span class=\"screen-reader-text\">Monique S\u00e9ka :Voici mon pronostic pour la CAN\u00a02024<\/span> Lire la suite\u00a0\u00bb<\/a><\/p>\n","protected":false},"author":3,"featured_media":26036,"comment_status":"open","ping_status":"open","sticky":false,"template":"","format":"standard","meta":{"_mi_skip_tracking":false,"_monsterinsights_sitenote_active":false,"_monsterinsights_sitenote_note":"","_monsterinsights_sitenote_category":0,"site-sidebar-layout":"default","site-content-layout":"default","ast-global-header-display":"","ast-main-header-display":"","ast-hfb-above-header-display":"","ast-hfb-below-header-display":"","ast-hfb-mobile-header-display":"","site-post-title":"","ast-breadcrumbs-content":"","ast-featured-img":"","footer-sml-layout":"","theme-transparent-header-meta":"","adv-header-id-meta":"","stick-header-meta":"","header-above-stick-meta":"","header-main-stick-meta":"","header-below-stick-meta":"","footnotes":"","jetpack_publicize_message":"","jetpack_is_tweetstorm":false,"jetpack_publicize_feature_enabled":true},"categories":[45,40],"tags":[],"jetpack_publicize_connections":[],"acf":[],"aioseo_notices":[],"yoast_head":"<!-- This site is optimized with the Yoast SEO plugin v19.6.1 - https:\/\/yoast.com\/wordpress\/plugins\/seo\/ -->\n<title>Monique S\u00e9ka :Voici mon pronostic pour la CAN\u00a02024 - 7culture<\/title>\n<meta name=\"robots\" content=\"index, follow, max-snippet:-1, max-image-preview:large, max-video-preview:-1\" \/>\n<link rel=\"canonical\" href=\"https:\/\/7culture.ci\/index.php\/2024\/01\/04\/monique-seka-voici-mon-pronostic-pour-la-can-2024\/\" \/>\n<meta property=\"og:locale\" content=\"fr_FR\" \/>\n<meta property=\"og:type\" content=\"article\" \/>\n<meta property=\"og:title\" content=\"Monique S\u00e9ka :Voici mon pronostic pour la CAN\u00a02024 - 7culture\" \/>\n<meta property=\"og:description\" content=\"La reine de l\u2019afro-zouk, Monique S\u00e9ka, a obtenu des agr\u00e9ments pour la gestion de deux villages Akwaba CAN, \u00e0 l\u2019occasion de cette 34\u00e8me \u00e9dition de la coupe d\u2019Afrique des nations pr\u00e9vue du 13 janvier au 11 f\u00e9vrier 2024 en C\u00f4te d\u2019Ivoire. A quelques jours de cette grande f\u00eate du football africain, l\u2019artiste d\u00e9voile le contenu &hellip; Monique S\u00e9ka :Voici mon pronostic pour la CAN\u00a02024 Lire la suite\u00a0\u00bb\" \/>\n<meta property=\"og:url\" content=\"https:\/\/7culture.ci\/index.php\/2024\/01\/04\/monique-seka-voici-mon-pronostic-pour-la-can-2024\/\" \/>\n<meta property=\"og:site_name\" content=\"7culture\" \/>\n<meta property=\"article:publisher\" content=\"https:\/\/www.facebook.com\/redchefclaude\" \/>\n<meta property=\"article:published_time\" content=\"2024-01-04T11:45:47+00:00\" \/>\n<meta property=\"article:modified_time\" content=\"2024-01-04T11:45:58+00:00\" \/>\n<meta property=\"og:image\" content=\"http:\/\/7culture.ci\/wp-content\/uploads\/2024\/01\/Monique-seka1-800x445-1.jpg\" \/>\n\t<meta property=\"og:image:width\" content=\"800\" \/>\n\t<meta property=\"og:image:height\" content=\"445\" \/>\n\t<meta property=\"og:image:type\" content=\"image\/jpeg\" \/>\n<meta name=\"author\" content=\"Fahizu FAKAYODE\" \/>\n<meta name=\"twitter:card\" content=\"summary_large_image\" \/>\n<meta name=\"twitter:creator\" content=\"@7culturec\" \/>\n<meta name=\"twitter:site\" content=\"@7culturec\" \/>\n<meta name=\"twitter:label1\" content=\"\u00c9crit par\" \/>\n\t<meta name=\"twitter:data1\" content=\"Fahizu FAKAYODE\" \/>\n\t<meta name=\"twitter:label2\" content=\"Dur\u00e9e de lecture estim\u00e9e\" \/>\n\t<meta name=\"twitter:data2\" content=\"4 minutes\" \/>\n<script type=\"application\/ld+json\" class=\"yoast-schema-graph\">{\"@context\":\"https:\/\/schema.org\",\"@graph\":[{\"@type\":\"Article\",\"@id\":\"https:\/\/7culture.ci\/index.php\/2024\/01\/04\/monique-seka-voici-mon-pronostic-pour-la-can-2024\/#article\",\"isPartOf\":{\"@id\":\"https:\/\/7culture.ci\/index.php\/2024\/01\/04\/monique-seka-voici-mon-pronostic-pour-la-can-2024\/\"},\"author\":{\"name\":\"Fahizu FAKAYODE\",\"@id\":\"https:\/\/7culture.ci\/#\/schema\/person\/73d24461f401f2fd27e46591435caafc\"},\"headline\":\"Monique S\u00e9ka :Voici mon pronostic pour la CAN\u00a02024\",\"datePublished\":\"2024-01-04T11:45:47+00:00\",\"dateModified\":\"2024-01-04T11:45:58+00:00\",\"mainEntityOfPage\":{\"@id\":\"https:\/\/7culture.ci\/index.php\/2024\/01\/04\/monique-seka-voici-mon-pronostic-pour-la-can-2024\/\"},\"wordCount\":907,\"commentCount\":0,\"publisher\":{\"@id\":\"https:\/\/7culture.ci\/#organization\"},\"articleSection\":[\"A la une\",\"Interview\"],\"inLanguage\":\"fr-FR\",\"potentialAction\":[{\"@type\":\"CommentAction\",\"name\":\"Comment\",\"target\":[\"https:\/\/7culture.ci\/index.php\/2024\/01\/04\/monique-seka-voici-mon-pronostic-pour-la-can-2024\/#respond\"]}]},{\"@type\":\"WebPage\",\"@id\":\"https:\/\/7culture.ci\/index.php\/2024\/01\/04\/monique-seka-voici-mon-pronostic-pour-la-can-2024\/\",\"url\":\"https:\/\/7culture.ci\/index.php\/2024\/01\/04\/monique-seka-voici-mon-pronostic-pour-la-can-2024\/\",\"name\":\"Monique S\u00e9ka :Voici mon pronostic pour la CAN\u00a02024 - 7culture\",\"isPartOf\":{\"@id\":\"https:\/\/7culture.ci\/#website\"},\"datePublished\":\"2024-01-04T11:45:47+00:00\",\"dateModified\":\"2024-01-04T11:45:58+00:00\",\"breadcrumb\":{\"@id\":\"https:\/\/7culture.ci\/index.php\/2024\/01\/04\/monique-seka-voici-mon-pronostic-pour-la-can-2024\/#breadcrumb\"},\"inLanguage\":\"fr-FR\",\"potentialAction\":[{\"@type\":\"ReadAction\",\"target\":[\"https:\/\/7culture.ci\/index.php\/2024\/01\/04\/monique-seka-voici-mon-pronostic-pour-la-can-2024\/\"]}]},{\"@type\":\"BreadcrumbList\",\"@id\":\"https:\/\/7culture.ci\/index.php\/2024\/01\/04\/monique-seka-voici-mon-pronostic-pour-la-can-2024\/#breadcrumb\",\"itemListElement\":[{\"@type\":\"ListItem\",\"position\":1,\"name\":\"Accueil\",\"item\":\"https:\/\/7culture.ci\/\"},{\"@type\":\"ListItem\",\"position\":2,\"name\":\"Monique S\u00e9ka :Voici mon pronostic pour la CAN\u00a02024\"}]},{\"@type\":\"WebSite\",\"@id\":\"https:\/\/7culture.ci\/#website\",\"url\":\"https:\/\/7culture.ci\/\",\"name\":\"7culture\",\"description\":\"Tout sur l&#039;actualit\u00e9\",\"publisher\":{\"@id\":\"https:\/\/7culture.ci\/#organization\"},\"potentialAction\":[{\"@type\":\"SearchAction\",\"target\":{\"@type\":\"EntryPoint\",\"urlTemplate\":\"https:\/\/7culture.ci\/?s={search_term_string}\"},\"query-input\":\"required name=search_term_string\"}],\"inLanguage\":\"fr-FR\"},{\"@type\":\"Organization\",\"@id\":\"https:\/\/7culture.ci\/#organization\",\"name\":\"7culture\",\"url\":\"https:\/\/7culture.ci\/\",\"sameAs\":[\"https:\/\/www.facebook.com\/redchefclaude\",\"https:\/\/twitter.com\/7culturec\"],\"logo\":{\"@type\":\"ImageObject\",\"inLanguage\":\"fr-FR\",\"@id\":\"https:\/\/7culture.ci\/#\/schema\/logo\/image\/\",\"url\":\"https:\/\/7culture.ci\/wp-content\/uploads\/2021\/12\/S1a-1.png\",\"contentUrl\":\"https:\/\/7culture.ci\/wp-content\/uploads\/2021\/12\/S1a-1.png\",\"width\":588,\"height\":192,\"caption\":\"7culture\"},\"image\":{\"@id\":\"https:\/\/7culture.ci\/#\/schema\/logo\/image\/\"}},{\"@type\":\"Person\",\"@id\":\"https:\/\/7culture.ci\/#\/schema\/person\/73d24461f401f2fd27e46591435caafc\",\"name\":\"Fahizu FAKAYODE\",\"image\":{\"@type\":\"ImageObject\",\"inLanguage\":\"fr-FR\",\"@id\":\"https:\/\/7culture.ci\/#\/schema\/person\/image\/\",\"url\":\"https:\/\/secure.gravatar.com\/avatar\/ac3baef8c34a343dc153cb0854a9dbc5?s=96&d=mm&r=g\",\"contentUrl\":\"https:\/\/secure.gravatar.com\/avatar\/ac3baef8c34a343dc153cb0854a9dbc5?s=96&d=mm&r=g\",\"caption\":\"Fahizu FAKAYODE\"},\"url\":\"https:\/\/7culture.ci\/index.php\/author\/fahizu-fakayode\/\"}]}<\/script>\n<!-- \/ Yoast SEO plugin. -->","yoast_head_json":{"title":"Monique S\u00e9ka :Voici mon pronostic pour la CAN\u00a02024 - 7culture","robots":{"index":"index","follow":"follow","max-snippet":"max-snippet:-1","max-image-preview":"max-image-preview:large","max-video-preview":"max-video-preview:-1"},"canonical":"https:\/\/7culture.ci\/index.php\/2024\/01\/04\/monique-seka-voici-mon-pronostic-pour-la-can-2024\/","og_locale":"fr_FR","og_type":"article","og_title":"Monique S\u00e9ka :Voici mon pronostic pour la CAN\u00a02024 - 7culture","og_description":"La reine de l\u2019afro-zouk, Monique S\u00e9ka, a obtenu des agr\u00e9ments pour la gestion de deux villages Akwaba CAN, \u00e0 l\u2019occasion de cette 34\u00e8me \u00e9dition de la coupe d\u2019Afrique des nations pr\u00e9vue du 13 janvier au 11 f\u00e9vrier 2024 en C\u00f4te d\u2019Ivoire. A quelques jours de cette grande f\u00eate du football africain, l\u2019artiste d\u00e9voile le contenu &hellip; Monique S\u00e9ka :Voici mon pronostic pour la CAN\u00a02024 Lire la suite\u00a0\u00bb","og_url":"https:\/\/7culture.ci\/index.php\/2024\/01\/04\/monique-seka-voici-mon-pronostic-pour-la-can-2024\/","og_site_name":"7culture","article_publisher":"https:\/\/www.facebook.com\/redchefclaude","article_published_time":"2024-01-04T11:45:47+00:00","article_modified_time":"2024-01-04T11:45:58+00:00","og_image":[{"width":800,"height":445,"url":"http:\/\/7culture.ci\/wp-content\/uploads\/2024\/01\/Monique-seka1-800x445-1.jpg","type":"image\/jpeg"}],"author":"Fahizu FAKAYODE","twitter_card":"summary_large_image","twitter_creator":"@7culturec","twitter_site":"@7culturec","twitter_misc":{"\u00c9crit par":"Fahizu FAKAYODE","Dur\u00e9e de lecture estim\u00e9e":"4 minutes"},"schema":{"@context":"https:\/\/schema.org","@graph":[{"@type":"Article","@id":"https:\/\/7culture.ci\/index.php\/2024\/01\/04\/monique-seka-voici-mon-pronostic-pour-la-can-2024\/#article","isPartOf":{"@id":"https:\/\/7culture.ci\/index.php\/2024\/01\/04\/monique-seka-voici-mon-pronostic-pour-la-can-2024\/"},"author":{"name":"Fahizu FAKAYODE","@id":"https:\/\/7culture.ci\/#\/schema\/person\/73d24461f401f2fd27e46591435caafc"},"headline":"Monique S\u00e9ka :Voici mon pronostic pour la CAN\u00a02024","datePublished":"2024-01-04T11:45:47+00:00","dateModified":"2024-01-04T11:45:58+00:00","mainEntityOfPage":{"@id":"https:\/\/7culture.ci\/index.php\/2024\/01\/04\/monique-seka-voici-mon-pronostic-pour-la-can-2024\/"},"wordCount":907,"commentCount":0,"publisher":{"@id":"https:\/\/7culture.ci\/#organization"},"articleSection":["A la une","Interview"],"inLanguage":"fr-FR","potentialAction":[{"@type":"CommentAction","name":"Comment","target":["https:\/\/7culture.ci\/index.php\/2024\/01\/04\/monique-seka-voici-mon-pronostic-pour-la-can-2024\/#respond"]}]},{"@type":"WebPage","@id":"https:\/\/7culture.ci\/index.php\/2024\/01\/04\/monique-seka-voici-mon-pronostic-pour-la-can-2024\/","url":"https:\/\/7culture.ci\/index.php\/2024\/01\/04\/monique-seka-voici-mon-pronostic-pour-la-can-2024\/","name":"Monique S\u00e9ka :Voici mon pronostic pour la CAN\u00a02024 - 7culture","isPartOf":{"@id":"https:\/\/7culture.ci\/#website"},"datePublished":"2024-01-04T11:45:47+00:00","dateModified":"2024-01-04T11:45:58+00:00","breadcrumb":{"@id":"https:\/\/7culture.ci\/index.php\/2024\/01\/04\/monique-seka-voici-mon-pronostic-pour-la-can-2024\/#breadcrumb"},"inLanguage":"fr-FR","potentialAction":[{"@type":"ReadAction","target":["https:\/\/7culture.ci\/index.php\/2024\/01\/04\/monique-seka-voici-mon-pronostic-pour-la-can-2024\/"]}]},{"@type":"BreadcrumbList","@id":"https:\/\/7culture.ci\/index.php\/2024\/01\/04\/monique-seka-voici-mon-pronostic-pour-la-can-2024\/#breadcrumb","itemListElement":[{"@type":"ListItem","position":1,"name":"Accueil","item":"https:\/\/7culture.ci\/"},{"@type":"ListItem","position":2,"name":"Monique S\u00e9ka :Voici mon pronostic pour la CAN\u00a02024"}]},{"@type":"WebSite","@id":"https:\/\/7culture.ci\/#website","url":"https:\/\/7culture.ci\/","name":"7culture","description":"Tout sur l&#039;actualit\u00e9","publisher":{"@id":"https:\/\/7culture.ci\/#organization"},"potentialAction":[{"@type":"SearchAction","target":{"@type":"EntryPoint","urlTemplate":"https:\/\/7culture.ci\/?s={search_term_string}"},"query-input":"required name=search_term_string"}],"inLanguage":"fr-FR"},{"@type":"Organization","@id":"https:\/\/7culture.ci\/#organization","name":"7culture","url":"https:\/\/7culture.ci\/","sameAs":["https:\/\/www.facebook.com\/redchefclaude","https:\/\/twitter.com\/7culturec"],"logo":{"@type":"ImageObject","inLanguage":"fr-FR","@id":"https:\/\/7culture.ci\/#\/schema\/logo\/image\/","url":"https:\/\/7culture.ci\/wp-content\/uploads\/2021\/12\/S1a-1.png","contentUrl":"https:\/\/7culture.ci\/wp-content\/uploads\/2021\/12\/S1a-1.png","width":588,"height":192,"caption":"7culture"},"image":{"@id":"https:\/\/7culture.ci\/#\/schema\/logo\/image\/"}},{"@type":"Person","@id":"https:\/\/7culture.ci\/#\/schema\/person\/73d24461f401f2fd27e46591435caafc","name":"Fahizu FAKAYODE","image":{"@type":"ImageObject","inLanguage":"fr-FR","@id":"https:\/\/7culture.ci\/#\/schema\/person\/image\/","url":"https:\/\/secure.gravatar.com\/avatar\/ac3baef8c34a343dc153cb0854a9dbc5?s=96&d=mm&r=g","contentUrl":"https:\/\/secure.gravatar.com\/avatar\/ac3baef8c34a343dc153cb0854a9dbc5?s=96&d=mm&r=g","caption":"Fahizu FAKAYODE"},"url":"https:\/\/7culture.ci\/index.php\/author\/fahizu-fakayode\/"}]}},"jetpack_featured_media_url":"https:\/\/7culture.ci\/wp-content\/uploads\/2024\/01\/Monique-seka1-800x445-1.jpg","jetpack_likes_enabled":true,"jetpack_sharing_enabled":true,"_links":{"self":[{"href":"https:\/\/7culture.ci\/index.php\/wp-json\/wp\/v2\/posts\/26030"}],"collection":[{"href":"https:\/\/7culture.ci\/index.php\/wp-json\/wp\/v2\/posts"}],"about":[{"href":"https:\/\/7culture.ci\/index.php\/wp-json\/wp\/v2\/types\/post"}],"author":[{"embeddable":true,"href":"https:\/\/7culture.ci\/index.php\/wp-json\/wp\/v2\/users\/3"}],"replies":[{"embeddable":true,"href":"https:\/\/7culture.ci\/index.php\/wp-json\/wp\/v2\/comments?post=26030"}],"version-history":[{"count":1,"href":"https:\/\/7culture.ci\/index.php\/wp-json\/wp\/v2\/posts\/26030\/revisions"}],"predecessor-version":[{"id":26037,"href":"https:\/\/7culture.ci\/index.php\/wp-json\/wp\/v2\/posts\/26030\/revisions\/26037"}],"wp:featuredmedia":[{"embeddable":true,"href":"https:\/\/7culture.ci\/index.php\/wp-json\/wp\/v2\/media\/26036"}],"wp:attachment":[{"href":"https:\/\/7culture.ci\/index.php\/wp-json\/wp\/v2\/media?parent=26030"}],"wp:term":[{"taxonomy":"category","embeddable":true,"href":"https:\/\/7culture.ci\/index.php\/wp-json\/wp\/v2\/categories?post=26030"},{"taxonomy":"post_tag","embeddable":true,"href":"https:\/\/7culture.ci\/index.php\/wp-json\/wp\/v2\/tags?post=26030"}],"curies":[{"name":"wp","href":"https:\/\/api.w.org\/{rel}","templated":true}]}}