{"id":25971,"date":"2023-11-14T09:32:31","date_gmt":"2023-11-14T09:32:31","guid":{"rendered":"https:\/\/7culture.ci\/?p=25971"},"modified":"2023-11-22T20:31:23","modified_gmt":"2023-11-22T20:31:23","slug":"deuil-decede-en-france-le-corps-de-baba-cool-arrive-a-abidjan-ce-jeudi","status":"publish","type":"post","link":"https:\/\/7culture.ci\/index.php\/2023\/11\/14\/deuil-decede-en-france-le-corps-de-baba-cool-arrive-a-abidjan-ce-jeudi\/","title":{"rendered":"Deuil\u00a0: D\u00e9c\u00e9d\u00e9 en France, le corps de Baba Cool arrive \u00e0 Abidjan ce jeudi"},"content":{"rendered":"\n<p>D\u00e9c\u00e9d\u00e9 le 27 octobre 2023 \u00e0 l\u2019h\u00f4pital Ambroise Par\u00e9 de Boulogne \u2013Billancourt en France, la d\u00e9pouille de l\u2019animateur Baba Coulibaly arrive \u00e0 Abidjan dans la nuit du jeudi 16 novembre 2023. A annonc\u00e9 la famille du d\u00e9funt dans un communiqu\u00e9 publi\u00e9 le week-end dernier. Le m\u00eame communiqu\u00e9 pr\u00e9cise que la lev\u00e9e de corps de l\u2019ex-chef de d\u00e9partement des programmes de la Radiodiffusion T\u00e9l\u00e9vision ivoirienne en France, se fera le mercredi 15 novembre \u00e0 12h au fun\u00e9rarium du Mont Val\u00e9rien, 104 rue du Calvaire 92 000 \u00e0 Nanterre. Avant d\u2019\u00eatre transf\u00e9r\u00e9 \u00e0 Abidjan o\u00f9 elle sera accueillie le lendemain \u00e0 21 heures \u00e0 l\u2019a\u00e9roport F\u00e9lix Houphou\u00ebt-Boigny. L\u2019animateur s\u2019est \u00e9teint \u00e0 56 ans et laisse derri\u00e8re lui une veuve et cinq (5) enfants.<\/p>\n\n\n\n<p>CK<\/p>\n","protected":false},"excerpt":{"rendered":"<p>D\u00e9c\u00e9d\u00e9 le 27 octobre 2023 \u00e0 l\u2019h\u00f4pital Ambroise Par\u00e9 de Boulogne \u2013Billancourt en France, la d\u00e9pouille de l\u2019animateur Baba Coulibaly arrive \u00e0 Abidjan dans la nuit du jeudi 16 novembre 2023. A annonc\u00e9 la famille du d\u00e9funt dans un communiqu\u00e9 publi\u00e9 le week-end dernier. Le m\u00eame communiqu\u00e9 pr\u00e9cise que la lev\u00e9e de corps de l\u2019ex-chef &hellip;<\/p>\n<p class=\"read-more\"> <a class=\"\" href=\"https:\/\/7culture.ci\/index.php\/2023\/11\/14\/deuil-decede-en-france-le-corps-de-baba-cool-arrive-a-abidjan-ce-jeudi\/\"> <span class=\"screen-reader-text\">Deuil\u00a0: D\u00e9c\u00e9d\u00e9 en France, le corps de Baba Cool arrive \u00e0 Abidjan ce jeudi<\/span> Lire la suite\u00a0\u00bb<\/a><\/p>\n","protected":false},"author":1,"featured_media":25973,"comment_status":"open","ping_status":"open","sticky":false,"template":"","format":"standard","meta":{"_mi_skip_tracking":false,"_monsterinsights_sitenote_active":false,"_monsterinsights_sitenote_note":"","_monsterinsights_sitenote_category":0,"site-sidebar-layout":"default","site-content-layout":"default","ast-global-header-display":"","ast-main-header-display":"","ast-hfb-above-header-display":"","ast-hfb-below-header-display":"","ast-hfb-mobile-header-display":"","site-post-title":"","ast-breadcrumbs-content":"","ast-featured-img":"","footer-sml-layout":"","theme-transparent-header-meta":"","adv-header-id-meta":"","stick-header-meta":"","header-above-stick-meta":"","header-main-stick-meta":"","header-below-stick-meta":"","footnotes":"","jetpack_publicize_message":"","jetpack_is_tweetstorm":false,"jetpack_publicize_feature_enabled":true},"categories":[22],"tags":[],"jetpack_publicize_connections":[],"acf":[],"aioseo_notices":[],"yoast_head":"<!-- This site is optimized with the Yoast SEO plugin v19.6.1 - https:\/\/yoast.com\/wordpress\/plugins\/seo\/ -->\n<title>Deuil\u00a0: D\u00e9c\u00e9d\u00e9 en France, le corps de Baba Cool arrive \u00e0 Abidjan ce jeudi - 7culture<\/title>\n<meta name=\"robots\" content=\"index, follow, max-snippet:-1, max-image-preview:large, max-video-preview:-1\" \/>\n<link rel=\"canonical\" href=\"https:\/\/7culture.ci\/index.php\/2023\/11\/14\/deuil-decede-en-france-le-corps-de-baba-cool-arrive-a-abidjan-ce-jeudi\/\" \/>\n<meta property=\"og:locale\" content=\"fr_FR\" \/>\n<meta property=\"og:type\" content=\"article\" \/>\n<meta property=\"og:title\" content=\"Deuil\u00a0: D\u00e9c\u00e9d\u00e9 en France, le corps de Baba Cool arrive \u00e0 Abidjan ce jeudi - 7culture\" \/>\n<meta property=\"og:description\" content=\"D\u00e9c\u00e9d\u00e9 le 27 octobre 2023 \u00e0 l\u2019h\u00f4pital Ambroise Par\u00e9 de Boulogne \u2013Billancourt en France, la d\u00e9pouille de l\u2019animateur Baba Coulibaly arrive \u00e0 Abidjan dans la nuit du jeudi 16 novembre 2023. A annonc\u00e9 la famille du d\u00e9funt dans un communiqu\u00e9 publi\u00e9 le week-end dernier. Le m\u00eame communiqu\u00e9 pr\u00e9cise que la lev\u00e9e de corps de l\u2019ex-chef &hellip; Deuil\u00a0: D\u00e9c\u00e9d\u00e9 en France, le corps de Baba Cool arrive \u00e0 Abidjan ce jeudi Lire la suite\u00a0\u00bb\" \/>\n<meta property=\"og:url\" content=\"https:\/\/7culture.ci\/index.php\/2023\/11\/14\/deuil-decede-en-france-le-corps-de-baba-cool-arrive-a-abidjan-ce-jeudi\/\" \/>\n<meta property=\"og:site_name\" content=\"7culture\" \/>\n<meta property=\"article:publisher\" content=\"https:\/\/www.facebook.com\/redchefclaude\" \/>\n<meta property=\"article:published_time\" content=\"2023-11-14T09:32:31+00:00\" \/>\n<meta property=\"article:modified_time\" content=\"2023-11-22T20:31:23+00:00\" \/>\n<meta property=\"og:image\" content=\"http:\/\/7culture.ci\/wp-content\/uploads\/2023\/11\/BabaBon.jpg\" \/>\n\t<meta property=\"og:image:width\" content=\"889\" \/>\n\t<meta property=\"og:image:height\" content=\"651\" \/>\n\t<meta property=\"og:image:type\" content=\"image\/jpeg\" \/>\n<meta name=\"author\" content=\"7culture2020\" \/>\n<meta name=\"twitter:card\" content=\"summary_large_image\" \/>\n<meta name=\"twitter:creator\" content=\"@7culturec\" \/>\n<meta name=\"twitter:site\" content=\"@7culturec\" \/>\n<meta name=\"twitter:label1\" content=\"\u00c9crit par\" \/>\n\t<meta name=\"twitter:data1\" content=\"7culture2020\" \/>\n\t<meta name=\"twitter:label2\" content=\"Dur\u00e9e de lecture estim\u00e9e\" \/>\n\t<meta name=\"twitter:data2\" content=\"1 minute\" \/>\n<script type=\"application\/ld+json\" class=\"yoast-schema-graph\">{\"@context\":\"https:\/\/schema.org\",\"@graph\":[{\"@type\":\"Article\",\"@id\":\"https:\/\/7culture.ci\/index.php\/2023\/11\/14\/deuil-decede-en-france-le-corps-de-baba-cool-arrive-a-abidjan-ce-jeudi\/#article\",\"isPartOf\":{\"@id\":\"https:\/\/7culture.ci\/index.php\/2023\/11\/14\/deuil-decede-en-france-le-corps-de-baba-cool-arrive-a-abidjan-ce-jeudi\/\"},\"author\":{\"name\":\"7culture2020\",\"@id\":\"https:\/\/7culture.ci\/#\/schema\/person\/16150d28d7ef66ba788c1f87f28c4426\"},\"headline\":\"Deuil\u00a0: D\u00e9c\u00e9d\u00e9 en France, le corps de Baba Cool arrive \u00e0 Abidjan ce jeudi\",\"datePublished\":\"2023-11-14T09:32:31+00:00\",\"dateModified\":\"2023-11-22T20:31:23+00:00\",\"mainEntityOfPage\":{\"@id\":\"https:\/\/7culture.ci\/index.php\/2023\/11\/14\/deuil-decede-en-france-le-corps-de-baba-cool-arrive-a-abidjan-ce-jeudi\/\"},\"wordCount\":143,\"commentCount\":0,\"publisher\":{\"@id\":\"https:\/\/7culture.ci\/#organization\"},\"articleSection\":[\"Actualit\u00e9\"],\"inLanguage\":\"fr-FR\",\"potentialAction\":[{\"@type\":\"CommentAction\",\"name\":\"Comment\",\"target\":[\"https:\/\/7culture.ci\/index.php\/2023\/11\/14\/deuil-decede-en-france-le-corps-de-baba-cool-arrive-a-abidjan-ce-jeudi\/#respond\"]}]},{\"@type\":\"WebPage\",\"@id\":\"https:\/\/7culture.ci\/index.php\/2023\/11\/14\/deuil-decede-en-france-le-corps-de-baba-cool-arrive-a-abidjan-ce-jeudi\/\",\"url\":\"https:\/\/7culture.ci\/index.php\/2023\/11\/14\/deuil-decede-en-france-le-corps-de-baba-cool-arrive-a-abidjan-ce-jeudi\/\",\"name\":\"Deuil\u00a0: D\u00e9c\u00e9d\u00e9 en France, le corps de Baba Cool arrive \u00e0 Abidjan ce jeudi - 7culture\",\"isPartOf\":{\"@id\":\"https:\/\/7culture.ci\/#website\"},\"datePublished\":\"2023-11-14T09:32:31+00:00\",\"dateModified\":\"2023-11-22T20:31:23+00:00\",\"breadcrumb\":{\"@id\":\"https:\/\/7culture.ci\/index.php\/2023\/11\/14\/deuil-decede-en-france-le-corps-de-baba-cool-arrive-a-abidjan-ce-jeudi\/#breadcrumb\"},\"inLanguage\":\"fr-FR\",\"potentialAction\":[{\"@type\":\"ReadAction\",\"target\":[\"https:\/\/7culture.ci\/index.php\/2023\/11\/14\/deuil-decede-en-france-le-corps-de-baba-cool-arrive-a-abidjan-ce-jeudi\/\"]}]},{\"@type\":\"BreadcrumbList\",\"@id\":\"https:\/\/7culture.ci\/index.php\/2023\/11\/14\/deuil-decede-en-france-le-corps-de-baba-cool-arrive-a-abidjan-ce-jeudi\/#breadcrumb\",\"itemListElement\":[{\"@type\":\"ListItem\",\"position\":1,\"name\":\"Accueil\",\"item\":\"https:\/\/7culture.ci\/\"},{\"@type\":\"ListItem\",\"position\":2,\"name\":\"Deuil\u00a0: D\u00e9c\u00e9d\u00e9 en France, le corps de Baba Cool arrive \u00e0 Abidjan ce jeudi\"}]},{\"@type\":\"WebSite\",\"@id\":\"https:\/\/7culture.ci\/#website\",\"url\":\"https:\/\/7culture.ci\/\",\"name\":\"7culture\",\"description\":\"Tout sur l&#039;actualit\u00e9\",\"publisher\":{\"@id\":\"https:\/\/7culture.ci\/#organization\"},\"potentialAction\":[{\"@type\":\"SearchAction\",\"target\":{\"@type\":\"EntryPoint\",\"urlTemplate\":\"https:\/\/7culture.ci\/?s={search_term_string}\"},\"query-input\":\"required name=search_term_string\"}],\"inLanguage\":\"fr-FR\"},{\"@type\":\"Organization\",\"@id\":\"https:\/\/7culture.ci\/#organization\",\"name\":\"7culture\",\"url\":\"https:\/\/7culture.ci\/\",\"sameAs\":[\"https:\/\/www.facebook.com\/redchefclaude\",\"https:\/\/twitter.com\/7culturec\"],\"logo\":{\"@type\":\"ImageObject\",\"inLanguage\":\"fr-FR\",\"@id\":\"https:\/\/7culture.ci\/#\/schema\/logo\/image\/\",\"url\":\"https:\/\/7culture.ci\/wp-content\/uploads\/2021\/12\/S1a-1.png\",\"contentUrl\":\"https:\/\/7culture.ci\/wp-content\/uploads\/2021\/12\/S1a-1.png\",\"width\":588,\"height\":192,\"caption\":\"7culture\"},\"image\":{\"@id\":\"https:\/\/7culture.ci\/#\/schema\/logo\/image\/\"}},{\"@type\":\"Person\",\"@id\":\"https:\/\/7culture.ci\/#\/schema\/person\/16150d28d7ef66ba788c1f87f28c4426\",\"name\":\"7culture2020\",\"image\":{\"@type\":\"ImageObject\",\"inLanguage\":\"fr-FR\",\"@id\":\"https:\/\/7culture.ci\/#\/schema\/person\/image\/\",\"url\":\"https:\/\/secure.gravatar.com\/avatar\/9a0784f951306c37bcd065f52844ef95?s=96&d=mm&r=g\",\"contentUrl\":\"https:\/\/secure.gravatar.com\/avatar\/9a0784f951306c37bcd065f52844ef95?s=96&d=mm&r=g\",\"caption\":\"7culture2020\"},\"sameAs\":[\"http:\/\/7culture.ci\",\"Claude.kipre\"],\"url\":\"https:\/\/7culture.ci\/index.php\/author\/7culture2020\/\"}]}<\/script>\n<!-- \/ Yoast SEO plugin. -->","yoast_head_json":{"title":"Deuil\u00a0: D\u00e9c\u00e9d\u00e9 en France, le corps de Baba Cool arrive \u00e0 Abidjan ce jeudi - 7culture","robots":{"index":"index","follow":"follow","max-snippet":"max-snippet:-1","max-image-preview":"max-image-preview:large","max-video-preview":"max-video-preview:-1"},"canonical":"https:\/\/7culture.ci\/index.php\/2023\/11\/14\/deuil-decede-en-france-le-corps-de-baba-cool-arrive-a-abidjan-ce-jeudi\/","og_locale":"fr_FR","og_type":"article","og_title":"Deuil\u00a0: D\u00e9c\u00e9d\u00e9 en France, le corps de Baba Cool arrive \u00e0 Abidjan ce jeudi - 7culture","og_description":"D\u00e9c\u00e9d\u00e9 le 27 octobre 2023 \u00e0 l\u2019h\u00f4pital Ambroise Par\u00e9 de Boulogne \u2013Billancourt en France, la d\u00e9pouille de l\u2019animateur Baba Coulibaly arrive \u00e0 Abidjan dans la nuit du jeudi 16 novembre 2023. A annonc\u00e9 la famille du d\u00e9funt dans un communiqu\u00e9 publi\u00e9 le week-end dernier. Le m\u00eame communiqu\u00e9 pr\u00e9cise que la lev\u00e9e de corps de l\u2019ex-chef &hellip; Deuil\u00a0: D\u00e9c\u00e9d\u00e9 en France, le corps de Baba Cool arrive \u00e0 Abidjan ce jeudi Lire la suite\u00a0\u00bb","og_url":"https:\/\/7culture.ci\/index.php\/2023\/11\/14\/deuil-decede-en-france-le-corps-de-baba-cool-arrive-a-abidjan-ce-jeudi\/","og_site_name":"7culture","article_publisher":"https:\/\/www.facebook.com\/redchefclaude","article_published_time":"2023-11-14T09:32:31+00:00","article_modified_time":"2023-11-22T20:31:23+00:00","og_image":[{"width":889,"height":651,"url":"http:\/\/7culture.ci\/wp-content\/uploads\/2023\/11\/BabaBon.jpg","type":"image\/jpeg"}],"author":"7culture2020","twitter_card":"summary_large_image","twitter_creator":"@7culturec","twitter_site":"@7culturec","twitter_misc":{"\u00c9crit par":"7culture2020","Dur\u00e9e de lecture estim\u00e9e":"1 minute"},"schema":{"@context":"https:\/\/schema.org","@graph":[{"@type":"Article","@id":"https:\/\/7culture.ci\/index.php\/2023\/11\/14\/deuil-decede-en-france-le-corps-de-baba-cool-arrive-a-abidjan-ce-jeudi\/#article","isPartOf":{"@id":"https:\/\/7culture.ci\/index.php\/2023\/11\/14\/deuil-decede-en-france-le-corps-de-baba-cool-arrive-a-abidjan-ce-jeudi\/"},"author":{"name":"7culture2020","@id":"https:\/\/7culture.ci\/#\/schema\/person\/16150d28d7ef66ba788c1f87f28c4426"},"headline":"Deuil\u00a0: D\u00e9c\u00e9d\u00e9 en France, le corps de Baba Cool arrive \u00e0 Abidjan ce jeudi","datePublished":"2023-11-14T09:32:31+00:00","dateModified":"2023-11-22T20:31:23+00:00","mainEntityOfPage":{"@id":"https:\/\/7culture.ci\/index.php\/2023\/11\/14\/deuil-decede-en-france-le-corps-de-baba-cool-arrive-a-abidjan-ce-jeudi\/"},"wordCount":143,"commentCount":0,"publisher":{"@id":"https:\/\/7culture.ci\/#organization"},"articleSection":["Actualit\u00e9"],"inLanguage":"fr-FR","potentialAction":[{"@type":"CommentAction","name":"Comment","target":["https:\/\/7culture.ci\/index.php\/2023\/11\/14\/deuil-decede-en-france-le-corps-de-baba-cool-arrive-a-abidjan-ce-jeudi\/#respond"]}]},{"@type":"WebPage","@id":"https:\/\/7culture.ci\/index.php\/2023\/11\/14\/deuil-decede-en-france-le-corps-de-baba-cool-arrive-a-abidjan-ce-jeudi\/","url":"https:\/\/7culture.ci\/index.php\/2023\/11\/14\/deuil-decede-en-france-le-corps-de-baba-cool-arrive-a-abidjan-ce-jeudi\/","name":"Deuil\u00a0: D\u00e9c\u00e9d\u00e9 en France, le corps de Baba Cool arrive \u00e0 Abidjan ce jeudi - 7culture","isPartOf":{"@id":"https:\/\/7culture.ci\/#website"},"datePublished":"2023-11-14T09:32:31+00:00","dateModified":"2023-11-22T20:31:23+00:00","breadcrumb":{"@id":"https:\/\/7culture.ci\/index.php\/2023\/11\/14\/deuil-decede-en-france-le-corps-de-baba-cool-arrive-a-abidjan-ce-jeudi\/#breadcrumb"},"inLanguage":"fr-FR","potentialAction":[{"@type":"ReadAction","target":["https:\/\/7culture.ci\/index.php\/2023\/11\/14\/deuil-decede-en-france-le-corps-de-baba-cool-arrive-a-abidjan-ce-jeudi\/"]}]},{"@type":"BreadcrumbList","@id":"https:\/\/7culture.ci\/index.php\/2023\/11\/14\/deuil-decede-en-france-le-corps-de-baba-cool-arrive-a-abidjan-ce-jeudi\/#breadcrumb","itemListElement":[{"@type":"ListItem","position":1,"name":"Accueil","item":"https:\/\/7culture.ci\/"},{"@type":"ListItem","position":2,"name":"Deuil\u00a0: D\u00e9c\u00e9d\u00e9 en France, le corps de Baba Cool arrive \u00e0 Abidjan ce jeudi"}]},{"@type":"WebSite","@id":"https:\/\/7culture.ci\/#website","url":"https:\/\/7culture.ci\/","name":"7culture","description":"Tout sur l&#039;actualit\u00e9","publisher":{"@id":"https:\/\/7culture.ci\/#organization"},"potentialAction":[{"@type":"SearchAction","target":{"@type":"EntryPoint","urlTemplate":"https:\/\/7culture.ci\/?s={search_term_string}"},"query-input":"required name=search_term_string"}],"inLanguage":"fr-FR"},{"@type":"Organization","@id":"https:\/\/7culture.ci\/#organization","name":"7culture","url":"https:\/\/7culture.ci\/","sameAs":["https:\/\/www.facebook.com\/redchefclaude","https:\/\/twitter.com\/7culturec"],"logo":{"@type":"ImageObject","inLanguage":"fr-FR","@id":"https:\/\/7culture.ci\/#\/schema\/logo\/image\/","url":"https:\/\/7culture.ci\/wp-content\/uploads\/2021\/12\/S1a-1.png","contentUrl":"https:\/\/7culture.ci\/wp-content\/uploads\/2021\/12\/S1a-1.png","width":588,"height":192,"caption":"7culture"},"image":{"@id":"https:\/\/7culture.ci\/#\/schema\/logo\/image\/"}},{"@type":"Person","@id":"https:\/\/7culture.ci\/#\/schema\/person\/16150d28d7ef66ba788c1f87f28c4426","name":"7culture2020","image":{"@type":"ImageObject","inLanguage":"fr-FR","@id":"https:\/\/7culture.ci\/#\/schema\/person\/image\/","url":"https:\/\/secure.gravatar.com\/avatar\/9a0784f951306c37bcd065f52844ef95?s=96&d=mm&r=g","contentUrl":"https:\/\/secure.gravatar.com\/avatar\/9a0784f951306c37bcd065f52844ef95?s=96&d=mm&r=g","caption":"7culture2020"},"sameAs":["http:\/\/7culture.ci","Claude.kipre"],"url":"https:\/\/7culture.ci\/index.php\/author\/7culture2020\/"}]}},"jetpack_featured_media_url":"https:\/\/7culture.ci\/wp-content\/uploads\/2023\/11\/BabaBon.jpg","jetpack_likes_enabled":true,"jetpack_sharing_enabled":true,"_links":{"self":[{"href":"https:\/\/7culture.ci\/index.php\/wp-json\/wp\/v2\/posts\/25971"}],"collection":[{"href":"https:\/\/7culture.ci\/index.php\/wp-json\/wp\/v2\/posts"}],"about":[{"href":"https:\/\/7culture.ci\/index.php\/wp-json\/wp\/v2\/types\/post"}],"author":[{"embeddable":true,"href":"https:\/\/7culture.ci\/index.php\/wp-json\/wp\/v2\/users\/1"}],"replies":[{"embeddable":true,"href":"https:\/\/7culture.ci\/index.php\/wp-json\/wp\/v2\/comments?post=25971"}],"version-history":[{"count":1,"href":"https:\/\/7culture.ci\/index.php\/wp-json\/wp\/v2\/posts\/25971\/revisions"}],"predecessor-version":[{"id":25974,"href":"https:\/\/7culture.ci\/index.php\/wp-json\/wp\/v2\/posts\/25971\/revisions\/25974"}],"wp:featuredmedia":[{"embeddable":true,"href":"https:\/\/7culture.ci\/index.php\/wp-json\/wp\/v2\/media\/25973"}],"wp:attachment":[{"href":"https:\/\/7culture.ci\/index.php\/wp-json\/wp\/v2\/media?parent=25971"}],"wp:term":[{"taxonomy":"category","embeddable":true,"href":"https:\/\/7culture.ci\/index.php\/wp-json\/wp\/v2\/categories?post=25971"},{"taxonomy":"post_tag","embeddable":true,"href":"https:\/\/7culture.ci\/index.php\/wp-json\/wp\/v2\/tags?post=25971"}],"curies":[{"name":"wp","href":"https:\/\/api.w.org\/{rel}","templated":true}]}}