{"id":25952,"date":"2023-11-13T20:11:34","date_gmt":"2023-11-13T20:11:34","guid":{"rendered":"https:\/\/7culture.ci\/?p=25952"},"modified":"2023-11-14T15:02:45","modified_gmt":"2023-11-14T15:02:45","slug":"le-monde-du-livre-en-deuil-camara-nangala-sen-est-alle","status":"publish","type":"post","link":"https:\/\/7culture.ci\/index.php\/2023\/11\/13\/le-monde-du-livre-en-deuil-camara-nangala-sen-est-alle\/","title":{"rendered":"Le monde du livre en deuil\u00a0: Camara Nangala s&#8217;en est all\u00e9 !"},"content":{"rendered":"\n<p>Il apparaissait assez rarement en public, ces derni\u00e8res ann\u00e9es. Visiblement amaigri et fatigu\u00e9, Camara Nangala n\u2019\u00e9tait pour autant pas inscrit au chapitre de la mort. Mais l\u2019\u00e9crivain ivoirien \u00e0 l&#8217;imagination fertile et prolixe de ces derni\u00e8res ann\u00e9es, s&#8217;est \u00e9teint ce dimanche 12 novembre 2023 dans sa 68<sup>e<\/sup> ann\u00e9e.<\/p>\n\n\n\n<p>Auteur de plusieurs ouvrages dont \u2018\u2019La ronde des hy\u00e8nes\u2019\u2019, \u2018\u2019La poup\u00e9e\u2019\u2019, \u2018\u2019Le Cahier noir\u2019\u2019 entre autres, Camara Nangala s&#8217;est r\u00e9v\u00e9l\u00e9 aux Ivoiriens au milieu des ann\u00e9es 1980. Enseignant de sciences physiques et de math\u00e9matiques dans les lyc\u00e9es et coll\u00e8ges de la place, il s&#8217;adonnait g\u00e9n\u00e9reusement \u00e0 sa v\u00e9ritable passion : l&#8217;\u00e9criture. \u00ab <strong><em>Cette capacit\u00e9 \u00e0 \u00e9crire beaucoup, exprime simplement l&#8217;\u00e9tat d&#8217;esprit d&#8217;un \u00eatre humain qui souffre en son for int\u00e9rieur. Ou j&#8217;\u00e9cris ou je deviens fou ! Que d&#8217;absurdit\u00e9s autour de moi ! Que de mensonges prof\u00e9r\u00e9s ! Que de vil\u00e9nies ! J&#8217;ai mal, tr\u00e8s mal. Voici pourquoi j&#8217;\u00e9cris. Mon aventure litt\u00e9raire est l&#8217;expression d&#8217;un malaise int\u00e9rieur. Je n&#8217;\u00e9cris pas pour me donner un vernis d&#8217;intellectuel. J&#8217;\u00e9cris pour vivre et esp\u00e9rer. Sans l&#8217;\u00e9criture, ma vie n&#8217;a pas de sens. J&#8217;ai un principe de vie : vivre en nuisant le moins possible \u00e0 mon prochain. La litt\u00e9rature m&#8217;aide \u00e0 mettre en application ce principe<\/em><\/strong> \u00bb, ainsi justifiait-il son irruption sur la sc\u00e8ne de l&#8217;\u00e9criture en C\u00f4te d\u2019Ivoire dans un article parue il y a quelques ann\u00e9es. Camara Nangala a touch\u00e9, tour \u00e0 tour, \u00e0 presque tous les domaines de la litt\u00e9rature. Notamment la po\u00e9sie, la nouvelle, le roman, la litt\u00e9rature pour la jeunesse\u2026 avec, \u00e0 chaque fois, des ouvrages de belle facture. Ses th\u00e8mes de pr\u00e9dilection \u00e9taient la pauvret\u00e9, la vie au village, la famille recompos\u00e9e ou polygamique, l\u2019enfance maltrait\u00e9e, la musique, l\u2019amour\u2026<\/p>\n\n\n\n<p>Bibliographie de Camara Nangala : La derni\u00e8re Chance, Le Cahier Noir, La fille au grand c\u0153ur, Papy sympa, Le messager, Le printemps de la Libert\u00e9, Dialogue\u2026<\/p>\n\n\n\n<p>CK<\/p>\n","protected":false},"excerpt":{"rendered":"<p>Il apparaissait assez rarement en public, ces derni\u00e8res ann\u00e9es. Visiblement amaigri et fatigu\u00e9, Camara Nangala n\u2019\u00e9tait pour autant pas inscrit au chapitre de la mort. Mais l\u2019\u00e9crivain ivoirien \u00e0 l&#8217;imagination fertile et prolixe de ces derni\u00e8res ann\u00e9es, s&#8217;est \u00e9teint ce dimanche 12 novembre 2023 dans sa 68e ann\u00e9e. Auteur de plusieurs ouvrages dont \u2018\u2019La ronde &hellip;<\/p>\n<p class=\"read-more\"> <a class=\"\" href=\"https:\/\/7culture.ci\/index.php\/2023\/11\/13\/le-monde-du-livre-en-deuil-camara-nangala-sen-est-alle\/\"> <span class=\"screen-reader-text\">Le monde du livre en deuil\u00a0: Camara Nangala s&#8217;en est all\u00e9 !<\/span> Lire la suite\u00a0\u00bb<\/a><\/p>\n","protected":false},"author":1,"featured_media":25954,"comment_status":"open","ping_status":"open","sticky":false,"template":"","format":"standard","meta":{"_mi_skip_tracking":false,"_monsterinsights_sitenote_active":false,"_monsterinsights_sitenote_note":"","_monsterinsights_sitenote_category":0,"site-sidebar-layout":"default","site-content-layout":"default","ast-global-header-display":"","ast-main-header-display":"","ast-hfb-above-header-display":"","ast-hfb-below-header-display":"","ast-hfb-mobile-header-display":"","site-post-title":"","ast-breadcrumbs-content":"","ast-featured-img":"","footer-sml-layout":"","theme-transparent-header-meta":"","adv-header-id-meta":null,"stick-header-meta":null,"header-above-stick-meta":null,"header-main-stick-meta":null,"header-below-stick-meta":null,"footnotes":"","jetpack_publicize_message":"","jetpack_is_tweetstorm":false,"jetpack_publicize_feature_enabled":true},"categories":[22],"tags":[],"jetpack_publicize_connections":[],"acf":[],"aioseo_notices":[],"yoast_head":"<!-- This site is optimized with the Yoast SEO plugin v19.6.1 - https:\/\/yoast.com\/wordpress\/plugins\/seo\/ -->\n<title>Le monde du livre en deuil\u00a0: Camara Nangala s&#039;en est all\u00e9 ! - 7culture<\/title>\n<meta name=\"robots\" content=\"index, follow, max-snippet:-1, max-image-preview:large, max-video-preview:-1\" \/>\n<link rel=\"canonical\" href=\"https:\/\/7culture.ci\/index.php\/2023\/11\/13\/le-monde-du-livre-en-deuil-camara-nangala-sen-est-alle\/\" \/>\n<meta property=\"og:locale\" content=\"fr_FR\" \/>\n<meta property=\"og:type\" content=\"article\" \/>\n<meta property=\"og:title\" content=\"Le monde du livre en deuil\u00a0: Camara Nangala s&#039;en est all\u00e9 ! - 7culture\" \/>\n<meta property=\"og:description\" content=\"Il apparaissait assez rarement en public, ces derni\u00e8res ann\u00e9es. Visiblement amaigri et fatigu\u00e9, Camara Nangala n\u2019\u00e9tait pour autant pas inscrit au chapitre de la mort. Mais l\u2019\u00e9crivain ivoirien \u00e0 l&#8217;imagination fertile et prolixe de ces derni\u00e8res ann\u00e9es, s&#8217;est \u00e9teint ce dimanche 12 novembre 2023 dans sa 68e ann\u00e9e. Auteur de plusieurs ouvrages dont \u2018\u2019La ronde &hellip; Le monde du livre en deuil\u00a0: Camara Nangala s&#8217;en est all\u00e9 ! Lire la suite\u00a0\u00bb\" \/>\n<meta property=\"og:url\" content=\"https:\/\/7culture.ci\/index.php\/2023\/11\/13\/le-monde-du-livre-en-deuil-camara-nangala-sen-est-alle\/\" \/>\n<meta property=\"og:site_name\" content=\"7culture\" \/>\n<meta property=\"article:publisher\" content=\"https:\/\/www.facebook.com\/redchefclaude\" \/>\n<meta property=\"article:published_time\" content=\"2023-11-13T20:11:34+00:00\" \/>\n<meta property=\"article:modified_time\" content=\"2023-11-14T15:02:45+00:00\" \/>\n<meta property=\"og:image\" content=\"http:\/\/7culture.ci\/wp-content\/uploads\/2023\/11\/WhatsApp-Image-2023-11-13-at-12.53.58-1.jpeg\" \/>\n\t<meta property=\"og:image:width\" content=\"296\" \/>\n\t<meta property=\"og:image:height\" content=\"330\" \/>\n\t<meta property=\"og:image:type\" content=\"image\/jpeg\" \/>\n<meta name=\"author\" content=\"7culture2020\" \/>\n<meta name=\"twitter:card\" content=\"summary_large_image\" \/>\n<meta name=\"twitter:creator\" content=\"@7culturec\" \/>\n<meta name=\"twitter:site\" content=\"@7culturec\" \/>\n<meta name=\"twitter:label1\" content=\"\u00c9crit par\" \/>\n\t<meta name=\"twitter:data1\" content=\"7culture2020\" \/>\n\t<meta name=\"twitter:label2\" content=\"Dur\u00e9e de lecture estim\u00e9e\" \/>\n\t<meta name=\"twitter:data2\" content=\"2 minutes\" \/>\n<script type=\"application\/ld+json\" class=\"yoast-schema-graph\">{\"@context\":\"https:\/\/schema.org\",\"@graph\":[{\"@type\":\"Article\",\"@id\":\"https:\/\/7culture.ci\/index.php\/2023\/11\/13\/le-monde-du-livre-en-deuil-camara-nangala-sen-est-alle\/#article\",\"isPartOf\":{\"@id\":\"https:\/\/7culture.ci\/index.php\/2023\/11\/13\/le-monde-du-livre-en-deuil-camara-nangala-sen-est-alle\/\"},\"author\":{\"name\":\"7culture2020\",\"@id\":\"https:\/\/7culture.ci\/#\/schema\/person\/16150d28d7ef66ba788c1f87f28c4426\"},\"headline\":\"Le monde du livre en deuil\u00a0: Camara Nangala s&#8217;en est all\u00e9 !\",\"datePublished\":\"2023-11-13T20:11:34+00:00\",\"dateModified\":\"2023-11-14T15:02:45+00:00\",\"mainEntityOfPage\":{\"@id\":\"https:\/\/7culture.ci\/index.php\/2023\/11\/13\/le-monde-du-livre-en-deuil-camara-nangala-sen-est-alle\/\"},\"wordCount\":349,\"commentCount\":0,\"publisher\":{\"@id\":\"https:\/\/7culture.ci\/#organization\"},\"articleSection\":[\"Actualit\u00e9\"],\"inLanguage\":\"fr-FR\",\"potentialAction\":[{\"@type\":\"CommentAction\",\"name\":\"Comment\",\"target\":[\"https:\/\/7culture.ci\/index.php\/2023\/11\/13\/le-monde-du-livre-en-deuil-camara-nangala-sen-est-alle\/#respond\"]}]},{\"@type\":\"WebPage\",\"@id\":\"https:\/\/7culture.ci\/index.php\/2023\/11\/13\/le-monde-du-livre-en-deuil-camara-nangala-sen-est-alle\/\",\"url\":\"https:\/\/7culture.ci\/index.php\/2023\/11\/13\/le-monde-du-livre-en-deuil-camara-nangala-sen-est-alle\/\",\"name\":\"Le monde du livre en deuil\u00a0: Camara Nangala s'en est all\u00e9 ! - 7culture\",\"isPartOf\":{\"@id\":\"https:\/\/7culture.ci\/#website\"},\"datePublished\":\"2023-11-13T20:11:34+00:00\",\"dateModified\":\"2023-11-14T15:02:45+00:00\",\"breadcrumb\":{\"@id\":\"https:\/\/7culture.ci\/index.php\/2023\/11\/13\/le-monde-du-livre-en-deuil-camara-nangala-sen-est-alle\/#breadcrumb\"},\"inLanguage\":\"fr-FR\",\"potentialAction\":[{\"@type\":\"ReadAction\",\"target\":[\"https:\/\/7culture.ci\/index.php\/2023\/11\/13\/le-monde-du-livre-en-deuil-camara-nangala-sen-est-alle\/\"]}]},{\"@type\":\"BreadcrumbList\",\"@id\":\"https:\/\/7culture.ci\/index.php\/2023\/11\/13\/le-monde-du-livre-en-deuil-camara-nangala-sen-est-alle\/#breadcrumb\",\"itemListElement\":[{\"@type\":\"ListItem\",\"position\":1,\"name\":\"Accueil\",\"item\":\"https:\/\/7culture.ci\/\"},{\"@type\":\"ListItem\",\"position\":2,\"name\":\"Le monde du livre en deuil\u00a0: Camara Nangala s&#8217;en est all\u00e9 !\"}]},{\"@type\":\"WebSite\",\"@id\":\"https:\/\/7culture.ci\/#website\",\"url\":\"https:\/\/7culture.ci\/\",\"name\":\"7culture\",\"description\":\"Tout sur l&#039;actualit\u00e9\",\"publisher\":{\"@id\":\"https:\/\/7culture.ci\/#organization\"},\"potentialAction\":[{\"@type\":\"SearchAction\",\"target\":{\"@type\":\"EntryPoint\",\"urlTemplate\":\"https:\/\/7culture.ci\/?s={search_term_string}\"},\"query-input\":\"required name=search_term_string\"}],\"inLanguage\":\"fr-FR\"},{\"@type\":\"Organization\",\"@id\":\"https:\/\/7culture.ci\/#organization\",\"name\":\"7culture\",\"url\":\"https:\/\/7culture.ci\/\",\"sameAs\":[\"https:\/\/www.facebook.com\/redchefclaude\",\"https:\/\/twitter.com\/7culturec\"],\"logo\":{\"@type\":\"ImageObject\",\"inLanguage\":\"fr-FR\",\"@id\":\"https:\/\/7culture.ci\/#\/schema\/logo\/image\/\",\"url\":\"https:\/\/7culture.ci\/wp-content\/uploads\/2021\/12\/S1a-1.png\",\"contentUrl\":\"https:\/\/7culture.ci\/wp-content\/uploads\/2021\/12\/S1a-1.png\",\"width\":588,\"height\":192,\"caption\":\"7culture\"},\"image\":{\"@id\":\"https:\/\/7culture.ci\/#\/schema\/logo\/image\/\"}},{\"@type\":\"Person\",\"@id\":\"https:\/\/7culture.ci\/#\/schema\/person\/16150d28d7ef66ba788c1f87f28c4426\",\"name\":\"7culture2020\",\"image\":{\"@type\":\"ImageObject\",\"inLanguage\":\"fr-FR\",\"@id\":\"https:\/\/7culture.ci\/#\/schema\/person\/image\/\",\"url\":\"https:\/\/secure.gravatar.com\/avatar\/9a0784f951306c37bcd065f52844ef95?s=96&d=mm&r=g\",\"contentUrl\":\"https:\/\/secure.gravatar.com\/avatar\/9a0784f951306c37bcd065f52844ef95?s=96&d=mm&r=g\",\"caption\":\"7culture2020\"},\"sameAs\":[\"http:\/\/7culture.ci\",\"Claude.kipre\"],\"url\":\"https:\/\/7culture.ci\/index.php\/author\/7culture2020\/\"}]}<\/script>\n<!-- \/ Yoast SEO plugin. -->","yoast_head_json":{"title":"Le monde du livre en deuil\u00a0: Camara Nangala s'en est all\u00e9 ! - 7culture","robots":{"index":"index","follow":"follow","max-snippet":"max-snippet:-1","max-image-preview":"max-image-preview:large","max-video-preview":"max-video-preview:-1"},"canonical":"https:\/\/7culture.ci\/index.php\/2023\/11\/13\/le-monde-du-livre-en-deuil-camara-nangala-sen-est-alle\/","og_locale":"fr_FR","og_type":"article","og_title":"Le monde du livre en deuil\u00a0: Camara Nangala s'en est all\u00e9 ! - 7culture","og_description":"Il apparaissait assez rarement en public, ces derni\u00e8res ann\u00e9es. Visiblement amaigri et fatigu\u00e9, Camara Nangala n\u2019\u00e9tait pour autant pas inscrit au chapitre de la mort. Mais l\u2019\u00e9crivain ivoirien \u00e0 l&#8217;imagination fertile et prolixe de ces derni\u00e8res ann\u00e9es, s&#8217;est \u00e9teint ce dimanche 12 novembre 2023 dans sa 68e ann\u00e9e. Auteur de plusieurs ouvrages dont \u2018\u2019La ronde &hellip; Le monde du livre en deuil\u00a0: Camara Nangala s&#8217;en est all\u00e9 ! Lire la suite\u00a0\u00bb","og_url":"https:\/\/7culture.ci\/index.php\/2023\/11\/13\/le-monde-du-livre-en-deuil-camara-nangala-sen-est-alle\/","og_site_name":"7culture","article_publisher":"https:\/\/www.facebook.com\/redchefclaude","article_published_time":"2023-11-13T20:11:34+00:00","article_modified_time":"2023-11-14T15:02:45+00:00","og_image":[{"width":296,"height":330,"url":"http:\/\/7culture.ci\/wp-content\/uploads\/2023\/11\/WhatsApp-Image-2023-11-13-at-12.53.58-1.jpeg","type":"image\/jpeg"}],"author":"7culture2020","twitter_card":"summary_large_image","twitter_creator":"@7culturec","twitter_site":"@7culturec","twitter_misc":{"\u00c9crit par":"7culture2020","Dur\u00e9e de lecture estim\u00e9e":"2 minutes"},"schema":{"@context":"https:\/\/schema.org","@graph":[{"@type":"Article","@id":"https:\/\/7culture.ci\/index.php\/2023\/11\/13\/le-monde-du-livre-en-deuil-camara-nangala-sen-est-alle\/#article","isPartOf":{"@id":"https:\/\/7culture.ci\/index.php\/2023\/11\/13\/le-monde-du-livre-en-deuil-camara-nangala-sen-est-alle\/"},"author":{"name":"7culture2020","@id":"https:\/\/7culture.ci\/#\/schema\/person\/16150d28d7ef66ba788c1f87f28c4426"},"headline":"Le monde du livre en deuil\u00a0: Camara Nangala s&#8217;en est all\u00e9 !","datePublished":"2023-11-13T20:11:34+00:00","dateModified":"2023-11-14T15:02:45+00:00","mainEntityOfPage":{"@id":"https:\/\/7culture.ci\/index.php\/2023\/11\/13\/le-monde-du-livre-en-deuil-camara-nangala-sen-est-alle\/"},"wordCount":349,"commentCount":0,"publisher":{"@id":"https:\/\/7culture.ci\/#organization"},"articleSection":["Actualit\u00e9"],"inLanguage":"fr-FR","potentialAction":[{"@type":"CommentAction","name":"Comment","target":["https:\/\/7culture.ci\/index.php\/2023\/11\/13\/le-monde-du-livre-en-deuil-camara-nangala-sen-est-alle\/#respond"]}]},{"@type":"WebPage","@id":"https:\/\/7culture.ci\/index.php\/2023\/11\/13\/le-monde-du-livre-en-deuil-camara-nangala-sen-est-alle\/","url":"https:\/\/7culture.ci\/index.php\/2023\/11\/13\/le-monde-du-livre-en-deuil-camara-nangala-sen-est-alle\/","name":"Le monde du livre en deuil\u00a0: Camara Nangala s'en est all\u00e9 ! - 7culture","isPartOf":{"@id":"https:\/\/7culture.ci\/#website"},"datePublished":"2023-11-13T20:11:34+00:00","dateModified":"2023-11-14T15:02:45+00:00","breadcrumb":{"@id":"https:\/\/7culture.ci\/index.php\/2023\/11\/13\/le-monde-du-livre-en-deuil-camara-nangala-sen-est-alle\/#breadcrumb"},"inLanguage":"fr-FR","potentialAction":[{"@type":"ReadAction","target":["https:\/\/7culture.ci\/index.php\/2023\/11\/13\/le-monde-du-livre-en-deuil-camara-nangala-sen-est-alle\/"]}]},{"@type":"BreadcrumbList","@id":"https:\/\/7culture.ci\/index.php\/2023\/11\/13\/le-monde-du-livre-en-deuil-camara-nangala-sen-est-alle\/#breadcrumb","itemListElement":[{"@type":"ListItem","position":1,"name":"Accueil","item":"https:\/\/7culture.ci\/"},{"@type":"ListItem","position":2,"name":"Le monde du livre en deuil\u00a0: Camara Nangala s&#8217;en est all\u00e9 !"}]},{"@type":"WebSite","@id":"https:\/\/7culture.ci\/#website","url":"https:\/\/7culture.ci\/","name":"7culture","description":"Tout sur l&#039;actualit\u00e9","publisher":{"@id":"https:\/\/7culture.ci\/#organization"},"potentialAction":[{"@type":"SearchAction","target":{"@type":"EntryPoint","urlTemplate":"https:\/\/7culture.ci\/?s={search_term_string}"},"query-input":"required name=search_term_string"}],"inLanguage":"fr-FR"},{"@type":"Organization","@id":"https:\/\/7culture.ci\/#organization","name":"7culture","url":"https:\/\/7culture.ci\/","sameAs":["https:\/\/www.facebook.com\/redchefclaude","https:\/\/twitter.com\/7culturec"],"logo":{"@type":"ImageObject","inLanguage":"fr-FR","@id":"https:\/\/7culture.ci\/#\/schema\/logo\/image\/","url":"https:\/\/7culture.ci\/wp-content\/uploads\/2021\/12\/S1a-1.png","contentUrl":"https:\/\/7culture.ci\/wp-content\/uploads\/2021\/12\/S1a-1.png","width":588,"height":192,"caption":"7culture"},"image":{"@id":"https:\/\/7culture.ci\/#\/schema\/logo\/image\/"}},{"@type":"Person","@id":"https:\/\/7culture.ci\/#\/schema\/person\/16150d28d7ef66ba788c1f87f28c4426","name":"7culture2020","image":{"@type":"ImageObject","inLanguage":"fr-FR","@id":"https:\/\/7culture.ci\/#\/schema\/person\/image\/","url":"https:\/\/secure.gravatar.com\/avatar\/9a0784f951306c37bcd065f52844ef95?s=96&d=mm&r=g","contentUrl":"https:\/\/secure.gravatar.com\/avatar\/9a0784f951306c37bcd065f52844ef95?s=96&d=mm&r=g","caption":"7culture2020"},"sameAs":["http:\/\/7culture.ci","Claude.kipre"],"url":"https:\/\/7culture.ci\/index.php\/author\/7culture2020\/"}]}},"jetpack_featured_media_url":"https:\/\/7culture.ci\/wp-content\/uploads\/2023\/11\/WhatsApp-Image-2023-11-13-at-12.53.58-1.jpeg","jetpack_likes_enabled":true,"jetpack_sharing_enabled":true,"_links":{"self":[{"href":"https:\/\/7culture.ci\/index.php\/wp-json\/wp\/v2\/posts\/25952"}],"collection":[{"href":"https:\/\/7culture.ci\/index.php\/wp-json\/wp\/v2\/posts"}],"about":[{"href":"https:\/\/7culture.ci\/index.php\/wp-json\/wp\/v2\/types\/post"}],"author":[{"embeddable":true,"href":"https:\/\/7culture.ci\/index.php\/wp-json\/wp\/v2\/users\/1"}],"replies":[{"embeddable":true,"href":"https:\/\/7culture.ci\/index.php\/wp-json\/wp\/v2\/comments?post=25952"}],"version-history":[{"count":1,"href":"https:\/\/7culture.ci\/index.php\/wp-json\/wp\/v2\/posts\/25952\/revisions"}],"predecessor-version":[{"id":25955,"href":"https:\/\/7culture.ci\/index.php\/wp-json\/wp\/v2\/posts\/25952\/revisions\/25955"}],"wp:featuredmedia":[{"embeddable":true,"href":"https:\/\/7culture.ci\/index.php\/wp-json\/wp\/v2\/media\/25954"}],"wp:attachment":[{"href":"https:\/\/7culture.ci\/index.php\/wp-json\/wp\/v2\/media?parent=25952"}],"wp:term":[{"taxonomy":"category","embeddable":true,"href":"https:\/\/7culture.ci\/index.php\/wp-json\/wp\/v2\/categories?post=25952"},{"taxonomy":"post_tag","embeddable":true,"href":"https:\/\/7culture.ci\/index.php\/wp-json\/wp\/v2\/tags?post=25952"}],"curies":[{"name":"wp","href":"https:\/\/api.w.org\/{rel}","templated":true}]}}