{"id":25945,"date":"2023-11-10T09:07:47","date_gmt":"2023-11-10T09:07:47","guid":{"rendered":"https:\/\/7culture.ci\/?p=25945"},"modified":"2023-11-13T20:19:34","modified_gmt":"2023-11-13T20:19:34","slug":"le-salon-africain-des-arts-de-la-maison-se-tiendra-samedi-et-dimanche-a-lhotel-ivoire","status":"publish","type":"post","link":"https:\/\/7culture.ci\/index.php\/2023\/11\/10\/le-salon-africain-des-arts-de-la-maison-se-tiendra-samedi-et-dimanche-a-lhotel-ivoire\/","title":{"rendered":"Le Salon africain des arts de la maison se tiendra samedi et dimanche \u00e0 l\u2019h\u00f4tel Ivoire"},"content":{"rendered":"\n<p>Ces samedi 11 et dimanche 12 novembre 2023, la patinoire du Sofitel H\u00f4tel Ivoire accueille le premier Salon africain des arts de la maison (Saam). Au cours d\u2019une conf\u00e9rence de presse anim\u00e9e le mercredi 8 novembre 2023 \u00e0 Abidjan-Cocody-Riviera-Bonounin, Marie-Axelle N\u2019Goran, la promotrice de ce Salon, a expliqu\u00e9 ses motivations et donn\u00e9 les grandes lignes de son \u00e9v\u00e8nement. \u00ab&nbsp;<em>C\u2019est une plateforme qui r\u00e9unit tous ceux qui interviennent dans le secteur de l\u2019am\u00e9nagement int\u00e9rieur. Des architectes d\u2019int\u00e9rieur aux artistes-peintres en passant par les artisans et l\u2019art de la table, tout ce beau monde est concern\u00e9<\/em>&nbsp;\u00bb, a fait savoir Mme N\u2019Goran. Au programme de ce rendez-vous, une conf\u00e9rence inaugurale, trois panels, deux masters class et une exposition avec une centaine de stands. Les exposants sont de la C\u00f4te d\u2019Ivoire et de la sous-r\u00e9gion. Les masters class seront anim\u00e9s par Marie-Christelle M\u2019boua et Tania Diallo. L\u2019un des th\u00e8mes \u00e0 d\u00e9battre est \u2018\u2019L\u2019impact \u00e9conomique de l\u2019industrie de l\u2019art de la table en Afrique francophone\u2019\u2019. \u00ab&nbsp;<em>Ce salon, c\u2019est vraiment l\u2019art de nous apprendre \u00e0 mieux vivre chez soi&nbsp;<\/em>\u00bb, a insist\u00e9 l\u2019initiatrice. Le Saam vise \u00e0 promouvoir les marques de d\u00e9coration, de design et les arts africains et francophones, et savoir-faire des artisans. Des sp\u00e9cialistes du domaine aideront ces dernier \u00e0 formaliser leurs \u0153uvres aux normes et standards internationaux. <\/p>\n\n\n\n<p>DT<\/p>\n","protected":false},"excerpt":{"rendered":"<p>Ces samedi 11 et dimanche 12 novembre 2023, la patinoire du Sofitel H\u00f4tel Ivoire accueille le premier Salon africain des arts de la maison (Saam). Au cours d\u2019une conf\u00e9rence de presse anim\u00e9e le mercredi 8 novembre 2023 \u00e0 Abidjan-Cocody-Riviera-Bonounin, Marie-Axelle N\u2019Goran, la promotrice de ce Salon, a expliqu\u00e9 ses motivations et donn\u00e9 les grandes lignes &hellip;<\/p>\n<p class=\"read-more\"> <a class=\"\" href=\"https:\/\/7culture.ci\/index.php\/2023\/11\/10\/le-salon-africain-des-arts-de-la-maison-se-tiendra-samedi-et-dimanche-a-lhotel-ivoire\/\"> <span class=\"screen-reader-text\">Le Salon africain des arts de la maison se tiendra samedi et dimanche \u00e0 l\u2019h\u00f4tel Ivoire<\/span> Lire la suite\u00a0\u00bb<\/a><\/p>\n","protected":false},"author":1,"featured_media":25949,"comment_status":"open","ping_status":"open","sticky":false,"template":"","format":"standard","meta":{"_mi_skip_tracking":false,"_monsterinsights_sitenote_active":false,"_monsterinsights_sitenote_note":"","_monsterinsights_sitenote_category":0,"site-sidebar-layout":"default","site-content-layout":"default","ast-global-header-display":"","ast-main-header-display":"","ast-hfb-above-header-display":"","ast-hfb-below-header-display":"","ast-hfb-mobile-header-display":"","site-post-title":"","ast-breadcrumbs-content":"","ast-featured-img":"","footer-sml-layout":"","theme-transparent-header-meta":"","adv-header-id-meta":"","stick-header-meta":"","header-above-stick-meta":"","header-main-stick-meta":"","header-below-stick-meta":"","footnotes":"","jetpack_publicize_message":"","jetpack_is_tweetstorm":false,"jetpack_publicize_feature_enabled":true},"categories":[22],"tags":[],"jetpack_publicize_connections":[],"acf":[],"aioseo_notices":[],"yoast_head":"<!-- This site is optimized with the Yoast SEO plugin v19.6.1 - https:\/\/yoast.com\/wordpress\/plugins\/seo\/ -->\n<title>Le Salon africain des arts de la maison se tiendra samedi et dimanche \u00e0 l\u2019h\u00f4tel Ivoire - 7culture<\/title>\n<meta name=\"robots\" content=\"index, follow, max-snippet:-1, max-image-preview:large, max-video-preview:-1\" \/>\n<link rel=\"canonical\" href=\"https:\/\/7culture.ci\/index.php\/2023\/11\/10\/le-salon-africain-des-arts-de-la-maison-se-tiendra-samedi-et-dimanche-a-lhotel-ivoire\/\" \/>\n<meta property=\"og:locale\" content=\"fr_FR\" \/>\n<meta property=\"og:type\" content=\"article\" \/>\n<meta property=\"og:title\" content=\"Le Salon africain des arts de la maison se tiendra samedi et dimanche \u00e0 l\u2019h\u00f4tel Ivoire - 7culture\" \/>\n<meta property=\"og:description\" content=\"Ces samedi 11 et dimanche 12 novembre 2023, la patinoire du Sofitel H\u00f4tel Ivoire accueille le premier Salon africain des arts de la maison (Saam). Au cours d\u2019une conf\u00e9rence de presse anim\u00e9e le mercredi 8 novembre 2023 \u00e0 Abidjan-Cocody-Riviera-Bonounin, Marie-Axelle N\u2019Goran, la promotrice de ce Salon, a expliqu\u00e9 ses motivations et donn\u00e9 les grandes lignes &hellip; Le Salon africain des arts de la maison se tiendra samedi et dimanche \u00e0 l\u2019h\u00f4tel Ivoire Lire la suite\u00a0\u00bb\" \/>\n<meta property=\"og:url\" content=\"https:\/\/7culture.ci\/index.php\/2023\/11\/10\/le-salon-africain-des-arts-de-la-maison-se-tiendra-samedi-et-dimanche-a-lhotel-ivoire\/\" \/>\n<meta property=\"og:site_name\" content=\"7culture\" \/>\n<meta property=\"article:publisher\" content=\"https:\/\/www.facebook.com\/redchefclaude\" \/>\n<meta property=\"article:published_time\" content=\"2023-11-10T09:07:47+00:00\" \/>\n<meta property=\"article:modified_time\" content=\"2023-11-13T20:19:34+00:00\" \/>\n<meta property=\"og:image\" content=\"http:\/\/7culture.ci\/wp-content\/uploads\/2023\/11\/Saam_bon.jpeg\" \/>\n\t<meta property=\"og:image:width\" content=\"1376\" \/>\n\t<meta property=\"og:image:height\" content=\"730\" \/>\n\t<meta property=\"og:image:type\" content=\"image\/jpeg\" \/>\n<meta name=\"author\" content=\"7culture2020\" \/>\n<meta name=\"twitter:card\" content=\"summary_large_image\" \/>\n<meta name=\"twitter:creator\" content=\"@7culturec\" \/>\n<meta name=\"twitter:site\" content=\"@7culturec\" \/>\n<meta name=\"twitter:label1\" content=\"\u00c9crit par\" \/>\n\t<meta name=\"twitter:data1\" content=\"7culture2020\" \/>\n\t<meta name=\"twitter:label2\" content=\"Dur\u00e9e de lecture estim\u00e9e\" \/>\n\t<meta name=\"twitter:data2\" content=\"1 minute\" \/>\n<script type=\"application\/ld+json\" class=\"yoast-schema-graph\">{\"@context\":\"https:\/\/schema.org\",\"@graph\":[{\"@type\":\"Article\",\"@id\":\"https:\/\/7culture.ci\/index.php\/2023\/11\/10\/le-salon-africain-des-arts-de-la-maison-se-tiendra-samedi-et-dimanche-a-lhotel-ivoire\/#article\",\"isPartOf\":{\"@id\":\"https:\/\/7culture.ci\/index.php\/2023\/11\/10\/le-salon-africain-des-arts-de-la-maison-se-tiendra-samedi-et-dimanche-a-lhotel-ivoire\/\"},\"author\":{\"name\":\"7culture2020\",\"@id\":\"https:\/\/7culture.ci\/#\/schema\/person\/16150d28d7ef66ba788c1f87f28c4426\"},\"headline\":\"Le Salon africain des arts de la maison se tiendra samedi et dimanche \u00e0 l\u2019h\u00f4tel Ivoire\",\"datePublished\":\"2023-11-10T09:07:47+00:00\",\"dateModified\":\"2023-11-13T20:19:34+00:00\",\"mainEntityOfPage\":{\"@id\":\"https:\/\/7culture.ci\/index.php\/2023\/11\/10\/le-salon-africain-des-arts-de-la-maison-se-tiendra-samedi-et-dimanche-a-lhotel-ivoire\/\"},\"wordCount\":257,\"commentCount\":0,\"publisher\":{\"@id\":\"https:\/\/7culture.ci\/#organization\"},\"articleSection\":[\"Actualit\u00e9\"],\"inLanguage\":\"fr-FR\",\"potentialAction\":[{\"@type\":\"CommentAction\",\"name\":\"Comment\",\"target\":[\"https:\/\/7culture.ci\/index.php\/2023\/11\/10\/le-salon-africain-des-arts-de-la-maison-se-tiendra-samedi-et-dimanche-a-lhotel-ivoire\/#respond\"]}]},{\"@type\":\"WebPage\",\"@id\":\"https:\/\/7culture.ci\/index.php\/2023\/11\/10\/le-salon-africain-des-arts-de-la-maison-se-tiendra-samedi-et-dimanche-a-lhotel-ivoire\/\",\"url\":\"https:\/\/7culture.ci\/index.php\/2023\/11\/10\/le-salon-africain-des-arts-de-la-maison-se-tiendra-samedi-et-dimanche-a-lhotel-ivoire\/\",\"name\":\"Le Salon africain des arts de la maison se tiendra samedi et dimanche \u00e0 l\u2019h\u00f4tel Ivoire - 7culture\",\"isPartOf\":{\"@id\":\"https:\/\/7culture.ci\/#website\"},\"datePublished\":\"2023-11-10T09:07:47+00:00\",\"dateModified\":\"2023-11-13T20:19:34+00:00\",\"breadcrumb\":{\"@id\":\"https:\/\/7culture.ci\/index.php\/2023\/11\/10\/le-salon-africain-des-arts-de-la-maison-se-tiendra-samedi-et-dimanche-a-lhotel-ivoire\/#breadcrumb\"},\"inLanguage\":\"fr-FR\",\"potentialAction\":[{\"@type\":\"ReadAction\",\"target\":[\"https:\/\/7culture.ci\/index.php\/2023\/11\/10\/le-salon-africain-des-arts-de-la-maison-se-tiendra-samedi-et-dimanche-a-lhotel-ivoire\/\"]}]},{\"@type\":\"BreadcrumbList\",\"@id\":\"https:\/\/7culture.ci\/index.php\/2023\/11\/10\/le-salon-africain-des-arts-de-la-maison-se-tiendra-samedi-et-dimanche-a-lhotel-ivoire\/#breadcrumb\",\"itemListElement\":[{\"@type\":\"ListItem\",\"position\":1,\"name\":\"Accueil\",\"item\":\"https:\/\/7culture.ci\/\"},{\"@type\":\"ListItem\",\"position\":2,\"name\":\"Le Salon africain des arts de la maison se tiendra samedi et dimanche \u00e0 l\u2019h\u00f4tel Ivoire\"}]},{\"@type\":\"WebSite\",\"@id\":\"https:\/\/7culture.ci\/#website\",\"url\":\"https:\/\/7culture.ci\/\",\"name\":\"7culture\",\"description\":\"Tout sur l&#039;actualit\u00e9\",\"publisher\":{\"@id\":\"https:\/\/7culture.ci\/#organization\"},\"potentialAction\":[{\"@type\":\"SearchAction\",\"target\":{\"@type\":\"EntryPoint\",\"urlTemplate\":\"https:\/\/7culture.ci\/?s={search_term_string}\"},\"query-input\":\"required name=search_term_string\"}],\"inLanguage\":\"fr-FR\"},{\"@type\":\"Organization\",\"@id\":\"https:\/\/7culture.ci\/#organization\",\"name\":\"7culture\",\"url\":\"https:\/\/7culture.ci\/\",\"sameAs\":[\"https:\/\/www.facebook.com\/redchefclaude\",\"https:\/\/twitter.com\/7culturec\"],\"logo\":{\"@type\":\"ImageObject\",\"inLanguage\":\"fr-FR\",\"@id\":\"https:\/\/7culture.ci\/#\/schema\/logo\/image\/\",\"url\":\"https:\/\/7culture.ci\/wp-content\/uploads\/2021\/12\/S1a-1.png\",\"contentUrl\":\"https:\/\/7culture.ci\/wp-content\/uploads\/2021\/12\/S1a-1.png\",\"width\":588,\"height\":192,\"caption\":\"7culture\"},\"image\":{\"@id\":\"https:\/\/7culture.ci\/#\/schema\/logo\/image\/\"}},{\"@type\":\"Person\",\"@id\":\"https:\/\/7culture.ci\/#\/schema\/person\/16150d28d7ef66ba788c1f87f28c4426\",\"name\":\"7culture2020\",\"image\":{\"@type\":\"ImageObject\",\"inLanguage\":\"fr-FR\",\"@id\":\"https:\/\/7culture.ci\/#\/schema\/person\/image\/\",\"url\":\"https:\/\/secure.gravatar.com\/avatar\/9a0784f951306c37bcd065f52844ef95?s=96&d=mm&r=g\",\"contentUrl\":\"https:\/\/secure.gravatar.com\/avatar\/9a0784f951306c37bcd065f52844ef95?s=96&d=mm&r=g\",\"caption\":\"7culture2020\"},\"sameAs\":[\"http:\/\/7culture.ci\",\"Claude.kipre\"],\"url\":\"https:\/\/7culture.ci\/index.php\/author\/7culture2020\/\"}]}<\/script>\n<!-- \/ Yoast SEO plugin. -->","yoast_head_json":{"title":"Le Salon africain des arts de la maison se tiendra samedi et dimanche \u00e0 l\u2019h\u00f4tel Ivoire - 7culture","robots":{"index":"index","follow":"follow","max-snippet":"max-snippet:-1","max-image-preview":"max-image-preview:large","max-video-preview":"max-video-preview:-1"},"canonical":"https:\/\/7culture.ci\/index.php\/2023\/11\/10\/le-salon-africain-des-arts-de-la-maison-se-tiendra-samedi-et-dimanche-a-lhotel-ivoire\/","og_locale":"fr_FR","og_type":"article","og_title":"Le Salon africain des arts de la maison se tiendra samedi et dimanche \u00e0 l\u2019h\u00f4tel Ivoire - 7culture","og_description":"Ces samedi 11 et dimanche 12 novembre 2023, la patinoire du Sofitel H\u00f4tel Ivoire accueille le premier Salon africain des arts de la maison (Saam). Au cours d\u2019une conf\u00e9rence de presse anim\u00e9e le mercredi 8 novembre 2023 \u00e0 Abidjan-Cocody-Riviera-Bonounin, Marie-Axelle N\u2019Goran, la promotrice de ce Salon, a expliqu\u00e9 ses motivations et donn\u00e9 les grandes lignes &hellip; Le Salon africain des arts de la maison se tiendra samedi et dimanche \u00e0 l\u2019h\u00f4tel Ivoire Lire la suite\u00a0\u00bb","og_url":"https:\/\/7culture.ci\/index.php\/2023\/11\/10\/le-salon-africain-des-arts-de-la-maison-se-tiendra-samedi-et-dimanche-a-lhotel-ivoire\/","og_site_name":"7culture","article_publisher":"https:\/\/www.facebook.com\/redchefclaude","article_published_time":"2023-11-10T09:07:47+00:00","article_modified_time":"2023-11-13T20:19:34+00:00","og_image":[{"width":1376,"height":730,"url":"http:\/\/7culture.ci\/wp-content\/uploads\/2023\/11\/Saam_bon.jpeg","type":"image\/jpeg"}],"author":"7culture2020","twitter_card":"summary_large_image","twitter_creator":"@7culturec","twitter_site":"@7culturec","twitter_misc":{"\u00c9crit par":"7culture2020","Dur\u00e9e de lecture estim\u00e9e":"1 minute"},"schema":{"@context":"https:\/\/schema.org","@graph":[{"@type":"Article","@id":"https:\/\/7culture.ci\/index.php\/2023\/11\/10\/le-salon-africain-des-arts-de-la-maison-se-tiendra-samedi-et-dimanche-a-lhotel-ivoire\/#article","isPartOf":{"@id":"https:\/\/7culture.ci\/index.php\/2023\/11\/10\/le-salon-africain-des-arts-de-la-maison-se-tiendra-samedi-et-dimanche-a-lhotel-ivoire\/"},"author":{"name":"7culture2020","@id":"https:\/\/7culture.ci\/#\/schema\/person\/16150d28d7ef66ba788c1f87f28c4426"},"headline":"Le Salon africain des arts de la maison se tiendra samedi et dimanche \u00e0 l\u2019h\u00f4tel Ivoire","datePublished":"2023-11-10T09:07:47+00:00","dateModified":"2023-11-13T20:19:34+00:00","mainEntityOfPage":{"@id":"https:\/\/7culture.ci\/index.php\/2023\/11\/10\/le-salon-africain-des-arts-de-la-maison-se-tiendra-samedi-et-dimanche-a-lhotel-ivoire\/"},"wordCount":257,"commentCount":0,"publisher":{"@id":"https:\/\/7culture.ci\/#organization"},"articleSection":["Actualit\u00e9"],"inLanguage":"fr-FR","potentialAction":[{"@type":"CommentAction","name":"Comment","target":["https:\/\/7culture.ci\/index.php\/2023\/11\/10\/le-salon-africain-des-arts-de-la-maison-se-tiendra-samedi-et-dimanche-a-lhotel-ivoire\/#respond"]}]},{"@type":"WebPage","@id":"https:\/\/7culture.ci\/index.php\/2023\/11\/10\/le-salon-africain-des-arts-de-la-maison-se-tiendra-samedi-et-dimanche-a-lhotel-ivoire\/","url":"https:\/\/7culture.ci\/index.php\/2023\/11\/10\/le-salon-africain-des-arts-de-la-maison-se-tiendra-samedi-et-dimanche-a-lhotel-ivoire\/","name":"Le Salon africain des arts de la maison se tiendra samedi et dimanche \u00e0 l\u2019h\u00f4tel Ivoire - 7culture","isPartOf":{"@id":"https:\/\/7culture.ci\/#website"},"datePublished":"2023-11-10T09:07:47+00:00","dateModified":"2023-11-13T20:19:34+00:00","breadcrumb":{"@id":"https:\/\/7culture.ci\/index.php\/2023\/11\/10\/le-salon-africain-des-arts-de-la-maison-se-tiendra-samedi-et-dimanche-a-lhotel-ivoire\/#breadcrumb"},"inLanguage":"fr-FR","potentialAction":[{"@type":"ReadAction","target":["https:\/\/7culture.ci\/index.php\/2023\/11\/10\/le-salon-africain-des-arts-de-la-maison-se-tiendra-samedi-et-dimanche-a-lhotel-ivoire\/"]}]},{"@type":"BreadcrumbList","@id":"https:\/\/7culture.ci\/index.php\/2023\/11\/10\/le-salon-africain-des-arts-de-la-maison-se-tiendra-samedi-et-dimanche-a-lhotel-ivoire\/#breadcrumb","itemListElement":[{"@type":"ListItem","position":1,"name":"Accueil","item":"https:\/\/7culture.ci\/"},{"@type":"ListItem","position":2,"name":"Le Salon africain des arts de la maison se tiendra samedi et dimanche \u00e0 l\u2019h\u00f4tel Ivoire"}]},{"@type":"WebSite","@id":"https:\/\/7culture.ci\/#website","url":"https:\/\/7culture.ci\/","name":"7culture","description":"Tout sur l&#039;actualit\u00e9","publisher":{"@id":"https:\/\/7culture.ci\/#organization"},"potentialAction":[{"@type":"SearchAction","target":{"@type":"EntryPoint","urlTemplate":"https:\/\/7culture.ci\/?s={search_term_string}"},"query-input":"required name=search_term_string"}],"inLanguage":"fr-FR"},{"@type":"Organization","@id":"https:\/\/7culture.ci\/#organization","name":"7culture","url":"https:\/\/7culture.ci\/","sameAs":["https:\/\/www.facebook.com\/redchefclaude","https:\/\/twitter.com\/7culturec"],"logo":{"@type":"ImageObject","inLanguage":"fr-FR","@id":"https:\/\/7culture.ci\/#\/schema\/logo\/image\/","url":"https:\/\/7culture.ci\/wp-content\/uploads\/2021\/12\/S1a-1.png","contentUrl":"https:\/\/7culture.ci\/wp-content\/uploads\/2021\/12\/S1a-1.png","width":588,"height":192,"caption":"7culture"},"image":{"@id":"https:\/\/7culture.ci\/#\/schema\/logo\/image\/"}},{"@type":"Person","@id":"https:\/\/7culture.ci\/#\/schema\/person\/16150d28d7ef66ba788c1f87f28c4426","name":"7culture2020","image":{"@type":"ImageObject","inLanguage":"fr-FR","@id":"https:\/\/7culture.ci\/#\/schema\/person\/image\/","url":"https:\/\/secure.gravatar.com\/avatar\/9a0784f951306c37bcd065f52844ef95?s=96&d=mm&r=g","contentUrl":"https:\/\/secure.gravatar.com\/avatar\/9a0784f951306c37bcd065f52844ef95?s=96&d=mm&r=g","caption":"7culture2020"},"sameAs":["http:\/\/7culture.ci","Claude.kipre"],"url":"https:\/\/7culture.ci\/index.php\/author\/7culture2020\/"}]}},"jetpack_featured_media_url":"https:\/\/7culture.ci\/wp-content\/uploads\/2023\/11\/Saam_bon.jpeg","jetpack_likes_enabled":true,"jetpack_sharing_enabled":true,"_links":{"self":[{"href":"https:\/\/7culture.ci\/index.php\/wp-json\/wp\/v2\/posts\/25945"}],"collection":[{"href":"https:\/\/7culture.ci\/index.php\/wp-json\/wp\/v2\/posts"}],"about":[{"href":"https:\/\/7culture.ci\/index.php\/wp-json\/wp\/v2\/types\/post"}],"author":[{"embeddable":true,"href":"https:\/\/7culture.ci\/index.php\/wp-json\/wp\/v2\/users\/1"}],"replies":[{"embeddable":true,"href":"https:\/\/7culture.ci\/index.php\/wp-json\/wp\/v2\/comments?post=25945"}],"version-history":[{"count":2,"href":"https:\/\/7culture.ci\/index.php\/wp-json\/wp\/v2\/posts\/25945\/revisions"}],"predecessor-version":[{"id":25951,"href":"https:\/\/7culture.ci\/index.php\/wp-json\/wp\/v2\/posts\/25945\/revisions\/25951"}],"wp:featuredmedia":[{"embeddable":true,"href":"https:\/\/7culture.ci\/index.php\/wp-json\/wp\/v2\/media\/25949"}],"wp:attachment":[{"href":"https:\/\/7culture.ci\/index.php\/wp-json\/wp\/v2\/media?parent=25945"}],"wp:term":[{"taxonomy":"category","embeddable":true,"href":"https:\/\/7culture.ci\/index.php\/wp-json\/wp\/v2\/categories?post=25945"},{"taxonomy":"post_tag","embeddable":true,"href":"https:\/\/7culture.ci\/index.php\/wp-json\/wp\/v2\/tags?post=25945"}],"curies":[{"name":"wp","href":"https:\/\/api.w.org\/{rel}","templated":true}]}}