{"id":25916,"date":"2023-11-03T10:51:01","date_gmt":"2023-11-03T10:51:01","guid":{"rendered":"https:\/\/7culture.ci\/?p=25916"},"modified":"2023-11-03T15:25:48","modified_gmt":"2023-11-03T15:25:48","slug":"deuil-henri-lopes-est-decede-a-86-ans-en-france","status":"publish","type":"post","link":"https:\/\/7culture.ci\/index.php\/2023\/11\/03\/deuil-henri-lopes-est-decede-a-86-ans-en-france\/","title":{"rendered":"Deuil\u00a0: Henri Lopes est d\u00e9c\u00e9d\u00e9 \u00e0 86 ans en France\u00a0!"},"content":{"rendered":"\n<p>N\u00e9 Marie-Joseph-Henri Lopes, Henri Lopes, auteur reconnu de plusieurs ouvrages et surtout du tr\u00e8s populaire recueil de nouvelles &#8221;Tribaliques&#8221; (paru en 1971) est d\u00e9c\u00e9d\u00e9 \u00e0 Suresnes, en France, hier 2 novembre 2023 \u00e0 86 ans. Il a \u00e9t\u00e9 professeur d&#8217;histoire, ministre et Premier ministre (1973-1975) du Congo-Brazzaville. Pendant 15 ans, Henri Lopes a \u00e9t\u00e9 Directeur G\u00e9n\u00e9ral Adjoint pour la Culture et les Relations Ext\u00e9rieures de l&#8217;UNESCO puis Ambassadeur Extraordinaire et Pl\u00e9nipotentiaire du Congo en France (1998-2015). Avec sa disparition, l&#8217;Afrique perd un de ses meilleurs auteurs! Repose en paix M. Tribaliques!<\/p>\n\n\n\n<figure class=\"wp-block-gallery has-nested-images columns-default is-cropped wp-block-gallery-1 is-layout-flex wp-block-gallery-is-layout-flex\">\n<figure class=\"wp-block-image size-large\"><img loading=\"lazy\" decoding=\"async\" width=\"680\" height=\"800\" data-id=\"25918\" src=\"https:\/\/7culture.ci\/wp-content\/uploads\/2023\/11\/Henri1.1-2.jpg\" alt=\"\" class=\"wp-image-25918\" srcset=\"https:\/\/7culture.ci\/wp-content\/uploads\/2023\/11\/Henri1.1-2.jpg 680w, https:\/\/7culture.ci\/wp-content\/uploads\/2023\/11\/Henri1.1-2-255x300.jpg 255w\" sizes=\"(max-width: 680px) 100vw, 680px\" \/><\/figure>\n\n\n\n<figure class=\"wp-block-image size-large\"><img loading=\"lazy\" decoding=\"async\" width=\"174\" height=\"289\" data-id=\"25919\" src=\"https:\/\/7culture.ci\/wp-content\/uploads\/2023\/11\/henri2-2.jpg\" alt=\"\" class=\"wp-image-25919\"\/><\/figure>\n<\/figure>\n\n\n\n<p>DT<\/p>\n","protected":false},"excerpt":{"rendered":"<p>N\u00e9 Marie-Joseph-Henri Lopes, Henri Lopes, auteur reconnu de plusieurs ouvrages et surtout du tr\u00e8s populaire recueil de nouvelles &#8221;Tribaliques&#8221; (paru en 1971) est d\u00e9c\u00e9d\u00e9 \u00e0 Suresnes, en France, hier 2 novembre 2023 \u00e0 86 ans. Il a \u00e9t\u00e9 professeur d&#8217;histoire, ministre et Premier ministre (1973-1975) du Congo-Brazzaville. Pendant 15 ans, Henri Lopes a \u00e9t\u00e9 Directeur &hellip;<\/p>\n<p class=\"read-more\"> <a class=\"\" href=\"https:\/\/7culture.ci\/index.php\/2023\/11\/03\/deuil-henri-lopes-est-decede-a-86-ans-en-france\/\"> <span class=\"screen-reader-text\">Deuil\u00a0: Henri Lopes est d\u00e9c\u00e9d\u00e9 \u00e0 86 ans en France\u00a0!<\/span> Lire la suite\u00a0\u00bb<\/a><\/p>\n","protected":false},"author":1,"featured_media":25910,"comment_status":"open","ping_status":"open","sticky":false,"template":"","format":"standard","meta":{"_mi_skip_tracking":false,"_monsterinsights_sitenote_active":false,"_monsterinsights_sitenote_note":"","_monsterinsights_sitenote_category":0,"site-sidebar-layout":"default","site-content-layout":"default","ast-global-header-display":"","ast-main-header-display":"","ast-hfb-above-header-display":"","ast-hfb-below-header-display":"","ast-hfb-mobile-header-display":"","site-post-title":"","ast-breadcrumbs-content":"","ast-featured-img":"","footer-sml-layout":"","theme-transparent-header-meta":"","adv-header-id-meta":"","stick-header-meta":"","header-above-stick-meta":"","header-main-stick-meta":"","header-below-stick-meta":"","footnotes":"","jetpack_publicize_message":"","jetpack_is_tweetstorm":false,"jetpack_publicize_feature_enabled":true},"categories":[22],"tags":[],"jetpack_publicize_connections":[],"acf":[],"aioseo_notices":[],"yoast_head":"<!-- This site is optimized with the Yoast SEO plugin v19.6.1 - https:\/\/yoast.com\/wordpress\/plugins\/seo\/ -->\n<title>Deuil\u00a0: Henri Lopes est d\u00e9c\u00e9d\u00e9 \u00e0 86 ans en France\u00a0! - 7culture<\/title>\n<meta name=\"robots\" content=\"index, follow, max-snippet:-1, max-image-preview:large, max-video-preview:-1\" \/>\n<link rel=\"canonical\" href=\"https:\/\/7culture.ci\/index.php\/2023\/11\/03\/deuil-henri-lopes-est-decede-a-86-ans-en-france\/\" \/>\n<meta property=\"og:locale\" content=\"fr_FR\" \/>\n<meta property=\"og:type\" content=\"article\" \/>\n<meta property=\"og:title\" content=\"Deuil\u00a0: Henri Lopes est d\u00e9c\u00e9d\u00e9 \u00e0 86 ans en France\u00a0! - 7culture\" \/>\n<meta property=\"og:description\" content=\"N\u00e9 Marie-Joseph-Henri Lopes, Henri Lopes, auteur reconnu de plusieurs ouvrages et surtout du tr\u00e8s populaire recueil de nouvelles &#8221;Tribaliques&#8221; (paru en 1971) est d\u00e9c\u00e9d\u00e9 \u00e0 Suresnes, en France, hier 2 novembre 2023 \u00e0 86 ans. Il a \u00e9t\u00e9 professeur d&#8217;histoire, ministre et Premier ministre (1973-1975) du Congo-Brazzaville. Pendant 15 ans, Henri Lopes a \u00e9t\u00e9 Directeur &hellip; Deuil\u00a0: Henri Lopes est d\u00e9c\u00e9d\u00e9 \u00e0 86 ans en France\u00a0! Lire la suite\u00a0\u00bb\" \/>\n<meta property=\"og:url\" content=\"https:\/\/7culture.ci\/index.php\/2023\/11\/03\/deuil-henri-lopes-est-decede-a-86-ans-en-france\/\" \/>\n<meta property=\"og:site_name\" content=\"7culture\" \/>\n<meta property=\"article:publisher\" content=\"https:\/\/www.facebook.com\/redchefclaude\" \/>\n<meta property=\"article:published_time\" content=\"2023-11-03T10:51:01+00:00\" \/>\n<meta property=\"article:modified_time\" content=\"2023-11-03T15:25:48+00:00\" \/>\n<meta property=\"og:image\" content=\"http:\/\/7culture.ci\/wp-content\/uploads\/2023\/11\/Henri1.jpg\" \/>\n\t<meta property=\"og:image:width\" content=\"1250\" \/>\n\t<meta property=\"og:image:height\" content=\"625\" \/>\n\t<meta property=\"og:image:type\" content=\"image\/jpeg\" \/>\n<meta name=\"author\" content=\"7culture2020\" \/>\n<meta name=\"twitter:card\" content=\"summary_large_image\" \/>\n<meta name=\"twitter:creator\" content=\"@7culturec\" \/>\n<meta name=\"twitter:site\" content=\"@7culturec\" \/>\n<meta name=\"twitter:label1\" content=\"\u00c9crit par\" \/>\n\t<meta name=\"twitter:data1\" content=\"7culture2020\" \/>\n<script type=\"application\/ld+json\" class=\"yoast-schema-graph\">{\"@context\":\"https:\/\/schema.org\",\"@graph\":[{\"@type\":\"Article\",\"@id\":\"https:\/\/7culture.ci\/index.php\/2023\/11\/03\/deuil-henri-lopes-est-decede-a-86-ans-en-france\/#article\",\"isPartOf\":{\"@id\":\"https:\/\/7culture.ci\/index.php\/2023\/11\/03\/deuil-henri-lopes-est-decede-a-86-ans-en-france\/\"},\"author\":{\"name\":\"7culture2020\",\"@id\":\"https:\/\/7culture.ci\/#\/schema\/person\/16150d28d7ef66ba788c1f87f28c4426\"},\"headline\":\"Deuil\u00a0: Henri Lopes est d\u00e9c\u00e9d\u00e9 \u00e0 86 ans en France\u00a0!\",\"datePublished\":\"2023-11-03T10:51:01+00:00\",\"dateModified\":\"2023-11-03T15:25:48+00:00\",\"mainEntityOfPage\":{\"@id\":\"https:\/\/7culture.ci\/index.php\/2023\/11\/03\/deuil-henri-lopes-est-decede-a-86-ans-en-france\/\"},\"wordCount\":102,\"commentCount\":0,\"publisher\":{\"@id\":\"https:\/\/7culture.ci\/#organization\"},\"articleSection\":[\"Actualit\u00e9\"],\"inLanguage\":\"fr-FR\",\"potentialAction\":[{\"@type\":\"CommentAction\",\"name\":\"Comment\",\"target\":[\"https:\/\/7culture.ci\/index.php\/2023\/11\/03\/deuil-henri-lopes-est-decede-a-86-ans-en-france\/#respond\"]}]},{\"@type\":\"WebPage\",\"@id\":\"https:\/\/7culture.ci\/index.php\/2023\/11\/03\/deuil-henri-lopes-est-decede-a-86-ans-en-france\/\",\"url\":\"https:\/\/7culture.ci\/index.php\/2023\/11\/03\/deuil-henri-lopes-est-decede-a-86-ans-en-france\/\",\"name\":\"Deuil\u00a0: Henri Lopes est d\u00e9c\u00e9d\u00e9 \u00e0 86 ans en France\u00a0! - 7culture\",\"isPartOf\":{\"@id\":\"https:\/\/7culture.ci\/#website\"},\"datePublished\":\"2023-11-03T10:51:01+00:00\",\"dateModified\":\"2023-11-03T15:25:48+00:00\",\"breadcrumb\":{\"@id\":\"https:\/\/7culture.ci\/index.php\/2023\/11\/03\/deuil-henri-lopes-est-decede-a-86-ans-en-france\/#breadcrumb\"},\"inLanguage\":\"fr-FR\",\"potentialAction\":[{\"@type\":\"ReadAction\",\"target\":[\"https:\/\/7culture.ci\/index.php\/2023\/11\/03\/deuil-henri-lopes-est-decede-a-86-ans-en-france\/\"]}]},{\"@type\":\"BreadcrumbList\",\"@id\":\"https:\/\/7culture.ci\/index.php\/2023\/11\/03\/deuil-henri-lopes-est-decede-a-86-ans-en-france\/#breadcrumb\",\"itemListElement\":[{\"@type\":\"ListItem\",\"position\":1,\"name\":\"Accueil\",\"item\":\"https:\/\/7culture.ci\/\"},{\"@type\":\"ListItem\",\"position\":2,\"name\":\"Deuil\u00a0: Henri Lopes est d\u00e9c\u00e9d\u00e9 \u00e0 86 ans en France\u00a0!\"}]},{\"@type\":\"WebSite\",\"@id\":\"https:\/\/7culture.ci\/#website\",\"url\":\"https:\/\/7culture.ci\/\",\"name\":\"7culture\",\"description\":\"Tout sur l&#039;actualit\u00e9\",\"publisher\":{\"@id\":\"https:\/\/7culture.ci\/#organization\"},\"potentialAction\":[{\"@type\":\"SearchAction\",\"target\":{\"@type\":\"EntryPoint\",\"urlTemplate\":\"https:\/\/7culture.ci\/?s={search_term_string}\"},\"query-input\":\"required name=search_term_string\"}],\"inLanguage\":\"fr-FR\"},{\"@type\":\"Organization\",\"@id\":\"https:\/\/7culture.ci\/#organization\",\"name\":\"7culture\",\"url\":\"https:\/\/7culture.ci\/\",\"sameAs\":[\"https:\/\/www.facebook.com\/redchefclaude\",\"https:\/\/twitter.com\/7culturec\"],\"logo\":{\"@type\":\"ImageObject\",\"inLanguage\":\"fr-FR\",\"@id\":\"https:\/\/7culture.ci\/#\/schema\/logo\/image\/\",\"url\":\"https:\/\/7culture.ci\/wp-content\/uploads\/2021\/12\/S1a-1.png\",\"contentUrl\":\"https:\/\/7culture.ci\/wp-content\/uploads\/2021\/12\/S1a-1.png\",\"width\":588,\"height\":192,\"caption\":\"7culture\"},\"image\":{\"@id\":\"https:\/\/7culture.ci\/#\/schema\/logo\/image\/\"}},{\"@type\":\"Person\",\"@id\":\"https:\/\/7culture.ci\/#\/schema\/person\/16150d28d7ef66ba788c1f87f28c4426\",\"name\":\"7culture2020\",\"image\":{\"@type\":\"ImageObject\",\"inLanguage\":\"fr-FR\",\"@id\":\"https:\/\/7culture.ci\/#\/schema\/person\/image\/\",\"url\":\"https:\/\/secure.gravatar.com\/avatar\/9a0784f951306c37bcd065f52844ef95?s=96&d=mm&r=g\",\"contentUrl\":\"https:\/\/secure.gravatar.com\/avatar\/9a0784f951306c37bcd065f52844ef95?s=96&d=mm&r=g\",\"caption\":\"7culture2020\"},\"sameAs\":[\"http:\/\/7culture.ci\",\"Claude.kipre\"],\"url\":\"https:\/\/7culture.ci\/index.php\/author\/7culture2020\/\"}]}<\/script>\n<!-- \/ Yoast SEO plugin. -->","yoast_head_json":{"title":"Deuil\u00a0: Henri Lopes est d\u00e9c\u00e9d\u00e9 \u00e0 86 ans en France\u00a0! - 7culture","robots":{"index":"index","follow":"follow","max-snippet":"max-snippet:-1","max-image-preview":"max-image-preview:large","max-video-preview":"max-video-preview:-1"},"canonical":"https:\/\/7culture.ci\/index.php\/2023\/11\/03\/deuil-henri-lopes-est-decede-a-86-ans-en-france\/","og_locale":"fr_FR","og_type":"article","og_title":"Deuil\u00a0: Henri Lopes est d\u00e9c\u00e9d\u00e9 \u00e0 86 ans en France\u00a0! - 7culture","og_description":"N\u00e9 Marie-Joseph-Henri Lopes, Henri Lopes, auteur reconnu de plusieurs ouvrages et surtout du tr\u00e8s populaire recueil de nouvelles &#8221;Tribaliques&#8221; (paru en 1971) est d\u00e9c\u00e9d\u00e9 \u00e0 Suresnes, en France, hier 2 novembre 2023 \u00e0 86 ans. Il a \u00e9t\u00e9 professeur d&#8217;histoire, ministre et Premier ministre (1973-1975) du Congo-Brazzaville. Pendant 15 ans, Henri Lopes a \u00e9t\u00e9 Directeur &hellip; Deuil\u00a0: Henri Lopes est d\u00e9c\u00e9d\u00e9 \u00e0 86 ans en France\u00a0! Lire la suite\u00a0\u00bb","og_url":"https:\/\/7culture.ci\/index.php\/2023\/11\/03\/deuil-henri-lopes-est-decede-a-86-ans-en-france\/","og_site_name":"7culture","article_publisher":"https:\/\/www.facebook.com\/redchefclaude","article_published_time":"2023-11-03T10:51:01+00:00","article_modified_time":"2023-11-03T15:25:48+00:00","og_image":[{"width":1250,"height":625,"url":"http:\/\/7culture.ci\/wp-content\/uploads\/2023\/11\/Henri1.jpg","type":"image\/jpeg"}],"author":"7culture2020","twitter_card":"summary_large_image","twitter_creator":"@7culturec","twitter_site":"@7culturec","twitter_misc":{"\u00c9crit par":"7culture2020"},"schema":{"@context":"https:\/\/schema.org","@graph":[{"@type":"Article","@id":"https:\/\/7culture.ci\/index.php\/2023\/11\/03\/deuil-henri-lopes-est-decede-a-86-ans-en-france\/#article","isPartOf":{"@id":"https:\/\/7culture.ci\/index.php\/2023\/11\/03\/deuil-henri-lopes-est-decede-a-86-ans-en-france\/"},"author":{"name":"7culture2020","@id":"https:\/\/7culture.ci\/#\/schema\/person\/16150d28d7ef66ba788c1f87f28c4426"},"headline":"Deuil\u00a0: Henri Lopes est d\u00e9c\u00e9d\u00e9 \u00e0 86 ans en France\u00a0!","datePublished":"2023-11-03T10:51:01+00:00","dateModified":"2023-11-03T15:25:48+00:00","mainEntityOfPage":{"@id":"https:\/\/7culture.ci\/index.php\/2023\/11\/03\/deuil-henri-lopes-est-decede-a-86-ans-en-france\/"},"wordCount":102,"commentCount":0,"publisher":{"@id":"https:\/\/7culture.ci\/#organization"},"articleSection":["Actualit\u00e9"],"inLanguage":"fr-FR","potentialAction":[{"@type":"CommentAction","name":"Comment","target":["https:\/\/7culture.ci\/index.php\/2023\/11\/03\/deuil-henri-lopes-est-decede-a-86-ans-en-france\/#respond"]}]},{"@type":"WebPage","@id":"https:\/\/7culture.ci\/index.php\/2023\/11\/03\/deuil-henri-lopes-est-decede-a-86-ans-en-france\/","url":"https:\/\/7culture.ci\/index.php\/2023\/11\/03\/deuil-henri-lopes-est-decede-a-86-ans-en-france\/","name":"Deuil\u00a0: Henri Lopes est d\u00e9c\u00e9d\u00e9 \u00e0 86 ans en France\u00a0! - 7culture","isPartOf":{"@id":"https:\/\/7culture.ci\/#website"},"datePublished":"2023-11-03T10:51:01+00:00","dateModified":"2023-11-03T15:25:48+00:00","breadcrumb":{"@id":"https:\/\/7culture.ci\/index.php\/2023\/11\/03\/deuil-henri-lopes-est-decede-a-86-ans-en-france\/#breadcrumb"},"inLanguage":"fr-FR","potentialAction":[{"@type":"ReadAction","target":["https:\/\/7culture.ci\/index.php\/2023\/11\/03\/deuil-henri-lopes-est-decede-a-86-ans-en-france\/"]}]},{"@type":"BreadcrumbList","@id":"https:\/\/7culture.ci\/index.php\/2023\/11\/03\/deuil-henri-lopes-est-decede-a-86-ans-en-france\/#breadcrumb","itemListElement":[{"@type":"ListItem","position":1,"name":"Accueil","item":"https:\/\/7culture.ci\/"},{"@type":"ListItem","position":2,"name":"Deuil\u00a0: Henri Lopes est d\u00e9c\u00e9d\u00e9 \u00e0 86 ans en France\u00a0!"}]},{"@type":"WebSite","@id":"https:\/\/7culture.ci\/#website","url":"https:\/\/7culture.ci\/","name":"7culture","description":"Tout sur l&#039;actualit\u00e9","publisher":{"@id":"https:\/\/7culture.ci\/#organization"},"potentialAction":[{"@type":"SearchAction","target":{"@type":"EntryPoint","urlTemplate":"https:\/\/7culture.ci\/?s={search_term_string}"},"query-input":"required name=search_term_string"}],"inLanguage":"fr-FR"},{"@type":"Organization","@id":"https:\/\/7culture.ci\/#organization","name":"7culture","url":"https:\/\/7culture.ci\/","sameAs":["https:\/\/www.facebook.com\/redchefclaude","https:\/\/twitter.com\/7culturec"],"logo":{"@type":"ImageObject","inLanguage":"fr-FR","@id":"https:\/\/7culture.ci\/#\/schema\/logo\/image\/","url":"https:\/\/7culture.ci\/wp-content\/uploads\/2021\/12\/S1a-1.png","contentUrl":"https:\/\/7culture.ci\/wp-content\/uploads\/2021\/12\/S1a-1.png","width":588,"height":192,"caption":"7culture"},"image":{"@id":"https:\/\/7culture.ci\/#\/schema\/logo\/image\/"}},{"@type":"Person","@id":"https:\/\/7culture.ci\/#\/schema\/person\/16150d28d7ef66ba788c1f87f28c4426","name":"7culture2020","image":{"@type":"ImageObject","inLanguage":"fr-FR","@id":"https:\/\/7culture.ci\/#\/schema\/person\/image\/","url":"https:\/\/secure.gravatar.com\/avatar\/9a0784f951306c37bcd065f52844ef95?s=96&d=mm&r=g","contentUrl":"https:\/\/secure.gravatar.com\/avatar\/9a0784f951306c37bcd065f52844ef95?s=96&d=mm&r=g","caption":"7culture2020"},"sameAs":["http:\/\/7culture.ci","Claude.kipre"],"url":"https:\/\/7culture.ci\/index.php\/author\/7culture2020\/"}]}},"jetpack_featured_media_url":"https:\/\/7culture.ci\/wp-content\/uploads\/2023\/11\/Henri1.jpg","jetpack_likes_enabled":true,"jetpack_sharing_enabled":true,"_links":{"self":[{"href":"https:\/\/7culture.ci\/index.php\/wp-json\/wp\/v2\/posts\/25916"}],"collection":[{"href":"https:\/\/7culture.ci\/index.php\/wp-json\/wp\/v2\/posts"}],"about":[{"href":"https:\/\/7culture.ci\/index.php\/wp-json\/wp\/v2\/types\/post"}],"author":[{"embeddable":true,"href":"https:\/\/7culture.ci\/index.php\/wp-json\/wp\/v2\/users\/1"}],"replies":[{"embeddable":true,"href":"https:\/\/7culture.ci\/index.php\/wp-json\/wp\/v2\/comments?post=25916"}],"version-history":[{"count":1,"href":"https:\/\/7culture.ci\/index.php\/wp-json\/wp\/v2\/posts\/25916\/revisions"}],"predecessor-version":[{"id":25920,"href":"https:\/\/7culture.ci\/index.php\/wp-json\/wp\/v2\/posts\/25916\/revisions\/25920"}],"wp:featuredmedia":[{"embeddable":true,"href":"https:\/\/7culture.ci\/index.php\/wp-json\/wp\/v2\/media\/25910"}],"wp:attachment":[{"href":"https:\/\/7culture.ci\/index.php\/wp-json\/wp\/v2\/media?parent=25916"}],"wp:term":[{"taxonomy":"category","embeddable":true,"href":"https:\/\/7culture.ci\/index.php\/wp-json\/wp\/v2\/categories?post=25916"},{"taxonomy":"post_tag","embeddable":true,"href":"https:\/\/7culture.ci\/index.php\/wp-json\/wp\/v2\/tags?post=25916"}],"curies":[{"name":"wp","href":"https:\/\/api.w.org\/{rel}","templated":true}]}}