{"id":25889,"date":"2023-10-31T17:34:34","date_gmt":"2023-10-31T17:34:34","guid":{"rendered":"https:\/\/7culture.ci\/?p=25889"},"modified":"2023-11-02T12:22:31","modified_gmt":"2023-11-02T12:22:31","slug":"spectacle-eric-virgal-leila-chicot-thierry-chamviennent-celebrer-le-zouk-a-abidjan","status":"publish","type":"post","link":"https:\/\/7culture.ci\/index.php\/2023\/10\/31\/spectacle-eric-virgal-leila-chicot-thierry-chamviennent-celebrer-le-zouk-a-abidjan\/","title":{"rendered":"Spectacle\u00a0: Eric Virgal, Le\u00efla Chicot, Thierry Cham\u2026viennent c\u00e9l\u00e9brer le Zouk \u00e0 Abidjan\u00a0\u00a0\u00a0"},"content":{"rendered":"\n<p><strong><em>Abidjan, la capitale \u00e9conomique ivoirienne, va vibrer ce vendredi 3 novembre 2023 au palais de la culture de Treichville aux rythmes langoureux du zouk love. A l\u2019occasion d\u2019un spectacle unique d\u00e9nomm\u00e9 G\u00e9n\u00e9rations Zouk.<\/em><\/strong><\/p>\n\n\n\n<p>45 ans bien compt\u00e9s que le Zouk love, mouvement musical n\u00e9 en Guadeloupe, arpente les sc\u00e8nes du monde avec un succ\u00e8s toujours grandissant. Ce sont donc plusieurs g\u00e9n\u00e9rations de m\u00e9lomanes et d\u2019amoureux de cette musique qui ch\u00e9rissent ces spectacles o\u00f9 l\u2019amour, la sensualit\u00e9, les frissons se conjuguent avec les \u00ab coll\u00e9-serr\u00e9 \u00bb. Ils seront 14 artistes de renomm\u00e9e internationale pour c\u00e9l\u00e9brer le Zouk ce vendredi nuit.<\/p>\n\n\n\n<figure class=\"wp-block-gallery has-nested-images columns-default is-cropped wp-block-gallery-1 is-layout-flex wp-block-gallery-is-layout-flex\">\n<figure class=\"wp-block-image size-large\"><img loading=\"lazy\" decoding=\"async\" width=\"436\" height=\"290\" data-id=\"25892\" src=\"https:\/\/7culture.ci\/wp-content\/uploads\/2023\/10\/WhatsApp-Image-2023-10-31-at-13.14.17-1.jpeg\" alt=\"\" class=\"wp-image-25892\" srcset=\"https:\/\/7culture.ci\/wp-content\/uploads\/2023\/10\/WhatsApp-Image-2023-10-31-at-13.14.17-1.jpeg 436w, https:\/\/7culture.ci\/wp-content\/uploads\/2023\/10\/WhatsApp-Image-2023-10-31-at-13.14.17-1-300x200.jpeg 300w\" sizes=\"(max-width: 436px) 100vw, 436px\" \/><\/figure>\n\n\n\n<figure class=\"wp-block-image size-large\"><img loading=\"lazy\" decoding=\"async\" width=\"700\" height=\"468\" data-id=\"25893\" src=\"https:\/\/7culture.ci\/wp-content\/uploads\/2023\/10\/WhatsApp-Image-2023-10-31-at-13.14.17-2.jpeg\" alt=\"\" class=\"wp-image-25893\" srcset=\"https:\/\/7culture.ci\/wp-content\/uploads\/2023\/10\/WhatsApp-Image-2023-10-31-at-13.14.17-2.jpeg 700w, https:\/\/7culture.ci\/wp-content\/uploads\/2023\/10\/WhatsApp-Image-2023-10-31-at-13.14.17-2-300x201.jpeg 300w\" sizes=\"(max-width: 700px) 100vw, 700px\" \/><\/figure>\n<\/figure>\n\n\n\n<p>Attendus \u00e0 Abidjan demain mercredi 1er novembre, nous avons pu \u00e9changer avec plusieurs d\u2019entre eux au t\u00e9l\u00e9phone dont Eric Virgal, L\u00e9\u00efla Chicot, Thierry Cham\u2026qui n\u2019ont pas cach\u00e9 leur joie d\u2019\u00eatre \u00e0 nouveau pr\u00eats pour montrer combien \u00ab <strong><em>notre musique est toujours et plus vivante que jamais si je puis dire<\/em><\/strong> \u00bb, selon Le\u00efla Chicot qui du reste, \u00e9tait dans l\u2019impossibilit\u00e9 de refuser cette autre tribune. \u00ab <strong><em>Il m\u2019\u00e9tait impossible de refuser d\u2019y participer pour y apporter ma pierre<\/em><\/strong> \u00bb, confesse-t-elle. Thierry Cham, qui pr\u00e9pare actuellement un nouvel album avec un duo avec Paule Leicka sur son titre \u2018\u2019Mi amor\u2019\u2019, ne dit pas autre chose. Lui qui soutient que \u00ab <strong><em>j&#8217;ai&nbsp; accept\u00e9 parce que cette aventure est avant tout une histoire d&#8217;amour pour notre musique le zouk<\/em><\/strong> \u00bb.<\/p>\n\n\n\n<figure class=\"wp-block-gallery has-nested-images columns-default is-cropped wp-block-gallery-2 is-layout-flex wp-block-gallery-is-layout-flex\">\n<figure class=\"wp-block-image size-large\"><img loading=\"lazy\" decoding=\"async\" width=\"900\" height=\"471\" data-id=\"25894\" src=\"https:\/\/7culture.ci\/wp-content\/uploads\/2023\/10\/Leila-C-1.jpg\" alt=\"\" class=\"wp-image-25894\" srcset=\"https:\/\/7culture.ci\/wp-content\/uploads\/2023\/10\/Leila-C-1.jpg 900w, https:\/\/7culture.ci\/wp-content\/uploads\/2023\/10\/Leila-C-1-300x157.jpg 300w, https:\/\/7culture.ci\/wp-content\/uploads\/2023\/10\/Leila-C-1-768x402.jpg 768w\" sizes=\"(max-width: 900px) 100vw, 900px\" \/><\/figure>\n\n\n\n<figure class=\"wp-block-image size-large\"><img loading=\"lazy\" decoding=\"async\" width=\"207\" height=\"244\" data-id=\"25895\" src=\"https:\/\/7culture.ci\/wp-content\/uploads\/2023\/10\/WhatsApp-Image-2023-10-31-at-13.14.17.jpeg\" alt=\"\" class=\"wp-image-25895\"\/><\/figure>\n\n\n\n<figure class=\"wp-block-image size-large\"><img loading=\"lazy\" decoding=\"async\" width=\"580\" height=\"870\" data-id=\"25896\" src=\"https:\/\/7culture.ci\/wp-content\/uploads\/2023\/10\/WhatsApp-Image-2023-10-31-at-13.14.19.jpeg\" alt=\"\" class=\"wp-image-25896\" srcset=\"https:\/\/7culture.ci\/wp-content\/uploads\/2023\/10\/WhatsApp-Image-2023-10-31-at-13.14.19.jpeg 580w, https:\/\/7culture.ci\/wp-content\/uploads\/2023\/10\/WhatsApp-Image-2023-10-31-at-13.14.19-200x300.jpeg 200w\" sizes=\"(max-width: 580px) 100vw, 580px\" \/><\/figure>\n<\/figure>\n\n\n\n<p>Toutes ces stars et bien d\u2019autres qui arpenteront la sc\u00e8ne de la salle Fran\u00e7ois Lougah, auront chacun dans un coin de la t\u00eate, le souvenir de Jacob Desvarieux, l\u2019autre monstre sacr\u00e9 et pr\u00e9curseur du zouk, disparu le 30 juillet 2021 en pleine crise de la Covid-19. Pour Eric Virgal, \u00ab <strong><em>Jacob en tant que pr\u00e9curseur, est partout o\u00f9 se joue le Zouk, il est avec nous<\/em><\/strong> \u00bb. Et \u00ab <strong><em>Jacob, comme le Zouk, est bien pr\u00e9sent. Les l\u00e9gendes ne meurent jamais <\/em><\/strong>\u00bb, conclut Thierry Cham.<\/p>\n\n\n\n<p>CK<\/p>\n","protected":false},"excerpt":{"rendered":"<p>Abidjan, la capitale \u00e9conomique ivoirienne, va vibrer ce vendredi 3 novembre 2023 au palais de la culture de Treichville aux rythmes langoureux du zouk love. A l\u2019occasion d\u2019un spectacle unique d\u00e9nomm\u00e9 G\u00e9n\u00e9rations Zouk. 45 ans bien compt\u00e9s que le Zouk love, mouvement musical n\u00e9 en Guadeloupe, arpente les sc\u00e8nes du monde avec un succ\u00e8s toujours &hellip;<\/p>\n<p class=\"read-more\"> <a class=\"\" href=\"https:\/\/7culture.ci\/index.php\/2023\/10\/31\/spectacle-eric-virgal-leila-chicot-thierry-chamviennent-celebrer-le-zouk-a-abidjan\/\"> <span class=\"screen-reader-text\">Spectacle\u00a0: Eric Virgal, Le\u00efla Chicot, Thierry Cham\u2026viennent c\u00e9l\u00e9brer le Zouk \u00e0 Abidjan\u00a0\u00a0\u00a0<\/span> Lire la suite\u00a0\u00bb<\/a><\/p>\n","protected":false},"author":1,"featured_media":25891,"comment_status":"open","ping_status":"open","sticky":false,"template":"","format":"standard","meta":{"_mi_skip_tracking":false,"_monsterinsights_sitenote_active":false,"_monsterinsights_sitenote_note":"","_monsterinsights_sitenote_category":0,"site-sidebar-layout":"default","site-content-layout":"default","ast-global-header-display":"","ast-main-header-display":"","ast-hfb-above-header-display":"","ast-hfb-below-header-display":"","ast-hfb-mobile-header-display":"","site-post-title":"","ast-breadcrumbs-content":"","ast-featured-img":"","footer-sml-layout":"","theme-transparent-header-meta":"","adv-header-id-meta":"","stick-header-meta":"","header-above-stick-meta":"","header-main-stick-meta":"","header-below-stick-meta":"","footnotes":"","jetpack_publicize_message":"","jetpack_is_tweetstorm":false,"jetpack_publicize_feature_enabled":true},"categories":[16],"tags":[],"jetpack_publicize_connections":[],"acf":[],"aioseo_notices":[],"yoast_head":"<!-- This site is optimized with the Yoast SEO plugin v19.6.1 - https:\/\/yoast.com\/wordpress\/plugins\/seo\/ -->\n<title>Spectacle\u00a0: Eric Virgal, Le\u00efla Chicot, Thierry Cham\u2026viennent c\u00e9l\u00e9brer le Zouk \u00e0 Abidjan\u00a0\u00a0\u00a0 - 7culture<\/title>\n<meta name=\"robots\" content=\"index, follow, max-snippet:-1, max-image-preview:large, max-video-preview:-1\" \/>\n<link rel=\"canonical\" href=\"https:\/\/7culture.ci\/index.php\/2023\/10\/31\/spectacle-eric-virgal-leila-chicot-thierry-chamviennent-celebrer-le-zouk-a-abidjan\/\" \/>\n<meta property=\"og:locale\" content=\"fr_FR\" \/>\n<meta property=\"og:type\" content=\"article\" \/>\n<meta property=\"og:title\" content=\"Spectacle\u00a0: Eric Virgal, Le\u00efla Chicot, Thierry Cham\u2026viennent c\u00e9l\u00e9brer le Zouk \u00e0 Abidjan\u00a0\u00a0\u00a0 - 7culture\" \/>\n<meta property=\"og:description\" content=\"Abidjan, la capitale \u00e9conomique ivoirienne, va vibrer ce vendredi 3 novembre 2023 au palais de la culture de Treichville aux rythmes langoureux du zouk love. A l\u2019occasion d\u2019un spectacle unique d\u00e9nomm\u00e9 G\u00e9n\u00e9rations Zouk. 45 ans bien compt\u00e9s que le Zouk love, mouvement musical n\u00e9 en Guadeloupe, arpente les sc\u00e8nes du monde avec un succ\u00e8s toujours &hellip; Spectacle\u00a0: Eric Virgal, Le\u00efla Chicot, Thierry Cham\u2026viennent c\u00e9l\u00e9brer le Zouk \u00e0 Abidjan\u00a0\u00a0\u00a0 Lire la suite\u00a0\u00bb\" \/>\n<meta property=\"og:url\" content=\"https:\/\/7culture.ci\/index.php\/2023\/10\/31\/spectacle-eric-virgal-leila-chicot-thierry-chamviennent-celebrer-le-zouk-a-abidjan\/\" \/>\n<meta property=\"og:site_name\" content=\"7culture\" \/>\n<meta property=\"article:publisher\" content=\"https:\/\/www.facebook.com\/redchefclaude\" \/>\n<meta property=\"article:published_time\" content=\"2023-10-31T17:34:34+00:00\" \/>\n<meta property=\"article:modified_time\" content=\"2023-11-02T12:22:31+00:00\" \/>\n<meta property=\"og:image\" content=\"http:\/\/7culture.ci\/wp-content\/uploads\/2023\/10\/Leila-C.jpg\" \/>\n\t<meta property=\"og:image:width\" content=\"900\" \/>\n\t<meta property=\"og:image:height\" content=\"471\" \/>\n\t<meta property=\"og:image:type\" content=\"image\/jpeg\" \/>\n<meta name=\"author\" content=\"7culture2020\" \/>\n<meta name=\"twitter:card\" content=\"summary_large_image\" \/>\n<meta name=\"twitter:creator\" content=\"@7culturec\" \/>\n<meta name=\"twitter:site\" content=\"@7culturec\" \/>\n<meta name=\"twitter:label1\" content=\"\u00c9crit par\" \/>\n\t<meta name=\"twitter:data1\" content=\"7culture2020\" \/>\n\t<meta name=\"twitter:label2\" content=\"Dur\u00e9e de lecture estim\u00e9e\" \/>\n\t<meta name=\"twitter:data2\" content=\"2 minutes\" \/>\n<script type=\"application\/ld+json\" class=\"yoast-schema-graph\">{\"@context\":\"https:\/\/schema.org\",\"@graph\":[{\"@type\":\"Article\",\"@id\":\"https:\/\/7culture.ci\/index.php\/2023\/10\/31\/spectacle-eric-virgal-leila-chicot-thierry-chamviennent-celebrer-le-zouk-a-abidjan\/#article\",\"isPartOf\":{\"@id\":\"https:\/\/7culture.ci\/index.php\/2023\/10\/31\/spectacle-eric-virgal-leila-chicot-thierry-chamviennent-celebrer-le-zouk-a-abidjan\/\"},\"author\":{\"name\":\"7culture2020\",\"@id\":\"https:\/\/7culture.ci\/#\/schema\/person\/16150d28d7ef66ba788c1f87f28c4426\"},\"headline\":\"Spectacle\u00a0: Eric Virgal, Le\u00efla Chicot, Thierry Cham\u2026viennent c\u00e9l\u00e9brer le Zouk \u00e0 Abidjan\u00a0\u00a0\u00a0\",\"datePublished\":\"2023-10-31T17:34:34+00:00\",\"dateModified\":\"2023-11-02T12:22:31+00:00\",\"mainEntityOfPage\":{\"@id\":\"https:\/\/7culture.ci\/index.php\/2023\/10\/31\/spectacle-eric-virgal-leila-chicot-thierry-chamviennent-celebrer-le-zouk-a-abidjan\/\"},\"wordCount\":348,\"commentCount\":0,\"publisher\":{\"@id\":\"https:\/\/7culture.ci\/#organization\"},\"articleSection\":[\"Musique\"],\"inLanguage\":\"fr-FR\",\"potentialAction\":[{\"@type\":\"CommentAction\",\"name\":\"Comment\",\"target\":[\"https:\/\/7culture.ci\/index.php\/2023\/10\/31\/spectacle-eric-virgal-leila-chicot-thierry-chamviennent-celebrer-le-zouk-a-abidjan\/#respond\"]}]},{\"@type\":\"WebPage\",\"@id\":\"https:\/\/7culture.ci\/index.php\/2023\/10\/31\/spectacle-eric-virgal-leila-chicot-thierry-chamviennent-celebrer-le-zouk-a-abidjan\/\",\"url\":\"https:\/\/7culture.ci\/index.php\/2023\/10\/31\/spectacle-eric-virgal-leila-chicot-thierry-chamviennent-celebrer-le-zouk-a-abidjan\/\",\"name\":\"Spectacle\u00a0: Eric Virgal, Le\u00efla Chicot, Thierry Cham\u2026viennent c\u00e9l\u00e9brer le Zouk \u00e0 Abidjan\u00a0\u00a0\u00a0 - 7culture\",\"isPartOf\":{\"@id\":\"https:\/\/7culture.ci\/#website\"},\"datePublished\":\"2023-10-31T17:34:34+00:00\",\"dateModified\":\"2023-11-02T12:22:31+00:00\",\"breadcrumb\":{\"@id\":\"https:\/\/7culture.ci\/index.php\/2023\/10\/31\/spectacle-eric-virgal-leila-chicot-thierry-chamviennent-celebrer-le-zouk-a-abidjan\/#breadcrumb\"},\"inLanguage\":\"fr-FR\",\"potentialAction\":[{\"@type\":\"ReadAction\",\"target\":[\"https:\/\/7culture.ci\/index.php\/2023\/10\/31\/spectacle-eric-virgal-leila-chicot-thierry-chamviennent-celebrer-le-zouk-a-abidjan\/\"]}]},{\"@type\":\"BreadcrumbList\",\"@id\":\"https:\/\/7culture.ci\/index.php\/2023\/10\/31\/spectacle-eric-virgal-leila-chicot-thierry-chamviennent-celebrer-le-zouk-a-abidjan\/#breadcrumb\",\"itemListElement\":[{\"@type\":\"ListItem\",\"position\":1,\"name\":\"Accueil\",\"item\":\"https:\/\/7culture.ci\/\"},{\"@type\":\"ListItem\",\"position\":2,\"name\":\"Spectacle\u00a0: Eric Virgal, Le\u00efla Chicot, Thierry Cham\u2026viennent c\u00e9l\u00e9brer le Zouk \u00e0 Abidjan\u00a0\u00a0\u00a0\"}]},{\"@type\":\"WebSite\",\"@id\":\"https:\/\/7culture.ci\/#website\",\"url\":\"https:\/\/7culture.ci\/\",\"name\":\"7culture\",\"description\":\"Tout sur l&#039;actualit\u00e9\",\"publisher\":{\"@id\":\"https:\/\/7culture.ci\/#organization\"},\"potentialAction\":[{\"@type\":\"SearchAction\",\"target\":{\"@type\":\"EntryPoint\",\"urlTemplate\":\"https:\/\/7culture.ci\/?s={search_term_string}\"},\"query-input\":\"required name=search_term_string\"}],\"inLanguage\":\"fr-FR\"},{\"@type\":\"Organization\",\"@id\":\"https:\/\/7culture.ci\/#organization\",\"name\":\"7culture\",\"url\":\"https:\/\/7culture.ci\/\",\"sameAs\":[\"https:\/\/www.facebook.com\/redchefclaude\",\"https:\/\/twitter.com\/7culturec\"],\"logo\":{\"@type\":\"ImageObject\",\"inLanguage\":\"fr-FR\",\"@id\":\"https:\/\/7culture.ci\/#\/schema\/logo\/image\/\",\"url\":\"https:\/\/7culture.ci\/wp-content\/uploads\/2021\/12\/S1a-1.png\",\"contentUrl\":\"https:\/\/7culture.ci\/wp-content\/uploads\/2021\/12\/S1a-1.png\",\"width\":588,\"height\":192,\"caption\":\"7culture\"},\"image\":{\"@id\":\"https:\/\/7culture.ci\/#\/schema\/logo\/image\/\"}},{\"@type\":\"Person\",\"@id\":\"https:\/\/7culture.ci\/#\/schema\/person\/16150d28d7ef66ba788c1f87f28c4426\",\"name\":\"7culture2020\",\"image\":{\"@type\":\"ImageObject\",\"inLanguage\":\"fr-FR\",\"@id\":\"https:\/\/7culture.ci\/#\/schema\/person\/image\/\",\"url\":\"https:\/\/secure.gravatar.com\/avatar\/9a0784f951306c37bcd065f52844ef95?s=96&d=mm&r=g\",\"contentUrl\":\"https:\/\/secure.gravatar.com\/avatar\/9a0784f951306c37bcd065f52844ef95?s=96&d=mm&r=g\",\"caption\":\"7culture2020\"},\"sameAs\":[\"http:\/\/7culture.ci\",\"Claude.kipre\"],\"url\":\"https:\/\/7culture.ci\/index.php\/author\/7culture2020\/\"}]}<\/script>\n<!-- \/ Yoast SEO plugin. -->","yoast_head_json":{"title":"Spectacle\u00a0: Eric Virgal, Le\u00efla Chicot, Thierry Cham\u2026viennent c\u00e9l\u00e9brer le Zouk \u00e0 Abidjan\u00a0\u00a0\u00a0 - 7culture","robots":{"index":"index","follow":"follow","max-snippet":"max-snippet:-1","max-image-preview":"max-image-preview:large","max-video-preview":"max-video-preview:-1"},"canonical":"https:\/\/7culture.ci\/index.php\/2023\/10\/31\/spectacle-eric-virgal-leila-chicot-thierry-chamviennent-celebrer-le-zouk-a-abidjan\/","og_locale":"fr_FR","og_type":"article","og_title":"Spectacle\u00a0: Eric Virgal, Le\u00efla Chicot, Thierry Cham\u2026viennent c\u00e9l\u00e9brer le Zouk \u00e0 Abidjan\u00a0\u00a0\u00a0 - 7culture","og_description":"Abidjan, la capitale \u00e9conomique ivoirienne, va vibrer ce vendredi 3 novembre 2023 au palais de la culture de Treichville aux rythmes langoureux du zouk love. A l\u2019occasion d\u2019un spectacle unique d\u00e9nomm\u00e9 G\u00e9n\u00e9rations Zouk. 45 ans bien compt\u00e9s que le Zouk love, mouvement musical n\u00e9 en Guadeloupe, arpente les sc\u00e8nes du monde avec un succ\u00e8s toujours &hellip; Spectacle\u00a0: Eric Virgal, Le\u00efla Chicot, Thierry Cham\u2026viennent c\u00e9l\u00e9brer le Zouk \u00e0 Abidjan\u00a0\u00a0\u00a0 Lire la suite\u00a0\u00bb","og_url":"https:\/\/7culture.ci\/index.php\/2023\/10\/31\/spectacle-eric-virgal-leila-chicot-thierry-chamviennent-celebrer-le-zouk-a-abidjan\/","og_site_name":"7culture","article_publisher":"https:\/\/www.facebook.com\/redchefclaude","article_published_time":"2023-10-31T17:34:34+00:00","article_modified_time":"2023-11-02T12:22:31+00:00","og_image":[{"width":900,"height":471,"url":"http:\/\/7culture.ci\/wp-content\/uploads\/2023\/10\/Leila-C.jpg","type":"image\/jpeg"}],"author":"7culture2020","twitter_card":"summary_large_image","twitter_creator":"@7culturec","twitter_site":"@7culturec","twitter_misc":{"\u00c9crit par":"7culture2020","Dur\u00e9e de lecture estim\u00e9e":"2 minutes"},"schema":{"@context":"https:\/\/schema.org","@graph":[{"@type":"Article","@id":"https:\/\/7culture.ci\/index.php\/2023\/10\/31\/spectacle-eric-virgal-leila-chicot-thierry-chamviennent-celebrer-le-zouk-a-abidjan\/#article","isPartOf":{"@id":"https:\/\/7culture.ci\/index.php\/2023\/10\/31\/spectacle-eric-virgal-leila-chicot-thierry-chamviennent-celebrer-le-zouk-a-abidjan\/"},"author":{"name":"7culture2020","@id":"https:\/\/7culture.ci\/#\/schema\/person\/16150d28d7ef66ba788c1f87f28c4426"},"headline":"Spectacle\u00a0: Eric Virgal, Le\u00efla Chicot, Thierry Cham\u2026viennent c\u00e9l\u00e9brer le Zouk \u00e0 Abidjan\u00a0\u00a0\u00a0","datePublished":"2023-10-31T17:34:34+00:00","dateModified":"2023-11-02T12:22:31+00:00","mainEntityOfPage":{"@id":"https:\/\/7culture.ci\/index.php\/2023\/10\/31\/spectacle-eric-virgal-leila-chicot-thierry-chamviennent-celebrer-le-zouk-a-abidjan\/"},"wordCount":348,"commentCount":0,"publisher":{"@id":"https:\/\/7culture.ci\/#organization"},"articleSection":["Musique"],"inLanguage":"fr-FR","potentialAction":[{"@type":"CommentAction","name":"Comment","target":["https:\/\/7culture.ci\/index.php\/2023\/10\/31\/spectacle-eric-virgal-leila-chicot-thierry-chamviennent-celebrer-le-zouk-a-abidjan\/#respond"]}]},{"@type":"WebPage","@id":"https:\/\/7culture.ci\/index.php\/2023\/10\/31\/spectacle-eric-virgal-leila-chicot-thierry-chamviennent-celebrer-le-zouk-a-abidjan\/","url":"https:\/\/7culture.ci\/index.php\/2023\/10\/31\/spectacle-eric-virgal-leila-chicot-thierry-chamviennent-celebrer-le-zouk-a-abidjan\/","name":"Spectacle\u00a0: Eric Virgal, Le\u00efla Chicot, Thierry Cham\u2026viennent c\u00e9l\u00e9brer le Zouk \u00e0 Abidjan\u00a0\u00a0\u00a0 - 7culture","isPartOf":{"@id":"https:\/\/7culture.ci\/#website"},"datePublished":"2023-10-31T17:34:34+00:00","dateModified":"2023-11-02T12:22:31+00:00","breadcrumb":{"@id":"https:\/\/7culture.ci\/index.php\/2023\/10\/31\/spectacle-eric-virgal-leila-chicot-thierry-chamviennent-celebrer-le-zouk-a-abidjan\/#breadcrumb"},"inLanguage":"fr-FR","potentialAction":[{"@type":"ReadAction","target":["https:\/\/7culture.ci\/index.php\/2023\/10\/31\/spectacle-eric-virgal-leila-chicot-thierry-chamviennent-celebrer-le-zouk-a-abidjan\/"]}]},{"@type":"BreadcrumbList","@id":"https:\/\/7culture.ci\/index.php\/2023\/10\/31\/spectacle-eric-virgal-leila-chicot-thierry-chamviennent-celebrer-le-zouk-a-abidjan\/#breadcrumb","itemListElement":[{"@type":"ListItem","position":1,"name":"Accueil","item":"https:\/\/7culture.ci\/"},{"@type":"ListItem","position":2,"name":"Spectacle\u00a0: Eric Virgal, Le\u00efla Chicot, Thierry Cham\u2026viennent c\u00e9l\u00e9brer le Zouk \u00e0 Abidjan\u00a0\u00a0\u00a0"}]},{"@type":"WebSite","@id":"https:\/\/7culture.ci\/#website","url":"https:\/\/7culture.ci\/","name":"7culture","description":"Tout sur l&#039;actualit\u00e9","publisher":{"@id":"https:\/\/7culture.ci\/#organization"},"potentialAction":[{"@type":"SearchAction","target":{"@type":"EntryPoint","urlTemplate":"https:\/\/7culture.ci\/?s={search_term_string}"},"query-input":"required name=search_term_string"}],"inLanguage":"fr-FR"},{"@type":"Organization","@id":"https:\/\/7culture.ci\/#organization","name":"7culture","url":"https:\/\/7culture.ci\/","sameAs":["https:\/\/www.facebook.com\/redchefclaude","https:\/\/twitter.com\/7culturec"],"logo":{"@type":"ImageObject","inLanguage":"fr-FR","@id":"https:\/\/7culture.ci\/#\/schema\/logo\/image\/","url":"https:\/\/7culture.ci\/wp-content\/uploads\/2021\/12\/S1a-1.png","contentUrl":"https:\/\/7culture.ci\/wp-content\/uploads\/2021\/12\/S1a-1.png","width":588,"height":192,"caption":"7culture"},"image":{"@id":"https:\/\/7culture.ci\/#\/schema\/logo\/image\/"}},{"@type":"Person","@id":"https:\/\/7culture.ci\/#\/schema\/person\/16150d28d7ef66ba788c1f87f28c4426","name":"7culture2020","image":{"@type":"ImageObject","inLanguage":"fr-FR","@id":"https:\/\/7culture.ci\/#\/schema\/person\/image\/","url":"https:\/\/secure.gravatar.com\/avatar\/9a0784f951306c37bcd065f52844ef95?s=96&d=mm&r=g","contentUrl":"https:\/\/secure.gravatar.com\/avatar\/9a0784f951306c37bcd065f52844ef95?s=96&d=mm&r=g","caption":"7culture2020"},"sameAs":["http:\/\/7culture.ci","Claude.kipre"],"url":"https:\/\/7culture.ci\/index.php\/author\/7culture2020\/"}]}},"jetpack_featured_media_url":"https:\/\/7culture.ci\/wp-content\/uploads\/2023\/10\/Leila-C.jpg","jetpack_likes_enabled":true,"jetpack_sharing_enabled":true,"_links":{"self":[{"href":"https:\/\/7culture.ci\/index.php\/wp-json\/wp\/v2\/posts\/25889"}],"collection":[{"href":"https:\/\/7culture.ci\/index.php\/wp-json\/wp\/v2\/posts"}],"about":[{"href":"https:\/\/7culture.ci\/index.php\/wp-json\/wp\/v2\/types\/post"}],"author":[{"embeddable":true,"href":"https:\/\/7culture.ci\/index.php\/wp-json\/wp\/v2\/users\/1"}],"replies":[{"embeddable":true,"href":"https:\/\/7culture.ci\/index.php\/wp-json\/wp\/v2\/comments?post=25889"}],"version-history":[{"count":3,"href":"https:\/\/7culture.ci\/index.php\/wp-json\/wp\/v2\/posts\/25889\/revisions"}],"predecessor-version":[{"id":25907,"href":"https:\/\/7culture.ci\/index.php\/wp-json\/wp\/v2\/posts\/25889\/revisions\/25907"}],"wp:featuredmedia":[{"embeddable":true,"href":"https:\/\/7culture.ci\/index.php\/wp-json\/wp\/v2\/media\/25891"}],"wp:attachment":[{"href":"https:\/\/7culture.ci\/index.php\/wp-json\/wp\/v2\/media?parent=25889"}],"wp:term":[{"taxonomy":"category","embeddable":true,"href":"https:\/\/7culture.ci\/index.php\/wp-json\/wp\/v2\/categories?post=25889"},{"taxonomy":"post_tag","embeddable":true,"href":"https:\/\/7culture.ci\/index.php\/wp-json\/wp\/v2\/tags?post=25889"}],"curies":[{"name":"wp","href":"https:\/\/api.w.org\/{rel}","templated":true}]}}