{"id":25855,"date":"2023-10-25T15:15:35","date_gmt":"2023-10-25T15:15:35","guid":{"rendered":"https:\/\/7culture.ci\/?p=25855"},"modified":"2023-10-26T18:03:17","modified_gmt":"2023-10-26T18:03:17","slug":"prix-cultura-du-journalisme-culturel-un-million-de-fcfa-au-meilleur-journaliste","status":"publish","type":"post","link":"https:\/\/7culture.ci\/index.php\/2023\/10\/25\/prix-cultura-du-journalisme-culturel-un-million-de-fcfa-au-meilleur-journaliste\/","title":{"rendered":"Prix Cultura du journalisme culturel\u00a0: Un million de FCFA au meilleur journaliste"},"content":{"rendered":"\n<p>Le Prix Cultura du journaliste culturel a \u00e9t\u00e9 institu\u00e9 pour promouvoir et valoriser le journalisme culturel. La premi\u00e8re \u00e9dition livrera son verdict le 11 novembre 2023 \u00e0 Azala\u00ef H\u00f4tel \u00e0 Abidjan-Marcory. L\u2019information a \u00e9t\u00e9 donn\u00e9e \u00e0 la conf\u00e9rence de presse organis\u00e9e le vendredi 20 octobre 2023 au si\u00e8ge-pays de l\u2019Unesco \u00e0 Abidjan-Cocody-Angr\u00e9 par Tanguy Blais, le Commissaire g\u00e9n\u00e9ral de l\u2019\u00e9v\u00e8nement. \u00ab&nbsp;<em>Nous voulons mettre les journalistes culturels en lumi\u00e8re tout en encourageant le professionnalisme<\/em>&nbsp;\u00bb, a situ\u00e9 M. Blais. A la premi\u00e8re \u00e9dition de cette c\u00e9r\u00e9monie c\u00e9leste d\u00e9di\u00e9e aux hommes de m\u00e9dias de la culture, 26 candidats discuteront le Grand Prix Cultura. Avant d\u2019arriver \u00e0 cette \u00e9tape, il y a eu une s\u00e9lection stricte \u00e0 partir de 107 postulants apr\u00e8s l\u2019ouverture des candidatures le 16 d\u00e9cembre 2023. Les nomin\u00e9s sont r\u00e9partis en quatre cat\u00e9gories \u00e0 savoir la t\u00e9l\u00e9vision, la radio, la presse \u00e9crite et le num\u00e9rique. Le laur\u00e9at de chaque groupe recevra trois-cent-mille (300.000) francs Cfa. Et c\u2019est parmi eux qu\u2019est d\u00e9sign\u00e9 le Grand Prix Cutura 2023. Sa victoire est soutenue par sept-cent-mille (700.000) francs Cfa. Ce qui qui fera un total cumul\u00e9 d\u2019un million de nos francs et des lots des partenaires \u00e0 savoir un terrain de 500m2 dans le grand Abidjan et un voyage touristique \u00e0 Dakar au S\u00e9n\u00e9gal. A c\u00f4t\u00e9 des prim\u00e9s, il y aura \u00e9galement des prix d\u2019honneur et d\u2019hommage.<\/p>\n\n\n\n<figure class=\"wp-block-gallery has-nested-images columns-default is-cropped wp-block-gallery-1 is-layout-flex wp-block-gallery-is-layout-flex\">\n<figure class=\"wp-block-image size-large\"><img loading=\"lazy\" decoding=\"async\" width=\"1024\" height=\"682\" data-id=\"25860\" src=\"https:\/\/7culture.ci\/wp-content\/uploads\/2023\/10\/WhatsApp-Image-2023-10-20-at-17.39.00-1024x682.jpeg\" alt=\"\" class=\"wp-image-25860\" srcset=\"https:\/\/7culture.ci\/wp-content\/uploads\/2023\/10\/WhatsApp-Image-2023-10-20-at-17.39.00-1024x682.jpeg 1024w, https:\/\/7culture.ci\/wp-content\/uploads\/2023\/10\/WhatsApp-Image-2023-10-20-at-17.39.00-300x200.jpeg 300w, https:\/\/7culture.ci\/wp-content\/uploads\/2023\/10\/WhatsApp-Image-2023-10-20-at-17.39.00-768x512.jpeg 768w, https:\/\/7culture.ci\/wp-content\/uploads\/2023\/10\/WhatsApp-Image-2023-10-20-at-17.39.00-1536x1023.jpeg 1536w, https:\/\/7culture.ci\/wp-content\/uploads\/2023\/10\/WhatsApp-Image-2023-10-20-at-17.39.00.jpeg 1600w\" sizes=\"(max-width: 1024px) 100vw, 1024px\" \/><\/figure>\n\n\n\n<figure class=\"wp-block-image size-large\"><img loading=\"lazy\" decoding=\"async\" width=\"1024\" height=\"682\" data-id=\"25859\" src=\"https:\/\/7culture.ci\/wp-content\/uploads\/2023\/10\/WhatsApp-Image-2023-10-20-at-17.39.01-1024x682.jpeg\" alt=\"\" class=\"wp-image-25859\" srcset=\"https:\/\/7culture.ci\/wp-content\/uploads\/2023\/10\/WhatsApp-Image-2023-10-20-at-17.39.01-1024x682.jpeg 1024w, https:\/\/7culture.ci\/wp-content\/uploads\/2023\/10\/WhatsApp-Image-2023-10-20-at-17.39.01-300x200.jpeg 300w, https:\/\/7culture.ci\/wp-content\/uploads\/2023\/10\/WhatsApp-Image-2023-10-20-at-17.39.01-768x512.jpeg 768w, https:\/\/7culture.ci\/wp-content\/uploads\/2023\/10\/WhatsApp-Image-2023-10-20-at-17.39.01-1536x1023.jpeg 1536w, https:\/\/7culture.ci\/wp-content\/uploads\/2023\/10\/WhatsApp-Image-2023-10-20-at-17.39.01.jpeg 1600w\" sizes=\"(max-width: 1024px) 100vw, 1024px\" \/><\/figure>\n\n\n\n<figure class=\"wp-block-image size-large\"><img loading=\"lazy\" decoding=\"async\" width=\"1024\" height=\"682\" data-id=\"25858\" src=\"https:\/\/7culture.ci\/wp-content\/uploads\/2023\/10\/WhatsApp-Image-2023-10-20-at-17.39.05-1024x682.jpeg\" alt=\"\" class=\"wp-image-25858\" srcset=\"https:\/\/7culture.ci\/wp-content\/uploads\/2023\/10\/WhatsApp-Image-2023-10-20-at-17.39.05-1024x682.jpeg 1024w, https:\/\/7culture.ci\/wp-content\/uploads\/2023\/10\/WhatsApp-Image-2023-10-20-at-17.39.05-300x200.jpeg 300w, https:\/\/7culture.ci\/wp-content\/uploads\/2023\/10\/WhatsApp-Image-2023-10-20-at-17.39.05-768x512.jpeg 768w, https:\/\/7culture.ci\/wp-content\/uploads\/2023\/10\/WhatsApp-Image-2023-10-20-at-17.39.05-1536x1023.jpeg 1536w, https:\/\/7culture.ci\/wp-content\/uploads\/2023\/10\/WhatsApp-Image-2023-10-20-at-17.39.05.jpeg 1600w\" sizes=\"(max-width: 1024px) 100vw, 1024px\" \/><\/figure>\n<\/figure>\n\n\n\n<p>Un jury pr\u00e9sid\u00e9 par le journaliste et \u00e9crivain Serge Bil\u00e9 jugera les productions des candidats. Autour du pr\u00e9sident Bil\u00e9, il y a Olivier Yro (journaliste et pr\u00e9sident de l&#8217;Ojpci), Mariam Coulibaly (Directrice de Fr\u00e9quence 2 du groupe RTI), Isra\u00ebl Gu\u00e9bo (entrepreneur, formateur, journaliste), Mimi Auguste Errol Goss\u00e9 (journaliste et m\u00e9diateur d&#8217;art), \u00c9ric Cossa (journaliste, \u00e9crivain et formateur) et Dr Marc-Arthur Gaulithy (entrepreneur).<\/p>\n\n\n\n<p>Le Prix Cultura du journalisme culturel a \u00e9t\u00e9 initi\u00e9 par Sion M\u00e9dia Group dirig\u00e9 par Tanguy Blais, Commissaire g\u00e9n\u00e9ral de Cultura. Pour donner du prix \u00e0 son \u00e9v\u00e8nement, les initiateurs collaborent avec l\u2019autorit\u00e9 nationale de la presse (Anp) et la commission d\u2019attribution de la carte d\u2019identit\u00e9 des journalistes professionnels (Cijp).&nbsp;&nbsp;&nbsp;&nbsp;&nbsp;&nbsp;&nbsp;&nbsp;&nbsp;&nbsp;&nbsp;&nbsp;&nbsp;&nbsp;&nbsp;&nbsp;&nbsp;&nbsp;&nbsp;&nbsp;&nbsp;&nbsp;&nbsp;&nbsp;&nbsp;&nbsp;&nbsp;&nbsp;&nbsp;&nbsp;&nbsp;&nbsp;&nbsp;&nbsp;&nbsp;&nbsp;&nbsp;&nbsp;<\/p>\n\n\n\n<p>DT<\/p>\n","protected":false},"excerpt":{"rendered":"<p>Le Prix Cultura du journaliste culturel a \u00e9t\u00e9 institu\u00e9 pour promouvoir et valoriser le journalisme culturel. La premi\u00e8re \u00e9dition livrera son verdict le 11 novembre 2023 \u00e0 Azala\u00ef H\u00f4tel \u00e0 Abidjan-Marcory. L\u2019information a \u00e9t\u00e9 donn\u00e9e \u00e0 la conf\u00e9rence de presse organis\u00e9e le vendredi 20 octobre 2023 au si\u00e8ge-pays de l\u2019Unesco \u00e0 Abidjan-Cocody-Angr\u00e9 par Tanguy Blais, &hellip;<\/p>\n<p class=\"read-more\"> <a class=\"\" href=\"https:\/\/7culture.ci\/index.php\/2023\/10\/25\/prix-cultura-du-journalisme-culturel-un-million-de-fcfa-au-meilleur-journaliste\/\"> <span class=\"screen-reader-text\">Prix Cultura du journalisme culturel\u00a0: Un million de FCFA au meilleur journaliste<\/span> Lire la suite\u00a0\u00bb<\/a><\/p>\n","protected":false},"author":1,"featured_media":25862,"comment_status":"open","ping_status":"open","sticky":false,"template":"","format":"standard","meta":{"_mi_skip_tracking":false,"_monsterinsights_sitenote_active":false,"_monsterinsights_sitenote_note":"","_monsterinsights_sitenote_category":0,"site-sidebar-layout":"default","site-content-layout":"default","ast-global-header-display":"","ast-main-header-display":"","ast-hfb-above-header-display":"","ast-hfb-below-header-display":"","ast-hfb-mobile-header-display":"","site-post-title":"","ast-breadcrumbs-content":"","ast-featured-img":"","footer-sml-layout":"","theme-transparent-header-meta":"","adv-header-id-meta":"","stick-header-meta":"","header-above-stick-meta":"","header-main-stick-meta":"","header-below-stick-meta":"","footnotes":"","jetpack_publicize_message":"","jetpack_is_tweetstorm":false,"jetpack_publicize_feature_enabled":true},"categories":[22],"tags":[],"jetpack_publicize_connections":[],"acf":[],"aioseo_notices":[],"yoast_head":"<!-- This site is optimized with the Yoast SEO plugin v19.6.1 - https:\/\/yoast.com\/wordpress\/plugins\/seo\/ -->\n<title>Prix Cultura du journalisme culturel\u00a0: Un million de FCFA au meilleur journaliste - 7culture<\/title>\n<meta name=\"robots\" content=\"index, follow, max-snippet:-1, max-image-preview:large, max-video-preview:-1\" \/>\n<link rel=\"canonical\" href=\"https:\/\/7culture.ci\/index.php\/2023\/10\/25\/prix-cultura-du-journalisme-culturel-un-million-de-fcfa-au-meilleur-journaliste\/\" \/>\n<meta property=\"og:locale\" content=\"fr_FR\" \/>\n<meta property=\"og:type\" content=\"article\" \/>\n<meta property=\"og:title\" content=\"Prix Cultura du journalisme culturel\u00a0: Un million de FCFA au meilleur journaliste - 7culture\" \/>\n<meta property=\"og:description\" content=\"Le Prix Cultura du journaliste culturel a \u00e9t\u00e9 institu\u00e9 pour promouvoir et valoriser le journalisme culturel. La premi\u00e8re \u00e9dition livrera son verdict le 11 novembre 2023 \u00e0 Azala\u00ef H\u00f4tel \u00e0 Abidjan-Marcory. L\u2019information a \u00e9t\u00e9 donn\u00e9e \u00e0 la conf\u00e9rence de presse organis\u00e9e le vendredi 20 octobre 2023 au si\u00e8ge-pays de l\u2019Unesco \u00e0 Abidjan-Cocody-Angr\u00e9 par Tanguy Blais, &hellip; Prix Cultura du journalisme culturel\u00a0: Un million de FCFA au meilleur journaliste Lire la suite\u00a0\u00bb\" \/>\n<meta property=\"og:url\" content=\"https:\/\/7culture.ci\/index.php\/2023\/10\/25\/prix-cultura-du-journalisme-culturel-un-million-de-fcfa-au-meilleur-journaliste\/\" \/>\n<meta property=\"og:site_name\" content=\"7culture\" \/>\n<meta property=\"article:publisher\" content=\"https:\/\/www.facebook.com\/redchefclaude\" \/>\n<meta property=\"article:published_time\" content=\"2023-10-25T15:15:35+00:00\" \/>\n<meta property=\"article:modified_time\" content=\"2023-10-26T18:03:17+00:00\" \/>\n<meta property=\"og:image\" content=\"http:\/\/7culture.ci\/wp-content\/uploads\/2023\/10\/Blais.jpeg\" \/>\n\t<meta property=\"og:image:width\" content=\"786\" \/>\n\t<meta property=\"og:image:height\" content=\"688\" \/>\n\t<meta property=\"og:image:type\" content=\"image\/jpeg\" \/>\n<meta name=\"author\" content=\"7culture2020\" \/>\n<meta name=\"twitter:card\" content=\"summary_large_image\" \/>\n<meta name=\"twitter:creator\" content=\"@7culturec\" \/>\n<meta name=\"twitter:site\" content=\"@7culturec\" \/>\n<meta name=\"twitter:label1\" content=\"\u00c9crit par\" \/>\n\t<meta name=\"twitter:data1\" content=\"7culture2020\" \/>\n\t<meta name=\"twitter:label2\" content=\"Dur\u00e9e de lecture estim\u00e9e\" \/>\n\t<meta name=\"twitter:data2\" content=\"2 minutes\" \/>\n<script type=\"application\/ld+json\" class=\"yoast-schema-graph\">{\"@context\":\"https:\/\/schema.org\",\"@graph\":[{\"@type\":\"Article\",\"@id\":\"https:\/\/7culture.ci\/index.php\/2023\/10\/25\/prix-cultura-du-journalisme-culturel-un-million-de-fcfa-au-meilleur-journaliste\/#article\",\"isPartOf\":{\"@id\":\"https:\/\/7culture.ci\/index.php\/2023\/10\/25\/prix-cultura-du-journalisme-culturel-un-million-de-fcfa-au-meilleur-journaliste\/\"},\"author\":{\"name\":\"7culture2020\",\"@id\":\"https:\/\/7culture.ci\/#\/schema\/person\/16150d28d7ef66ba788c1f87f28c4426\"},\"headline\":\"Prix Cultura du journalisme culturel\u00a0: Un million de FCFA au meilleur journaliste\",\"datePublished\":\"2023-10-25T15:15:35+00:00\",\"dateModified\":\"2023-10-26T18:03:17+00:00\",\"mainEntityOfPage\":{\"@id\":\"https:\/\/7culture.ci\/index.php\/2023\/10\/25\/prix-cultura-du-journalisme-culturel-un-million-de-fcfa-au-meilleur-journaliste\/\"},\"wordCount\":421,\"commentCount\":0,\"publisher\":{\"@id\":\"https:\/\/7culture.ci\/#organization\"},\"articleSection\":[\"Actualit\u00e9\"],\"inLanguage\":\"fr-FR\",\"potentialAction\":[{\"@type\":\"CommentAction\",\"name\":\"Comment\",\"target\":[\"https:\/\/7culture.ci\/index.php\/2023\/10\/25\/prix-cultura-du-journalisme-culturel-un-million-de-fcfa-au-meilleur-journaliste\/#respond\"]}]},{\"@type\":\"WebPage\",\"@id\":\"https:\/\/7culture.ci\/index.php\/2023\/10\/25\/prix-cultura-du-journalisme-culturel-un-million-de-fcfa-au-meilleur-journaliste\/\",\"url\":\"https:\/\/7culture.ci\/index.php\/2023\/10\/25\/prix-cultura-du-journalisme-culturel-un-million-de-fcfa-au-meilleur-journaliste\/\",\"name\":\"Prix Cultura du journalisme culturel\u00a0: Un million de FCFA au meilleur journaliste - 7culture\",\"isPartOf\":{\"@id\":\"https:\/\/7culture.ci\/#website\"},\"datePublished\":\"2023-10-25T15:15:35+00:00\",\"dateModified\":\"2023-10-26T18:03:17+00:00\",\"breadcrumb\":{\"@id\":\"https:\/\/7culture.ci\/index.php\/2023\/10\/25\/prix-cultura-du-journalisme-culturel-un-million-de-fcfa-au-meilleur-journaliste\/#breadcrumb\"},\"inLanguage\":\"fr-FR\",\"potentialAction\":[{\"@type\":\"ReadAction\",\"target\":[\"https:\/\/7culture.ci\/index.php\/2023\/10\/25\/prix-cultura-du-journalisme-culturel-un-million-de-fcfa-au-meilleur-journaliste\/\"]}]},{\"@type\":\"BreadcrumbList\",\"@id\":\"https:\/\/7culture.ci\/index.php\/2023\/10\/25\/prix-cultura-du-journalisme-culturel-un-million-de-fcfa-au-meilleur-journaliste\/#breadcrumb\",\"itemListElement\":[{\"@type\":\"ListItem\",\"position\":1,\"name\":\"Accueil\",\"item\":\"https:\/\/7culture.ci\/\"},{\"@type\":\"ListItem\",\"position\":2,\"name\":\"Prix Cultura du journalisme culturel\u00a0: Un million de FCFA au meilleur journaliste\"}]},{\"@type\":\"WebSite\",\"@id\":\"https:\/\/7culture.ci\/#website\",\"url\":\"https:\/\/7culture.ci\/\",\"name\":\"7culture\",\"description\":\"Tout sur l&#039;actualit\u00e9\",\"publisher\":{\"@id\":\"https:\/\/7culture.ci\/#organization\"},\"potentialAction\":[{\"@type\":\"SearchAction\",\"target\":{\"@type\":\"EntryPoint\",\"urlTemplate\":\"https:\/\/7culture.ci\/?s={search_term_string}\"},\"query-input\":\"required name=search_term_string\"}],\"inLanguage\":\"fr-FR\"},{\"@type\":\"Organization\",\"@id\":\"https:\/\/7culture.ci\/#organization\",\"name\":\"7culture\",\"url\":\"https:\/\/7culture.ci\/\",\"sameAs\":[\"https:\/\/www.facebook.com\/redchefclaude\",\"https:\/\/twitter.com\/7culturec\"],\"logo\":{\"@type\":\"ImageObject\",\"inLanguage\":\"fr-FR\",\"@id\":\"https:\/\/7culture.ci\/#\/schema\/logo\/image\/\",\"url\":\"https:\/\/7culture.ci\/wp-content\/uploads\/2021\/12\/S1a-1.png\",\"contentUrl\":\"https:\/\/7culture.ci\/wp-content\/uploads\/2021\/12\/S1a-1.png\",\"width\":588,\"height\":192,\"caption\":\"7culture\"},\"image\":{\"@id\":\"https:\/\/7culture.ci\/#\/schema\/logo\/image\/\"}},{\"@type\":\"Person\",\"@id\":\"https:\/\/7culture.ci\/#\/schema\/person\/16150d28d7ef66ba788c1f87f28c4426\",\"name\":\"7culture2020\",\"image\":{\"@type\":\"ImageObject\",\"inLanguage\":\"fr-FR\",\"@id\":\"https:\/\/7culture.ci\/#\/schema\/person\/image\/\",\"url\":\"https:\/\/secure.gravatar.com\/avatar\/9a0784f951306c37bcd065f52844ef95?s=96&d=mm&r=g\",\"contentUrl\":\"https:\/\/secure.gravatar.com\/avatar\/9a0784f951306c37bcd065f52844ef95?s=96&d=mm&r=g\",\"caption\":\"7culture2020\"},\"sameAs\":[\"http:\/\/7culture.ci\",\"Claude.kipre\"],\"url\":\"https:\/\/7culture.ci\/index.php\/author\/7culture2020\/\"}]}<\/script>\n<!-- \/ Yoast SEO plugin. -->","yoast_head_json":{"title":"Prix Cultura du journalisme culturel\u00a0: Un million de FCFA au meilleur journaliste - 7culture","robots":{"index":"index","follow":"follow","max-snippet":"max-snippet:-1","max-image-preview":"max-image-preview:large","max-video-preview":"max-video-preview:-1"},"canonical":"https:\/\/7culture.ci\/index.php\/2023\/10\/25\/prix-cultura-du-journalisme-culturel-un-million-de-fcfa-au-meilleur-journaliste\/","og_locale":"fr_FR","og_type":"article","og_title":"Prix Cultura du journalisme culturel\u00a0: Un million de FCFA au meilleur journaliste - 7culture","og_description":"Le Prix Cultura du journaliste culturel a \u00e9t\u00e9 institu\u00e9 pour promouvoir et valoriser le journalisme culturel. La premi\u00e8re \u00e9dition livrera son verdict le 11 novembre 2023 \u00e0 Azala\u00ef H\u00f4tel \u00e0 Abidjan-Marcory. L\u2019information a \u00e9t\u00e9 donn\u00e9e \u00e0 la conf\u00e9rence de presse organis\u00e9e le vendredi 20 octobre 2023 au si\u00e8ge-pays de l\u2019Unesco \u00e0 Abidjan-Cocody-Angr\u00e9 par Tanguy Blais, &hellip; Prix Cultura du journalisme culturel\u00a0: Un million de FCFA au meilleur journaliste Lire la suite\u00a0\u00bb","og_url":"https:\/\/7culture.ci\/index.php\/2023\/10\/25\/prix-cultura-du-journalisme-culturel-un-million-de-fcfa-au-meilleur-journaliste\/","og_site_name":"7culture","article_publisher":"https:\/\/www.facebook.com\/redchefclaude","article_published_time":"2023-10-25T15:15:35+00:00","article_modified_time":"2023-10-26T18:03:17+00:00","og_image":[{"width":786,"height":688,"url":"http:\/\/7culture.ci\/wp-content\/uploads\/2023\/10\/Blais.jpeg","type":"image\/jpeg"}],"author":"7culture2020","twitter_card":"summary_large_image","twitter_creator":"@7culturec","twitter_site":"@7culturec","twitter_misc":{"\u00c9crit par":"7culture2020","Dur\u00e9e de lecture estim\u00e9e":"2 minutes"},"schema":{"@context":"https:\/\/schema.org","@graph":[{"@type":"Article","@id":"https:\/\/7culture.ci\/index.php\/2023\/10\/25\/prix-cultura-du-journalisme-culturel-un-million-de-fcfa-au-meilleur-journaliste\/#article","isPartOf":{"@id":"https:\/\/7culture.ci\/index.php\/2023\/10\/25\/prix-cultura-du-journalisme-culturel-un-million-de-fcfa-au-meilleur-journaliste\/"},"author":{"name":"7culture2020","@id":"https:\/\/7culture.ci\/#\/schema\/person\/16150d28d7ef66ba788c1f87f28c4426"},"headline":"Prix Cultura du journalisme culturel\u00a0: Un million de FCFA au meilleur journaliste","datePublished":"2023-10-25T15:15:35+00:00","dateModified":"2023-10-26T18:03:17+00:00","mainEntityOfPage":{"@id":"https:\/\/7culture.ci\/index.php\/2023\/10\/25\/prix-cultura-du-journalisme-culturel-un-million-de-fcfa-au-meilleur-journaliste\/"},"wordCount":421,"commentCount":0,"publisher":{"@id":"https:\/\/7culture.ci\/#organization"},"articleSection":["Actualit\u00e9"],"inLanguage":"fr-FR","potentialAction":[{"@type":"CommentAction","name":"Comment","target":["https:\/\/7culture.ci\/index.php\/2023\/10\/25\/prix-cultura-du-journalisme-culturel-un-million-de-fcfa-au-meilleur-journaliste\/#respond"]}]},{"@type":"WebPage","@id":"https:\/\/7culture.ci\/index.php\/2023\/10\/25\/prix-cultura-du-journalisme-culturel-un-million-de-fcfa-au-meilleur-journaliste\/","url":"https:\/\/7culture.ci\/index.php\/2023\/10\/25\/prix-cultura-du-journalisme-culturel-un-million-de-fcfa-au-meilleur-journaliste\/","name":"Prix Cultura du journalisme culturel\u00a0: Un million de FCFA au meilleur journaliste - 7culture","isPartOf":{"@id":"https:\/\/7culture.ci\/#website"},"datePublished":"2023-10-25T15:15:35+00:00","dateModified":"2023-10-26T18:03:17+00:00","breadcrumb":{"@id":"https:\/\/7culture.ci\/index.php\/2023\/10\/25\/prix-cultura-du-journalisme-culturel-un-million-de-fcfa-au-meilleur-journaliste\/#breadcrumb"},"inLanguage":"fr-FR","potentialAction":[{"@type":"ReadAction","target":["https:\/\/7culture.ci\/index.php\/2023\/10\/25\/prix-cultura-du-journalisme-culturel-un-million-de-fcfa-au-meilleur-journaliste\/"]}]},{"@type":"BreadcrumbList","@id":"https:\/\/7culture.ci\/index.php\/2023\/10\/25\/prix-cultura-du-journalisme-culturel-un-million-de-fcfa-au-meilleur-journaliste\/#breadcrumb","itemListElement":[{"@type":"ListItem","position":1,"name":"Accueil","item":"https:\/\/7culture.ci\/"},{"@type":"ListItem","position":2,"name":"Prix Cultura du journalisme culturel\u00a0: Un million de FCFA au meilleur journaliste"}]},{"@type":"WebSite","@id":"https:\/\/7culture.ci\/#website","url":"https:\/\/7culture.ci\/","name":"7culture","description":"Tout sur l&#039;actualit\u00e9","publisher":{"@id":"https:\/\/7culture.ci\/#organization"},"potentialAction":[{"@type":"SearchAction","target":{"@type":"EntryPoint","urlTemplate":"https:\/\/7culture.ci\/?s={search_term_string}"},"query-input":"required name=search_term_string"}],"inLanguage":"fr-FR"},{"@type":"Organization","@id":"https:\/\/7culture.ci\/#organization","name":"7culture","url":"https:\/\/7culture.ci\/","sameAs":["https:\/\/www.facebook.com\/redchefclaude","https:\/\/twitter.com\/7culturec"],"logo":{"@type":"ImageObject","inLanguage":"fr-FR","@id":"https:\/\/7culture.ci\/#\/schema\/logo\/image\/","url":"https:\/\/7culture.ci\/wp-content\/uploads\/2021\/12\/S1a-1.png","contentUrl":"https:\/\/7culture.ci\/wp-content\/uploads\/2021\/12\/S1a-1.png","width":588,"height":192,"caption":"7culture"},"image":{"@id":"https:\/\/7culture.ci\/#\/schema\/logo\/image\/"}},{"@type":"Person","@id":"https:\/\/7culture.ci\/#\/schema\/person\/16150d28d7ef66ba788c1f87f28c4426","name":"7culture2020","image":{"@type":"ImageObject","inLanguage":"fr-FR","@id":"https:\/\/7culture.ci\/#\/schema\/person\/image\/","url":"https:\/\/secure.gravatar.com\/avatar\/9a0784f951306c37bcd065f52844ef95?s=96&d=mm&r=g","contentUrl":"https:\/\/secure.gravatar.com\/avatar\/9a0784f951306c37bcd065f52844ef95?s=96&d=mm&r=g","caption":"7culture2020"},"sameAs":["http:\/\/7culture.ci","Claude.kipre"],"url":"https:\/\/7culture.ci\/index.php\/author\/7culture2020\/"}]}},"jetpack_featured_media_url":"https:\/\/7culture.ci\/wp-content\/uploads\/2023\/10\/Blais.jpeg","jetpack_likes_enabled":true,"jetpack_sharing_enabled":true,"_links":{"self":[{"href":"https:\/\/7culture.ci\/index.php\/wp-json\/wp\/v2\/posts\/25855"}],"collection":[{"href":"https:\/\/7culture.ci\/index.php\/wp-json\/wp\/v2\/posts"}],"about":[{"href":"https:\/\/7culture.ci\/index.php\/wp-json\/wp\/v2\/types\/post"}],"author":[{"embeddable":true,"href":"https:\/\/7culture.ci\/index.php\/wp-json\/wp\/v2\/users\/1"}],"replies":[{"embeddable":true,"href":"https:\/\/7culture.ci\/index.php\/wp-json\/wp\/v2\/comments?post=25855"}],"version-history":[{"count":1,"href":"https:\/\/7culture.ci\/index.php\/wp-json\/wp\/v2\/posts\/25855\/revisions"}],"predecessor-version":[{"id":25861,"href":"https:\/\/7culture.ci\/index.php\/wp-json\/wp\/v2\/posts\/25855\/revisions\/25861"}],"wp:featuredmedia":[{"embeddable":true,"href":"https:\/\/7culture.ci\/index.php\/wp-json\/wp\/v2\/media\/25862"}],"wp:attachment":[{"href":"https:\/\/7culture.ci\/index.php\/wp-json\/wp\/v2\/media?parent=25855"}],"wp:term":[{"taxonomy":"category","embeddable":true,"href":"https:\/\/7culture.ci\/index.php\/wp-json\/wp\/v2\/categories?post=25855"},{"taxonomy":"post_tag","embeddable":true,"href":"https:\/\/7culture.ci\/index.php\/wp-json\/wp\/v2\/tags?post=25855"}],"curies":[{"name":"wp","href":"https:\/\/api.w.org\/{rel}","templated":true}]}}