{"id":25850,"date":"2023-10-25T09:45:09","date_gmt":"2023-10-25T09:45:09","guid":{"rendered":"https:\/\/7culture.ci\/?p=25850"},"modified":"2023-10-25T15:17:47","modified_gmt":"2023-10-25T15:17:47","slug":"clap-ivoire-2023-serge-nguessant-decroche-le-grand-prix-fadika","status":"publish","type":"post","link":"https:\/\/7culture.ci\/index.php\/2023\/10\/25\/clap-ivoire-2023-serge-nguessant-decroche-le-grand-prix-fadika\/","title":{"rendered":"Clap Ivoire 2023\u00a0: Serge N\u2019Guessant d\u00e9croche Le Grand Prix Fadika"},"content":{"rendered":"\n<p>La 23<sup>e<\/sup> \u00e9dition du concours de court-m\u00e9trage ouvert aux jeunes r\u00e9alisateurs de l\u2019espace Union \u00e9conomique et mon\u00e9taire ouest africaine (Uemoa) a referm\u00e9 ses portes le vendredi 13 octobre 2023 \u00e0 la salle Majestic du Sofitel Abidjan H\u00f4tel Ivoire avec le triomphe de la cin\u00e9aste burkinab\u00e8 Floriane Zoundi. Elle a d\u00e9croch\u00e9 le Grand Prix Kodjo Eboucl\u00e9 avec son film \u2018\u2019Le botaniste\u2019\u2019. A c\u00f4t\u00e9 des r\u00e9compenses d\u00e9cern\u00e9es aux acteurs du 7<sup>e<\/sup> art, ce rendez-vous cin\u00e9matographique a aussi souri \u00e0 Serge N\u2019guessant. Le confr\u00e8re de Fraternit\u00e9 Matin, quotidien gouvernemental, a re\u00e7u le Grand Prix Fadika Kramo-Lancin\u00e9 du meilleur journaliste de la critique cin\u00e9matographique. \u00ab&nbsp;<em>En marge des prix officiels, j&#8217;ai eu l&#8217;honneur de recevoir Le Grand Prix Fadika Kramo-Lancin\u00e9 du meilleur journaliste de la critique cin\u00e9matographique. Merci aux initiateurs de ce prix qui vient ainsi immortaliser ce pionnier du cin\u00e9ma ivoirien dans son pays. Que Dieu nous garde et que toute la gloire Lui soit rendue!\u00bb, <\/em>a salu\u00e9 Serge N\u2019guessant sur son profil d\u2019actualit\u00e9 Meta. C\u2019est la premi\u00e8re \u00e9dition de cette r\u00e9compense qui porte le nom d\u2019un des plus grands cin\u00e9astes de la C\u00f4te d\u2019Ivoire voire de l\u2019Afrique. Il a \u00e9t\u00e9 initi\u00e9 par le journaliste Olivier Yro qui en est le commissaire g\u00e9n\u00e9ral.<\/p>\n\n\n\n<p>Avec un Master 3 option Journaliste et Communication en poche, Serge N\u2019guessant a 30 ans de m\u00e9tier dans les jambes. Avant d\u2019arriver \u00e0 Fraternit\u00e9 Matin en 2017 o\u00f9 il est actuellement chef-adjoint du service culture, le laur\u00e9at a pass\u00e9 dans plusieurs r\u00e9dactions. Il d\u00e9marre dans la pratique journalistique en 1996 comme journaliste culturel au quotidien Actuel. En 1998, il atterrit au quotidien Reflet et Reflet Magazine comme Secr\u00e9taire g\u00e9n\u00e9ral de r\u00e9daction et Chef de service culture. Il est nomm\u00e9 ensuite r\u00e9dacteur en chef de l\u2019hebdomadaire R\u00e9alit\u00e9 Show-biz en 2000. En 2002, il devient r\u00e9dacteur en chef central des \u00e9ditions Appo, \u00e9diteur des journaux Le Sport (premier quotidien de sport en C\u00f4te d\u2019Ivoire), R\u00e9alit\u00e9s Show-biz (Hebdo culture), Dialogue (quotidien d&#8217;information g\u00e9n\u00e9rale) et les magazines mensuels R\u00e9alit\u00e9s Mag et 100% Foot. En 2022, Serge N\u2019guessant a co-\u00e9crit avec Eric Cossa le livre &#8220;Zouglou 30 ans: Gb\u00ea est mieux que drap&#8221;. Journaliste actif et sans histoire, il a milit\u00e9 dans plusieurs associations des m\u00e9dias. Il est notamment membre fondateur&nbsp; du R\u00e9seau des professionnels de m\u00e9dia engag\u00e9s contre le Vih Sida (Repmasci), membre de l\u2019Union nationale des journalistes de C\u00f4te d\u2019Ivoire (Unjci), de l\u2019Union des journalistes culturels de C\u00f4te d\u2019Ivoire (Ujocci) et l\u2019Union nationale de la presse sportive de C\u00f4te d\u2019Ivoire (Unpsci) dont il a \u00e9t\u00e9 Secr\u00e9taire ex\u00e9cutif.<\/p>\n\n\n\n<p>DT<\/p>\n","protected":false},"excerpt":{"rendered":"<p>La 23e \u00e9dition du concours de court-m\u00e9trage ouvert aux jeunes r\u00e9alisateurs de l\u2019espace Union \u00e9conomique et mon\u00e9taire ouest africaine (Uemoa) a referm\u00e9 ses portes le vendredi 13 octobre 2023 \u00e0 la salle Majestic du Sofitel Abidjan H\u00f4tel Ivoire avec le triomphe de la cin\u00e9aste burkinab\u00e8 Floriane Zoundi. Elle a d\u00e9croch\u00e9 le Grand Prix Kodjo Eboucl\u00e9 &hellip;<\/p>\n<p class=\"read-more\"> <a class=\"\" href=\"https:\/\/7culture.ci\/index.php\/2023\/10\/25\/clap-ivoire-2023-serge-nguessant-decroche-le-grand-prix-fadika\/\"> <span class=\"screen-reader-text\">Clap Ivoire 2023\u00a0: Serge N\u2019Guessant d\u00e9croche Le Grand Prix Fadika<\/span> Lire la suite\u00a0\u00bb<\/a><\/p>\n","protected":false},"author":1,"featured_media":25852,"comment_status":"open","ping_status":"open","sticky":false,"template":"","format":"standard","meta":{"_mi_skip_tracking":false,"_monsterinsights_sitenote_active":false,"_monsterinsights_sitenote_note":"","_monsterinsights_sitenote_category":0,"site-sidebar-layout":"default","site-content-layout":"default","ast-global-header-display":"","ast-main-header-display":"","ast-hfb-above-header-display":"","ast-hfb-below-header-display":"","ast-hfb-mobile-header-display":"","site-post-title":"","ast-breadcrumbs-content":"","ast-featured-img":"","footer-sml-layout":"","theme-transparent-header-meta":"","adv-header-id-meta":"","stick-header-meta":"","header-above-stick-meta":"","header-main-stick-meta":"","header-below-stick-meta":"","footnotes":"","jetpack_publicize_message":"","jetpack_is_tweetstorm":false,"jetpack_publicize_feature_enabled":true},"categories":[36],"tags":[],"jetpack_publicize_connections":[],"acf":[],"aioseo_notices":[],"yoast_head":"<!-- This site is optimized with the Yoast SEO plugin v19.6.1 - https:\/\/yoast.com\/wordpress\/plugins\/seo\/ -->\n<title>Clap Ivoire 2023\u00a0: Serge N\u2019Guessant d\u00e9croche Le Grand Prix Fadika - 7culture<\/title>\n<meta name=\"robots\" content=\"index, follow, max-snippet:-1, max-image-preview:large, max-video-preview:-1\" \/>\n<link rel=\"canonical\" href=\"https:\/\/7culture.ci\/index.php\/2023\/10\/25\/clap-ivoire-2023-serge-nguessant-decroche-le-grand-prix-fadika\/\" \/>\n<meta property=\"og:locale\" content=\"fr_FR\" \/>\n<meta property=\"og:type\" content=\"article\" \/>\n<meta property=\"og:title\" content=\"Clap Ivoire 2023\u00a0: Serge N\u2019Guessant d\u00e9croche Le Grand Prix Fadika - 7culture\" \/>\n<meta property=\"og:description\" content=\"La 23e \u00e9dition du concours de court-m\u00e9trage ouvert aux jeunes r\u00e9alisateurs de l\u2019espace Union \u00e9conomique et mon\u00e9taire ouest africaine (Uemoa) a referm\u00e9 ses portes le vendredi 13 octobre 2023 \u00e0 la salle Majestic du Sofitel Abidjan H\u00f4tel Ivoire avec le triomphe de la cin\u00e9aste burkinab\u00e8 Floriane Zoundi. Elle a d\u00e9croch\u00e9 le Grand Prix Kodjo Eboucl\u00e9 &hellip; Clap Ivoire 2023\u00a0: Serge N\u2019Guessant d\u00e9croche Le Grand Prix Fadika Lire la suite\u00a0\u00bb\" \/>\n<meta property=\"og:url\" content=\"https:\/\/7culture.ci\/index.php\/2023\/10\/25\/clap-ivoire-2023-serge-nguessant-decroche-le-grand-prix-fadika\/\" \/>\n<meta property=\"og:site_name\" content=\"7culture\" \/>\n<meta property=\"article:publisher\" content=\"https:\/\/www.facebook.com\/redchefclaude\" \/>\n<meta property=\"article:published_time\" content=\"2023-10-25T09:45:09+00:00\" \/>\n<meta property=\"article:modified_time\" content=\"2023-10-25T15:17:47+00:00\" \/>\n<meta property=\"og:image\" content=\"http:\/\/7culture.ci\/wp-content\/uploads\/2023\/10\/Nguessant_Oui.jpg\" \/>\n\t<meta property=\"og:image:width\" content=\"701\" \/>\n\t<meta property=\"og:image:height\" content=\"442\" \/>\n\t<meta property=\"og:image:type\" content=\"image\/jpeg\" \/>\n<meta name=\"author\" content=\"7culture2020\" \/>\n<meta name=\"twitter:card\" content=\"summary_large_image\" \/>\n<meta name=\"twitter:creator\" content=\"@7culturec\" \/>\n<meta name=\"twitter:site\" content=\"@7culturec\" \/>\n<meta name=\"twitter:label1\" content=\"\u00c9crit par\" \/>\n\t<meta name=\"twitter:data1\" content=\"7culture2020\" \/>\n\t<meta name=\"twitter:label2\" content=\"Dur\u00e9e de lecture estim\u00e9e\" \/>\n\t<meta name=\"twitter:data2\" content=\"2 minutes\" \/>\n<script type=\"application\/ld+json\" class=\"yoast-schema-graph\">{\"@context\":\"https:\/\/schema.org\",\"@graph\":[{\"@type\":\"Article\",\"@id\":\"https:\/\/7culture.ci\/index.php\/2023\/10\/25\/clap-ivoire-2023-serge-nguessant-decroche-le-grand-prix-fadika\/#article\",\"isPartOf\":{\"@id\":\"https:\/\/7culture.ci\/index.php\/2023\/10\/25\/clap-ivoire-2023-serge-nguessant-decroche-le-grand-prix-fadika\/\"},\"author\":{\"name\":\"7culture2020\",\"@id\":\"https:\/\/7culture.ci\/#\/schema\/person\/16150d28d7ef66ba788c1f87f28c4426\"},\"headline\":\"Clap Ivoire 2023\u00a0: Serge N\u2019Guessant d\u00e9croche Le Grand Prix Fadika\",\"datePublished\":\"2023-10-25T09:45:09+00:00\",\"dateModified\":\"2023-10-25T15:17:47+00:00\",\"mainEntityOfPage\":{\"@id\":\"https:\/\/7culture.ci\/index.php\/2023\/10\/25\/clap-ivoire-2023-serge-nguessant-decroche-le-grand-prix-fadika\/\"},\"wordCount\":481,\"commentCount\":0,\"publisher\":{\"@id\":\"https:\/\/7culture.ci\/#organization\"},\"articleSection\":[\"Cin\u00e9ma\"],\"inLanguage\":\"fr-FR\",\"potentialAction\":[{\"@type\":\"CommentAction\",\"name\":\"Comment\",\"target\":[\"https:\/\/7culture.ci\/index.php\/2023\/10\/25\/clap-ivoire-2023-serge-nguessant-decroche-le-grand-prix-fadika\/#respond\"]}]},{\"@type\":\"WebPage\",\"@id\":\"https:\/\/7culture.ci\/index.php\/2023\/10\/25\/clap-ivoire-2023-serge-nguessant-decroche-le-grand-prix-fadika\/\",\"url\":\"https:\/\/7culture.ci\/index.php\/2023\/10\/25\/clap-ivoire-2023-serge-nguessant-decroche-le-grand-prix-fadika\/\",\"name\":\"Clap Ivoire 2023\u00a0: Serge N\u2019Guessant d\u00e9croche Le Grand Prix Fadika - 7culture\",\"isPartOf\":{\"@id\":\"https:\/\/7culture.ci\/#website\"},\"datePublished\":\"2023-10-25T09:45:09+00:00\",\"dateModified\":\"2023-10-25T15:17:47+00:00\",\"breadcrumb\":{\"@id\":\"https:\/\/7culture.ci\/index.php\/2023\/10\/25\/clap-ivoire-2023-serge-nguessant-decroche-le-grand-prix-fadika\/#breadcrumb\"},\"inLanguage\":\"fr-FR\",\"potentialAction\":[{\"@type\":\"ReadAction\",\"target\":[\"https:\/\/7culture.ci\/index.php\/2023\/10\/25\/clap-ivoire-2023-serge-nguessant-decroche-le-grand-prix-fadika\/\"]}]},{\"@type\":\"BreadcrumbList\",\"@id\":\"https:\/\/7culture.ci\/index.php\/2023\/10\/25\/clap-ivoire-2023-serge-nguessant-decroche-le-grand-prix-fadika\/#breadcrumb\",\"itemListElement\":[{\"@type\":\"ListItem\",\"position\":1,\"name\":\"Accueil\",\"item\":\"https:\/\/7culture.ci\/\"},{\"@type\":\"ListItem\",\"position\":2,\"name\":\"Clap Ivoire 2023\u00a0: Serge N\u2019Guessant d\u00e9croche Le Grand Prix Fadika\"}]},{\"@type\":\"WebSite\",\"@id\":\"https:\/\/7culture.ci\/#website\",\"url\":\"https:\/\/7culture.ci\/\",\"name\":\"7culture\",\"description\":\"Tout sur l&#039;actualit\u00e9\",\"publisher\":{\"@id\":\"https:\/\/7culture.ci\/#organization\"},\"potentialAction\":[{\"@type\":\"SearchAction\",\"target\":{\"@type\":\"EntryPoint\",\"urlTemplate\":\"https:\/\/7culture.ci\/?s={search_term_string}\"},\"query-input\":\"required name=search_term_string\"}],\"inLanguage\":\"fr-FR\"},{\"@type\":\"Organization\",\"@id\":\"https:\/\/7culture.ci\/#organization\",\"name\":\"7culture\",\"url\":\"https:\/\/7culture.ci\/\",\"sameAs\":[\"https:\/\/www.facebook.com\/redchefclaude\",\"https:\/\/twitter.com\/7culturec\"],\"logo\":{\"@type\":\"ImageObject\",\"inLanguage\":\"fr-FR\",\"@id\":\"https:\/\/7culture.ci\/#\/schema\/logo\/image\/\",\"url\":\"https:\/\/7culture.ci\/wp-content\/uploads\/2021\/12\/S1a-1.png\",\"contentUrl\":\"https:\/\/7culture.ci\/wp-content\/uploads\/2021\/12\/S1a-1.png\",\"width\":588,\"height\":192,\"caption\":\"7culture\"},\"image\":{\"@id\":\"https:\/\/7culture.ci\/#\/schema\/logo\/image\/\"}},{\"@type\":\"Person\",\"@id\":\"https:\/\/7culture.ci\/#\/schema\/person\/16150d28d7ef66ba788c1f87f28c4426\",\"name\":\"7culture2020\",\"image\":{\"@type\":\"ImageObject\",\"inLanguage\":\"fr-FR\",\"@id\":\"https:\/\/7culture.ci\/#\/schema\/person\/image\/\",\"url\":\"https:\/\/secure.gravatar.com\/avatar\/9a0784f951306c37bcd065f52844ef95?s=96&d=mm&r=g\",\"contentUrl\":\"https:\/\/secure.gravatar.com\/avatar\/9a0784f951306c37bcd065f52844ef95?s=96&d=mm&r=g\",\"caption\":\"7culture2020\"},\"sameAs\":[\"http:\/\/7culture.ci\",\"Claude.kipre\"],\"url\":\"https:\/\/7culture.ci\/index.php\/author\/7culture2020\/\"}]}<\/script>\n<!-- \/ Yoast SEO plugin. -->","yoast_head_json":{"title":"Clap Ivoire 2023\u00a0: Serge N\u2019Guessant d\u00e9croche Le Grand Prix Fadika - 7culture","robots":{"index":"index","follow":"follow","max-snippet":"max-snippet:-1","max-image-preview":"max-image-preview:large","max-video-preview":"max-video-preview:-1"},"canonical":"https:\/\/7culture.ci\/index.php\/2023\/10\/25\/clap-ivoire-2023-serge-nguessant-decroche-le-grand-prix-fadika\/","og_locale":"fr_FR","og_type":"article","og_title":"Clap Ivoire 2023\u00a0: Serge N\u2019Guessant d\u00e9croche Le Grand Prix Fadika - 7culture","og_description":"La 23e \u00e9dition du concours de court-m\u00e9trage ouvert aux jeunes r\u00e9alisateurs de l\u2019espace Union \u00e9conomique et mon\u00e9taire ouest africaine (Uemoa) a referm\u00e9 ses portes le vendredi 13 octobre 2023 \u00e0 la salle Majestic du Sofitel Abidjan H\u00f4tel Ivoire avec le triomphe de la cin\u00e9aste burkinab\u00e8 Floriane Zoundi. Elle a d\u00e9croch\u00e9 le Grand Prix Kodjo Eboucl\u00e9 &hellip; Clap Ivoire 2023\u00a0: Serge N\u2019Guessant d\u00e9croche Le Grand Prix Fadika Lire la suite\u00a0\u00bb","og_url":"https:\/\/7culture.ci\/index.php\/2023\/10\/25\/clap-ivoire-2023-serge-nguessant-decroche-le-grand-prix-fadika\/","og_site_name":"7culture","article_publisher":"https:\/\/www.facebook.com\/redchefclaude","article_published_time":"2023-10-25T09:45:09+00:00","article_modified_time":"2023-10-25T15:17:47+00:00","og_image":[{"width":701,"height":442,"url":"http:\/\/7culture.ci\/wp-content\/uploads\/2023\/10\/Nguessant_Oui.jpg","type":"image\/jpeg"}],"author":"7culture2020","twitter_card":"summary_large_image","twitter_creator":"@7culturec","twitter_site":"@7culturec","twitter_misc":{"\u00c9crit par":"7culture2020","Dur\u00e9e de lecture estim\u00e9e":"2 minutes"},"schema":{"@context":"https:\/\/schema.org","@graph":[{"@type":"Article","@id":"https:\/\/7culture.ci\/index.php\/2023\/10\/25\/clap-ivoire-2023-serge-nguessant-decroche-le-grand-prix-fadika\/#article","isPartOf":{"@id":"https:\/\/7culture.ci\/index.php\/2023\/10\/25\/clap-ivoire-2023-serge-nguessant-decroche-le-grand-prix-fadika\/"},"author":{"name":"7culture2020","@id":"https:\/\/7culture.ci\/#\/schema\/person\/16150d28d7ef66ba788c1f87f28c4426"},"headline":"Clap Ivoire 2023\u00a0: Serge N\u2019Guessant d\u00e9croche Le Grand Prix Fadika","datePublished":"2023-10-25T09:45:09+00:00","dateModified":"2023-10-25T15:17:47+00:00","mainEntityOfPage":{"@id":"https:\/\/7culture.ci\/index.php\/2023\/10\/25\/clap-ivoire-2023-serge-nguessant-decroche-le-grand-prix-fadika\/"},"wordCount":481,"commentCount":0,"publisher":{"@id":"https:\/\/7culture.ci\/#organization"},"articleSection":["Cin\u00e9ma"],"inLanguage":"fr-FR","potentialAction":[{"@type":"CommentAction","name":"Comment","target":["https:\/\/7culture.ci\/index.php\/2023\/10\/25\/clap-ivoire-2023-serge-nguessant-decroche-le-grand-prix-fadika\/#respond"]}]},{"@type":"WebPage","@id":"https:\/\/7culture.ci\/index.php\/2023\/10\/25\/clap-ivoire-2023-serge-nguessant-decroche-le-grand-prix-fadika\/","url":"https:\/\/7culture.ci\/index.php\/2023\/10\/25\/clap-ivoire-2023-serge-nguessant-decroche-le-grand-prix-fadika\/","name":"Clap Ivoire 2023\u00a0: Serge N\u2019Guessant d\u00e9croche Le Grand Prix Fadika - 7culture","isPartOf":{"@id":"https:\/\/7culture.ci\/#website"},"datePublished":"2023-10-25T09:45:09+00:00","dateModified":"2023-10-25T15:17:47+00:00","breadcrumb":{"@id":"https:\/\/7culture.ci\/index.php\/2023\/10\/25\/clap-ivoire-2023-serge-nguessant-decroche-le-grand-prix-fadika\/#breadcrumb"},"inLanguage":"fr-FR","potentialAction":[{"@type":"ReadAction","target":["https:\/\/7culture.ci\/index.php\/2023\/10\/25\/clap-ivoire-2023-serge-nguessant-decroche-le-grand-prix-fadika\/"]}]},{"@type":"BreadcrumbList","@id":"https:\/\/7culture.ci\/index.php\/2023\/10\/25\/clap-ivoire-2023-serge-nguessant-decroche-le-grand-prix-fadika\/#breadcrumb","itemListElement":[{"@type":"ListItem","position":1,"name":"Accueil","item":"https:\/\/7culture.ci\/"},{"@type":"ListItem","position":2,"name":"Clap Ivoire 2023\u00a0: Serge N\u2019Guessant d\u00e9croche Le Grand Prix Fadika"}]},{"@type":"WebSite","@id":"https:\/\/7culture.ci\/#website","url":"https:\/\/7culture.ci\/","name":"7culture","description":"Tout sur l&#039;actualit\u00e9","publisher":{"@id":"https:\/\/7culture.ci\/#organization"},"potentialAction":[{"@type":"SearchAction","target":{"@type":"EntryPoint","urlTemplate":"https:\/\/7culture.ci\/?s={search_term_string}"},"query-input":"required name=search_term_string"}],"inLanguage":"fr-FR"},{"@type":"Organization","@id":"https:\/\/7culture.ci\/#organization","name":"7culture","url":"https:\/\/7culture.ci\/","sameAs":["https:\/\/www.facebook.com\/redchefclaude","https:\/\/twitter.com\/7culturec"],"logo":{"@type":"ImageObject","inLanguage":"fr-FR","@id":"https:\/\/7culture.ci\/#\/schema\/logo\/image\/","url":"https:\/\/7culture.ci\/wp-content\/uploads\/2021\/12\/S1a-1.png","contentUrl":"https:\/\/7culture.ci\/wp-content\/uploads\/2021\/12\/S1a-1.png","width":588,"height":192,"caption":"7culture"},"image":{"@id":"https:\/\/7culture.ci\/#\/schema\/logo\/image\/"}},{"@type":"Person","@id":"https:\/\/7culture.ci\/#\/schema\/person\/16150d28d7ef66ba788c1f87f28c4426","name":"7culture2020","image":{"@type":"ImageObject","inLanguage":"fr-FR","@id":"https:\/\/7culture.ci\/#\/schema\/person\/image\/","url":"https:\/\/secure.gravatar.com\/avatar\/9a0784f951306c37bcd065f52844ef95?s=96&d=mm&r=g","contentUrl":"https:\/\/secure.gravatar.com\/avatar\/9a0784f951306c37bcd065f52844ef95?s=96&d=mm&r=g","caption":"7culture2020"},"sameAs":["http:\/\/7culture.ci","Claude.kipre"],"url":"https:\/\/7culture.ci\/index.php\/author\/7culture2020\/"}]}},"jetpack_featured_media_url":"https:\/\/7culture.ci\/wp-content\/uploads\/2023\/10\/Nguessant_Oui.jpg","jetpack_likes_enabled":true,"jetpack_sharing_enabled":true,"_links":{"self":[{"href":"https:\/\/7culture.ci\/index.php\/wp-json\/wp\/v2\/posts\/25850"}],"collection":[{"href":"https:\/\/7culture.ci\/index.php\/wp-json\/wp\/v2\/posts"}],"about":[{"href":"https:\/\/7culture.ci\/index.php\/wp-json\/wp\/v2\/types\/post"}],"author":[{"embeddable":true,"href":"https:\/\/7culture.ci\/index.php\/wp-json\/wp\/v2\/users\/1"}],"replies":[{"embeddable":true,"href":"https:\/\/7culture.ci\/index.php\/wp-json\/wp\/v2\/comments?post=25850"}],"version-history":[{"count":1,"href":"https:\/\/7culture.ci\/index.php\/wp-json\/wp\/v2\/posts\/25850\/revisions"}],"predecessor-version":[{"id":25853,"href":"https:\/\/7culture.ci\/index.php\/wp-json\/wp\/v2\/posts\/25850\/revisions\/25853"}],"wp:featuredmedia":[{"embeddable":true,"href":"https:\/\/7culture.ci\/index.php\/wp-json\/wp\/v2\/media\/25852"}],"wp:attachment":[{"href":"https:\/\/7culture.ci\/index.php\/wp-json\/wp\/v2\/media?parent=25850"}],"wp:term":[{"taxonomy":"category","embeddable":true,"href":"https:\/\/7culture.ci\/index.php\/wp-json\/wp\/v2\/categories?post=25850"},{"taxonomy":"post_tag","embeddable":true,"href":"https:\/\/7culture.ci\/index.php\/wp-json\/wp\/v2\/tags?post=25850"}],"curies":[{"name":"wp","href":"https:\/\/api.w.org\/{rel}","templated":true}]}}