{"id":25748,"date":"2023-10-02T12:36:30","date_gmt":"2023-10-02T12:36:30","guid":{"rendered":"https:\/\/7culture.ci\/?p=25748"},"modified":"2023-10-25T09:46:58","modified_gmt":"2023-10-25T09:46:58","slug":"recompenses-internationales-la-saison-des-nobels-sest-ouverte-ce-jour","status":"publish","type":"post","link":"https:\/\/7culture.ci\/index.php\/2023\/10\/02\/recompenses-internationales-la-saison-des-nobels-sest-ouverte-ce-jour\/","title":{"rendered":"R\u00e9compenses internationales\u00a0: La saison des Nobels s\u2019est ouverte ce jour"},"content":{"rendered":"\n<p>Comme chaque ann\u00e9e, le mois d\u2019octobre rime avec l\u2019ouverture de l\u2019attribution des six prix Nobel. Et comme de coutume, c\u2019est le Nobel de m\u00e9decine qui ouvre, ce lundi 2 octobre 2023, le ballet de ces r\u00e9compenses tant scrut\u00e9es dans le monde.<\/p>\n\n\n\n<p>En alternance avec la physiologie, c\u2019est le Nobel de M\u00e9decine qui ouvre la saison des Nobels 2023. Et ce sont la Hongroise Katalin Kariko et l&#8217;Am\u00e9ricain Drew Weissman, qui viennent d\u2019\u00eatre r\u00e9compens\u00e9s pour leurs travaux qui ont ouvert la voie \u00e0 la d\u00e9couverte des vaccins contre le Covid-19.<\/p>\n\n\n\n<p>Ils succ\u00e8dent ainsi \u00e0 Svante P\u00e4\u00e4bo, biologiste su\u00e9dois, laur\u00e9at du m\u00eame prix en 2022, pour son travail sur l\u2019histoire \u00e9volutive des humains et sur le d\u00e9cryptage du g\u00e9nome des humains de la Pr\u00e9histoire.<\/p>\n\n\n\n<p>Six domaines sont concern\u00e9s par les Prix Nobels d\u00e9cern\u00e9s chaque ann\u00e9e entre octobre et&nbsp; novembre. Ce sont les Nobels de physique, de la chimie, de la litt\u00e9rature, de la Paix, de physiologie ou m\u00e9decine et d&#8217;\u00e9conomie. Les regards sont donc tourn\u00e9s vers la capitale su\u00e9doise pour voir \u00e0 qui iront les autres troph\u00e9es d\u2019Alfred Nobel.<\/p>\n\n\n\n<p>CK<\/p>\n","protected":false},"excerpt":{"rendered":"<p>Comme chaque ann\u00e9e, le mois d\u2019octobre rime avec l\u2019ouverture de l\u2019attribution des six prix Nobel. Et comme de coutume, c\u2019est le Nobel de m\u00e9decine qui ouvre, ce lundi 2 octobre 2023, le ballet de ces r\u00e9compenses tant scrut\u00e9es dans le monde. En alternance avec la physiologie, c\u2019est le Nobel de M\u00e9decine qui ouvre la saison &hellip;<\/p>\n<p class=\"read-more\"> <a class=\"\" href=\"https:\/\/7culture.ci\/index.php\/2023\/10\/02\/recompenses-internationales-la-saison-des-nobels-sest-ouverte-ce-jour\/\"> <span class=\"screen-reader-text\">R\u00e9compenses internationales\u00a0: La saison des Nobels s\u2019est ouverte ce jour<\/span> Lire la suite\u00a0\u00bb<\/a><\/p>\n","protected":false},"author":1,"featured_media":25750,"comment_status":"open","ping_status":"open","sticky":false,"template":"","format":"standard","meta":{"_mi_skip_tracking":false,"_monsterinsights_sitenote_active":false,"_monsterinsights_sitenote_note":"","_monsterinsights_sitenote_category":0,"site-sidebar-layout":"default","site-content-layout":"default","ast-global-header-display":"","ast-main-header-display":"","ast-hfb-above-header-display":"","ast-hfb-below-header-display":"","ast-hfb-mobile-header-display":"","site-post-title":"","ast-breadcrumbs-content":"","ast-featured-img":"","footer-sml-layout":"","theme-transparent-header-meta":"","adv-header-id-meta":"","stick-header-meta":"","header-above-stick-meta":"","header-main-stick-meta":"","header-below-stick-meta":"","footnotes":"","jetpack_publicize_message":"","jetpack_is_tweetstorm":false,"jetpack_publicize_feature_enabled":true},"categories":[22],"tags":[],"jetpack_publicize_connections":[],"acf":[],"aioseo_notices":[],"yoast_head":"<!-- This site is optimized with the Yoast SEO plugin v19.6.1 - https:\/\/yoast.com\/wordpress\/plugins\/seo\/ -->\n<title>R\u00e9compenses internationales\u00a0: La saison des Nobels s\u2019est ouverte ce jour - 7culture<\/title>\n<meta name=\"robots\" content=\"index, follow, max-snippet:-1, max-image-preview:large, max-video-preview:-1\" \/>\n<link rel=\"canonical\" href=\"https:\/\/7culture.ci\/index.php\/2023\/10\/02\/recompenses-internationales-la-saison-des-nobels-sest-ouverte-ce-jour\/\" \/>\n<meta property=\"og:locale\" content=\"fr_FR\" \/>\n<meta property=\"og:type\" content=\"article\" \/>\n<meta property=\"og:title\" content=\"R\u00e9compenses internationales\u00a0: La saison des Nobels s\u2019est ouverte ce jour - 7culture\" \/>\n<meta property=\"og:description\" content=\"Comme chaque ann\u00e9e, le mois d\u2019octobre rime avec l\u2019ouverture de l\u2019attribution des six prix Nobel. Et comme de coutume, c\u2019est le Nobel de m\u00e9decine qui ouvre, ce lundi 2 octobre 2023, le ballet de ces r\u00e9compenses tant scrut\u00e9es dans le monde. En alternance avec la physiologie, c\u2019est le Nobel de M\u00e9decine qui ouvre la saison &hellip; R\u00e9compenses internationales\u00a0: La saison des Nobels s\u2019est ouverte ce jour Lire la suite\u00a0\u00bb\" \/>\n<meta property=\"og:url\" content=\"https:\/\/7culture.ci\/index.php\/2023\/10\/02\/recompenses-internationales-la-saison-des-nobels-sest-ouverte-ce-jour\/\" \/>\n<meta property=\"og:site_name\" content=\"7culture\" \/>\n<meta property=\"article:publisher\" content=\"https:\/\/www.facebook.com\/redchefclaude\" \/>\n<meta property=\"article:published_time\" content=\"2023-10-02T12:36:30+00:00\" \/>\n<meta property=\"article:modified_time\" content=\"2023-10-25T09:46:58+00:00\" \/>\n<meta property=\"og:image\" content=\"http:\/\/7culture.ci\/wp-content\/uploads\/2023\/10\/Nobel1.jpg\" \/>\n\t<meta property=\"og:image:width\" content=\"377\" \/>\n\t<meta property=\"og:image:height\" content=\"251\" \/>\n\t<meta property=\"og:image:type\" content=\"image\/jpeg\" \/>\n<meta name=\"author\" content=\"7culture2020\" \/>\n<meta name=\"twitter:card\" content=\"summary_large_image\" \/>\n<meta name=\"twitter:creator\" content=\"@7culturec\" \/>\n<meta name=\"twitter:site\" content=\"@7culturec\" \/>\n<meta name=\"twitter:label1\" content=\"\u00c9crit par\" \/>\n\t<meta name=\"twitter:data1\" content=\"7culture2020\" \/>\n\t<meta name=\"twitter:label2\" content=\"Dur\u00e9e de lecture estim\u00e9e\" \/>\n\t<meta name=\"twitter:data2\" content=\"1 minute\" \/>\n<script type=\"application\/ld+json\" class=\"yoast-schema-graph\">{\"@context\":\"https:\/\/schema.org\",\"@graph\":[{\"@type\":\"Article\",\"@id\":\"https:\/\/7culture.ci\/index.php\/2023\/10\/02\/recompenses-internationales-la-saison-des-nobels-sest-ouverte-ce-jour\/#article\",\"isPartOf\":{\"@id\":\"https:\/\/7culture.ci\/index.php\/2023\/10\/02\/recompenses-internationales-la-saison-des-nobels-sest-ouverte-ce-jour\/\"},\"author\":{\"name\":\"7culture2020\",\"@id\":\"https:\/\/7culture.ci\/#\/schema\/person\/16150d28d7ef66ba788c1f87f28c4426\"},\"headline\":\"R\u00e9compenses internationales\u00a0: La saison des Nobels s\u2019est ouverte ce jour\",\"datePublished\":\"2023-10-02T12:36:30+00:00\",\"dateModified\":\"2023-10-25T09:46:58+00:00\",\"mainEntityOfPage\":{\"@id\":\"https:\/\/7culture.ci\/index.php\/2023\/10\/02\/recompenses-internationales-la-saison-des-nobels-sest-ouverte-ce-jour\/\"},\"wordCount\":219,\"commentCount\":0,\"publisher\":{\"@id\":\"https:\/\/7culture.ci\/#organization\"},\"articleSection\":[\"Actualit\u00e9\"],\"inLanguage\":\"fr-FR\",\"potentialAction\":[{\"@type\":\"CommentAction\",\"name\":\"Comment\",\"target\":[\"https:\/\/7culture.ci\/index.php\/2023\/10\/02\/recompenses-internationales-la-saison-des-nobels-sest-ouverte-ce-jour\/#respond\"]}]},{\"@type\":\"WebPage\",\"@id\":\"https:\/\/7culture.ci\/index.php\/2023\/10\/02\/recompenses-internationales-la-saison-des-nobels-sest-ouverte-ce-jour\/\",\"url\":\"https:\/\/7culture.ci\/index.php\/2023\/10\/02\/recompenses-internationales-la-saison-des-nobels-sest-ouverte-ce-jour\/\",\"name\":\"R\u00e9compenses internationales\u00a0: La saison des Nobels s\u2019est ouverte ce jour - 7culture\",\"isPartOf\":{\"@id\":\"https:\/\/7culture.ci\/#website\"},\"datePublished\":\"2023-10-02T12:36:30+00:00\",\"dateModified\":\"2023-10-25T09:46:58+00:00\",\"breadcrumb\":{\"@id\":\"https:\/\/7culture.ci\/index.php\/2023\/10\/02\/recompenses-internationales-la-saison-des-nobels-sest-ouverte-ce-jour\/#breadcrumb\"},\"inLanguage\":\"fr-FR\",\"potentialAction\":[{\"@type\":\"ReadAction\",\"target\":[\"https:\/\/7culture.ci\/index.php\/2023\/10\/02\/recompenses-internationales-la-saison-des-nobels-sest-ouverte-ce-jour\/\"]}]},{\"@type\":\"BreadcrumbList\",\"@id\":\"https:\/\/7culture.ci\/index.php\/2023\/10\/02\/recompenses-internationales-la-saison-des-nobels-sest-ouverte-ce-jour\/#breadcrumb\",\"itemListElement\":[{\"@type\":\"ListItem\",\"position\":1,\"name\":\"Accueil\",\"item\":\"https:\/\/7culture.ci\/\"},{\"@type\":\"ListItem\",\"position\":2,\"name\":\"R\u00e9compenses internationales\u00a0: La saison des Nobels s\u2019est ouverte ce jour\"}]},{\"@type\":\"WebSite\",\"@id\":\"https:\/\/7culture.ci\/#website\",\"url\":\"https:\/\/7culture.ci\/\",\"name\":\"7culture\",\"description\":\"Tout sur l&#039;actualit\u00e9\",\"publisher\":{\"@id\":\"https:\/\/7culture.ci\/#organization\"},\"potentialAction\":[{\"@type\":\"SearchAction\",\"target\":{\"@type\":\"EntryPoint\",\"urlTemplate\":\"https:\/\/7culture.ci\/?s={search_term_string}\"},\"query-input\":\"required name=search_term_string\"}],\"inLanguage\":\"fr-FR\"},{\"@type\":\"Organization\",\"@id\":\"https:\/\/7culture.ci\/#organization\",\"name\":\"7culture\",\"url\":\"https:\/\/7culture.ci\/\",\"sameAs\":[\"https:\/\/www.facebook.com\/redchefclaude\",\"https:\/\/twitter.com\/7culturec\"],\"logo\":{\"@type\":\"ImageObject\",\"inLanguage\":\"fr-FR\",\"@id\":\"https:\/\/7culture.ci\/#\/schema\/logo\/image\/\",\"url\":\"https:\/\/7culture.ci\/wp-content\/uploads\/2021\/12\/S1a-1.png\",\"contentUrl\":\"https:\/\/7culture.ci\/wp-content\/uploads\/2021\/12\/S1a-1.png\",\"width\":588,\"height\":192,\"caption\":\"7culture\"},\"image\":{\"@id\":\"https:\/\/7culture.ci\/#\/schema\/logo\/image\/\"}},{\"@type\":\"Person\",\"@id\":\"https:\/\/7culture.ci\/#\/schema\/person\/16150d28d7ef66ba788c1f87f28c4426\",\"name\":\"7culture2020\",\"image\":{\"@type\":\"ImageObject\",\"inLanguage\":\"fr-FR\",\"@id\":\"https:\/\/7culture.ci\/#\/schema\/person\/image\/\",\"url\":\"https:\/\/secure.gravatar.com\/avatar\/9a0784f951306c37bcd065f52844ef95?s=96&d=mm&r=g\",\"contentUrl\":\"https:\/\/secure.gravatar.com\/avatar\/9a0784f951306c37bcd065f52844ef95?s=96&d=mm&r=g\",\"caption\":\"7culture2020\"},\"sameAs\":[\"http:\/\/7culture.ci\",\"Claude.kipre\"],\"url\":\"https:\/\/7culture.ci\/index.php\/author\/7culture2020\/\"}]}<\/script>\n<!-- \/ Yoast SEO plugin. -->","yoast_head_json":{"title":"R\u00e9compenses internationales\u00a0: La saison des Nobels s\u2019est ouverte ce jour - 7culture","robots":{"index":"index","follow":"follow","max-snippet":"max-snippet:-1","max-image-preview":"max-image-preview:large","max-video-preview":"max-video-preview:-1"},"canonical":"https:\/\/7culture.ci\/index.php\/2023\/10\/02\/recompenses-internationales-la-saison-des-nobels-sest-ouverte-ce-jour\/","og_locale":"fr_FR","og_type":"article","og_title":"R\u00e9compenses internationales\u00a0: La saison des Nobels s\u2019est ouverte ce jour - 7culture","og_description":"Comme chaque ann\u00e9e, le mois d\u2019octobre rime avec l\u2019ouverture de l\u2019attribution des six prix Nobel. Et comme de coutume, c\u2019est le Nobel de m\u00e9decine qui ouvre, ce lundi 2 octobre 2023, le ballet de ces r\u00e9compenses tant scrut\u00e9es dans le monde. En alternance avec la physiologie, c\u2019est le Nobel de M\u00e9decine qui ouvre la saison &hellip; R\u00e9compenses internationales\u00a0: La saison des Nobels s\u2019est ouverte ce jour Lire la suite\u00a0\u00bb","og_url":"https:\/\/7culture.ci\/index.php\/2023\/10\/02\/recompenses-internationales-la-saison-des-nobels-sest-ouverte-ce-jour\/","og_site_name":"7culture","article_publisher":"https:\/\/www.facebook.com\/redchefclaude","article_published_time":"2023-10-02T12:36:30+00:00","article_modified_time":"2023-10-25T09:46:58+00:00","og_image":[{"width":377,"height":251,"url":"http:\/\/7culture.ci\/wp-content\/uploads\/2023\/10\/Nobel1.jpg","type":"image\/jpeg"}],"author":"7culture2020","twitter_card":"summary_large_image","twitter_creator":"@7culturec","twitter_site":"@7culturec","twitter_misc":{"\u00c9crit par":"7culture2020","Dur\u00e9e de lecture estim\u00e9e":"1 minute"},"schema":{"@context":"https:\/\/schema.org","@graph":[{"@type":"Article","@id":"https:\/\/7culture.ci\/index.php\/2023\/10\/02\/recompenses-internationales-la-saison-des-nobels-sest-ouverte-ce-jour\/#article","isPartOf":{"@id":"https:\/\/7culture.ci\/index.php\/2023\/10\/02\/recompenses-internationales-la-saison-des-nobels-sest-ouverte-ce-jour\/"},"author":{"name":"7culture2020","@id":"https:\/\/7culture.ci\/#\/schema\/person\/16150d28d7ef66ba788c1f87f28c4426"},"headline":"R\u00e9compenses internationales\u00a0: La saison des Nobels s\u2019est ouverte ce jour","datePublished":"2023-10-02T12:36:30+00:00","dateModified":"2023-10-25T09:46:58+00:00","mainEntityOfPage":{"@id":"https:\/\/7culture.ci\/index.php\/2023\/10\/02\/recompenses-internationales-la-saison-des-nobels-sest-ouverte-ce-jour\/"},"wordCount":219,"commentCount":0,"publisher":{"@id":"https:\/\/7culture.ci\/#organization"},"articleSection":["Actualit\u00e9"],"inLanguage":"fr-FR","potentialAction":[{"@type":"CommentAction","name":"Comment","target":["https:\/\/7culture.ci\/index.php\/2023\/10\/02\/recompenses-internationales-la-saison-des-nobels-sest-ouverte-ce-jour\/#respond"]}]},{"@type":"WebPage","@id":"https:\/\/7culture.ci\/index.php\/2023\/10\/02\/recompenses-internationales-la-saison-des-nobels-sest-ouverte-ce-jour\/","url":"https:\/\/7culture.ci\/index.php\/2023\/10\/02\/recompenses-internationales-la-saison-des-nobels-sest-ouverte-ce-jour\/","name":"R\u00e9compenses internationales\u00a0: La saison des Nobels s\u2019est ouverte ce jour - 7culture","isPartOf":{"@id":"https:\/\/7culture.ci\/#website"},"datePublished":"2023-10-02T12:36:30+00:00","dateModified":"2023-10-25T09:46:58+00:00","breadcrumb":{"@id":"https:\/\/7culture.ci\/index.php\/2023\/10\/02\/recompenses-internationales-la-saison-des-nobels-sest-ouverte-ce-jour\/#breadcrumb"},"inLanguage":"fr-FR","potentialAction":[{"@type":"ReadAction","target":["https:\/\/7culture.ci\/index.php\/2023\/10\/02\/recompenses-internationales-la-saison-des-nobels-sest-ouverte-ce-jour\/"]}]},{"@type":"BreadcrumbList","@id":"https:\/\/7culture.ci\/index.php\/2023\/10\/02\/recompenses-internationales-la-saison-des-nobels-sest-ouverte-ce-jour\/#breadcrumb","itemListElement":[{"@type":"ListItem","position":1,"name":"Accueil","item":"https:\/\/7culture.ci\/"},{"@type":"ListItem","position":2,"name":"R\u00e9compenses internationales\u00a0: La saison des Nobels s\u2019est ouverte ce jour"}]},{"@type":"WebSite","@id":"https:\/\/7culture.ci\/#website","url":"https:\/\/7culture.ci\/","name":"7culture","description":"Tout sur l&#039;actualit\u00e9","publisher":{"@id":"https:\/\/7culture.ci\/#organization"},"potentialAction":[{"@type":"SearchAction","target":{"@type":"EntryPoint","urlTemplate":"https:\/\/7culture.ci\/?s={search_term_string}"},"query-input":"required name=search_term_string"}],"inLanguage":"fr-FR"},{"@type":"Organization","@id":"https:\/\/7culture.ci\/#organization","name":"7culture","url":"https:\/\/7culture.ci\/","sameAs":["https:\/\/www.facebook.com\/redchefclaude","https:\/\/twitter.com\/7culturec"],"logo":{"@type":"ImageObject","inLanguage":"fr-FR","@id":"https:\/\/7culture.ci\/#\/schema\/logo\/image\/","url":"https:\/\/7culture.ci\/wp-content\/uploads\/2021\/12\/S1a-1.png","contentUrl":"https:\/\/7culture.ci\/wp-content\/uploads\/2021\/12\/S1a-1.png","width":588,"height":192,"caption":"7culture"},"image":{"@id":"https:\/\/7culture.ci\/#\/schema\/logo\/image\/"}},{"@type":"Person","@id":"https:\/\/7culture.ci\/#\/schema\/person\/16150d28d7ef66ba788c1f87f28c4426","name":"7culture2020","image":{"@type":"ImageObject","inLanguage":"fr-FR","@id":"https:\/\/7culture.ci\/#\/schema\/person\/image\/","url":"https:\/\/secure.gravatar.com\/avatar\/9a0784f951306c37bcd065f52844ef95?s=96&d=mm&r=g","contentUrl":"https:\/\/secure.gravatar.com\/avatar\/9a0784f951306c37bcd065f52844ef95?s=96&d=mm&r=g","caption":"7culture2020"},"sameAs":["http:\/\/7culture.ci","Claude.kipre"],"url":"https:\/\/7culture.ci\/index.php\/author\/7culture2020\/"}]}},"jetpack_featured_media_url":"https:\/\/7culture.ci\/wp-content\/uploads\/2023\/10\/Nobel1.jpg","jetpack_likes_enabled":true,"jetpack_sharing_enabled":true,"_links":{"self":[{"href":"https:\/\/7culture.ci\/index.php\/wp-json\/wp\/v2\/posts\/25748"}],"collection":[{"href":"https:\/\/7culture.ci\/index.php\/wp-json\/wp\/v2\/posts"}],"about":[{"href":"https:\/\/7culture.ci\/index.php\/wp-json\/wp\/v2\/types\/post"}],"author":[{"embeddable":true,"href":"https:\/\/7culture.ci\/index.php\/wp-json\/wp\/v2\/users\/1"}],"replies":[{"embeddable":true,"href":"https:\/\/7culture.ci\/index.php\/wp-json\/wp\/v2\/comments?post=25748"}],"version-history":[{"count":1,"href":"https:\/\/7culture.ci\/index.php\/wp-json\/wp\/v2\/posts\/25748\/revisions"}],"predecessor-version":[{"id":25854,"href":"https:\/\/7culture.ci\/index.php\/wp-json\/wp\/v2\/posts\/25748\/revisions\/25854"}],"wp:featuredmedia":[{"embeddable":true,"href":"https:\/\/7culture.ci\/index.php\/wp-json\/wp\/v2\/media\/25750"}],"wp:attachment":[{"href":"https:\/\/7culture.ci\/index.php\/wp-json\/wp\/v2\/media?parent=25748"}],"wp:term":[{"taxonomy":"category","embeddable":true,"href":"https:\/\/7culture.ci\/index.php\/wp-json\/wp\/v2\/categories?post=25748"},{"taxonomy":"post_tag","embeddable":true,"href":"https:\/\/7culture.ci\/index.php\/wp-json\/wp\/v2\/tags?post=25748"}],"curies":[{"name":"wp","href":"https:\/\/api.w.org\/{rel}","templated":true}]}}