{"id":25734,"date":"2023-10-01T13:17:41","date_gmt":"2023-10-01T13:17:41","guid":{"rendered":"https:\/\/7culture.ci\/?p=25734"},"modified":"2023-10-01T15:45:45","modified_gmt":"2023-10-01T15:45:45","slug":"concert-kajeem-fete-ses-30-ans-de-musique","status":"publish","type":"post","link":"https:\/\/7culture.ci\/index.php\/2023\/10\/01\/concert-kajeem-fete-ses-30-ans-de-musique\/","title":{"rendered":"Concert\u00a0: Kajeem f\u00eate ses 30 ans de musique"},"content":{"rendered":"\n<p>Depuis trente (30) ans, Kajeem d\u00e9verse son flow et ses vibes sur la sc\u00e8ne musicale africaine voire mondiale. Le samedi 7 octobre 2023 \u00e0 20h00 au palais de la culture d\u2019Abidjan-Treichville, le chanteur marquera une halte pour c\u00e9l\u00e9brer ce moment important de sa carri\u00e8re. Il en profitera \u00e9galement pour dire merci \u00e0 fans et \u00e0 tous ceux qui l\u2019ont accompagn\u00e9 durant ces trois d\u00e9cennies musicales. \u00ab&nbsp;<em>Ce sera 2h30 de spectacle avec sa famille artistique, ses collaborations, ses invit\u00e9s. A l&#8217;image de Raggafrika, son dernier album, ce sera une vraie balade musicale entre les genres musicaux. On y c\u00e9l\u00e9brera \u00e9galement les 50 ans du hip hop&nbsp;<\/em>\u00bb, a indiqu\u00e9 Tiecoura Ouattara, collaborateur de l\u2019artiste. Ce concert-anniversaire arrive sept mois apr\u00e8s la sortie de son dernier album \u2018\u2019Raggafrika\u2019\u2019. Ce sont les titres de ce disque qui seront privil\u00e9gi\u00e9s pour ce show in\u00e9dit de celui qui se fait appel\u00e9 \u2018\u2019Le fils de Jah\u2019\u2019. Mais que les fanatiques de Kajeem ne se font pas de souci. Une large place sera accord\u00e9e aux chansons qui ont fait la renomm\u00e9e de Kajeem comme \u2018\u2019Kpakpato\u2019\u2019, \u2018\u2019Marie Jeanne\u2019\u2019, \u2018\u2019 Gnandra\u2019\u2019, \u2018\u2019La voix du ciel\u2019\u2019 ou \u2018\u2019Au pays des merveilles\u2019\u2019.<\/p>\n\n\n\n<p>Tout d\u00e9marre pour Kajeem aux d\u00e9buts des ann\u00e9es 1990 quand il flirtait avec le rap. Il a milit\u00e9 au Mouvement universitaire du rap (Mur). Il \u00e9tait aussi le patron du \u2018\u2019Ngowa Possee\u2019\u2019 dont le quartier g\u00e9n\u00e9ral \u00e9tait le Centre d\u2019actions culturelles d\u2019Abobo. En pleine c\u00e9l\u00e9bration des 50 ans du hip-hop, le reggaeman aura une pens\u00e9e pour ses anciens compagnons.<\/p>\n\n\n\n<p>Guillaume Konan alias Kajeem est un enfant du vieux quartier populaire et populeux d\u2019Abidjan. Il s\u2019est rapidement engag\u00e9 dans la d\u00e9fense des basses classes de la soci\u00e9t\u00e9 durant sa carri\u00e8re. M\u00eame s\u2019il a le message cru, il est rest\u00e9 un artiste aim\u00e9 et tr\u00e8s loin des frasques et clashes qu\u2019on rencontre souvent dans le milieu du show-biz. Sa carri\u00e8re est riche des albums \u2018\u2019Ngowa\u2019\u2019 (le premier en 1997), \u2018\u2019Revelation Time\u2019\u2019, \u2018\u2019Positif\u2019\u2019, \u2018\u2019Gardien du feu\u2019\u2019\u2026 Pendant la f\u00eate de ses 30 ans de carri\u00e8re, Kajeem recevra les hommages du monde culturel. A c\u00f4t\u00e9 de la musique, Kajeem est aussi animateur radio et \u00e9crivain.<\/p>\n\n\n\n<p>DT<\/p>\n","protected":false},"excerpt":{"rendered":"<p>Depuis trente (30) ans, Kajeem d\u00e9verse son flow et ses vibes sur la sc\u00e8ne musicale africaine voire mondiale. Le samedi 7 octobre 2023 \u00e0 20h00 au palais de la culture d\u2019Abidjan-Treichville, le chanteur marquera une halte pour c\u00e9l\u00e9brer ce moment important de sa carri\u00e8re. Il en profitera \u00e9galement pour dire merci \u00e0 fans et \u00e0 &hellip;<\/p>\n<p class=\"read-more\"> <a class=\"\" href=\"https:\/\/7culture.ci\/index.php\/2023\/10\/01\/concert-kajeem-fete-ses-30-ans-de-musique\/\"> <span class=\"screen-reader-text\">Concert\u00a0: Kajeem f\u00eate ses 30 ans de musique<\/span> Lire la suite\u00a0\u00bb<\/a><\/p>\n","protected":false},"author":1,"featured_media":25736,"comment_status":"open","ping_status":"open","sticky":false,"template":"","format":"standard","meta":{"_mi_skip_tracking":false,"_monsterinsights_sitenote_active":false,"_monsterinsights_sitenote_note":"","_monsterinsights_sitenote_category":0,"site-sidebar-layout":"default","site-content-layout":"default","ast-global-header-display":"","ast-main-header-display":"","ast-hfb-above-header-display":"","ast-hfb-below-header-display":"","ast-hfb-mobile-header-display":"","site-post-title":"","ast-breadcrumbs-content":"","ast-featured-img":"","footer-sml-layout":"","theme-transparent-header-meta":"","adv-header-id-meta":"","stick-header-meta":"","header-above-stick-meta":"","header-main-stick-meta":"","header-below-stick-meta":"","footnotes":"","jetpack_publicize_message":"","jetpack_is_tweetstorm":false,"jetpack_publicize_feature_enabled":true},"categories":[16],"tags":[],"jetpack_publicize_connections":[],"acf":[],"aioseo_notices":[],"yoast_head":"<!-- This site is optimized with the Yoast SEO plugin v19.6.1 - https:\/\/yoast.com\/wordpress\/plugins\/seo\/ -->\n<title>Concert\u00a0: Kajeem f\u00eate ses 30 ans de musique - 7culture<\/title>\n<meta name=\"robots\" content=\"index, follow, max-snippet:-1, max-image-preview:large, max-video-preview:-1\" \/>\n<link rel=\"canonical\" href=\"https:\/\/7culture.ci\/index.php\/2023\/10\/01\/concert-kajeem-fete-ses-30-ans-de-musique\/\" \/>\n<meta property=\"og:locale\" content=\"fr_FR\" \/>\n<meta property=\"og:type\" content=\"article\" \/>\n<meta property=\"og:title\" content=\"Concert\u00a0: Kajeem f\u00eate ses 30 ans de musique - 7culture\" \/>\n<meta property=\"og:description\" content=\"Depuis trente (30) ans, Kajeem d\u00e9verse son flow et ses vibes sur la sc\u00e8ne musicale africaine voire mondiale. Le samedi 7 octobre 2023 \u00e0 20h00 au palais de la culture d\u2019Abidjan-Treichville, le chanteur marquera une halte pour c\u00e9l\u00e9brer ce moment important de sa carri\u00e8re. Il en profitera \u00e9galement pour dire merci \u00e0 fans et \u00e0 &hellip; Concert\u00a0: Kajeem f\u00eate ses 30 ans de musique Lire la suite\u00a0\u00bb\" \/>\n<meta property=\"og:url\" content=\"https:\/\/7culture.ci\/index.php\/2023\/10\/01\/concert-kajeem-fete-ses-30-ans-de-musique\/\" \/>\n<meta property=\"og:site_name\" content=\"7culture\" \/>\n<meta property=\"article:publisher\" content=\"https:\/\/www.facebook.com\/redchefclaude\" \/>\n<meta property=\"article:published_time\" content=\"2023-10-01T13:17:41+00:00\" \/>\n<meta property=\"article:modified_time\" content=\"2023-10-01T15:45:45+00:00\" \/>\n<meta property=\"og:image\" content=\"http:\/\/7culture.ci\/wp-content\/uploads\/2023\/10\/Kajeem.jpeg\" \/>\n\t<meta property=\"og:image:width\" content=\"768\" \/>\n\t<meta property=\"og:image:height\" content=\"512\" \/>\n\t<meta property=\"og:image:type\" content=\"image\/jpeg\" \/>\n<meta name=\"author\" content=\"7culture2020\" \/>\n<meta name=\"twitter:card\" content=\"summary_large_image\" \/>\n<meta name=\"twitter:creator\" content=\"@7culturec\" \/>\n<meta name=\"twitter:site\" content=\"@7culturec\" \/>\n<meta name=\"twitter:label1\" content=\"\u00c9crit par\" \/>\n\t<meta name=\"twitter:data1\" content=\"7culture2020\" \/>\n\t<meta name=\"twitter:label2\" content=\"Dur\u00e9e de lecture estim\u00e9e\" \/>\n\t<meta name=\"twitter:data2\" content=\"2 minutes\" \/>\n<script type=\"application\/ld+json\" class=\"yoast-schema-graph\">{\"@context\":\"https:\/\/schema.org\",\"@graph\":[{\"@type\":\"Article\",\"@id\":\"https:\/\/7culture.ci\/index.php\/2023\/10\/01\/concert-kajeem-fete-ses-30-ans-de-musique\/#article\",\"isPartOf\":{\"@id\":\"https:\/\/7culture.ci\/index.php\/2023\/10\/01\/concert-kajeem-fete-ses-30-ans-de-musique\/\"},\"author\":{\"name\":\"7culture2020\",\"@id\":\"https:\/\/7culture.ci\/#\/schema\/person\/16150d28d7ef66ba788c1f87f28c4426\"},\"headline\":\"Concert\u00a0: Kajeem f\u00eate ses 30 ans de musique\",\"datePublished\":\"2023-10-01T13:17:41+00:00\",\"dateModified\":\"2023-10-01T15:45:45+00:00\",\"mainEntityOfPage\":{\"@id\":\"https:\/\/7culture.ci\/index.php\/2023\/10\/01\/concert-kajeem-fete-ses-30-ans-de-musique\/\"},\"wordCount\":391,\"commentCount\":0,\"publisher\":{\"@id\":\"https:\/\/7culture.ci\/#organization\"},\"articleSection\":[\"Musique\"],\"inLanguage\":\"fr-FR\",\"potentialAction\":[{\"@type\":\"CommentAction\",\"name\":\"Comment\",\"target\":[\"https:\/\/7culture.ci\/index.php\/2023\/10\/01\/concert-kajeem-fete-ses-30-ans-de-musique\/#respond\"]}]},{\"@type\":\"WebPage\",\"@id\":\"https:\/\/7culture.ci\/index.php\/2023\/10\/01\/concert-kajeem-fete-ses-30-ans-de-musique\/\",\"url\":\"https:\/\/7culture.ci\/index.php\/2023\/10\/01\/concert-kajeem-fete-ses-30-ans-de-musique\/\",\"name\":\"Concert\u00a0: Kajeem f\u00eate ses 30 ans de musique - 7culture\",\"isPartOf\":{\"@id\":\"https:\/\/7culture.ci\/#website\"},\"datePublished\":\"2023-10-01T13:17:41+00:00\",\"dateModified\":\"2023-10-01T15:45:45+00:00\",\"breadcrumb\":{\"@id\":\"https:\/\/7culture.ci\/index.php\/2023\/10\/01\/concert-kajeem-fete-ses-30-ans-de-musique\/#breadcrumb\"},\"inLanguage\":\"fr-FR\",\"potentialAction\":[{\"@type\":\"ReadAction\",\"target\":[\"https:\/\/7culture.ci\/index.php\/2023\/10\/01\/concert-kajeem-fete-ses-30-ans-de-musique\/\"]}]},{\"@type\":\"BreadcrumbList\",\"@id\":\"https:\/\/7culture.ci\/index.php\/2023\/10\/01\/concert-kajeem-fete-ses-30-ans-de-musique\/#breadcrumb\",\"itemListElement\":[{\"@type\":\"ListItem\",\"position\":1,\"name\":\"Accueil\",\"item\":\"https:\/\/7culture.ci\/\"},{\"@type\":\"ListItem\",\"position\":2,\"name\":\"Concert\u00a0: Kajeem f\u00eate ses 30 ans de musique\"}]},{\"@type\":\"WebSite\",\"@id\":\"https:\/\/7culture.ci\/#website\",\"url\":\"https:\/\/7culture.ci\/\",\"name\":\"7culture\",\"description\":\"Tout sur l&#039;actualit\u00e9\",\"publisher\":{\"@id\":\"https:\/\/7culture.ci\/#organization\"},\"potentialAction\":[{\"@type\":\"SearchAction\",\"target\":{\"@type\":\"EntryPoint\",\"urlTemplate\":\"https:\/\/7culture.ci\/?s={search_term_string}\"},\"query-input\":\"required name=search_term_string\"}],\"inLanguage\":\"fr-FR\"},{\"@type\":\"Organization\",\"@id\":\"https:\/\/7culture.ci\/#organization\",\"name\":\"7culture\",\"url\":\"https:\/\/7culture.ci\/\",\"sameAs\":[\"https:\/\/www.facebook.com\/redchefclaude\",\"https:\/\/twitter.com\/7culturec\"],\"logo\":{\"@type\":\"ImageObject\",\"inLanguage\":\"fr-FR\",\"@id\":\"https:\/\/7culture.ci\/#\/schema\/logo\/image\/\",\"url\":\"https:\/\/7culture.ci\/wp-content\/uploads\/2021\/12\/S1a-1.png\",\"contentUrl\":\"https:\/\/7culture.ci\/wp-content\/uploads\/2021\/12\/S1a-1.png\",\"width\":588,\"height\":192,\"caption\":\"7culture\"},\"image\":{\"@id\":\"https:\/\/7culture.ci\/#\/schema\/logo\/image\/\"}},{\"@type\":\"Person\",\"@id\":\"https:\/\/7culture.ci\/#\/schema\/person\/16150d28d7ef66ba788c1f87f28c4426\",\"name\":\"7culture2020\",\"image\":{\"@type\":\"ImageObject\",\"inLanguage\":\"fr-FR\",\"@id\":\"https:\/\/7culture.ci\/#\/schema\/person\/image\/\",\"url\":\"https:\/\/secure.gravatar.com\/avatar\/9a0784f951306c37bcd065f52844ef95?s=96&d=mm&r=g\",\"contentUrl\":\"https:\/\/secure.gravatar.com\/avatar\/9a0784f951306c37bcd065f52844ef95?s=96&d=mm&r=g\",\"caption\":\"7culture2020\"},\"sameAs\":[\"http:\/\/7culture.ci\",\"Claude.kipre\"],\"url\":\"https:\/\/7culture.ci\/index.php\/author\/7culture2020\/\"}]}<\/script>\n<!-- \/ Yoast SEO plugin. -->","yoast_head_json":{"title":"Concert\u00a0: Kajeem f\u00eate ses 30 ans de musique - 7culture","robots":{"index":"index","follow":"follow","max-snippet":"max-snippet:-1","max-image-preview":"max-image-preview:large","max-video-preview":"max-video-preview:-1"},"canonical":"https:\/\/7culture.ci\/index.php\/2023\/10\/01\/concert-kajeem-fete-ses-30-ans-de-musique\/","og_locale":"fr_FR","og_type":"article","og_title":"Concert\u00a0: Kajeem f\u00eate ses 30 ans de musique - 7culture","og_description":"Depuis trente (30) ans, Kajeem d\u00e9verse son flow et ses vibes sur la sc\u00e8ne musicale africaine voire mondiale. Le samedi 7 octobre 2023 \u00e0 20h00 au palais de la culture d\u2019Abidjan-Treichville, le chanteur marquera une halte pour c\u00e9l\u00e9brer ce moment important de sa carri\u00e8re. Il en profitera \u00e9galement pour dire merci \u00e0 fans et \u00e0 &hellip; Concert\u00a0: Kajeem f\u00eate ses 30 ans de musique Lire la suite\u00a0\u00bb","og_url":"https:\/\/7culture.ci\/index.php\/2023\/10\/01\/concert-kajeem-fete-ses-30-ans-de-musique\/","og_site_name":"7culture","article_publisher":"https:\/\/www.facebook.com\/redchefclaude","article_published_time":"2023-10-01T13:17:41+00:00","article_modified_time":"2023-10-01T15:45:45+00:00","og_image":[{"width":768,"height":512,"url":"http:\/\/7culture.ci\/wp-content\/uploads\/2023\/10\/Kajeem.jpeg","type":"image\/jpeg"}],"author":"7culture2020","twitter_card":"summary_large_image","twitter_creator":"@7culturec","twitter_site":"@7culturec","twitter_misc":{"\u00c9crit par":"7culture2020","Dur\u00e9e de lecture estim\u00e9e":"2 minutes"},"schema":{"@context":"https:\/\/schema.org","@graph":[{"@type":"Article","@id":"https:\/\/7culture.ci\/index.php\/2023\/10\/01\/concert-kajeem-fete-ses-30-ans-de-musique\/#article","isPartOf":{"@id":"https:\/\/7culture.ci\/index.php\/2023\/10\/01\/concert-kajeem-fete-ses-30-ans-de-musique\/"},"author":{"name":"7culture2020","@id":"https:\/\/7culture.ci\/#\/schema\/person\/16150d28d7ef66ba788c1f87f28c4426"},"headline":"Concert\u00a0: Kajeem f\u00eate ses 30 ans de musique","datePublished":"2023-10-01T13:17:41+00:00","dateModified":"2023-10-01T15:45:45+00:00","mainEntityOfPage":{"@id":"https:\/\/7culture.ci\/index.php\/2023\/10\/01\/concert-kajeem-fete-ses-30-ans-de-musique\/"},"wordCount":391,"commentCount":0,"publisher":{"@id":"https:\/\/7culture.ci\/#organization"},"articleSection":["Musique"],"inLanguage":"fr-FR","potentialAction":[{"@type":"CommentAction","name":"Comment","target":["https:\/\/7culture.ci\/index.php\/2023\/10\/01\/concert-kajeem-fete-ses-30-ans-de-musique\/#respond"]}]},{"@type":"WebPage","@id":"https:\/\/7culture.ci\/index.php\/2023\/10\/01\/concert-kajeem-fete-ses-30-ans-de-musique\/","url":"https:\/\/7culture.ci\/index.php\/2023\/10\/01\/concert-kajeem-fete-ses-30-ans-de-musique\/","name":"Concert\u00a0: Kajeem f\u00eate ses 30 ans de musique - 7culture","isPartOf":{"@id":"https:\/\/7culture.ci\/#website"},"datePublished":"2023-10-01T13:17:41+00:00","dateModified":"2023-10-01T15:45:45+00:00","breadcrumb":{"@id":"https:\/\/7culture.ci\/index.php\/2023\/10\/01\/concert-kajeem-fete-ses-30-ans-de-musique\/#breadcrumb"},"inLanguage":"fr-FR","potentialAction":[{"@type":"ReadAction","target":["https:\/\/7culture.ci\/index.php\/2023\/10\/01\/concert-kajeem-fete-ses-30-ans-de-musique\/"]}]},{"@type":"BreadcrumbList","@id":"https:\/\/7culture.ci\/index.php\/2023\/10\/01\/concert-kajeem-fete-ses-30-ans-de-musique\/#breadcrumb","itemListElement":[{"@type":"ListItem","position":1,"name":"Accueil","item":"https:\/\/7culture.ci\/"},{"@type":"ListItem","position":2,"name":"Concert\u00a0: Kajeem f\u00eate ses 30 ans de musique"}]},{"@type":"WebSite","@id":"https:\/\/7culture.ci\/#website","url":"https:\/\/7culture.ci\/","name":"7culture","description":"Tout sur l&#039;actualit\u00e9","publisher":{"@id":"https:\/\/7culture.ci\/#organization"},"potentialAction":[{"@type":"SearchAction","target":{"@type":"EntryPoint","urlTemplate":"https:\/\/7culture.ci\/?s={search_term_string}"},"query-input":"required name=search_term_string"}],"inLanguage":"fr-FR"},{"@type":"Organization","@id":"https:\/\/7culture.ci\/#organization","name":"7culture","url":"https:\/\/7culture.ci\/","sameAs":["https:\/\/www.facebook.com\/redchefclaude","https:\/\/twitter.com\/7culturec"],"logo":{"@type":"ImageObject","inLanguage":"fr-FR","@id":"https:\/\/7culture.ci\/#\/schema\/logo\/image\/","url":"https:\/\/7culture.ci\/wp-content\/uploads\/2021\/12\/S1a-1.png","contentUrl":"https:\/\/7culture.ci\/wp-content\/uploads\/2021\/12\/S1a-1.png","width":588,"height":192,"caption":"7culture"},"image":{"@id":"https:\/\/7culture.ci\/#\/schema\/logo\/image\/"}},{"@type":"Person","@id":"https:\/\/7culture.ci\/#\/schema\/person\/16150d28d7ef66ba788c1f87f28c4426","name":"7culture2020","image":{"@type":"ImageObject","inLanguage":"fr-FR","@id":"https:\/\/7culture.ci\/#\/schema\/person\/image\/","url":"https:\/\/secure.gravatar.com\/avatar\/9a0784f951306c37bcd065f52844ef95?s=96&d=mm&r=g","contentUrl":"https:\/\/secure.gravatar.com\/avatar\/9a0784f951306c37bcd065f52844ef95?s=96&d=mm&r=g","caption":"7culture2020"},"sameAs":["http:\/\/7culture.ci","Claude.kipre"],"url":"https:\/\/7culture.ci\/index.php\/author\/7culture2020\/"}]}},"jetpack_featured_media_url":"https:\/\/7culture.ci\/wp-content\/uploads\/2023\/10\/Kajeem.jpeg","jetpack_likes_enabled":true,"jetpack_sharing_enabled":true,"_links":{"self":[{"href":"https:\/\/7culture.ci\/index.php\/wp-json\/wp\/v2\/posts\/25734"}],"collection":[{"href":"https:\/\/7culture.ci\/index.php\/wp-json\/wp\/v2\/posts"}],"about":[{"href":"https:\/\/7culture.ci\/index.php\/wp-json\/wp\/v2\/types\/post"}],"author":[{"embeddable":true,"href":"https:\/\/7culture.ci\/index.php\/wp-json\/wp\/v2\/users\/1"}],"replies":[{"embeddable":true,"href":"https:\/\/7culture.ci\/index.php\/wp-json\/wp\/v2\/comments?post=25734"}],"version-history":[{"count":0,"href":"https:\/\/7culture.ci\/index.php\/wp-json\/wp\/v2\/posts\/25734\/revisions"}],"wp:featuredmedia":[{"embeddable":true,"href":"https:\/\/7culture.ci\/index.php\/wp-json\/wp\/v2\/media\/25736"}],"wp:attachment":[{"href":"https:\/\/7culture.ci\/index.php\/wp-json\/wp\/v2\/media?parent=25734"}],"wp:term":[{"taxonomy":"category","embeddable":true,"href":"https:\/\/7culture.ci\/index.php\/wp-json\/wp\/v2\/categories?post=25734"},{"taxonomy":"post_tag","embeddable":true,"href":"https:\/\/7culture.ci\/index.php\/wp-json\/wp\/v2\/tags?post=25734"}],"curies":[{"name":"wp","href":"https:\/\/api.w.org\/{rel}","templated":true}]}}