{"id":25718,"date":"2023-09-25T14:39:49","date_gmt":"2023-09-25T14:39:49","guid":{"rendered":"https:\/\/7culture.ci\/?p=25718"},"modified":"2023-09-25T19:32:07","modified_gmt":"2023-09-25T19:32:07","slug":"generations-zouk-40-ans-et-40-tubes-de-zouk-celebres-en-une-soiree-a-abidjan","status":"publish","type":"post","link":"https:\/\/7culture.ci\/index.php\/2023\/09\/25\/generations-zouk-40-ans-et-40-tubes-de-zouk-celebres-en-une-soiree-a-abidjan\/","title":{"rendered":"G\u00e9n\u00e9rations Zouk\u00a0: 40 ans et 40 tubes de zouk c\u00e9l\u00e9br\u00e9s en une soir\u00e9e \u00e0 Abidjan"},"content":{"rendered":"\n<p>Abidjan, la m\u00e9tropole ivoirienne, s\u2019appr\u00eate \u00e0 se rem\u00e9morer les merveilleuses et langoureuses d\u00e9cennies du success-story de la musique zouk en terre africaine. Ce sera \u00e0 l\u2019occasion d\u2019une soir\u00e9e \u00ab inoubliable \u00bb d\u00e9nomm\u00e9 Concert G\u00e9n\u00e9rations Zouk le 3 novembre 2023. \u00ab<em>Faire revivre aux m\u00e9lomanes et aux f\u00e9rus de la musique en C\u00f4te d\u2019Ivoire, la belle \u00e9poque du zouk<\/em> \u00bb. Ainsi se r\u00e9sume la conf\u00e9rence de presse tenue samedi 23 septembre dernier au bar M\u00e9n\u00e9kr\u00e9 Legend \u00e0 la Riviera-Attoban, pour annoncer cet important \u00e9v\u00e9nement.<\/p>\n\n\n\n<figure class=\"wp-block-gallery has-nested-images columns-default is-cropped wp-block-gallery-1 is-layout-flex wp-block-gallery-is-layout-flex\">\n<figure class=\"wp-block-image size-large\"><img loading=\"lazy\" decoding=\"async\" width=\"225\" height=\"225\" data-id=\"25721\" src=\"https:\/\/7culture.ci\/wp-content\/uploads\/2023\/09\/leila-chicot.jpeg\" alt=\"\" class=\"wp-image-25721\" srcset=\"https:\/\/7culture.ci\/wp-content\/uploads\/2023\/09\/leila-chicot.jpeg 225w, https:\/\/7culture.ci\/wp-content\/uploads\/2023\/09\/leila-chicot-150x150.jpeg 150w, https:\/\/7culture.ci\/wp-content\/uploads\/2023\/09\/leila-chicot-65x65.jpeg 65w\" sizes=\"(max-width: 225px) 100vw, 225px\" \/><\/figure>\n\n\n\n<figure class=\"wp-block-image size-large\"><img loading=\"lazy\" decoding=\"async\" width=\"168\" height=\"300\" data-id=\"25723\" src=\"https:\/\/7culture.ci\/wp-content\/uploads\/2023\/09\/leila.jpeg\" alt=\"\" class=\"wp-image-25723\"\/><\/figure>\n\n\n\n<figure class=\"wp-block-image size-large\"><img loading=\"lazy\" decoding=\"async\" width=\"194\" height=\"259\" data-id=\"25722\" src=\"https:\/\/7culture.ci\/wp-content\/uploads\/2023\/09\/T-Cham1.jpeg\" alt=\"\" class=\"wp-image-25722\"\/><\/figure>\n<\/figure>\n\n\n\n<p>Face \u00e0 la presse, le commissaire g\u00e9n\u00e9ral, Mahama Ouattara, aux noms de Ome Groupe et de L2NK Production, les structures organisatrices de \u2018\u2019G\u00e9n\u00e9rations Zouk\u2019\u2019, a dit qu\u2019il s\u2019agit d\u2019offrir aux inconditionnels de cette musique venue des Antilles une occasion de revivre leur passion, et pour les nostalgiques, de se rem\u00e9morer \u00ab le bon vieux temps \u00bb. Le \u2018\u2019Concert G\u00e9n\u00e9rations Zouk\u2019\u2019 aura lieu le vendredi 3 novembre 2023 au palais de la Culture de Treichville. Pour l\u2019occasion, le commissaire g\u00e9n\u00e9ral et son \u00e9quipe ne pouvaient pas faire mieux que de r\u00e9unir sur un m\u00eame podium 14 artistes labellis\u00e9s \u2018\u2019zoukeurs\u2019\u2019 des Antilles et de C\u00f4te d\u2019Ivoire. Notamment&nbsp; Eric Virgal, Harry Diboula, Leila Chicot, Jo\u00eblle Ursule, Thierry Cham, Orlane, Luc L\u00e9andry entre autres\u2026 Auxquels il faut ajouter la reine de l\u2019afro-zouk, l\u2019Ivoirienne Monique S\u00e9ka, le groupe Woya qui sera reconstitu\u00e9 pour l\u2019occasion et Jean Yves C\u00e9bon. Ce sera un total de 40 tubes, pour symboliser les 40 ann\u00e9es de l\u2019apparition du Zouk en C\u00f4te d\u2019Ivoire et en Afrique, que le public de la salle Fran\u00e7ois Lougah-Ernesto Dj\u00e9dj\u00e9 du palais de la culture aura pour se souvenir.<\/p>\n\n\n\n<p>CK<\/p>\n","protected":false},"excerpt":{"rendered":"<p>Abidjan, la m\u00e9tropole ivoirienne, s\u2019appr\u00eate \u00e0 se rem\u00e9morer les merveilleuses et langoureuses d\u00e9cennies du success-story de la musique zouk en terre africaine. Ce sera \u00e0 l\u2019occasion d\u2019une soir\u00e9e \u00ab inoubliable \u00bb d\u00e9nomm\u00e9 Concert G\u00e9n\u00e9rations Zouk le 3 novembre 2023. \u00abFaire revivre aux m\u00e9lomanes et aux f\u00e9rus de la musique en C\u00f4te d\u2019Ivoire, la belle \u00e9poque &hellip;<\/p>\n<p class=\"read-more\"> <a class=\"\" href=\"https:\/\/7culture.ci\/index.php\/2023\/09\/25\/generations-zouk-40-ans-et-40-tubes-de-zouk-celebres-en-une-soiree-a-abidjan\/\"> <span class=\"screen-reader-text\">G\u00e9n\u00e9rations Zouk\u00a0: 40 ans et 40 tubes de zouk c\u00e9l\u00e9br\u00e9s en une soir\u00e9e \u00e0 Abidjan<\/span> Lire la suite\u00a0\u00bb<\/a><\/p>\n","protected":false},"author":1,"featured_media":25720,"comment_status":"open","ping_status":"open","sticky":false,"template":"","format":"standard","meta":{"_mi_skip_tracking":false,"_monsterinsights_sitenote_active":false,"_monsterinsights_sitenote_note":"","_monsterinsights_sitenote_category":0,"site-sidebar-layout":"default","site-content-layout":"default","ast-global-header-display":"","ast-main-header-display":"","ast-hfb-above-header-display":"","ast-hfb-below-header-display":"","ast-hfb-mobile-header-display":"","site-post-title":"","ast-breadcrumbs-content":"","ast-featured-img":"","footer-sml-layout":"","theme-transparent-header-meta":"","adv-header-id-meta":"","stick-header-meta":"","header-above-stick-meta":"","header-main-stick-meta":"","header-below-stick-meta":"","footnotes":"","jetpack_publicize_message":"","jetpack_is_tweetstorm":false,"jetpack_publicize_feature_enabled":true},"categories":[16],"tags":[],"jetpack_publicize_connections":[],"acf":[],"aioseo_notices":[],"yoast_head":"<!-- This site is optimized with the Yoast SEO plugin v19.6.1 - https:\/\/yoast.com\/wordpress\/plugins\/seo\/ -->\n<title>G\u00e9n\u00e9rations Zouk\u00a0: 40 ans et 40 tubes de zouk c\u00e9l\u00e9br\u00e9s en une soir\u00e9e \u00e0 Abidjan - 7culture<\/title>\n<meta name=\"robots\" content=\"index, follow, max-snippet:-1, max-image-preview:large, max-video-preview:-1\" \/>\n<link rel=\"canonical\" href=\"https:\/\/7culture.ci\/index.php\/2023\/09\/25\/generations-zouk-40-ans-et-40-tubes-de-zouk-celebres-en-une-soiree-a-abidjan\/\" \/>\n<meta property=\"og:locale\" content=\"fr_FR\" \/>\n<meta property=\"og:type\" content=\"article\" \/>\n<meta property=\"og:title\" content=\"G\u00e9n\u00e9rations Zouk\u00a0: 40 ans et 40 tubes de zouk c\u00e9l\u00e9br\u00e9s en une soir\u00e9e \u00e0 Abidjan - 7culture\" \/>\n<meta property=\"og:description\" content=\"Abidjan, la m\u00e9tropole ivoirienne, s\u2019appr\u00eate \u00e0 se rem\u00e9morer les merveilleuses et langoureuses d\u00e9cennies du success-story de la musique zouk en terre africaine. Ce sera \u00e0 l\u2019occasion d\u2019une soir\u00e9e \u00ab inoubliable \u00bb d\u00e9nomm\u00e9 Concert G\u00e9n\u00e9rations Zouk le 3 novembre 2023. \u00abFaire revivre aux m\u00e9lomanes et aux f\u00e9rus de la musique en C\u00f4te d\u2019Ivoire, la belle \u00e9poque &hellip; G\u00e9n\u00e9rations Zouk\u00a0: 40 ans et 40 tubes de zouk c\u00e9l\u00e9br\u00e9s en une soir\u00e9e \u00e0 Abidjan Lire la suite\u00a0\u00bb\" \/>\n<meta property=\"og:url\" content=\"https:\/\/7culture.ci\/index.php\/2023\/09\/25\/generations-zouk-40-ans-et-40-tubes-de-zouk-celebres-en-une-soiree-a-abidjan\/\" \/>\n<meta property=\"og:site_name\" content=\"7culture\" \/>\n<meta property=\"article:publisher\" content=\"https:\/\/www.facebook.com\/redchefclaude\" \/>\n<meta property=\"article:published_time\" content=\"2023-09-25T14:39:49+00:00\" \/>\n<meta property=\"article:modified_time\" content=\"2023-09-25T19:32:07+00:00\" \/>\n<meta property=\"og:image\" content=\"http:\/\/7culture.ci\/wp-content\/uploads\/2023\/09\/virgal.jpeg\" \/>\n\t<meta property=\"og:image:width\" content=\"400\" \/>\n\t<meta property=\"og:image:height\" content=\"400\" \/>\n\t<meta property=\"og:image:type\" content=\"image\/jpeg\" \/>\n<meta name=\"author\" content=\"7culture2020\" \/>\n<meta name=\"twitter:card\" content=\"summary_large_image\" \/>\n<meta name=\"twitter:creator\" content=\"@7culturec\" \/>\n<meta name=\"twitter:site\" content=\"@7culturec\" \/>\n<meta name=\"twitter:label1\" content=\"\u00c9crit par\" \/>\n\t<meta name=\"twitter:data1\" content=\"7culture2020\" \/>\n\t<meta name=\"twitter:label2\" content=\"Dur\u00e9e de lecture estim\u00e9e\" \/>\n\t<meta name=\"twitter:data2\" content=\"2 minutes\" \/>\n<script type=\"application\/ld+json\" class=\"yoast-schema-graph\">{\"@context\":\"https:\/\/schema.org\",\"@graph\":[{\"@type\":\"Article\",\"@id\":\"https:\/\/7culture.ci\/index.php\/2023\/09\/25\/generations-zouk-40-ans-et-40-tubes-de-zouk-celebres-en-une-soiree-a-abidjan\/#article\",\"isPartOf\":{\"@id\":\"https:\/\/7culture.ci\/index.php\/2023\/09\/25\/generations-zouk-40-ans-et-40-tubes-de-zouk-celebres-en-une-soiree-a-abidjan\/\"},\"author\":{\"name\":\"7culture2020\",\"@id\":\"https:\/\/7culture.ci\/#\/schema\/person\/16150d28d7ef66ba788c1f87f28c4426\"},\"headline\":\"G\u00e9n\u00e9rations Zouk\u00a0: 40 ans et 40 tubes de zouk c\u00e9l\u00e9br\u00e9s en une soir\u00e9e \u00e0 Abidjan\",\"datePublished\":\"2023-09-25T14:39:49+00:00\",\"dateModified\":\"2023-09-25T19:32:07+00:00\",\"mainEntityOfPage\":{\"@id\":\"https:\/\/7culture.ci\/index.php\/2023\/09\/25\/generations-zouk-40-ans-et-40-tubes-de-zouk-celebres-en-une-soiree-a-abidjan\/\"},\"wordCount\":320,\"commentCount\":0,\"publisher\":{\"@id\":\"https:\/\/7culture.ci\/#organization\"},\"articleSection\":[\"Musique\"],\"inLanguage\":\"fr-FR\",\"potentialAction\":[{\"@type\":\"CommentAction\",\"name\":\"Comment\",\"target\":[\"https:\/\/7culture.ci\/index.php\/2023\/09\/25\/generations-zouk-40-ans-et-40-tubes-de-zouk-celebres-en-une-soiree-a-abidjan\/#respond\"]}]},{\"@type\":\"WebPage\",\"@id\":\"https:\/\/7culture.ci\/index.php\/2023\/09\/25\/generations-zouk-40-ans-et-40-tubes-de-zouk-celebres-en-une-soiree-a-abidjan\/\",\"url\":\"https:\/\/7culture.ci\/index.php\/2023\/09\/25\/generations-zouk-40-ans-et-40-tubes-de-zouk-celebres-en-une-soiree-a-abidjan\/\",\"name\":\"G\u00e9n\u00e9rations Zouk\u00a0: 40 ans et 40 tubes de zouk c\u00e9l\u00e9br\u00e9s en une soir\u00e9e \u00e0 Abidjan - 7culture\",\"isPartOf\":{\"@id\":\"https:\/\/7culture.ci\/#website\"},\"datePublished\":\"2023-09-25T14:39:49+00:00\",\"dateModified\":\"2023-09-25T19:32:07+00:00\",\"breadcrumb\":{\"@id\":\"https:\/\/7culture.ci\/index.php\/2023\/09\/25\/generations-zouk-40-ans-et-40-tubes-de-zouk-celebres-en-une-soiree-a-abidjan\/#breadcrumb\"},\"inLanguage\":\"fr-FR\",\"potentialAction\":[{\"@type\":\"ReadAction\",\"target\":[\"https:\/\/7culture.ci\/index.php\/2023\/09\/25\/generations-zouk-40-ans-et-40-tubes-de-zouk-celebres-en-une-soiree-a-abidjan\/\"]}]},{\"@type\":\"BreadcrumbList\",\"@id\":\"https:\/\/7culture.ci\/index.php\/2023\/09\/25\/generations-zouk-40-ans-et-40-tubes-de-zouk-celebres-en-une-soiree-a-abidjan\/#breadcrumb\",\"itemListElement\":[{\"@type\":\"ListItem\",\"position\":1,\"name\":\"Accueil\",\"item\":\"https:\/\/7culture.ci\/\"},{\"@type\":\"ListItem\",\"position\":2,\"name\":\"G\u00e9n\u00e9rations Zouk\u00a0: 40 ans et 40 tubes de zouk c\u00e9l\u00e9br\u00e9s en une soir\u00e9e \u00e0 Abidjan\"}]},{\"@type\":\"WebSite\",\"@id\":\"https:\/\/7culture.ci\/#website\",\"url\":\"https:\/\/7culture.ci\/\",\"name\":\"7culture\",\"description\":\"Tout sur l&#039;actualit\u00e9\",\"publisher\":{\"@id\":\"https:\/\/7culture.ci\/#organization\"},\"potentialAction\":[{\"@type\":\"SearchAction\",\"target\":{\"@type\":\"EntryPoint\",\"urlTemplate\":\"https:\/\/7culture.ci\/?s={search_term_string}\"},\"query-input\":\"required name=search_term_string\"}],\"inLanguage\":\"fr-FR\"},{\"@type\":\"Organization\",\"@id\":\"https:\/\/7culture.ci\/#organization\",\"name\":\"7culture\",\"url\":\"https:\/\/7culture.ci\/\",\"sameAs\":[\"https:\/\/www.facebook.com\/redchefclaude\",\"https:\/\/twitter.com\/7culturec\"],\"logo\":{\"@type\":\"ImageObject\",\"inLanguage\":\"fr-FR\",\"@id\":\"https:\/\/7culture.ci\/#\/schema\/logo\/image\/\",\"url\":\"https:\/\/7culture.ci\/wp-content\/uploads\/2021\/12\/S1a-1.png\",\"contentUrl\":\"https:\/\/7culture.ci\/wp-content\/uploads\/2021\/12\/S1a-1.png\",\"width\":588,\"height\":192,\"caption\":\"7culture\"},\"image\":{\"@id\":\"https:\/\/7culture.ci\/#\/schema\/logo\/image\/\"}},{\"@type\":\"Person\",\"@id\":\"https:\/\/7culture.ci\/#\/schema\/person\/16150d28d7ef66ba788c1f87f28c4426\",\"name\":\"7culture2020\",\"image\":{\"@type\":\"ImageObject\",\"inLanguage\":\"fr-FR\",\"@id\":\"https:\/\/7culture.ci\/#\/schema\/person\/image\/\",\"url\":\"https:\/\/secure.gravatar.com\/avatar\/9a0784f951306c37bcd065f52844ef95?s=96&d=mm&r=g\",\"contentUrl\":\"https:\/\/secure.gravatar.com\/avatar\/9a0784f951306c37bcd065f52844ef95?s=96&d=mm&r=g\",\"caption\":\"7culture2020\"},\"sameAs\":[\"http:\/\/7culture.ci\",\"Claude.kipre\"],\"url\":\"https:\/\/7culture.ci\/index.php\/author\/7culture2020\/\"}]}<\/script>\n<!-- \/ Yoast SEO plugin. -->","yoast_head_json":{"title":"G\u00e9n\u00e9rations Zouk\u00a0: 40 ans et 40 tubes de zouk c\u00e9l\u00e9br\u00e9s en une soir\u00e9e \u00e0 Abidjan - 7culture","robots":{"index":"index","follow":"follow","max-snippet":"max-snippet:-1","max-image-preview":"max-image-preview:large","max-video-preview":"max-video-preview:-1"},"canonical":"https:\/\/7culture.ci\/index.php\/2023\/09\/25\/generations-zouk-40-ans-et-40-tubes-de-zouk-celebres-en-une-soiree-a-abidjan\/","og_locale":"fr_FR","og_type":"article","og_title":"G\u00e9n\u00e9rations Zouk\u00a0: 40 ans et 40 tubes de zouk c\u00e9l\u00e9br\u00e9s en une soir\u00e9e \u00e0 Abidjan - 7culture","og_description":"Abidjan, la m\u00e9tropole ivoirienne, s\u2019appr\u00eate \u00e0 se rem\u00e9morer les merveilleuses et langoureuses d\u00e9cennies du success-story de la musique zouk en terre africaine. Ce sera \u00e0 l\u2019occasion d\u2019une soir\u00e9e \u00ab inoubliable \u00bb d\u00e9nomm\u00e9 Concert G\u00e9n\u00e9rations Zouk le 3 novembre 2023. \u00abFaire revivre aux m\u00e9lomanes et aux f\u00e9rus de la musique en C\u00f4te d\u2019Ivoire, la belle \u00e9poque &hellip; G\u00e9n\u00e9rations Zouk\u00a0: 40 ans et 40 tubes de zouk c\u00e9l\u00e9br\u00e9s en une soir\u00e9e \u00e0 Abidjan Lire la suite\u00a0\u00bb","og_url":"https:\/\/7culture.ci\/index.php\/2023\/09\/25\/generations-zouk-40-ans-et-40-tubes-de-zouk-celebres-en-une-soiree-a-abidjan\/","og_site_name":"7culture","article_publisher":"https:\/\/www.facebook.com\/redchefclaude","article_published_time":"2023-09-25T14:39:49+00:00","article_modified_time":"2023-09-25T19:32:07+00:00","og_image":[{"width":400,"height":400,"url":"http:\/\/7culture.ci\/wp-content\/uploads\/2023\/09\/virgal.jpeg","type":"image\/jpeg"}],"author":"7culture2020","twitter_card":"summary_large_image","twitter_creator":"@7culturec","twitter_site":"@7culturec","twitter_misc":{"\u00c9crit par":"7culture2020","Dur\u00e9e de lecture estim\u00e9e":"2 minutes"},"schema":{"@context":"https:\/\/schema.org","@graph":[{"@type":"Article","@id":"https:\/\/7culture.ci\/index.php\/2023\/09\/25\/generations-zouk-40-ans-et-40-tubes-de-zouk-celebres-en-une-soiree-a-abidjan\/#article","isPartOf":{"@id":"https:\/\/7culture.ci\/index.php\/2023\/09\/25\/generations-zouk-40-ans-et-40-tubes-de-zouk-celebres-en-une-soiree-a-abidjan\/"},"author":{"name":"7culture2020","@id":"https:\/\/7culture.ci\/#\/schema\/person\/16150d28d7ef66ba788c1f87f28c4426"},"headline":"G\u00e9n\u00e9rations Zouk\u00a0: 40 ans et 40 tubes de zouk c\u00e9l\u00e9br\u00e9s en une soir\u00e9e \u00e0 Abidjan","datePublished":"2023-09-25T14:39:49+00:00","dateModified":"2023-09-25T19:32:07+00:00","mainEntityOfPage":{"@id":"https:\/\/7culture.ci\/index.php\/2023\/09\/25\/generations-zouk-40-ans-et-40-tubes-de-zouk-celebres-en-une-soiree-a-abidjan\/"},"wordCount":320,"commentCount":0,"publisher":{"@id":"https:\/\/7culture.ci\/#organization"},"articleSection":["Musique"],"inLanguage":"fr-FR","potentialAction":[{"@type":"CommentAction","name":"Comment","target":["https:\/\/7culture.ci\/index.php\/2023\/09\/25\/generations-zouk-40-ans-et-40-tubes-de-zouk-celebres-en-une-soiree-a-abidjan\/#respond"]}]},{"@type":"WebPage","@id":"https:\/\/7culture.ci\/index.php\/2023\/09\/25\/generations-zouk-40-ans-et-40-tubes-de-zouk-celebres-en-une-soiree-a-abidjan\/","url":"https:\/\/7culture.ci\/index.php\/2023\/09\/25\/generations-zouk-40-ans-et-40-tubes-de-zouk-celebres-en-une-soiree-a-abidjan\/","name":"G\u00e9n\u00e9rations Zouk\u00a0: 40 ans et 40 tubes de zouk c\u00e9l\u00e9br\u00e9s en une soir\u00e9e \u00e0 Abidjan - 7culture","isPartOf":{"@id":"https:\/\/7culture.ci\/#website"},"datePublished":"2023-09-25T14:39:49+00:00","dateModified":"2023-09-25T19:32:07+00:00","breadcrumb":{"@id":"https:\/\/7culture.ci\/index.php\/2023\/09\/25\/generations-zouk-40-ans-et-40-tubes-de-zouk-celebres-en-une-soiree-a-abidjan\/#breadcrumb"},"inLanguage":"fr-FR","potentialAction":[{"@type":"ReadAction","target":["https:\/\/7culture.ci\/index.php\/2023\/09\/25\/generations-zouk-40-ans-et-40-tubes-de-zouk-celebres-en-une-soiree-a-abidjan\/"]}]},{"@type":"BreadcrumbList","@id":"https:\/\/7culture.ci\/index.php\/2023\/09\/25\/generations-zouk-40-ans-et-40-tubes-de-zouk-celebres-en-une-soiree-a-abidjan\/#breadcrumb","itemListElement":[{"@type":"ListItem","position":1,"name":"Accueil","item":"https:\/\/7culture.ci\/"},{"@type":"ListItem","position":2,"name":"G\u00e9n\u00e9rations Zouk\u00a0: 40 ans et 40 tubes de zouk c\u00e9l\u00e9br\u00e9s en une soir\u00e9e \u00e0 Abidjan"}]},{"@type":"WebSite","@id":"https:\/\/7culture.ci\/#website","url":"https:\/\/7culture.ci\/","name":"7culture","description":"Tout sur l&#039;actualit\u00e9","publisher":{"@id":"https:\/\/7culture.ci\/#organization"},"potentialAction":[{"@type":"SearchAction","target":{"@type":"EntryPoint","urlTemplate":"https:\/\/7culture.ci\/?s={search_term_string}"},"query-input":"required name=search_term_string"}],"inLanguage":"fr-FR"},{"@type":"Organization","@id":"https:\/\/7culture.ci\/#organization","name":"7culture","url":"https:\/\/7culture.ci\/","sameAs":["https:\/\/www.facebook.com\/redchefclaude","https:\/\/twitter.com\/7culturec"],"logo":{"@type":"ImageObject","inLanguage":"fr-FR","@id":"https:\/\/7culture.ci\/#\/schema\/logo\/image\/","url":"https:\/\/7culture.ci\/wp-content\/uploads\/2021\/12\/S1a-1.png","contentUrl":"https:\/\/7culture.ci\/wp-content\/uploads\/2021\/12\/S1a-1.png","width":588,"height":192,"caption":"7culture"},"image":{"@id":"https:\/\/7culture.ci\/#\/schema\/logo\/image\/"}},{"@type":"Person","@id":"https:\/\/7culture.ci\/#\/schema\/person\/16150d28d7ef66ba788c1f87f28c4426","name":"7culture2020","image":{"@type":"ImageObject","inLanguage":"fr-FR","@id":"https:\/\/7culture.ci\/#\/schema\/person\/image\/","url":"https:\/\/secure.gravatar.com\/avatar\/9a0784f951306c37bcd065f52844ef95?s=96&d=mm&r=g","contentUrl":"https:\/\/secure.gravatar.com\/avatar\/9a0784f951306c37bcd065f52844ef95?s=96&d=mm&r=g","caption":"7culture2020"},"sameAs":["http:\/\/7culture.ci","Claude.kipre"],"url":"https:\/\/7culture.ci\/index.php\/author\/7culture2020\/"}]}},"jetpack_featured_media_url":"https:\/\/7culture.ci\/wp-content\/uploads\/2023\/09\/virgal.jpeg","jetpack_likes_enabled":true,"jetpack_sharing_enabled":true,"_links":{"self":[{"href":"https:\/\/7culture.ci\/index.php\/wp-json\/wp\/v2\/posts\/25718"}],"collection":[{"href":"https:\/\/7culture.ci\/index.php\/wp-json\/wp\/v2\/posts"}],"about":[{"href":"https:\/\/7culture.ci\/index.php\/wp-json\/wp\/v2\/types\/post"}],"author":[{"embeddable":true,"href":"https:\/\/7culture.ci\/index.php\/wp-json\/wp\/v2\/users\/1"}],"replies":[{"embeddable":true,"href":"https:\/\/7culture.ci\/index.php\/wp-json\/wp\/v2\/comments?post=25718"}],"version-history":[{"count":0,"href":"https:\/\/7culture.ci\/index.php\/wp-json\/wp\/v2\/posts\/25718\/revisions"}],"wp:featuredmedia":[{"embeddable":true,"href":"https:\/\/7culture.ci\/index.php\/wp-json\/wp\/v2\/media\/25720"}],"wp:attachment":[{"href":"https:\/\/7culture.ci\/index.php\/wp-json\/wp\/v2\/media?parent=25718"}],"wp:term":[{"taxonomy":"category","embeddable":true,"href":"https:\/\/7culture.ci\/index.php\/wp-json\/wp\/v2\/categories?post=25718"},{"taxonomy":"post_tag","embeddable":true,"href":"https:\/\/7culture.ci\/index.php\/wp-json\/wp\/v2\/tags?post=25718"}],"curies":[{"name":"wp","href":"https:\/\/api.w.org\/{rel}","templated":true}]}}