{"id":25708,"date":"2023-09-22T20:21:31","date_gmt":"2023-09-22T20:21:31","guid":{"rendered":"https:\/\/7culture.ci\/?p=25708"},"modified":"2023-09-25T14:46:44","modified_gmt":"2023-09-25T14:46:44","slug":"can-2023-depuis-paris-le-collectif-ziguehi-chante-elephant-sans-ayohi-on-prend-can-la","status":"publish","type":"post","link":"https:\/\/7culture.ci\/index.php\/2023\/09\/22\/can-2023-depuis-paris-le-collectif-ziguehi-chante-elephant-sans-ayohi-on-prend-can-la\/","title":{"rendered":"CAN 2023\/Depuis Paris, le Collectif Zigu\u00e9hi chante: \u00ab\u00a0El\u00e9phant, sans ayohi, on prend Can-l\u00e0 !\u00a0\u00bb"},"content":{"rendered":"\n<p><strong><em>Des artistes ivoiriens regroup\u00e9s sous l\u2019appellation \u2018\u2019Collectif Zigu\u00e9hi 225\u2019\u2019, issus du mouvement Zigu\u00e9hi et de sa tendance musicale, sous la houlette du chanteur Jacky Lolo bas\u00e9 \u00e0 Paris, s\u2019appr\u00eatent \u00e0 publier au mois d\u2019octobre un single de soutien aux El\u00e9phants baptis\u00e9 \u2018\u2019O.B.V 2024-El\u00e9phant conna\u00eet ballon\u2019\u2019, en vue de la CAN 2023 en C\u00f4te d\u2019Ivoire.&nbsp;&nbsp;&nbsp;&nbsp;&nbsp;&nbsp;&nbsp;&nbsp;<\/em><\/strong><\/p>\n\n\n\n<p>Les jours s\u2019\u00e9gr\u00e8nent. La CAN 2023 pr\u00e9vue du 13 janvier au 11 f\u00e9vrier en C\u00f4te d\u2019Ivoire arrive \u00e0 grands pas. C\u2019est la fr\u00e9n\u00e9sie. Il y a l\u2019effervescence partout. Et les artistes ivoiriens ne sont pas en reste. A l\u2019image du \u2018<strong>\u2019Collectif Zigu\u00e9hi 225\u2019\u2019<\/strong>, constitu\u00e9 d\u2019artistes adeptes du \u2018\u2019mouvement\u2019\u2019 et de la tendance musicale Zigu\u00e9hi, qui, sous la houlette du chanteur Jacky Lolo bas\u00e9 \u00e0 Paris, s\u2019appr\u00eate \u00e0 publier au mois d\u2019octobre une chanson de soutien aux El\u00e9phants, baptis\u00e9 <strong>\u2018<\/strong><em>\u2019O.B.V 2024-El\u00e9phant conna\u00eet ballon<\/em><strong>\u2019\u2019<\/strong>.<\/p>\n\n\n\n<figure class=\"wp-block-gallery has-nested-images columns-default is-cropped wp-block-gallery-1 is-layout-flex wp-block-gallery-is-layout-flex\">\n<figure class=\"wp-block-image size-large\"><img loading=\"lazy\" decoding=\"async\" width=\"718\" height=\"1024\" data-id=\"25713\" src=\"https:\/\/7culture.ci\/wp-content\/uploads\/2023\/09\/WhatsApp-Image-2023-09-22-at-16.13.26-1-718x1024.jpeg\" alt=\"\" class=\"wp-image-25713\" srcset=\"https:\/\/7culture.ci\/wp-content\/uploads\/2023\/09\/WhatsApp-Image-2023-09-22-at-16.13.26-1-718x1024.jpeg 718w, https:\/\/7culture.ci\/wp-content\/uploads\/2023\/09\/WhatsApp-Image-2023-09-22-at-16.13.26-1-210x300.jpeg 210w, https:\/\/7culture.ci\/wp-content\/uploads\/2023\/09\/WhatsApp-Image-2023-09-22-at-16.13.26-1-768x1095.jpeg 768w, https:\/\/7culture.ci\/wp-content\/uploads\/2023\/09\/WhatsApp-Image-2023-09-22-at-16.13.26-1.jpeg 980w\" sizes=\"(max-width: 718px) 100vw, 718px\" \/><\/figure>\n\n\n\n<figure class=\"wp-block-image size-large\"><img loading=\"lazy\" decoding=\"async\" width=\"659\" height=\"1024\" data-id=\"25712\" src=\"https:\/\/7culture.ci\/wp-content\/uploads\/2023\/09\/WhatsApp-Image-2023-09-22-at-16.13.27-1-659x1024.jpeg\" alt=\"\" class=\"wp-image-25712\" srcset=\"https:\/\/7culture.ci\/wp-content\/uploads\/2023\/09\/WhatsApp-Image-2023-09-22-at-16.13.27-1-659x1024.jpeg 659w, https:\/\/7culture.ci\/wp-content\/uploads\/2023\/09\/WhatsApp-Image-2023-09-22-at-16.13.27-1-193x300.jpeg 193w, https:\/\/7culture.ci\/wp-content\/uploads\/2023\/09\/WhatsApp-Image-2023-09-22-at-16.13.27-1-768x1194.jpeg 768w, https:\/\/7culture.ci\/wp-content\/uploads\/2023\/09\/WhatsApp-Image-2023-09-22-at-16.13.27-1.jpeg 971w\" sizes=\"(max-width: 659px) 100vw, 659px\" \/><\/figure>\n\n\n\n<figure class=\"wp-block-image size-large\"><img loading=\"lazy\" decoding=\"async\" width=\"587\" height=\"1024\" data-id=\"25711\" src=\"https:\/\/7culture.ci\/wp-content\/uploads\/2023\/09\/WhatsApp-Image-2023-09-22-at-16.13.27-3-587x1024.jpeg\" alt=\"\" class=\"wp-image-25711\" srcset=\"https:\/\/7culture.ci\/wp-content\/uploads\/2023\/09\/WhatsApp-Image-2023-09-22-at-16.13.27-3-587x1024.jpeg 587w, https:\/\/7culture.ci\/wp-content\/uploads\/2023\/09\/WhatsApp-Image-2023-09-22-at-16.13.27-3-172x300.jpeg 172w, https:\/\/7culture.ci\/wp-content\/uploads\/2023\/09\/WhatsApp-Image-2023-09-22-at-16.13.27-3-768x1340.jpeg 768w, https:\/\/7culture.ci\/wp-content\/uploads\/2023\/09\/WhatsApp-Image-2023-09-22-at-16.13.27-3-880x1536.jpeg 880w, https:\/\/7culture.ci\/wp-content\/uploads\/2023\/09\/WhatsApp-Image-2023-09-22-at-16.13.27-3.jpeg 920w\" sizes=\"(max-width: 587px) 100vw, 587px\" \/><\/figure>\n<\/figure>\n\n\n\n<p><strong><em>\u00ab&nbsp;Avec des amis artistes Zigu\u00e9hi de Paris et d\u2019Abidjan, c\u2019est notre fa\u00e7on \u00e0 nous de soutenir nos El\u00e9phants \u00e0 l\u2019occasion de cette CAN, qui se d\u00e9roule chez nous. Nous sommes des patriotes. C\u2019est notre contribution \u00e0 la r\u00e9ussite de cet \u00e9v\u00e8nement et \u00e0 la victoire finale des El\u00e9phants&nbsp;\u00bb,<\/em><\/strong> explique par t\u00e9l\u00e9phone depuis Paris Jacky Lolo, ex-membre de duo Zigu\u00e9hi \u2018\u2019Jacky Lolo-Nicky Nick\u2019\u2019, initiateur du projet. Avant de pr\u00e9ciser&nbsp;: <strong><em>\u00ab&nbsp;Il y a quelques semaines \u00e0 Paris, nous avons proc\u00e9d\u00e9 aux prises de voix au studio \u2018\u2019Jah Glory\u2019\u2019 du reggaeman ivoirien Pablo U-Wa, situ\u00e9 \u00e0 Noisy-Le-Grand. Avec la participation des artistes Marco Wahi alias Black Kamada, Denski Jaguar, R\u00e9el Djidji, Kalis C\u00f4te d\u2019Ivoire, Sylla Tie et moi-m\u00eame. Le tout a \u00e9t\u00e9 ensuite transmis \u00e0 Abidjan \u00e0 notre arrangeur Kakou Honor\u00e9 Pacora. Qui \u00e0 son tour, a re\u00e7u les chanteurs Randy Christ (ex-Groove Makers), Jazz le charmeur et Tony Logobi dans son studio \u2018\u2019Ave Maria\u2019\u2019 \u00e0 Yopougon-toits rouges, pour leurs prises de voix. Avant de finaliser le travail&nbsp;\u00bb.<\/em><\/strong><\/p>\n\n\n\n<figure class=\"wp-block-gallery has-nested-images columns-default is-cropped wp-block-gallery-2 is-layout-flex wp-block-gallery-is-layout-flex\">\n<figure class=\"wp-block-image size-large\"><img loading=\"lazy\" decoding=\"async\" width=\"771\" height=\"1024\" data-id=\"25716\" src=\"https:\/\/7culture.ci\/wp-content\/uploads\/2023\/09\/WhatsApp-Image-2023-09-22-at-16.13.27-771x1024.jpeg\" alt=\"\" class=\"wp-image-25716\" srcset=\"https:\/\/7culture.ci\/wp-content\/uploads\/2023\/09\/WhatsApp-Image-2023-09-22-at-16.13.27-771x1024.jpeg 771w, https:\/\/7culture.ci\/wp-content\/uploads\/2023\/09\/WhatsApp-Image-2023-09-22-at-16.13.27-226x300.jpeg 226w, https:\/\/7culture.ci\/wp-content\/uploads\/2023\/09\/WhatsApp-Image-2023-09-22-at-16.13.27-768x1020.jpeg 768w, https:\/\/7culture.ci\/wp-content\/uploads\/2023\/09\/WhatsApp-Image-2023-09-22-at-16.13.27.jpeg 980w\" sizes=\"(max-width: 771px) 100vw, 771px\" \/><\/figure>\n\n\n\n<figure class=\"wp-block-image size-large\"><img loading=\"lazy\" decoding=\"async\" width=\"498\" height=\"1024\" data-id=\"25714\" src=\"https:\/\/7culture.ci\/wp-content\/uploads\/2023\/09\/WhatsApp-Image-2023-09-22-at-16.13.28-1-498x1024.jpeg\" alt=\"\" class=\"wp-image-25714\" srcset=\"https:\/\/7culture.ci\/wp-content\/uploads\/2023\/09\/WhatsApp-Image-2023-09-22-at-16.13.28-1-498x1024.jpeg 498w, https:\/\/7culture.ci\/wp-content\/uploads\/2023\/09\/WhatsApp-Image-2023-09-22-at-16.13.28-1-146x300.jpeg 146w, https:\/\/7culture.ci\/wp-content\/uploads\/2023\/09\/WhatsApp-Image-2023-09-22-at-16.13.28-1-768x1581.jpeg 768w, https:\/\/7culture.ci\/wp-content\/uploads\/2023\/09\/WhatsApp-Image-2023-09-22-at-16.13.28-1-746x1536.jpeg 746w, https:\/\/7culture.ci\/wp-content\/uploads\/2023\/09\/WhatsApp-Image-2023-09-22-at-16.13.28-1.jpeg 995w\" sizes=\"(max-width: 498px) 100vw, 498px\" \/><\/figure>\n\n\n\n<figure class=\"wp-block-image size-large\"><img loading=\"lazy\" decoding=\"async\" width=\"734\" height=\"1024\" data-id=\"25715\" src=\"https:\/\/7culture.ci\/wp-content\/uploads\/2023\/09\/WhatsApp-Image-2023-09-22-at-16.13.28-734x1024.jpeg\" alt=\"\" class=\"wp-image-25715\" srcset=\"https:\/\/7culture.ci\/wp-content\/uploads\/2023\/09\/WhatsApp-Image-2023-09-22-at-16.13.28-734x1024.jpeg 734w, https:\/\/7culture.ci\/wp-content\/uploads\/2023\/09\/WhatsApp-Image-2023-09-22-at-16.13.28-215x300.jpeg 215w, https:\/\/7culture.ci\/wp-content\/uploads\/2023\/09\/WhatsApp-Image-2023-09-22-at-16.13.28-768x1071.jpeg 768w, https:\/\/7culture.ci\/wp-content\/uploads\/2023\/09\/WhatsApp-Image-2023-09-22-at-16.13.28.jpeg 956w\" sizes=\"(max-width: 734px) 100vw, 734px\" \/><\/figure>\n<\/figure>\n\n\n\n<p>Le r\u00e9sultat avec des textes en Noussi, Fran\u00e7ais, Dioula, B\u00e9t\u00e9, Baoul\u00e9 et Adioukrou sur fond d\u2019Agnangnan et de fanfare, est un opus nectarif\u00e8re, qui donnera \u00e0 coup s\u00fbr du tonus aux El\u00e9phants durant cette CAN. Et rythmera les cris de joie des supporters ivoiriens sur les stades et dans les fan-zones, \u00e0 chaque des El\u00e9phants. La chanson ne dit-elle pas d\u2019ailleurs <em>\u2018\u2019El\u00e9phant conna\u00eet ballon, y a fohi, sans ayohi, on prend CAN-l\u00e0 (\u2026)\u2019\u2019<\/em>.<\/p>\n\n\n\n<p>Rendez-vous donc au mois d\u2019octobre pour d\u00e9guster <em>\u2018\u2019O.B.V 2024-El\u00e9phant conna\u00eet ballon\u2019\u2019<\/em>. Qui, souhaitons-le, portera bonheur aux El\u00e9phants et \u00e0 la C\u00f4te d\u2019Ivoire. Tout comme les autres chansons de soutien \u00e0 nos pachydermes.<\/p>\n\n\n\n<p><strong>Eric Cossa<\/strong><\/p>\n","protected":false},"excerpt":{"rendered":"<p>Des artistes ivoiriens regroup\u00e9s sous l\u2019appellation \u2018\u2019Collectif Zigu\u00e9hi 225\u2019\u2019, issus du mouvement Zigu\u00e9hi et de sa tendance musicale, sous la houlette du chanteur Jacky Lolo bas\u00e9 \u00e0 Paris, s\u2019appr\u00eatent \u00e0 publier au mois d\u2019octobre un single de soutien aux El\u00e9phants baptis\u00e9 \u2018\u2019O.B.V 2024-El\u00e9phant conna\u00eet ballon\u2019\u2019, en vue de la CAN 2023 en C\u00f4te d\u2019Ivoire.&nbsp;&nbsp;&nbsp;&nbsp;&nbsp;&nbsp;&nbsp;&nbsp; Les &hellip;<\/p>\n<p class=\"read-more\"> <a class=\"\" href=\"https:\/\/7culture.ci\/index.php\/2023\/09\/22\/can-2023-depuis-paris-le-collectif-ziguehi-chante-elephant-sans-ayohi-on-prend-can-la\/\"> <span class=\"screen-reader-text\">CAN 2023\/Depuis Paris, le Collectif Zigu\u00e9hi chante: \u00ab\u00a0El\u00e9phant, sans ayohi, on prend Can-l\u00e0 !\u00a0\u00bb<\/span> Lire la suite\u00a0\u00bb<\/a><\/p>\n","protected":false},"author":1,"featured_media":25710,"comment_status":"open","ping_status":"open","sticky":false,"template":"","format":"standard","meta":{"_mi_skip_tracking":false,"_monsterinsights_sitenote_active":false,"_monsterinsights_sitenote_note":"","_monsterinsights_sitenote_category":0,"site-sidebar-layout":"default","site-content-layout":"default","ast-global-header-display":"","ast-main-header-display":"","ast-hfb-above-header-display":"","ast-hfb-below-header-display":"","ast-hfb-mobile-header-display":"","site-post-title":"","ast-breadcrumbs-content":"","ast-featured-img":"","footer-sml-layout":"","theme-transparent-header-meta":"","adv-header-id-meta":"","stick-header-meta":"","header-above-stick-meta":"","header-main-stick-meta":"","header-below-stick-meta":"","footnotes":"","jetpack_publicize_message":"","jetpack_is_tweetstorm":false,"jetpack_publicize_feature_enabled":true},"categories":[22],"tags":[47],"jetpack_publicize_connections":[],"acf":[],"aioseo_notices":[],"yoast_head":"<!-- This site is optimized with the Yoast SEO plugin v19.6.1 - https:\/\/yoast.com\/wordpress\/plugins\/seo\/ -->\n<title>CAN 2023\/Depuis Paris, le Collectif Zigu\u00e9hi chante: \u00ab\u00a0El\u00e9phant, sans ayohi, on prend Can-l\u00e0 !\u00a0\u00bb - 7culture<\/title>\n<meta name=\"robots\" content=\"index, follow, max-snippet:-1, max-image-preview:large, max-video-preview:-1\" \/>\n<link rel=\"canonical\" href=\"https:\/\/7culture.ci\/index.php\/2023\/09\/22\/can-2023-depuis-paris-le-collectif-ziguehi-chante-elephant-sans-ayohi-on-prend-can-la\/\" \/>\n<meta property=\"og:locale\" content=\"fr_FR\" \/>\n<meta property=\"og:type\" content=\"article\" \/>\n<meta property=\"og:title\" content=\"CAN 2023\/Depuis Paris, le Collectif Zigu\u00e9hi chante: \u00ab\u00a0El\u00e9phant, sans ayohi, on prend Can-l\u00e0 !\u00a0\u00bb - 7culture\" \/>\n<meta property=\"og:description\" content=\"Des artistes ivoiriens regroup\u00e9s sous l\u2019appellation \u2018\u2019Collectif Zigu\u00e9hi 225\u2019\u2019, issus du mouvement Zigu\u00e9hi et de sa tendance musicale, sous la houlette du chanteur Jacky Lolo bas\u00e9 \u00e0 Paris, s\u2019appr\u00eatent \u00e0 publier au mois d\u2019octobre un single de soutien aux El\u00e9phants baptis\u00e9 \u2018\u2019O.B.V 2024-El\u00e9phant conna\u00eet ballon\u2019\u2019, en vue de la CAN 2023 en C\u00f4te d\u2019Ivoire.&nbsp;&nbsp;&nbsp;&nbsp;&nbsp;&nbsp;&nbsp;&nbsp; Les &hellip; CAN 2023\/Depuis Paris, le Collectif Zigu\u00e9hi chante: \u00ab\u00a0El\u00e9phant, sans ayohi, on prend Can-l\u00e0 !\u00a0\u00bb Lire la suite\u00a0\u00bb\" \/>\n<meta property=\"og:url\" content=\"https:\/\/7culture.ci\/index.php\/2023\/09\/22\/can-2023-depuis-paris-le-collectif-ziguehi-chante-elephant-sans-ayohi-on-prend-can-la\/\" \/>\n<meta property=\"og:site_name\" content=\"7culture\" \/>\n<meta property=\"article:publisher\" content=\"https:\/\/www.facebook.com\/redchefclaude\" \/>\n<meta property=\"article:published_time\" content=\"2023-09-22T20:21:31+00:00\" \/>\n<meta property=\"article:modified_time\" content=\"2023-09-25T14:46:44+00:00\" \/>\n<meta property=\"og:image\" content=\"http:\/\/7culture.ci\/wp-content\/uploads\/2023\/09\/WhatsApp-Image-2023-09-22-at-16.13.26-2.jpeg\" \/>\n\t<meta property=\"og:image:width\" content=\"720\" \/>\n\t<meta property=\"og:image:height\" content=\"703\" \/>\n\t<meta property=\"og:image:type\" content=\"image\/jpeg\" \/>\n<meta name=\"author\" content=\"7culture2020\" \/>\n<meta name=\"twitter:card\" content=\"summary_large_image\" \/>\n<meta name=\"twitter:creator\" content=\"@7culturec\" \/>\n<meta name=\"twitter:site\" content=\"@7culturec\" \/>\n<meta name=\"twitter:label1\" content=\"\u00c9crit par\" \/>\n\t<meta name=\"twitter:data1\" content=\"7culture2020\" \/>\n\t<meta name=\"twitter:label2\" content=\"Dur\u00e9e de lecture estim\u00e9e\" \/>\n\t<meta name=\"twitter:data2\" content=\"2 minutes\" \/>\n<script type=\"application\/ld+json\" class=\"yoast-schema-graph\">{\"@context\":\"https:\/\/schema.org\",\"@graph\":[{\"@type\":\"Article\",\"@id\":\"https:\/\/7culture.ci\/index.php\/2023\/09\/22\/can-2023-depuis-paris-le-collectif-ziguehi-chante-elephant-sans-ayohi-on-prend-can-la\/#article\",\"isPartOf\":{\"@id\":\"https:\/\/7culture.ci\/index.php\/2023\/09\/22\/can-2023-depuis-paris-le-collectif-ziguehi-chante-elephant-sans-ayohi-on-prend-can-la\/\"},\"author\":{\"name\":\"7culture2020\",\"@id\":\"https:\/\/7culture.ci\/#\/schema\/person\/16150d28d7ef66ba788c1f87f28c4426\"},\"headline\":\"CAN 2023\/Depuis Paris, le Collectif Zigu\u00e9hi chante: \u00ab\u00a0El\u00e9phant, sans ayohi, on prend Can-l\u00e0 !\u00a0\u00bb\",\"datePublished\":\"2023-09-22T20:21:31+00:00\",\"dateModified\":\"2023-09-25T14:46:44+00:00\",\"mainEntityOfPage\":{\"@id\":\"https:\/\/7culture.ci\/index.php\/2023\/09\/22\/can-2023-depuis-paris-le-collectif-ziguehi-chante-elephant-sans-ayohi-on-prend-can-la\/\"},\"wordCount\":487,\"commentCount\":0,\"publisher\":{\"@id\":\"https:\/\/7culture.ci\/#organization\"},\"keywords\":[\"A la une actualit\u00e9\"],\"articleSection\":[\"Actualit\u00e9\"],\"inLanguage\":\"fr-FR\",\"potentialAction\":[{\"@type\":\"CommentAction\",\"name\":\"Comment\",\"target\":[\"https:\/\/7culture.ci\/index.php\/2023\/09\/22\/can-2023-depuis-paris-le-collectif-ziguehi-chante-elephant-sans-ayohi-on-prend-can-la\/#respond\"]}]},{\"@type\":\"WebPage\",\"@id\":\"https:\/\/7culture.ci\/index.php\/2023\/09\/22\/can-2023-depuis-paris-le-collectif-ziguehi-chante-elephant-sans-ayohi-on-prend-can-la\/\",\"url\":\"https:\/\/7culture.ci\/index.php\/2023\/09\/22\/can-2023-depuis-paris-le-collectif-ziguehi-chante-elephant-sans-ayohi-on-prend-can-la\/\",\"name\":\"CAN 2023\/Depuis Paris, le Collectif Zigu\u00e9hi chante: \u00ab\u00a0El\u00e9phant, sans ayohi, on prend Can-l\u00e0 !\u00a0\u00bb - 7culture\",\"isPartOf\":{\"@id\":\"https:\/\/7culture.ci\/#website\"},\"datePublished\":\"2023-09-22T20:21:31+00:00\",\"dateModified\":\"2023-09-25T14:46:44+00:00\",\"breadcrumb\":{\"@id\":\"https:\/\/7culture.ci\/index.php\/2023\/09\/22\/can-2023-depuis-paris-le-collectif-ziguehi-chante-elephant-sans-ayohi-on-prend-can-la\/#breadcrumb\"},\"inLanguage\":\"fr-FR\",\"potentialAction\":[{\"@type\":\"ReadAction\",\"target\":[\"https:\/\/7culture.ci\/index.php\/2023\/09\/22\/can-2023-depuis-paris-le-collectif-ziguehi-chante-elephant-sans-ayohi-on-prend-can-la\/\"]}]},{\"@type\":\"BreadcrumbList\",\"@id\":\"https:\/\/7culture.ci\/index.php\/2023\/09\/22\/can-2023-depuis-paris-le-collectif-ziguehi-chante-elephant-sans-ayohi-on-prend-can-la\/#breadcrumb\",\"itemListElement\":[{\"@type\":\"ListItem\",\"position\":1,\"name\":\"Accueil\",\"item\":\"https:\/\/7culture.ci\/\"},{\"@type\":\"ListItem\",\"position\":2,\"name\":\"CAN 2023\/Depuis Paris, le Collectif Zigu\u00e9hi chante: \u00ab\u00a0El\u00e9phant, sans ayohi, on prend Can-l\u00e0 !\u00a0\u00bb\"}]},{\"@type\":\"WebSite\",\"@id\":\"https:\/\/7culture.ci\/#website\",\"url\":\"https:\/\/7culture.ci\/\",\"name\":\"7culture\",\"description\":\"Tout sur l&#039;actualit\u00e9\",\"publisher\":{\"@id\":\"https:\/\/7culture.ci\/#organization\"},\"potentialAction\":[{\"@type\":\"SearchAction\",\"target\":{\"@type\":\"EntryPoint\",\"urlTemplate\":\"https:\/\/7culture.ci\/?s={search_term_string}\"},\"query-input\":\"required name=search_term_string\"}],\"inLanguage\":\"fr-FR\"},{\"@type\":\"Organization\",\"@id\":\"https:\/\/7culture.ci\/#organization\",\"name\":\"7culture\",\"url\":\"https:\/\/7culture.ci\/\",\"sameAs\":[\"https:\/\/www.facebook.com\/redchefclaude\",\"https:\/\/twitter.com\/7culturec\"],\"logo\":{\"@type\":\"ImageObject\",\"inLanguage\":\"fr-FR\",\"@id\":\"https:\/\/7culture.ci\/#\/schema\/logo\/image\/\",\"url\":\"https:\/\/7culture.ci\/wp-content\/uploads\/2021\/12\/S1a-1.png\",\"contentUrl\":\"https:\/\/7culture.ci\/wp-content\/uploads\/2021\/12\/S1a-1.png\",\"width\":588,\"height\":192,\"caption\":\"7culture\"},\"image\":{\"@id\":\"https:\/\/7culture.ci\/#\/schema\/logo\/image\/\"}},{\"@type\":\"Person\",\"@id\":\"https:\/\/7culture.ci\/#\/schema\/person\/16150d28d7ef66ba788c1f87f28c4426\",\"name\":\"7culture2020\",\"image\":{\"@type\":\"ImageObject\",\"inLanguage\":\"fr-FR\",\"@id\":\"https:\/\/7culture.ci\/#\/schema\/person\/image\/\",\"url\":\"https:\/\/secure.gravatar.com\/avatar\/9a0784f951306c37bcd065f52844ef95?s=96&d=mm&r=g\",\"contentUrl\":\"https:\/\/secure.gravatar.com\/avatar\/9a0784f951306c37bcd065f52844ef95?s=96&d=mm&r=g\",\"caption\":\"7culture2020\"},\"sameAs\":[\"http:\/\/7culture.ci\",\"Claude.kipre\"],\"url\":\"https:\/\/7culture.ci\/index.php\/author\/7culture2020\/\"}]}<\/script>\n<!-- \/ Yoast SEO plugin. -->","yoast_head_json":{"title":"CAN 2023\/Depuis Paris, le Collectif Zigu\u00e9hi chante: \u00ab\u00a0El\u00e9phant, sans ayohi, on prend Can-l\u00e0 !\u00a0\u00bb - 7culture","robots":{"index":"index","follow":"follow","max-snippet":"max-snippet:-1","max-image-preview":"max-image-preview:large","max-video-preview":"max-video-preview:-1"},"canonical":"https:\/\/7culture.ci\/index.php\/2023\/09\/22\/can-2023-depuis-paris-le-collectif-ziguehi-chante-elephant-sans-ayohi-on-prend-can-la\/","og_locale":"fr_FR","og_type":"article","og_title":"CAN 2023\/Depuis Paris, le Collectif Zigu\u00e9hi chante: \u00ab\u00a0El\u00e9phant, sans ayohi, on prend Can-l\u00e0 !\u00a0\u00bb - 7culture","og_description":"Des artistes ivoiriens regroup\u00e9s sous l\u2019appellation \u2018\u2019Collectif Zigu\u00e9hi 225\u2019\u2019, issus du mouvement Zigu\u00e9hi et de sa tendance musicale, sous la houlette du chanteur Jacky Lolo bas\u00e9 \u00e0 Paris, s\u2019appr\u00eatent \u00e0 publier au mois d\u2019octobre un single de soutien aux El\u00e9phants baptis\u00e9 \u2018\u2019O.B.V 2024-El\u00e9phant conna\u00eet ballon\u2019\u2019, en vue de la CAN 2023 en C\u00f4te d\u2019Ivoire.&nbsp;&nbsp;&nbsp;&nbsp;&nbsp;&nbsp;&nbsp;&nbsp; Les &hellip; CAN 2023\/Depuis Paris, le Collectif Zigu\u00e9hi chante: \u00ab\u00a0El\u00e9phant, sans ayohi, on prend Can-l\u00e0 !\u00a0\u00bb Lire la suite\u00a0\u00bb","og_url":"https:\/\/7culture.ci\/index.php\/2023\/09\/22\/can-2023-depuis-paris-le-collectif-ziguehi-chante-elephant-sans-ayohi-on-prend-can-la\/","og_site_name":"7culture","article_publisher":"https:\/\/www.facebook.com\/redchefclaude","article_published_time":"2023-09-22T20:21:31+00:00","article_modified_time":"2023-09-25T14:46:44+00:00","og_image":[{"width":720,"height":703,"url":"http:\/\/7culture.ci\/wp-content\/uploads\/2023\/09\/WhatsApp-Image-2023-09-22-at-16.13.26-2.jpeg","type":"image\/jpeg"}],"author":"7culture2020","twitter_card":"summary_large_image","twitter_creator":"@7culturec","twitter_site":"@7culturec","twitter_misc":{"\u00c9crit par":"7culture2020","Dur\u00e9e de lecture estim\u00e9e":"2 minutes"},"schema":{"@context":"https:\/\/schema.org","@graph":[{"@type":"Article","@id":"https:\/\/7culture.ci\/index.php\/2023\/09\/22\/can-2023-depuis-paris-le-collectif-ziguehi-chante-elephant-sans-ayohi-on-prend-can-la\/#article","isPartOf":{"@id":"https:\/\/7culture.ci\/index.php\/2023\/09\/22\/can-2023-depuis-paris-le-collectif-ziguehi-chante-elephant-sans-ayohi-on-prend-can-la\/"},"author":{"name":"7culture2020","@id":"https:\/\/7culture.ci\/#\/schema\/person\/16150d28d7ef66ba788c1f87f28c4426"},"headline":"CAN 2023\/Depuis Paris, le Collectif Zigu\u00e9hi chante: \u00ab\u00a0El\u00e9phant, sans ayohi, on prend Can-l\u00e0 !\u00a0\u00bb","datePublished":"2023-09-22T20:21:31+00:00","dateModified":"2023-09-25T14:46:44+00:00","mainEntityOfPage":{"@id":"https:\/\/7culture.ci\/index.php\/2023\/09\/22\/can-2023-depuis-paris-le-collectif-ziguehi-chante-elephant-sans-ayohi-on-prend-can-la\/"},"wordCount":487,"commentCount":0,"publisher":{"@id":"https:\/\/7culture.ci\/#organization"},"keywords":["A la une actualit\u00e9"],"articleSection":["Actualit\u00e9"],"inLanguage":"fr-FR","potentialAction":[{"@type":"CommentAction","name":"Comment","target":["https:\/\/7culture.ci\/index.php\/2023\/09\/22\/can-2023-depuis-paris-le-collectif-ziguehi-chante-elephant-sans-ayohi-on-prend-can-la\/#respond"]}]},{"@type":"WebPage","@id":"https:\/\/7culture.ci\/index.php\/2023\/09\/22\/can-2023-depuis-paris-le-collectif-ziguehi-chante-elephant-sans-ayohi-on-prend-can-la\/","url":"https:\/\/7culture.ci\/index.php\/2023\/09\/22\/can-2023-depuis-paris-le-collectif-ziguehi-chante-elephant-sans-ayohi-on-prend-can-la\/","name":"CAN 2023\/Depuis Paris, le Collectif Zigu\u00e9hi chante: \u00ab\u00a0El\u00e9phant, sans ayohi, on prend Can-l\u00e0 !\u00a0\u00bb - 7culture","isPartOf":{"@id":"https:\/\/7culture.ci\/#website"},"datePublished":"2023-09-22T20:21:31+00:00","dateModified":"2023-09-25T14:46:44+00:00","breadcrumb":{"@id":"https:\/\/7culture.ci\/index.php\/2023\/09\/22\/can-2023-depuis-paris-le-collectif-ziguehi-chante-elephant-sans-ayohi-on-prend-can-la\/#breadcrumb"},"inLanguage":"fr-FR","potentialAction":[{"@type":"ReadAction","target":["https:\/\/7culture.ci\/index.php\/2023\/09\/22\/can-2023-depuis-paris-le-collectif-ziguehi-chante-elephant-sans-ayohi-on-prend-can-la\/"]}]},{"@type":"BreadcrumbList","@id":"https:\/\/7culture.ci\/index.php\/2023\/09\/22\/can-2023-depuis-paris-le-collectif-ziguehi-chante-elephant-sans-ayohi-on-prend-can-la\/#breadcrumb","itemListElement":[{"@type":"ListItem","position":1,"name":"Accueil","item":"https:\/\/7culture.ci\/"},{"@type":"ListItem","position":2,"name":"CAN 2023\/Depuis Paris, le Collectif Zigu\u00e9hi chante: \u00ab\u00a0El\u00e9phant, sans ayohi, on prend Can-l\u00e0 !\u00a0\u00bb"}]},{"@type":"WebSite","@id":"https:\/\/7culture.ci\/#website","url":"https:\/\/7culture.ci\/","name":"7culture","description":"Tout sur l&#039;actualit\u00e9","publisher":{"@id":"https:\/\/7culture.ci\/#organization"},"potentialAction":[{"@type":"SearchAction","target":{"@type":"EntryPoint","urlTemplate":"https:\/\/7culture.ci\/?s={search_term_string}"},"query-input":"required name=search_term_string"}],"inLanguage":"fr-FR"},{"@type":"Organization","@id":"https:\/\/7culture.ci\/#organization","name":"7culture","url":"https:\/\/7culture.ci\/","sameAs":["https:\/\/www.facebook.com\/redchefclaude","https:\/\/twitter.com\/7culturec"],"logo":{"@type":"ImageObject","inLanguage":"fr-FR","@id":"https:\/\/7culture.ci\/#\/schema\/logo\/image\/","url":"https:\/\/7culture.ci\/wp-content\/uploads\/2021\/12\/S1a-1.png","contentUrl":"https:\/\/7culture.ci\/wp-content\/uploads\/2021\/12\/S1a-1.png","width":588,"height":192,"caption":"7culture"},"image":{"@id":"https:\/\/7culture.ci\/#\/schema\/logo\/image\/"}},{"@type":"Person","@id":"https:\/\/7culture.ci\/#\/schema\/person\/16150d28d7ef66ba788c1f87f28c4426","name":"7culture2020","image":{"@type":"ImageObject","inLanguage":"fr-FR","@id":"https:\/\/7culture.ci\/#\/schema\/person\/image\/","url":"https:\/\/secure.gravatar.com\/avatar\/9a0784f951306c37bcd065f52844ef95?s=96&d=mm&r=g","contentUrl":"https:\/\/secure.gravatar.com\/avatar\/9a0784f951306c37bcd065f52844ef95?s=96&d=mm&r=g","caption":"7culture2020"},"sameAs":["http:\/\/7culture.ci","Claude.kipre"],"url":"https:\/\/7culture.ci\/index.php\/author\/7culture2020\/"}]}},"jetpack_featured_media_url":"https:\/\/7culture.ci\/wp-content\/uploads\/2023\/09\/WhatsApp-Image-2023-09-22-at-16.13.26-2.jpeg","jetpack_likes_enabled":true,"jetpack_sharing_enabled":true,"_links":{"self":[{"href":"https:\/\/7culture.ci\/index.php\/wp-json\/wp\/v2\/posts\/25708"}],"collection":[{"href":"https:\/\/7culture.ci\/index.php\/wp-json\/wp\/v2\/posts"}],"about":[{"href":"https:\/\/7culture.ci\/index.php\/wp-json\/wp\/v2\/types\/post"}],"author":[{"embeddable":true,"href":"https:\/\/7culture.ci\/index.php\/wp-json\/wp\/v2\/users\/1"}],"replies":[{"embeddable":true,"href":"https:\/\/7culture.ci\/index.php\/wp-json\/wp\/v2\/comments?post=25708"}],"version-history":[{"count":0,"href":"https:\/\/7culture.ci\/index.php\/wp-json\/wp\/v2\/posts\/25708\/revisions"}],"wp:featuredmedia":[{"embeddable":true,"href":"https:\/\/7culture.ci\/index.php\/wp-json\/wp\/v2\/media\/25710"}],"wp:attachment":[{"href":"https:\/\/7culture.ci\/index.php\/wp-json\/wp\/v2\/media?parent=25708"}],"wp:term":[{"taxonomy":"category","embeddable":true,"href":"https:\/\/7culture.ci\/index.php\/wp-json\/wp\/v2\/categories?post=25708"},{"taxonomy":"post_tag","embeddable":true,"href":"https:\/\/7culture.ci\/index.php\/wp-json\/wp\/v2\/tags?post=25708"}],"curies":[{"name":"wp","href":"https:\/\/api.w.org\/{rel}","templated":true}]}}