{"id":25698,"date":"2023-09-19T19:55:26","date_gmt":"2023-09-19T19:55:26","guid":{"rendered":"https:\/\/7culture.ci\/?p=25698"},"modified":"2023-09-22T20:22:51","modified_gmt":"2023-09-22T20:22:51","slug":"deuil-marie-mactar-niang-helas","status":"publish","type":"post","link":"https:\/\/7culture.ci\/index.php\/2023\/09\/19\/deuil-marie-mactar-niang-helas\/","title":{"rendered":"Deuil\u00a0: Marie-Mactar Niang, h\u00e9las !"},"content":{"rendered":"\n<p>H\u00e9las, Marie-Mactar, journaliste radio et charg\u00e9e de communication de plusieurs institutions, a tir\u00e9 sa r\u00e9v\u00e9rence ce mardi 19 septembre 2023 dans la matin\u00e9e \u00e0 Mockeyville (Grand-Bassam). C\u2019est avec consternation que la grande famille de la presse et des m\u00e9dias a appris la tr\u00e8s mauvaise nouvelle de sa disparition.<\/p>\n\n\n\n<p>Ancienne de Radio C\u00f4te d\u2019Ivoire o\u00f9 elle s\u2019occupait des reportages et journaux radios diffus\u00e9s, Marie-Mactar posera ses valises \u00e0 la radio Onuci fm, la radio des Nations Unies install\u00e9e \u00e0 Abidjan, pendant la r\u00e9bellion arm\u00e9e qui s\u2019est empar\u00e9e du nord du pays en 2002.<\/p>\n\n\n\n<figure class=\"wp-block-image aligncenter size-large is-resized\"><img loading=\"lazy\" decoding=\"async\" src=\"https:\/\/7culture.ci\/wp-content\/uploads\/2023\/09\/WhatsApp-Image-2023-09-19-at-17.03.00-1024x1022.jpeg\" alt=\"\" class=\"wp-image-25701\" width=\"562\" height=\"560\" srcset=\"https:\/\/7culture.ci\/wp-content\/uploads\/2023\/09\/WhatsApp-Image-2023-09-19-at-17.03.00-1024x1022.jpeg 1024w, https:\/\/7culture.ci\/wp-content\/uploads\/2023\/09\/WhatsApp-Image-2023-09-19-at-17.03.00-300x300.jpeg 300w, https:\/\/7culture.ci\/wp-content\/uploads\/2023\/09\/WhatsApp-Image-2023-09-19-at-17.03.00-150x150.jpeg 150w, https:\/\/7culture.ci\/wp-content\/uploads\/2023\/09\/WhatsApp-Image-2023-09-19-at-17.03.00-768x767.jpeg 768w, https:\/\/7culture.ci\/wp-content\/uploads\/2023\/09\/WhatsApp-Image-2023-09-19-at-17.03.00-65x65.jpeg 65w, https:\/\/7culture.ci\/wp-content\/uploads\/2023\/09\/WhatsApp-Image-2023-09-19-at-17.03.00.jpeg 1070w\" sizes=\"(max-width: 562px) 100vw, 562px\" \/><\/figure>\n\n\n\n<p>Mais juste avant cette aventure, et toujours dans le cadre de cette crise, Marie-Mactar s\u2019est occup\u00e9e de la communication du repr\u00e9sentant permanent de l\u2019Onu en C\u00f4te d\u2019Ivoire, le Togolais Albert Tevoedjer\u00e9. L\u2019aventure de la radio onusienne qui s\u2019est achev\u00e9e au lendemain de la crise post-\u00e9lectorale de 2011, a confirm\u00e9 tout le bien que l\u2019on pensait de la journaliste.<\/p>\n\n\n\n<figure class=\"wp-block-gallery has-nested-images columns-default is-cropped wp-block-gallery-1 is-layout-flex wp-block-gallery-is-layout-flex\">\n<figure class=\"wp-block-image size-large\"><img loading=\"lazy\" decoding=\"async\" width=\"1024\" height=\"768\" data-id=\"25704\" src=\"https:\/\/7culture.ci\/wp-content\/uploads\/2023\/09\/WhatsApp-Image-2023-09-19-at-17.03.01-2-1024x768.jpeg\" alt=\"\" class=\"wp-image-25704\" srcset=\"https:\/\/7culture.ci\/wp-content\/uploads\/2023\/09\/WhatsApp-Image-2023-09-19-at-17.03.01-2-1024x768.jpeg 1024w, https:\/\/7culture.ci\/wp-content\/uploads\/2023\/09\/WhatsApp-Image-2023-09-19-at-17.03.01-2-300x225.jpeg 300w, https:\/\/7culture.ci\/wp-content\/uploads\/2023\/09\/WhatsApp-Image-2023-09-19-at-17.03.01-2-768x576.jpeg 768w, https:\/\/7culture.ci\/wp-content\/uploads\/2023\/09\/WhatsApp-Image-2023-09-19-at-17.03.01-2.jpeg 1040w\" sizes=\"(max-width: 1024px) 100vw, 1024px\" \/><\/figure>\n\n\n\n<figure class=\"wp-block-image size-large\"><img loading=\"lazy\" decoding=\"async\" width=\"1024\" height=\"768\" data-id=\"25702\" src=\"https:\/\/7culture.ci\/wp-content\/uploads\/2023\/09\/WhatsApp-Image-2023-09-19-at-17.03.01-3-1024x768.jpeg\" alt=\"\" class=\"wp-image-25702\" srcset=\"https:\/\/7culture.ci\/wp-content\/uploads\/2023\/09\/WhatsApp-Image-2023-09-19-at-17.03.01-3-1024x768.jpeg 1024w, https:\/\/7culture.ci\/wp-content\/uploads\/2023\/09\/WhatsApp-Image-2023-09-19-at-17.03.01-3-300x225.jpeg 300w, https:\/\/7culture.ci\/wp-content\/uploads\/2023\/09\/WhatsApp-Image-2023-09-19-at-17.03.01-3-768x576.jpeg 768w, https:\/\/7culture.ci\/wp-content\/uploads\/2023\/09\/WhatsApp-Image-2023-09-19-at-17.03.01-3.jpeg 1040w\" sizes=\"(max-width: 1024px) 100vw, 1024px\" \/><\/figure>\n\n\n\n<figure class=\"wp-block-image size-large\"><img loading=\"lazy\" decoding=\"async\" width=\"1024\" height=\"768\" data-id=\"25703\" src=\"https:\/\/7culture.ci\/wp-content\/uploads\/2023\/09\/WhatsApp-Image-2023-09-19-at-17.03.01-1024x768.jpeg\" alt=\"\" class=\"wp-image-25703\" srcset=\"https:\/\/7culture.ci\/wp-content\/uploads\/2023\/09\/WhatsApp-Image-2023-09-19-at-17.03.01-1024x768.jpeg 1024w, https:\/\/7culture.ci\/wp-content\/uploads\/2023\/09\/WhatsApp-Image-2023-09-19-at-17.03.01-300x225.jpeg 300w, https:\/\/7culture.ci\/wp-content\/uploads\/2023\/09\/WhatsApp-Image-2023-09-19-at-17.03.01-768x576.jpeg 768w, https:\/\/7culture.ci\/wp-content\/uploads\/2023\/09\/WhatsApp-Image-2023-09-19-at-17.03.01.jpeg 1040w\" sizes=\"(max-width: 1024px) 100vw, 1024px\" \/><\/figure>\n<\/figure>\n\n\n\n<p>Professionnelle et travailleuse, Marie-Mactar Niang a fait \u00e9crire son nom au panth\u00e9on des meilleurs journalistes radio.<\/p>\n\n\n\n<p>\u00c0 la retraite bien m\u00e9rit\u00e9e depuis quelques ann\u00e9es, Marie continuait de partager son immense exp\u00e9rience aux plus jeunes \u00e0 travers des formations et sa pr\u00e9sence dans de nombreux jury dont celui du prix Ebony depuis deux ans.<\/p>\n\n\n\n<p>Depuis plusieurs mois, la journaliste souffrait d\u2019un diab\u00e8te. Serait-ce l\u00e0, la cause de sa brutale disparition ce jour? Nous ne serons l\u2019affirmer en l\u2019\u00e9tat actuel de nos informations.<\/p>\n\n\n\n<p>Nos condol\u00e9ances \u00e0 sa famille biologique et sa famille professionnelle tr\u00e8s \u00e9prouv\u00e9e ces derniers temps.<\/p>\n","protected":false},"excerpt":{"rendered":"<p>H\u00e9las, Marie-Mactar, journaliste radio et charg\u00e9e de communication de plusieurs institutions, a tir\u00e9 sa r\u00e9v\u00e9rence ce mardi 19 septembre 2023 dans la matin\u00e9e \u00e0 Mockeyville (Grand-Bassam). C\u2019est avec consternation que la grande famille de la presse et des m\u00e9dias a appris la tr\u00e8s mauvaise nouvelle de sa disparition. Ancienne de Radio C\u00f4te d\u2019Ivoire o\u00f9 elle &hellip;<\/p>\n<p class=\"read-more\"> <a class=\"\" href=\"https:\/\/7culture.ci\/index.php\/2023\/09\/19\/deuil-marie-mactar-niang-helas\/\"> <span class=\"screen-reader-text\">Deuil\u00a0: Marie-Mactar Niang, h\u00e9las !<\/span> Lire la suite\u00a0\u00bb<\/a><\/p>\n","protected":false},"author":1,"featured_media":25700,"comment_status":"open","ping_status":"open","sticky":false,"template":"","format":"standard","meta":{"_mi_skip_tracking":false,"_monsterinsights_sitenote_active":false,"_monsterinsights_sitenote_note":"","_monsterinsights_sitenote_category":0,"site-sidebar-layout":"default","site-content-layout":"default","ast-global-header-display":"","ast-main-header-display":"","ast-hfb-above-header-display":"","ast-hfb-below-header-display":"","ast-hfb-mobile-header-display":"","site-post-title":"","ast-breadcrumbs-content":"","ast-featured-img":"","footer-sml-layout":"","theme-transparent-header-meta":"","adv-header-id-meta":"","stick-header-meta":"","header-above-stick-meta":"","header-main-stick-meta":"","header-below-stick-meta":"","footnotes":"","jetpack_publicize_message":"","jetpack_is_tweetstorm":false,"jetpack_publicize_feature_enabled":true},"categories":[22],"tags":[],"jetpack_publicize_connections":[],"acf":[],"aioseo_notices":[],"yoast_head":"<!-- This site is optimized with the Yoast SEO plugin v19.6.1 - https:\/\/yoast.com\/wordpress\/plugins\/seo\/ -->\n<title>Deuil\u00a0: Marie-Mactar Niang, h\u00e9las ! - 7culture<\/title>\n<meta name=\"robots\" content=\"index, follow, max-snippet:-1, max-image-preview:large, max-video-preview:-1\" \/>\n<link rel=\"canonical\" href=\"https:\/\/7culture.ci\/index.php\/2023\/09\/19\/deuil-marie-mactar-niang-helas\/\" \/>\n<meta property=\"og:locale\" content=\"fr_FR\" \/>\n<meta property=\"og:type\" content=\"article\" \/>\n<meta property=\"og:title\" content=\"Deuil\u00a0: Marie-Mactar Niang, h\u00e9las ! - 7culture\" \/>\n<meta property=\"og:description\" content=\"H\u00e9las, Marie-Mactar, journaliste radio et charg\u00e9e de communication de plusieurs institutions, a tir\u00e9 sa r\u00e9v\u00e9rence ce mardi 19 septembre 2023 dans la matin\u00e9e \u00e0 Mockeyville (Grand-Bassam). C\u2019est avec consternation que la grande famille de la presse et des m\u00e9dias a appris la tr\u00e8s mauvaise nouvelle de sa disparition. Ancienne de Radio C\u00f4te d\u2019Ivoire o\u00f9 elle &hellip; Deuil\u00a0: Marie-Mactar Niang, h\u00e9las ! Lire la suite\u00a0\u00bb\" \/>\n<meta property=\"og:url\" content=\"https:\/\/7culture.ci\/index.php\/2023\/09\/19\/deuil-marie-mactar-niang-helas\/\" \/>\n<meta property=\"og:site_name\" content=\"7culture\" \/>\n<meta property=\"article:publisher\" content=\"https:\/\/www.facebook.com\/redchefclaude\" \/>\n<meta property=\"article:published_time\" content=\"2023-09-19T19:55:26+00:00\" \/>\n<meta property=\"article:modified_time\" content=\"2023-09-22T20:22:51+00:00\" \/>\n<meta property=\"og:image\" content=\"http:\/\/7culture.ci\/wp-content\/uploads\/2023\/09\/Marie-Mactar-Niang.jpg\" \/>\n\t<meta property=\"og:image:width\" content=\"792\" \/>\n\t<meta property=\"og:image:height\" content=\"787\" \/>\n\t<meta property=\"og:image:type\" content=\"image\/jpeg\" \/>\n<meta name=\"author\" content=\"7culture2020\" \/>\n<meta name=\"twitter:card\" content=\"summary_large_image\" \/>\n<meta name=\"twitter:creator\" content=\"@7culturec\" \/>\n<meta name=\"twitter:site\" content=\"@7culturec\" \/>\n<meta name=\"twitter:label1\" content=\"\u00c9crit par\" \/>\n\t<meta name=\"twitter:data1\" content=\"7culture2020\" \/>\n\t<meta name=\"twitter:label2\" content=\"Dur\u00e9e de lecture estim\u00e9e\" \/>\n\t<meta name=\"twitter:data2\" content=\"1 minute\" \/>\n<script type=\"application\/ld+json\" class=\"yoast-schema-graph\">{\"@context\":\"https:\/\/schema.org\",\"@graph\":[{\"@type\":\"Article\",\"@id\":\"https:\/\/7culture.ci\/index.php\/2023\/09\/19\/deuil-marie-mactar-niang-helas\/#article\",\"isPartOf\":{\"@id\":\"https:\/\/7culture.ci\/index.php\/2023\/09\/19\/deuil-marie-mactar-niang-helas\/\"},\"author\":{\"name\":\"7culture2020\",\"@id\":\"https:\/\/7culture.ci\/#\/schema\/person\/16150d28d7ef66ba788c1f87f28c4426\"},\"headline\":\"Deuil\u00a0: Marie-Mactar Niang, h\u00e9las !\",\"datePublished\":\"2023-09-19T19:55:26+00:00\",\"dateModified\":\"2023-09-22T20:22:51+00:00\",\"mainEntityOfPage\":{\"@id\":\"https:\/\/7culture.ci\/index.php\/2023\/09\/19\/deuil-marie-mactar-niang-helas\/\"},\"wordCount\":282,\"commentCount\":0,\"publisher\":{\"@id\":\"https:\/\/7culture.ci\/#organization\"},\"articleSection\":[\"Actualit\u00e9\"],\"inLanguage\":\"fr-FR\",\"potentialAction\":[{\"@type\":\"CommentAction\",\"name\":\"Comment\",\"target\":[\"https:\/\/7culture.ci\/index.php\/2023\/09\/19\/deuil-marie-mactar-niang-helas\/#respond\"]}]},{\"@type\":\"WebPage\",\"@id\":\"https:\/\/7culture.ci\/index.php\/2023\/09\/19\/deuil-marie-mactar-niang-helas\/\",\"url\":\"https:\/\/7culture.ci\/index.php\/2023\/09\/19\/deuil-marie-mactar-niang-helas\/\",\"name\":\"Deuil\u00a0: Marie-Mactar Niang, h\u00e9las ! - 7culture\",\"isPartOf\":{\"@id\":\"https:\/\/7culture.ci\/#website\"},\"datePublished\":\"2023-09-19T19:55:26+00:00\",\"dateModified\":\"2023-09-22T20:22:51+00:00\",\"breadcrumb\":{\"@id\":\"https:\/\/7culture.ci\/index.php\/2023\/09\/19\/deuil-marie-mactar-niang-helas\/#breadcrumb\"},\"inLanguage\":\"fr-FR\",\"potentialAction\":[{\"@type\":\"ReadAction\",\"target\":[\"https:\/\/7culture.ci\/index.php\/2023\/09\/19\/deuil-marie-mactar-niang-helas\/\"]}]},{\"@type\":\"BreadcrumbList\",\"@id\":\"https:\/\/7culture.ci\/index.php\/2023\/09\/19\/deuil-marie-mactar-niang-helas\/#breadcrumb\",\"itemListElement\":[{\"@type\":\"ListItem\",\"position\":1,\"name\":\"Accueil\",\"item\":\"https:\/\/7culture.ci\/\"},{\"@type\":\"ListItem\",\"position\":2,\"name\":\"Deuil\u00a0: Marie-Mactar Niang, h\u00e9las !\"}]},{\"@type\":\"WebSite\",\"@id\":\"https:\/\/7culture.ci\/#website\",\"url\":\"https:\/\/7culture.ci\/\",\"name\":\"7culture\",\"description\":\"Tout sur l&#039;actualit\u00e9\",\"publisher\":{\"@id\":\"https:\/\/7culture.ci\/#organization\"},\"potentialAction\":[{\"@type\":\"SearchAction\",\"target\":{\"@type\":\"EntryPoint\",\"urlTemplate\":\"https:\/\/7culture.ci\/?s={search_term_string}\"},\"query-input\":\"required name=search_term_string\"}],\"inLanguage\":\"fr-FR\"},{\"@type\":\"Organization\",\"@id\":\"https:\/\/7culture.ci\/#organization\",\"name\":\"7culture\",\"url\":\"https:\/\/7culture.ci\/\",\"sameAs\":[\"https:\/\/www.facebook.com\/redchefclaude\",\"https:\/\/twitter.com\/7culturec\"],\"logo\":{\"@type\":\"ImageObject\",\"inLanguage\":\"fr-FR\",\"@id\":\"https:\/\/7culture.ci\/#\/schema\/logo\/image\/\",\"url\":\"https:\/\/7culture.ci\/wp-content\/uploads\/2021\/12\/S1a-1.png\",\"contentUrl\":\"https:\/\/7culture.ci\/wp-content\/uploads\/2021\/12\/S1a-1.png\",\"width\":588,\"height\":192,\"caption\":\"7culture\"},\"image\":{\"@id\":\"https:\/\/7culture.ci\/#\/schema\/logo\/image\/\"}},{\"@type\":\"Person\",\"@id\":\"https:\/\/7culture.ci\/#\/schema\/person\/16150d28d7ef66ba788c1f87f28c4426\",\"name\":\"7culture2020\",\"image\":{\"@type\":\"ImageObject\",\"inLanguage\":\"fr-FR\",\"@id\":\"https:\/\/7culture.ci\/#\/schema\/person\/image\/\",\"url\":\"https:\/\/secure.gravatar.com\/avatar\/9a0784f951306c37bcd065f52844ef95?s=96&d=mm&r=g\",\"contentUrl\":\"https:\/\/secure.gravatar.com\/avatar\/9a0784f951306c37bcd065f52844ef95?s=96&d=mm&r=g\",\"caption\":\"7culture2020\"},\"sameAs\":[\"http:\/\/7culture.ci\",\"Claude.kipre\"],\"url\":\"https:\/\/7culture.ci\/index.php\/author\/7culture2020\/\"}]}<\/script>\n<!-- \/ Yoast SEO plugin. -->","yoast_head_json":{"title":"Deuil\u00a0: Marie-Mactar Niang, h\u00e9las ! - 7culture","robots":{"index":"index","follow":"follow","max-snippet":"max-snippet:-1","max-image-preview":"max-image-preview:large","max-video-preview":"max-video-preview:-1"},"canonical":"https:\/\/7culture.ci\/index.php\/2023\/09\/19\/deuil-marie-mactar-niang-helas\/","og_locale":"fr_FR","og_type":"article","og_title":"Deuil\u00a0: Marie-Mactar Niang, h\u00e9las ! - 7culture","og_description":"H\u00e9las, Marie-Mactar, journaliste radio et charg\u00e9e de communication de plusieurs institutions, a tir\u00e9 sa r\u00e9v\u00e9rence ce mardi 19 septembre 2023 dans la matin\u00e9e \u00e0 Mockeyville (Grand-Bassam). C\u2019est avec consternation que la grande famille de la presse et des m\u00e9dias a appris la tr\u00e8s mauvaise nouvelle de sa disparition. Ancienne de Radio C\u00f4te d\u2019Ivoire o\u00f9 elle &hellip; Deuil\u00a0: Marie-Mactar Niang, h\u00e9las ! Lire la suite\u00a0\u00bb","og_url":"https:\/\/7culture.ci\/index.php\/2023\/09\/19\/deuil-marie-mactar-niang-helas\/","og_site_name":"7culture","article_publisher":"https:\/\/www.facebook.com\/redchefclaude","article_published_time":"2023-09-19T19:55:26+00:00","article_modified_time":"2023-09-22T20:22:51+00:00","og_image":[{"width":792,"height":787,"url":"http:\/\/7culture.ci\/wp-content\/uploads\/2023\/09\/Marie-Mactar-Niang.jpg","type":"image\/jpeg"}],"author":"7culture2020","twitter_card":"summary_large_image","twitter_creator":"@7culturec","twitter_site":"@7culturec","twitter_misc":{"\u00c9crit par":"7culture2020","Dur\u00e9e de lecture estim\u00e9e":"1 minute"},"schema":{"@context":"https:\/\/schema.org","@graph":[{"@type":"Article","@id":"https:\/\/7culture.ci\/index.php\/2023\/09\/19\/deuil-marie-mactar-niang-helas\/#article","isPartOf":{"@id":"https:\/\/7culture.ci\/index.php\/2023\/09\/19\/deuil-marie-mactar-niang-helas\/"},"author":{"name":"7culture2020","@id":"https:\/\/7culture.ci\/#\/schema\/person\/16150d28d7ef66ba788c1f87f28c4426"},"headline":"Deuil\u00a0: Marie-Mactar Niang, h\u00e9las !","datePublished":"2023-09-19T19:55:26+00:00","dateModified":"2023-09-22T20:22:51+00:00","mainEntityOfPage":{"@id":"https:\/\/7culture.ci\/index.php\/2023\/09\/19\/deuil-marie-mactar-niang-helas\/"},"wordCount":282,"commentCount":0,"publisher":{"@id":"https:\/\/7culture.ci\/#organization"},"articleSection":["Actualit\u00e9"],"inLanguage":"fr-FR","potentialAction":[{"@type":"CommentAction","name":"Comment","target":["https:\/\/7culture.ci\/index.php\/2023\/09\/19\/deuil-marie-mactar-niang-helas\/#respond"]}]},{"@type":"WebPage","@id":"https:\/\/7culture.ci\/index.php\/2023\/09\/19\/deuil-marie-mactar-niang-helas\/","url":"https:\/\/7culture.ci\/index.php\/2023\/09\/19\/deuil-marie-mactar-niang-helas\/","name":"Deuil\u00a0: Marie-Mactar Niang, h\u00e9las ! - 7culture","isPartOf":{"@id":"https:\/\/7culture.ci\/#website"},"datePublished":"2023-09-19T19:55:26+00:00","dateModified":"2023-09-22T20:22:51+00:00","breadcrumb":{"@id":"https:\/\/7culture.ci\/index.php\/2023\/09\/19\/deuil-marie-mactar-niang-helas\/#breadcrumb"},"inLanguage":"fr-FR","potentialAction":[{"@type":"ReadAction","target":["https:\/\/7culture.ci\/index.php\/2023\/09\/19\/deuil-marie-mactar-niang-helas\/"]}]},{"@type":"BreadcrumbList","@id":"https:\/\/7culture.ci\/index.php\/2023\/09\/19\/deuil-marie-mactar-niang-helas\/#breadcrumb","itemListElement":[{"@type":"ListItem","position":1,"name":"Accueil","item":"https:\/\/7culture.ci\/"},{"@type":"ListItem","position":2,"name":"Deuil\u00a0: Marie-Mactar Niang, h\u00e9las !"}]},{"@type":"WebSite","@id":"https:\/\/7culture.ci\/#website","url":"https:\/\/7culture.ci\/","name":"7culture","description":"Tout sur l&#039;actualit\u00e9","publisher":{"@id":"https:\/\/7culture.ci\/#organization"},"potentialAction":[{"@type":"SearchAction","target":{"@type":"EntryPoint","urlTemplate":"https:\/\/7culture.ci\/?s={search_term_string}"},"query-input":"required name=search_term_string"}],"inLanguage":"fr-FR"},{"@type":"Organization","@id":"https:\/\/7culture.ci\/#organization","name":"7culture","url":"https:\/\/7culture.ci\/","sameAs":["https:\/\/www.facebook.com\/redchefclaude","https:\/\/twitter.com\/7culturec"],"logo":{"@type":"ImageObject","inLanguage":"fr-FR","@id":"https:\/\/7culture.ci\/#\/schema\/logo\/image\/","url":"https:\/\/7culture.ci\/wp-content\/uploads\/2021\/12\/S1a-1.png","contentUrl":"https:\/\/7culture.ci\/wp-content\/uploads\/2021\/12\/S1a-1.png","width":588,"height":192,"caption":"7culture"},"image":{"@id":"https:\/\/7culture.ci\/#\/schema\/logo\/image\/"}},{"@type":"Person","@id":"https:\/\/7culture.ci\/#\/schema\/person\/16150d28d7ef66ba788c1f87f28c4426","name":"7culture2020","image":{"@type":"ImageObject","inLanguage":"fr-FR","@id":"https:\/\/7culture.ci\/#\/schema\/person\/image\/","url":"https:\/\/secure.gravatar.com\/avatar\/9a0784f951306c37bcd065f52844ef95?s=96&d=mm&r=g","contentUrl":"https:\/\/secure.gravatar.com\/avatar\/9a0784f951306c37bcd065f52844ef95?s=96&d=mm&r=g","caption":"7culture2020"},"sameAs":["http:\/\/7culture.ci","Claude.kipre"],"url":"https:\/\/7culture.ci\/index.php\/author\/7culture2020\/"}]}},"jetpack_featured_media_url":"https:\/\/7culture.ci\/wp-content\/uploads\/2023\/09\/Marie-Mactar-Niang.jpg","jetpack_likes_enabled":true,"jetpack_sharing_enabled":true,"_links":{"self":[{"href":"https:\/\/7culture.ci\/index.php\/wp-json\/wp\/v2\/posts\/25698"}],"collection":[{"href":"https:\/\/7culture.ci\/index.php\/wp-json\/wp\/v2\/posts"}],"about":[{"href":"https:\/\/7culture.ci\/index.php\/wp-json\/wp\/v2\/types\/post"}],"author":[{"embeddable":true,"href":"https:\/\/7culture.ci\/index.php\/wp-json\/wp\/v2\/users\/1"}],"replies":[{"embeddable":true,"href":"https:\/\/7culture.ci\/index.php\/wp-json\/wp\/v2\/comments?post=25698"}],"version-history":[{"count":0,"href":"https:\/\/7culture.ci\/index.php\/wp-json\/wp\/v2\/posts\/25698\/revisions"}],"wp:featuredmedia":[{"embeddable":true,"href":"https:\/\/7culture.ci\/index.php\/wp-json\/wp\/v2\/media\/25700"}],"wp:attachment":[{"href":"https:\/\/7culture.ci\/index.php\/wp-json\/wp\/v2\/media?parent=25698"}],"wp:term":[{"taxonomy":"category","embeddable":true,"href":"https:\/\/7culture.ci\/index.php\/wp-json\/wp\/v2\/categories?post=25698"},{"taxonomy":"post_tag","embeddable":true,"href":"https:\/\/7culture.ci\/index.php\/wp-json\/wp\/v2\/tags?post=25698"}],"curies":[{"name":"wp","href":"https:\/\/api.w.org\/{rel}","templated":true}]}}