{"id":25687,"date":"2023-09-15T12:33:01","date_gmt":"2023-09-15T12:33:01","guid":{"rendered":"https:\/\/7culture.ci\/?p=25687"},"modified":"2023-09-19T20:01:56","modified_gmt":"2023-09-19T20:01:56","slug":"prix-les-marie-lor-divoire-2023-pour-recompenser-les-ivoiriens-de-lexterieur","status":"publish","type":"post","link":"https:\/\/7culture.ci\/index.php\/2023\/09\/15\/prix-les-marie-lor-divoire-2023-pour-recompenser-les-ivoiriens-de-lexterieur\/","title":{"rendered":"Prix Les Marie l&#8217;Or d&#8217;Ivoire 2023\u00a0pour r\u00e9compenser les Ivoiriens de l\u2019ext\u00e9rieur"},"content":{"rendered":"\n<p>C\u2019est une id\u00e9e de Marie Laure N\u2019Goran, pr\u00e9sentatrice vedette du journal t\u00e9l\u00e9vis\u00e9 de Rti1, qui a institu\u00e9 les Prix Marie l&#8217;Or d&#8217;Ivoire pour saluer l\u2019action des Ivoiriens de l\u2019\u00e9tranger. La 2<sup>e<\/sup> \u00e9dition est pr\u00e9vue le 18 novembre 2023 \u00e0 Bruxelles, la capitale belge. Avant la tenue de cet \u00e9v\u00e8nement, l\u2019initiatrice a livr\u00e9 ses grandes articulations le mardi 12 septembre 2023 au complexe Ivoire Trade Center \u00e0 Abidjan-Cocody. Cette c\u00e9r\u00e9monie de r\u00e9compense s\u2019articule autour de cinq grands points essentiels \u00e0 savoir sublimer la destination C\u00f4te d&#8217;Ivoire, reconna\u00eetre la force des Ivoiriens de l&#8217;ext\u00e9rieur, transmettre les valeurs de l&#8217;excellence, promouvoir la mutualit\u00e9 au service de l&#8217;\u00e9conomie et mettre les jeunes au c\u0153ur des priorit\u00e9s. \u00ab&nbsp;<em>\u00c0 travers cet \u00e9v\u00e9nement, nous mettons en avant notre engagement envers la C\u00f4te d&#8217;Ivoire et sa diaspora pour c\u00e9l\u00e9brer l&#8217;excellence et la diversit\u00e9 culturelle et touristique. Nous offrons une plateforme aux jeunes talents pour briller et inspirer les g\u00e9n\u00e9rations futures, car ils sont l&#8217;avenir de notre pays<\/em>&nbsp;\u00bb, a indiqu\u00e9 Marie Laure N\u2019Goran. <\/p>\n\n\n\n<figure class=\"wp-block-gallery has-nested-images columns-default is-cropped wp-block-gallery-1 is-layout-flex wp-block-gallery-is-layout-flex\">\n<figure class=\"wp-block-image size-large\"><img loading=\"lazy\" decoding=\"async\" width=\"1000\" height=\"666\" data-id=\"25690\" src=\"https:\/\/7culture.ci\/wp-content\/uploads\/2023\/09\/2.jpg\" alt=\"\" class=\"wp-image-25690\" srcset=\"https:\/\/7culture.ci\/wp-content\/uploads\/2023\/09\/2.jpg 1000w, https:\/\/7culture.ci\/wp-content\/uploads\/2023\/09\/2-300x200.jpg 300w, https:\/\/7culture.ci\/wp-content\/uploads\/2023\/09\/2-768x511.jpg 768w\" sizes=\"(max-width: 1000px) 100vw, 1000px\" \/><\/figure>\n\n\n\n<figure class=\"wp-block-image size-large\"><img loading=\"lazy\" decoding=\"async\" width=\"1000\" height=\"666\" data-id=\"25691\" src=\"https:\/\/7culture.ci\/wp-content\/uploads\/2023\/09\/3.jpg\" alt=\"\" class=\"wp-image-25691\" srcset=\"https:\/\/7culture.ci\/wp-content\/uploads\/2023\/09\/3.jpg 1000w, https:\/\/7culture.ci\/wp-content\/uploads\/2023\/09\/3-300x200.jpg 300w, https:\/\/7culture.ci\/wp-content\/uploads\/2023\/09\/3-768x511.jpg 768w\" sizes=\"(max-width: 1000px) 100vw, 1000px\" \/><\/figure>\n\n\n\n<figure class=\"wp-block-image size-large\"><img loading=\"lazy\" decoding=\"async\" width=\"1000\" height=\"666\" data-id=\"25692\" src=\"https:\/\/7culture.ci\/wp-content\/uploads\/2023\/09\/4.jpg\" alt=\"\" class=\"wp-image-25692\" srcset=\"https:\/\/7culture.ci\/wp-content\/uploads\/2023\/09\/4.jpg 1000w, https:\/\/7culture.ci\/wp-content\/uploads\/2023\/09\/4-300x200.jpg 300w, https:\/\/7culture.ci\/wp-content\/uploads\/2023\/09\/4-768x511.jpg 768w\" sizes=\"(max-width: 1000px) 100vw, 1000px\" \/><\/figure>\n<\/figure>\n\n\n\n<p>A cette \u00e9dition, c\u2019est plus d\u2019une dizaine de laur\u00e9ats qui seront honor\u00e9s pour leurs r\u00e9alisations exceptionnelles. Ils seront accompagn\u00e9s de cinq prix d\u2019honneur d\u00e9cern\u00e9s \u00e0 des personnalit\u00e9s. Qu\u2019on soit laur\u00e9at ou prix d\u2019honneur, le r\u00e9cipiendaire doit se distinguer par ses actions pour la promotion et le rayonnement de la C\u00f4te d\u2019Ivoire. \u00ab&nbsp;<em>De plus, nous offrirons l\u2019opportunit\u00e9 aux laur\u00e9ats de participer \u00e0 des missions de prospection en C\u00f4te d\u2019Ivoire et d\u2019investir dans le domaine de l\u2019immobilier et dans le d\u00e9veloppement \u00e9conomique de notre beau pays<\/em> \u00bb, a d\u00e9clar\u00e9 Marie Laure N\u2019Goran comme innovations des Marie l\u2019Or d\u2019Ivoire2. L\u2019un des partenaires privil\u00e9gi\u00e9s pour l\u2019organisation de cet \u00e9v\u00e8nement est C\u00f4te d\u2019Ivoire Tourisme dont la directrice g\u00e9n\u00e9rale, Malika Mourad-Cond\u00e9 \u00e9tait au lancement. \u00ab <em>La diaspora est le premier ambassadeur pour la promotion de la destination C\u00f4te d\u2019Ivoire. Nous ferons en sorte que cette diaspora pense \u00e0 investir dans le secteur du tourisme dans son pays d\u2019origine. Les prix Marie l\u2019Or d\u2019Ivoire distinguent nos compatriotes ivoiriens \u00e9tablis \u00e0 travers le monde et sublime la destination C\u00f4te d&#8217;Ivoire. O\u00f9 qu\u2019on soit, il faut que ce pays rayonne dans notre propre c\u0153ur&nbsp;\u00bb, a souhait\u00e9 Mme Mourad-Cond\u00e9<\/em>\u00bb.<\/p>\n\n\n\n<figure class=\"wp-block-gallery has-nested-images columns-default is-cropped wp-block-gallery-2 is-layout-flex wp-block-gallery-is-layout-flex\">\n<figure class=\"wp-block-image size-large\"><img loading=\"lazy\" decoding=\"async\" width=\"1000\" height=\"666\" data-id=\"25693\" src=\"https:\/\/7culture.ci\/wp-content\/uploads\/2023\/09\/6.jpg\" alt=\"\" class=\"wp-image-25693\" srcset=\"https:\/\/7culture.ci\/wp-content\/uploads\/2023\/09\/6.jpg 1000w, https:\/\/7culture.ci\/wp-content\/uploads\/2023\/09\/6-300x200.jpg 300w, https:\/\/7culture.ci\/wp-content\/uploads\/2023\/09\/6-768x511.jpg 768w\" sizes=\"(max-width: 1000px) 100vw, 1000px\" \/><\/figure>\n\n\n\n<figure class=\"wp-block-image size-large\"><img loading=\"lazy\" decoding=\"async\" width=\"1000\" height=\"666\" data-id=\"25694\" src=\"https:\/\/7culture.ci\/wp-content\/uploads\/2023\/09\/7.jpg\" alt=\"\" class=\"wp-image-25694\" srcset=\"https:\/\/7culture.ci\/wp-content\/uploads\/2023\/09\/7.jpg 1000w, https:\/\/7culture.ci\/wp-content\/uploads\/2023\/09\/7-300x200.jpg 300w, https:\/\/7culture.ci\/wp-content\/uploads\/2023\/09\/7-768x511.jpg 768w\" sizes=\"(max-width: 1000px) 100vw, 1000px\" \/><\/figure>\n\n\n\n<figure class=\"wp-block-image size-large\"><img loading=\"lazy\" decoding=\"async\" width=\"1000\" height=\"666\" data-id=\"25695\" src=\"https:\/\/7culture.ci\/wp-content\/uploads\/2023\/09\/MarieLor_Oui.jpg\" alt=\"\" class=\"wp-image-25695\" srcset=\"https:\/\/7culture.ci\/wp-content\/uploads\/2023\/09\/MarieLor_Oui.jpg 1000w, https:\/\/7culture.ci\/wp-content\/uploads\/2023\/09\/MarieLor_Oui-300x200.jpg 300w, https:\/\/7culture.ci\/wp-content\/uploads\/2023\/09\/MarieLor_Oui-768x511.jpg 768w\" sizes=\"(max-width: 1000px) 100vw, 1000px\" \/><\/figure>\n<\/figure>\n\n\n\n<p>Les Prix Marie l\u2019Or d\u2019Ivoire c\u00e9l\u00e8brent l&#8217;excellence et la diversit\u00e9 culturelle et touristique de la C\u00f4te d&#8217;Ivoire. Ils sont co-organis\u00e9s par la journaliste Marie&nbsp; Laure N&#8217;Goran et la Mutuelle des Familles des Diasporas Ivoiriennes, dirig\u00e9e par M. Robert Carle-Empereur, \u00e9galement Directeur G\u00e9n\u00e9ral de Care Bridge International.<\/p>\n\n\n\n<p>L&#8217;\u00e9v\u00e9nement est parrain\u00e9 par le vice-pr\u00e9sident de la R\u00e9publique de C\u00f4te-d&#8217;Ivoire, Ti\u00e9moko Meyliet Kon\u00e9, et pr\u00e9sid\u00e9 par la ministre d&#8217;\u00c9tat, ministre des Affaires \u00c9trang\u00e8res, de l&#8217;Int\u00e9gration Africaine et de la Diaspora, Kandia Camara.<\/p>\n\n\n\n<p>DT<\/p>\n","protected":false},"excerpt":{"rendered":"<p>C\u2019est une id\u00e9e de Marie Laure N\u2019Goran, pr\u00e9sentatrice vedette du journal t\u00e9l\u00e9vis\u00e9 de Rti1, qui a institu\u00e9 les Prix Marie l&#8217;Or d&#8217;Ivoire pour saluer l\u2019action des Ivoiriens de l\u2019\u00e9tranger. La 2e \u00e9dition est pr\u00e9vue le 18 novembre 2023 \u00e0 Bruxelles, la capitale belge. Avant la tenue de cet \u00e9v\u00e8nement, l\u2019initiatrice a livr\u00e9 ses grandes articulations &hellip;<\/p>\n<p class=\"read-more\"> <a class=\"\" href=\"https:\/\/7culture.ci\/index.php\/2023\/09\/15\/prix-les-marie-lor-divoire-2023-pour-recompenser-les-ivoiriens-de-lexterieur\/\"> <span class=\"screen-reader-text\">Prix Les Marie l&#8217;Or d&#8217;Ivoire 2023\u00a0pour r\u00e9compenser les Ivoiriens de l\u2019ext\u00e9rieur<\/span> Lire la suite\u00a0\u00bb<\/a><\/p>\n","protected":false},"author":1,"featured_media":25689,"comment_status":"open","ping_status":"open","sticky":false,"template":"","format":"standard","meta":{"_mi_skip_tracking":false,"_monsterinsights_sitenote_active":false,"_monsterinsights_sitenote_note":"","_monsterinsights_sitenote_category":0,"site-sidebar-layout":"default","site-content-layout":"default","ast-global-header-display":"","ast-main-header-display":"","ast-hfb-above-header-display":"","ast-hfb-below-header-display":"","ast-hfb-mobile-header-display":"","site-post-title":"","ast-breadcrumbs-content":"","ast-featured-img":"","footer-sml-layout":"","theme-transparent-header-meta":"","adv-header-id-meta":"","stick-header-meta":"","header-above-stick-meta":"","header-main-stick-meta":"","header-below-stick-meta":"","footnotes":"","jetpack_publicize_message":"","jetpack_is_tweetstorm":false,"jetpack_publicize_feature_enabled":true},"categories":[22],"tags":[],"jetpack_publicize_connections":[],"acf":[],"aioseo_notices":[],"yoast_head":"<!-- This site is optimized with the Yoast SEO plugin v19.6.1 - https:\/\/yoast.com\/wordpress\/plugins\/seo\/ -->\n<title>Prix Les Marie l&#039;Or d&#039;Ivoire 2023\u00a0pour r\u00e9compenser les Ivoiriens de l\u2019ext\u00e9rieur - 7culture<\/title>\n<meta name=\"robots\" content=\"index, follow, max-snippet:-1, max-image-preview:large, max-video-preview:-1\" \/>\n<link rel=\"canonical\" href=\"https:\/\/7culture.ci\/index.php\/2023\/09\/15\/prix-les-marie-lor-divoire-2023-pour-recompenser-les-ivoiriens-de-lexterieur\/\" \/>\n<meta property=\"og:locale\" content=\"fr_FR\" \/>\n<meta property=\"og:type\" content=\"article\" \/>\n<meta property=\"og:title\" content=\"Prix Les Marie l&#039;Or d&#039;Ivoire 2023\u00a0pour r\u00e9compenser les Ivoiriens de l\u2019ext\u00e9rieur - 7culture\" \/>\n<meta property=\"og:description\" content=\"C\u2019est une id\u00e9e de Marie Laure N\u2019Goran, pr\u00e9sentatrice vedette du journal t\u00e9l\u00e9vis\u00e9 de Rti1, qui a institu\u00e9 les Prix Marie l&#8217;Or d&#8217;Ivoire pour saluer l\u2019action des Ivoiriens de l\u2019\u00e9tranger. La 2e \u00e9dition est pr\u00e9vue le 18 novembre 2023 \u00e0 Bruxelles, la capitale belge. Avant la tenue de cet \u00e9v\u00e8nement, l\u2019initiatrice a livr\u00e9 ses grandes articulations &hellip; Prix Les Marie l&#8217;Or d&#8217;Ivoire 2023\u00a0pour r\u00e9compenser les Ivoiriens de l\u2019ext\u00e9rieur Lire la suite\u00a0\u00bb\" \/>\n<meta property=\"og:url\" content=\"https:\/\/7culture.ci\/index.php\/2023\/09\/15\/prix-les-marie-lor-divoire-2023-pour-recompenser-les-ivoiriens-de-lexterieur\/\" \/>\n<meta property=\"og:site_name\" content=\"7culture\" \/>\n<meta property=\"article:publisher\" content=\"https:\/\/www.facebook.com\/redchefclaude\" \/>\n<meta property=\"article:published_time\" content=\"2023-09-15T12:33:01+00:00\" \/>\n<meta property=\"article:modified_time\" content=\"2023-09-19T20:01:56+00:00\" \/>\n<meta property=\"og:image\" content=\"http:\/\/7culture.ci\/wp-content\/uploads\/2023\/09\/1.jpg\" \/>\n\t<meta property=\"og:image:width\" content=\"1000\" \/>\n\t<meta property=\"og:image:height\" content=\"666\" \/>\n\t<meta property=\"og:image:type\" content=\"image\/jpeg\" \/>\n<meta name=\"author\" content=\"7culture2020\" \/>\n<meta name=\"twitter:card\" content=\"summary_large_image\" \/>\n<meta name=\"twitter:creator\" content=\"@7culturec\" \/>\n<meta name=\"twitter:site\" content=\"@7culturec\" \/>\n<meta name=\"twitter:label1\" content=\"\u00c9crit par\" \/>\n\t<meta name=\"twitter:data1\" content=\"7culture2020\" \/>\n\t<meta name=\"twitter:label2\" content=\"Dur\u00e9e de lecture estim\u00e9e\" \/>\n\t<meta name=\"twitter:data2\" content=\"3 minutes\" \/>\n<script type=\"application\/ld+json\" class=\"yoast-schema-graph\">{\"@context\":\"https:\/\/schema.org\",\"@graph\":[{\"@type\":\"Article\",\"@id\":\"https:\/\/7culture.ci\/index.php\/2023\/09\/15\/prix-les-marie-lor-divoire-2023-pour-recompenser-les-ivoiriens-de-lexterieur\/#article\",\"isPartOf\":{\"@id\":\"https:\/\/7culture.ci\/index.php\/2023\/09\/15\/prix-les-marie-lor-divoire-2023-pour-recompenser-les-ivoiriens-de-lexterieur\/\"},\"author\":{\"name\":\"7culture2020\",\"@id\":\"https:\/\/7culture.ci\/#\/schema\/person\/16150d28d7ef66ba788c1f87f28c4426\"},\"headline\":\"Prix Les Marie l&#8217;Or d&#8217;Ivoire 2023\u00a0pour r\u00e9compenser les Ivoiriens de l\u2019ext\u00e9rieur\",\"datePublished\":\"2023-09-15T12:33:01+00:00\",\"dateModified\":\"2023-09-19T20:01:56+00:00\",\"mainEntityOfPage\":{\"@id\":\"https:\/\/7culture.ci\/index.php\/2023\/09\/15\/prix-les-marie-lor-divoire-2023-pour-recompenser-les-ivoiriens-de-lexterieur\/\"},\"wordCount\":529,\"commentCount\":0,\"publisher\":{\"@id\":\"https:\/\/7culture.ci\/#organization\"},\"articleSection\":[\"Actualit\u00e9\"],\"inLanguage\":\"fr-FR\",\"potentialAction\":[{\"@type\":\"CommentAction\",\"name\":\"Comment\",\"target\":[\"https:\/\/7culture.ci\/index.php\/2023\/09\/15\/prix-les-marie-lor-divoire-2023-pour-recompenser-les-ivoiriens-de-lexterieur\/#respond\"]}]},{\"@type\":\"WebPage\",\"@id\":\"https:\/\/7culture.ci\/index.php\/2023\/09\/15\/prix-les-marie-lor-divoire-2023-pour-recompenser-les-ivoiriens-de-lexterieur\/\",\"url\":\"https:\/\/7culture.ci\/index.php\/2023\/09\/15\/prix-les-marie-lor-divoire-2023-pour-recompenser-les-ivoiriens-de-lexterieur\/\",\"name\":\"Prix Les Marie l'Or d'Ivoire 2023\u00a0pour r\u00e9compenser les Ivoiriens de l\u2019ext\u00e9rieur - 7culture\",\"isPartOf\":{\"@id\":\"https:\/\/7culture.ci\/#website\"},\"datePublished\":\"2023-09-15T12:33:01+00:00\",\"dateModified\":\"2023-09-19T20:01:56+00:00\",\"breadcrumb\":{\"@id\":\"https:\/\/7culture.ci\/index.php\/2023\/09\/15\/prix-les-marie-lor-divoire-2023-pour-recompenser-les-ivoiriens-de-lexterieur\/#breadcrumb\"},\"inLanguage\":\"fr-FR\",\"potentialAction\":[{\"@type\":\"ReadAction\",\"target\":[\"https:\/\/7culture.ci\/index.php\/2023\/09\/15\/prix-les-marie-lor-divoire-2023-pour-recompenser-les-ivoiriens-de-lexterieur\/\"]}]},{\"@type\":\"BreadcrumbList\",\"@id\":\"https:\/\/7culture.ci\/index.php\/2023\/09\/15\/prix-les-marie-lor-divoire-2023-pour-recompenser-les-ivoiriens-de-lexterieur\/#breadcrumb\",\"itemListElement\":[{\"@type\":\"ListItem\",\"position\":1,\"name\":\"Accueil\",\"item\":\"https:\/\/7culture.ci\/\"},{\"@type\":\"ListItem\",\"position\":2,\"name\":\"Prix Les Marie l&#8217;Or d&#8217;Ivoire 2023\u00a0pour r\u00e9compenser les Ivoiriens de l\u2019ext\u00e9rieur\"}]},{\"@type\":\"WebSite\",\"@id\":\"https:\/\/7culture.ci\/#website\",\"url\":\"https:\/\/7culture.ci\/\",\"name\":\"7culture\",\"description\":\"Tout sur l&#039;actualit\u00e9\",\"publisher\":{\"@id\":\"https:\/\/7culture.ci\/#organization\"},\"potentialAction\":[{\"@type\":\"SearchAction\",\"target\":{\"@type\":\"EntryPoint\",\"urlTemplate\":\"https:\/\/7culture.ci\/?s={search_term_string}\"},\"query-input\":\"required name=search_term_string\"}],\"inLanguage\":\"fr-FR\"},{\"@type\":\"Organization\",\"@id\":\"https:\/\/7culture.ci\/#organization\",\"name\":\"7culture\",\"url\":\"https:\/\/7culture.ci\/\",\"sameAs\":[\"https:\/\/www.facebook.com\/redchefclaude\",\"https:\/\/twitter.com\/7culturec\"],\"logo\":{\"@type\":\"ImageObject\",\"inLanguage\":\"fr-FR\",\"@id\":\"https:\/\/7culture.ci\/#\/schema\/logo\/image\/\",\"url\":\"https:\/\/7culture.ci\/wp-content\/uploads\/2021\/12\/S1a-1.png\",\"contentUrl\":\"https:\/\/7culture.ci\/wp-content\/uploads\/2021\/12\/S1a-1.png\",\"width\":588,\"height\":192,\"caption\":\"7culture\"},\"image\":{\"@id\":\"https:\/\/7culture.ci\/#\/schema\/logo\/image\/\"}},{\"@type\":\"Person\",\"@id\":\"https:\/\/7culture.ci\/#\/schema\/person\/16150d28d7ef66ba788c1f87f28c4426\",\"name\":\"7culture2020\",\"image\":{\"@type\":\"ImageObject\",\"inLanguage\":\"fr-FR\",\"@id\":\"https:\/\/7culture.ci\/#\/schema\/person\/image\/\",\"url\":\"https:\/\/secure.gravatar.com\/avatar\/9a0784f951306c37bcd065f52844ef95?s=96&d=mm&r=g\",\"contentUrl\":\"https:\/\/secure.gravatar.com\/avatar\/9a0784f951306c37bcd065f52844ef95?s=96&d=mm&r=g\",\"caption\":\"7culture2020\"},\"sameAs\":[\"http:\/\/7culture.ci\",\"Claude.kipre\"],\"url\":\"https:\/\/7culture.ci\/index.php\/author\/7culture2020\/\"}]}<\/script>\n<!-- \/ Yoast SEO plugin. -->","yoast_head_json":{"title":"Prix Les Marie l'Or d'Ivoire 2023\u00a0pour r\u00e9compenser les Ivoiriens de l\u2019ext\u00e9rieur - 7culture","robots":{"index":"index","follow":"follow","max-snippet":"max-snippet:-1","max-image-preview":"max-image-preview:large","max-video-preview":"max-video-preview:-1"},"canonical":"https:\/\/7culture.ci\/index.php\/2023\/09\/15\/prix-les-marie-lor-divoire-2023-pour-recompenser-les-ivoiriens-de-lexterieur\/","og_locale":"fr_FR","og_type":"article","og_title":"Prix Les Marie l'Or d'Ivoire 2023\u00a0pour r\u00e9compenser les Ivoiriens de l\u2019ext\u00e9rieur - 7culture","og_description":"C\u2019est une id\u00e9e de Marie Laure N\u2019Goran, pr\u00e9sentatrice vedette du journal t\u00e9l\u00e9vis\u00e9 de Rti1, qui a institu\u00e9 les Prix Marie l&#8217;Or d&#8217;Ivoire pour saluer l\u2019action des Ivoiriens de l\u2019\u00e9tranger. La 2e \u00e9dition est pr\u00e9vue le 18 novembre 2023 \u00e0 Bruxelles, la capitale belge. Avant la tenue de cet \u00e9v\u00e8nement, l\u2019initiatrice a livr\u00e9 ses grandes articulations &hellip; Prix Les Marie l&#8217;Or d&#8217;Ivoire 2023\u00a0pour r\u00e9compenser les Ivoiriens de l\u2019ext\u00e9rieur Lire la suite\u00a0\u00bb","og_url":"https:\/\/7culture.ci\/index.php\/2023\/09\/15\/prix-les-marie-lor-divoire-2023-pour-recompenser-les-ivoiriens-de-lexterieur\/","og_site_name":"7culture","article_publisher":"https:\/\/www.facebook.com\/redchefclaude","article_published_time":"2023-09-15T12:33:01+00:00","article_modified_time":"2023-09-19T20:01:56+00:00","og_image":[{"width":1000,"height":666,"url":"http:\/\/7culture.ci\/wp-content\/uploads\/2023\/09\/1.jpg","type":"image\/jpeg"}],"author":"7culture2020","twitter_card":"summary_large_image","twitter_creator":"@7culturec","twitter_site":"@7culturec","twitter_misc":{"\u00c9crit par":"7culture2020","Dur\u00e9e de lecture estim\u00e9e":"3 minutes"},"schema":{"@context":"https:\/\/schema.org","@graph":[{"@type":"Article","@id":"https:\/\/7culture.ci\/index.php\/2023\/09\/15\/prix-les-marie-lor-divoire-2023-pour-recompenser-les-ivoiriens-de-lexterieur\/#article","isPartOf":{"@id":"https:\/\/7culture.ci\/index.php\/2023\/09\/15\/prix-les-marie-lor-divoire-2023-pour-recompenser-les-ivoiriens-de-lexterieur\/"},"author":{"name":"7culture2020","@id":"https:\/\/7culture.ci\/#\/schema\/person\/16150d28d7ef66ba788c1f87f28c4426"},"headline":"Prix Les Marie l&#8217;Or d&#8217;Ivoire 2023\u00a0pour r\u00e9compenser les Ivoiriens de l\u2019ext\u00e9rieur","datePublished":"2023-09-15T12:33:01+00:00","dateModified":"2023-09-19T20:01:56+00:00","mainEntityOfPage":{"@id":"https:\/\/7culture.ci\/index.php\/2023\/09\/15\/prix-les-marie-lor-divoire-2023-pour-recompenser-les-ivoiriens-de-lexterieur\/"},"wordCount":529,"commentCount":0,"publisher":{"@id":"https:\/\/7culture.ci\/#organization"},"articleSection":["Actualit\u00e9"],"inLanguage":"fr-FR","potentialAction":[{"@type":"CommentAction","name":"Comment","target":["https:\/\/7culture.ci\/index.php\/2023\/09\/15\/prix-les-marie-lor-divoire-2023-pour-recompenser-les-ivoiriens-de-lexterieur\/#respond"]}]},{"@type":"WebPage","@id":"https:\/\/7culture.ci\/index.php\/2023\/09\/15\/prix-les-marie-lor-divoire-2023-pour-recompenser-les-ivoiriens-de-lexterieur\/","url":"https:\/\/7culture.ci\/index.php\/2023\/09\/15\/prix-les-marie-lor-divoire-2023-pour-recompenser-les-ivoiriens-de-lexterieur\/","name":"Prix Les Marie l'Or d'Ivoire 2023\u00a0pour r\u00e9compenser les Ivoiriens de l\u2019ext\u00e9rieur - 7culture","isPartOf":{"@id":"https:\/\/7culture.ci\/#website"},"datePublished":"2023-09-15T12:33:01+00:00","dateModified":"2023-09-19T20:01:56+00:00","breadcrumb":{"@id":"https:\/\/7culture.ci\/index.php\/2023\/09\/15\/prix-les-marie-lor-divoire-2023-pour-recompenser-les-ivoiriens-de-lexterieur\/#breadcrumb"},"inLanguage":"fr-FR","potentialAction":[{"@type":"ReadAction","target":["https:\/\/7culture.ci\/index.php\/2023\/09\/15\/prix-les-marie-lor-divoire-2023-pour-recompenser-les-ivoiriens-de-lexterieur\/"]}]},{"@type":"BreadcrumbList","@id":"https:\/\/7culture.ci\/index.php\/2023\/09\/15\/prix-les-marie-lor-divoire-2023-pour-recompenser-les-ivoiriens-de-lexterieur\/#breadcrumb","itemListElement":[{"@type":"ListItem","position":1,"name":"Accueil","item":"https:\/\/7culture.ci\/"},{"@type":"ListItem","position":2,"name":"Prix Les Marie l&#8217;Or d&#8217;Ivoire 2023\u00a0pour r\u00e9compenser les Ivoiriens de l\u2019ext\u00e9rieur"}]},{"@type":"WebSite","@id":"https:\/\/7culture.ci\/#website","url":"https:\/\/7culture.ci\/","name":"7culture","description":"Tout sur l&#039;actualit\u00e9","publisher":{"@id":"https:\/\/7culture.ci\/#organization"},"potentialAction":[{"@type":"SearchAction","target":{"@type":"EntryPoint","urlTemplate":"https:\/\/7culture.ci\/?s={search_term_string}"},"query-input":"required name=search_term_string"}],"inLanguage":"fr-FR"},{"@type":"Organization","@id":"https:\/\/7culture.ci\/#organization","name":"7culture","url":"https:\/\/7culture.ci\/","sameAs":["https:\/\/www.facebook.com\/redchefclaude","https:\/\/twitter.com\/7culturec"],"logo":{"@type":"ImageObject","inLanguage":"fr-FR","@id":"https:\/\/7culture.ci\/#\/schema\/logo\/image\/","url":"https:\/\/7culture.ci\/wp-content\/uploads\/2021\/12\/S1a-1.png","contentUrl":"https:\/\/7culture.ci\/wp-content\/uploads\/2021\/12\/S1a-1.png","width":588,"height":192,"caption":"7culture"},"image":{"@id":"https:\/\/7culture.ci\/#\/schema\/logo\/image\/"}},{"@type":"Person","@id":"https:\/\/7culture.ci\/#\/schema\/person\/16150d28d7ef66ba788c1f87f28c4426","name":"7culture2020","image":{"@type":"ImageObject","inLanguage":"fr-FR","@id":"https:\/\/7culture.ci\/#\/schema\/person\/image\/","url":"https:\/\/secure.gravatar.com\/avatar\/9a0784f951306c37bcd065f52844ef95?s=96&d=mm&r=g","contentUrl":"https:\/\/secure.gravatar.com\/avatar\/9a0784f951306c37bcd065f52844ef95?s=96&d=mm&r=g","caption":"7culture2020"},"sameAs":["http:\/\/7culture.ci","Claude.kipre"],"url":"https:\/\/7culture.ci\/index.php\/author\/7culture2020\/"}]}},"jetpack_featured_media_url":"https:\/\/7culture.ci\/wp-content\/uploads\/2023\/09\/1.jpg","jetpack_likes_enabled":true,"jetpack_sharing_enabled":true,"_links":{"self":[{"href":"https:\/\/7culture.ci\/index.php\/wp-json\/wp\/v2\/posts\/25687"}],"collection":[{"href":"https:\/\/7culture.ci\/index.php\/wp-json\/wp\/v2\/posts"}],"about":[{"href":"https:\/\/7culture.ci\/index.php\/wp-json\/wp\/v2\/types\/post"}],"author":[{"embeddable":true,"href":"https:\/\/7culture.ci\/index.php\/wp-json\/wp\/v2\/users\/1"}],"replies":[{"embeddable":true,"href":"https:\/\/7culture.ci\/index.php\/wp-json\/wp\/v2\/comments?post=25687"}],"version-history":[{"count":0,"href":"https:\/\/7culture.ci\/index.php\/wp-json\/wp\/v2\/posts\/25687\/revisions"}],"wp:featuredmedia":[{"embeddable":true,"href":"https:\/\/7culture.ci\/index.php\/wp-json\/wp\/v2\/media\/25689"}],"wp:attachment":[{"href":"https:\/\/7culture.ci\/index.php\/wp-json\/wp\/v2\/media?parent=25687"}],"wp:term":[{"taxonomy":"category","embeddable":true,"href":"https:\/\/7culture.ci\/index.php\/wp-json\/wp\/v2\/categories?post=25687"},{"taxonomy":"post_tag","embeddable":true,"href":"https:\/\/7culture.ci\/index.php\/wp-json\/wp\/v2\/tags?post=25687"}],"curies":[{"name":"wp","href":"https:\/\/api.w.org\/{rel}","templated":true}]}}