{"id":25666,"date":"2023-09-08T10:38:16","date_gmt":"2023-09-08T10:38:16","guid":{"rendered":"https:\/\/7culture.ci\/?p=25666"},"modified":"2023-09-09T10:50:14","modified_gmt":"2023-09-09T10:50:14","slug":"60-ans-du-sofitel-abidjan-hotel-ivoire-les-festivites-prevues-en-decembre-prochain","status":"publish","type":"post","link":"https:\/\/7culture.ci\/index.php\/2023\/09\/08\/60-ans-du-sofitel-abidjan-hotel-ivoire-les-festivites-prevues-en-decembre-prochain\/","title":{"rendered":"60 ans du Sofitel Abidjan H\u00f4tel Ivoire\u00a0: Les festivit\u00e9s pr\u00e9vues en d\u00e9cembre prochain"},"content":{"rendered":"\n<p>7 septembre 2023. Cela fait 60 ans que le Sofitel Abidjan H\u00f4tel Ivoire participe \u00e0 la vie politique, \u00e9conomique, sociale et culturelle de la C\u00f4te d\u2019Ivoire. Le complexe h\u00f4telier est t\u00e9moin de nombreux \u00e9v\u00e8nements heureux ou malheureux de l\u2019histoire de la C\u00f4te d\u2019Ivoire ind\u00e9pendante. Pour marquer ses six d\u00e9cennies d\u2019existence, il est pr\u00e9vu une s\u00e9rie d\u2019activit\u00e9s qui d\u00e9roulera en d\u00e9cembre 2023. L\u2019information a \u00e9t\u00e9 donn\u00e9e le 7 septembre 2923 la salle Balafon par Kaladji Diabat\u00e9, directeur g\u00e9n\u00e9ral de la Soci\u00e9t\u00e9 nationale de gestion du patrimoine immobilier de l\u2019Etat (Sonapie). Apr\u00e8s avoir expos\u00e9 sur l\u2019historique de ce fleuron de l\u2019h\u00f4tellerie ivoirienne, M. Diabat\u00e9 a lev\u00e9 le voile sur la sant\u00e9 de l\u2019\u00e9tablissement. \u00ab&nbsp;<em>Le Sofitel Abidjan H\u00f4tel Ivoire se porte bien en termes d&#8217;exploitation et de mieux en mieux en termes financiers. On est actuellement en phase de positivit\u00e9 d&#8217;exploitation. Mais il faut toujours se battre pour faire tourner une telle infrastructure<\/em>&nbsp;\u00bb, a indiqu\u00e9 le DG de la Sonapie.<\/p>\n\n\n\n<figure class=\"wp-block-gallery has-nested-images columns-default is-cropped wp-block-gallery-1 is-layout-flex wp-block-gallery-is-layout-flex\">\n<figure class=\"wp-block-image size-large\"><img loading=\"lazy\" decoding=\"async\" width=\"1000\" height=\"667\" data-id=\"25671\" src=\"https:\/\/7culture.ci\/wp-content\/uploads\/2023\/09\/WhatsApp-Image-2023-09-07-at-17.24.57-1.jpeg\" alt=\"\" class=\"wp-image-25671\" srcset=\"https:\/\/7culture.ci\/wp-content\/uploads\/2023\/09\/WhatsApp-Image-2023-09-07-at-17.24.57-1.jpeg 1000w, https:\/\/7culture.ci\/wp-content\/uploads\/2023\/09\/WhatsApp-Image-2023-09-07-at-17.24.57-1-300x200.jpeg 300w, https:\/\/7culture.ci\/wp-content\/uploads\/2023\/09\/WhatsApp-Image-2023-09-07-at-17.24.57-1-768x512.jpeg 768w\" sizes=\"(max-width: 1000px) 100vw, 1000px\" \/><\/figure>\n\n\n\n<figure class=\"wp-block-image size-large\"><img loading=\"lazy\" decoding=\"async\" width=\"1000\" height=\"667\" data-id=\"25669\" src=\"https:\/\/7culture.ci\/wp-content\/uploads\/2023\/09\/WhatsApp-Image-2023-09-07-at-17.24.57.jpeg\" alt=\"\" class=\"wp-image-25669\" srcset=\"https:\/\/7culture.ci\/wp-content\/uploads\/2023\/09\/WhatsApp-Image-2023-09-07-at-17.24.57.jpeg 1000w, https:\/\/7culture.ci\/wp-content\/uploads\/2023\/09\/WhatsApp-Image-2023-09-07-at-17.24.57-300x200.jpeg 300w, https:\/\/7culture.ci\/wp-content\/uploads\/2023\/09\/WhatsApp-Image-2023-09-07-at-17.24.57-768x512.jpeg 768w\" sizes=\"(max-width: 1000px) 100vw, 1000px\" \/><\/figure>\n\n\n\n<figure class=\"wp-block-image size-large\"><img loading=\"lazy\" decoding=\"async\" width=\"1000\" height=\"667\" data-id=\"25670\" src=\"https:\/\/7culture.ci\/wp-content\/uploads\/2023\/09\/WhatsApp-Image-2023-09-07-at-17.24.58-1.jpeg\" alt=\"\" class=\"wp-image-25670\" srcset=\"https:\/\/7culture.ci\/wp-content\/uploads\/2023\/09\/WhatsApp-Image-2023-09-07-at-17.24.58-1.jpeg 1000w, https:\/\/7culture.ci\/wp-content\/uploads\/2023\/09\/WhatsApp-Image-2023-09-07-at-17.24.58-1-300x200.jpeg 300w, https:\/\/7culture.ci\/wp-content\/uploads\/2023\/09\/WhatsApp-Image-2023-09-07-at-17.24.58-1-768x512.jpeg 768w\" sizes=\"(max-width: 1000px) 100vw, 1000px\" \/><\/figure>\n<\/figure>\n\n\n\n<p>Le programme des festivit\u00e9s du soixantenaire de l\u2019Ivoire n\u2019a pas \u00e9t\u00e9 r\u00e9v\u00e9l\u00e9. Mais il y aura des c\u00e9l\u00e9brations, des hommages et reconnaissance en&nbsp; d\u00e9cembre 2023. Pour satisfaire aux exigences des standards internationaux des h\u00f4tels cinq \u00e9toiles, l\u2019H\u00f4tel Ivoire s\u2019adapte permanemment. Les syst\u00e8mes de r\u00e9frig\u00e9ration et de climatisation sont constamment am\u00e9lior\u00e9s pour le bonheur de la client\u00e8le. D\u2019une position de leader depuis des ann\u00e9es, l\u2019\u00e9tablissement doit faire face \u00e0 la concurrence avec l\u2019arriv\u00e9e de nouveaux complexes h\u00f4teliers. \u00ab&nbsp;<em>L&#8217;h\u00f4tel Ivoire a une client\u00e8le de tourisme d&#8217;affaires. Il a des niveaux d&#8217;exigence tant dans les services que dans la gestion. L&#8217;essentiel est de varier l&#8217;offre pour avoir tout type de client\u00e8le. Il a un rapport qualit\u00e9-co\u00fbt<\/em>&nbsp;\u00bb, a r\u00e9v\u00e9l\u00e9 Kaladji Diabit\u00e9.<\/p>\n\n\n\n<figure class=\"wp-block-gallery has-nested-images columns-default is-cropped wp-block-gallery-2 is-layout-flex wp-block-gallery-is-layout-flex\">\n<figure class=\"wp-block-image size-large\"><img loading=\"lazy\" decoding=\"async\" width=\"1000\" height=\"667\" data-id=\"25672\" src=\"https:\/\/7culture.ci\/wp-content\/uploads\/2023\/09\/WhatsApp-Image-2023-09-07-at-17.24.59.jpeg\" alt=\"\" class=\"wp-image-25672\" srcset=\"https:\/\/7culture.ci\/wp-content\/uploads\/2023\/09\/WhatsApp-Image-2023-09-07-at-17.24.59.jpeg 1000w, https:\/\/7culture.ci\/wp-content\/uploads\/2023\/09\/WhatsApp-Image-2023-09-07-at-17.24.59-300x200.jpeg 300w, https:\/\/7culture.ci\/wp-content\/uploads\/2023\/09\/WhatsApp-Image-2023-09-07-at-17.24.59-768x512.jpeg 768w\" sizes=\"(max-width: 1000px) 100vw, 1000px\" \/><\/figure>\n\n\n\n<figure class=\"wp-block-image size-large\"><img loading=\"lazy\" decoding=\"async\" width=\"1000\" height=\"667\" data-id=\"25673\" src=\"https:\/\/7culture.ci\/wp-content\/uploads\/2023\/09\/WhatsApp-Image-2023-09-07-at-17.25.03-1.jpeg\" alt=\"\" class=\"wp-image-25673\" srcset=\"https:\/\/7culture.ci\/wp-content\/uploads\/2023\/09\/WhatsApp-Image-2023-09-07-at-17.25.03-1.jpeg 1000w, https:\/\/7culture.ci\/wp-content\/uploads\/2023\/09\/WhatsApp-Image-2023-09-07-at-17.25.03-1-300x200.jpeg 300w, https:\/\/7culture.ci\/wp-content\/uploads\/2023\/09\/WhatsApp-Image-2023-09-07-at-17.25.03-1-768x512.jpeg 768w\" sizes=\"(max-width: 1000px) 100vw, 1000px\" \/><\/figure>\n\n\n\n<figure class=\"wp-block-image size-large\"><img loading=\"lazy\" decoding=\"async\" width=\"1000\" height=\"667\" data-id=\"25674\" src=\"https:\/\/7culture.ci\/wp-content\/uploads\/2023\/09\/WhatsApp-Image-2023-09-07-at-17.25.03.jpeg\" alt=\"\" class=\"wp-image-25674\" srcset=\"https:\/\/7culture.ci\/wp-content\/uploads\/2023\/09\/WhatsApp-Image-2023-09-07-at-17.25.03.jpeg 1000w, https:\/\/7culture.ci\/wp-content\/uploads\/2023\/09\/WhatsApp-Image-2023-09-07-at-17.25.03-300x200.jpeg 300w, https:\/\/7culture.ci\/wp-content\/uploads\/2023\/09\/WhatsApp-Image-2023-09-07-at-17.25.03-768x512.jpeg 768w\" sizes=\"(max-width: 1000px) 100vw, 1000px\" \/><\/figure>\n<\/figure>\n\n\n\n<p>Avant la c\u00e9l\u00e9bration de son jubil\u00e9 de diamant, le joyau architectural continue d\u2019accompagner les \u00e9v\u00e8nements professionnels et priv\u00e9s gr\u00e2ce \u00e0 ses 18 salles de conf\u00e9rences modernes et \u00e9quip\u00e9es et son palais des congr\u00e8s de 1650 places. Le Sofitel Abidjan H\u00f4tel Ivoire marie le luxe fran\u00e7ais au charme africain en C\u00f4te d&#8217;Ivoire.<\/p>\n\n\n\n<p>DT<\/p>\n\n\n\n<p>Cr\u00e9dit Photo!: JBD<\/p>\n","protected":false},"excerpt":{"rendered":"<p>7 septembre 2023. Cela fait 60 ans que le Sofitel Abidjan H\u00f4tel Ivoire participe \u00e0 la vie politique, \u00e9conomique, sociale et culturelle de la C\u00f4te d\u2019Ivoire. Le complexe h\u00f4telier est t\u00e9moin de nombreux \u00e9v\u00e8nements heureux ou malheureux de l\u2019histoire de la C\u00f4te d\u2019Ivoire ind\u00e9pendante. Pour marquer ses six d\u00e9cennies d\u2019existence, il est pr\u00e9vu une s\u00e9rie &hellip;<\/p>\n<p class=\"read-more\"> <a class=\"\" href=\"https:\/\/7culture.ci\/index.php\/2023\/09\/08\/60-ans-du-sofitel-abidjan-hotel-ivoire-les-festivites-prevues-en-decembre-prochain\/\"> <span class=\"screen-reader-text\">60 ans du Sofitel Abidjan H\u00f4tel Ivoire\u00a0: Les festivit\u00e9s pr\u00e9vues en d\u00e9cembre prochain<\/span> Lire la suite\u00a0\u00bb<\/a><\/p>\n","protected":false},"author":1,"featured_media":25668,"comment_status":"open","ping_status":"open","sticky":false,"template":"","format":"standard","meta":{"_mi_skip_tracking":false,"_monsterinsights_sitenote_active":false,"_monsterinsights_sitenote_note":"","_monsterinsights_sitenote_category":0,"site-sidebar-layout":"default","site-content-layout":"default","ast-global-header-display":"","ast-main-header-display":"","ast-hfb-above-header-display":"","ast-hfb-below-header-display":"","ast-hfb-mobile-header-display":"","site-post-title":"","ast-breadcrumbs-content":"","ast-featured-img":"","footer-sml-layout":"","theme-transparent-header-meta":"","adv-header-id-meta":"","stick-header-meta":"","header-above-stick-meta":"","header-main-stick-meta":"","header-below-stick-meta":"","footnotes":"","jetpack_publicize_message":"","jetpack_is_tweetstorm":false,"jetpack_publicize_feature_enabled":true},"categories":[22],"tags":[],"jetpack_publicize_connections":[],"acf":[],"aioseo_notices":[],"yoast_head":"<!-- This site is optimized with the Yoast SEO plugin v19.6.1 - https:\/\/yoast.com\/wordpress\/plugins\/seo\/ -->\n<title>60 ans du Sofitel Abidjan H\u00f4tel Ivoire\u00a0: Les festivit\u00e9s pr\u00e9vues en d\u00e9cembre prochain - 7culture<\/title>\n<meta name=\"robots\" content=\"index, follow, max-snippet:-1, max-image-preview:large, max-video-preview:-1\" \/>\n<link rel=\"canonical\" href=\"https:\/\/7culture.ci\/index.php\/2023\/09\/08\/60-ans-du-sofitel-abidjan-hotel-ivoire-les-festivites-prevues-en-decembre-prochain\/\" \/>\n<meta property=\"og:locale\" content=\"fr_FR\" \/>\n<meta property=\"og:type\" content=\"article\" \/>\n<meta property=\"og:title\" content=\"60 ans du Sofitel Abidjan H\u00f4tel Ivoire\u00a0: Les festivit\u00e9s pr\u00e9vues en d\u00e9cembre prochain - 7culture\" \/>\n<meta property=\"og:description\" content=\"7 septembre 2023. Cela fait 60 ans que le Sofitel Abidjan H\u00f4tel Ivoire participe \u00e0 la vie politique, \u00e9conomique, sociale et culturelle de la C\u00f4te d\u2019Ivoire. Le complexe h\u00f4telier est t\u00e9moin de nombreux \u00e9v\u00e8nements heureux ou malheureux de l\u2019histoire de la C\u00f4te d\u2019Ivoire ind\u00e9pendante. Pour marquer ses six d\u00e9cennies d\u2019existence, il est pr\u00e9vu une s\u00e9rie &hellip; 60 ans du Sofitel Abidjan H\u00f4tel Ivoire\u00a0: Les festivit\u00e9s pr\u00e9vues en d\u00e9cembre prochain Lire la suite\u00a0\u00bb\" \/>\n<meta property=\"og:url\" content=\"https:\/\/7culture.ci\/index.php\/2023\/09\/08\/60-ans-du-sofitel-abidjan-hotel-ivoire-les-festivites-prevues-en-decembre-prochain\/\" \/>\n<meta property=\"og:site_name\" content=\"7culture\" \/>\n<meta property=\"article:publisher\" content=\"https:\/\/www.facebook.com\/redchefclaude\" \/>\n<meta property=\"article:published_time\" content=\"2023-09-08T10:38:16+00:00\" \/>\n<meta property=\"article:modified_time\" content=\"2023-09-09T10:50:14+00:00\" \/>\n<meta property=\"og:image\" content=\"http:\/\/7culture.ci\/wp-content\/uploads\/2023\/09\/WhatsApp-Image-2023-09-07-at-17.24.58-2.jpeg\" \/>\n\t<meta property=\"og:image:width\" content=\"1000\" \/>\n\t<meta property=\"og:image:height\" content=\"667\" \/>\n\t<meta property=\"og:image:type\" content=\"image\/jpeg\" \/>\n<meta name=\"author\" content=\"7culture2020\" \/>\n<meta name=\"twitter:card\" content=\"summary_large_image\" \/>\n<meta name=\"twitter:creator\" content=\"@7culturec\" \/>\n<meta name=\"twitter:site\" content=\"@7culturec\" \/>\n<meta name=\"twitter:label1\" content=\"\u00c9crit par\" \/>\n\t<meta name=\"twitter:data1\" content=\"7culture2020\" \/>\n\t<meta name=\"twitter:label2\" content=\"Dur\u00e9e de lecture estim\u00e9e\" \/>\n\t<meta name=\"twitter:data2\" content=\"2 minutes\" \/>\n<script type=\"application\/ld+json\" class=\"yoast-schema-graph\">{\"@context\":\"https:\/\/schema.org\",\"@graph\":[{\"@type\":\"Article\",\"@id\":\"https:\/\/7culture.ci\/index.php\/2023\/09\/08\/60-ans-du-sofitel-abidjan-hotel-ivoire-les-festivites-prevues-en-decembre-prochain\/#article\",\"isPartOf\":{\"@id\":\"https:\/\/7culture.ci\/index.php\/2023\/09\/08\/60-ans-du-sofitel-abidjan-hotel-ivoire-les-festivites-prevues-en-decembre-prochain\/\"},\"author\":{\"name\":\"7culture2020\",\"@id\":\"https:\/\/7culture.ci\/#\/schema\/person\/16150d28d7ef66ba788c1f87f28c4426\"},\"headline\":\"60 ans du Sofitel Abidjan H\u00f4tel Ivoire\u00a0: Les festivit\u00e9s pr\u00e9vues en d\u00e9cembre prochain\",\"datePublished\":\"2023-09-08T10:38:16+00:00\",\"dateModified\":\"2023-09-09T10:50:14+00:00\",\"mainEntityOfPage\":{\"@id\":\"https:\/\/7culture.ci\/index.php\/2023\/09\/08\/60-ans-du-sofitel-abidjan-hotel-ivoire-les-festivites-prevues-en-decembre-prochain\/\"},\"wordCount\":412,\"commentCount\":0,\"publisher\":{\"@id\":\"https:\/\/7culture.ci\/#organization\"},\"articleSection\":[\"Actualit\u00e9\"],\"inLanguage\":\"fr-FR\",\"potentialAction\":[{\"@type\":\"CommentAction\",\"name\":\"Comment\",\"target\":[\"https:\/\/7culture.ci\/index.php\/2023\/09\/08\/60-ans-du-sofitel-abidjan-hotel-ivoire-les-festivites-prevues-en-decembre-prochain\/#respond\"]}]},{\"@type\":\"WebPage\",\"@id\":\"https:\/\/7culture.ci\/index.php\/2023\/09\/08\/60-ans-du-sofitel-abidjan-hotel-ivoire-les-festivites-prevues-en-decembre-prochain\/\",\"url\":\"https:\/\/7culture.ci\/index.php\/2023\/09\/08\/60-ans-du-sofitel-abidjan-hotel-ivoire-les-festivites-prevues-en-decembre-prochain\/\",\"name\":\"60 ans du Sofitel Abidjan H\u00f4tel Ivoire\u00a0: Les festivit\u00e9s pr\u00e9vues en d\u00e9cembre prochain - 7culture\",\"isPartOf\":{\"@id\":\"https:\/\/7culture.ci\/#website\"},\"datePublished\":\"2023-09-08T10:38:16+00:00\",\"dateModified\":\"2023-09-09T10:50:14+00:00\",\"breadcrumb\":{\"@id\":\"https:\/\/7culture.ci\/index.php\/2023\/09\/08\/60-ans-du-sofitel-abidjan-hotel-ivoire-les-festivites-prevues-en-decembre-prochain\/#breadcrumb\"},\"inLanguage\":\"fr-FR\",\"potentialAction\":[{\"@type\":\"ReadAction\",\"target\":[\"https:\/\/7culture.ci\/index.php\/2023\/09\/08\/60-ans-du-sofitel-abidjan-hotel-ivoire-les-festivites-prevues-en-decembre-prochain\/\"]}]},{\"@type\":\"BreadcrumbList\",\"@id\":\"https:\/\/7culture.ci\/index.php\/2023\/09\/08\/60-ans-du-sofitel-abidjan-hotel-ivoire-les-festivites-prevues-en-decembre-prochain\/#breadcrumb\",\"itemListElement\":[{\"@type\":\"ListItem\",\"position\":1,\"name\":\"Accueil\",\"item\":\"https:\/\/7culture.ci\/\"},{\"@type\":\"ListItem\",\"position\":2,\"name\":\"60 ans du Sofitel Abidjan H\u00f4tel Ivoire\u00a0: Les festivit\u00e9s pr\u00e9vues en d\u00e9cembre prochain\"}]},{\"@type\":\"WebSite\",\"@id\":\"https:\/\/7culture.ci\/#website\",\"url\":\"https:\/\/7culture.ci\/\",\"name\":\"7culture\",\"description\":\"Tout sur l&#039;actualit\u00e9\",\"publisher\":{\"@id\":\"https:\/\/7culture.ci\/#organization\"},\"potentialAction\":[{\"@type\":\"SearchAction\",\"target\":{\"@type\":\"EntryPoint\",\"urlTemplate\":\"https:\/\/7culture.ci\/?s={search_term_string}\"},\"query-input\":\"required name=search_term_string\"}],\"inLanguage\":\"fr-FR\"},{\"@type\":\"Organization\",\"@id\":\"https:\/\/7culture.ci\/#organization\",\"name\":\"7culture\",\"url\":\"https:\/\/7culture.ci\/\",\"sameAs\":[\"https:\/\/www.facebook.com\/redchefclaude\",\"https:\/\/twitter.com\/7culturec\"],\"logo\":{\"@type\":\"ImageObject\",\"inLanguage\":\"fr-FR\",\"@id\":\"https:\/\/7culture.ci\/#\/schema\/logo\/image\/\",\"url\":\"https:\/\/7culture.ci\/wp-content\/uploads\/2021\/12\/S1a-1.png\",\"contentUrl\":\"https:\/\/7culture.ci\/wp-content\/uploads\/2021\/12\/S1a-1.png\",\"width\":588,\"height\":192,\"caption\":\"7culture\"},\"image\":{\"@id\":\"https:\/\/7culture.ci\/#\/schema\/logo\/image\/\"}},{\"@type\":\"Person\",\"@id\":\"https:\/\/7culture.ci\/#\/schema\/person\/16150d28d7ef66ba788c1f87f28c4426\",\"name\":\"7culture2020\",\"image\":{\"@type\":\"ImageObject\",\"inLanguage\":\"fr-FR\",\"@id\":\"https:\/\/7culture.ci\/#\/schema\/person\/image\/\",\"url\":\"https:\/\/secure.gravatar.com\/avatar\/9a0784f951306c37bcd065f52844ef95?s=96&d=mm&r=g\",\"contentUrl\":\"https:\/\/secure.gravatar.com\/avatar\/9a0784f951306c37bcd065f52844ef95?s=96&d=mm&r=g\",\"caption\":\"7culture2020\"},\"sameAs\":[\"http:\/\/7culture.ci\",\"Claude.kipre\"],\"url\":\"https:\/\/7culture.ci\/index.php\/author\/7culture2020\/\"}]}<\/script>\n<!-- \/ Yoast SEO plugin. -->","yoast_head_json":{"title":"60 ans du Sofitel Abidjan H\u00f4tel Ivoire\u00a0: Les festivit\u00e9s pr\u00e9vues en d\u00e9cembre prochain - 7culture","robots":{"index":"index","follow":"follow","max-snippet":"max-snippet:-1","max-image-preview":"max-image-preview:large","max-video-preview":"max-video-preview:-1"},"canonical":"https:\/\/7culture.ci\/index.php\/2023\/09\/08\/60-ans-du-sofitel-abidjan-hotel-ivoire-les-festivites-prevues-en-decembre-prochain\/","og_locale":"fr_FR","og_type":"article","og_title":"60 ans du Sofitel Abidjan H\u00f4tel Ivoire\u00a0: Les festivit\u00e9s pr\u00e9vues en d\u00e9cembre prochain - 7culture","og_description":"7 septembre 2023. Cela fait 60 ans que le Sofitel Abidjan H\u00f4tel Ivoire participe \u00e0 la vie politique, \u00e9conomique, sociale et culturelle de la C\u00f4te d\u2019Ivoire. Le complexe h\u00f4telier est t\u00e9moin de nombreux \u00e9v\u00e8nements heureux ou malheureux de l\u2019histoire de la C\u00f4te d\u2019Ivoire ind\u00e9pendante. Pour marquer ses six d\u00e9cennies d\u2019existence, il est pr\u00e9vu une s\u00e9rie &hellip; 60 ans du Sofitel Abidjan H\u00f4tel Ivoire\u00a0: Les festivit\u00e9s pr\u00e9vues en d\u00e9cembre prochain Lire la suite\u00a0\u00bb","og_url":"https:\/\/7culture.ci\/index.php\/2023\/09\/08\/60-ans-du-sofitel-abidjan-hotel-ivoire-les-festivites-prevues-en-decembre-prochain\/","og_site_name":"7culture","article_publisher":"https:\/\/www.facebook.com\/redchefclaude","article_published_time":"2023-09-08T10:38:16+00:00","article_modified_time":"2023-09-09T10:50:14+00:00","og_image":[{"width":1000,"height":667,"url":"http:\/\/7culture.ci\/wp-content\/uploads\/2023\/09\/WhatsApp-Image-2023-09-07-at-17.24.58-2.jpeg","type":"image\/jpeg"}],"author":"7culture2020","twitter_card":"summary_large_image","twitter_creator":"@7culturec","twitter_site":"@7culturec","twitter_misc":{"\u00c9crit par":"7culture2020","Dur\u00e9e de lecture estim\u00e9e":"2 minutes"},"schema":{"@context":"https:\/\/schema.org","@graph":[{"@type":"Article","@id":"https:\/\/7culture.ci\/index.php\/2023\/09\/08\/60-ans-du-sofitel-abidjan-hotel-ivoire-les-festivites-prevues-en-decembre-prochain\/#article","isPartOf":{"@id":"https:\/\/7culture.ci\/index.php\/2023\/09\/08\/60-ans-du-sofitel-abidjan-hotel-ivoire-les-festivites-prevues-en-decembre-prochain\/"},"author":{"name":"7culture2020","@id":"https:\/\/7culture.ci\/#\/schema\/person\/16150d28d7ef66ba788c1f87f28c4426"},"headline":"60 ans du Sofitel Abidjan H\u00f4tel Ivoire\u00a0: Les festivit\u00e9s pr\u00e9vues en d\u00e9cembre prochain","datePublished":"2023-09-08T10:38:16+00:00","dateModified":"2023-09-09T10:50:14+00:00","mainEntityOfPage":{"@id":"https:\/\/7culture.ci\/index.php\/2023\/09\/08\/60-ans-du-sofitel-abidjan-hotel-ivoire-les-festivites-prevues-en-decembre-prochain\/"},"wordCount":412,"commentCount":0,"publisher":{"@id":"https:\/\/7culture.ci\/#organization"},"articleSection":["Actualit\u00e9"],"inLanguage":"fr-FR","potentialAction":[{"@type":"CommentAction","name":"Comment","target":["https:\/\/7culture.ci\/index.php\/2023\/09\/08\/60-ans-du-sofitel-abidjan-hotel-ivoire-les-festivites-prevues-en-decembre-prochain\/#respond"]}]},{"@type":"WebPage","@id":"https:\/\/7culture.ci\/index.php\/2023\/09\/08\/60-ans-du-sofitel-abidjan-hotel-ivoire-les-festivites-prevues-en-decembre-prochain\/","url":"https:\/\/7culture.ci\/index.php\/2023\/09\/08\/60-ans-du-sofitel-abidjan-hotel-ivoire-les-festivites-prevues-en-decembre-prochain\/","name":"60 ans du Sofitel Abidjan H\u00f4tel Ivoire\u00a0: Les festivit\u00e9s pr\u00e9vues en d\u00e9cembre prochain - 7culture","isPartOf":{"@id":"https:\/\/7culture.ci\/#website"},"datePublished":"2023-09-08T10:38:16+00:00","dateModified":"2023-09-09T10:50:14+00:00","breadcrumb":{"@id":"https:\/\/7culture.ci\/index.php\/2023\/09\/08\/60-ans-du-sofitel-abidjan-hotel-ivoire-les-festivites-prevues-en-decembre-prochain\/#breadcrumb"},"inLanguage":"fr-FR","potentialAction":[{"@type":"ReadAction","target":["https:\/\/7culture.ci\/index.php\/2023\/09\/08\/60-ans-du-sofitel-abidjan-hotel-ivoire-les-festivites-prevues-en-decembre-prochain\/"]}]},{"@type":"BreadcrumbList","@id":"https:\/\/7culture.ci\/index.php\/2023\/09\/08\/60-ans-du-sofitel-abidjan-hotel-ivoire-les-festivites-prevues-en-decembre-prochain\/#breadcrumb","itemListElement":[{"@type":"ListItem","position":1,"name":"Accueil","item":"https:\/\/7culture.ci\/"},{"@type":"ListItem","position":2,"name":"60 ans du Sofitel Abidjan H\u00f4tel Ivoire\u00a0: Les festivit\u00e9s pr\u00e9vues en d\u00e9cembre prochain"}]},{"@type":"WebSite","@id":"https:\/\/7culture.ci\/#website","url":"https:\/\/7culture.ci\/","name":"7culture","description":"Tout sur l&#039;actualit\u00e9","publisher":{"@id":"https:\/\/7culture.ci\/#organization"},"potentialAction":[{"@type":"SearchAction","target":{"@type":"EntryPoint","urlTemplate":"https:\/\/7culture.ci\/?s={search_term_string}"},"query-input":"required name=search_term_string"}],"inLanguage":"fr-FR"},{"@type":"Organization","@id":"https:\/\/7culture.ci\/#organization","name":"7culture","url":"https:\/\/7culture.ci\/","sameAs":["https:\/\/www.facebook.com\/redchefclaude","https:\/\/twitter.com\/7culturec"],"logo":{"@type":"ImageObject","inLanguage":"fr-FR","@id":"https:\/\/7culture.ci\/#\/schema\/logo\/image\/","url":"https:\/\/7culture.ci\/wp-content\/uploads\/2021\/12\/S1a-1.png","contentUrl":"https:\/\/7culture.ci\/wp-content\/uploads\/2021\/12\/S1a-1.png","width":588,"height":192,"caption":"7culture"},"image":{"@id":"https:\/\/7culture.ci\/#\/schema\/logo\/image\/"}},{"@type":"Person","@id":"https:\/\/7culture.ci\/#\/schema\/person\/16150d28d7ef66ba788c1f87f28c4426","name":"7culture2020","image":{"@type":"ImageObject","inLanguage":"fr-FR","@id":"https:\/\/7culture.ci\/#\/schema\/person\/image\/","url":"https:\/\/secure.gravatar.com\/avatar\/9a0784f951306c37bcd065f52844ef95?s=96&d=mm&r=g","contentUrl":"https:\/\/secure.gravatar.com\/avatar\/9a0784f951306c37bcd065f52844ef95?s=96&d=mm&r=g","caption":"7culture2020"},"sameAs":["http:\/\/7culture.ci","Claude.kipre"],"url":"https:\/\/7culture.ci\/index.php\/author\/7culture2020\/"}]}},"jetpack_featured_media_url":"https:\/\/7culture.ci\/wp-content\/uploads\/2023\/09\/WhatsApp-Image-2023-09-07-at-17.24.58-2.jpeg","jetpack_likes_enabled":true,"jetpack_sharing_enabled":true,"_links":{"self":[{"href":"https:\/\/7culture.ci\/index.php\/wp-json\/wp\/v2\/posts\/25666"}],"collection":[{"href":"https:\/\/7culture.ci\/index.php\/wp-json\/wp\/v2\/posts"}],"about":[{"href":"https:\/\/7culture.ci\/index.php\/wp-json\/wp\/v2\/types\/post"}],"author":[{"embeddable":true,"href":"https:\/\/7culture.ci\/index.php\/wp-json\/wp\/v2\/users\/1"}],"replies":[{"embeddable":true,"href":"https:\/\/7culture.ci\/index.php\/wp-json\/wp\/v2\/comments?post=25666"}],"version-history":[{"count":0,"href":"https:\/\/7culture.ci\/index.php\/wp-json\/wp\/v2\/posts\/25666\/revisions"}],"wp:featuredmedia":[{"embeddable":true,"href":"https:\/\/7culture.ci\/index.php\/wp-json\/wp\/v2\/media\/25668"}],"wp:attachment":[{"href":"https:\/\/7culture.ci\/index.php\/wp-json\/wp\/v2\/media?parent=25666"}],"wp:term":[{"taxonomy":"category","embeddable":true,"href":"https:\/\/7culture.ci\/index.php\/wp-json\/wp\/v2\/categories?post=25666"},{"taxonomy":"post_tag","embeddable":true,"href":"https:\/\/7culture.ci\/index.php\/wp-json\/wp\/v2\/tags?post=25666"}],"curies":[{"name":"wp","href":"https:\/\/api.w.org\/{rel}","templated":true}]}}