{"id":25661,"date":"2023-09-06T13:22:04","date_gmt":"2023-09-06T13:22:04","guid":{"rendered":"https:\/\/7culture.ci\/?p=25661"},"modified":"2023-09-08T10:41:03","modified_gmt":"2023-09-08T10:41:03","slug":"kaduna-international-film-festival-guy-kalou-sacre","status":"publish","type":"post","link":"https:\/\/7culture.ci\/index.php\/2023\/09\/06\/kaduna-international-film-festival-guy-kalou-sacre\/","title":{"rendered":"Kaduna International Film Festival : Guy Kalou sacr\u00e9 !"},"content":{"rendered":"\n<p>Il y a de joie chez Guy Kalou! L\u2019acteur ivoirien a \u00e9t\u00e9 sacr\u00e9 Meilleur acteur international le 26 ao\u00fbt 2023 \u00e0 la 6<sup>e<\/sup> \u00e9dition du Kaduna International Film Festival au Nigeria pour son r\u00f4le de capitaine Ilboudo dans \u2018\u2019Le chant des fusils\u2019\u2019. C\u2019est un long m\u00e9trage du r\u00e9alisateur burkinab\u00e8, Jean Elliot M.R. Ilboudo. \u00ab&nbsp;<strong><em>Cela fait un bien fou de voir nos modestes prestations \u00eatre r\u00e9compens\u00e9es au-del\u00e0 de nos fronti\u00e8res. Toute la gloire \u00e0 Dieu<\/em><\/strong>&nbsp;\u00bb, s\u2019est r\u00e9joui Guy Kalou sur sa page M\u00e9ta. L\u2019acteur est actuellement \u00e0 l\u2019affiche d\u2018\u2019Or Blanc\u2019\u2019, la nouvelle s\u00e9rie ivoirienne tourn\u00e9e \u00e0 Man dans l\u2019Ouest de la C\u00f4te d\u2019Ivoire et diffus\u00e9e depuis le 28 ao\u00fbt 2023 sur Canal + premi\u00e8re.<\/p>\n\n\n\n<figure class=\"wp-block-image aligncenter size-full\"><img loading=\"lazy\" decoding=\"async\" width=\"396\" height=\"732\" src=\"https:\/\/7culture.ci\/wp-content\/uploads\/2023\/09\/Kalou_Oui2.jpg\" alt=\"\" class=\"wp-image-25664\" srcset=\"https:\/\/7culture.ci\/wp-content\/uploads\/2023\/09\/Kalou_Oui2.jpg 396w, https:\/\/7culture.ci\/wp-content\/uploads\/2023\/09\/Kalou_Oui2-162x300.jpg 162w\" sizes=\"(max-width: 396px) 100vw, 396px\" \/><\/figure>\n\n\n\n<p>En plus d\u2019\u00eatre un acteur \u00e9m\u00e9rite, Guy Kalou est aussi r\u00e9alisateur et producteur. Il dirige Jardin d&#8217;Afrique Group, sa bo\u00eete de production. Il a produit \u2018\u2019Et si Dieu n\u2019existait pas\u2019\u2019 1 et 2 avant de r\u00e9aliser le film Kamissa. Il est titulaire d\u2019une ma\u00eetrise en criminologie et d\u2019un master en marketing op\u00e9rationnel. C\u2019est par une circonstance heureuse que Guy Kalou arrive au 7<sup>e<\/sup> art en 2005 dans le long m\u00e9trage \u2018\u2019Le clash\u2019\u2019.<\/p>\n\n\n\n<p>DT<\/p>\n","protected":false},"excerpt":{"rendered":"<p>Il y a de joie chez Guy Kalou! L\u2019acteur ivoirien a \u00e9t\u00e9 sacr\u00e9 Meilleur acteur international le 26 ao\u00fbt 2023 \u00e0 la 6e \u00e9dition du Kaduna International Film Festival au Nigeria pour son r\u00f4le de capitaine Ilboudo dans \u2018\u2019Le chant des fusils\u2019\u2019. C\u2019est un long m\u00e9trage du r\u00e9alisateur burkinab\u00e8, Jean Elliot M.R. Ilboudo. \u00ab&nbsp;Cela fait &hellip;<\/p>\n<p class=\"read-more\"> <a class=\"\" href=\"https:\/\/7culture.ci\/index.php\/2023\/09\/06\/kaduna-international-film-festival-guy-kalou-sacre\/\"> <span class=\"screen-reader-text\">Kaduna International Film Festival : Guy Kalou sacr\u00e9 !<\/span> Lire la suite\u00a0\u00bb<\/a><\/p>\n","protected":false},"author":1,"featured_media":25663,"comment_status":"open","ping_status":"open","sticky":false,"template":"","format":"standard","meta":{"_mi_skip_tracking":false,"_monsterinsights_sitenote_active":false,"_monsterinsights_sitenote_note":"","_monsterinsights_sitenote_category":0,"site-sidebar-layout":"default","site-content-layout":"default","ast-global-header-display":"","ast-main-header-display":"","ast-hfb-above-header-display":"","ast-hfb-below-header-display":"","ast-hfb-mobile-header-display":"","site-post-title":"","ast-breadcrumbs-content":"","ast-featured-img":"","footer-sml-layout":"","theme-transparent-header-meta":"","adv-header-id-meta":"","stick-header-meta":"","header-above-stick-meta":"","header-main-stick-meta":"","header-below-stick-meta":"","footnotes":"","jetpack_publicize_message":"","jetpack_is_tweetstorm":false,"jetpack_publicize_feature_enabled":true},"categories":[36],"tags":[],"jetpack_publicize_connections":[],"acf":[],"aioseo_notices":[],"yoast_head":"<!-- This site is optimized with the Yoast SEO plugin v19.6.1 - https:\/\/yoast.com\/wordpress\/plugins\/seo\/ -->\n<title>Kaduna International Film Festival : Guy Kalou sacr\u00e9 ! - 7culture<\/title>\n<meta name=\"robots\" content=\"index, follow, max-snippet:-1, max-image-preview:large, max-video-preview:-1\" \/>\n<link rel=\"canonical\" href=\"https:\/\/7culture.ci\/index.php\/2023\/09\/06\/kaduna-international-film-festival-guy-kalou-sacre\/\" \/>\n<meta property=\"og:locale\" content=\"fr_FR\" \/>\n<meta property=\"og:type\" content=\"article\" \/>\n<meta property=\"og:title\" content=\"Kaduna International Film Festival : Guy Kalou sacr\u00e9 ! - 7culture\" \/>\n<meta property=\"og:description\" content=\"Il y a de joie chez Guy Kalou! L\u2019acteur ivoirien a \u00e9t\u00e9 sacr\u00e9 Meilleur acteur international le 26 ao\u00fbt 2023 \u00e0 la 6e \u00e9dition du Kaduna International Film Festival au Nigeria pour son r\u00f4le de capitaine Ilboudo dans \u2018\u2019Le chant des fusils\u2019\u2019. C\u2019est un long m\u00e9trage du r\u00e9alisateur burkinab\u00e8, Jean Elliot M.R. Ilboudo. \u00ab&nbsp;Cela fait &hellip; Kaduna International Film Festival : Guy Kalou sacr\u00e9 ! Lire la suite\u00a0\u00bb\" \/>\n<meta property=\"og:url\" content=\"https:\/\/7culture.ci\/index.php\/2023\/09\/06\/kaduna-international-film-festival-guy-kalou-sacre\/\" \/>\n<meta property=\"og:site_name\" content=\"7culture\" \/>\n<meta property=\"article:publisher\" content=\"https:\/\/www.facebook.com\/redchefclaude\" \/>\n<meta property=\"article:published_time\" content=\"2023-09-06T13:22:04+00:00\" \/>\n<meta property=\"article:modified_time\" content=\"2023-09-08T10:41:03+00:00\" \/>\n<meta property=\"og:image\" content=\"http:\/\/7culture.ci\/wp-content\/uploads\/2023\/09\/Kalou_Oui1.jpg\" \/>\n\t<meta property=\"og:image:width\" content=\"720\" \/>\n\t<meta property=\"og:image:height\" content=\"481\" \/>\n\t<meta property=\"og:image:type\" content=\"image\/jpeg\" \/>\n<meta name=\"author\" content=\"7culture2020\" \/>\n<meta name=\"twitter:card\" content=\"summary_large_image\" \/>\n<meta name=\"twitter:creator\" content=\"@7culturec\" \/>\n<meta name=\"twitter:site\" content=\"@7culturec\" \/>\n<meta name=\"twitter:label1\" content=\"\u00c9crit par\" \/>\n\t<meta name=\"twitter:data1\" content=\"7culture2020\" \/>\n\t<meta name=\"twitter:label2\" content=\"Dur\u00e9e de lecture estim\u00e9e\" \/>\n\t<meta name=\"twitter:data2\" content=\"1 minute\" \/>\n<script type=\"application\/ld+json\" class=\"yoast-schema-graph\">{\"@context\":\"https:\/\/schema.org\",\"@graph\":[{\"@type\":\"Article\",\"@id\":\"https:\/\/7culture.ci\/index.php\/2023\/09\/06\/kaduna-international-film-festival-guy-kalou-sacre\/#article\",\"isPartOf\":{\"@id\":\"https:\/\/7culture.ci\/index.php\/2023\/09\/06\/kaduna-international-film-festival-guy-kalou-sacre\/\"},\"author\":{\"name\":\"7culture2020\",\"@id\":\"https:\/\/7culture.ci\/#\/schema\/person\/16150d28d7ef66ba788c1f87f28c4426\"},\"headline\":\"Kaduna International Film Festival : Guy Kalou sacr\u00e9 !\",\"datePublished\":\"2023-09-06T13:22:04+00:00\",\"dateModified\":\"2023-09-08T10:41:03+00:00\",\"mainEntityOfPage\":{\"@id\":\"https:\/\/7culture.ci\/index.php\/2023\/09\/06\/kaduna-international-film-festival-guy-kalou-sacre\/\"},\"wordCount\":219,\"commentCount\":0,\"publisher\":{\"@id\":\"https:\/\/7culture.ci\/#organization\"},\"articleSection\":[\"Cin\u00e9ma\"],\"inLanguage\":\"fr-FR\",\"potentialAction\":[{\"@type\":\"CommentAction\",\"name\":\"Comment\",\"target\":[\"https:\/\/7culture.ci\/index.php\/2023\/09\/06\/kaduna-international-film-festival-guy-kalou-sacre\/#respond\"]}]},{\"@type\":\"WebPage\",\"@id\":\"https:\/\/7culture.ci\/index.php\/2023\/09\/06\/kaduna-international-film-festival-guy-kalou-sacre\/\",\"url\":\"https:\/\/7culture.ci\/index.php\/2023\/09\/06\/kaduna-international-film-festival-guy-kalou-sacre\/\",\"name\":\"Kaduna International Film Festival : Guy Kalou sacr\u00e9 ! - 7culture\",\"isPartOf\":{\"@id\":\"https:\/\/7culture.ci\/#website\"},\"datePublished\":\"2023-09-06T13:22:04+00:00\",\"dateModified\":\"2023-09-08T10:41:03+00:00\",\"breadcrumb\":{\"@id\":\"https:\/\/7culture.ci\/index.php\/2023\/09\/06\/kaduna-international-film-festival-guy-kalou-sacre\/#breadcrumb\"},\"inLanguage\":\"fr-FR\",\"potentialAction\":[{\"@type\":\"ReadAction\",\"target\":[\"https:\/\/7culture.ci\/index.php\/2023\/09\/06\/kaduna-international-film-festival-guy-kalou-sacre\/\"]}]},{\"@type\":\"BreadcrumbList\",\"@id\":\"https:\/\/7culture.ci\/index.php\/2023\/09\/06\/kaduna-international-film-festival-guy-kalou-sacre\/#breadcrumb\",\"itemListElement\":[{\"@type\":\"ListItem\",\"position\":1,\"name\":\"Accueil\",\"item\":\"https:\/\/7culture.ci\/\"},{\"@type\":\"ListItem\",\"position\":2,\"name\":\"Kaduna International Film Festival : Guy Kalou sacr\u00e9 !\"}]},{\"@type\":\"WebSite\",\"@id\":\"https:\/\/7culture.ci\/#website\",\"url\":\"https:\/\/7culture.ci\/\",\"name\":\"7culture\",\"description\":\"Tout sur l&#039;actualit\u00e9\",\"publisher\":{\"@id\":\"https:\/\/7culture.ci\/#organization\"},\"potentialAction\":[{\"@type\":\"SearchAction\",\"target\":{\"@type\":\"EntryPoint\",\"urlTemplate\":\"https:\/\/7culture.ci\/?s={search_term_string}\"},\"query-input\":\"required name=search_term_string\"}],\"inLanguage\":\"fr-FR\"},{\"@type\":\"Organization\",\"@id\":\"https:\/\/7culture.ci\/#organization\",\"name\":\"7culture\",\"url\":\"https:\/\/7culture.ci\/\",\"sameAs\":[\"https:\/\/www.facebook.com\/redchefclaude\",\"https:\/\/twitter.com\/7culturec\"],\"logo\":{\"@type\":\"ImageObject\",\"inLanguage\":\"fr-FR\",\"@id\":\"https:\/\/7culture.ci\/#\/schema\/logo\/image\/\",\"url\":\"https:\/\/7culture.ci\/wp-content\/uploads\/2021\/12\/S1a-1.png\",\"contentUrl\":\"https:\/\/7culture.ci\/wp-content\/uploads\/2021\/12\/S1a-1.png\",\"width\":588,\"height\":192,\"caption\":\"7culture\"},\"image\":{\"@id\":\"https:\/\/7culture.ci\/#\/schema\/logo\/image\/\"}},{\"@type\":\"Person\",\"@id\":\"https:\/\/7culture.ci\/#\/schema\/person\/16150d28d7ef66ba788c1f87f28c4426\",\"name\":\"7culture2020\",\"image\":{\"@type\":\"ImageObject\",\"inLanguage\":\"fr-FR\",\"@id\":\"https:\/\/7culture.ci\/#\/schema\/person\/image\/\",\"url\":\"https:\/\/secure.gravatar.com\/avatar\/9a0784f951306c37bcd065f52844ef95?s=96&d=mm&r=g\",\"contentUrl\":\"https:\/\/secure.gravatar.com\/avatar\/9a0784f951306c37bcd065f52844ef95?s=96&d=mm&r=g\",\"caption\":\"7culture2020\"},\"sameAs\":[\"http:\/\/7culture.ci\",\"Claude.kipre\"],\"url\":\"https:\/\/7culture.ci\/index.php\/author\/7culture2020\/\"}]}<\/script>\n<!-- \/ Yoast SEO plugin. -->","yoast_head_json":{"title":"Kaduna International Film Festival : Guy Kalou sacr\u00e9 ! - 7culture","robots":{"index":"index","follow":"follow","max-snippet":"max-snippet:-1","max-image-preview":"max-image-preview:large","max-video-preview":"max-video-preview:-1"},"canonical":"https:\/\/7culture.ci\/index.php\/2023\/09\/06\/kaduna-international-film-festival-guy-kalou-sacre\/","og_locale":"fr_FR","og_type":"article","og_title":"Kaduna International Film Festival : Guy Kalou sacr\u00e9 ! - 7culture","og_description":"Il y a de joie chez Guy Kalou! L\u2019acteur ivoirien a \u00e9t\u00e9 sacr\u00e9 Meilleur acteur international le 26 ao\u00fbt 2023 \u00e0 la 6e \u00e9dition du Kaduna International Film Festival au Nigeria pour son r\u00f4le de capitaine Ilboudo dans \u2018\u2019Le chant des fusils\u2019\u2019. C\u2019est un long m\u00e9trage du r\u00e9alisateur burkinab\u00e8, Jean Elliot M.R. Ilboudo. \u00ab&nbsp;Cela fait &hellip; Kaduna International Film Festival : Guy Kalou sacr\u00e9 ! Lire la suite\u00a0\u00bb","og_url":"https:\/\/7culture.ci\/index.php\/2023\/09\/06\/kaduna-international-film-festival-guy-kalou-sacre\/","og_site_name":"7culture","article_publisher":"https:\/\/www.facebook.com\/redchefclaude","article_published_time":"2023-09-06T13:22:04+00:00","article_modified_time":"2023-09-08T10:41:03+00:00","og_image":[{"width":720,"height":481,"url":"http:\/\/7culture.ci\/wp-content\/uploads\/2023\/09\/Kalou_Oui1.jpg","type":"image\/jpeg"}],"author":"7culture2020","twitter_card":"summary_large_image","twitter_creator":"@7culturec","twitter_site":"@7culturec","twitter_misc":{"\u00c9crit par":"7culture2020","Dur\u00e9e de lecture estim\u00e9e":"1 minute"},"schema":{"@context":"https:\/\/schema.org","@graph":[{"@type":"Article","@id":"https:\/\/7culture.ci\/index.php\/2023\/09\/06\/kaduna-international-film-festival-guy-kalou-sacre\/#article","isPartOf":{"@id":"https:\/\/7culture.ci\/index.php\/2023\/09\/06\/kaduna-international-film-festival-guy-kalou-sacre\/"},"author":{"name":"7culture2020","@id":"https:\/\/7culture.ci\/#\/schema\/person\/16150d28d7ef66ba788c1f87f28c4426"},"headline":"Kaduna International Film Festival : Guy Kalou sacr\u00e9 !","datePublished":"2023-09-06T13:22:04+00:00","dateModified":"2023-09-08T10:41:03+00:00","mainEntityOfPage":{"@id":"https:\/\/7culture.ci\/index.php\/2023\/09\/06\/kaduna-international-film-festival-guy-kalou-sacre\/"},"wordCount":219,"commentCount":0,"publisher":{"@id":"https:\/\/7culture.ci\/#organization"},"articleSection":["Cin\u00e9ma"],"inLanguage":"fr-FR","potentialAction":[{"@type":"CommentAction","name":"Comment","target":["https:\/\/7culture.ci\/index.php\/2023\/09\/06\/kaduna-international-film-festival-guy-kalou-sacre\/#respond"]}]},{"@type":"WebPage","@id":"https:\/\/7culture.ci\/index.php\/2023\/09\/06\/kaduna-international-film-festival-guy-kalou-sacre\/","url":"https:\/\/7culture.ci\/index.php\/2023\/09\/06\/kaduna-international-film-festival-guy-kalou-sacre\/","name":"Kaduna International Film Festival : Guy Kalou sacr\u00e9 ! - 7culture","isPartOf":{"@id":"https:\/\/7culture.ci\/#website"},"datePublished":"2023-09-06T13:22:04+00:00","dateModified":"2023-09-08T10:41:03+00:00","breadcrumb":{"@id":"https:\/\/7culture.ci\/index.php\/2023\/09\/06\/kaduna-international-film-festival-guy-kalou-sacre\/#breadcrumb"},"inLanguage":"fr-FR","potentialAction":[{"@type":"ReadAction","target":["https:\/\/7culture.ci\/index.php\/2023\/09\/06\/kaduna-international-film-festival-guy-kalou-sacre\/"]}]},{"@type":"BreadcrumbList","@id":"https:\/\/7culture.ci\/index.php\/2023\/09\/06\/kaduna-international-film-festival-guy-kalou-sacre\/#breadcrumb","itemListElement":[{"@type":"ListItem","position":1,"name":"Accueil","item":"https:\/\/7culture.ci\/"},{"@type":"ListItem","position":2,"name":"Kaduna International Film Festival : Guy Kalou sacr\u00e9 !"}]},{"@type":"WebSite","@id":"https:\/\/7culture.ci\/#website","url":"https:\/\/7culture.ci\/","name":"7culture","description":"Tout sur l&#039;actualit\u00e9","publisher":{"@id":"https:\/\/7culture.ci\/#organization"},"potentialAction":[{"@type":"SearchAction","target":{"@type":"EntryPoint","urlTemplate":"https:\/\/7culture.ci\/?s={search_term_string}"},"query-input":"required name=search_term_string"}],"inLanguage":"fr-FR"},{"@type":"Organization","@id":"https:\/\/7culture.ci\/#organization","name":"7culture","url":"https:\/\/7culture.ci\/","sameAs":["https:\/\/www.facebook.com\/redchefclaude","https:\/\/twitter.com\/7culturec"],"logo":{"@type":"ImageObject","inLanguage":"fr-FR","@id":"https:\/\/7culture.ci\/#\/schema\/logo\/image\/","url":"https:\/\/7culture.ci\/wp-content\/uploads\/2021\/12\/S1a-1.png","contentUrl":"https:\/\/7culture.ci\/wp-content\/uploads\/2021\/12\/S1a-1.png","width":588,"height":192,"caption":"7culture"},"image":{"@id":"https:\/\/7culture.ci\/#\/schema\/logo\/image\/"}},{"@type":"Person","@id":"https:\/\/7culture.ci\/#\/schema\/person\/16150d28d7ef66ba788c1f87f28c4426","name":"7culture2020","image":{"@type":"ImageObject","inLanguage":"fr-FR","@id":"https:\/\/7culture.ci\/#\/schema\/person\/image\/","url":"https:\/\/secure.gravatar.com\/avatar\/9a0784f951306c37bcd065f52844ef95?s=96&d=mm&r=g","contentUrl":"https:\/\/secure.gravatar.com\/avatar\/9a0784f951306c37bcd065f52844ef95?s=96&d=mm&r=g","caption":"7culture2020"},"sameAs":["http:\/\/7culture.ci","Claude.kipre"],"url":"https:\/\/7culture.ci\/index.php\/author\/7culture2020\/"}]}},"jetpack_featured_media_url":"https:\/\/7culture.ci\/wp-content\/uploads\/2023\/09\/Kalou_Oui1.jpg","jetpack_likes_enabled":true,"jetpack_sharing_enabled":true,"_links":{"self":[{"href":"https:\/\/7culture.ci\/index.php\/wp-json\/wp\/v2\/posts\/25661"}],"collection":[{"href":"https:\/\/7culture.ci\/index.php\/wp-json\/wp\/v2\/posts"}],"about":[{"href":"https:\/\/7culture.ci\/index.php\/wp-json\/wp\/v2\/types\/post"}],"author":[{"embeddable":true,"href":"https:\/\/7culture.ci\/index.php\/wp-json\/wp\/v2\/users\/1"}],"replies":[{"embeddable":true,"href":"https:\/\/7culture.ci\/index.php\/wp-json\/wp\/v2\/comments?post=25661"}],"version-history":[{"count":0,"href":"https:\/\/7culture.ci\/index.php\/wp-json\/wp\/v2\/posts\/25661\/revisions"}],"wp:featuredmedia":[{"embeddable":true,"href":"https:\/\/7culture.ci\/index.php\/wp-json\/wp\/v2\/media\/25663"}],"wp:attachment":[{"href":"https:\/\/7culture.ci\/index.php\/wp-json\/wp\/v2\/media?parent=25661"}],"wp:term":[{"taxonomy":"category","embeddable":true,"href":"https:\/\/7culture.ci\/index.php\/wp-json\/wp\/v2\/categories?post=25661"},{"taxonomy":"post_tag","embeddable":true,"href":"https:\/\/7culture.ci\/index.php\/wp-json\/wp\/v2\/tags?post=25661"}],"curies":[{"name":"wp","href":"https:\/\/api.w.org\/{rel}","templated":true}]}}